{"id":1968795,"date":"2025-06-23T18:53:00","date_gmt":"2025-06-23T16:53:00","guid":{"rendered":"https:\/\/pre.efe.com\/?p=1968795"},"modified":"2025-06-23T20:07:53","modified_gmt":"2025-06-23T18:07:53","slug":"ex-nadadora-do-zimbabue-assume-presidencia-do-coi","status":"publish","type":"post","link":"https:\/\/pre.efe.com\/pt-br\/esportes\/2025-06-23\/ex-nadadora-do-zimbabue-assume-presidencia-do-coi\/","title":{"rendered":"Ex-nadadora do Zimb\u00e1bue assume presid\u00eancia do COI"},"content":{"rendered":"\n<p>Reda\u00e7\u00e3o Central (EFE).- O alem\u00e3o Thomas Bach passou o bast\u00e3o nesta segunda-feira para a ex-nadadora zimbabuense Kirsty Coventry como nova presidente do Comit\u00ea Ol\u00edmpico Internacional (COI), a primeira mulher \u00e0 frente da institui\u00e7\u00e3o fundada pelo bar\u00e3o Pierre de Coubertin em 1894 e tamb\u00e9m a primeira pessoa africana a dirigi-la.<\/p>\n\n\n\n<p>Em uma cerim\u00f4nia realizada na sede do COI em Lausanne, na Su\u00ed\u00e7a, Bach, de 71 anos, entregou o comando a Kirsty, de 41 anos, que se torna a 10\u00aa presidente do \u00f3rg\u00e3o regulador do esporte mundial, al\u00e9m de a mais jovem, com exce\u00e7\u00e3o do fundador.<\/p>\n\n\n\n<p>Bach, que esteve \u00e0 frente da organiza\u00e7\u00e3o durante 12 anos, entregou a chave de ouro da Casa Ol\u00edmpica \u00e0 ex-nadadora, que foi eleita no dia 20 de mar\u00e7o para dirigir o COI durante os pr\u00f3ximos oito anos.<\/p>\n\n\n\n<p>\u201cHoje \u00e9 um dia de alegria ao passar a tocha para uma nova gera\u00e7\u00e3o. Um novo cap\u00edtulo se abre diante de n\u00f3s, cheio de oportunidades, impulsionado por uma energia renovada e um prop\u00f3sito renovado. \u00c9 o momento de celebrar a vitalidade duradoura de nossa miss\u00e3o compartilhada\u201d, destacou Bach, que passa a ser presidente vital\u00edcio do COI.<\/p>\n\n\n\n<p>Kirsty agradeceu ao seu antecessor pelo trabalho realizado durante tr\u00eas mandatos e pelo legado que deixa na institui\u00e7\u00e3o.<\/p>\n\n\n\n<p>\u201cEle nos manteve unidos nos momentos mais turbulentos\u201d, afirmou.<\/p>\n\n\n\n<p>A unidade foi o ponto em comum dos discursos da nova presidente e do presidente em fim de mandato, em um cen\u00e1rio internacional conturbado do qual o COI n\u00e3o ficou alheio e que o levou a suspender a participa\u00e7\u00e3o do Comit\u00ea Ol\u00edmpico da R\u00fassia nos Jogos Ol\u00edmpicos de Paris devido \u00e0 invas\u00e3o da Ucr\u00e2nia.<\/p>\n\n\n\n<p>Kirsty opinou que o olimpismo \u201cprecisa mudar e adotar novas formas\u201d e expressou seu prop\u00f3sito de manter o legado de Bach e dar voz a todos os membros da comunidade ol\u00edmpica na nova etapa.<\/p>\n\n\n\n<p>Acompanhada de sua fam\u00edlia, ela agradeceu aos milh\u00f5es de pais em todo o mundo pelo sacrif\u00edcio que fazem diariamente para que seus filhos alcancem seus sonhos, como aconteceu em seu pr\u00f3prio caso quando se proclamou campe\u00e3 ol\u00edmpica em Atenas 2004 e Pequim 2008.<\/p>\n\n\n\n<p>A nova respons\u00e1vel pelo COI definiu o olimpismo como \u201cuma plataforma para inspirar, mudar vidas e trazer esperan\u00e7a\u201d.<\/p>\n\n\n\n<p>Como ponto alto da transfer\u00eancia de poder, Kirsty entregou ao seu antecessor o Colar da Ordem Ol\u00edmpica de Ouro em reconhecimento \u00e0 sua trajet\u00f3ria. EFE<\/p>\n","protected":false},"excerpt":{"rendered":"<p>Reda\u00e7\u00e3o Central (EFE).- O alem\u00e3o Thomas Bach passou o bast\u00e3o nesta segunda-feira para a ex-nadadora zimbabuense Kirsty Coventry como nova presidente do Comit\u00ea Ol\u00edmpico Internacional (COI), a primeira mulher \u00e0 frente da institui\u00e7\u00e3o fundada pelo bar\u00e3o Pierre de Coubertin em 1894 e tamb\u00e9m a primeira pessoa africana a dirigi-la. Em uma cerim\u00f4nia realizada na sede &#8230; <a title=\"Ex-nadadora do Zimb\u00e1bue assume presid\u00eancia do COI\" class=\"read-more\" href=\"https:\/\/pre.efe.com\/pt-br\/esportes\/2025-06-23\/ex-nadadora-do-zimbabue-assume-presidencia-do-coi\/\" aria-label=\"Read more about Ex-nadadora do Zimb\u00e1bue assume presid\u00eancia do COI\">Leia mais<\/a><\/p>\n","protected":false},"author":198164106,"featured_media":1967925,"comment_status":"closed","ping_status":"closed","sticky":false,"template":"","format":"standard","meta":{"_acf_changed":false,"_jetpack_memberships_contains_paid_content":false,"footnotes":""},"categories":[121968,122141],"tags":[],"class_list":["post-1968795","post","type-post","status-publish","format-standard","has-post-thumbnail","hentry","category-esportes","category-portada","generate-columns","tablet-grid-50","mobile-grid-100","grid-parent","grid-50"],"acf":[],"yoast_head":"<!-- This site is optimized with the Yoast SEO Premium plugin v26.0 (Yoast SEO v27.5) - https:\/\/yoast.com\/product\/yoast-seo-premium-wordpress\/ -->\n<title>Ex-nadadora do Zimb\u00e1bue assume presid\u00eancia do COI - EFE<\/title>\n<meta name=\"robots\" content=\"noindex, follow\" \/>\n<meta property=\"og:locale\" content=\"pt_BR\" \/>\n<meta property=\"og:type\" content=\"article\" \/>\n<meta property=\"og:title\" content=\"Ex-nadadora do Zimb\u00e1bue assume presid\u00eancia do COI - EFE\" \/>\n<meta property=\"og:description\" content=\"Reda\u00e7\u00e3o Central (EFE).- O alem\u00e3o Thomas Bach passou o bast\u00e3o nesta segunda-feira para a ex-nadadora zimbabuense Kirsty Coventry como nova presidente do Comit\u00ea Ol\u00edmpico Internacional (COI), a primeira mulher \u00e0 frente da institui\u00e7\u00e3o fundada pelo bar\u00e3o Pierre de Coubertin em 1894 e tamb\u00e9m a primeira pessoa africana a dirigi-la. Em uma cerim\u00f4nia realizada na sede ... Leia mais\" \/>\n<meta property=\"og:url\" content=\"https:\/\/pre.efe.com\/pt-br\/esportes\/2025-06-23\/ex-nadadora-do-zimbabue-assume-presidencia-do-coi\/\" \/>\n<meta property=\"og:site_name\" content=\"EFE Noticias\" \/>\n<meta property=\"article:publisher\" content=\"https:\/\/www.facebook.com\/AgenciaEFEnoticias\/\" \/>\n<meta property=\"article:published_time\" content=\"2025-06-23T16:53:00+00:00\" \/>\n<meta property=\"article:modified_time\" content=\"2025-06-23T18:07:53+00:00\" \/>\n<meta property=\"og:image\" content=\"https:\/\/pre.efe.com\/wp-content\/uploads\/2025\/06\/coventry-1.webp\" \/>\n\t<meta property=\"og:image:width\" content=\"900\" \/>\n\t<meta property=\"og:image:height\" content=\"600\" \/>\n\t<meta property=\"og:image:type\" content=\"image\/jpeg\" \/>\n<meta name=\"author\" content=\"anachain\" \/>\n<meta name=\"twitter:card\" content=\"summary_large_image\" \/>\n<meta name=\"twitter:creator\" content=\"@efenoticias\" \/>\n<meta name=\"twitter:site\" content=\"@efenoticias\" \/>\n<script type=\"application\/ld+json\" class=\"yoast-schema-graph\">{\"@context\":\"https:\\\/\\\/schema.org\",\"@graph\":[{\"@type\":\"NewsArticle\",\"@id\":\"https:\\\/\\\/pre.efe.com\\\/pt-br\\\/esportes\\\/2025-06-23\\\/ex-nadadora-do-zimbabue-assume-presidencia-do-coi\\\/#article\",\"isPartOf\":{\"@id\":\"https:\\\/\\\/pre.efe.com\\\/pt-br\\\/esportes\\\/2025-06-23\\\/ex-nadadora-do-zimbabue-assume-presidencia-do-coi\\\/\"},\"author\":{\"name\":\"anachain\",\"@id\":\"https:\\\/\\\/pre.efe.com\\\/pt-br\\\/#\\\/schema\\\/person\\\/b19f23f210db552768f68a4b552b004f\"},\"headline\":\"Ex-nadadora do Zimb\u00e1bue assume presid\u00eancia do COI\",\"datePublished\":\"2025-06-23T16:53:00+00:00\",\"dateModified\":\"2025-06-23T18:07:53+00:00\",\"mainEntityOfPage\":{\"@id\":\"https:\\\/\\\/pre.efe.com\\\/pt-br\\\/esportes\\\/2025-06-23\\\/ex-nadadora-do-zimbabue-assume-presidencia-do-coi\\\/\"},\"wordCount\":427,\"publisher\":{\"@id\":\"https:\\\/\\\/pre.efe.com\\\/pt-br\\\/#organization\"},\"image\":{\"@id\":\"https:\\\/\\\/pre.efe.com\\\/pt-br\\\/esportes\\\/2025-06-23\\\/ex-nadadora-do-zimbabue-assume-presidencia-do-coi\\\/#primaryimage\"},\"thumbnailUrl\":\"https:\\\/\\\/pre.efe.com\\\/wp-content\\\/uploads\\\/2025\\\/06\\\/coventry-1.webp\",\"articleSection\":[\"Esportes\",\"Portada\"],\"inLanguage\":\"pt-BR\",\"copyrightYear\":\"2025\",\"copyrightHolder\":{\"@id\":\"https:\\\/\\\/pre.efe.com\\\/#organization\"}},{\"@type\":[\"WebPage\",\"ItemPage\"],\"@id\":\"https:\\\/\\\/pre.efe.com\\\/pt-br\\\/esportes\\\/2025-06-23\\\/ex-nadadora-do-zimbabue-assume-presidencia-do-coi\\\/\",\"url\":\"https:\\\/\\\/pre.efe.com\\\/pt-br\\\/esportes\\\/2025-06-23\\\/ex-nadadora-do-zimbabue-assume-presidencia-do-coi\\\/\",\"name\":\"Ex-nadadora do Zimb\u00e1bue assume presid\u00eancia do COI - EFE\",\"isPartOf\":{\"@id\":\"https:\\\/\\\/pre.efe.com\\\/pt-br\\\/#website\"},\"primaryImageOfPage\":{\"@id\":\"https:\\\/\\\/pre.efe.com\\\/pt-br\\\/esportes\\\/2025-06-23\\\/ex-nadadora-do-zimbabue-assume-presidencia-do-coi\\\/#primaryimage\"},\"image\":{\"@id\":\"https:\\\/\\\/pre.efe.com\\\/pt-br\\\/esportes\\\/2025-06-23\\\/ex-nadadora-do-zimbabue-assume-presidencia-do-coi\\\/#primaryimage\"},\"thumbnailUrl\":\"https:\\\/\\\/pre.efe.com\\\/wp-content\\\/uploads\\\/2025\\\/06\\\/coventry-1.webp\",\"datePublished\":\"2025-06-23T16:53:00+00:00\",\"dateModified\":\"2025-06-23T18:07:53+00:00\",\"breadcrumb\":{\"@id\":\"https:\\\/\\\/pre.efe.com\\\/pt-br\\\/esportes\\\/2025-06-23\\\/ex-nadadora-do-zimbabue-assume-presidencia-do-coi\\\/#breadcrumb\"},\"inLanguage\":\"pt-BR\",\"potentialAction\":[{\"@type\":\"ReadAction\",\"target\":[\"https:\\\/\\\/pre.efe.com\\\/pt-br\\\/esportes\\\/2025-06-23\\\/ex-nadadora-do-zimbabue-assume-presidencia-do-coi\\\/\"]}]},{\"@type\":\"ImageObject\",\"inLanguage\":\"pt-BR\",\"@id\":\"https:\\\/\\\/pre.efe.com\\\/pt-br\\\/esportes\\\/2025-06-23\\\/ex-nadadora-do-zimbabue-assume-presidencia-do-coi\\\/#primaryimage\",\"url\":\"https:\\\/\\\/pre.efe.com\\\/wp-content\\\/uploads\\\/2025\\\/06\\\/coventry-1.webp\",\"contentUrl\":\"https:\\\/\\\/pre.efe.com\\\/wp-content\\\/uploads\\\/2025\\\/06\\\/coventry-1.webp\",\"width\":900,\"height\":600,\"caption\":\"Kirsty Coventry e Thomas Bach durante a cerim\u00f4nia nesta segunda-feira. EFE\\\/ IOC\\\/Greg Martin\"},{\"@type\":\"BreadcrumbList\",\"@id\":\"https:\\\/\\\/pre.efe.com\\\/pt-br\\\/esportes\\\/2025-06-23\\\/ex-nadadora-do-zimbabue-assume-presidencia-do-coi\\\/#breadcrumb\",\"itemListElement\":[{\"@type\":\"ListItem\",\"position\":1,\"name\":\"Portada\",\"item\":\"https:\\\/\\\/pre.efe.com\\\/pt-br\\\/\"},{\"@type\":\"ListItem\",\"position\":2,\"name\":\"Ex-nadadora do Zimb\u00e1bue assume presid\u00eancia do COI\"}]},{\"@type\":\"WebSite\",\"@id\":\"https:\\\/\\\/pre.efe.com\\\/pt-br\\\/#website\",\"url\":\"https:\\\/\\\/pre.efe.com\\\/pt-br\\\/\",\"name\":\"EFE Noticias\",\"description\":\"\",\"publisher\":{\"@id\":\"https:\\\/\\\/pre.efe.com\\\/pt-br\\\/#organization\"},\"potentialAction\":[{\"@type\":\"SearchAction\",\"target\":{\"@type\":\"EntryPoint\",\"urlTemplate\":\"https:\\\/\\\/pre.efe.com\\\/pt-br\\\/?s={search_term_string}\"},\"query-input\":{\"@type\":\"PropertyValueSpecification\",\"valueRequired\":true,\"valueName\":\"search_term_string\"}}],\"inLanguage\":\"pt-BR\"},{\"@type\":\"Organization\",\"@id\":\"https:\\\/\\\/pre.efe.com\\\/pt-br\\\/#organization\",\"name\":\"Agencia EFE\",\"url\":\"https:\\\/\\\/pre.efe.com\\\/pt-br\\\/\",\"logo\":{\"@type\":\"ImageObject\",\"inLanguage\":\"pt-BR\",\"@id\":\"https:\\\/\\\/pre.efe.com\\\/pt-br\\\/#\\\/schema\\\/logo\\\/image\\\/\",\"url\":\"https:\\\/\\\/pre.efe.com\\\/wp-content\\\/uploads\\\/2023\\\/06\\\/logo-efe-467.png\",\"contentUrl\":\"https:\\\/\\\/pre.efe.com\\\/wp-content\\\/uploads\\\/2023\\\/06\\\/logo-efe-467.png\",\"width\":467,\"height\":467,\"caption\":\"Agencia EFE\"},\"image\":{\"@id\":\"https:\\\/\\\/pre.efe.com\\\/pt-br\\\/#\\\/schema\\\/logo\\\/image\\\/\"},\"sameAs\":[\"https:\\\/\\\/www.facebook.com\\\/AgenciaEFEnoticias\\\/\",\"https:\\\/\\\/x.com\\\/efenoticias\",\"https:\\\/\\\/www.instagram.com\\\/efe_noticias\\\/\",\"http:\\\/\\\/www.youtube.com\\\/efe\"]},{\"@type\":\"Person\",\"@id\":\"https:\\\/\\\/pre.efe.com\\\/pt-br\\\/#\\\/schema\\\/person\\\/b19f23f210db552768f68a4b552b004f\",\"name\":\"anachain\",\"image\":{\"@type\":\"ImageObject\",\"inLanguage\":\"pt-BR\",\"@id\":\"https:\\\/\\\/secure.gravatar.com\\\/avatar\\\/30b83965911ef1108bb893c00bdd65c885f9890e1265ee04b02c3d5adc785d37?s=96&d=identicon&r=g\",\"url\":\"https:\\\/\\\/secure.gravatar.com\\\/avatar\\\/30b83965911ef1108bb893c00bdd65c885f9890e1265ee04b02c3d5adc785d37?s=96&d=identicon&r=g\",\"contentUrl\":\"https:\\\/\\\/secure.gravatar.com\\\/avatar\\\/30b83965911ef1108bb893c00bdd65c885f9890e1265ee04b02c3d5adc785d37?s=96&d=identicon&r=g\",\"caption\":\"anachain\"},\"url\":\"https:\\\/\\\/pre.efe.com\\\/pt-br\\\/autor\\\/anachain\\\/\"}]}<\/script>\n<!-- \/ Yoast SEO Premium plugin. -->","yoast_head_json":{"title":"Ex-nadadora do Zimb\u00e1bue assume presid\u00eancia do COI - EFE","robots":{"index":"noindex","follow":"follow"},"og_locale":"pt_BR","og_type":"article","og_title":"Ex-nadadora do Zimb\u00e1bue assume presid\u00eancia do COI - EFE","og_description":"Reda\u00e7\u00e3o Central (EFE).- O alem\u00e3o Thomas Bach passou o bast\u00e3o nesta segunda-feira para a ex-nadadora zimbabuense Kirsty Coventry como nova presidente do Comit\u00ea Ol\u00edmpico Internacional (COI), a primeira mulher \u00e0 frente da institui\u00e7\u00e3o fundada pelo bar\u00e3o Pierre de Coubertin em 1894 e tamb\u00e9m a primeira pessoa africana a dirigi-la. Em uma cerim\u00f4nia realizada na sede ... Leia mais","og_url":"https:\/\/pre.efe.com\/pt-br\/esportes\/2025-06-23\/ex-nadadora-do-zimbabue-assume-presidencia-do-coi\/","og_site_name":"EFE Noticias","article_publisher":"https:\/\/www.facebook.com\/AgenciaEFEnoticias\/","article_published_time":"2025-06-23T16:53:00+00:00","article_modified_time":"2025-06-23T18:07:53+00:00","og_image":[{"width":900,"height":600,"url":"https:\/\/pre.efe.com\/wp-content\/uploads\/2025\/06\/coventry-1.webp","type":"image\/jpeg"}],"author":"anachain","twitter_card":"summary_large_image","twitter_creator":"@efenoticias","twitter_site":"@efenoticias","schema":{"@context":"https:\/\/schema.org","@graph":[{"@type":"NewsArticle","@id":"https:\/\/pre.efe.com\/pt-br\/esportes\/2025-06-23\/ex-nadadora-do-zimbabue-assume-presidencia-do-coi\/#article","isPartOf":{"@id":"https:\/\/pre.efe.com\/pt-br\/esportes\/2025-06-23\/ex-nadadora-do-zimbabue-assume-presidencia-do-coi\/"},"author":{"name":"anachain","@id":"https:\/\/pre.efe.com\/pt-br\/#\/schema\/person\/b19f23f210db552768f68a4b552b004f"},"headline":"Ex-nadadora do Zimb\u00e1bue assume presid\u00eancia do COI","datePublished":"2025-06-23T16:53:00+00:00","dateModified":"2025-06-23T18:07:53+00:00","mainEntityOfPage":{"@id":"https:\/\/pre.efe.com\/pt-br\/esportes\/2025-06-23\/ex-nadadora-do-zimbabue-assume-presidencia-do-coi\/"},"wordCount":427,"publisher":{"@id":"https:\/\/pre.efe.com\/pt-br\/#organization"},"image":{"@id":"https:\/\/pre.efe.com\/pt-br\/esportes\/2025-06-23\/ex-nadadora-do-zimbabue-assume-presidencia-do-coi\/#primaryimage"},"thumbnailUrl":"https:\/\/pre.efe.com\/wp-content\/uploads\/2025\/06\/coventry-1.webp","articleSection":["Esportes","Portada"],"inLanguage":"pt-BR","copyrightYear":"2025","copyrightHolder":{"@id":"https:\/\/pre.efe.com\/#organization"}},{"@type":["WebPage","ItemPage"],"@id":"https:\/\/pre.efe.com\/pt-br\/esportes\/2025-06-23\/ex-nadadora-do-zimbabue-assume-presidencia-do-coi\/","url":"https:\/\/pre.efe.com\/pt-br\/esportes\/2025-06-23\/ex-nadadora-do-zimbabue-assume-presidencia-do-coi\/","name":"Ex-nadadora do Zimb\u00e1bue assume presid\u00eancia do COI - EFE","isPartOf":{"@id":"https:\/\/pre.efe.com\/pt-br\/#website"},"primaryImageOfPage":{"@id":"https:\/\/pre.efe.com\/pt-br\/esportes\/2025-06-23\/ex-nadadora-do-zimbabue-assume-presidencia-do-coi\/#primaryimage"},"image":{"@id":"https:\/\/pre.efe.com\/pt-br\/esportes\/2025-06-23\/ex-nadadora-do-zimbabue-assume-presidencia-do-coi\/#primaryimage"},"thumbnailUrl":"https:\/\/pre.efe.com\/wp-content\/uploads\/2025\/06\/coventry-1.webp","datePublished":"2025-06-23T16:53:00+00:00","dateModified":"2025-06-23T18:07:53+00:00","breadcrumb":{"@id":"https:\/\/pre.efe.com\/pt-br\/esportes\/2025-06-23\/ex-nadadora-do-zimbabue-assume-presidencia-do-coi\/#breadcrumb"},"inLanguage":"pt-BR","potentialAction":[{"@type":"ReadAction","target":["https:\/\/pre.efe.com\/pt-br\/esportes\/2025-06-23\/ex-nadadora-do-zimbabue-assume-presidencia-do-coi\/"]}]},{"@type":"ImageObject","inLanguage":"pt-BR","@id":"https:\/\/pre.efe.com\/pt-br\/esportes\/2025-06-23\/ex-nadadora-do-zimbabue-assume-presidencia-do-coi\/#primaryimage","url":"https:\/\/pre.efe.com\/wp-content\/uploads\/2025\/06\/coventry-1.webp","contentUrl":"https:\/\/pre.efe.com\/wp-content\/uploads\/2025\/06\/coventry-1.webp","width":900,"height":600,"caption":"Kirsty Coventry e Thomas Bach durante a cerim\u00f4nia nesta segunda-feira. EFE\/ IOC\/Greg Martin"},{"@type":"BreadcrumbList","@id":"https:\/\/pre.efe.com\/pt-br\/esportes\/2025-06-23\/ex-nadadora-do-zimbabue-assume-presidencia-do-coi\/#breadcrumb","itemListElement":[{"@type":"ListItem","position":1,"name":"Portada","item":"https:\/\/pre.efe.com\/pt-br\/"},{"@type":"ListItem","position":2,"name":"Ex-nadadora do Zimb\u00e1bue assume presid\u00eancia do COI"}]},{"@type":"WebSite","@id":"https:\/\/pre.efe.com\/pt-br\/#website","url":"https:\/\/pre.efe.com\/pt-br\/","name":"EFE Noticias","description":"","publisher":{"@id":"https:\/\/pre.efe.com\/pt-br\/#organization"},"potentialAction":[{"@type":"SearchAction","target":{"@type":"EntryPoint","urlTemplate":"https:\/\/pre.efe.com\/pt-br\/?s={search_term_string}"},"query-input":{"@type":"PropertyValueSpecification","valueRequired":true,"valueName":"search_term_string"}}],"inLanguage":"pt-BR"},{"@type":"Organization","@id":"https:\/\/pre.efe.com\/pt-br\/#organization","name":"Agencia EFE","url":"https:\/\/pre.efe.com\/pt-br\/","logo":{"@type":"ImageObject","inLanguage":"pt-BR","@id":"https:\/\/pre.efe.com\/pt-br\/#\/schema\/logo\/image\/","url":"https:\/\/pre.efe.com\/wp-content\/uploads\/2023\/06\/logo-efe-467.png","contentUrl":"https:\/\/pre.efe.com\/wp-content\/uploads\/2023\/06\/logo-efe-467.png","width":467,"height":467,"caption":"Agencia EFE"},"image":{"@id":"https:\/\/pre.efe.com\/pt-br\/#\/schema\/logo\/image\/"},"sameAs":["https:\/\/www.facebook.com\/AgenciaEFEnoticias\/","https:\/\/x.com\/efenoticias","https:\/\/www.instagram.com\/efe_noticias\/","http:\/\/www.youtube.com\/efe"]},{"@type":"Person","@id":"https:\/\/pre.efe.com\/pt-br\/#\/schema\/person\/b19f23f210db552768f68a4b552b004f","name":"anachain","image":{"@type":"ImageObject","inLanguage":"pt-BR","@id":"https:\/\/secure.gravatar.com\/avatar\/30b83965911ef1108bb893c00bdd65c885f9890e1265ee04b02c3d5adc785d37?s=96&d=identicon&r=g","url":"https:\/\/secure.gravatar.com\/avatar\/30b83965911ef1108bb893c00bdd65c885f9890e1265ee04b02c3d5adc785d37?s=96&d=identicon&r=g","contentUrl":"https:\/\/secure.gravatar.com\/avatar\/30b83965911ef1108bb893c00bdd65c885f9890e1265ee04b02c3d5adc785d37?s=96&d=identicon&r=g","caption":"anachain"},"url":"https:\/\/pre.efe.com\/pt-br\/autor\/anachain\/"}]}},"jetpack_featured_media_url":"https:\/\/pre.efe.com\/wp-content\/uploads\/2025\/06\/coventry-1.webp","jetpack_shortlink":"https:\/\/wp.me\/peJvHm-8gaL","jetpack_sharing_enabled":true,"_links":{"self":[{"href":"https:\/\/pre.efe.com\/pt-br\/wp-json\/wp\/v2\/posts\/1968795","targetHints":{"allow":["GET"]}}],"collection":[{"href":"https:\/\/pre.efe.com\/pt-br\/wp-json\/wp\/v2\/posts"}],"about":[{"href":"https:\/\/pre.efe.com\/pt-br\/wp-json\/wp\/v2\/types\/post"}],"author":[{"embeddable":true,"href":"https:\/\/pre.efe.com\/pt-br\/wp-json\/wp\/v2\/users\/198164106"}],"replies":[{"embeddable":true,"href":"https:\/\/pre.efe.com\/pt-br\/wp-json\/wp\/v2\/comments?post=1968795"}],"version-history":[{"count":2,"href":"https:\/\/pre.efe.com\/pt-br\/wp-json\/wp\/v2\/posts\/1968795\/revisions"}],"predecessor-version":[{"id":1968815,"href":"https:\/\/pre.efe.com\/pt-br\/wp-json\/wp\/v2\/posts\/1968795\/revisions\/1968815"}],"wp:featuredmedia":[{"embeddable":true,"href":"https:\/\/pre.efe.com\/pt-br\/wp-json\/wp\/v2\/media\/1967925"}],"wp:attachment":[{"href":"https:\/\/pre.efe.com\/pt-br\/wp-json\/wp\/v2\/media?parent=1968795"}],"wp:term":[{"taxonomy":"category","embeddable":true,"href":"https:\/\/pre.efe.com\/pt-br\/wp-json\/wp\/v2\/categories?post=1968795"},{"taxonomy":"post_tag","embeddable":true,"href":"https:\/\/pre.efe.com\/pt-br\/wp-json\/wp\/v2\/tags?post=1968795"}],"curies":[{"name":"wp","href":"https:\/\/api.w.org\/{rel}","templated":true}]}}