{"id":1984148,"date":"2025-06-30T17:42:54","date_gmt":"2025-06-30T15:42:54","guid":{"rendered":"https:\/\/pre.efe.com\/?p=1984148"},"modified":"2025-06-30T17:42:58","modified_gmt":"2025-06-30T15:42:58","slug":"ira-atualiza-numeros-e-afirma-que-guerra-com-israel-deixou-935-mortos","status":"publish","type":"post","link":"https:\/\/pre.efe.com\/pt-br\/mundo-2\/ira-atualiza-numeros-e-afirma-que-guerra-com-israel-deixou-935-mortos\/","title":{"rendered":"Ir\u00e3 atualiza n\u00fameros e afirma que guerra com Israel deixou 935 mortos"},"content":{"rendered":"\n<p>Teer\u00e3 (EFE).- Pelo menos 935 pessoas, incluindo 38 crian\u00e7as, foram mortas no Ir\u00e3 durante a guerra de 12 dias com Israel, segundo informaram as autoridades iranianas nesta segunda-feira, quase uma semana ap\u00f3s a entrada em vigor do cessar-fogo.<\/p>\n\n\n\n<p>&#8220;De acordo com as estat\u00edsticas forenses mais recentes, 935 mortos foram identificados at\u00e9 o momento na guerra de 12 dias, dos quais 38 s\u00e3o crian\u00e7as e 132 mulheres, algumas delas gr\u00e1vidas&#8221;, disse o porta-voz do Judici\u00e1rio iraniano, Asghar Jahangir, em declara\u00e7\u00f5es \u00e0 ag\u00eancia de not\u00edcias \u201cIrna\u201d.<\/p>\n\n\n\n<p>Antes de atualizar seus dados, as autoridades iranianas haviam relatado 627 mortos e 4.870 feridos, n\u00fameros que datam de 25 de junho, um dia ap\u00f3s o fim da guerra.<\/p>\n\n\n\n<p>Por sua vez, a organiza\u00e7\u00e3o de direitos humanos Hrana, cr\u00edtica ao governo iraniano e que tem sua sede nos Estados Unidos, contabilizou 1.054 mortos &#8211; pelo menos 417 civis &#8211; e quase 4.500 feridos.<\/p>\n\n\n\n<p>As informa\u00e7\u00f5es sobre o n\u00famero de mortos e feridos t\u00eam sido tratadas com cautela tanto no Ir\u00e3 quanto em Israel, onde 28 pessoas morreram oficialmente.<\/p>\n\n\n\n<p>Israel iniciou seus ataques contra o Ir\u00e3 na madrugada de 13 de junho com uma onda de bombardeios contra instala\u00e7\u00f5es nucleares e militares, uma campanha que se intensificou com ataques em diferentes partes do pa\u00eds, incluindo a capital, Teer\u00e3.<\/p>\n\n\n\n<p>Por sua vez, o Ir\u00e3 respondeu com m\u00edsseis bal\u00edsticos e drones contra alvos localizados principalmente no centro e no norte de Israel.<\/p>\n\n\n\n<p>O presidente dos EUA, Donald Trump, anunciou em 24 de junho um cessar-fogo entre Ir\u00e3 e Israel, que ambos os pa\u00edses confirmaram e que se mant\u00e9m at\u00e9 agora. EFE<\/p>\n","protected":false},"excerpt":{"rendered":"<p>Teer\u00e3 (EFE).- Pelo menos 935 pessoas, incluindo 38 crian\u00e7as, foram mortas no Ir\u00e3 durante a guerra de 12 dias com Israel, segundo informaram as autoridades iranianas nesta segunda-feira, quase uma semana ap\u00f3s a entrada em vigor do cessar-fogo. &#8220;De acordo com as estat\u00edsticas forenses mais recentes, 935 mortos foram identificados at\u00e9 o momento na guerra &#8230; <a title=\"Ir\u00e3 atualiza n\u00fameros e afirma que guerra com Israel deixou 935 mortos\" class=\"read-more\" href=\"https:\/\/pre.efe.com\/pt-br\/mundo-2\/ira-atualiza-numeros-e-afirma-que-guerra-com-israel-deixou-935-mortos\/\" aria-label=\"Read more about Ir\u00e3 atualiza n\u00fameros e afirma que guerra com Israel deixou 935 mortos\">Leia mais<\/a><\/p>\n","protected":false},"author":198164106,"featured_media":1983786,"comment_status":"closed","ping_status":"closed","sticky":false,"template":"","format":"standard","meta":{"_acf_changed":false,"_jetpack_memberships_contains_paid_content":false,"footnotes":""},"categories":[123208,122141],"tags":[124845,122791,124600,125226],"class_list":["post-1984148","post","type-post","status-publish","format-standard","has-post-thumbnail","hentry","category-mundo-2","category-portada","tag-governo","tag-guerra-2","tag-ira","tag-israel","generate-columns","tablet-grid-50","mobile-grid-100","grid-parent","grid-50"],"acf":[],"yoast_head":"<!-- This site is optimized with the Yoast SEO Premium plugin v26.0 (Yoast SEO v27.5) - https:\/\/yoast.com\/product\/yoast-seo-premium-wordpress\/ -->\n<title>Ir\u00e3 atualiza n\u00fameros e afirma que guerra com Israel deixou 935 mortos - EFE<\/title>\n<meta name=\"robots\" content=\"noindex, follow\" \/>\n<meta property=\"og:locale\" content=\"pt_BR\" \/>\n<meta property=\"og:type\" content=\"article\" \/>\n<meta property=\"og:title\" content=\"Ir\u00e3 atualiza n\u00fameros e afirma que guerra com Israel deixou 935 mortos - EFE\" \/>\n<meta property=\"og:description\" content=\"Teer\u00e3 (EFE).- Pelo menos 935 pessoas, incluindo 38 crian\u00e7as, foram mortas no Ir\u00e3 durante a guerra de 12 dias com Israel, segundo informaram as autoridades iranianas nesta segunda-feira, quase uma semana ap\u00f3s a entrada em vigor do cessar-fogo. &#8220;De acordo com as estat\u00edsticas forenses mais recentes, 935 mortos foram identificados at\u00e9 o momento na guerra ... Leia mais\" \/>\n<meta property=\"og:url\" content=\"https:\/\/pre.efe.com\/pt-br\/mundo-2\/ira-atualiza-numeros-e-afirma-que-guerra-com-israel-deixou-935-mortos\/\" \/>\n<meta property=\"og:site_name\" content=\"EFE Noticias\" \/>\n<meta property=\"article:publisher\" content=\"https:\/\/www.facebook.com\/AgenciaEFEnoticias\/\" \/>\n<meta property=\"article:published_time\" content=\"2025-06-30T15:42:54+00:00\" \/>\n<meta property=\"article:modified_time\" content=\"2025-06-30T15:42:58+00:00\" \/>\n<meta property=\"og:image\" content=\"https:\/\/pre.efe.com\/wp-content\/uploads\/2025\/06\/rss-efed000da14cbf115cb8a255f12ce9e7b9cb8166191w.webp\" \/>\n\t<meta property=\"og:image:width\" content=\"1920\" \/>\n\t<meta property=\"og:image:height\" content=\"1265\" \/>\n\t<meta property=\"og:image:type\" content=\"image\/jpeg\" \/>\n<meta name=\"author\" content=\"anachain\" \/>\n<meta name=\"twitter:card\" content=\"summary_large_image\" \/>\n<meta name=\"twitter:creator\" content=\"@efenoticias\" \/>\n<meta name=\"twitter:site\" content=\"@efenoticias\" \/>\n<script type=\"application\/ld+json\" class=\"yoast-schema-graph\">{\"@context\":\"https:\\\/\\\/schema.org\",\"@graph\":[{\"@type\":\"NewsArticle\",\"@id\":\"https:\\\/\\\/pre.efe.com\\\/pt-br\\\/mundo-2\\\/ira-atualiza-numeros-e-afirma-que-guerra-com-israel-deixou-935-mortos\\\/#article\",\"isPartOf\":{\"@id\":\"https:\\\/\\\/pre.efe.com\\\/pt-br\\\/mundo-2\\\/ira-atualiza-numeros-e-afirma-que-guerra-com-israel-deixou-935-mortos\\\/\"},\"author\":{\"name\":\"anachain\",\"@id\":\"https:\\\/\\\/pre.efe.com\\\/pt-br\\\/#\\\/schema\\\/person\\\/b19f23f210db552768f68a4b552b004f\"},\"headline\":\"Ir\u00e3 atualiza n\u00fameros e afirma que guerra com Israel deixou 935 mortos\",\"datePublished\":\"2025-06-30T15:42:54+00:00\",\"dateModified\":\"2025-06-30T15:42:58+00:00\",\"mainEntityOfPage\":{\"@id\":\"https:\\\/\\\/pre.efe.com\\\/pt-br\\\/mundo-2\\\/ira-atualiza-numeros-e-afirma-que-guerra-com-israel-deixou-935-mortos\\\/\"},\"wordCount\":281,\"publisher\":{\"@id\":\"https:\\\/\\\/pre.efe.com\\\/pt-br\\\/#organization\"},\"image\":{\"@id\":\"https:\\\/\\\/pre.efe.com\\\/pt-br\\\/mundo-2\\\/ira-atualiza-numeros-e-afirma-que-guerra-com-israel-deixou-935-mortos\\\/#primaryimage\"},\"thumbnailUrl\":\"https:\\\/\\\/pre.efe.com\\\/wp-content\\\/uploads\\\/2025\\\/06\\\/rss-efed000da14cbf115cb8a255f12ce9e7b9cb8166191w.webp\",\"keywords\":[\"Governo\",\"Guerra\",\"Ir\u00e3\",\"Israel\"],\"articleSection\":[\"Mundo\",\"Portada\"],\"inLanguage\":\"pt-BR\",\"copyrightYear\":\"2025\",\"copyrightHolder\":{\"@id\":\"https:\\\/\\\/pre.efe.com\\\/#organization\"}},{\"@type\":[\"WebPage\",\"ItemPage\"],\"@id\":\"https:\\\/\\\/pre.efe.com\\\/pt-br\\\/mundo-2\\\/ira-atualiza-numeros-e-afirma-que-guerra-com-israel-deixou-935-mortos\\\/\",\"url\":\"https:\\\/\\\/pre.efe.com\\\/pt-br\\\/mundo-2\\\/ira-atualiza-numeros-e-afirma-que-guerra-com-israel-deixou-935-mortos\\\/\",\"name\":\"Ir\u00e3 atualiza n\u00fameros e afirma que guerra com Israel deixou 935 mortos - EFE\",\"isPartOf\":{\"@id\":\"https:\\\/\\\/pre.efe.com\\\/pt-br\\\/#website\"},\"primaryImageOfPage\":{\"@id\":\"https:\\\/\\\/pre.efe.com\\\/pt-br\\\/mundo-2\\\/ira-atualiza-numeros-e-afirma-que-guerra-com-israel-deixou-935-mortos\\\/#primaryimage\"},\"image\":{\"@id\":\"https:\\\/\\\/pre.efe.com\\\/pt-br\\\/mundo-2\\\/ira-atualiza-numeros-e-afirma-que-guerra-com-israel-deixou-935-mortos\\\/#primaryimage\"},\"thumbnailUrl\":\"https:\\\/\\\/pre.efe.com\\\/wp-content\\\/uploads\\\/2025\\\/06\\\/rss-efed000da14cbf115cb8a255f12ce9e7b9cb8166191w.webp\",\"datePublished\":\"2025-06-30T15:42:54+00:00\",\"dateModified\":\"2025-06-30T15:42:58+00:00\",\"breadcrumb\":{\"@id\":\"https:\\\/\\\/pre.efe.com\\\/pt-br\\\/mundo-2\\\/ira-atualiza-numeros-e-afirma-que-guerra-com-israel-deixou-935-mortos\\\/#breadcrumb\"},\"inLanguage\":\"pt-BR\",\"potentialAction\":[{\"@type\":\"ReadAction\",\"target\":[\"https:\\\/\\\/pre.efe.com\\\/pt-br\\\/mundo-2\\\/ira-atualiza-numeros-e-afirma-que-guerra-com-israel-deixou-935-mortos\\\/\"]}]},{\"@type\":\"ImageObject\",\"inLanguage\":\"pt-BR\",\"@id\":\"https:\\\/\\\/pre.efe.com\\\/pt-br\\\/mundo-2\\\/ira-atualiza-numeros-e-afirma-que-guerra-com-israel-deixou-935-mortos\\\/#primaryimage\",\"url\":\"https:\\\/\\\/pre.efe.com\\\/wp-content\\\/uploads\\\/2025\\\/06\\\/rss-efed000da14cbf115cb8a255f12ce9e7b9cb8166191w.webp\",\"contentUrl\":\"https:\\\/\\\/pre.efe.com\\\/wp-content\\\/uploads\\\/2025\\\/06\\\/rss-efed000da14cbf115cb8a255f12ce9e7b9cb8166191w.webp\",\"width\":1920,\"height\":1265,\"caption\":\"Teer\u00e3. EFE\\\/Arquivo\\\/ABEDIN TAHERKENAREH\"},{\"@type\":\"BreadcrumbList\",\"@id\":\"https:\\\/\\\/pre.efe.com\\\/pt-br\\\/mundo-2\\\/ira-atualiza-numeros-e-afirma-que-guerra-com-israel-deixou-935-mortos\\\/#breadcrumb\",\"itemListElement\":[{\"@type\":\"ListItem\",\"position\":1,\"name\":\"Portada\",\"item\":\"https:\\\/\\\/pre.efe.com\\\/pt-br\\\/\"},{\"@type\":\"ListItem\",\"position\":2,\"name\":\"Ir\u00e3 atualiza n\u00fameros e afirma que guerra com Israel deixou 935 mortos\"}]},{\"@type\":\"WebSite\",\"@id\":\"https:\\\/\\\/pre.efe.com\\\/pt-br\\\/#website\",\"url\":\"https:\\\/\\\/pre.efe.com\\\/pt-br\\\/\",\"name\":\"EFE Noticias\",\"description\":\"\",\"publisher\":{\"@id\":\"https:\\\/\\\/pre.efe.com\\\/pt-br\\\/#organization\"},\"potentialAction\":[{\"@type\":\"SearchAction\",\"target\":{\"@type\":\"EntryPoint\",\"urlTemplate\":\"https:\\\/\\\/pre.efe.com\\\/pt-br\\\/?s={search_term_string}\"},\"query-input\":{\"@type\":\"PropertyValueSpecification\",\"valueRequired\":true,\"valueName\":\"search_term_string\"}}],\"inLanguage\":\"pt-BR\"},{\"@type\":\"Organization\",\"@id\":\"https:\\\/\\\/pre.efe.com\\\/pt-br\\\/#organization\",\"name\":\"Agencia EFE\",\"url\":\"https:\\\/\\\/pre.efe.com\\\/pt-br\\\/\",\"logo\":{\"@type\":\"ImageObject\",\"inLanguage\":\"pt-BR\",\"@id\":\"https:\\\/\\\/pre.efe.com\\\/pt-br\\\/#\\\/schema\\\/logo\\\/image\\\/\",\"url\":\"https:\\\/\\\/pre.efe.com\\\/wp-content\\\/uploads\\\/2023\\\/06\\\/logo-efe-467.png\",\"contentUrl\":\"https:\\\/\\\/pre.efe.com\\\/wp-content\\\/uploads\\\/2023\\\/06\\\/logo-efe-467.png\",\"width\":467,\"height\":467,\"caption\":\"Agencia EFE\"},\"image\":{\"@id\":\"https:\\\/\\\/pre.efe.com\\\/pt-br\\\/#\\\/schema\\\/logo\\\/image\\\/\"},\"sameAs\":[\"https:\\\/\\\/www.facebook.com\\\/AgenciaEFEnoticias\\\/\",\"https:\\\/\\\/x.com\\\/efenoticias\",\"https:\\\/\\\/www.instagram.com\\\/efe_noticias\\\/\",\"http:\\\/\\\/www.youtube.com\\\/efe\"]},{\"@type\":\"Person\",\"@id\":\"https:\\\/\\\/pre.efe.com\\\/pt-br\\\/#\\\/schema\\\/person\\\/b19f23f210db552768f68a4b552b004f\",\"name\":\"anachain\",\"image\":{\"@type\":\"ImageObject\",\"inLanguage\":\"pt-BR\",\"@id\":\"https:\\\/\\\/secure.gravatar.com\\\/avatar\\\/30b83965911ef1108bb893c00bdd65c885f9890e1265ee04b02c3d5adc785d37?s=96&d=identicon&r=g\",\"url\":\"https:\\\/\\\/secure.gravatar.com\\\/avatar\\\/30b83965911ef1108bb893c00bdd65c885f9890e1265ee04b02c3d5adc785d37?s=96&d=identicon&r=g\",\"contentUrl\":\"https:\\\/\\\/secure.gravatar.com\\\/avatar\\\/30b83965911ef1108bb893c00bdd65c885f9890e1265ee04b02c3d5adc785d37?s=96&d=identicon&r=g\",\"caption\":\"anachain\"},\"url\":\"https:\\\/\\\/pre.efe.com\\\/pt-br\\\/autor\\\/anachain\\\/\"}]}<\/script>\n<!-- \/ Yoast SEO Premium plugin. -->","yoast_head_json":{"title":"Ir\u00e3 atualiza n\u00fameros e afirma que guerra com Israel deixou 935 mortos - EFE","robots":{"index":"noindex","follow":"follow"},"og_locale":"pt_BR","og_type":"article","og_title":"Ir\u00e3 atualiza n\u00fameros e afirma que guerra com Israel deixou 935 mortos - EFE","og_description":"Teer\u00e3 (EFE).- Pelo menos 935 pessoas, incluindo 38 crian\u00e7as, foram mortas no Ir\u00e3 durante a guerra de 12 dias com Israel, segundo informaram as autoridades iranianas nesta segunda-feira, quase uma semana ap\u00f3s a entrada em vigor do cessar-fogo. &#8220;De acordo com as estat\u00edsticas forenses mais recentes, 935 mortos foram identificados at\u00e9 o momento na guerra ... Leia mais","og_url":"https:\/\/pre.efe.com\/pt-br\/mundo-2\/ira-atualiza-numeros-e-afirma-que-guerra-com-israel-deixou-935-mortos\/","og_site_name":"EFE Noticias","article_publisher":"https:\/\/www.facebook.com\/AgenciaEFEnoticias\/","article_published_time":"2025-06-30T15:42:54+00:00","article_modified_time":"2025-06-30T15:42:58+00:00","og_image":[{"width":1920,"height":1265,"url":"https:\/\/pre.efe.com\/wp-content\/uploads\/2025\/06\/rss-efed000da14cbf115cb8a255f12ce9e7b9cb8166191w.webp","type":"image\/jpeg"}],"author":"anachain","twitter_card":"summary_large_image","twitter_creator":"@efenoticias","twitter_site":"@efenoticias","schema":{"@context":"https:\/\/schema.org","@graph":[{"@type":"NewsArticle","@id":"https:\/\/pre.efe.com\/pt-br\/mundo-2\/ira-atualiza-numeros-e-afirma-que-guerra-com-israel-deixou-935-mortos\/#article","isPartOf":{"@id":"https:\/\/pre.efe.com\/pt-br\/mundo-2\/ira-atualiza-numeros-e-afirma-que-guerra-com-israel-deixou-935-mortos\/"},"author":{"name":"anachain","@id":"https:\/\/pre.efe.com\/pt-br\/#\/schema\/person\/b19f23f210db552768f68a4b552b004f"},"headline":"Ir\u00e3 atualiza n\u00fameros e afirma que guerra com Israel deixou 935 mortos","datePublished":"2025-06-30T15:42:54+00:00","dateModified":"2025-06-30T15:42:58+00:00","mainEntityOfPage":{"@id":"https:\/\/pre.efe.com\/pt-br\/mundo-2\/ira-atualiza-numeros-e-afirma-que-guerra-com-israel-deixou-935-mortos\/"},"wordCount":281,"publisher":{"@id":"https:\/\/pre.efe.com\/pt-br\/#organization"},"image":{"@id":"https:\/\/pre.efe.com\/pt-br\/mundo-2\/ira-atualiza-numeros-e-afirma-que-guerra-com-israel-deixou-935-mortos\/#primaryimage"},"thumbnailUrl":"https:\/\/pre.efe.com\/wp-content\/uploads\/2025\/06\/rss-efed000da14cbf115cb8a255f12ce9e7b9cb8166191w.webp","keywords":["Governo","Guerra","Ir\u00e3","Israel"],"articleSection":["Mundo","Portada"],"inLanguage":"pt-BR","copyrightYear":"2025","copyrightHolder":{"@id":"https:\/\/pre.efe.com\/#organization"}},{"@type":["WebPage","ItemPage"],"@id":"https:\/\/pre.efe.com\/pt-br\/mundo-2\/ira-atualiza-numeros-e-afirma-que-guerra-com-israel-deixou-935-mortos\/","url":"https:\/\/pre.efe.com\/pt-br\/mundo-2\/ira-atualiza-numeros-e-afirma-que-guerra-com-israel-deixou-935-mortos\/","name":"Ir\u00e3 atualiza n\u00fameros e afirma que guerra com Israel deixou 935 mortos - EFE","isPartOf":{"@id":"https:\/\/pre.efe.com\/pt-br\/#website"},"primaryImageOfPage":{"@id":"https:\/\/pre.efe.com\/pt-br\/mundo-2\/ira-atualiza-numeros-e-afirma-que-guerra-com-israel-deixou-935-mortos\/#primaryimage"},"image":{"@id":"https:\/\/pre.efe.com\/pt-br\/mundo-2\/ira-atualiza-numeros-e-afirma-que-guerra-com-israel-deixou-935-mortos\/#primaryimage"},"thumbnailUrl":"https:\/\/pre.efe.com\/wp-content\/uploads\/2025\/06\/rss-efed000da14cbf115cb8a255f12ce9e7b9cb8166191w.webp","datePublished":"2025-06-30T15:42:54+00:00","dateModified":"2025-06-30T15:42:58+00:00","breadcrumb":{"@id":"https:\/\/pre.efe.com\/pt-br\/mundo-2\/ira-atualiza-numeros-e-afirma-que-guerra-com-israel-deixou-935-mortos\/#breadcrumb"},"inLanguage":"pt-BR","potentialAction":[{"@type":"ReadAction","target":["https:\/\/pre.efe.com\/pt-br\/mundo-2\/ira-atualiza-numeros-e-afirma-que-guerra-com-israel-deixou-935-mortos\/"]}]},{"@type":"ImageObject","inLanguage":"pt-BR","@id":"https:\/\/pre.efe.com\/pt-br\/mundo-2\/ira-atualiza-numeros-e-afirma-que-guerra-com-israel-deixou-935-mortos\/#primaryimage","url":"https:\/\/pre.efe.com\/wp-content\/uploads\/2025\/06\/rss-efed000da14cbf115cb8a255f12ce9e7b9cb8166191w.webp","contentUrl":"https:\/\/pre.efe.com\/wp-content\/uploads\/2025\/06\/rss-efed000da14cbf115cb8a255f12ce9e7b9cb8166191w.webp","width":1920,"height":1265,"caption":"Teer\u00e3. EFE\/Arquivo\/ABEDIN TAHERKENAREH"},{"@type":"BreadcrumbList","@id":"https:\/\/pre.efe.com\/pt-br\/mundo-2\/ira-atualiza-numeros-e-afirma-que-guerra-com-israel-deixou-935-mortos\/#breadcrumb","itemListElement":[{"@type":"ListItem","position":1,"name":"Portada","item":"https:\/\/pre.efe.com\/pt-br\/"},{"@type":"ListItem","position":2,"name":"Ir\u00e3 atualiza n\u00fameros e afirma que guerra com Israel deixou 935 mortos"}]},{"@type":"WebSite","@id":"https:\/\/pre.efe.com\/pt-br\/#website","url":"https:\/\/pre.efe.com\/pt-br\/","name":"EFE Noticias","description":"","publisher":{"@id":"https:\/\/pre.efe.com\/pt-br\/#organization"},"potentialAction":[{"@type":"SearchAction","target":{"@type":"EntryPoint","urlTemplate":"https:\/\/pre.efe.com\/pt-br\/?s={search_term_string}"},"query-input":{"@type":"PropertyValueSpecification","valueRequired":true,"valueName":"search_term_string"}}],"inLanguage":"pt-BR"},{"@type":"Organization","@id":"https:\/\/pre.efe.com\/pt-br\/#organization","name":"Agencia EFE","url":"https:\/\/pre.efe.com\/pt-br\/","logo":{"@type":"ImageObject","inLanguage":"pt-BR","@id":"https:\/\/pre.efe.com\/pt-br\/#\/schema\/logo\/image\/","url":"https:\/\/pre.efe.com\/wp-content\/uploads\/2023\/06\/logo-efe-467.png","contentUrl":"https:\/\/pre.efe.com\/wp-content\/uploads\/2023\/06\/logo-efe-467.png","width":467,"height":467,"caption":"Agencia EFE"},"image":{"@id":"https:\/\/pre.efe.com\/pt-br\/#\/schema\/logo\/image\/"},"sameAs":["https:\/\/www.facebook.com\/AgenciaEFEnoticias\/","https:\/\/x.com\/efenoticias","https:\/\/www.instagram.com\/efe_noticias\/","http:\/\/www.youtube.com\/efe"]},{"@type":"Person","@id":"https:\/\/pre.efe.com\/pt-br\/#\/schema\/person\/b19f23f210db552768f68a4b552b004f","name":"anachain","image":{"@type":"ImageObject","inLanguage":"pt-BR","@id":"https:\/\/secure.gravatar.com\/avatar\/30b83965911ef1108bb893c00bdd65c885f9890e1265ee04b02c3d5adc785d37?s=96&d=identicon&r=g","url":"https:\/\/secure.gravatar.com\/avatar\/30b83965911ef1108bb893c00bdd65c885f9890e1265ee04b02c3d5adc785d37?s=96&d=identicon&r=g","contentUrl":"https:\/\/secure.gravatar.com\/avatar\/30b83965911ef1108bb893c00bdd65c885f9890e1265ee04b02c3d5adc785d37?s=96&d=identicon&r=g","caption":"anachain"},"url":"https:\/\/pre.efe.com\/pt-br\/autor\/anachain\/"}]}},"jetpack_featured_media_url":"https:\/\/pre.efe.com\/wp-content\/uploads\/2025\/06\/rss-efed000da14cbf115cb8a255f12ce9e7b9cb8166191w.webp","jetpack_shortlink":"https:\/\/wp.me\/peJvHm-8kao","jetpack_sharing_enabled":true,"_links":{"self":[{"href":"https:\/\/pre.efe.com\/pt-br\/wp-json\/wp\/v2\/posts\/1984148","targetHints":{"allow":["GET"]}}],"collection":[{"href":"https:\/\/pre.efe.com\/pt-br\/wp-json\/wp\/v2\/posts"}],"about":[{"href":"https:\/\/pre.efe.com\/pt-br\/wp-json\/wp\/v2\/types\/post"}],"author":[{"embeddable":true,"href":"https:\/\/pre.efe.com\/pt-br\/wp-json\/wp\/v2\/users\/198164106"}],"replies":[{"embeddable":true,"href":"https:\/\/pre.efe.com\/pt-br\/wp-json\/wp\/v2\/comments?post=1984148"}],"version-history":[{"count":2,"href":"https:\/\/pre.efe.com\/pt-br\/wp-json\/wp\/v2\/posts\/1984148\/revisions"}],"predecessor-version":[{"id":1984202,"href":"https:\/\/pre.efe.com\/pt-br\/wp-json\/wp\/v2\/posts\/1984148\/revisions\/1984202"}],"wp:featuredmedia":[{"embeddable":true,"href":"https:\/\/pre.efe.com\/pt-br\/wp-json\/wp\/v2\/media\/1983786"}],"wp:attachment":[{"href":"https:\/\/pre.efe.com\/pt-br\/wp-json\/wp\/v2\/media?parent=1984148"}],"wp:term":[{"taxonomy":"category","embeddable":true,"href":"https:\/\/pre.efe.com\/pt-br\/wp-json\/wp\/v2\/categories?post=1984148"},{"taxonomy":"post_tag","embeddable":true,"href":"https:\/\/pre.efe.com\/pt-br\/wp-json\/wp\/v2\/tags?post=1984148"}],"curies":[{"name":"wp","href":"https:\/\/api.w.org\/{rel}","templated":true}]}}