{"id":1984244,"date":"2025-06-30T18:09:35","date_gmt":"2025-06-30T16:09:35","guid":{"rendered":"https:\/\/pre.efe.com\/?p=1984244"},"modified":"2025-06-30T18:09:41","modified_gmt":"2025-06-30T16:09:41","slug":"calor-extremo-sufoca-a-europa-e-afeta-escolas-viagens-hospitais-e-ate-wimbledon","status":"publish","type":"post","link":"https:\/\/pre.efe.com\/pt-br\/mundo-2\/2025-06-30\/calor-extremo-sufoca-a-europa-e-afeta-escolas-viagens-hospitais-e-ate-wimbledon\/","title":{"rendered":"Calor extremo sufoca a Europa e afeta escolas, viagens, hospitais e at\u00e9 Wimbledon"},"content":{"rendered":"\n<p>Madrid\/Londres (EFE).- Escolas, servi\u00e7os de emerg\u00eancia, transportes e at\u00e9 mesmo o lend\u00e1rio torneio de Wimbledon est\u00e3o sendo afetados pela onda de calor que assola a Europa devido a um anticiclone procedente da \u00c1frica que elevou as temperaturas a mais de 40 graus Celsius, especialmente nos pa\u00edses continentais do sul.<\/p>\n\n\n\n<p>O efeito de c\u00fapula de calor, que o ret\u00e9m pr\u00f3ximo ao solo e o impede de se dissipar mesmo \u00e0 noite, mant\u00e9m metade da Europa em alerta, sujeita a noites tropicais (que nunca caem abaixo de 20 graus) e equatoriais (acima de 25 graus) que parecem n\u00e3o ter fim, j\u00e1 que as altas temperaturas que deveriam dar uma tr\u00e9gua a partir de ter\u00e7a-feira podem durar pelo menos at\u00e9 quinta.<\/p>\n\n\n\n<p>As autoridades insistem em aconselhar a popula\u00e7\u00e3o a se proteger do sol durante as horas centrais do dia, manter-se hidratada e usar roupas leves. Mesmo assim, a atividade di\u00e1ria de trabalho e os turistas que lotam praticamente todas as cidades europeias proporcionam imagens de multid\u00f5es enfrentando o calor nas ruas, buscando fontes e sombras para se refrescar.<\/p>\n\n\n\n<p>Os respectivos servi\u00e7os meteorol\u00f3gicos de Portugal e It\u00e1lia declararam alerta vermelho em algumas \u00e1reas, o que indica risco extremo.<\/p>\n\n\n\n<p>Em Portugal, sete distritos foram declarados em alerta vermelho, incluindo Lisboa, em um dia com temperaturas previstas para ultrapassar os 40 graus em v\u00e1rias partes do pa\u00eds. Segundo o Instituto Portugu\u00eas do Mar e da Atmosfera (IPMA), a capital registrar\u00e1 uma m\u00e1xima de 41 graus nesta segunda-feira.<\/p>\n\n\n\n<p>A cidade de Beja, no Alentejo, prev\u00ea a temperatura mais alta entre as capitais de distrito, com 44 graus.<\/p>\n\n\n\n<p>Na It\u00e1lia, pelo menos 20 cidades est\u00e3o em alerta vermelho, nomeadamente nas regi\u00f5es da Lombardia, Em\u00edlia-Romagna e V\u00eaneto, onde as temperaturas podem ultrapassar os 40 graus hoje, de acordo com o site especializado em meteorologia \u201cilmeteo.it\u201d.<\/p>\n\n\n\n<p>Os term\u00f3metros ultrapassaram os 34-36 graus de norte a sul do territ\u00f3rio italiano. As temperaturas tamb\u00e9m passar\u00e3o de 38 graus na ilha da Sardenha, ao longo da costa de Marche, sem mencionar o interior da Toscana, \u00dambria e L\u00e1cio, onde a umidade tornar\u00e1 a sensa\u00e7\u00e3o t\u00e9rmica ainda mais alta.<\/p>\n\n\n\n<p>Nesse cen\u00e1rio, as solicita\u00e7\u00f5es de atendimento de emerg\u00eancia devido ao calor aumentaram 4% nos \u00faltimos sete dias.<\/p>\n\n\n\n<h2 class=\"wp-block-heading\" id=\"h-onda-de-calor-na-espanha\">Onda de calor na Espanha<\/h2>\n\n\n\n<p>A onda de calor continuar\u00e1 a atingir a Espanha pelo menos at\u00e9 quinta-feira, com m\u00e1ximas de entre 36 e 38 graus em grandes \u00e1reas da pen\u00ednsula e das Ilhas Baleares e at\u00e9 42-43 graus em Guadalquivir e Guadiana (sul).<\/p>\n\n\n\n<p>Apenas o ter\u00e7o norte da pen\u00ednsula sofrer\u00e1 uma &#8220;queda significativa&#8221; no meio da semana, mas o restante do pa\u00eds permanecer\u00e1 sem grandes mudan\u00e7as.<\/p>\n\n\n\n<p>Soma-se a essa onda de calor a possibilidade de tempestades durante a segunda metade da semana, especialmente nas \u00e1reas montanhosas do norte e do leste.<\/p>\n\n\n\n<p>Durante o per\u00edodo, as temperaturas m\u00ednimas n\u00e3o diminuir\u00e3o e as noites tropicais se repetir\u00e3o em muitas regi\u00f5es, especialmente no centro, sul e \u00e1reas do Mediterr\u00e2neo.<\/p>\n\n\n\n<h2 class=\"wp-block-heading\" id=\"h-fenomenos-sem-precedentes-na-franca\">Fen\u00f4menos sem precedentes na Fran\u00e7a<\/h2>\n\n\n\n<p>A ministra da Transi\u00e7\u00e3o Ecol\u00f3gica da Fran\u00e7a, Agn\u00e8s Pannier-Runacher, descreveu as atuais ondas de calor como &#8220;fen\u00f4menos sem precedentes&#8221; no pa\u00eds, em entrevista \u00e0 emissora \u201cSud Radio\u201d.<\/p>\n\n\n\n<p>Alguns munic\u00edpios fecharam suas escolas, seguindo as instru\u00e7\u00f5es do Minist\u00e9rio da Educa\u00e7\u00e3o, enquanto o Minist\u00e9rio da Sa\u00fade criou um n\u00famero gratuito com dicas sobre como combater o calor.<\/p>\n\n\n\n<p>M\u00e1ximas entre 37 e 40 graus s\u00e3o esperadas hoje na maior parte do pa\u00eds, de acordo com a M\u00e9t\u00e9o-France, que prev\u00ea que esse quadro se estenda pelo menos at\u00e9 quinta-feira.<\/p>\n\n\n\n<p>Dos 100 departamentos do pa\u00eds, 84 est\u00e3o em alerta laranja. Mas as ondas de calor mais intensas s\u00e3o esperadas para ter\u00e7a e quarta-feira, com m\u00e1ximas de entre 36 e 40 graus e picos ocasionais de 41 graus, bem como noites tropicais de entre 20 e 24 graus.<\/p>\n\n\n\n<h2 class=\"wp-block-heading\" id=\"h-servicos-ferroviarios-e-wimbledon-sao-afetados-no-reino-unido\">Servi\u00e7os ferrovi\u00e1rios e Wimbledon s\u00e3o afetados no Reino Unido<\/h2>\n\n\n\n<p>O Reino Unido, especialmente Londres e os arredores da capital, espera temperaturas em torno de 34 graus para encerrar o junho mais quente j\u00e1 registrado.<\/p>\n\n\n\n<p>Os servi\u00e7os ferrovi\u00e1rios do pa\u00eds podem ser especialmente afetados devido ao superaquecimento das linhas, e alguns servi\u00e7os j\u00e1 operam com velocidades restringidas.<\/p>\n\n\n\n<p>As altas temperaturas coincidem com o in\u00edcio do torneio de t\u00eanis de Wimbledon, onde havia longas filas para entrar no All England Club esta manh\u00e3.<\/p>\n\n\n\n<p>De acordo com a emissora \u201cBBC\u201d, se as temperaturas chegarem a 34 graus, poder\u00e1 ser o in\u00edcio mais quente na hist\u00f3ria do torneio.<\/p>\n\n\n\n<p>Por essa raz\u00e3o, os organizadores de Wimbledon anunciaram que est\u00e1 em vigor a &#8220;regra do calor&#8221;: qualquer jogador pode solicitar um intervalo de 10 minutos se a temperatura estiver acima de 30 graus.<\/p>\n\n\n\n<p>A Alemanha tamb\u00e9m est\u00e1 enfrentando temperaturas &#8220;extremas&#8221;, especialmente ao longo da fronteira com a Fran\u00e7a e no oeste e no sudoeste do pa\u00eds, de acordo com o servi\u00e7o meteorol\u00f3gico DWD.<\/p>\n\n\n\n<p>A onda de calor deve culminar no pa\u00eds na quarta-feira com temperaturas acima de 35 graus, podendo chegar a 39 graus, e noites tropicais com temperaturas que n\u00e3o cair\u00e3o abaixo de 20 graus.<\/p>\n\n\n\n<p>Algumas escolas prim\u00e1rias no sul do pa\u00eds j\u00e1 reduziram o hor\u00e1rio escolar nesta segunda-feira devido ao calor, e as autoridades de sa\u00fade j\u00e1 pediram aos cidad\u00e3os e empresas para que tomem precau\u00e7\u00f5es.<\/p>\n\n\n\n<h2 class=\"wp-block-heading\" id=\"h-recorde-de-0\u00bac-na-suica-nas-montanhas-suicas\">Recorde de 0\u00baC na Su\u00ed\u00e7a nas montanhas su\u00ed\u00e7as<\/h2>\n\n\n\n<p>A Su\u00ed\u00e7a, que tamb\u00e9m est\u00e1 passando por sua primeira onda de calor (at\u00e9 30 graus durante o dia e 20 graus \u00e0 noite), tem os vales e \u00e1reas planas do pa\u00eds, como a regi\u00e3o nos arredores do Lago L\u00e9man, como os mais afetados.<\/p>\n\n\n\n<p>A cidade de Genebra tomou medidas como permitir a entrada gratuita de idosos em piscinas e cinemas durante a onda de calor.<\/p>\n\n\n\n<p>O servi\u00e7o meteorol\u00f3gico local alertou para temperaturas excepcionalmente altas tamb\u00e9m na altitude, com os term\u00f4metros marcando zero graus aos 5.200 metros de altitude (bem acima do pico mais alto do pa\u00eds), um recorde nunca antes registrado em junho e superando a marca anterior, registrada aos 4.912 metros em 2017.<\/p>\n\n\n\n<p>A B\u00e9lgica vivenciou uma primavera excepcionalmente ensolarada, seca e quente, como evidenciado pelo fato de que 13 de junho foi o dia mais quente j\u00e1 registrado no pequeno pa\u00eds da Europa Central pelo Instituto Real de Meteorologia, com 31,5 graus, superando o recorde de 31,3 graus estabelecido em 2006.<\/p>\n\n\n\n<p>Esta semana, o reino belga enfrentar\u00e1 novamente temperaturas que, embora n\u00e3o t\u00e3o altas quanto em outras partes da Europa, ser\u00e3o excepcionais para o in\u00edcio de julho na Europa Central, oscilando em torno de 40 graus na quarta-feira, antes de as temperaturas ca\u00edrem novamente abaixo da marca de 30 graus.<\/p>\n\n\n\n<p>A Rep\u00fablica Tcheca tamb\u00e9m est\u00e1 vivenciando uma incomum onda de calor no final de junho, com noites que n\u00e3o baixam dos 20 e dias acima dos 30 graus.<\/p>\n\n\n\n<p>A semana tamb\u00e9m deve ser particularmente intensa na \u00c1ustria, com pico previsto para quinta-feira, quando as temperaturas poder\u00e3o chegar a 38 graus, especialmente no leste do pa\u00eds.<\/p>\n\n\n\n<h2 class=\"wp-block-heading\" id=\"h-alivio-na-grecia\">Al\u00edvio na Gr\u00e9cia<\/h2>\n\n\n\n<p>A onda de calor que atingiu a Gr\u00e9cia na \u00faltima quinta e sexta-feira, com temperaturas chegando a 43,2 graus em algumas \u00e1reas, diminuiu e os term\u00f4metros est\u00e3o atualmente em n\u00edveis normais para a esta\u00e7\u00e3o.<\/p>\n\n\n\n<p>No entanto, o risco de inc\u00eandios florestais permanece, especialmente na regi\u00e3o de \u00c1tica, nas Ilhas C\u00edclades e na ilha de Creta.<\/p>\n\n\n\n<p>Na prov\u00edncia de Izmir, na Turquia, os bombeiros est\u00e3o combatendo inc\u00eandios florestais alimentados ontem por ventos fortes de at\u00e9 120 quil\u00f4metros por hora. Pelo menos 21 pessoas foram tratadas em hospitais, embora j\u00e1 tenham recebido alta, de acordo com dados oficiais.<\/p>\n\n\n\n<p>Na S\u00e9rvia, as temperaturas devem subir entre 30 e 35 graus na ter\u00e7a e na quarta-feira, e n\u00edveis ainda mais altos est\u00e3o previstos para quinta-feira, chegando a 39 graus.<\/p>\n\n\n\n<p>As temperaturas tamb\u00e9m est\u00e3o subindo novamente na Cro\u00e1cia, ap\u00f3s v\u00e1rios dias de al\u00edvio, e na Maced\u00f4nia, onde os term\u00f4metros podem registrar de 38 a 40 graus no s\u00e1bado e no domingo. EFE<\/p>\n","protected":false},"excerpt":{"rendered":"<p>Madrid\/Londres (EFE).- Escolas, servi\u00e7os de emerg\u00eancia, transportes e at\u00e9 mesmo o lend\u00e1rio torneio de Wimbledon est\u00e3o sendo afetados pela onda de calor que assola a Europa devido a um anticiclone procedente da \u00c1frica que elevou as temperaturas a mais de 40 graus Celsius, especialmente nos pa\u00edses continentais do sul. O efeito de c\u00fapula de calor, &#8230; <a title=\"Calor extremo sufoca a Europa e afeta escolas, viagens, hospitais e at\u00e9 Wimbledon\" class=\"read-more\" href=\"https:\/\/pre.efe.com\/pt-br\/mundo-2\/2025-06-30\/calor-extremo-sufoca-a-europa-e-afeta-escolas-viagens-hospitais-e-ate-wimbledon\/\" aria-label=\"Read more about Calor extremo sufoca a Europa e afeta escolas, viagens, hospitais e at\u00e9 Wimbledon\">Leia mais<\/a><\/p>\n","protected":false},"author":198164106,"featured_media":1984155,"comment_status":"closed","ping_status":"closed","sticky":false,"template":"","format":"standard","meta":{"_acf_changed":false,"_jetpack_memberships_contains_paid_content":false,"footnotes":""},"categories":[123208,122144],"tags":[129137,125763,123236,123761],"class_list":["post-1984244","post","type-post","status-publish","format-standard","has-post-thumbnail","hentry","category-mundo-2","category-outras-noticias","tag-calor-2","tag-clima-2","tag-crise-climatica","tag-europa-2","generate-columns","tablet-grid-50","mobile-grid-100","grid-parent","grid-50"],"acf":[],"yoast_head":"<!-- This site is optimized with the Yoast SEO Premium plugin v26.0 (Yoast SEO v27.5) - https:\/\/yoast.com\/product\/yoast-seo-premium-wordpress\/ -->\n<title>Calor extremo sufoca a Europa e afeta escolas, viagens, hospitais e at\u00e9 Wimbledon - EFE<\/title>\n<meta name=\"robots\" content=\"noindex, follow\" \/>\n<meta property=\"og:locale\" content=\"pt_BR\" \/>\n<meta property=\"og:type\" content=\"article\" \/>\n<meta property=\"og:title\" content=\"Calor extremo sufoca a Europa e afeta escolas, viagens, hospitais e at\u00e9 Wimbledon - EFE\" \/>\n<meta property=\"og:description\" content=\"Madrid\/Londres (EFE).- Escolas, servi\u00e7os de emerg\u00eancia, transportes e at\u00e9 mesmo o lend\u00e1rio torneio de Wimbledon est\u00e3o sendo afetados pela onda de calor que assola a Europa devido a um anticiclone procedente da \u00c1frica que elevou as temperaturas a mais de 40 graus Celsius, especialmente nos pa\u00edses continentais do sul. O efeito de c\u00fapula de calor, ... Leia mais\" \/>\n<meta property=\"og:url\" content=\"https:\/\/pre.efe.com\/pt-br\/mundo-2\/2025-06-30\/calor-extremo-sufoca-a-europa-e-afeta-escolas-viagens-hospitais-e-ate-wimbledon\/\" \/>\n<meta property=\"og:site_name\" content=\"EFE Noticias\" \/>\n<meta property=\"article:publisher\" content=\"https:\/\/www.facebook.com\/AgenciaEFEnoticias\/\" \/>\n<meta property=\"article:published_time\" content=\"2025-06-30T16:09:35+00:00\" \/>\n<meta property=\"article:modified_time\" content=\"2025-06-30T16:09:41+00:00\" \/>\n<meta property=\"og:image\" content=\"https:\/\/pre.efe.com\/wp-content\/uploads\/2025\/06\/rss-efe82aebe3b5eb274995e52a0de6c29c8a6ddde986bw.webp\" \/>\n\t<meta property=\"og:image:width\" content=\"1920\" \/>\n\t<meta property=\"og:image:height\" content=\"1280\" \/>\n\t<meta property=\"og:image:type\" content=\"image\/jpeg\" \/>\n<meta name=\"author\" content=\"anachain\" \/>\n<meta name=\"twitter:card\" content=\"summary_large_image\" \/>\n<meta name=\"twitter:creator\" content=\"@efenoticias\" \/>\n<meta name=\"twitter:site\" content=\"@efenoticias\" \/>\n<script type=\"application\/ld+json\" class=\"yoast-schema-graph\">{\"@context\":\"https:\\\/\\\/schema.org\",\"@graph\":[{\"@type\":\"NewsArticle\",\"@id\":\"https:\\\/\\\/pre.efe.com\\\/pt-br\\\/mundo-2\\\/2025-06-30\\\/calor-extremo-sufoca-a-europa-e-afeta-escolas-viagens-hospitais-e-ate-wimbledon\\\/#article\",\"isPartOf\":{\"@id\":\"https:\\\/\\\/pre.efe.com\\\/pt-br\\\/mundo-2\\\/2025-06-30\\\/calor-extremo-sufoca-a-europa-e-afeta-escolas-viagens-hospitais-e-ate-wimbledon\\\/\"},\"author\":{\"name\":\"anachain\",\"@id\":\"https:\\\/\\\/pre.efe.com\\\/pt-br\\\/#\\\/schema\\\/person\\\/b19f23f210db552768f68a4b552b004f\"},\"headline\":\"Calor extremo sufoca a Europa e afeta escolas, viagens, hospitais e at\u00e9 Wimbledon\",\"datePublished\":\"2025-06-30T16:09:35+00:00\",\"dateModified\":\"2025-06-30T16:09:41+00:00\",\"mainEntityOfPage\":{\"@id\":\"https:\\\/\\\/pre.efe.com\\\/pt-br\\\/mundo-2\\\/2025-06-30\\\/calor-extremo-sufoca-a-europa-e-afeta-escolas-viagens-hospitais-e-ate-wimbledon\\\/\"},\"wordCount\":1399,\"publisher\":{\"@id\":\"https:\\\/\\\/pre.efe.com\\\/pt-br\\\/#organization\"},\"image\":{\"@id\":\"https:\\\/\\\/pre.efe.com\\\/pt-br\\\/mundo-2\\\/2025-06-30\\\/calor-extremo-sufoca-a-europa-e-afeta-escolas-viagens-hospitais-e-ate-wimbledon\\\/#primaryimage\"},\"thumbnailUrl\":\"https:\\\/\\\/pre.efe.com\\\/wp-content\\\/uploads\\\/2025\\\/06\\\/rss-efe82aebe3b5eb274995e52a0de6c29c8a6ddde986bw.webp\",\"keywords\":[\"Calor\",\"Clima\",\"Crise climatica\",\"Europa\"],\"articleSection\":[\"Mundo\",\"Outras not\u00edcias\"],\"inLanguage\":\"pt-BR\",\"copyrightYear\":\"2025\",\"copyrightHolder\":{\"@id\":\"https:\\\/\\\/pre.efe.com\\\/#organization\"}},{\"@type\":[\"WebPage\",\"ItemPage\"],\"@id\":\"https:\\\/\\\/pre.efe.com\\\/pt-br\\\/mundo-2\\\/2025-06-30\\\/calor-extremo-sufoca-a-europa-e-afeta-escolas-viagens-hospitais-e-ate-wimbledon\\\/\",\"url\":\"https:\\\/\\\/pre.efe.com\\\/pt-br\\\/mundo-2\\\/2025-06-30\\\/calor-extremo-sufoca-a-europa-e-afeta-escolas-viagens-hospitais-e-ate-wimbledon\\\/\",\"name\":\"Calor extremo sufoca a Europa e afeta escolas, viagens, hospitais e at\u00e9 Wimbledon - EFE\",\"isPartOf\":{\"@id\":\"https:\\\/\\\/pre.efe.com\\\/pt-br\\\/#website\"},\"primaryImageOfPage\":{\"@id\":\"https:\\\/\\\/pre.efe.com\\\/pt-br\\\/mundo-2\\\/2025-06-30\\\/calor-extremo-sufoca-a-europa-e-afeta-escolas-viagens-hospitais-e-ate-wimbledon\\\/#primaryimage\"},\"image\":{\"@id\":\"https:\\\/\\\/pre.efe.com\\\/pt-br\\\/mundo-2\\\/2025-06-30\\\/calor-extremo-sufoca-a-europa-e-afeta-escolas-viagens-hospitais-e-ate-wimbledon\\\/#primaryimage\"},\"thumbnailUrl\":\"https:\\\/\\\/pre.efe.com\\\/wp-content\\\/uploads\\\/2025\\\/06\\\/rss-efe82aebe3b5eb274995e52a0de6c29c8a6ddde986bw.webp\",\"datePublished\":\"2025-06-30T16:09:35+00:00\",\"dateModified\":\"2025-06-30T16:09:41+00:00\",\"breadcrumb\":{\"@id\":\"https:\\\/\\\/pre.efe.com\\\/pt-br\\\/mundo-2\\\/2025-06-30\\\/calor-extremo-sufoca-a-europa-e-afeta-escolas-viagens-hospitais-e-ate-wimbledon\\\/#breadcrumb\"},\"inLanguage\":\"pt-BR\",\"potentialAction\":[{\"@type\":\"ReadAction\",\"target\":[\"https:\\\/\\\/pre.efe.com\\\/pt-br\\\/mundo-2\\\/2025-06-30\\\/calor-extremo-sufoca-a-europa-e-afeta-escolas-viagens-hospitais-e-ate-wimbledon\\\/\"]}]},{\"@type\":\"ImageObject\",\"inLanguage\":\"pt-BR\",\"@id\":\"https:\\\/\\\/pre.efe.com\\\/pt-br\\\/mundo-2\\\/2025-06-30\\\/calor-extremo-sufoca-a-europa-e-afeta-escolas-viagens-hospitais-e-ate-wimbledon\\\/#primaryimage\",\"url\":\"https:\\\/\\\/pre.efe.com\\\/wp-content\\\/uploads\\\/2025\\\/06\\\/rss-efe82aebe3b5eb274995e52a0de6c29c8a6ddde986bw.webp\",\"contentUrl\":\"https:\\\/\\\/pre.efe.com\\\/wp-content\\\/uploads\\\/2025\\\/06\\\/rss-efe82aebe3b5eb274995e52a0de6c29c8a6ddde986bw.webp\",\"width\":1920,\"height\":1280,\"caption\":\"Turistas se protegem do calor nesta segunda-feira, em Barcelona. EFE\\\/ALEJANDRO GARCIA\"},{\"@type\":\"BreadcrumbList\",\"@id\":\"https:\\\/\\\/pre.efe.com\\\/pt-br\\\/mundo-2\\\/2025-06-30\\\/calor-extremo-sufoca-a-europa-e-afeta-escolas-viagens-hospitais-e-ate-wimbledon\\\/#breadcrumb\",\"itemListElement\":[{\"@type\":\"ListItem\",\"position\":1,\"name\":\"Portada\",\"item\":\"https:\\\/\\\/pre.efe.com\\\/pt-br\\\/\"},{\"@type\":\"ListItem\",\"position\":2,\"name\":\"Calor extremo sufoca a Europa e afeta escolas, viagens, hospitais e at\u00e9 Wimbledon\"}]},{\"@type\":\"WebSite\",\"@id\":\"https:\\\/\\\/pre.efe.com\\\/pt-br\\\/#website\",\"url\":\"https:\\\/\\\/pre.efe.com\\\/pt-br\\\/\",\"name\":\"EFE Noticias\",\"description\":\"\",\"publisher\":{\"@id\":\"https:\\\/\\\/pre.efe.com\\\/pt-br\\\/#organization\"},\"potentialAction\":[{\"@type\":\"SearchAction\",\"target\":{\"@type\":\"EntryPoint\",\"urlTemplate\":\"https:\\\/\\\/pre.efe.com\\\/pt-br\\\/?s={search_term_string}\"},\"query-input\":{\"@type\":\"PropertyValueSpecification\",\"valueRequired\":true,\"valueName\":\"search_term_string\"}}],\"inLanguage\":\"pt-BR\"},{\"@type\":\"Organization\",\"@id\":\"https:\\\/\\\/pre.efe.com\\\/pt-br\\\/#organization\",\"name\":\"Agencia EFE\",\"url\":\"https:\\\/\\\/pre.efe.com\\\/pt-br\\\/\",\"logo\":{\"@type\":\"ImageObject\",\"inLanguage\":\"pt-BR\",\"@id\":\"https:\\\/\\\/pre.efe.com\\\/pt-br\\\/#\\\/schema\\\/logo\\\/image\\\/\",\"url\":\"https:\\\/\\\/pre.efe.com\\\/wp-content\\\/uploads\\\/2023\\\/06\\\/logo-efe-467.png\",\"contentUrl\":\"https:\\\/\\\/pre.efe.com\\\/wp-content\\\/uploads\\\/2023\\\/06\\\/logo-efe-467.png\",\"width\":467,\"height\":467,\"caption\":\"Agencia EFE\"},\"image\":{\"@id\":\"https:\\\/\\\/pre.efe.com\\\/pt-br\\\/#\\\/schema\\\/logo\\\/image\\\/\"},\"sameAs\":[\"https:\\\/\\\/www.facebook.com\\\/AgenciaEFEnoticias\\\/\",\"https:\\\/\\\/x.com\\\/efenoticias\",\"https:\\\/\\\/www.instagram.com\\\/efe_noticias\\\/\",\"http:\\\/\\\/www.youtube.com\\\/efe\"]},{\"@type\":\"Person\",\"@id\":\"https:\\\/\\\/pre.efe.com\\\/pt-br\\\/#\\\/schema\\\/person\\\/b19f23f210db552768f68a4b552b004f\",\"name\":\"anachain\",\"image\":{\"@type\":\"ImageObject\",\"inLanguage\":\"pt-BR\",\"@id\":\"https:\\\/\\\/secure.gravatar.com\\\/avatar\\\/30b83965911ef1108bb893c00bdd65c885f9890e1265ee04b02c3d5adc785d37?s=96&d=identicon&r=g\",\"url\":\"https:\\\/\\\/secure.gravatar.com\\\/avatar\\\/30b83965911ef1108bb893c00bdd65c885f9890e1265ee04b02c3d5adc785d37?s=96&d=identicon&r=g\",\"contentUrl\":\"https:\\\/\\\/secure.gravatar.com\\\/avatar\\\/30b83965911ef1108bb893c00bdd65c885f9890e1265ee04b02c3d5adc785d37?s=96&d=identicon&r=g\",\"caption\":\"anachain\"},\"url\":\"https:\\\/\\\/pre.efe.com\\\/pt-br\\\/autor\\\/anachain\\\/\"}]}<\/script>\n<!-- \/ Yoast SEO Premium plugin. -->","yoast_head_json":{"title":"Calor extremo sufoca a Europa e afeta escolas, viagens, hospitais e at\u00e9 Wimbledon - EFE","robots":{"index":"noindex","follow":"follow"},"og_locale":"pt_BR","og_type":"article","og_title":"Calor extremo sufoca a Europa e afeta escolas, viagens, hospitais e at\u00e9 Wimbledon - EFE","og_description":"Madrid\/Londres (EFE).- Escolas, servi\u00e7os de emerg\u00eancia, transportes e at\u00e9 mesmo o lend\u00e1rio torneio de Wimbledon est\u00e3o sendo afetados pela onda de calor que assola a Europa devido a um anticiclone procedente da \u00c1frica que elevou as temperaturas a mais de 40 graus Celsius, especialmente nos pa\u00edses continentais do sul. O efeito de c\u00fapula de calor, ... Leia mais","og_url":"https:\/\/pre.efe.com\/pt-br\/mundo-2\/2025-06-30\/calor-extremo-sufoca-a-europa-e-afeta-escolas-viagens-hospitais-e-ate-wimbledon\/","og_site_name":"EFE Noticias","article_publisher":"https:\/\/www.facebook.com\/AgenciaEFEnoticias\/","article_published_time":"2025-06-30T16:09:35+00:00","article_modified_time":"2025-06-30T16:09:41+00:00","og_image":[{"width":1920,"height":1280,"url":"https:\/\/pre.efe.com\/wp-content\/uploads\/2025\/06\/rss-efe82aebe3b5eb274995e52a0de6c29c8a6ddde986bw.webp","type":"image\/jpeg"}],"author":"anachain","twitter_card":"summary_large_image","twitter_creator":"@efenoticias","twitter_site":"@efenoticias","schema":{"@context":"https:\/\/schema.org","@graph":[{"@type":"NewsArticle","@id":"https:\/\/pre.efe.com\/pt-br\/mundo-2\/2025-06-30\/calor-extremo-sufoca-a-europa-e-afeta-escolas-viagens-hospitais-e-ate-wimbledon\/#article","isPartOf":{"@id":"https:\/\/pre.efe.com\/pt-br\/mundo-2\/2025-06-30\/calor-extremo-sufoca-a-europa-e-afeta-escolas-viagens-hospitais-e-ate-wimbledon\/"},"author":{"name":"anachain","@id":"https:\/\/pre.efe.com\/pt-br\/#\/schema\/person\/b19f23f210db552768f68a4b552b004f"},"headline":"Calor extremo sufoca a Europa e afeta escolas, viagens, hospitais e at\u00e9 Wimbledon","datePublished":"2025-06-30T16:09:35+00:00","dateModified":"2025-06-30T16:09:41+00:00","mainEntityOfPage":{"@id":"https:\/\/pre.efe.com\/pt-br\/mundo-2\/2025-06-30\/calor-extremo-sufoca-a-europa-e-afeta-escolas-viagens-hospitais-e-ate-wimbledon\/"},"wordCount":1399,"publisher":{"@id":"https:\/\/pre.efe.com\/pt-br\/#organization"},"image":{"@id":"https:\/\/pre.efe.com\/pt-br\/mundo-2\/2025-06-30\/calor-extremo-sufoca-a-europa-e-afeta-escolas-viagens-hospitais-e-ate-wimbledon\/#primaryimage"},"thumbnailUrl":"https:\/\/pre.efe.com\/wp-content\/uploads\/2025\/06\/rss-efe82aebe3b5eb274995e52a0de6c29c8a6ddde986bw.webp","keywords":["Calor","Clima","Crise climatica","Europa"],"articleSection":["Mundo","Outras not\u00edcias"],"inLanguage":"pt-BR","copyrightYear":"2025","copyrightHolder":{"@id":"https:\/\/pre.efe.com\/#organization"}},{"@type":["WebPage","ItemPage"],"@id":"https:\/\/pre.efe.com\/pt-br\/mundo-2\/2025-06-30\/calor-extremo-sufoca-a-europa-e-afeta-escolas-viagens-hospitais-e-ate-wimbledon\/","url":"https:\/\/pre.efe.com\/pt-br\/mundo-2\/2025-06-30\/calor-extremo-sufoca-a-europa-e-afeta-escolas-viagens-hospitais-e-ate-wimbledon\/","name":"Calor extremo sufoca a Europa e afeta escolas, viagens, hospitais e at\u00e9 Wimbledon - EFE","isPartOf":{"@id":"https:\/\/pre.efe.com\/pt-br\/#website"},"primaryImageOfPage":{"@id":"https:\/\/pre.efe.com\/pt-br\/mundo-2\/2025-06-30\/calor-extremo-sufoca-a-europa-e-afeta-escolas-viagens-hospitais-e-ate-wimbledon\/#primaryimage"},"image":{"@id":"https:\/\/pre.efe.com\/pt-br\/mundo-2\/2025-06-30\/calor-extremo-sufoca-a-europa-e-afeta-escolas-viagens-hospitais-e-ate-wimbledon\/#primaryimage"},"thumbnailUrl":"https:\/\/pre.efe.com\/wp-content\/uploads\/2025\/06\/rss-efe82aebe3b5eb274995e52a0de6c29c8a6ddde986bw.webp","datePublished":"2025-06-30T16:09:35+00:00","dateModified":"2025-06-30T16:09:41+00:00","breadcrumb":{"@id":"https:\/\/pre.efe.com\/pt-br\/mundo-2\/2025-06-30\/calor-extremo-sufoca-a-europa-e-afeta-escolas-viagens-hospitais-e-ate-wimbledon\/#breadcrumb"},"inLanguage":"pt-BR","potentialAction":[{"@type":"ReadAction","target":["https:\/\/pre.efe.com\/pt-br\/mundo-2\/2025-06-30\/calor-extremo-sufoca-a-europa-e-afeta-escolas-viagens-hospitais-e-ate-wimbledon\/"]}]},{"@type":"ImageObject","inLanguage":"pt-BR","@id":"https:\/\/pre.efe.com\/pt-br\/mundo-2\/2025-06-30\/calor-extremo-sufoca-a-europa-e-afeta-escolas-viagens-hospitais-e-ate-wimbledon\/#primaryimage","url":"https:\/\/pre.efe.com\/wp-content\/uploads\/2025\/06\/rss-efe82aebe3b5eb274995e52a0de6c29c8a6ddde986bw.webp","contentUrl":"https:\/\/pre.efe.com\/wp-content\/uploads\/2025\/06\/rss-efe82aebe3b5eb274995e52a0de6c29c8a6ddde986bw.webp","width":1920,"height":1280,"caption":"Turistas se protegem do calor nesta segunda-feira, em Barcelona. EFE\/ALEJANDRO GARCIA"},{"@type":"BreadcrumbList","@id":"https:\/\/pre.efe.com\/pt-br\/mundo-2\/2025-06-30\/calor-extremo-sufoca-a-europa-e-afeta-escolas-viagens-hospitais-e-ate-wimbledon\/#breadcrumb","itemListElement":[{"@type":"ListItem","position":1,"name":"Portada","item":"https:\/\/pre.efe.com\/pt-br\/"},{"@type":"ListItem","position":2,"name":"Calor extremo sufoca a Europa e afeta escolas, viagens, hospitais e at\u00e9 Wimbledon"}]},{"@type":"WebSite","@id":"https:\/\/pre.efe.com\/pt-br\/#website","url":"https:\/\/pre.efe.com\/pt-br\/","name":"EFE Noticias","description":"","publisher":{"@id":"https:\/\/pre.efe.com\/pt-br\/#organization"},"potentialAction":[{"@type":"SearchAction","target":{"@type":"EntryPoint","urlTemplate":"https:\/\/pre.efe.com\/pt-br\/?s={search_term_string}"},"query-input":{"@type":"PropertyValueSpecification","valueRequired":true,"valueName":"search_term_string"}}],"inLanguage":"pt-BR"},{"@type":"Organization","@id":"https:\/\/pre.efe.com\/pt-br\/#organization","name":"Agencia EFE","url":"https:\/\/pre.efe.com\/pt-br\/","logo":{"@type":"ImageObject","inLanguage":"pt-BR","@id":"https:\/\/pre.efe.com\/pt-br\/#\/schema\/logo\/image\/","url":"https:\/\/pre.efe.com\/wp-content\/uploads\/2023\/06\/logo-efe-467.png","contentUrl":"https:\/\/pre.efe.com\/wp-content\/uploads\/2023\/06\/logo-efe-467.png","width":467,"height":467,"caption":"Agencia EFE"},"image":{"@id":"https:\/\/pre.efe.com\/pt-br\/#\/schema\/logo\/image\/"},"sameAs":["https:\/\/www.facebook.com\/AgenciaEFEnoticias\/","https:\/\/x.com\/efenoticias","https:\/\/www.instagram.com\/efe_noticias\/","http:\/\/www.youtube.com\/efe"]},{"@type":"Person","@id":"https:\/\/pre.efe.com\/pt-br\/#\/schema\/person\/b19f23f210db552768f68a4b552b004f","name":"anachain","image":{"@type":"ImageObject","inLanguage":"pt-BR","@id":"https:\/\/secure.gravatar.com\/avatar\/30b83965911ef1108bb893c00bdd65c885f9890e1265ee04b02c3d5adc785d37?s=96&d=identicon&r=g","url":"https:\/\/secure.gravatar.com\/avatar\/30b83965911ef1108bb893c00bdd65c885f9890e1265ee04b02c3d5adc785d37?s=96&d=identicon&r=g","contentUrl":"https:\/\/secure.gravatar.com\/avatar\/30b83965911ef1108bb893c00bdd65c885f9890e1265ee04b02c3d5adc785d37?s=96&d=identicon&r=g","caption":"anachain"},"url":"https:\/\/pre.efe.com\/pt-br\/autor\/anachain\/"}]}},"jetpack_featured_media_url":"https:\/\/pre.efe.com\/wp-content\/uploads\/2025\/06\/rss-efe82aebe3b5eb274995e52a0de6c29c8a6ddde986bw.webp","jetpack_shortlink":"https:\/\/wp.me\/peJvHm-8kbW","jetpack_sharing_enabled":true,"_links":{"self":[{"href":"https:\/\/pre.efe.com\/pt-br\/wp-json\/wp\/v2\/posts\/1984244","targetHints":{"allow":["GET"]}}],"collection":[{"href":"https:\/\/pre.efe.com\/pt-br\/wp-json\/wp\/v2\/posts"}],"about":[{"href":"https:\/\/pre.efe.com\/pt-br\/wp-json\/wp\/v2\/types\/post"}],"author":[{"embeddable":true,"href":"https:\/\/pre.efe.com\/pt-br\/wp-json\/wp\/v2\/users\/198164106"}],"replies":[{"embeddable":true,"href":"https:\/\/pre.efe.com\/pt-br\/wp-json\/wp\/v2\/comments?post=1984244"}],"version-history":[{"count":2,"href":"https:\/\/pre.efe.com\/pt-br\/wp-json\/wp\/v2\/posts\/1984244\/revisions"}],"predecessor-version":[{"id":1984266,"href":"https:\/\/pre.efe.com\/pt-br\/wp-json\/wp\/v2\/posts\/1984244\/revisions\/1984266"}],"wp:featuredmedia":[{"embeddable":true,"href":"https:\/\/pre.efe.com\/pt-br\/wp-json\/wp\/v2\/media\/1984155"}],"wp:attachment":[{"href":"https:\/\/pre.efe.com\/pt-br\/wp-json\/wp\/v2\/media?parent=1984244"}],"wp:term":[{"taxonomy":"category","embeddable":true,"href":"https:\/\/pre.efe.com\/pt-br\/wp-json\/wp\/v2\/categories?post=1984244"},{"taxonomy":"post_tag","embeddable":true,"href":"https:\/\/pre.efe.com\/pt-br\/wp-json\/wp\/v2\/tags?post=1984244"}],"curies":[{"name":"wp","href":"https:\/\/api.w.org\/{rel}","templated":true}]}}