{"id":200430,"date":"2022-12-07T23:46:00","date_gmt":"2022-12-07T22:46:00","guid":{"rendered":"https:\/\/pre.efe.com\/?p=200430"},"modified":"2022-12-08T01:58:59","modified_gmt":"2022-12-08T00:58:59","slug":"putin-afirma-que-sob-nenhuma-condicao-russia-iniciara-um-ataque-nuclear","status":"publish","type":"post","link":"https:\/\/pre.efe.com\/pt-br\/mundo-2\/2022-12-07\/putin-afirma-que-sob-nenhuma-condicao-russia-iniciara-um-ataque-nuclear\/","title":{"rendered":"Putin afirma que &#8220;sob nenhuma condi\u00e7\u00e3o&#8221; R\u00fassia iniciar\u00e1 um ataque nuclear"},"content":{"rendered":"\n<p>Moscou (EFE).-\u00a0O presidente da R\u00fassia, Vladimir Putin, afirmou nesta quarta-feira que, &#8220;sob nenhuma condi\u00e7\u00e3o&#8221;, seu pa\u00eds ser\u00e1 o primeiro a utilizar seu arsenal nuclear.<\/p>\n\n\n\n<p>&#8220;A R\u00fassia, sob nenhuma condi\u00e7\u00e3o, ser\u00e1 a primeira a usar (suas armas nucleares)&#8221;, garantiu Putin durante uma reuni\u00e3o por videoconfer\u00eancia com membros do Conselho de Direitos Humanos do Kremlin.<\/p>\n\n\n\n<p>Ao mesmo tempo, o l\u00edder russo reconheceu que a amea\u00e7a de uma guerra nuclear est\u00e1 crescendo.<\/p>\n\n\n\n<p>&#8220;A amea\u00e7a de uma guerra nuclear aumenta, por que vamos nos enganar?&#8221;, comentou.<\/p>\n\n\n\n<p>Questionado sobre a implanta\u00e7\u00e3o de armas t\u00e1ticas dos Estados Unidos em pa\u00edses europeus, Putin assegurou que a R\u00fassia n\u00e3o ceder\u00e1 seu arsenal a ningu\u00e9m, nem mesmo para seus aliados.<\/p>\n\n\n\n<p>&#8220;As armas nucleares americanas est\u00e3o em grande n\u00famero em solo europeu. N\u00e3o transferimos nossas armas nucleares para ningu\u00e9m e n\u00e3o vamos faz\u00ea-lo&#8221;, disse Putin.<\/p>\n\n\n\n<p>Al\u00e9m disso, garantiu que Moscou defender\u00e1 seus aliados &#8220;com todos os meios \u00e0 sua disposi\u00e7\u00e3o&#8221; em caso de necessidade.<\/p>\n\n\n\n<p>Nesse sentido, o presidente russo reiterou que as armas nucleares do pa\u00eds s\u00e3o &#8220;mais avan\u00e7adas e modernas&#8221; do que o arsenal de outras pot\u00eancias at\u00f4micas.&nbsp;<\/p>\n\n\n\n<h2 class=\"wp-block-heading\">Putin admite que guerra pode se estender, mas descarta nova mobiliza\u00e7\u00e3o<\/h2>\n\n\n\n<p>Putin, reconheceu que a guerra na Ucr\u00e2nia pode demorar para terminar, mas descartou uma segunda onda de mobiliza\u00e7\u00e3o de reservistas.<\/p>\n\n\n\n<p>&#8220;\u00c9 claro que este pode ser um processo demorado&#8221;, disse o l\u00edder russo nesta quarta-feira durante uma reuni\u00e3o do Conselho de Direitos Humanos ligado ao Kremlin.<\/p>\n\n\n\n<p>Al\u00e9m disso, Putin ressaltou que seria um erro n\u00e3o reconhecer que na R\u00fassia &#8220;surgiram novos territ\u00f3rios&#8221;, referindo-se \u00e0s quatro regi\u00f5es ucranianas anexadas em setembro (Donetsk, Lugansk, Kherson e Zaporizhzhia).<\/p>\n\n\n\n<p>&#8220;Este \u00e9 um resultado significativo para a R\u00fassia. E o mar de Azov se tornou um mar interior para a R\u00fassia. Estas s\u00e3o coisas s\u00e9rias. Pedro, o Grande, j\u00e1 lutou para encontrar uma sa\u00edda para o Azov&#8221;, afirmou.<\/p>\n\n\n\n<p>Putin alegou que os referendos realizados nestes quatro territ\u00f3rios mostraram que seus habitantes querem viver como parte da R\u00fassia.<\/p>\n\n\n\n<p>&#8220;E esse \u00e9 o resultado mais importante. Agora eles est\u00e3o conosco. E eles s\u00e3o milh\u00f5es de pessoas. Isso \u00e9 o principal&#8221;, enfatizou.<\/p>\n\n\n\n<p>Putin usou a palavra &#8220;guerra&#8221; &#8211; o que n\u00e3o costuma fazer em rela\u00e7\u00e3o ao conflito na Ucr\u00e2nia &#8211; para assegurar que n\u00e3o foi a R\u00fassia que come\u00e7ou os combates na regi\u00e3o de Donbass em 2014, quando eclodiu uma revolta pr\u00f3-russa contra Kiev.<\/p>\n\n\n\n<p>Ele tamb\u00e9m descartou uma segunda onda de mobiliza\u00e7\u00e3o de reservistas para refor\u00e7ar as tropas que j\u00e1 combatem na Ucr\u00e2nia.<\/p>\n\n\n\n<p>&#8220;Estes rumores (&#8230;) s\u00e3o um disparate. A partir de hoje, n\u00e3o h\u00e1 necessidade disso, nem para o Estado, nem para o Minist\u00e9rio da Defesa&#8221;, garantiu.<\/p>\n\n\n\n<p>O l\u00edder russo explicou que metade dos reservistas, 150 mil homens, se juntou ao contingente destacado na Ucr\u00e2nia e 77 mil est\u00e3o em unidades de combate.<\/p>\n\n\n\n<p>&#8220;Metade de todos os mobilizados ainda est\u00e3o em campos militares ou centros de treinamento do Minist\u00e9rio da Defesa&#8221;, afirmou.<\/p>\n\n\n\n<p>Putin tamb\u00e9m negou hoje que tenha havido uma deser\u00e7\u00e3o em massa no ex\u00e9rcito russo na Ucr\u00e2nia e tamb\u00e9m a exist\u00eancia de pris\u00f5es para desertores. EFE<\/p>\n","protected":false},"excerpt":{"rendered":"<p>Moscou (EFE).-\u00a0O presidente da R\u00fassia, Vladimir Putin, afirmou nesta quarta-feira que, &#8220;sob nenhuma condi\u00e7\u00e3o&#8221;, seu pa\u00eds ser\u00e1 o primeiro a utilizar seu arsenal nuclear. &#8220;A R\u00fassia, sob nenhuma condi\u00e7\u00e3o, ser\u00e1 a primeira a usar (suas armas nucleares)&#8221;, garantiu Putin durante uma reuni\u00e3o por videoconfer\u00eancia com membros do Conselho de Direitos Humanos do Kremlin. Ao mesmo &#8230; <a title=\"Putin afirma que &#8220;sob nenhuma condi\u00e7\u00e3o&#8221; R\u00fassia iniciar\u00e1 um ataque nuclear\" class=\"read-more\" href=\"https:\/\/pre.efe.com\/pt-br\/mundo-2\/2022-12-07\/putin-afirma-que-sob-nenhuma-condicao-russia-iniciara-um-ataque-nuclear\/\" aria-label=\"Read more about Putin afirma que &#8220;sob nenhuma condi\u00e7\u00e3o&#8221; R\u00fassia iniciar\u00e1 um ataque nuclear\">Leia mais<\/a><\/p>\n","protected":false},"author":198164106,"featured_media":200442,"comment_status":"closed","ping_status":"closed","sticky":false,"template":"","format":"standard","meta":{"_acf_changed":false,"_jetpack_memberships_contains_paid_content":false,"footnotes":""},"categories":[123208,122141],"tags":[122791,122958,122792],"class_list":["post-200430","post","type-post","status-publish","format-standard","has-post-thumbnail","hentry","category-mundo-2","category-portada","tag-guerra-2","tag-russia-2","tag-ucrania-2","generate-columns","tablet-grid-50","mobile-grid-100","grid-parent","grid-50"],"acf":[],"yoast_head":"<!-- This site is optimized with the Yoast SEO Premium plugin v26.0 (Yoast SEO v27.5) - https:\/\/yoast.com\/product\/yoast-seo-premium-wordpress\/ -->\n<title>Putin afirma que &quot;sob nenhuma condi\u00e7\u00e3o&quot; R\u00fassia iniciar\u00e1 um ataque nuclear - EFE<\/title>\n<meta name=\"robots\" content=\"noindex, follow\" \/>\n<meta property=\"og:locale\" content=\"pt_BR\" \/>\n<meta property=\"og:type\" content=\"article\" \/>\n<meta property=\"og:title\" content=\"Putin afirma que &quot;sob nenhuma condi\u00e7\u00e3o&quot; R\u00fassia iniciar\u00e1 um ataque nuclear - EFE\" \/>\n<meta property=\"og:description\" content=\"Moscou (EFE).-\u00a0O presidente da R\u00fassia, Vladimir Putin, afirmou nesta quarta-feira que, &#8220;sob nenhuma condi\u00e7\u00e3o&#8221;, seu pa\u00eds ser\u00e1 o primeiro a utilizar seu arsenal nuclear. &#8220;A R\u00fassia, sob nenhuma condi\u00e7\u00e3o, ser\u00e1 a primeira a usar (suas armas nucleares)&#8221;, garantiu Putin durante uma reuni\u00e3o por videoconfer\u00eancia com membros do Conselho de Direitos Humanos do Kremlin. Ao mesmo ... Leia mais\" \/>\n<meta property=\"og:url\" content=\"https:\/\/pre.efe.com\/pt-br\/mundo-2\/2022-12-07\/putin-afirma-que-sob-nenhuma-condicao-russia-iniciara-um-ataque-nuclear\/\" \/>\n<meta property=\"og:site_name\" content=\"EFE Noticias\" \/>\n<meta property=\"article:publisher\" content=\"https:\/\/www.facebook.com\/AgenciaEFEnoticias\/\" \/>\n<meta property=\"article:published_time\" content=\"2022-12-07T22:46:00+00:00\" \/>\n<meta property=\"article:modified_time\" content=\"2022-12-08T00:58:59+00:00\" \/>\n<meta property=\"og:image\" content=\"https:\/\/i0.wp.com\/efe.com\/\/srv\/htdocs\/wp-content\/uploads\/2022\/12\/PUTIN-1.jpg?fit=900%2C705&ssl=1\" \/>\n\t<meta property=\"og:image:width\" content=\"900\" \/>\n\t<meta property=\"og:image:height\" content=\"705\" \/>\n\t<meta property=\"og:image:type\" content=\"image\/jpeg\" \/>\n<meta name=\"author\" content=\"anachain\" \/>\n<meta name=\"twitter:card\" content=\"summary_large_image\" \/>\n<meta name=\"twitter:creator\" content=\"@efenoticias\" \/>\n<meta name=\"twitter:site\" content=\"@efenoticias\" \/>\n<script type=\"application\/ld+json\" class=\"yoast-schema-graph\">{\"@context\":\"https:\\\/\\\/schema.org\",\"@graph\":[{\"@type\":\"NewsArticle\",\"@id\":\"https:\\\/\\\/pre.efe.com\\\/pt-br\\\/mundo-2\\\/2022-12-07\\\/putin-afirma-que-sob-nenhuma-condicao-russia-iniciara-um-ataque-nuclear\\\/#article\",\"isPartOf\":{\"@id\":\"https:\\\/\\\/pre.efe.com\\\/pt-br\\\/mundo-2\\\/2022-12-07\\\/putin-afirma-que-sob-nenhuma-condicao-russia-iniciara-um-ataque-nuclear\\\/\"},\"author\":{\"name\":\"anachain\",\"@id\":\"https:\\\/\\\/pre.efe.com\\\/pt-br\\\/#\\\/schema\\\/person\\\/b19f23f210db552768f68a4b552b004f\"},\"headline\":\"Putin afirma que &#8220;sob nenhuma condi\u00e7\u00e3o&#8221; R\u00fassia iniciar\u00e1 um ataque nuclear\",\"datePublished\":\"2022-12-07T22:46:00+00:00\",\"dateModified\":\"2022-12-08T00:58:59+00:00\",\"mainEntityOfPage\":{\"@id\":\"https:\\\/\\\/pre.efe.com\\\/pt-br\\\/mundo-2\\\/2022-12-07\\\/putin-afirma-que-sob-nenhuma-condicao-russia-iniciara-um-ataque-nuclear\\\/\"},\"wordCount\":583,\"publisher\":{\"@id\":\"https:\\\/\\\/pre.efe.com\\\/pt-br\\\/#organization\"},\"image\":{\"@id\":\"https:\\\/\\\/pre.efe.com\\\/pt-br\\\/mundo-2\\\/2022-12-07\\\/putin-afirma-que-sob-nenhuma-condicao-russia-iniciara-um-ataque-nuclear\\\/#primaryimage\"},\"thumbnailUrl\":\"https:\\\/\\\/pre.efe.com\\\/wp-content\\\/uploads\\\/2022\\\/12\\\/PUTIN-1.jpg\",\"keywords\":[\"Guerra\",\"Russia\",\"Ucrania\"],\"articleSection\":[\"Mundo\",\"Portada\"],\"inLanguage\":\"pt-BR\",\"copyrightYear\":\"2022\",\"copyrightHolder\":{\"@id\":\"https:\\\/\\\/pre.efe.com\\\/#organization\"}},{\"@type\":[\"WebPage\",\"ItemPage\"],\"@id\":\"https:\\\/\\\/pre.efe.com\\\/pt-br\\\/mundo-2\\\/2022-12-07\\\/putin-afirma-que-sob-nenhuma-condicao-russia-iniciara-um-ataque-nuclear\\\/\",\"url\":\"https:\\\/\\\/pre.efe.com\\\/pt-br\\\/mundo-2\\\/2022-12-07\\\/putin-afirma-que-sob-nenhuma-condicao-russia-iniciara-um-ataque-nuclear\\\/\",\"name\":\"Putin afirma que \\\"sob nenhuma condi\u00e7\u00e3o\\\" R\u00fassia iniciar\u00e1 um ataque nuclear - EFE\",\"isPartOf\":{\"@id\":\"https:\\\/\\\/pre.efe.com\\\/pt-br\\\/#website\"},\"primaryImageOfPage\":{\"@id\":\"https:\\\/\\\/pre.efe.com\\\/pt-br\\\/mundo-2\\\/2022-12-07\\\/putin-afirma-que-sob-nenhuma-condicao-russia-iniciara-um-ataque-nuclear\\\/#primaryimage\"},\"image\":{\"@id\":\"https:\\\/\\\/pre.efe.com\\\/pt-br\\\/mundo-2\\\/2022-12-07\\\/putin-afirma-que-sob-nenhuma-condicao-russia-iniciara-um-ataque-nuclear\\\/#primaryimage\"},\"thumbnailUrl\":\"https:\\\/\\\/pre.efe.com\\\/wp-content\\\/uploads\\\/2022\\\/12\\\/PUTIN-1.jpg\",\"datePublished\":\"2022-12-07T22:46:00+00:00\",\"dateModified\":\"2022-12-08T00:58:59+00:00\",\"breadcrumb\":{\"@id\":\"https:\\\/\\\/pre.efe.com\\\/pt-br\\\/mundo-2\\\/2022-12-07\\\/putin-afirma-que-sob-nenhuma-condicao-russia-iniciara-um-ataque-nuclear\\\/#breadcrumb\"},\"inLanguage\":\"pt-BR\",\"potentialAction\":[{\"@type\":\"ReadAction\",\"target\":[\"https:\\\/\\\/pre.efe.com\\\/pt-br\\\/mundo-2\\\/2022-12-07\\\/putin-afirma-que-sob-nenhuma-condicao-russia-iniciara-um-ataque-nuclear\\\/\"]}]},{\"@type\":\"ImageObject\",\"inLanguage\":\"pt-BR\",\"@id\":\"https:\\\/\\\/pre.efe.com\\\/pt-br\\\/mundo-2\\\/2022-12-07\\\/putin-afirma-que-sob-nenhuma-condicao-russia-iniciara-um-ataque-nuclear\\\/#primaryimage\",\"url\":\"https:\\\/\\\/pre.efe.com\\\/wp-content\\\/uploads\\\/2022\\\/12\\\/PUTIN-1.jpg\",\"contentUrl\":\"https:\\\/\\\/pre.efe.com\\\/wp-content\\\/uploads\\\/2022\\\/12\\\/PUTIN-1.jpg\",\"width\":900,\"height\":705,\"caption\":\"EFE\\\/SPUTNIK\\\/KREMLIN POOL\"},{\"@type\":\"BreadcrumbList\",\"@id\":\"https:\\\/\\\/pre.efe.com\\\/pt-br\\\/mundo-2\\\/2022-12-07\\\/putin-afirma-que-sob-nenhuma-condicao-russia-iniciara-um-ataque-nuclear\\\/#breadcrumb\",\"itemListElement\":[{\"@type\":\"ListItem\",\"position\":1,\"name\":\"Portada\",\"item\":\"https:\\\/\\\/pre.efe.com\\\/pt-br\\\/\"},{\"@type\":\"ListItem\",\"position\":2,\"name\":\"Putin afirma que \u00absob nenhuma condi\u00e7\u00e3o\u00bb R\u00fassia iniciar\u00e1 um ataque nuclear\"}]},{\"@type\":\"WebSite\",\"@id\":\"https:\\\/\\\/pre.efe.com\\\/pt-br\\\/#website\",\"url\":\"https:\\\/\\\/pre.efe.com\\\/pt-br\\\/\",\"name\":\"EFE Noticias\",\"description\":\"\",\"publisher\":{\"@id\":\"https:\\\/\\\/pre.efe.com\\\/pt-br\\\/#organization\"},\"potentialAction\":[{\"@type\":\"SearchAction\",\"target\":{\"@type\":\"EntryPoint\",\"urlTemplate\":\"https:\\\/\\\/pre.efe.com\\\/pt-br\\\/?s={search_term_string}\"},\"query-input\":{\"@type\":\"PropertyValueSpecification\",\"valueRequired\":true,\"valueName\":\"search_term_string\"}}],\"inLanguage\":\"pt-BR\"},{\"@type\":\"Organization\",\"@id\":\"https:\\\/\\\/pre.efe.com\\\/pt-br\\\/#organization\",\"name\":\"Agencia EFE\",\"url\":\"https:\\\/\\\/pre.efe.com\\\/pt-br\\\/\",\"logo\":{\"@type\":\"ImageObject\",\"inLanguage\":\"pt-BR\",\"@id\":\"https:\\\/\\\/pre.efe.com\\\/pt-br\\\/#\\\/schema\\\/logo\\\/image\\\/\",\"url\":\"https:\\\/\\\/pre.efe.com\\\/wp-content\\\/uploads\\\/2023\\\/06\\\/logo-efe-467.png\",\"contentUrl\":\"https:\\\/\\\/pre.efe.com\\\/wp-content\\\/uploads\\\/2023\\\/06\\\/logo-efe-467.png\",\"width\":467,\"height\":467,\"caption\":\"Agencia EFE\"},\"image\":{\"@id\":\"https:\\\/\\\/pre.efe.com\\\/pt-br\\\/#\\\/schema\\\/logo\\\/image\\\/\"},\"sameAs\":[\"https:\\\/\\\/www.facebook.com\\\/AgenciaEFEnoticias\\\/\",\"https:\\\/\\\/x.com\\\/efenoticias\",\"https:\\\/\\\/www.instagram.com\\\/efe_noticias\\\/\",\"http:\\\/\\\/www.youtube.com\\\/efe\"]},{\"@type\":\"Person\",\"@id\":\"https:\\\/\\\/pre.efe.com\\\/pt-br\\\/#\\\/schema\\\/person\\\/b19f23f210db552768f68a4b552b004f\",\"name\":\"anachain\",\"image\":{\"@type\":\"ImageObject\",\"inLanguage\":\"pt-BR\",\"@id\":\"https:\\\/\\\/secure.gravatar.com\\\/avatar\\\/30b83965911ef1108bb893c00bdd65c885f9890e1265ee04b02c3d5adc785d37?s=96&d=identicon&r=g\",\"url\":\"https:\\\/\\\/secure.gravatar.com\\\/avatar\\\/30b83965911ef1108bb893c00bdd65c885f9890e1265ee04b02c3d5adc785d37?s=96&d=identicon&r=g\",\"contentUrl\":\"https:\\\/\\\/secure.gravatar.com\\\/avatar\\\/30b83965911ef1108bb893c00bdd65c885f9890e1265ee04b02c3d5adc785d37?s=96&d=identicon&r=g\",\"caption\":\"anachain\"},\"url\":\"https:\\\/\\\/pre.efe.com\\\/pt-br\\\/autor\\\/anachain\\\/\"}]}<\/script>\n<!-- \/ Yoast SEO Premium plugin. -->","yoast_head_json":{"title":"Putin afirma que \"sob nenhuma condi\u00e7\u00e3o\" R\u00fassia iniciar\u00e1 um ataque nuclear - EFE","robots":{"index":"noindex","follow":"follow"},"og_locale":"pt_BR","og_type":"article","og_title":"Putin afirma que \"sob nenhuma condi\u00e7\u00e3o\" R\u00fassia iniciar\u00e1 um ataque nuclear - EFE","og_description":"Moscou (EFE).-\u00a0O presidente da R\u00fassia, Vladimir Putin, afirmou nesta quarta-feira que, &#8220;sob nenhuma condi\u00e7\u00e3o&#8221;, seu pa\u00eds ser\u00e1 o primeiro a utilizar seu arsenal nuclear. &#8220;A R\u00fassia, sob nenhuma condi\u00e7\u00e3o, ser\u00e1 a primeira a usar (suas armas nucleares)&#8221;, garantiu Putin durante uma reuni\u00e3o por videoconfer\u00eancia com membros do Conselho de Direitos Humanos do Kremlin. Ao mesmo ... Leia mais","og_url":"https:\/\/pre.efe.com\/pt-br\/mundo-2\/2022-12-07\/putin-afirma-que-sob-nenhuma-condicao-russia-iniciara-um-ataque-nuclear\/","og_site_name":"EFE Noticias","article_publisher":"https:\/\/www.facebook.com\/AgenciaEFEnoticias\/","article_published_time":"2022-12-07T22:46:00+00:00","article_modified_time":"2022-12-08T00:58:59+00:00","og_image":[{"width":900,"height":705,"url":"https:\/\/i0.wp.com\/efe.com\/\/srv\/htdocs\/wp-content\/uploads\/2022\/12\/PUTIN-1.jpg?fit=900%2C705&ssl=1","type":"image\/jpeg"}],"author":"anachain","twitter_card":"summary_large_image","twitter_creator":"@efenoticias","twitter_site":"@efenoticias","schema":{"@context":"https:\/\/schema.org","@graph":[{"@type":"NewsArticle","@id":"https:\/\/pre.efe.com\/pt-br\/mundo-2\/2022-12-07\/putin-afirma-que-sob-nenhuma-condicao-russia-iniciara-um-ataque-nuclear\/#article","isPartOf":{"@id":"https:\/\/pre.efe.com\/pt-br\/mundo-2\/2022-12-07\/putin-afirma-que-sob-nenhuma-condicao-russia-iniciara-um-ataque-nuclear\/"},"author":{"name":"anachain","@id":"https:\/\/pre.efe.com\/pt-br\/#\/schema\/person\/b19f23f210db552768f68a4b552b004f"},"headline":"Putin afirma que &#8220;sob nenhuma condi\u00e7\u00e3o&#8221; R\u00fassia iniciar\u00e1 um ataque nuclear","datePublished":"2022-12-07T22:46:00+00:00","dateModified":"2022-12-08T00:58:59+00:00","mainEntityOfPage":{"@id":"https:\/\/pre.efe.com\/pt-br\/mundo-2\/2022-12-07\/putin-afirma-que-sob-nenhuma-condicao-russia-iniciara-um-ataque-nuclear\/"},"wordCount":583,"publisher":{"@id":"https:\/\/pre.efe.com\/pt-br\/#organization"},"image":{"@id":"https:\/\/pre.efe.com\/pt-br\/mundo-2\/2022-12-07\/putin-afirma-que-sob-nenhuma-condicao-russia-iniciara-um-ataque-nuclear\/#primaryimage"},"thumbnailUrl":"https:\/\/pre.efe.com\/wp-content\/uploads\/2022\/12\/PUTIN-1.jpg","keywords":["Guerra","Russia","Ucrania"],"articleSection":["Mundo","Portada"],"inLanguage":"pt-BR","copyrightYear":"2022","copyrightHolder":{"@id":"https:\/\/pre.efe.com\/#organization"}},{"@type":["WebPage","ItemPage"],"@id":"https:\/\/pre.efe.com\/pt-br\/mundo-2\/2022-12-07\/putin-afirma-que-sob-nenhuma-condicao-russia-iniciara-um-ataque-nuclear\/","url":"https:\/\/pre.efe.com\/pt-br\/mundo-2\/2022-12-07\/putin-afirma-que-sob-nenhuma-condicao-russia-iniciara-um-ataque-nuclear\/","name":"Putin afirma que \"sob nenhuma condi\u00e7\u00e3o\" R\u00fassia iniciar\u00e1 um ataque nuclear - EFE","isPartOf":{"@id":"https:\/\/pre.efe.com\/pt-br\/#website"},"primaryImageOfPage":{"@id":"https:\/\/pre.efe.com\/pt-br\/mundo-2\/2022-12-07\/putin-afirma-que-sob-nenhuma-condicao-russia-iniciara-um-ataque-nuclear\/#primaryimage"},"image":{"@id":"https:\/\/pre.efe.com\/pt-br\/mundo-2\/2022-12-07\/putin-afirma-que-sob-nenhuma-condicao-russia-iniciara-um-ataque-nuclear\/#primaryimage"},"thumbnailUrl":"https:\/\/pre.efe.com\/wp-content\/uploads\/2022\/12\/PUTIN-1.jpg","datePublished":"2022-12-07T22:46:00+00:00","dateModified":"2022-12-08T00:58:59+00:00","breadcrumb":{"@id":"https:\/\/pre.efe.com\/pt-br\/mundo-2\/2022-12-07\/putin-afirma-que-sob-nenhuma-condicao-russia-iniciara-um-ataque-nuclear\/#breadcrumb"},"inLanguage":"pt-BR","potentialAction":[{"@type":"ReadAction","target":["https:\/\/pre.efe.com\/pt-br\/mundo-2\/2022-12-07\/putin-afirma-que-sob-nenhuma-condicao-russia-iniciara-um-ataque-nuclear\/"]}]},{"@type":"ImageObject","inLanguage":"pt-BR","@id":"https:\/\/pre.efe.com\/pt-br\/mundo-2\/2022-12-07\/putin-afirma-que-sob-nenhuma-condicao-russia-iniciara-um-ataque-nuclear\/#primaryimage","url":"https:\/\/pre.efe.com\/wp-content\/uploads\/2022\/12\/PUTIN-1.jpg","contentUrl":"https:\/\/pre.efe.com\/wp-content\/uploads\/2022\/12\/PUTIN-1.jpg","width":900,"height":705,"caption":"EFE\/SPUTNIK\/KREMLIN POOL"},{"@type":"BreadcrumbList","@id":"https:\/\/pre.efe.com\/pt-br\/mundo-2\/2022-12-07\/putin-afirma-que-sob-nenhuma-condicao-russia-iniciara-um-ataque-nuclear\/#breadcrumb","itemListElement":[{"@type":"ListItem","position":1,"name":"Portada","item":"https:\/\/pre.efe.com\/pt-br\/"},{"@type":"ListItem","position":2,"name":"Putin afirma que \u00absob nenhuma condi\u00e7\u00e3o\u00bb R\u00fassia iniciar\u00e1 um ataque nuclear"}]},{"@type":"WebSite","@id":"https:\/\/pre.efe.com\/pt-br\/#website","url":"https:\/\/pre.efe.com\/pt-br\/","name":"EFE Noticias","description":"","publisher":{"@id":"https:\/\/pre.efe.com\/pt-br\/#organization"},"potentialAction":[{"@type":"SearchAction","target":{"@type":"EntryPoint","urlTemplate":"https:\/\/pre.efe.com\/pt-br\/?s={search_term_string}"},"query-input":{"@type":"PropertyValueSpecification","valueRequired":true,"valueName":"search_term_string"}}],"inLanguage":"pt-BR"},{"@type":"Organization","@id":"https:\/\/pre.efe.com\/pt-br\/#organization","name":"Agencia EFE","url":"https:\/\/pre.efe.com\/pt-br\/","logo":{"@type":"ImageObject","inLanguage":"pt-BR","@id":"https:\/\/pre.efe.com\/pt-br\/#\/schema\/logo\/image\/","url":"https:\/\/pre.efe.com\/wp-content\/uploads\/2023\/06\/logo-efe-467.png","contentUrl":"https:\/\/pre.efe.com\/wp-content\/uploads\/2023\/06\/logo-efe-467.png","width":467,"height":467,"caption":"Agencia EFE"},"image":{"@id":"https:\/\/pre.efe.com\/pt-br\/#\/schema\/logo\/image\/"},"sameAs":["https:\/\/www.facebook.com\/AgenciaEFEnoticias\/","https:\/\/x.com\/efenoticias","https:\/\/www.instagram.com\/efe_noticias\/","http:\/\/www.youtube.com\/efe"]},{"@type":"Person","@id":"https:\/\/pre.efe.com\/pt-br\/#\/schema\/person\/b19f23f210db552768f68a4b552b004f","name":"anachain","image":{"@type":"ImageObject","inLanguage":"pt-BR","@id":"https:\/\/secure.gravatar.com\/avatar\/30b83965911ef1108bb893c00bdd65c885f9890e1265ee04b02c3d5adc785d37?s=96&d=identicon&r=g","url":"https:\/\/secure.gravatar.com\/avatar\/30b83965911ef1108bb893c00bdd65c885f9890e1265ee04b02c3d5adc785d37?s=96&d=identicon&r=g","contentUrl":"https:\/\/secure.gravatar.com\/avatar\/30b83965911ef1108bb893c00bdd65c885f9890e1265ee04b02c3d5adc785d37?s=96&d=identicon&r=g","caption":"anachain"},"url":"https:\/\/pre.efe.com\/pt-br\/autor\/anachain\/"}]}},"jetpack_featured_media_url":"https:\/\/pre.efe.com\/wp-content\/uploads\/2022\/12\/PUTIN-1.jpg","jetpack_shortlink":"https:\/\/wp.me\/peJvHm-Q8K","jetpack_sharing_enabled":true,"_links":{"self":[{"href":"https:\/\/pre.efe.com\/pt-br\/wp-json\/wp\/v2\/posts\/200430","targetHints":{"allow":["GET"]}}],"collection":[{"href":"https:\/\/pre.efe.com\/pt-br\/wp-json\/wp\/v2\/posts"}],"about":[{"href":"https:\/\/pre.efe.com\/pt-br\/wp-json\/wp\/v2\/types\/post"}],"author":[{"embeddable":true,"href":"https:\/\/pre.efe.com\/pt-br\/wp-json\/wp\/v2\/users\/198164106"}],"replies":[{"embeddable":true,"href":"https:\/\/pre.efe.com\/pt-br\/wp-json\/wp\/v2\/comments?post=200430"}],"version-history":[{"count":3,"href":"https:\/\/pre.efe.com\/pt-br\/wp-json\/wp\/v2\/posts\/200430\/revisions"}],"predecessor-version":[{"id":200445,"href":"https:\/\/pre.efe.com\/pt-br\/wp-json\/wp\/v2\/posts\/200430\/revisions\/200445"}],"wp:featuredmedia":[{"embeddable":true,"href":"https:\/\/pre.efe.com\/pt-br\/wp-json\/wp\/v2\/media\/200442"}],"wp:attachment":[{"href":"https:\/\/pre.efe.com\/pt-br\/wp-json\/wp\/v2\/media?parent=200430"}],"wp:term":[{"taxonomy":"category","embeddable":true,"href":"https:\/\/pre.efe.com\/pt-br\/wp-json\/wp\/v2\/categories?post=200430"},{"taxonomy":"post_tag","embeddable":true,"href":"https:\/\/pre.efe.com\/pt-br\/wp-json\/wp\/v2\/tags?post=200430"}],"curies":[{"name":"wp","href":"https:\/\/api.w.org\/{rel}","templated":true}]}}