{"id":2006404,"date":"2025-07-10T15:28:52","date_gmt":"2025-07-10T13:28:52","guid":{"rendered":"https:\/\/pre.efe.com\/?p=2006404"},"modified":"2025-07-10T15:28:54","modified_gmt":"2025-07-10T13:28:54","slug":"cortes-de-verba-dos-eua-para-aids-podem-causar-milhoes-de-novas-infeccoes-adverte-onu","status":"publish","type":"post","link":"https:\/\/pre.efe.com\/pt-br\/saude\/2025-07-10\/cortes-de-verba-dos-eua-para-aids-podem-causar-milhoes-de-novas-infeccoes-adverte-onu\/","title":{"rendered":"Cortes de verba dos EUA para aids podem causar milh\u00f5es de novas infec\u00e7\u00f5es, adverte ONU"},"content":{"rendered":"\n<p>Joanesburgo (EFE).-\u00a0As Na\u00e7\u00f5es Unidas advertiram nesta quinta-feira que, se os cortes de fundos dos Estados Unidos para a preven\u00e7\u00e3o e tratamento da aids persistirem, podem ocorrer seis milh\u00f5es de novas infec\u00e7\u00f5es por HIV e quatro milh\u00f5es de mortes adicionais relacionadas \u00e0 doen\u00e7a at\u00e9 2030.<\/p>\n\n\n\n<p>Em um relat\u00f3rio publicado em Joanesburgo, na \u00c1frica do Sul, o Programa Conjunto das Na\u00e7\u00f5es Unidas sobre o HIV\/Aids (UNAIDS) afirmou que suas proje\u00e7\u00f5es apontam para esse cen\u00e1rio caso haja uma &#8220;interrup\u00e7\u00e3o permanente&#8221; do Plano de Emerg\u00eancia do Presidente dos Estados Unidos para o Al\u00edvio da Aids (PEPFAR), que previa cerca de US$ 4,3 bilh\u00f5es em &#8220;apoio bilateral&#8221; para este ano.<\/p>\n\n\n\n<p>Os programas contra o HIV (v\u00edrus causador da aids) em todo o mundo, ressaltou, enfrentam &#8220;as dr\u00e1sticas e repentinas redu\u00e7\u00f5es no financiamento da resposta mundial ao HIV anunciadas pelo governo dos Estados Unidos no in\u00edcio de 2025&#8221;.<\/p>\n\n\n\n<p>&#8220;Esses servi\u00e7os foram interrompidos da noite para o dia quando o governo americano mudou suas estrat\u00e9gias de assist\u00eancia exterior&#8221;, indicou o relat\u00f3rio, intitulado &#8220;Aids, crise e o poder de transformar&#8221;.<\/p>\n\n\n\n<h2 class=\"wp-block-heading\" id=\"h-onda-de-perda-de-fundos\">Onda de perda de fundos<\/h2>\n\n\n\n<p>De acordo com o documento, a onda de cortes de fundos desestabilizou as cadeias de suprimentos e resultou no fechamento de centros de sa\u00fade, deixou milhares de cl\u00ednicas ficaram sem pessoal, programas de preven\u00e7\u00e3o foram atrasados, a detec\u00e7\u00e3o precoce do HIV foi interrompida e in\u00fameras organiza\u00e7\u00f5es comunit\u00e1rias foram for\u00e7adas a reduzir ou cessar suas atividades.<\/p>\n\n\n\n<p>Por exemplo, somente em Mo\u00e7ambique, mais de 30 mil profissionais sanit\u00e1rios foram afetados, enquanto na Nig\u00e9ria o in\u00edcio da profilaxia pr\u00e9-exposi\u00e7\u00e3o (PrEP), um tratamento preventivo contra o HIV, despencou de 40 mil para 6 mil pessoas por m\u00eas.<\/p>\n\n\n\n<p>\u201cExiste o temor de que outros grandes pa\u00edses doadores possam retirar-se da solidariedade que mantiveram com os pa\u00edses mais pobres (&#8230;). Se isso ocorrer e os cortes e congelamentos atuais continuarem, d\u00e9cadas de avan\u00e7os na resposta ao HIV podem ser revertidas e o objetivo de acabar com a aids como amea\u00e7a \u00e0 sa\u00fade p\u00fablica (at\u00e9 2030) estaria em perigo&#8221;, alertou o UNAIDS.<\/p>\n\n\n\n<p>Segundo a ONU, 1,3 milh\u00e3o de pessoas foram infectadas com HIV em 2024, uma redu\u00e7\u00e3o de 40% em rela\u00e7\u00e3o a 2010. Desses novos casos, metade ocorreu na \u00c1frica subsaariana, onde as infec\u00e7\u00f5es ca\u00edram 56% no ano passado.<\/p>\n\n\n\n<p>Em 2024, 630 mil pessoas morreram por causas relacionadas \u00e0 aids \u2013 61% delas na \u00c1frica subsaariana \u2013, o que representa uma queda de 54% em compara\u00e7\u00e3o com 2010, gra\u00e7as \u00e0 oferta de exames e tratamentos gratuitos.<\/p>\n\n\n\n<p>&#8220;Cinco pa\u00edses (Lesoto, Malawi, Nepal, Ruanda e Zimb\u00e1bue), a maioria da \u00c1frica subsaariana, estavam a caminho de alcan\u00e7ar uma redu\u00e7\u00e3o de 90% nas novas infec\u00e7\u00f5es at\u00e9 2030 em compara\u00e7\u00e3o com 2010&#8221;, detalhou o relat\u00f3rio.<\/p>\n\n\n\n<p>No documento, apresentado no hospital p\u00fablico Bertha Gxowa, de Joanesburgo, a diretora executiva do UNAIDS, Winnie Byanyima, afirmou que a assist\u00eancia internacional representa 80% dos programas de preven\u00e7\u00e3o em pa\u00edses de baixa e m\u00e9dia renda.<\/p>\n\n\n\n<h2 class=\"wp-block-heading\" id=\"h-bomba-relogio\">Bomba-rel\u00f3gio<\/h2>\n\n\n\n<p>O corte da ajuda americana &#8220;n\u00e3o \u00e9 apenas um d\u00e9ficit de financiamento, \u00e9 uma bomba-rel\u00f3gio&#8221;, declarou Byanyima, ao lembrar que &#8220;a resposta ao HIV j\u00e1 salvou 26,9 milh\u00f5es de vidas&#8221;.<\/p>\n\n\n\n<p>Na \u00c1frica subsaariana, onde vive mais de 60% de todas as pessoas com HIV, a provis\u00e3o de terapia antirretroviral, entre outros avan\u00e7os, levou a um aumento da expectativa de vida, que passou de 56,5 anos em 2010 para 62,3 anos em 2024.<\/p>\n\n\n\n<p>Apesar de tudo, a diretora executiva do UNAIDS destacou que &#8220;ainda h\u00e1 tempo para transformar esta crise em uma oportunidade&#8221;.<\/p>\n\n\n\n<p>&#8220;Os pa\u00edses \u2013 assegurou \u2013 est\u00e3o intensificando seu apoio com fundos nacionais. As comunidades est\u00e3o demonstrando o que funciona. Agora precisamos de uma solidariedade global que esteja \u00e0 altura de sua coragem e resili\u00eancia&#8221;.<\/p>\n\n\n\n<p>O UNAIDS estima que, se o mundo adotar novas tecnologias, efici\u00eancias e abordagens, o custo anual da resposta ao HIV poderia ser reduzido em US$ 7 bilh\u00f5es.<\/p>\n\n\n\n<p>&#8220;Em tempos de crise, o mundo deve optar pela transforma\u00e7\u00e3o em vez da retirada. Juntos, ainda podemos acabar com a aids como amea\u00e7a \u00e0 sa\u00fade p\u00fablica at\u00e9 2030 se agirmos com urg\u00eancia, unidade e um compromisso inabal\u00e1vel&#8221;, concluiu Byanyima. EFE<\/p>\n","protected":false},"excerpt":{"rendered":"<p>Joanesburgo (EFE).-\u00a0As Na\u00e7\u00f5es Unidas advertiram nesta quinta-feira que, se os cortes de fundos dos Estados Unidos para a preven\u00e7\u00e3o e tratamento da aids persistirem, podem ocorrer seis milh\u00f5es de novas infec\u00e7\u00f5es por HIV e quatro milh\u00f5es de mortes adicionais relacionadas \u00e0 doen\u00e7a at\u00e9 2030. Em um relat\u00f3rio publicado em Joanesburgo, na \u00c1frica do Sul, o &#8230; <a title=\"Cortes de verba dos EUA para aids podem causar milh\u00f5es de novas infec\u00e7\u00f5es, adverte ONU\" class=\"read-more\" href=\"https:\/\/pre.efe.com\/pt-br\/saude\/2025-07-10\/cortes-de-verba-dos-eua-para-aids-podem-causar-milhoes-de-novas-infeccoes-adverte-onu\/\" aria-label=\"Read more about Cortes de verba dos EUA para aids podem causar milh\u00f5es de novas infec\u00e7\u00f5es, adverte ONU\">Leia mais<\/a><\/p>\n","protected":false},"author":198164106,"featured_media":1829504,"comment_status":"closed","ping_status":"closed","sticky":false,"template":"","format":"standard","meta":{"_acf_changed":false,"_jetpack_memberships_contains_paid_content":false,"footnotes":""},"categories":[122144,122040],"tags":[],"class_list":["post-2006404","post","type-post","status-publish","format-standard","has-post-thumbnail","hentry","category-outras-noticias","category-saude","generate-columns","tablet-grid-50","mobile-grid-100","grid-parent","grid-50"],"acf":[],"yoast_head":"<!-- This site is optimized with the Yoast SEO Premium plugin v26.0 (Yoast SEO v27.5) - https:\/\/yoast.com\/product\/yoast-seo-premium-wordpress\/ -->\n<title>Cortes de verba dos EUA para aids podem causar milh\u00f5es de novas infec\u00e7\u00f5es, adverte ONU - EFE<\/title>\n<meta name=\"robots\" content=\"noindex, follow\" \/>\n<meta property=\"og:locale\" content=\"pt_BR\" \/>\n<meta property=\"og:type\" content=\"article\" \/>\n<meta property=\"og:title\" content=\"Cortes de verba dos EUA para aids podem causar milh\u00f5es de novas infec\u00e7\u00f5es, adverte ONU - EFE\" \/>\n<meta property=\"og:description\" content=\"Joanesburgo (EFE).-\u00a0As Na\u00e7\u00f5es Unidas advertiram nesta quinta-feira que, se os cortes de fundos dos Estados Unidos para a preven\u00e7\u00e3o e tratamento da aids persistirem, podem ocorrer seis milh\u00f5es de novas infec\u00e7\u00f5es por HIV e quatro milh\u00f5es de mortes adicionais relacionadas \u00e0 doen\u00e7a at\u00e9 2030. Em um relat\u00f3rio publicado em Joanesburgo, na \u00c1frica do Sul, o ... Leia mais\" \/>\n<meta property=\"og:url\" content=\"https:\/\/pre.efe.com\/pt-br\/saude\/2025-07-10\/cortes-de-verba-dos-eua-para-aids-podem-causar-milhoes-de-novas-infeccoes-adverte-onu\/\" \/>\n<meta property=\"og:site_name\" content=\"EFE Noticias\" \/>\n<meta property=\"article:publisher\" content=\"https:\/\/www.facebook.com\/AgenciaEFEnoticias\/\" \/>\n<meta property=\"article:published_time\" content=\"2025-07-10T13:28:52+00:00\" \/>\n<meta property=\"article:modified_time\" content=\"2025-07-10T13:28:54+00:00\" \/>\n<meta property=\"og:image\" content=\"https:\/\/pre.efe.com\/wp-content\/uploads\/2025\/04\/Europa-va-camino-de-incumplir-los-objetivos-de-desarrollo-en-VIH-tuberculosis-y-hepatitis.webp\" \/>\n\t<meta property=\"og:image:width\" content=\"900\" \/>\n\t<meta property=\"og:image:height\" content=\"599\" \/>\n\t<meta property=\"og:image:type\" content=\"image\/jpeg\" \/>\n<meta name=\"author\" content=\"anachain\" \/>\n<meta name=\"twitter:card\" content=\"summary_large_image\" \/>\n<meta name=\"twitter:creator\" content=\"@efenoticias\" \/>\n<meta name=\"twitter:site\" content=\"@efenoticias\" \/>\n<script type=\"application\/ld+json\" class=\"yoast-schema-graph\">{\"@context\":\"https:\\\/\\\/schema.org\",\"@graph\":[{\"@type\":\"NewsArticle\",\"@id\":\"https:\\\/\\\/pre.efe.com\\\/pt-br\\\/saude\\\/2025-07-10\\\/cortes-de-verba-dos-eua-para-aids-podem-causar-milhoes-de-novas-infeccoes-adverte-onu\\\/#article\",\"isPartOf\":{\"@id\":\"https:\\\/\\\/pre.efe.com\\\/pt-br\\\/saude\\\/2025-07-10\\\/cortes-de-verba-dos-eua-para-aids-podem-causar-milhoes-de-novas-infeccoes-adverte-onu\\\/\"},\"author\":{\"name\":\"anachain\",\"@id\":\"https:\\\/\\\/pre.efe.com\\\/pt-br\\\/#\\\/schema\\\/person\\\/b19f23f210db552768f68a4b552b004f\"},\"headline\":\"Cortes de verba dos EUA para aids podem causar milh\u00f5es de novas infec\u00e7\u00f5es, adverte ONU\",\"datePublished\":\"2025-07-10T13:28:52+00:00\",\"dateModified\":\"2025-07-10T13:28:54+00:00\",\"mainEntityOfPage\":{\"@id\":\"https:\\\/\\\/pre.efe.com\\\/pt-br\\\/saude\\\/2025-07-10\\\/cortes-de-verba-dos-eua-para-aids-podem-causar-milhoes-de-novas-infeccoes-adverte-onu\\\/\"},\"wordCount\":729,\"publisher\":{\"@id\":\"https:\\\/\\\/pre.efe.com\\\/pt-br\\\/#organization\"},\"image\":{\"@id\":\"https:\\\/\\\/pre.efe.com\\\/pt-br\\\/saude\\\/2025-07-10\\\/cortes-de-verba-dos-eua-para-aids-podem-causar-milhoes-de-novas-infeccoes-adverte-onu\\\/#primaryimage\"},\"thumbnailUrl\":\"https:\\\/\\\/pre.efe.com\\\/wp-content\\\/uploads\\\/2025\\\/04\\\/Europa-va-camino-de-incumplir-los-objetivos-de-desarrollo-en-VIH-tuberculosis-y-hepatitis.webp\",\"articleSection\":[\"Outras not\u00edcias\",\"Sa\u00fade\"],\"inLanguage\":\"pt-BR\",\"copyrightYear\":\"2025\",\"copyrightHolder\":{\"@id\":\"https:\\\/\\\/pre.efe.com\\\/#organization\"}},{\"@type\":[\"WebPage\",\"ItemPage\"],\"@id\":\"https:\\\/\\\/pre.efe.com\\\/pt-br\\\/saude\\\/2025-07-10\\\/cortes-de-verba-dos-eua-para-aids-podem-causar-milhoes-de-novas-infeccoes-adverte-onu\\\/\",\"url\":\"https:\\\/\\\/pre.efe.com\\\/pt-br\\\/saude\\\/2025-07-10\\\/cortes-de-verba-dos-eua-para-aids-podem-causar-milhoes-de-novas-infeccoes-adverte-onu\\\/\",\"name\":\"Cortes de verba dos EUA para aids podem causar milh\u00f5es de novas infec\u00e7\u00f5es, adverte ONU - EFE\",\"isPartOf\":{\"@id\":\"https:\\\/\\\/pre.efe.com\\\/pt-br\\\/#website\"},\"primaryImageOfPage\":{\"@id\":\"https:\\\/\\\/pre.efe.com\\\/pt-br\\\/saude\\\/2025-07-10\\\/cortes-de-verba-dos-eua-para-aids-podem-causar-milhoes-de-novas-infeccoes-adverte-onu\\\/#primaryimage\"},\"image\":{\"@id\":\"https:\\\/\\\/pre.efe.com\\\/pt-br\\\/saude\\\/2025-07-10\\\/cortes-de-verba-dos-eua-para-aids-podem-causar-milhoes-de-novas-infeccoes-adverte-onu\\\/#primaryimage\"},\"thumbnailUrl\":\"https:\\\/\\\/pre.efe.com\\\/wp-content\\\/uploads\\\/2025\\\/04\\\/Europa-va-camino-de-incumplir-los-objetivos-de-desarrollo-en-VIH-tuberculosis-y-hepatitis.webp\",\"datePublished\":\"2025-07-10T13:28:52+00:00\",\"dateModified\":\"2025-07-10T13:28:54+00:00\",\"breadcrumb\":{\"@id\":\"https:\\\/\\\/pre.efe.com\\\/pt-br\\\/saude\\\/2025-07-10\\\/cortes-de-verba-dos-eua-para-aids-podem-causar-milhoes-de-novas-infeccoes-adverte-onu\\\/#breadcrumb\"},\"inLanguage\":\"pt-BR\",\"potentialAction\":[{\"@type\":\"ReadAction\",\"target\":[\"https:\\\/\\\/pre.efe.com\\\/pt-br\\\/saude\\\/2025-07-10\\\/cortes-de-verba-dos-eua-para-aids-podem-causar-milhoes-de-novas-infeccoes-adverte-onu\\\/\"]}]},{\"@type\":\"ImageObject\",\"inLanguage\":\"pt-BR\",\"@id\":\"https:\\\/\\\/pre.efe.com\\\/pt-br\\\/saude\\\/2025-07-10\\\/cortes-de-verba-dos-eua-para-aids-podem-causar-milhoes-de-novas-infeccoes-adverte-onu\\\/#primaryimage\",\"url\":\"https:\\\/\\\/pre.efe.com\\\/wp-content\\\/uploads\\\/2025\\\/04\\\/Europa-va-camino-de-incumplir-los-objetivos-de-desarrollo-en-VIH-tuberculosis-y-hepatitis.webp\",\"contentUrl\":\"https:\\\/\\\/pre.efe.com\\\/wp-content\\\/uploads\\\/2025\\\/04\\\/Europa-va-camino-de-incumplir-los-objetivos-de-desarrollo-en-VIH-tuberculosis-y-hepatitis.webp\",\"width\":900,\"height\":599,\"caption\":\"EFE\\\/Arquivo\\\/AHMAD YUSNI\"},{\"@type\":\"BreadcrumbList\",\"@id\":\"https:\\\/\\\/pre.efe.com\\\/pt-br\\\/saude\\\/2025-07-10\\\/cortes-de-verba-dos-eua-para-aids-podem-causar-milhoes-de-novas-infeccoes-adverte-onu\\\/#breadcrumb\",\"itemListElement\":[{\"@type\":\"ListItem\",\"position\":1,\"name\":\"Portada\",\"item\":\"https:\\\/\\\/pre.efe.com\\\/pt-br\\\/\"},{\"@type\":\"ListItem\",\"position\":2,\"name\":\"Cortes de verba dos EUA para aids podem causar milh\u00f5es de novas infec\u00e7\u00f5es, adverte ONU\"}]},{\"@type\":\"WebSite\",\"@id\":\"https:\\\/\\\/pre.efe.com\\\/pt-br\\\/#website\",\"url\":\"https:\\\/\\\/pre.efe.com\\\/pt-br\\\/\",\"name\":\"EFE Noticias\",\"description\":\"\",\"publisher\":{\"@id\":\"https:\\\/\\\/pre.efe.com\\\/pt-br\\\/#organization\"},\"potentialAction\":[{\"@type\":\"SearchAction\",\"target\":{\"@type\":\"EntryPoint\",\"urlTemplate\":\"https:\\\/\\\/pre.efe.com\\\/pt-br\\\/?s={search_term_string}\"},\"query-input\":{\"@type\":\"PropertyValueSpecification\",\"valueRequired\":true,\"valueName\":\"search_term_string\"}}],\"inLanguage\":\"pt-BR\"},{\"@type\":\"Organization\",\"@id\":\"https:\\\/\\\/pre.efe.com\\\/pt-br\\\/#organization\",\"name\":\"Agencia EFE\",\"url\":\"https:\\\/\\\/pre.efe.com\\\/pt-br\\\/\",\"logo\":{\"@type\":\"ImageObject\",\"inLanguage\":\"pt-BR\",\"@id\":\"https:\\\/\\\/pre.efe.com\\\/pt-br\\\/#\\\/schema\\\/logo\\\/image\\\/\",\"url\":\"https:\\\/\\\/pre.efe.com\\\/wp-content\\\/uploads\\\/2023\\\/06\\\/logo-efe-467.png\",\"contentUrl\":\"https:\\\/\\\/pre.efe.com\\\/wp-content\\\/uploads\\\/2023\\\/06\\\/logo-efe-467.png\",\"width\":467,\"height\":467,\"caption\":\"Agencia EFE\"},\"image\":{\"@id\":\"https:\\\/\\\/pre.efe.com\\\/pt-br\\\/#\\\/schema\\\/logo\\\/image\\\/\"},\"sameAs\":[\"https:\\\/\\\/www.facebook.com\\\/AgenciaEFEnoticias\\\/\",\"https:\\\/\\\/x.com\\\/efenoticias\",\"https:\\\/\\\/www.instagram.com\\\/efe_noticias\\\/\",\"http:\\\/\\\/www.youtube.com\\\/efe\"]},{\"@type\":\"Person\",\"@id\":\"https:\\\/\\\/pre.efe.com\\\/pt-br\\\/#\\\/schema\\\/person\\\/b19f23f210db552768f68a4b552b004f\",\"name\":\"anachain\",\"image\":{\"@type\":\"ImageObject\",\"inLanguage\":\"pt-BR\",\"@id\":\"https:\\\/\\\/secure.gravatar.com\\\/avatar\\\/30b83965911ef1108bb893c00bdd65c885f9890e1265ee04b02c3d5adc785d37?s=96&d=identicon&r=g\",\"url\":\"https:\\\/\\\/secure.gravatar.com\\\/avatar\\\/30b83965911ef1108bb893c00bdd65c885f9890e1265ee04b02c3d5adc785d37?s=96&d=identicon&r=g\",\"contentUrl\":\"https:\\\/\\\/secure.gravatar.com\\\/avatar\\\/30b83965911ef1108bb893c00bdd65c885f9890e1265ee04b02c3d5adc785d37?s=96&d=identicon&r=g\",\"caption\":\"anachain\"},\"url\":\"https:\\\/\\\/pre.efe.com\\\/pt-br\\\/autor\\\/anachain\\\/\"}]}<\/script>\n<!-- \/ Yoast SEO Premium plugin. -->","yoast_head_json":{"title":"Cortes de verba dos EUA para aids podem causar milh\u00f5es de novas infec\u00e7\u00f5es, adverte ONU - EFE","robots":{"index":"noindex","follow":"follow"},"og_locale":"pt_BR","og_type":"article","og_title":"Cortes de verba dos EUA para aids podem causar milh\u00f5es de novas infec\u00e7\u00f5es, adverte ONU - EFE","og_description":"Joanesburgo (EFE).-\u00a0As Na\u00e7\u00f5es Unidas advertiram nesta quinta-feira que, se os cortes de fundos dos Estados Unidos para a preven\u00e7\u00e3o e tratamento da aids persistirem, podem ocorrer seis milh\u00f5es de novas infec\u00e7\u00f5es por HIV e quatro milh\u00f5es de mortes adicionais relacionadas \u00e0 doen\u00e7a at\u00e9 2030. Em um relat\u00f3rio publicado em Joanesburgo, na \u00c1frica do Sul, o ... Leia mais","og_url":"https:\/\/pre.efe.com\/pt-br\/saude\/2025-07-10\/cortes-de-verba-dos-eua-para-aids-podem-causar-milhoes-de-novas-infeccoes-adverte-onu\/","og_site_name":"EFE Noticias","article_publisher":"https:\/\/www.facebook.com\/AgenciaEFEnoticias\/","article_published_time":"2025-07-10T13:28:52+00:00","article_modified_time":"2025-07-10T13:28:54+00:00","og_image":[{"width":900,"height":599,"url":"https:\/\/pre.efe.com\/wp-content\/uploads\/2025\/04\/Europa-va-camino-de-incumplir-los-objetivos-de-desarrollo-en-VIH-tuberculosis-y-hepatitis.webp","type":"image\/jpeg"}],"author":"anachain","twitter_card":"summary_large_image","twitter_creator":"@efenoticias","twitter_site":"@efenoticias","schema":{"@context":"https:\/\/schema.org","@graph":[{"@type":"NewsArticle","@id":"https:\/\/pre.efe.com\/pt-br\/saude\/2025-07-10\/cortes-de-verba-dos-eua-para-aids-podem-causar-milhoes-de-novas-infeccoes-adverte-onu\/#article","isPartOf":{"@id":"https:\/\/pre.efe.com\/pt-br\/saude\/2025-07-10\/cortes-de-verba-dos-eua-para-aids-podem-causar-milhoes-de-novas-infeccoes-adverte-onu\/"},"author":{"name":"anachain","@id":"https:\/\/pre.efe.com\/pt-br\/#\/schema\/person\/b19f23f210db552768f68a4b552b004f"},"headline":"Cortes de verba dos EUA para aids podem causar milh\u00f5es de novas infec\u00e7\u00f5es, adverte ONU","datePublished":"2025-07-10T13:28:52+00:00","dateModified":"2025-07-10T13:28:54+00:00","mainEntityOfPage":{"@id":"https:\/\/pre.efe.com\/pt-br\/saude\/2025-07-10\/cortes-de-verba-dos-eua-para-aids-podem-causar-milhoes-de-novas-infeccoes-adverte-onu\/"},"wordCount":729,"publisher":{"@id":"https:\/\/pre.efe.com\/pt-br\/#organization"},"image":{"@id":"https:\/\/pre.efe.com\/pt-br\/saude\/2025-07-10\/cortes-de-verba-dos-eua-para-aids-podem-causar-milhoes-de-novas-infeccoes-adverte-onu\/#primaryimage"},"thumbnailUrl":"https:\/\/pre.efe.com\/wp-content\/uploads\/2025\/04\/Europa-va-camino-de-incumplir-los-objetivos-de-desarrollo-en-VIH-tuberculosis-y-hepatitis.webp","articleSection":["Outras not\u00edcias","Sa\u00fade"],"inLanguage":"pt-BR","copyrightYear":"2025","copyrightHolder":{"@id":"https:\/\/pre.efe.com\/#organization"}},{"@type":["WebPage","ItemPage"],"@id":"https:\/\/pre.efe.com\/pt-br\/saude\/2025-07-10\/cortes-de-verba-dos-eua-para-aids-podem-causar-milhoes-de-novas-infeccoes-adverte-onu\/","url":"https:\/\/pre.efe.com\/pt-br\/saude\/2025-07-10\/cortes-de-verba-dos-eua-para-aids-podem-causar-milhoes-de-novas-infeccoes-adverte-onu\/","name":"Cortes de verba dos EUA para aids podem causar milh\u00f5es de novas infec\u00e7\u00f5es, adverte ONU - EFE","isPartOf":{"@id":"https:\/\/pre.efe.com\/pt-br\/#website"},"primaryImageOfPage":{"@id":"https:\/\/pre.efe.com\/pt-br\/saude\/2025-07-10\/cortes-de-verba-dos-eua-para-aids-podem-causar-milhoes-de-novas-infeccoes-adverte-onu\/#primaryimage"},"image":{"@id":"https:\/\/pre.efe.com\/pt-br\/saude\/2025-07-10\/cortes-de-verba-dos-eua-para-aids-podem-causar-milhoes-de-novas-infeccoes-adverte-onu\/#primaryimage"},"thumbnailUrl":"https:\/\/pre.efe.com\/wp-content\/uploads\/2025\/04\/Europa-va-camino-de-incumplir-los-objetivos-de-desarrollo-en-VIH-tuberculosis-y-hepatitis.webp","datePublished":"2025-07-10T13:28:52+00:00","dateModified":"2025-07-10T13:28:54+00:00","breadcrumb":{"@id":"https:\/\/pre.efe.com\/pt-br\/saude\/2025-07-10\/cortes-de-verba-dos-eua-para-aids-podem-causar-milhoes-de-novas-infeccoes-adverte-onu\/#breadcrumb"},"inLanguage":"pt-BR","potentialAction":[{"@type":"ReadAction","target":["https:\/\/pre.efe.com\/pt-br\/saude\/2025-07-10\/cortes-de-verba-dos-eua-para-aids-podem-causar-milhoes-de-novas-infeccoes-adverte-onu\/"]}]},{"@type":"ImageObject","inLanguage":"pt-BR","@id":"https:\/\/pre.efe.com\/pt-br\/saude\/2025-07-10\/cortes-de-verba-dos-eua-para-aids-podem-causar-milhoes-de-novas-infeccoes-adverte-onu\/#primaryimage","url":"https:\/\/pre.efe.com\/wp-content\/uploads\/2025\/04\/Europa-va-camino-de-incumplir-los-objetivos-de-desarrollo-en-VIH-tuberculosis-y-hepatitis.webp","contentUrl":"https:\/\/pre.efe.com\/wp-content\/uploads\/2025\/04\/Europa-va-camino-de-incumplir-los-objetivos-de-desarrollo-en-VIH-tuberculosis-y-hepatitis.webp","width":900,"height":599,"caption":"EFE\/Arquivo\/AHMAD YUSNI"},{"@type":"BreadcrumbList","@id":"https:\/\/pre.efe.com\/pt-br\/saude\/2025-07-10\/cortes-de-verba-dos-eua-para-aids-podem-causar-milhoes-de-novas-infeccoes-adverte-onu\/#breadcrumb","itemListElement":[{"@type":"ListItem","position":1,"name":"Portada","item":"https:\/\/pre.efe.com\/pt-br\/"},{"@type":"ListItem","position":2,"name":"Cortes de verba dos EUA para aids podem causar milh\u00f5es de novas infec\u00e7\u00f5es, adverte ONU"}]},{"@type":"WebSite","@id":"https:\/\/pre.efe.com\/pt-br\/#website","url":"https:\/\/pre.efe.com\/pt-br\/","name":"EFE Noticias","description":"","publisher":{"@id":"https:\/\/pre.efe.com\/pt-br\/#organization"},"potentialAction":[{"@type":"SearchAction","target":{"@type":"EntryPoint","urlTemplate":"https:\/\/pre.efe.com\/pt-br\/?s={search_term_string}"},"query-input":{"@type":"PropertyValueSpecification","valueRequired":true,"valueName":"search_term_string"}}],"inLanguage":"pt-BR"},{"@type":"Organization","@id":"https:\/\/pre.efe.com\/pt-br\/#organization","name":"Agencia EFE","url":"https:\/\/pre.efe.com\/pt-br\/","logo":{"@type":"ImageObject","inLanguage":"pt-BR","@id":"https:\/\/pre.efe.com\/pt-br\/#\/schema\/logo\/image\/","url":"https:\/\/pre.efe.com\/wp-content\/uploads\/2023\/06\/logo-efe-467.png","contentUrl":"https:\/\/pre.efe.com\/wp-content\/uploads\/2023\/06\/logo-efe-467.png","width":467,"height":467,"caption":"Agencia EFE"},"image":{"@id":"https:\/\/pre.efe.com\/pt-br\/#\/schema\/logo\/image\/"},"sameAs":["https:\/\/www.facebook.com\/AgenciaEFEnoticias\/","https:\/\/x.com\/efenoticias","https:\/\/www.instagram.com\/efe_noticias\/","http:\/\/www.youtube.com\/efe"]},{"@type":"Person","@id":"https:\/\/pre.efe.com\/pt-br\/#\/schema\/person\/b19f23f210db552768f68a4b552b004f","name":"anachain","image":{"@type":"ImageObject","inLanguage":"pt-BR","@id":"https:\/\/secure.gravatar.com\/avatar\/30b83965911ef1108bb893c00bdd65c885f9890e1265ee04b02c3d5adc785d37?s=96&d=identicon&r=g","url":"https:\/\/secure.gravatar.com\/avatar\/30b83965911ef1108bb893c00bdd65c885f9890e1265ee04b02c3d5adc785d37?s=96&d=identicon&r=g","contentUrl":"https:\/\/secure.gravatar.com\/avatar\/30b83965911ef1108bb893c00bdd65c885f9890e1265ee04b02c3d5adc785d37?s=96&d=identicon&r=g","caption":"anachain"},"url":"https:\/\/pre.efe.com\/pt-br\/autor\/anachain\/"}]}},"jetpack_featured_media_url":"https:\/\/pre.efe.com\/wp-content\/uploads\/2025\/04\/Europa-va-camino-de-incumplir-los-objetivos-de-desarrollo-en-VIH-tuberculosis-y-hepatitis.webp","jetpack_shortlink":"https:\/\/wp.me\/peJvHm-8pXm","jetpack_sharing_enabled":true,"_links":{"self":[{"href":"https:\/\/pre.efe.com\/pt-br\/wp-json\/wp\/v2\/posts\/2006404","targetHints":{"allow":["GET"]}}],"collection":[{"href":"https:\/\/pre.efe.com\/pt-br\/wp-json\/wp\/v2\/posts"}],"about":[{"href":"https:\/\/pre.efe.com\/pt-br\/wp-json\/wp\/v2\/types\/post"}],"author":[{"embeddable":true,"href":"https:\/\/pre.efe.com\/pt-br\/wp-json\/wp\/v2\/users\/198164106"}],"replies":[{"embeddable":true,"href":"https:\/\/pre.efe.com\/pt-br\/wp-json\/wp\/v2\/comments?post=2006404"}],"version-history":[{"count":2,"href":"https:\/\/pre.efe.com\/pt-br\/wp-json\/wp\/v2\/posts\/2006404\/revisions"}],"predecessor-version":[{"id":2006423,"href":"https:\/\/pre.efe.com\/pt-br\/wp-json\/wp\/v2\/posts\/2006404\/revisions\/2006423"}],"wp:featuredmedia":[{"embeddable":true,"href":"https:\/\/pre.efe.com\/pt-br\/wp-json\/wp\/v2\/media\/1829504"}],"wp:attachment":[{"href":"https:\/\/pre.efe.com\/pt-br\/wp-json\/wp\/v2\/media?parent=2006404"}],"wp:term":[{"taxonomy":"category","embeddable":true,"href":"https:\/\/pre.efe.com\/pt-br\/wp-json\/wp\/v2\/categories?post=2006404"},{"taxonomy":"post_tag","embeddable":true,"href":"https:\/\/pre.efe.com\/pt-br\/wp-json\/wp\/v2\/tags?post=2006404"}],"curies":[{"name":"wp","href":"https:\/\/api.w.org\/{rel}","templated":true}]}}