{"id":202750,"date":"2022-12-09T21:28:00","date_gmt":"2022-12-09T20:28:00","guid":{"rendered":"https:\/\/pre.efe.com\/?p=202750"},"modified":"2022-12-09T23:50:30","modified_gmt":"2022-12-09T22:50:30","slug":"autor-do-gol-croata-diz-que-classificacao-e-a-maior-conquista-da-vida","status":"publish","type":"post","link":"https:\/\/pre.efe.com\/pt-br\/esportes\/2022-12-09\/autor-do-gol-croata-diz-que-classificacao-e-a-maior-conquista-da-vida\/","title":{"rendered":"Autor do gol croata diz que classifica\u00e7\u00e3o \u00e9 a &#8220;maior conquista da vida&#8221;"},"content":{"rendered":"\n<p>Doha (EFE).- O atacante croata Bruno Petkovic, autor do gol na prorroga\u00e7\u00e3o que levou o jogo contra o Brasil pelas quartas de final da Copa do Mundo do Qatar para os p\u00eanaltis, classificou o duelo desta sexta-feira como &#8220;a maior conquista&#8221; de sua vida por levar seu pa\u00eds \u00e0s semifinais.<\/p>\n\n\n\n<p>&#8220;N\u00e3o consigo descrever o que sinto, \u00e9 a maior conquista da minha vida. Meu pai, Jakov, sempre diz que vou marcar, talvez fosse melhor se eu o ouvisse com mais frequ\u00eancia. Mostramos f\u00e9 e car\u00e1ter, \u00e9 assim que podemos fazer tudo o que fazemos&#8221;, disse.<\/p>\n\n\n\n<p>Por sua vez, Mislav Orsic, autor da assist\u00eancia e que tamb\u00e9m esteve ausente no vice-campeonato mundial em 2018, na R\u00fassia, destacou a personalidade da sua sele\u00e7\u00e3o croata.<\/p>\n\n\n\n<p>\u201cN\u00e3o sei o que dizer, passamos de novo e isso \u00e9 o mais importante, o resultado est\u00e1 escrito. Durante todo o jogo demos o nosso melhor. T\u00ednhamos a sensa\u00e7\u00e3o de que naqueles 15 minutos, poder\u00edamos mudar tudo&#8221;, disse.<\/p>\n\n\n\n<p>\u201cO Brasil tamb\u00e9m teve muitas chances, mas Livakovic defendeu todas. Todos querem um grande resultado, principalmente aqueles que n\u00e3o estiveram na R\u00fassia e ainda n\u00e3o o sentiram\u201d, assegurou.<\/p>\n\n\n\n<p>Questionado sobre qual rival escolher\u00e1 para as semifinais, entre Holanda e Argentina, ele disse que &#8220;\u00e9 poss\u00edvel&#8221; que eles nem assistam ao jogo. EFE<\/p>\n","protected":false},"excerpt":{"rendered":"<p>Doha (EFE).- O atacante croata Bruno Petkovic, autor do gol na prorroga\u00e7\u00e3o que levou o jogo contra o Brasil pelas quartas de final da Copa do Mundo do Qatar para os p\u00eanaltis, classificou o duelo desta sexta-feira como &#8220;a maior conquista&#8221; de sua vida por levar seu pa\u00eds \u00e0s semifinais. &#8220;N\u00e3o consigo descrever o que &#8230; <a title=\"Autor do gol croata diz que classifica\u00e7\u00e3o \u00e9 a &#8220;maior conquista da vida&#8221;\" class=\"read-more\" href=\"https:\/\/pre.efe.com\/pt-br\/esportes\/2022-12-09\/autor-do-gol-croata-diz-que-classificacao-e-a-maior-conquista-da-vida\/\" aria-label=\"Read more about Autor do gol croata diz que classifica\u00e7\u00e3o \u00e9 a &#8220;maior conquista da vida&#8221;\">Leia mais<\/a><\/p>\n","protected":false},"author":198164106,"featured_media":202753,"comment_status":"closed","ping_status":"closed","sticky":false,"template":"","format":"standard","meta":{"_acf_changed":false,"_jetpack_memberships_contains_paid_content":false,"footnotes":""},"categories":[121968,122141],"tags":[122363,122364,122921],"class_list":["post-202750","post","type-post","status-publish","format-standard","has-post-thumbnail","hentry","category-esportes","category-portada","tag-copa-do-mundo","tag-futebol","tag-qatar","generate-columns","tablet-grid-50","mobile-grid-100","grid-parent","grid-50"],"acf":[],"yoast_head":"<!-- This site is optimized with the Yoast SEO Premium plugin v26.0 (Yoast SEO v27.5) - https:\/\/yoast.com\/product\/yoast-seo-premium-wordpress\/ -->\n<title>Autor do gol croata diz que classifica\u00e7\u00e3o \u00e9 a &quot;maior conquista da vida&quot; - EFE<\/title>\n<meta name=\"robots\" content=\"noindex, follow\" \/>\n<meta property=\"og:locale\" content=\"pt_BR\" \/>\n<meta property=\"og:type\" content=\"article\" \/>\n<meta property=\"og:title\" content=\"Autor do gol croata diz que classifica\u00e7\u00e3o \u00e9 a &quot;maior conquista da vida&quot; - EFE\" \/>\n<meta property=\"og:description\" content=\"Doha (EFE).- O atacante croata Bruno Petkovic, autor do gol na prorroga\u00e7\u00e3o que levou o jogo contra o Brasil pelas quartas de final da Copa do Mundo do Qatar para os p\u00eanaltis, classificou o duelo desta sexta-feira como &#8220;a maior conquista&#8221; de sua vida por levar seu pa\u00eds \u00e0s semifinais. &#8220;N\u00e3o consigo descrever o que ... Leia mais\" \/>\n<meta property=\"og:url\" content=\"https:\/\/pre.efe.com\/pt-br\/esportes\/2022-12-09\/autor-do-gol-croata-diz-que-classificacao-e-a-maior-conquista-da-vida\/\" \/>\n<meta property=\"og:site_name\" content=\"EFE Noticias\" \/>\n<meta property=\"article:publisher\" content=\"https:\/\/www.facebook.com\/AgenciaEFEnoticias\/\" \/>\n<meta property=\"article:published_time\" content=\"2022-12-09T20:28:00+00:00\" \/>\n<meta property=\"article:modified_time\" content=\"2022-12-09T22:50:30+00:00\" \/>\n<meta property=\"og:image\" content=\"https:\/\/i0.wp.com\/efe.com\/\/srv\/htdocs\/wp-content\/uploads\/2022\/12\/PETKOVIC.jpg?fit=900%2C600&ssl=1\" \/>\n\t<meta property=\"og:image:width\" content=\"900\" \/>\n\t<meta property=\"og:image:height\" content=\"600\" \/>\n\t<meta property=\"og:image:type\" content=\"image\/jpeg\" \/>\n<meta name=\"author\" content=\"anachain\" \/>\n<meta name=\"twitter:card\" content=\"summary_large_image\" \/>\n<meta name=\"twitter:creator\" content=\"@efenoticias\" \/>\n<meta name=\"twitter:site\" content=\"@efenoticias\" \/>\n<script type=\"application\/ld+json\" class=\"yoast-schema-graph\">{\"@context\":\"https:\\\/\\\/schema.org\",\"@graph\":[{\"@type\":\"NewsArticle\",\"@id\":\"https:\\\/\\\/pre.efe.com\\\/pt-br\\\/esportes\\\/2022-12-09\\\/autor-do-gol-croata-diz-que-classificacao-e-a-maior-conquista-da-vida\\\/#article\",\"isPartOf\":{\"@id\":\"https:\\\/\\\/pre.efe.com\\\/pt-br\\\/esportes\\\/2022-12-09\\\/autor-do-gol-croata-diz-que-classificacao-e-a-maior-conquista-da-vida\\\/\"},\"author\":{\"name\":\"anachain\",\"@id\":\"https:\\\/\\\/pre.efe.com\\\/pt-br\\\/#\\\/schema\\\/person\\\/b19f23f210db552768f68a4b552b004f\"},\"headline\":\"Autor do gol croata diz que classifica\u00e7\u00e3o \u00e9 a &#8220;maior conquista da vida&#8221;\",\"datePublished\":\"2022-12-09T20:28:00+00:00\",\"dateModified\":\"2022-12-09T22:50:30+00:00\",\"mainEntityOfPage\":{\"@id\":\"https:\\\/\\\/pre.efe.com\\\/pt-br\\\/esportes\\\/2022-12-09\\\/autor-do-gol-croata-diz-que-classificacao-e-a-maior-conquista-da-vida\\\/\"},\"wordCount\":239,\"publisher\":{\"@id\":\"https:\\\/\\\/pre.efe.com\\\/pt-br\\\/#organization\"},\"image\":{\"@id\":\"https:\\\/\\\/pre.efe.com\\\/pt-br\\\/esportes\\\/2022-12-09\\\/autor-do-gol-croata-diz-que-classificacao-e-a-maior-conquista-da-vida\\\/#primaryimage\"},\"thumbnailUrl\":\"https:\\\/\\\/pre.efe.com\\\/wp-content\\\/uploads\\\/2022\\\/12\\\/PETKOVIC.jpg\",\"keywords\":[\"Copa do Mundo\",\"Futebol\",\"Qatar\"],\"articleSection\":[\"Esportes\",\"Portada\"],\"inLanguage\":\"pt-BR\",\"copyrightYear\":\"2022\",\"copyrightHolder\":{\"@id\":\"https:\\\/\\\/pre.efe.com\\\/#organization\"}},{\"@type\":[\"WebPage\",\"ItemPage\"],\"@id\":\"https:\\\/\\\/pre.efe.com\\\/pt-br\\\/esportes\\\/2022-12-09\\\/autor-do-gol-croata-diz-que-classificacao-e-a-maior-conquista-da-vida\\\/\",\"url\":\"https:\\\/\\\/pre.efe.com\\\/pt-br\\\/esportes\\\/2022-12-09\\\/autor-do-gol-croata-diz-que-classificacao-e-a-maior-conquista-da-vida\\\/\",\"name\":\"Autor do gol croata diz que classifica\u00e7\u00e3o \u00e9 a \\\"maior conquista da vida\\\" - EFE\",\"isPartOf\":{\"@id\":\"https:\\\/\\\/pre.efe.com\\\/pt-br\\\/#website\"},\"primaryImageOfPage\":{\"@id\":\"https:\\\/\\\/pre.efe.com\\\/pt-br\\\/esportes\\\/2022-12-09\\\/autor-do-gol-croata-diz-que-classificacao-e-a-maior-conquista-da-vida\\\/#primaryimage\"},\"image\":{\"@id\":\"https:\\\/\\\/pre.efe.com\\\/pt-br\\\/esportes\\\/2022-12-09\\\/autor-do-gol-croata-diz-que-classificacao-e-a-maior-conquista-da-vida\\\/#primaryimage\"},\"thumbnailUrl\":\"https:\\\/\\\/pre.efe.com\\\/wp-content\\\/uploads\\\/2022\\\/12\\\/PETKOVIC.jpg\",\"datePublished\":\"2022-12-09T20:28:00+00:00\",\"dateModified\":\"2022-12-09T22:50:30+00:00\",\"breadcrumb\":{\"@id\":\"https:\\\/\\\/pre.efe.com\\\/pt-br\\\/esportes\\\/2022-12-09\\\/autor-do-gol-croata-diz-que-classificacao-e-a-maior-conquista-da-vida\\\/#breadcrumb\"},\"inLanguage\":\"pt-BR\",\"potentialAction\":[{\"@type\":\"ReadAction\",\"target\":[\"https:\\\/\\\/pre.efe.com\\\/pt-br\\\/esportes\\\/2022-12-09\\\/autor-do-gol-croata-diz-que-classificacao-e-a-maior-conquista-da-vida\\\/\"]}]},{\"@type\":\"ImageObject\",\"inLanguage\":\"pt-BR\",\"@id\":\"https:\\\/\\\/pre.efe.com\\\/pt-br\\\/esportes\\\/2022-12-09\\\/autor-do-gol-croata-diz-que-classificacao-e-a-maior-conquista-da-vida\\\/#primaryimage\",\"url\":\"https:\\\/\\\/pre.efe.com\\\/wp-content\\\/uploads\\\/2022\\\/12\\\/PETKOVIC.jpg\",\"contentUrl\":\"https:\\\/\\\/pre.efe.com\\\/wp-content\\\/uploads\\\/2022\\\/12\\\/PETKOVIC.jpg\",\"width\":900,\"height\":600,\"caption\":\"Bruno Petkovic comemora o gol marcado contra o Brasil. EFE\\\/Friedemann Vogel\"},{\"@type\":\"BreadcrumbList\",\"@id\":\"https:\\\/\\\/pre.efe.com\\\/pt-br\\\/esportes\\\/2022-12-09\\\/autor-do-gol-croata-diz-que-classificacao-e-a-maior-conquista-da-vida\\\/#breadcrumb\",\"itemListElement\":[{\"@type\":\"ListItem\",\"position\":1,\"name\":\"Portada\",\"item\":\"https:\\\/\\\/pre.efe.com\\\/pt-br\\\/\"},{\"@type\":\"ListItem\",\"position\":2,\"name\":\"Autor do gol croata diz que classifica\u00e7\u00e3o \u00e9 a &#8220;maior conquista da vida&#8221;\"}]},{\"@type\":\"WebSite\",\"@id\":\"https:\\\/\\\/pre.efe.com\\\/pt-br\\\/#website\",\"url\":\"https:\\\/\\\/pre.efe.com\\\/pt-br\\\/\",\"name\":\"EFE Noticias\",\"description\":\"\",\"publisher\":{\"@id\":\"https:\\\/\\\/pre.efe.com\\\/pt-br\\\/#organization\"},\"potentialAction\":[{\"@type\":\"SearchAction\",\"target\":{\"@type\":\"EntryPoint\",\"urlTemplate\":\"https:\\\/\\\/pre.efe.com\\\/pt-br\\\/?s={search_term_string}\"},\"query-input\":{\"@type\":\"PropertyValueSpecification\",\"valueRequired\":true,\"valueName\":\"search_term_string\"}}],\"inLanguage\":\"pt-BR\"},{\"@type\":\"Organization\",\"@id\":\"https:\\\/\\\/pre.efe.com\\\/pt-br\\\/#organization\",\"name\":\"Agencia EFE\",\"url\":\"https:\\\/\\\/pre.efe.com\\\/pt-br\\\/\",\"logo\":{\"@type\":\"ImageObject\",\"inLanguage\":\"pt-BR\",\"@id\":\"https:\\\/\\\/pre.efe.com\\\/pt-br\\\/#\\\/schema\\\/logo\\\/image\\\/\",\"url\":\"https:\\\/\\\/pre.efe.com\\\/wp-content\\\/uploads\\\/2023\\\/06\\\/logo-efe-467.png\",\"contentUrl\":\"https:\\\/\\\/pre.efe.com\\\/wp-content\\\/uploads\\\/2023\\\/06\\\/logo-efe-467.png\",\"width\":467,\"height\":467,\"caption\":\"Agencia EFE\"},\"image\":{\"@id\":\"https:\\\/\\\/pre.efe.com\\\/pt-br\\\/#\\\/schema\\\/logo\\\/image\\\/\"},\"sameAs\":[\"https:\\\/\\\/www.facebook.com\\\/AgenciaEFEnoticias\\\/\",\"https:\\\/\\\/x.com\\\/efenoticias\",\"https:\\\/\\\/www.instagram.com\\\/efe_noticias\\\/\",\"http:\\\/\\\/www.youtube.com\\\/efe\"]},{\"@type\":\"Person\",\"@id\":\"https:\\\/\\\/pre.efe.com\\\/pt-br\\\/#\\\/schema\\\/person\\\/b19f23f210db552768f68a4b552b004f\",\"name\":\"anachain\",\"image\":{\"@type\":\"ImageObject\",\"inLanguage\":\"pt-BR\",\"@id\":\"https:\\\/\\\/secure.gravatar.com\\\/avatar\\\/30b83965911ef1108bb893c00bdd65c885f9890e1265ee04b02c3d5adc785d37?s=96&d=identicon&r=g\",\"url\":\"https:\\\/\\\/secure.gravatar.com\\\/avatar\\\/30b83965911ef1108bb893c00bdd65c885f9890e1265ee04b02c3d5adc785d37?s=96&d=identicon&r=g\",\"contentUrl\":\"https:\\\/\\\/secure.gravatar.com\\\/avatar\\\/30b83965911ef1108bb893c00bdd65c885f9890e1265ee04b02c3d5adc785d37?s=96&d=identicon&r=g\",\"caption\":\"anachain\"},\"url\":\"https:\\\/\\\/pre.efe.com\\\/pt-br\\\/autor\\\/anachain\\\/\"}]}<\/script>\n<!-- \/ Yoast SEO Premium plugin. -->","yoast_head_json":{"title":"Autor do gol croata diz que classifica\u00e7\u00e3o \u00e9 a \"maior conquista da vida\" - EFE","robots":{"index":"noindex","follow":"follow"},"og_locale":"pt_BR","og_type":"article","og_title":"Autor do gol croata diz que classifica\u00e7\u00e3o \u00e9 a \"maior conquista da vida\" - EFE","og_description":"Doha (EFE).- O atacante croata Bruno Petkovic, autor do gol na prorroga\u00e7\u00e3o que levou o jogo contra o Brasil pelas quartas de final da Copa do Mundo do Qatar para os p\u00eanaltis, classificou o duelo desta sexta-feira como &#8220;a maior conquista&#8221; de sua vida por levar seu pa\u00eds \u00e0s semifinais. &#8220;N\u00e3o consigo descrever o que ... Leia mais","og_url":"https:\/\/pre.efe.com\/pt-br\/esportes\/2022-12-09\/autor-do-gol-croata-diz-que-classificacao-e-a-maior-conquista-da-vida\/","og_site_name":"EFE Noticias","article_publisher":"https:\/\/www.facebook.com\/AgenciaEFEnoticias\/","article_published_time":"2022-12-09T20:28:00+00:00","article_modified_time":"2022-12-09T22:50:30+00:00","og_image":[{"width":900,"height":600,"url":"https:\/\/i0.wp.com\/efe.com\/\/srv\/htdocs\/wp-content\/uploads\/2022\/12\/PETKOVIC.jpg?fit=900%2C600&ssl=1","type":"image\/jpeg"}],"author":"anachain","twitter_card":"summary_large_image","twitter_creator":"@efenoticias","twitter_site":"@efenoticias","schema":{"@context":"https:\/\/schema.org","@graph":[{"@type":"NewsArticle","@id":"https:\/\/pre.efe.com\/pt-br\/esportes\/2022-12-09\/autor-do-gol-croata-diz-que-classificacao-e-a-maior-conquista-da-vida\/#article","isPartOf":{"@id":"https:\/\/pre.efe.com\/pt-br\/esportes\/2022-12-09\/autor-do-gol-croata-diz-que-classificacao-e-a-maior-conquista-da-vida\/"},"author":{"name":"anachain","@id":"https:\/\/pre.efe.com\/pt-br\/#\/schema\/person\/b19f23f210db552768f68a4b552b004f"},"headline":"Autor do gol croata diz que classifica\u00e7\u00e3o \u00e9 a &#8220;maior conquista da vida&#8221;","datePublished":"2022-12-09T20:28:00+00:00","dateModified":"2022-12-09T22:50:30+00:00","mainEntityOfPage":{"@id":"https:\/\/pre.efe.com\/pt-br\/esportes\/2022-12-09\/autor-do-gol-croata-diz-que-classificacao-e-a-maior-conquista-da-vida\/"},"wordCount":239,"publisher":{"@id":"https:\/\/pre.efe.com\/pt-br\/#organization"},"image":{"@id":"https:\/\/pre.efe.com\/pt-br\/esportes\/2022-12-09\/autor-do-gol-croata-diz-que-classificacao-e-a-maior-conquista-da-vida\/#primaryimage"},"thumbnailUrl":"https:\/\/pre.efe.com\/wp-content\/uploads\/2022\/12\/PETKOVIC.jpg","keywords":["Copa do Mundo","Futebol","Qatar"],"articleSection":["Esportes","Portada"],"inLanguage":"pt-BR","copyrightYear":"2022","copyrightHolder":{"@id":"https:\/\/pre.efe.com\/#organization"}},{"@type":["WebPage","ItemPage"],"@id":"https:\/\/pre.efe.com\/pt-br\/esportes\/2022-12-09\/autor-do-gol-croata-diz-que-classificacao-e-a-maior-conquista-da-vida\/","url":"https:\/\/pre.efe.com\/pt-br\/esportes\/2022-12-09\/autor-do-gol-croata-diz-que-classificacao-e-a-maior-conquista-da-vida\/","name":"Autor do gol croata diz que classifica\u00e7\u00e3o \u00e9 a \"maior conquista da vida\" - EFE","isPartOf":{"@id":"https:\/\/pre.efe.com\/pt-br\/#website"},"primaryImageOfPage":{"@id":"https:\/\/pre.efe.com\/pt-br\/esportes\/2022-12-09\/autor-do-gol-croata-diz-que-classificacao-e-a-maior-conquista-da-vida\/#primaryimage"},"image":{"@id":"https:\/\/pre.efe.com\/pt-br\/esportes\/2022-12-09\/autor-do-gol-croata-diz-que-classificacao-e-a-maior-conquista-da-vida\/#primaryimage"},"thumbnailUrl":"https:\/\/pre.efe.com\/wp-content\/uploads\/2022\/12\/PETKOVIC.jpg","datePublished":"2022-12-09T20:28:00+00:00","dateModified":"2022-12-09T22:50:30+00:00","breadcrumb":{"@id":"https:\/\/pre.efe.com\/pt-br\/esportes\/2022-12-09\/autor-do-gol-croata-diz-que-classificacao-e-a-maior-conquista-da-vida\/#breadcrumb"},"inLanguage":"pt-BR","potentialAction":[{"@type":"ReadAction","target":["https:\/\/pre.efe.com\/pt-br\/esportes\/2022-12-09\/autor-do-gol-croata-diz-que-classificacao-e-a-maior-conquista-da-vida\/"]}]},{"@type":"ImageObject","inLanguage":"pt-BR","@id":"https:\/\/pre.efe.com\/pt-br\/esportes\/2022-12-09\/autor-do-gol-croata-diz-que-classificacao-e-a-maior-conquista-da-vida\/#primaryimage","url":"https:\/\/pre.efe.com\/wp-content\/uploads\/2022\/12\/PETKOVIC.jpg","contentUrl":"https:\/\/pre.efe.com\/wp-content\/uploads\/2022\/12\/PETKOVIC.jpg","width":900,"height":600,"caption":"Bruno Petkovic comemora o gol marcado contra o Brasil. EFE\/Friedemann Vogel"},{"@type":"BreadcrumbList","@id":"https:\/\/pre.efe.com\/pt-br\/esportes\/2022-12-09\/autor-do-gol-croata-diz-que-classificacao-e-a-maior-conquista-da-vida\/#breadcrumb","itemListElement":[{"@type":"ListItem","position":1,"name":"Portada","item":"https:\/\/pre.efe.com\/pt-br\/"},{"@type":"ListItem","position":2,"name":"Autor do gol croata diz que classifica\u00e7\u00e3o \u00e9 a &#8220;maior conquista da vida&#8221;"}]},{"@type":"WebSite","@id":"https:\/\/pre.efe.com\/pt-br\/#website","url":"https:\/\/pre.efe.com\/pt-br\/","name":"EFE Noticias","description":"","publisher":{"@id":"https:\/\/pre.efe.com\/pt-br\/#organization"},"potentialAction":[{"@type":"SearchAction","target":{"@type":"EntryPoint","urlTemplate":"https:\/\/pre.efe.com\/pt-br\/?s={search_term_string}"},"query-input":{"@type":"PropertyValueSpecification","valueRequired":true,"valueName":"search_term_string"}}],"inLanguage":"pt-BR"},{"@type":"Organization","@id":"https:\/\/pre.efe.com\/pt-br\/#organization","name":"Agencia EFE","url":"https:\/\/pre.efe.com\/pt-br\/","logo":{"@type":"ImageObject","inLanguage":"pt-BR","@id":"https:\/\/pre.efe.com\/pt-br\/#\/schema\/logo\/image\/","url":"https:\/\/pre.efe.com\/wp-content\/uploads\/2023\/06\/logo-efe-467.png","contentUrl":"https:\/\/pre.efe.com\/wp-content\/uploads\/2023\/06\/logo-efe-467.png","width":467,"height":467,"caption":"Agencia EFE"},"image":{"@id":"https:\/\/pre.efe.com\/pt-br\/#\/schema\/logo\/image\/"},"sameAs":["https:\/\/www.facebook.com\/AgenciaEFEnoticias\/","https:\/\/x.com\/efenoticias","https:\/\/www.instagram.com\/efe_noticias\/","http:\/\/www.youtube.com\/efe"]},{"@type":"Person","@id":"https:\/\/pre.efe.com\/pt-br\/#\/schema\/person\/b19f23f210db552768f68a4b552b004f","name":"anachain","image":{"@type":"ImageObject","inLanguage":"pt-BR","@id":"https:\/\/secure.gravatar.com\/avatar\/30b83965911ef1108bb893c00bdd65c885f9890e1265ee04b02c3d5adc785d37?s=96&d=identicon&r=g","url":"https:\/\/secure.gravatar.com\/avatar\/30b83965911ef1108bb893c00bdd65c885f9890e1265ee04b02c3d5adc785d37?s=96&d=identicon&r=g","contentUrl":"https:\/\/secure.gravatar.com\/avatar\/30b83965911ef1108bb893c00bdd65c885f9890e1265ee04b02c3d5adc785d37?s=96&d=identicon&r=g","caption":"anachain"},"url":"https:\/\/pre.efe.com\/pt-br\/autor\/anachain\/"}]}},"jetpack_featured_media_url":"https:\/\/pre.efe.com\/wp-content\/uploads\/2022\/12\/PETKOVIC.jpg","jetpack_shortlink":"https:\/\/wp.me\/peJvHm-QKa","jetpack_sharing_enabled":true,"_links":{"self":[{"href":"https:\/\/pre.efe.com\/pt-br\/wp-json\/wp\/v2\/posts\/202750","targetHints":{"allow":["GET"]}}],"collection":[{"href":"https:\/\/pre.efe.com\/pt-br\/wp-json\/wp\/v2\/posts"}],"about":[{"href":"https:\/\/pre.efe.com\/pt-br\/wp-json\/wp\/v2\/types\/post"}],"author":[{"embeddable":true,"href":"https:\/\/pre.efe.com\/pt-br\/wp-json\/wp\/v2\/users\/198164106"}],"replies":[{"embeddable":true,"href":"https:\/\/pre.efe.com\/pt-br\/wp-json\/wp\/v2\/comments?post=202750"}],"version-history":[{"count":2,"href":"https:\/\/pre.efe.com\/pt-br\/wp-json\/wp\/v2\/posts\/202750\/revisions"}],"predecessor-version":[{"id":202756,"href":"https:\/\/pre.efe.com\/pt-br\/wp-json\/wp\/v2\/posts\/202750\/revisions\/202756"}],"wp:featuredmedia":[{"embeddable":true,"href":"https:\/\/pre.efe.com\/pt-br\/wp-json\/wp\/v2\/media\/202753"}],"wp:attachment":[{"href":"https:\/\/pre.efe.com\/pt-br\/wp-json\/wp\/v2\/media?parent=202750"}],"wp:term":[{"taxonomy":"category","embeddable":true,"href":"https:\/\/pre.efe.com\/pt-br\/wp-json\/wp\/v2\/categories?post=202750"},{"taxonomy":"post_tag","embeddable":true,"href":"https:\/\/pre.efe.com\/pt-br\/wp-json\/wp\/v2\/tags?post=202750"}],"curies":[{"name":"wp","href":"https:\/\/api.w.org\/{rel}","templated":true}]}}