{"id":202781,"date":"2022-12-10T01:08:01","date_gmt":"2022-12-10T00:08:01","guid":{"rendered":"https:\/\/pre.efe.com\/?p=202781"},"modified":"2022-12-10T01:08:04","modified_gmt":"2022-12-10T00:08:04","slug":"goleiro-argentino-acusa-arbitro-espanhol-de-querer-elimina-los-da-copa","status":"publish","type":"post","link":"https:\/\/pre.efe.com\/pt-br\/esportes\/2022-12-10\/goleiro-argentino-acusa-arbitro-espanhol-de-querer-elimina-los-da-copa\/","title":{"rendered":"Goleiro argentino acusa \u00e1rbitro espanhol de querer elimin\u00e1-los da Copa"},"content":{"rendered":"\n<p>Lusail (EFE).-\u00a0O goleiro argentino Emiliano Mart\u00ednez, her\u00f3i da classifica\u00e7\u00e3o de sua sele\u00e7\u00e3o para as semifinais da Copa do Mundo na agonizante disputa de p\u00eanaltis contra a Holanda, acusou o \u00e1rbitro da partida, o espanhol Antonio Mateu Lahoz, de tentar elimin\u00e1-los.<\/p>\n\n\n\n<p>&#8220;Ele \u00e9 louco, arrogante. Voc\u00ea fala alguma coisa para ele e ele responde mal. Acrescenta dez minutos e marca falta para a Holanda. Como a Espanha ficou de fora, queria que fic\u00e1ssemos de fora tamb\u00e9m&#8221;, criticou o goleiro.<\/p>\n\n\n\n<p>Mart\u00ednez comentou que, mesmo assim, a Argentina fez &#8220;um grande jogo e mereceu passar&#8221;.<\/p>\n\n\n\n<p>Sobre a Cro\u00e1cia, a rival por uma vaga na grande final ap\u00f3s ter deixado o Brasil de fora, garantiu que n\u00e3o se pode acreditar em favoritismos.<\/p>\n\n\n\n<p>&#8220;Qualquer um pode te deixar de fora. Perdemos para a Ar\u00e1bia Saudita e a Holanda empatou quando est\u00e1vamos com dois gols de vantagem. Todos d\u00e3o a vida por seus pa\u00edses. Mas temos 45 milh\u00f5es de compatriotas que nos fazem sentir em casa&#8221;, destacou. EFE<\/p>\n","protected":false},"excerpt":{"rendered":"<p>Lusail (EFE).-\u00a0O goleiro argentino Emiliano Mart\u00ednez, her\u00f3i da classifica\u00e7\u00e3o de sua sele\u00e7\u00e3o para as semifinais da Copa do Mundo na agonizante disputa de p\u00eanaltis contra a Holanda, acusou o \u00e1rbitro da partida, o espanhol Antonio Mateu Lahoz, de tentar elimin\u00e1-los. &#8220;Ele \u00e9 louco, arrogante. Voc\u00ea fala alguma coisa para ele e ele responde mal. Acrescenta &#8230; <a title=\"Goleiro argentino acusa \u00e1rbitro espanhol de querer elimin\u00e1-los da Copa\" class=\"read-more\" href=\"https:\/\/pre.efe.com\/pt-br\/esportes\/2022-12-10\/goleiro-argentino-acusa-arbitro-espanhol-de-querer-elimina-los-da-copa\/\" aria-label=\"Read more about Goleiro argentino acusa \u00e1rbitro espanhol de querer elimin\u00e1-los da Copa\">Leia mais<\/a><\/p>\n","protected":false},"author":198164106,"featured_media":202789,"comment_status":"closed","ping_status":"closed","sticky":false,"template":"","format":"standard","meta":{"_acf_changed":false,"_jetpack_memberships_contains_paid_content":false,"footnotes":""},"categories":[121968,122144],"tags":[122644,122363,122364,122921],"class_list":["post-202781","post","type-post","status-publish","format-standard","has-post-thumbnail","hentry","category-esportes","category-outras-noticias","tag-argentina-2","tag-copa-do-mundo","tag-futebol","tag-qatar","generate-columns","tablet-grid-50","mobile-grid-100","grid-parent","grid-50"],"acf":[],"yoast_head":"<!-- This site is optimized with the Yoast SEO Premium plugin v26.0 (Yoast SEO v27.4) - https:\/\/yoast.com\/product\/yoast-seo-premium-wordpress\/ -->\n<title>Goleiro argentino acusa \u00e1rbitro espanhol de querer elimin\u00e1-los da Copa - EFE<\/title>\n<meta name=\"robots\" content=\"noindex, follow\" \/>\n<meta property=\"og:locale\" content=\"pt_BR\" \/>\n<meta property=\"og:type\" content=\"article\" \/>\n<meta property=\"og:title\" content=\"Goleiro argentino acusa \u00e1rbitro espanhol de querer elimin\u00e1-los da Copa - EFE\" \/>\n<meta property=\"og:description\" content=\"Lusail (EFE).-\u00a0O goleiro argentino Emiliano Mart\u00ednez, her\u00f3i da classifica\u00e7\u00e3o de sua sele\u00e7\u00e3o para as semifinais da Copa do Mundo na agonizante disputa de p\u00eanaltis contra a Holanda, acusou o \u00e1rbitro da partida, o espanhol Antonio Mateu Lahoz, de tentar elimin\u00e1-los. &#8220;Ele \u00e9 louco, arrogante. Voc\u00ea fala alguma coisa para ele e ele responde mal. Acrescenta ... Leia mais\" \/>\n<meta property=\"og:url\" content=\"https:\/\/pre.efe.com\/pt-br\/esportes\/2022-12-10\/goleiro-argentino-acusa-arbitro-espanhol-de-querer-elimina-los-da-copa\/\" \/>\n<meta property=\"og:site_name\" content=\"EFE Noticias\" \/>\n<meta property=\"article:publisher\" content=\"https:\/\/www.facebook.com\/AgenciaEFEnoticias\/\" \/>\n<meta property=\"article:published_time\" content=\"2022-12-10T00:08:01+00:00\" \/>\n<meta property=\"article:modified_time\" content=\"2022-12-10T00:08:04+00:00\" \/>\n<meta property=\"og:image\" content=\"https:\/\/i0.wp.com\/efe.com\/\/srv\/htdocs\/wp-content\/uploads\/2022\/12\/argentina.jpg?fit=900%2C568&ssl=1\" \/>\n\t<meta property=\"og:image:width\" content=\"900\" \/>\n\t<meta property=\"og:image:height\" content=\"568\" \/>\n\t<meta property=\"og:image:type\" content=\"image\/jpeg\" \/>\n<meta name=\"author\" content=\"anachain\" \/>\n<meta name=\"twitter:card\" content=\"summary_large_image\" \/>\n<meta name=\"twitter:creator\" content=\"@efenoticias\" \/>\n<meta name=\"twitter:site\" content=\"@efenoticias\" \/>\n<script type=\"application\/ld+json\" class=\"yoast-schema-graph\">{\"@context\":\"https:\\\/\\\/schema.org\",\"@graph\":[{\"@type\":\"NewsArticle\",\"@id\":\"https:\\\/\\\/pre.efe.com\\\/pt-br\\\/esportes\\\/2022-12-10\\\/goleiro-argentino-acusa-arbitro-espanhol-de-querer-elimina-los-da-copa\\\/#article\",\"isPartOf\":{\"@id\":\"https:\\\/\\\/pre.efe.com\\\/pt-br\\\/esportes\\\/2022-12-10\\\/goleiro-argentino-acusa-arbitro-espanhol-de-querer-elimina-los-da-copa\\\/\"},\"author\":{\"name\":\"anachain\",\"@id\":\"https:\\\/\\\/pre.efe.com\\\/pt-br\\\/#\\\/schema\\\/person\\\/b19f23f210db552768f68a4b552b004f\"},\"headline\":\"Goleiro argentino acusa \u00e1rbitro espanhol de querer elimin\u00e1-los da Copa\",\"datePublished\":\"2022-12-10T00:08:01+00:00\",\"dateModified\":\"2022-12-10T00:08:04+00:00\",\"mainEntityOfPage\":{\"@id\":\"https:\\\/\\\/pre.efe.com\\\/pt-br\\\/esportes\\\/2022-12-10\\\/goleiro-argentino-acusa-arbitro-espanhol-de-querer-elimina-los-da-copa\\\/\"},\"wordCount\":190,\"publisher\":{\"@id\":\"https:\\\/\\\/pre.efe.com\\\/pt-br\\\/#organization\"},\"image\":{\"@id\":\"https:\\\/\\\/pre.efe.com\\\/pt-br\\\/esportes\\\/2022-12-10\\\/goleiro-argentino-acusa-arbitro-espanhol-de-querer-elimina-los-da-copa\\\/#primaryimage\"},\"thumbnailUrl\":\"https:\\\/\\\/pre.efe.com\\\/wp-content\\\/uploads\\\/2022\\\/12\\\/argentina.jpg\",\"keywords\":[\"Argentina\",\"Copa do Mundo\",\"Futebol\",\"Qatar\"],\"articleSection\":[\"Esportes\",\"Outras not\u00edcias\"],\"inLanguage\":\"pt-BR\",\"copyrightYear\":\"2022\",\"copyrightHolder\":{\"@id\":\"https:\\\/\\\/pre.efe.com\\\/#organization\"}},{\"@type\":[\"WebPage\",\"ItemPage\"],\"@id\":\"https:\\\/\\\/pre.efe.com\\\/pt-br\\\/esportes\\\/2022-12-10\\\/goleiro-argentino-acusa-arbitro-espanhol-de-querer-elimina-los-da-copa\\\/\",\"url\":\"https:\\\/\\\/pre.efe.com\\\/pt-br\\\/esportes\\\/2022-12-10\\\/goleiro-argentino-acusa-arbitro-espanhol-de-querer-elimina-los-da-copa\\\/\",\"name\":\"Goleiro argentino acusa \u00e1rbitro espanhol de querer elimin\u00e1-los da Copa - EFE\",\"isPartOf\":{\"@id\":\"https:\\\/\\\/pre.efe.com\\\/pt-br\\\/#website\"},\"primaryImageOfPage\":{\"@id\":\"https:\\\/\\\/pre.efe.com\\\/pt-br\\\/esportes\\\/2022-12-10\\\/goleiro-argentino-acusa-arbitro-espanhol-de-querer-elimina-los-da-copa\\\/#primaryimage\"},\"image\":{\"@id\":\"https:\\\/\\\/pre.efe.com\\\/pt-br\\\/esportes\\\/2022-12-10\\\/goleiro-argentino-acusa-arbitro-espanhol-de-querer-elimina-los-da-copa\\\/#primaryimage\"},\"thumbnailUrl\":\"https:\\\/\\\/pre.efe.com\\\/wp-content\\\/uploads\\\/2022\\\/12\\\/argentina.jpg\",\"datePublished\":\"2022-12-10T00:08:01+00:00\",\"dateModified\":\"2022-12-10T00:08:04+00:00\",\"breadcrumb\":{\"@id\":\"https:\\\/\\\/pre.efe.com\\\/pt-br\\\/esportes\\\/2022-12-10\\\/goleiro-argentino-acusa-arbitro-espanhol-de-querer-elimina-los-da-copa\\\/#breadcrumb\"},\"inLanguage\":\"pt-BR\",\"potentialAction\":[{\"@type\":\"ReadAction\",\"target\":[\"https:\\\/\\\/pre.efe.com\\\/pt-br\\\/esportes\\\/2022-12-10\\\/goleiro-argentino-acusa-arbitro-espanhol-de-querer-elimina-los-da-copa\\\/\"]}]},{\"@type\":\"ImageObject\",\"inLanguage\":\"pt-BR\",\"@id\":\"https:\\\/\\\/pre.efe.com\\\/pt-br\\\/esportes\\\/2022-12-10\\\/goleiro-argentino-acusa-arbitro-espanhol-de-querer-elimina-los-da-copa\\\/#primaryimage\",\"url\":\"https:\\\/\\\/pre.efe.com\\\/wp-content\\\/uploads\\\/2022\\\/12\\\/argentina.jpg\",\"contentUrl\":\"https:\\\/\\\/pre.efe.com\\\/wp-content\\\/uploads\\\/2022\\\/12\\\/argentina.jpg\",\"width\":900,\"height\":568,\"caption\":\"O goleiro argentino Emiliano Mart\u00ednez. EFE\\\/Juan Ignacio Roncoroni\"},{\"@type\":\"BreadcrumbList\",\"@id\":\"https:\\\/\\\/pre.efe.com\\\/pt-br\\\/esportes\\\/2022-12-10\\\/goleiro-argentino-acusa-arbitro-espanhol-de-querer-elimina-los-da-copa\\\/#breadcrumb\",\"itemListElement\":[{\"@type\":\"ListItem\",\"position\":1,\"name\":\"Portada\",\"item\":\"https:\\\/\\\/pre.efe.com\\\/pt-br\\\/\"},{\"@type\":\"ListItem\",\"position\":2,\"name\":\"Goleiro argentino acusa \u00e1rbitro espanhol de querer elimin\u00e1-los da Copa\"}]},{\"@type\":\"WebSite\",\"@id\":\"https:\\\/\\\/pre.efe.com\\\/pt-br\\\/#website\",\"url\":\"https:\\\/\\\/pre.efe.com\\\/pt-br\\\/\",\"name\":\"EFE Noticias\",\"description\":\"\",\"publisher\":{\"@id\":\"https:\\\/\\\/pre.efe.com\\\/pt-br\\\/#organization\"},\"potentialAction\":[{\"@type\":\"SearchAction\",\"target\":{\"@type\":\"EntryPoint\",\"urlTemplate\":\"https:\\\/\\\/pre.efe.com\\\/pt-br\\\/?s={search_term_string}\"},\"query-input\":{\"@type\":\"PropertyValueSpecification\",\"valueRequired\":true,\"valueName\":\"search_term_string\"}}],\"inLanguage\":\"pt-BR\"},{\"@type\":\"Organization\",\"@id\":\"https:\\\/\\\/pre.efe.com\\\/pt-br\\\/#organization\",\"name\":\"Agencia EFE\",\"url\":\"https:\\\/\\\/pre.efe.com\\\/pt-br\\\/\",\"logo\":{\"@type\":\"ImageObject\",\"inLanguage\":\"pt-BR\",\"@id\":\"https:\\\/\\\/pre.efe.com\\\/pt-br\\\/#\\\/schema\\\/logo\\\/image\\\/\",\"url\":\"https:\\\/\\\/pre.efe.com\\\/wp-content\\\/uploads\\\/2023\\\/06\\\/logo-efe-467.png\",\"contentUrl\":\"https:\\\/\\\/pre.efe.com\\\/wp-content\\\/uploads\\\/2023\\\/06\\\/logo-efe-467.png\",\"width\":467,\"height\":467,\"caption\":\"Agencia EFE\"},\"image\":{\"@id\":\"https:\\\/\\\/pre.efe.com\\\/pt-br\\\/#\\\/schema\\\/logo\\\/image\\\/\"},\"sameAs\":[\"https:\\\/\\\/www.facebook.com\\\/AgenciaEFEnoticias\\\/\",\"https:\\\/\\\/x.com\\\/efenoticias\",\"https:\\\/\\\/www.instagram.com\\\/efe_noticias\\\/\",\"http:\\\/\\\/www.youtube.com\\\/efe\"]},{\"@type\":\"Person\",\"@id\":\"https:\\\/\\\/pre.efe.com\\\/pt-br\\\/#\\\/schema\\\/person\\\/b19f23f210db552768f68a4b552b004f\",\"name\":\"anachain\",\"image\":{\"@type\":\"ImageObject\",\"inLanguage\":\"pt-BR\",\"@id\":\"https:\\\/\\\/secure.gravatar.com\\\/avatar\\\/30b83965911ef1108bb893c00bdd65c885f9890e1265ee04b02c3d5adc785d37?s=96&d=identicon&r=g\",\"url\":\"https:\\\/\\\/secure.gravatar.com\\\/avatar\\\/30b83965911ef1108bb893c00bdd65c885f9890e1265ee04b02c3d5adc785d37?s=96&d=identicon&r=g\",\"contentUrl\":\"https:\\\/\\\/secure.gravatar.com\\\/avatar\\\/30b83965911ef1108bb893c00bdd65c885f9890e1265ee04b02c3d5adc785d37?s=96&d=identicon&r=g\",\"caption\":\"anachain\"},\"url\":\"https:\\\/\\\/pre.efe.com\\\/pt-br\\\/autor\\\/anachain\\\/\"}]}<\/script>\n<!-- \/ Yoast SEO Premium plugin. -->","yoast_head_json":{"title":"Goleiro argentino acusa \u00e1rbitro espanhol de querer elimin\u00e1-los da Copa - EFE","robots":{"index":"noindex","follow":"follow"},"og_locale":"pt_BR","og_type":"article","og_title":"Goleiro argentino acusa \u00e1rbitro espanhol de querer elimin\u00e1-los da Copa - EFE","og_description":"Lusail (EFE).-\u00a0O goleiro argentino Emiliano Mart\u00ednez, her\u00f3i da classifica\u00e7\u00e3o de sua sele\u00e7\u00e3o para as semifinais da Copa do Mundo na agonizante disputa de p\u00eanaltis contra a Holanda, acusou o \u00e1rbitro da partida, o espanhol Antonio Mateu Lahoz, de tentar elimin\u00e1-los. &#8220;Ele \u00e9 louco, arrogante. Voc\u00ea fala alguma coisa para ele e ele responde mal. Acrescenta ... Leia mais","og_url":"https:\/\/pre.efe.com\/pt-br\/esportes\/2022-12-10\/goleiro-argentino-acusa-arbitro-espanhol-de-querer-elimina-los-da-copa\/","og_site_name":"EFE Noticias","article_publisher":"https:\/\/www.facebook.com\/AgenciaEFEnoticias\/","article_published_time":"2022-12-10T00:08:01+00:00","article_modified_time":"2022-12-10T00:08:04+00:00","og_image":[{"width":900,"height":568,"url":"https:\/\/i0.wp.com\/efe.com\/\/srv\/htdocs\/wp-content\/uploads\/2022\/12\/argentina.jpg?fit=900%2C568&ssl=1","type":"image\/jpeg"}],"author":"anachain","twitter_card":"summary_large_image","twitter_creator":"@efenoticias","twitter_site":"@efenoticias","schema":{"@context":"https:\/\/schema.org","@graph":[{"@type":"NewsArticle","@id":"https:\/\/pre.efe.com\/pt-br\/esportes\/2022-12-10\/goleiro-argentino-acusa-arbitro-espanhol-de-querer-elimina-los-da-copa\/#article","isPartOf":{"@id":"https:\/\/pre.efe.com\/pt-br\/esportes\/2022-12-10\/goleiro-argentino-acusa-arbitro-espanhol-de-querer-elimina-los-da-copa\/"},"author":{"name":"anachain","@id":"https:\/\/pre.efe.com\/pt-br\/#\/schema\/person\/b19f23f210db552768f68a4b552b004f"},"headline":"Goleiro argentino acusa \u00e1rbitro espanhol de querer elimin\u00e1-los da Copa","datePublished":"2022-12-10T00:08:01+00:00","dateModified":"2022-12-10T00:08:04+00:00","mainEntityOfPage":{"@id":"https:\/\/pre.efe.com\/pt-br\/esportes\/2022-12-10\/goleiro-argentino-acusa-arbitro-espanhol-de-querer-elimina-los-da-copa\/"},"wordCount":190,"publisher":{"@id":"https:\/\/pre.efe.com\/pt-br\/#organization"},"image":{"@id":"https:\/\/pre.efe.com\/pt-br\/esportes\/2022-12-10\/goleiro-argentino-acusa-arbitro-espanhol-de-querer-elimina-los-da-copa\/#primaryimage"},"thumbnailUrl":"https:\/\/pre.efe.com\/wp-content\/uploads\/2022\/12\/argentina.jpg","keywords":["Argentina","Copa do Mundo","Futebol","Qatar"],"articleSection":["Esportes","Outras not\u00edcias"],"inLanguage":"pt-BR","copyrightYear":"2022","copyrightHolder":{"@id":"https:\/\/pre.efe.com\/#organization"}},{"@type":["WebPage","ItemPage"],"@id":"https:\/\/pre.efe.com\/pt-br\/esportes\/2022-12-10\/goleiro-argentino-acusa-arbitro-espanhol-de-querer-elimina-los-da-copa\/","url":"https:\/\/pre.efe.com\/pt-br\/esportes\/2022-12-10\/goleiro-argentino-acusa-arbitro-espanhol-de-querer-elimina-los-da-copa\/","name":"Goleiro argentino acusa \u00e1rbitro espanhol de querer elimin\u00e1-los da Copa - EFE","isPartOf":{"@id":"https:\/\/pre.efe.com\/pt-br\/#website"},"primaryImageOfPage":{"@id":"https:\/\/pre.efe.com\/pt-br\/esportes\/2022-12-10\/goleiro-argentino-acusa-arbitro-espanhol-de-querer-elimina-los-da-copa\/#primaryimage"},"image":{"@id":"https:\/\/pre.efe.com\/pt-br\/esportes\/2022-12-10\/goleiro-argentino-acusa-arbitro-espanhol-de-querer-elimina-los-da-copa\/#primaryimage"},"thumbnailUrl":"https:\/\/pre.efe.com\/wp-content\/uploads\/2022\/12\/argentina.jpg","datePublished":"2022-12-10T00:08:01+00:00","dateModified":"2022-12-10T00:08:04+00:00","breadcrumb":{"@id":"https:\/\/pre.efe.com\/pt-br\/esportes\/2022-12-10\/goleiro-argentino-acusa-arbitro-espanhol-de-querer-elimina-los-da-copa\/#breadcrumb"},"inLanguage":"pt-BR","potentialAction":[{"@type":"ReadAction","target":["https:\/\/pre.efe.com\/pt-br\/esportes\/2022-12-10\/goleiro-argentino-acusa-arbitro-espanhol-de-querer-elimina-los-da-copa\/"]}]},{"@type":"ImageObject","inLanguage":"pt-BR","@id":"https:\/\/pre.efe.com\/pt-br\/esportes\/2022-12-10\/goleiro-argentino-acusa-arbitro-espanhol-de-querer-elimina-los-da-copa\/#primaryimage","url":"https:\/\/pre.efe.com\/wp-content\/uploads\/2022\/12\/argentina.jpg","contentUrl":"https:\/\/pre.efe.com\/wp-content\/uploads\/2022\/12\/argentina.jpg","width":900,"height":568,"caption":"O goleiro argentino Emiliano Mart\u00ednez. EFE\/Juan Ignacio Roncoroni"},{"@type":"BreadcrumbList","@id":"https:\/\/pre.efe.com\/pt-br\/esportes\/2022-12-10\/goleiro-argentino-acusa-arbitro-espanhol-de-querer-elimina-los-da-copa\/#breadcrumb","itemListElement":[{"@type":"ListItem","position":1,"name":"Portada","item":"https:\/\/pre.efe.com\/pt-br\/"},{"@type":"ListItem","position":2,"name":"Goleiro argentino acusa \u00e1rbitro espanhol de querer elimin\u00e1-los da Copa"}]},{"@type":"WebSite","@id":"https:\/\/pre.efe.com\/pt-br\/#website","url":"https:\/\/pre.efe.com\/pt-br\/","name":"EFE Noticias","description":"","publisher":{"@id":"https:\/\/pre.efe.com\/pt-br\/#organization"},"potentialAction":[{"@type":"SearchAction","target":{"@type":"EntryPoint","urlTemplate":"https:\/\/pre.efe.com\/pt-br\/?s={search_term_string}"},"query-input":{"@type":"PropertyValueSpecification","valueRequired":true,"valueName":"search_term_string"}}],"inLanguage":"pt-BR"},{"@type":"Organization","@id":"https:\/\/pre.efe.com\/pt-br\/#organization","name":"Agencia EFE","url":"https:\/\/pre.efe.com\/pt-br\/","logo":{"@type":"ImageObject","inLanguage":"pt-BR","@id":"https:\/\/pre.efe.com\/pt-br\/#\/schema\/logo\/image\/","url":"https:\/\/pre.efe.com\/wp-content\/uploads\/2023\/06\/logo-efe-467.png","contentUrl":"https:\/\/pre.efe.com\/wp-content\/uploads\/2023\/06\/logo-efe-467.png","width":467,"height":467,"caption":"Agencia EFE"},"image":{"@id":"https:\/\/pre.efe.com\/pt-br\/#\/schema\/logo\/image\/"},"sameAs":["https:\/\/www.facebook.com\/AgenciaEFEnoticias\/","https:\/\/x.com\/efenoticias","https:\/\/www.instagram.com\/efe_noticias\/","http:\/\/www.youtube.com\/efe"]},{"@type":"Person","@id":"https:\/\/pre.efe.com\/pt-br\/#\/schema\/person\/b19f23f210db552768f68a4b552b004f","name":"anachain","image":{"@type":"ImageObject","inLanguage":"pt-BR","@id":"https:\/\/secure.gravatar.com\/avatar\/30b83965911ef1108bb893c00bdd65c885f9890e1265ee04b02c3d5adc785d37?s=96&d=identicon&r=g","url":"https:\/\/secure.gravatar.com\/avatar\/30b83965911ef1108bb893c00bdd65c885f9890e1265ee04b02c3d5adc785d37?s=96&d=identicon&r=g","contentUrl":"https:\/\/secure.gravatar.com\/avatar\/30b83965911ef1108bb893c00bdd65c885f9890e1265ee04b02c3d5adc785d37?s=96&d=identicon&r=g","caption":"anachain"},"url":"https:\/\/pre.efe.com\/pt-br\/autor\/anachain\/"}]}},"jetpack_featured_media_url":"https:\/\/pre.efe.com\/wp-content\/uploads\/2022\/12\/argentina.jpg","jetpack_shortlink":"https:\/\/wp.me\/peJvHm-QKF","jetpack_sharing_enabled":true,"_links":{"self":[{"href":"https:\/\/pre.efe.com\/pt-br\/wp-json\/wp\/v2\/posts\/202781","targetHints":{"allow":["GET"]}}],"collection":[{"href":"https:\/\/pre.efe.com\/pt-br\/wp-json\/wp\/v2\/posts"}],"about":[{"href":"https:\/\/pre.efe.com\/pt-br\/wp-json\/wp\/v2\/types\/post"}],"author":[{"embeddable":true,"href":"https:\/\/pre.efe.com\/pt-br\/wp-json\/wp\/v2\/users\/198164106"}],"replies":[{"embeddable":true,"href":"https:\/\/pre.efe.com\/pt-br\/wp-json\/wp\/v2\/comments?post=202781"}],"version-history":[{"count":2,"href":"https:\/\/pre.efe.com\/pt-br\/wp-json\/wp\/v2\/posts\/202781\/revisions"}],"predecessor-version":[{"id":202792,"href":"https:\/\/pre.efe.com\/pt-br\/wp-json\/wp\/v2\/posts\/202781\/revisions\/202792"}],"wp:featuredmedia":[{"embeddable":true,"href":"https:\/\/pre.efe.com\/pt-br\/wp-json\/wp\/v2\/media\/202789"}],"wp:attachment":[{"href":"https:\/\/pre.efe.com\/pt-br\/wp-json\/wp\/v2\/media?parent=202781"}],"wp:term":[{"taxonomy":"category","embeddable":true,"href":"https:\/\/pre.efe.com\/pt-br\/wp-json\/wp\/v2\/categories?post=202781"},{"taxonomy":"post_tag","embeddable":true,"href":"https:\/\/pre.efe.com\/pt-br\/wp-json\/wp\/v2\/tags?post=202781"}],"curies":[{"name":"wp","href":"https:\/\/api.w.org\/{rel}","templated":true}]}}