{"id":2028824,"date":"2025-07-21T19:48:44","date_gmt":"2025-07-21T17:48:44","guid":{"rendered":"https:\/\/pre.efe.com\/?p=2028824"},"modified":"2025-07-21T19:48:47","modified_gmt":"2025-07-21T17:48:47","slug":"democracia-esta-ameacada-e-nao-apenas-pela-forca-militar-alerta-boric","status":"publish","type":"post","link":"https:\/\/pre.efe.com\/pt-br\/mundo-2\/2025-07-21\/democracia-esta-ameacada-e-nao-apenas-pela-forca-militar-alerta-boric\/","title":{"rendered":"&#8220;Democracia est\u00e1 amea\u00e7ada, e n\u00e3o apenas pela for\u00e7a militar&#8221;, alerta Boric"},"content":{"rendered":"\n<p>Santiago (EFE).- O presidente do Chile, Gabriel Boric, disse nesta segunda-feira que &#8220;a democracia est\u00e1 amea\u00e7ada e essa amea\u00e7a n\u00e3o se reduz apenas \u00e0 for\u00e7a militar&#8221;, em discurso durante a inaugura\u00e7\u00e3o em Santiago de uma c\u00fapula que re\u00fane os l\u00edderes progressistas de Brasil, Espanha, Col\u00f4mbia e Uruguai.<\/p>\n\n\n\n<p>&#8220;Hoje, em muitas partes do mundo, a democracia est\u00e1 amea\u00e7ada e essa amea\u00e7a n\u00e3o se reduz apenas \u00e0 for\u00e7a militar, como aconteceu na Am\u00e9rica Latina durante a segunda metade do s\u00e9culo XX, mas h\u00e1 elementos mais sutis que a amea\u00e7am e que acabam se naturalizando&#8221;, afirmou Boric no in\u00edcio da reuni\u00e3o, batizada de &#8220;Democracia Siempre&#8221;.<\/p>\n\n\n\n<p>Entre esses elementos, o l\u00edder chileno destacou &#8220;a desinforma\u00e7\u00e3o, o extremismo de qualquer tipo, o avan\u00e7o do \u00f3dio, a corrup\u00e7\u00e3o, a concentra\u00e7\u00e3o de poder e uma desigualdade que mina a confian\u00e7a na esfera p\u00fablica e no Estado de Direito&#8221;.<\/p>\n\n\n\n<p>Boric recebeu os chefes de Estado e de governo da Espanha, Pedro S\u00e1nchez; do Brasil, Luiz In\u00e1cio Lula da Silva; da Col\u00f4mbia, Gustavo Petro; e do Uruguai, Yamand\u00fa Orsi, no pal\u00e1cio La Moneda, na segunda-feira, para discutir o avan\u00e7o da extrema direita e do autoritarismo.<\/p>\n\n\n\n<p>As propostas resultantes da c\u00fapula ser\u00e3o apresentadas em outra reuni\u00e3o a ser realizada no \u00e2mbito da 80\u00aa sess\u00e3o da Assembleia Geral da ONU, programada para setembro em Nova York.<\/p>\n\n\n\n<p>&#8220;Alguns, de diferentes convic\u00e7\u00f5es pol\u00edticas, apresentam o extremismo e o autoritarismo como uma solu\u00e7\u00e3o eficiente, como se um punho de ferro ou o silenciamento de vozes, a proibi\u00e7\u00e3o da dissid\u00eancia e a ridiculariza\u00e7\u00e3o do advers\u00e1rio fossem suficientes para resolver os problemas subjacentes&#8221;, alertou Boric.<\/p>\n\n\n\n<p>Esse caminho &#8220;apenas garante retrocessos, marginaliza as maiorias, imp\u00f5e a lei do mais forte, amea\u00e7a os mais vulner\u00e1veis e sacrifica a tranquilidade pela incerteza&#8221;, analisou.<\/p>\n\n\n\n<p>Boric pediu para &#8220;identificar essas amea\u00e7as e n\u00e3o simplesmente apontar o dedo para elas&#8221; e garantiu que &#8220;o objetivo desta c\u00fapula \u00e9 positivo, \u00e9 destacar a esperan\u00e7a e oferecer uma alternativa a essas vis\u00f5es de mundo&#8221;.<\/p>\n\n\n\n<p>A reuni\u00e3o foi realizada a portas fechadas &#8211; exceto pelo discurso do anfitri\u00e3o, que foi transmitido &#8211; e espera-se que os l\u00edderes fa\u00e7am uma declara\u00e7\u00e3o p\u00fablica posteriormente.<\/p>\n\n\n\n<p>Ap\u00f3s a reuni\u00e3o em La Moneda, os l\u00edderes progressistas almo\u00e7ar\u00e3o com intelectuais como o economista americano e ganhador do Pr\u00eamio Nobel Joseph Stiglitz, a fil\u00f3sofa americana Susan Neiman e o economista sul-coreano especializado em estrat\u00e9gias de desenvolvimento Ha-Joon Chang. Em seguida, eles se reunir\u00e3o com representantes de mais de 300 organiza\u00e7\u00f5es da sociedade civil chilena. EFE<\/p>\n","protected":false},"excerpt":{"rendered":"<p>Santiago (EFE).- O presidente do Chile, Gabriel Boric, disse nesta segunda-feira que &#8220;a democracia est\u00e1 amea\u00e7ada e essa amea\u00e7a n\u00e3o se reduz apenas \u00e0 for\u00e7a militar&#8221;, em discurso durante a inaugura\u00e7\u00e3o em Santiago de uma c\u00fapula que re\u00fane os l\u00edderes progressistas de Brasil, Espanha, Col\u00f4mbia e Uruguai. &#8220;Hoje, em muitas partes do mundo, a democracia &#8230; <a title=\"&#8220;Democracia est\u00e1 amea\u00e7ada, e n\u00e3o apenas pela for\u00e7a militar&#8221;, alerta Boric\" class=\"read-more\" href=\"https:\/\/pre.efe.com\/pt-br\/mundo-2\/2025-07-21\/democracia-esta-ameacada-e-nao-apenas-pela-forca-militar-alerta-boric\/\" aria-label=\"Read more about &#8220;Democracia est\u00e1 amea\u00e7ada, e n\u00e3o apenas pela for\u00e7a militar&#8221;, alerta Boric\">Leia mais<\/a><\/p>\n","protected":false},"author":198164106,"featured_media":2028375,"comment_status":"closed","ping_status":"closed","sticky":false,"template":"","format":"standard","meta":{"_acf_changed":false,"_jetpack_memberships_contains_paid_content":false,"footnotes":""},"categories":[123208,122141],"tags":[125591,123757,127504,124845,125887],"class_list":["post-2028824","post","type-post","status-publish","format-standard","has-post-thumbnail","hentry","category-mundo-2","category-portada","tag-brasil-2","tag-chile-2","tag-democracia-2","tag-governo","tag-politica-2","generate-columns","tablet-grid-50","mobile-grid-100","grid-parent","grid-50"],"acf":[],"yoast_head":"<!-- This site is optimized with the Yoast SEO Premium plugin v26.0 (Yoast SEO v27.5) - https:\/\/yoast.com\/product\/yoast-seo-premium-wordpress\/ -->\n<title>&quot;Democracia est\u00e1 amea\u00e7ada, e n\u00e3o apenas pela for\u00e7a militar&quot;, alerta Boric - EFE<\/title>\n<meta name=\"robots\" content=\"noindex, follow\" \/>\n<meta property=\"og:locale\" content=\"pt_BR\" \/>\n<meta property=\"og:type\" content=\"article\" \/>\n<meta property=\"og:title\" content=\"&quot;Democracia est\u00e1 amea\u00e7ada, e n\u00e3o apenas pela for\u00e7a militar&quot;, alerta Boric - EFE\" \/>\n<meta property=\"og:description\" content=\"Santiago (EFE).- O presidente do Chile, Gabriel Boric, disse nesta segunda-feira que &#8220;a democracia est\u00e1 amea\u00e7ada e essa amea\u00e7a n\u00e3o se reduz apenas \u00e0 for\u00e7a militar&#8221;, em discurso durante a inaugura\u00e7\u00e3o em Santiago de uma c\u00fapula que re\u00fane os l\u00edderes progressistas de Brasil, Espanha, Col\u00f4mbia e Uruguai. &#8220;Hoje, em muitas partes do mundo, a democracia ... Leia mais\" \/>\n<meta property=\"og:url\" content=\"https:\/\/pre.efe.com\/pt-br\/mundo-2\/2025-07-21\/democracia-esta-ameacada-e-nao-apenas-pela-forca-militar-alerta-boric\/\" \/>\n<meta property=\"og:site_name\" content=\"EFE Noticias\" \/>\n<meta property=\"article:publisher\" content=\"https:\/\/www.facebook.com\/AgenciaEFEnoticias\/\" \/>\n<meta property=\"article:published_time\" content=\"2025-07-21T17:48:44+00:00\" \/>\n<meta property=\"article:modified_time\" content=\"2025-07-21T17:48:47+00:00\" \/>\n<meta property=\"og:image\" content=\"https:\/\/pre.efe.com\/wp-content\/uploads\/2025\/07\/AME4267-CHILE-CUMBRE-DEMOCRACIA.webp\" \/>\n\t<meta property=\"og:image:width\" content=\"900\" \/>\n\t<meta property=\"og:image:height\" content=\"600\" \/>\n\t<meta property=\"og:image:type\" content=\"image\/jpeg\" \/>\n<meta name=\"author\" content=\"anachain\" \/>\n<meta name=\"twitter:card\" content=\"summary_large_image\" \/>\n<meta name=\"twitter:creator\" content=\"@efenoticias\" \/>\n<meta name=\"twitter:site\" content=\"@efenoticias\" \/>\n<script type=\"application\/ld+json\" class=\"yoast-schema-graph\">{\"@context\":\"https:\\\/\\\/schema.org\",\"@graph\":[{\"@type\":\"NewsArticle\",\"@id\":\"https:\\\/\\\/pre.efe.com\\\/pt-br\\\/mundo-2\\\/2025-07-21\\\/democracia-esta-ameacada-e-nao-apenas-pela-forca-militar-alerta-boric\\\/#article\",\"isPartOf\":{\"@id\":\"https:\\\/\\\/pre.efe.com\\\/pt-br\\\/mundo-2\\\/2025-07-21\\\/democracia-esta-ameacada-e-nao-apenas-pela-forca-militar-alerta-boric\\\/\"},\"author\":{\"name\":\"anachain\",\"@id\":\"https:\\\/\\\/pre.efe.com\\\/pt-br\\\/#\\\/schema\\\/person\\\/b19f23f210db552768f68a4b552b004f\"},\"headline\":\"&#8220;Democracia est\u00e1 amea\u00e7ada, e n\u00e3o apenas pela for\u00e7a militar&#8221;, alerta Boric\",\"datePublished\":\"2025-07-21T17:48:44+00:00\",\"dateModified\":\"2025-07-21T17:48:47+00:00\",\"mainEntityOfPage\":{\"@id\":\"https:\\\/\\\/pre.efe.com\\\/pt-br\\\/mundo-2\\\/2025-07-21\\\/democracia-esta-ameacada-e-nao-apenas-pela-forca-militar-alerta-boric\\\/\"},\"wordCount\":477,\"publisher\":{\"@id\":\"https:\\\/\\\/pre.efe.com\\\/pt-br\\\/#organization\"},\"image\":{\"@id\":\"https:\\\/\\\/pre.efe.com\\\/pt-br\\\/mundo-2\\\/2025-07-21\\\/democracia-esta-ameacada-e-nao-apenas-pela-forca-militar-alerta-boric\\\/#primaryimage\"},\"thumbnailUrl\":\"https:\\\/\\\/pre.efe.com\\\/wp-content\\\/uploads\\\/2025\\\/07\\\/AME4267-CHILE-CUMBRE-DEMOCRACIA.webp\",\"keywords\":[\"Brasil\",\"Chile\",\"Democracia\",\"Governo\",\"Politica\"],\"articleSection\":[\"Mundo\",\"Portada\"],\"inLanguage\":\"pt-BR\",\"copyrightYear\":\"2025\",\"copyrightHolder\":{\"@id\":\"https:\\\/\\\/pre.efe.com\\\/#organization\"}},{\"@type\":[\"WebPage\",\"ItemPage\"],\"@id\":\"https:\\\/\\\/pre.efe.com\\\/pt-br\\\/mundo-2\\\/2025-07-21\\\/democracia-esta-ameacada-e-nao-apenas-pela-forca-militar-alerta-boric\\\/\",\"url\":\"https:\\\/\\\/pre.efe.com\\\/pt-br\\\/mundo-2\\\/2025-07-21\\\/democracia-esta-ameacada-e-nao-apenas-pela-forca-militar-alerta-boric\\\/\",\"name\":\"\\\"Democracia est\u00e1 amea\u00e7ada, e n\u00e3o apenas pela for\u00e7a militar\\\", alerta Boric - EFE\",\"isPartOf\":{\"@id\":\"https:\\\/\\\/pre.efe.com\\\/pt-br\\\/#website\"},\"primaryImageOfPage\":{\"@id\":\"https:\\\/\\\/pre.efe.com\\\/pt-br\\\/mundo-2\\\/2025-07-21\\\/democracia-esta-ameacada-e-nao-apenas-pela-forca-militar-alerta-boric\\\/#primaryimage\"},\"image\":{\"@id\":\"https:\\\/\\\/pre.efe.com\\\/pt-br\\\/mundo-2\\\/2025-07-21\\\/democracia-esta-ameacada-e-nao-apenas-pela-forca-militar-alerta-boric\\\/#primaryimage\"},\"thumbnailUrl\":\"https:\\\/\\\/pre.efe.com\\\/wp-content\\\/uploads\\\/2025\\\/07\\\/AME4267-CHILE-CUMBRE-DEMOCRACIA.webp\",\"datePublished\":\"2025-07-21T17:48:44+00:00\",\"dateModified\":\"2025-07-21T17:48:47+00:00\",\"breadcrumb\":{\"@id\":\"https:\\\/\\\/pre.efe.com\\\/pt-br\\\/mundo-2\\\/2025-07-21\\\/democracia-esta-ameacada-e-nao-apenas-pela-forca-militar-alerta-boric\\\/#breadcrumb\"},\"inLanguage\":\"pt-BR\",\"potentialAction\":[{\"@type\":\"ReadAction\",\"target\":[\"https:\\\/\\\/pre.efe.com\\\/pt-br\\\/mundo-2\\\/2025-07-21\\\/democracia-esta-ameacada-e-nao-apenas-pela-forca-militar-alerta-boric\\\/\"]}]},{\"@type\":\"ImageObject\",\"inLanguage\":\"pt-BR\",\"@id\":\"https:\\\/\\\/pre.efe.com\\\/pt-br\\\/mundo-2\\\/2025-07-21\\\/democracia-esta-ameacada-e-nao-apenas-pela-forca-militar-alerta-boric\\\/#primaryimage\",\"url\":\"https:\\\/\\\/pre.efe.com\\\/wp-content\\\/uploads\\\/2025\\\/07\\\/AME4267-CHILE-CUMBRE-DEMOCRACIA.webp\",\"contentUrl\":\"https:\\\/\\\/pre.efe.com\\\/wp-content\\\/uploads\\\/2025\\\/07\\\/AME4267-CHILE-CUMBRE-DEMOCRACIA.webp\",\"width\":900,\"height\":600,\"caption\":\"Da esquerda para a direita: Yamand\u00fa Orsi; Luiz In\u00e1cio Lula da Silva; Gabriel Boric; Pedro S\u00e1nchez, e Gustavo Petro nesta segunda-feira, no Pal\u00e1cio de La Moneda, em Santiago. EFE\\\/Elvis Gonz\u00e1lez\"},{\"@type\":\"BreadcrumbList\",\"@id\":\"https:\\\/\\\/pre.efe.com\\\/pt-br\\\/mundo-2\\\/2025-07-21\\\/democracia-esta-ameacada-e-nao-apenas-pela-forca-militar-alerta-boric\\\/#breadcrumb\",\"itemListElement\":[{\"@type\":\"ListItem\",\"position\":1,\"name\":\"Portada\",\"item\":\"https:\\\/\\\/pre.efe.com\\\/pt-br\\\/\"},{\"@type\":\"ListItem\",\"position\":2,\"name\":\"\u00abDemocracia est\u00e1 amea\u00e7ada, e n\u00e3o apenas pela for\u00e7a militar\u00bb, alerta Boric\"}]},{\"@type\":\"WebSite\",\"@id\":\"https:\\\/\\\/pre.efe.com\\\/pt-br\\\/#website\",\"url\":\"https:\\\/\\\/pre.efe.com\\\/pt-br\\\/\",\"name\":\"EFE Noticias\",\"description\":\"\",\"publisher\":{\"@id\":\"https:\\\/\\\/pre.efe.com\\\/pt-br\\\/#organization\"},\"potentialAction\":[{\"@type\":\"SearchAction\",\"target\":{\"@type\":\"EntryPoint\",\"urlTemplate\":\"https:\\\/\\\/pre.efe.com\\\/pt-br\\\/?s={search_term_string}\"},\"query-input\":{\"@type\":\"PropertyValueSpecification\",\"valueRequired\":true,\"valueName\":\"search_term_string\"}}],\"inLanguage\":\"pt-BR\"},{\"@type\":\"Organization\",\"@id\":\"https:\\\/\\\/pre.efe.com\\\/pt-br\\\/#organization\",\"name\":\"Agencia EFE\",\"url\":\"https:\\\/\\\/pre.efe.com\\\/pt-br\\\/\",\"logo\":{\"@type\":\"ImageObject\",\"inLanguage\":\"pt-BR\",\"@id\":\"https:\\\/\\\/pre.efe.com\\\/pt-br\\\/#\\\/schema\\\/logo\\\/image\\\/\",\"url\":\"https:\\\/\\\/pre.efe.com\\\/wp-content\\\/uploads\\\/2023\\\/06\\\/logo-efe-467.png\",\"contentUrl\":\"https:\\\/\\\/pre.efe.com\\\/wp-content\\\/uploads\\\/2023\\\/06\\\/logo-efe-467.png\",\"width\":467,\"height\":467,\"caption\":\"Agencia EFE\"},\"image\":{\"@id\":\"https:\\\/\\\/pre.efe.com\\\/pt-br\\\/#\\\/schema\\\/logo\\\/image\\\/\"},\"sameAs\":[\"https:\\\/\\\/www.facebook.com\\\/AgenciaEFEnoticias\\\/\",\"https:\\\/\\\/x.com\\\/efenoticias\",\"https:\\\/\\\/www.instagram.com\\\/efe_noticias\\\/\",\"http:\\\/\\\/www.youtube.com\\\/efe\"]},{\"@type\":\"Person\",\"@id\":\"https:\\\/\\\/pre.efe.com\\\/pt-br\\\/#\\\/schema\\\/person\\\/b19f23f210db552768f68a4b552b004f\",\"name\":\"anachain\",\"image\":{\"@type\":\"ImageObject\",\"inLanguage\":\"pt-BR\",\"@id\":\"https:\\\/\\\/secure.gravatar.com\\\/avatar\\\/30b83965911ef1108bb893c00bdd65c885f9890e1265ee04b02c3d5adc785d37?s=96&d=identicon&r=g\",\"url\":\"https:\\\/\\\/secure.gravatar.com\\\/avatar\\\/30b83965911ef1108bb893c00bdd65c885f9890e1265ee04b02c3d5adc785d37?s=96&d=identicon&r=g\",\"contentUrl\":\"https:\\\/\\\/secure.gravatar.com\\\/avatar\\\/30b83965911ef1108bb893c00bdd65c885f9890e1265ee04b02c3d5adc785d37?s=96&d=identicon&r=g\",\"caption\":\"anachain\"},\"url\":\"https:\\\/\\\/pre.efe.com\\\/pt-br\\\/autor\\\/anachain\\\/\"}]}<\/script>\n<!-- \/ Yoast SEO Premium plugin. -->","yoast_head_json":{"title":"\"Democracia est\u00e1 amea\u00e7ada, e n\u00e3o apenas pela for\u00e7a militar\", alerta Boric - EFE","robots":{"index":"noindex","follow":"follow"},"og_locale":"pt_BR","og_type":"article","og_title":"\"Democracia est\u00e1 amea\u00e7ada, e n\u00e3o apenas pela for\u00e7a militar\", alerta Boric - EFE","og_description":"Santiago (EFE).- O presidente do Chile, Gabriel Boric, disse nesta segunda-feira que &#8220;a democracia est\u00e1 amea\u00e7ada e essa amea\u00e7a n\u00e3o se reduz apenas \u00e0 for\u00e7a militar&#8221;, em discurso durante a inaugura\u00e7\u00e3o em Santiago de uma c\u00fapula que re\u00fane os l\u00edderes progressistas de Brasil, Espanha, Col\u00f4mbia e Uruguai. &#8220;Hoje, em muitas partes do mundo, a democracia ... Leia mais","og_url":"https:\/\/pre.efe.com\/pt-br\/mundo-2\/2025-07-21\/democracia-esta-ameacada-e-nao-apenas-pela-forca-militar-alerta-boric\/","og_site_name":"EFE Noticias","article_publisher":"https:\/\/www.facebook.com\/AgenciaEFEnoticias\/","article_published_time":"2025-07-21T17:48:44+00:00","article_modified_time":"2025-07-21T17:48:47+00:00","og_image":[{"width":900,"height":600,"url":"https:\/\/pre.efe.com\/wp-content\/uploads\/2025\/07\/AME4267-CHILE-CUMBRE-DEMOCRACIA.webp","type":"image\/jpeg"}],"author":"anachain","twitter_card":"summary_large_image","twitter_creator":"@efenoticias","twitter_site":"@efenoticias","schema":{"@context":"https:\/\/schema.org","@graph":[{"@type":"NewsArticle","@id":"https:\/\/pre.efe.com\/pt-br\/mundo-2\/2025-07-21\/democracia-esta-ameacada-e-nao-apenas-pela-forca-militar-alerta-boric\/#article","isPartOf":{"@id":"https:\/\/pre.efe.com\/pt-br\/mundo-2\/2025-07-21\/democracia-esta-ameacada-e-nao-apenas-pela-forca-militar-alerta-boric\/"},"author":{"name":"anachain","@id":"https:\/\/pre.efe.com\/pt-br\/#\/schema\/person\/b19f23f210db552768f68a4b552b004f"},"headline":"&#8220;Democracia est\u00e1 amea\u00e7ada, e n\u00e3o apenas pela for\u00e7a militar&#8221;, alerta Boric","datePublished":"2025-07-21T17:48:44+00:00","dateModified":"2025-07-21T17:48:47+00:00","mainEntityOfPage":{"@id":"https:\/\/pre.efe.com\/pt-br\/mundo-2\/2025-07-21\/democracia-esta-ameacada-e-nao-apenas-pela-forca-militar-alerta-boric\/"},"wordCount":477,"publisher":{"@id":"https:\/\/pre.efe.com\/pt-br\/#organization"},"image":{"@id":"https:\/\/pre.efe.com\/pt-br\/mundo-2\/2025-07-21\/democracia-esta-ameacada-e-nao-apenas-pela-forca-militar-alerta-boric\/#primaryimage"},"thumbnailUrl":"https:\/\/pre.efe.com\/wp-content\/uploads\/2025\/07\/AME4267-CHILE-CUMBRE-DEMOCRACIA.webp","keywords":["Brasil","Chile","Democracia","Governo","Politica"],"articleSection":["Mundo","Portada"],"inLanguage":"pt-BR","copyrightYear":"2025","copyrightHolder":{"@id":"https:\/\/pre.efe.com\/#organization"}},{"@type":["WebPage","ItemPage"],"@id":"https:\/\/pre.efe.com\/pt-br\/mundo-2\/2025-07-21\/democracia-esta-ameacada-e-nao-apenas-pela-forca-militar-alerta-boric\/","url":"https:\/\/pre.efe.com\/pt-br\/mundo-2\/2025-07-21\/democracia-esta-ameacada-e-nao-apenas-pela-forca-militar-alerta-boric\/","name":"\"Democracia est\u00e1 amea\u00e7ada, e n\u00e3o apenas pela for\u00e7a militar\", alerta Boric - EFE","isPartOf":{"@id":"https:\/\/pre.efe.com\/pt-br\/#website"},"primaryImageOfPage":{"@id":"https:\/\/pre.efe.com\/pt-br\/mundo-2\/2025-07-21\/democracia-esta-ameacada-e-nao-apenas-pela-forca-militar-alerta-boric\/#primaryimage"},"image":{"@id":"https:\/\/pre.efe.com\/pt-br\/mundo-2\/2025-07-21\/democracia-esta-ameacada-e-nao-apenas-pela-forca-militar-alerta-boric\/#primaryimage"},"thumbnailUrl":"https:\/\/pre.efe.com\/wp-content\/uploads\/2025\/07\/AME4267-CHILE-CUMBRE-DEMOCRACIA.webp","datePublished":"2025-07-21T17:48:44+00:00","dateModified":"2025-07-21T17:48:47+00:00","breadcrumb":{"@id":"https:\/\/pre.efe.com\/pt-br\/mundo-2\/2025-07-21\/democracia-esta-ameacada-e-nao-apenas-pela-forca-militar-alerta-boric\/#breadcrumb"},"inLanguage":"pt-BR","potentialAction":[{"@type":"ReadAction","target":["https:\/\/pre.efe.com\/pt-br\/mundo-2\/2025-07-21\/democracia-esta-ameacada-e-nao-apenas-pela-forca-militar-alerta-boric\/"]}]},{"@type":"ImageObject","inLanguage":"pt-BR","@id":"https:\/\/pre.efe.com\/pt-br\/mundo-2\/2025-07-21\/democracia-esta-ameacada-e-nao-apenas-pela-forca-militar-alerta-boric\/#primaryimage","url":"https:\/\/pre.efe.com\/wp-content\/uploads\/2025\/07\/AME4267-CHILE-CUMBRE-DEMOCRACIA.webp","contentUrl":"https:\/\/pre.efe.com\/wp-content\/uploads\/2025\/07\/AME4267-CHILE-CUMBRE-DEMOCRACIA.webp","width":900,"height":600,"caption":"Da esquerda para a direita: Yamand\u00fa Orsi; Luiz In\u00e1cio Lula da Silva; Gabriel Boric; Pedro S\u00e1nchez, e Gustavo Petro nesta segunda-feira, no Pal\u00e1cio de La Moneda, em Santiago. EFE\/Elvis Gonz\u00e1lez"},{"@type":"BreadcrumbList","@id":"https:\/\/pre.efe.com\/pt-br\/mundo-2\/2025-07-21\/democracia-esta-ameacada-e-nao-apenas-pela-forca-militar-alerta-boric\/#breadcrumb","itemListElement":[{"@type":"ListItem","position":1,"name":"Portada","item":"https:\/\/pre.efe.com\/pt-br\/"},{"@type":"ListItem","position":2,"name":"\u00abDemocracia est\u00e1 amea\u00e7ada, e n\u00e3o apenas pela for\u00e7a militar\u00bb, alerta Boric"}]},{"@type":"WebSite","@id":"https:\/\/pre.efe.com\/pt-br\/#website","url":"https:\/\/pre.efe.com\/pt-br\/","name":"EFE Noticias","description":"","publisher":{"@id":"https:\/\/pre.efe.com\/pt-br\/#organization"},"potentialAction":[{"@type":"SearchAction","target":{"@type":"EntryPoint","urlTemplate":"https:\/\/pre.efe.com\/pt-br\/?s={search_term_string}"},"query-input":{"@type":"PropertyValueSpecification","valueRequired":true,"valueName":"search_term_string"}}],"inLanguage":"pt-BR"},{"@type":"Organization","@id":"https:\/\/pre.efe.com\/pt-br\/#organization","name":"Agencia EFE","url":"https:\/\/pre.efe.com\/pt-br\/","logo":{"@type":"ImageObject","inLanguage":"pt-BR","@id":"https:\/\/pre.efe.com\/pt-br\/#\/schema\/logo\/image\/","url":"https:\/\/pre.efe.com\/wp-content\/uploads\/2023\/06\/logo-efe-467.png","contentUrl":"https:\/\/pre.efe.com\/wp-content\/uploads\/2023\/06\/logo-efe-467.png","width":467,"height":467,"caption":"Agencia EFE"},"image":{"@id":"https:\/\/pre.efe.com\/pt-br\/#\/schema\/logo\/image\/"},"sameAs":["https:\/\/www.facebook.com\/AgenciaEFEnoticias\/","https:\/\/x.com\/efenoticias","https:\/\/www.instagram.com\/efe_noticias\/","http:\/\/www.youtube.com\/efe"]},{"@type":"Person","@id":"https:\/\/pre.efe.com\/pt-br\/#\/schema\/person\/b19f23f210db552768f68a4b552b004f","name":"anachain","image":{"@type":"ImageObject","inLanguage":"pt-BR","@id":"https:\/\/secure.gravatar.com\/avatar\/30b83965911ef1108bb893c00bdd65c885f9890e1265ee04b02c3d5adc785d37?s=96&d=identicon&r=g","url":"https:\/\/secure.gravatar.com\/avatar\/30b83965911ef1108bb893c00bdd65c885f9890e1265ee04b02c3d5adc785d37?s=96&d=identicon&r=g","contentUrl":"https:\/\/secure.gravatar.com\/avatar\/30b83965911ef1108bb893c00bdd65c885f9890e1265ee04b02c3d5adc785d37?s=96&d=identicon&r=g","caption":"anachain"},"url":"https:\/\/pre.efe.com\/pt-br\/autor\/anachain\/"}]}},"jetpack_featured_media_url":"https:\/\/pre.efe.com\/wp-content\/uploads\/2025\/07\/AME4267-CHILE-CUMBRE-DEMOCRACIA.webp","jetpack_shortlink":"https:\/\/wp.me\/peJvHm-8vMY","jetpack_sharing_enabled":true,"_links":{"self":[{"href":"https:\/\/pre.efe.com\/pt-br\/wp-json\/wp\/v2\/posts\/2028824","targetHints":{"allow":["GET"]}}],"collection":[{"href":"https:\/\/pre.efe.com\/pt-br\/wp-json\/wp\/v2\/posts"}],"about":[{"href":"https:\/\/pre.efe.com\/pt-br\/wp-json\/wp\/v2\/types\/post"}],"author":[{"embeddable":true,"href":"https:\/\/pre.efe.com\/pt-br\/wp-json\/wp\/v2\/users\/198164106"}],"replies":[{"embeddable":true,"href":"https:\/\/pre.efe.com\/pt-br\/wp-json\/wp\/v2\/comments?post=2028824"}],"version-history":[{"count":2,"href":"https:\/\/pre.efe.com\/pt-br\/wp-json\/wp\/v2\/posts\/2028824\/revisions"}],"predecessor-version":[{"id":2028835,"href":"https:\/\/pre.efe.com\/pt-br\/wp-json\/wp\/v2\/posts\/2028824\/revisions\/2028835"}],"wp:featuredmedia":[{"embeddable":true,"href":"https:\/\/pre.efe.com\/pt-br\/wp-json\/wp\/v2\/media\/2028375"}],"wp:attachment":[{"href":"https:\/\/pre.efe.com\/pt-br\/wp-json\/wp\/v2\/media?parent=2028824"}],"wp:term":[{"taxonomy":"category","embeddable":true,"href":"https:\/\/pre.efe.com\/pt-br\/wp-json\/wp\/v2\/categories?post=2028824"},{"taxonomy":"post_tag","embeddable":true,"href":"https:\/\/pre.efe.com\/pt-br\/wp-json\/wp\/v2\/tags?post=2028824"}],"curies":[{"name":"wp","href":"https:\/\/api.w.org\/{rel}","templated":true}]}}