{"id":2050290,"date":"2025-07-30T20:29:54","date_gmt":"2025-07-30T18:29:54","guid":{"rendered":"https:\/\/pre.efe.com\/?p=2050290"},"modified":"2025-07-31T20:31:58","modified_gmt":"2025-07-31T18:31:58","slug":"trump-suspende-isencao-de-tarifas-para-remessas-comerciais-de-baixo-custo","status":"publish","type":"post","link":"https:\/\/pre.efe.com\/pt-br\/mundo-2\/2025-07-30\/trump-suspende-isencao-de-tarifas-para-remessas-comerciais-de-baixo-custo\/","title":{"rendered":"Trump suspende isen\u00e7\u00e3o de tarifas para remessas comerciais de baixo custo"},"content":{"rendered":"\n<p>Washington (EFE).- O presidente dos Estados Unidos, Donald Trump, suspender\u00e1 a partir de 29 de agosto a isen\u00e7\u00e3o de tarifas para remessas comerciais de baixo custo em n\u00edvel global, informou nesta quarta-feira a Casa Branca.<\/p>\n\n\n\n<p>A decis\u00e3o, anunciada nesta quarta-feira por meio de uma ordem executiva, impor\u00e1 impostos sobre as importa\u00e7\u00f5es para os EUA de bens com valor inferior a US$ 800.<\/p>\n\n\n\n<p>Todos os produtos que chegarem aos EUA atrav\u00e9s do sistema postal internacional estar\u00e3o sujeitos, a partir do final de agosto, a uma tarifa alfandeg\u00e1ria calculada de acordo com o custo de cada pacote e o pa\u00eds de origem, explicou o governo dos americano.<\/p>\n\n\n\n<p>Trump justificou a decis\u00e3o ao afirmar que as remessas de baixo custo isentas de impostos nos EUA est\u00e3o sujeitas a \u201cmenos controles\u201d do que as importa\u00e7\u00f5es tradicionais e que a exce\u00e7\u00e3o, em vigor desde os anos 30, \u00e9 uma \u201clacuna legal\u201d.<\/p>\n\n\n\n<p>Essas remessas, argumentou a Casa Branca, \u201cpodem representar riscos para a sa\u00fade e a seguran\u00e7a nacional e econ\u00f4mica\u201d.<\/p>\n\n\n\n<p>Entre 2015 e 2024, o volume de pequenas remessas que chegaram aos EUA aumentou de 134 milh\u00f5es para mais de 1,36 bilh\u00e3o de pacotes, de acordo com dados do Escrit\u00f3rio de Alf\u00e2ndega e Prote\u00e7\u00e3o de Fronteiras (CBP).<\/p>\n\n\n\n<p>No dia 2 de maio, Trump eliminou a isen\u00e7\u00e3o de tarifas para pequenas remessas provenientes da China, afetando especialmente gigantes das vendas online como Shein e Temu. EFE<\/p>\n","protected":false},"excerpt":{"rendered":"<p>Washington (EFE).- O presidente dos Estados Unidos, Donald Trump, suspender\u00e1 a partir de 29 de agosto a isen\u00e7\u00e3o de tarifas para remessas comerciais de baixo custo em n\u00edvel global, informou nesta quarta-feira a Casa Branca. A decis\u00e3o, anunciada nesta quarta-feira por meio de uma ordem executiva, impor\u00e1 impostos sobre as importa\u00e7\u00f5es para os EUA de &#8230; <a title=\"Trump suspende isen\u00e7\u00e3o de tarifas para remessas comerciais de baixo custo\" class=\"read-more\" href=\"https:\/\/pre.efe.com\/pt-br\/mundo-2\/2025-07-30\/trump-suspende-isencao-de-tarifas-para-remessas-comerciais-de-baixo-custo\/\" aria-label=\"Read more about Trump suspende isen\u00e7\u00e3o de tarifas para remessas comerciais de baixo custo\">Leia mais<\/a><\/p>\n","protected":false},"author":198164106,"featured_media":2047389,"comment_status":"closed","ping_status":"closed","sticky":false,"template":"","format":"standard","meta":{"_acf_changed":false,"_jetpack_memberships_contains_paid_content":false,"footnotes":""},"categories":[123208,122141],"tags":[123239,122371,124845],"class_list":["post-2050290","post","type-post","status-publish","format-standard","has-post-thumbnail","hentry","category-mundo-2","category-portada","tag-economia-2","tag-eua","tag-governo","generate-columns","tablet-grid-50","mobile-grid-100","grid-parent","grid-50"],"acf":[],"yoast_head":"<!-- This site is optimized with the Yoast SEO Premium plugin v26.0 (Yoast SEO v27.4) - https:\/\/yoast.com\/product\/yoast-seo-premium-wordpress\/ -->\n<title>Trump suspende isen\u00e7\u00e3o de tarifas para remessas comerciais de baixo custo - EFE<\/title>\n<meta name=\"robots\" content=\"noindex, follow\" \/>\n<meta property=\"og:locale\" content=\"pt_BR\" \/>\n<meta property=\"og:type\" content=\"article\" \/>\n<meta property=\"og:title\" content=\"Trump suspende isen\u00e7\u00e3o de tarifas para remessas comerciais de baixo custo - EFE\" \/>\n<meta property=\"og:description\" content=\"Washington (EFE).- O presidente dos Estados Unidos, Donald Trump, suspender\u00e1 a partir de 29 de agosto a isen\u00e7\u00e3o de tarifas para remessas comerciais de baixo custo em n\u00edvel global, informou nesta quarta-feira a Casa Branca. A decis\u00e3o, anunciada nesta quarta-feira por meio de uma ordem executiva, impor\u00e1 impostos sobre as importa\u00e7\u00f5es para os EUA de ... Leia mais\" \/>\n<meta property=\"og:url\" content=\"https:\/\/pre.efe.com\/pt-br\/mundo-2\/2025-07-30\/trump-suspende-isencao-de-tarifas-para-remessas-comerciais-de-baixo-custo\/\" \/>\n<meta property=\"og:site_name\" content=\"EFE Noticias\" \/>\n<meta property=\"article:publisher\" content=\"https:\/\/www.facebook.com\/AgenciaEFEnoticias\/\" \/>\n<meta property=\"article:published_time\" content=\"2025-07-30T18:29:54+00:00\" \/>\n<meta property=\"article:modified_time\" content=\"2025-07-31T18:31:58+00:00\" \/>\n<meta property=\"og:image\" content=\"https:\/\/pre.efe.com\/wp-content\/uploads\/2025\/07\/rss-efeb4e8e13922257de1cf22cd0c4d17413f1f3b0a6cw.webp\" \/>\n\t<meta property=\"og:image:width\" content=\"1920\" \/>\n\t<meta property=\"og:image:height\" content=\"1280\" \/>\n\t<meta property=\"og:image:type\" content=\"image\/jpeg\" \/>\n<meta name=\"author\" content=\"anachain\" \/>\n<meta name=\"twitter:card\" content=\"summary_large_image\" \/>\n<meta name=\"twitter:creator\" content=\"@efenoticias\" \/>\n<meta name=\"twitter:site\" content=\"@efenoticias\" \/>\n<script type=\"application\/ld+json\" class=\"yoast-schema-graph\">{\"@context\":\"https:\\\/\\\/schema.org\",\"@graph\":[{\"@type\":\"NewsArticle\",\"@id\":\"https:\\\/\\\/pre.efe.com\\\/pt-br\\\/mundo-2\\\/2025-07-30\\\/trump-suspende-isencao-de-tarifas-para-remessas-comerciais-de-baixo-custo\\\/#article\",\"isPartOf\":{\"@id\":\"https:\\\/\\\/pre.efe.com\\\/pt-br\\\/mundo-2\\\/2025-07-30\\\/trump-suspende-isencao-de-tarifas-para-remessas-comerciais-de-baixo-custo\\\/\"},\"author\":{\"name\":\"anachain\",\"@id\":\"https:\\\/\\\/pre.efe.com\\\/pt-br\\\/#\\\/schema\\\/person\\\/b19f23f210db552768f68a4b552b004f\"},\"headline\":\"Trump suspende isen\u00e7\u00e3o de tarifas para remessas comerciais de baixo custo\",\"datePublished\":\"2025-07-30T18:29:54+00:00\",\"dateModified\":\"2025-07-31T18:31:58+00:00\",\"mainEntityOfPage\":{\"@id\":\"https:\\\/\\\/pre.efe.com\\\/pt-br\\\/mundo-2\\\/2025-07-30\\\/trump-suspende-isencao-de-tarifas-para-remessas-comerciais-de-baixo-custo\\\/\"},\"wordCount\":254,\"publisher\":{\"@id\":\"https:\\\/\\\/pre.efe.com\\\/pt-br\\\/#organization\"},\"image\":{\"@id\":\"https:\\\/\\\/pre.efe.com\\\/pt-br\\\/mundo-2\\\/2025-07-30\\\/trump-suspende-isencao-de-tarifas-para-remessas-comerciais-de-baixo-custo\\\/#primaryimage\"},\"thumbnailUrl\":\"https:\\\/\\\/pre.efe.com\\\/wp-content\\\/uploads\\\/2025\\\/07\\\/rss-efeb4e8e13922257de1cf22cd0c4d17413f1f3b0a6cw.webp\",\"keywords\":[\"Economia\",\"EUA\",\"Governo\"],\"articleSection\":[\"Mundo\",\"Portada\"],\"inLanguage\":\"pt-BR\",\"copyrightYear\":\"2025\",\"copyrightHolder\":{\"@id\":\"https:\\\/\\\/pre.efe.com\\\/#organization\"}},{\"@type\":[\"WebPage\",\"ItemPage\"],\"@id\":\"https:\\\/\\\/pre.efe.com\\\/pt-br\\\/mundo-2\\\/2025-07-30\\\/trump-suspende-isencao-de-tarifas-para-remessas-comerciais-de-baixo-custo\\\/\",\"url\":\"https:\\\/\\\/pre.efe.com\\\/pt-br\\\/mundo-2\\\/2025-07-30\\\/trump-suspende-isencao-de-tarifas-para-remessas-comerciais-de-baixo-custo\\\/\",\"name\":\"Trump suspende isen\u00e7\u00e3o de tarifas para remessas comerciais de baixo custo - EFE\",\"isPartOf\":{\"@id\":\"https:\\\/\\\/pre.efe.com\\\/pt-br\\\/#website\"},\"primaryImageOfPage\":{\"@id\":\"https:\\\/\\\/pre.efe.com\\\/pt-br\\\/mundo-2\\\/2025-07-30\\\/trump-suspende-isencao-de-tarifas-para-remessas-comerciais-de-baixo-custo\\\/#primaryimage\"},\"image\":{\"@id\":\"https:\\\/\\\/pre.efe.com\\\/pt-br\\\/mundo-2\\\/2025-07-30\\\/trump-suspende-isencao-de-tarifas-para-remessas-comerciais-de-baixo-custo\\\/#primaryimage\"},\"thumbnailUrl\":\"https:\\\/\\\/pre.efe.com\\\/wp-content\\\/uploads\\\/2025\\\/07\\\/rss-efeb4e8e13922257de1cf22cd0c4d17413f1f3b0a6cw.webp\",\"datePublished\":\"2025-07-30T18:29:54+00:00\",\"dateModified\":\"2025-07-31T18:31:58+00:00\",\"breadcrumb\":{\"@id\":\"https:\\\/\\\/pre.efe.com\\\/pt-br\\\/mundo-2\\\/2025-07-30\\\/trump-suspende-isencao-de-tarifas-para-remessas-comerciais-de-baixo-custo\\\/#breadcrumb\"},\"inLanguage\":\"pt-BR\",\"potentialAction\":[{\"@type\":\"ReadAction\",\"target\":[\"https:\\\/\\\/pre.efe.com\\\/pt-br\\\/mundo-2\\\/2025-07-30\\\/trump-suspende-isencao-de-tarifas-para-remessas-comerciais-de-baixo-custo\\\/\"]}]},{\"@type\":\"ImageObject\",\"inLanguage\":\"pt-BR\",\"@id\":\"https:\\\/\\\/pre.efe.com\\\/pt-br\\\/mundo-2\\\/2025-07-30\\\/trump-suspende-isencao-de-tarifas-para-remessas-comerciais-de-baixo-custo\\\/#primaryimage\",\"url\":\"https:\\\/\\\/pre.efe.com\\\/wp-content\\\/uploads\\\/2025\\\/07\\\/rss-efeb4e8e13922257de1cf22cd0c4d17413f1f3b0a6cw.webp\",\"contentUrl\":\"https:\\\/\\\/pre.efe.com\\\/wp-content\\\/uploads\\\/2025\\\/07\\\/rss-efeb4e8e13922257de1cf22cd0c4d17413f1f3b0a6cw.webp\",\"width\":1920,\"height\":1280,\"caption\":\"Donald Trump. EFE\\\/Arquivo\\\/BONNIE CASH\\\/POOL\"},{\"@type\":\"BreadcrumbList\",\"@id\":\"https:\\\/\\\/pre.efe.com\\\/pt-br\\\/mundo-2\\\/2025-07-30\\\/trump-suspende-isencao-de-tarifas-para-remessas-comerciais-de-baixo-custo\\\/#breadcrumb\",\"itemListElement\":[{\"@type\":\"ListItem\",\"position\":1,\"name\":\"Portada\",\"item\":\"https:\\\/\\\/pre.efe.com\\\/pt-br\\\/\"},{\"@type\":\"ListItem\",\"position\":2,\"name\":\"Trump suspende isen\u00e7\u00e3o de tarifas para remessas comerciais de baixo custo\"}]},{\"@type\":\"WebSite\",\"@id\":\"https:\\\/\\\/pre.efe.com\\\/pt-br\\\/#website\",\"url\":\"https:\\\/\\\/pre.efe.com\\\/pt-br\\\/\",\"name\":\"EFE Noticias\",\"description\":\"\",\"publisher\":{\"@id\":\"https:\\\/\\\/pre.efe.com\\\/pt-br\\\/#organization\"},\"potentialAction\":[{\"@type\":\"SearchAction\",\"target\":{\"@type\":\"EntryPoint\",\"urlTemplate\":\"https:\\\/\\\/pre.efe.com\\\/pt-br\\\/?s={search_term_string}\"},\"query-input\":{\"@type\":\"PropertyValueSpecification\",\"valueRequired\":true,\"valueName\":\"search_term_string\"}}],\"inLanguage\":\"pt-BR\"},{\"@type\":\"Organization\",\"@id\":\"https:\\\/\\\/pre.efe.com\\\/pt-br\\\/#organization\",\"name\":\"Agencia EFE\",\"url\":\"https:\\\/\\\/pre.efe.com\\\/pt-br\\\/\",\"logo\":{\"@type\":\"ImageObject\",\"inLanguage\":\"pt-BR\",\"@id\":\"https:\\\/\\\/pre.efe.com\\\/pt-br\\\/#\\\/schema\\\/logo\\\/image\\\/\",\"url\":\"https:\\\/\\\/pre.efe.com\\\/wp-content\\\/uploads\\\/2023\\\/06\\\/logo-efe-467.png\",\"contentUrl\":\"https:\\\/\\\/pre.efe.com\\\/wp-content\\\/uploads\\\/2023\\\/06\\\/logo-efe-467.png\",\"width\":467,\"height\":467,\"caption\":\"Agencia EFE\"},\"image\":{\"@id\":\"https:\\\/\\\/pre.efe.com\\\/pt-br\\\/#\\\/schema\\\/logo\\\/image\\\/\"},\"sameAs\":[\"https:\\\/\\\/www.facebook.com\\\/AgenciaEFEnoticias\\\/\",\"https:\\\/\\\/x.com\\\/efenoticias\",\"https:\\\/\\\/www.instagram.com\\\/efe_noticias\\\/\",\"http:\\\/\\\/www.youtube.com\\\/efe\"]},{\"@type\":\"Person\",\"@id\":\"https:\\\/\\\/pre.efe.com\\\/pt-br\\\/#\\\/schema\\\/person\\\/b19f23f210db552768f68a4b552b004f\",\"name\":\"anachain\",\"image\":{\"@type\":\"ImageObject\",\"inLanguage\":\"pt-BR\",\"@id\":\"https:\\\/\\\/secure.gravatar.com\\\/avatar\\\/30b83965911ef1108bb893c00bdd65c885f9890e1265ee04b02c3d5adc785d37?s=96&d=identicon&r=g\",\"url\":\"https:\\\/\\\/secure.gravatar.com\\\/avatar\\\/30b83965911ef1108bb893c00bdd65c885f9890e1265ee04b02c3d5adc785d37?s=96&d=identicon&r=g\",\"contentUrl\":\"https:\\\/\\\/secure.gravatar.com\\\/avatar\\\/30b83965911ef1108bb893c00bdd65c885f9890e1265ee04b02c3d5adc785d37?s=96&d=identicon&r=g\",\"caption\":\"anachain\"},\"url\":\"https:\\\/\\\/pre.efe.com\\\/pt-br\\\/autor\\\/anachain\\\/\"}]}<\/script>\n<!-- \/ Yoast SEO Premium plugin. -->","yoast_head_json":{"title":"Trump suspende isen\u00e7\u00e3o de tarifas para remessas comerciais de baixo custo - EFE","robots":{"index":"noindex","follow":"follow"},"og_locale":"pt_BR","og_type":"article","og_title":"Trump suspende isen\u00e7\u00e3o de tarifas para remessas comerciais de baixo custo - EFE","og_description":"Washington (EFE).- O presidente dos Estados Unidos, Donald Trump, suspender\u00e1 a partir de 29 de agosto a isen\u00e7\u00e3o de tarifas para remessas comerciais de baixo custo em n\u00edvel global, informou nesta quarta-feira a Casa Branca. A decis\u00e3o, anunciada nesta quarta-feira por meio de uma ordem executiva, impor\u00e1 impostos sobre as importa\u00e7\u00f5es para os EUA de ... Leia mais","og_url":"https:\/\/pre.efe.com\/pt-br\/mundo-2\/2025-07-30\/trump-suspende-isencao-de-tarifas-para-remessas-comerciais-de-baixo-custo\/","og_site_name":"EFE Noticias","article_publisher":"https:\/\/www.facebook.com\/AgenciaEFEnoticias\/","article_published_time":"2025-07-30T18:29:54+00:00","article_modified_time":"2025-07-31T18:31:58+00:00","og_image":[{"width":1920,"height":1280,"url":"https:\/\/pre.efe.com\/wp-content\/uploads\/2025\/07\/rss-efeb4e8e13922257de1cf22cd0c4d17413f1f3b0a6cw.webp","type":"image\/jpeg"}],"author":"anachain","twitter_card":"summary_large_image","twitter_creator":"@efenoticias","twitter_site":"@efenoticias","schema":{"@context":"https:\/\/schema.org","@graph":[{"@type":"NewsArticle","@id":"https:\/\/pre.efe.com\/pt-br\/mundo-2\/2025-07-30\/trump-suspende-isencao-de-tarifas-para-remessas-comerciais-de-baixo-custo\/#article","isPartOf":{"@id":"https:\/\/pre.efe.com\/pt-br\/mundo-2\/2025-07-30\/trump-suspende-isencao-de-tarifas-para-remessas-comerciais-de-baixo-custo\/"},"author":{"name":"anachain","@id":"https:\/\/pre.efe.com\/pt-br\/#\/schema\/person\/b19f23f210db552768f68a4b552b004f"},"headline":"Trump suspende isen\u00e7\u00e3o de tarifas para remessas comerciais de baixo custo","datePublished":"2025-07-30T18:29:54+00:00","dateModified":"2025-07-31T18:31:58+00:00","mainEntityOfPage":{"@id":"https:\/\/pre.efe.com\/pt-br\/mundo-2\/2025-07-30\/trump-suspende-isencao-de-tarifas-para-remessas-comerciais-de-baixo-custo\/"},"wordCount":254,"publisher":{"@id":"https:\/\/pre.efe.com\/pt-br\/#organization"},"image":{"@id":"https:\/\/pre.efe.com\/pt-br\/mundo-2\/2025-07-30\/trump-suspende-isencao-de-tarifas-para-remessas-comerciais-de-baixo-custo\/#primaryimage"},"thumbnailUrl":"https:\/\/pre.efe.com\/wp-content\/uploads\/2025\/07\/rss-efeb4e8e13922257de1cf22cd0c4d17413f1f3b0a6cw.webp","keywords":["Economia","EUA","Governo"],"articleSection":["Mundo","Portada"],"inLanguage":"pt-BR","copyrightYear":"2025","copyrightHolder":{"@id":"https:\/\/pre.efe.com\/#organization"}},{"@type":["WebPage","ItemPage"],"@id":"https:\/\/pre.efe.com\/pt-br\/mundo-2\/2025-07-30\/trump-suspende-isencao-de-tarifas-para-remessas-comerciais-de-baixo-custo\/","url":"https:\/\/pre.efe.com\/pt-br\/mundo-2\/2025-07-30\/trump-suspende-isencao-de-tarifas-para-remessas-comerciais-de-baixo-custo\/","name":"Trump suspende isen\u00e7\u00e3o de tarifas para remessas comerciais de baixo custo - EFE","isPartOf":{"@id":"https:\/\/pre.efe.com\/pt-br\/#website"},"primaryImageOfPage":{"@id":"https:\/\/pre.efe.com\/pt-br\/mundo-2\/2025-07-30\/trump-suspende-isencao-de-tarifas-para-remessas-comerciais-de-baixo-custo\/#primaryimage"},"image":{"@id":"https:\/\/pre.efe.com\/pt-br\/mundo-2\/2025-07-30\/trump-suspende-isencao-de-tarifas-para-remessas-comerciais-de-baixo-custo\/#primaryimage"},"thumbnailUrl":"https:\/\/pre.efe.com\/wp-content\/uploads\/2025\/07\/rss-efeb4e8e13922257de1cf22cd0c4d17413f1f3b0a6cw.webp","datePublished":"2025-07-30T18:29:54+00:00","dateModified":"2025-07-31T18:31:58+00:00","breadcrumb":{"@id":"https:\/\/pre.efe.com\/pt-br\/mundo-2\/2025-07-30\/trump-suspende-isencao-de-tarifas-para-remessas-comerciais-de-baixo-custo\/#breadcrumb"},"inLanguage":"pt-BR","potentialAction":[{"@type":"ReadAction","target":["https:\/\/pre.efe.com\/pt-br\/mundo-2\/2025-07-30\/trump-suspende-isencao-de-tarifas-para-remessas-comerciais-de-baixo-custo\/"]}]},{"@type":"ImageObject","inLanguage":"pt-BR","@id":"https:\/\/pre.efe.com\/pt-br\/mundo-2\/2025-07-30\/trump-suspende-isencao-de-tarifas-para-remessas-comerciais-de-baixo-custo\/#primaryimage","url":"https:\/\/pre.efe.com\/wp-content\/uploads\/2025\/07\/rss-efeb4e8e13922257de1cf22cd0c4d17413f1f3b0a6cw.webp","contentUrl":"https:\/\/pre.efe.com\/wp-content\/uploads\/2025\/07\/rss-efeb4e8e13922257de1cf22cd0c4d17413f1f3b0a6cw.webp","width":1920,"height":1280,"caption":"Donald Trump. EFE\/Arquivo\/BONNIE CASH\/POOL"},{"@type":"BreadcrumbList","@id":"https:\/\/pre.efe.com\/pt-br\/mundo-2\/2025-07-30\/trump-suspende-isencao-de-tarifas-para-remessas-comerciais-de-baixo-custo\/#breadcrumb","itemListElement":[{"@type":"ListItem","position":1,"name":"Portada","item":"https:\/\/pre.efe.com\/pt-br\/"},{"@type":"ListItem","position":2,"name":"Trump suspende isen\u00e7\u00e3o de tarifas para remessas comerciais de baixo custo"}]},{"@type":"WebSite","@id":"https:\/\/pre.efe.com\/pt-br\/#website","url":"https:\/\/pre.efe.com\/pt-br\/","name":"EFE Noticias","description":"","publisher":{"@id":"https:\/\/pre.efe.com\/pt-br\/#organization"},"potentialAction":[{"@type":"SearchAction","target":{"@type":"EntryPoint","urlTemplate":"https:\/\/pre.efe.com\/pt-br\/?s={search_term_string}"},"query-input":{"@type":"PropertyValueSpecification","valueRequired":true,"valueName":"search_term_string"}}],"inLanguage":"pt-BR"},{"@type":"Organization","@id":"https:\/\/pre.efe.com\/pt-br\/#organization","name":"Agencia EFE","url":"https:\/\/pre.efe.com\/pt-br\/","logo":{"@type":"ImageObject","inLanguage":"pt-BR","@id":"https:\/\/pre.efe.com\/pt-br\/#\/schema\/logo\/image\/","url":"https:\/\/pre.efe.com\/wp-content\/uploads\/2023\/06\/logo-efe-467.png","contentUrl":"https:\/\/pre.efe.com\/wp-content\/uploads\/2023\/06\/logo-efe-467.png","width":467,"height":467,"caption":"Agencia EFE"},"image":{"@id":"https:\/\/pre.efe.com\/pt-br\/#\/schema\/logo\/image\/"},"sameAs":["https:\/\/www.facebook.com\/AgenciaEFEnoticias\/","https:\/\/x.com\/efenoticias","https:\/\/www.instagram.com\/efe_noticias\/","http:\/\/www.youtube.com\/efe"]},{"@type":"Person","@id":"https:\/\/pre.efe.com\/pt-br\/#\/schema\/person\/b19f23f210db552768f68a4b552b004f","name":"anachain","image":{"@type":"ImageObject","inLanguage":"pt-BR","@id":"https:\/\/secure.gravatar.com\/avatar\/30b83965911ef1108bb893c00bdd65c885f9890e1265ee04b02c3d5adc785d37?s=96&d=identicon&r=g","url":"https:\/\/secure.gravatar.com\/avatar\/30b83965911ef1108bb893c00bdd65c885f9890e1265ee04b02c3d5adc785d37?s=96&d=identicon&r=g","contentUrl":"https:\/\/secure.gravatar.com\/avatar\/30b83965911ef1108bb893c00bdd65c885f9890e1265ee04b02c3d5adc785d37?s=96&d=identicon&r=g","caption":"anachain"},"url":"https:\/\/pre.efe.com\/pt-br\/autor\/anachain\/"}]}},"jetpack_featured_media_url":"https:\/\/pre.efe.com\/wp-content\/uploads\/2025\/07\/rss-efeb4e8e13922257de1cf22cd0c4d17413f1f3b0a6cw.webp","jetpack_shortlink":"https:\/\/wp.me\/peJvHm-8Bnc","jetpack_sharing_enabled":true,"_links":{"self":[{"href":"https:\/\/pre.efe.com\/pt-br\/wp-json\/wp\/v2\/posts\/2050290","targetHints":{"allow":["GET"]}}],"collection":[{"href":"https:\/\/pre.efe.com\/pt-br\/wp-json\/wp\/v2\/posts"}],"about":[{"href":"https:\/\/pre.efe.com\/pt-br\/wp-json\/wp\/v2\/types\/post"}],"author":[{"embeddable":true,"href":"https:\/\/pre.efe.com\/pt-br\/wp-json\/wp\/v2\/users\/198164106"}],"replies":[{"embeddable":true,"href":"https:\/\/pre.efe.com\/pt-br\/wp-json\/wp\/v2\/comments?post=2050290"}],"version-history":[{"count":2,"href":"https:\/\/pre.efe.com\/pt-br\/wp-json\/wp\/v2\/posts\/2050290\/revisions"}],"predecessor-version":[{"id":2050292,"href":"https:\/\/pre.efe.com\/pt-br\/wp-json\/wp\/v2\/posts\/2050290\/revisions\/2050292"}],"wp:featuredmedia":[{"embeddable":true,"href":"https:\/\/pre.efe.com\/pt-br\/wp-json\/wp\/v2\/media\/2047389"}],"wp:attachment":[{"href":"https:\/\/pre.efe.com\/pt-br\/wp-json\/wp\/v2\/media?parent=2050290"}],"wp:term":[{"taxonomy":"category","embeddable":true,"href":"https:\/\/pre.efe.com\/pt-br\/wp-json\/wp\/v2\/categories?post=2050290"},{"taxonomy":"post_tag","embeddable":true,"href":"https:\/\/pre.efe.com\/pt-br\/wp-json\/wp\/v2\/tags?post=2050290"}],"curies":[{"name":"wp","href":"https:\/\/api.w.org\/{rel}","templated":true}]}}