{"id":205941,"date":"2022-12-13T14:27:13","date_gmt":"2022-12-13T13:27:13","guid":{"rendered":"https:\/\/pre.efe.com\/?p=205941"},"modified":"2022-12-13T21:02:32","modified_gmt":"2022-12-13T20:02:32","slug":"neymar-e-absolvido-em-julgamento-sobre-transferencia-para-o-barcelona","status":"publish","type":"post","link":"https:\/\/pre.efe.com\/pt-br\/esportes\/2022-12-13\/neymar-e-absolvido-em-julgamento-sobre-transferencia-para-o-barcelona\/","title":{"rendered":"Neymar \u00e9 absolvido em julgamento sobre transfer\u00eancia para o Barcelona"},"content":{"rendered":"\n<p>Barcelona (EFE).- O atacante brasileiro Neymar foi absolvido nesta ter\u00e7a-feira pela Sexta Se\u00e7\u00e3o da Audi\u00eancia de Barcelona, na Espanha, em julgamento sobre fatos ocorridos na transfer\u00eancia do jogador do Santos para o Barcelona.<\/p>\n\n\n\n<p>Al\u00e9m do camisa 10 da sele\u00e7\u00e3o, tamb\u00e9m foram absolvidos os ex-presidentes do clube catal\u00e3o Sandro Rosell e Josep Maria Bartomeu. Os tr\u00eas eram acusados dos crimes de corrup\u00e7\u00e3o entre particulares e fraude na opera\u00e7\u00e3o.<\/p>\n\n\n\n<p>No processo, conhecido como &#8220;Neymar 2&#8221;, era julgado o pagamento feito entre 2011 e 2013 pelo Bar\u00e7a \u00e0 N&amp;N Consultoria Esportiva, empresa da fam\u00edlia do atacante, de 60 milh\u00f5es de euros, sob diferentes justificativas, e ao Santos de mais 25 milh\u00f5es de euros.<\/p>\n\n\n\n<p>O fundo de investimento DIS, que atuou como acusa\u00e7\u00e3o, recebeu apenas 6,8 milh\u00f5es de euros como detentor de parte dos direitos econ\u00f4micos de Neymar, embora, tivesse parcela de 40%. Por causa disso, denunciou uma suposta fraude.<\/p>\n\n\n\n<p>O tribunal tamb\u00e9m isenta de responsabilidade penal Neymar da Silva Santos, pai do jogador e administrador da N&amp;N, assim como o ex-presidente do Santos Od\u00edlio Rodrigues.<\/p>\n\n\n\n<p>O Minist\u00e9rio P\u00fablico, que durante todo o julgamento manteve pedido de absolvi\u00e7\u00e3o para Bartomeu, retirou as acusa\u00e7\u00f5es contra os demais r\u00e9us nas suas alega\u00e7\u00f5es finais, ao n\u00e3o ver ind\u00edcios de delitos na opera\u00e7\u00e3o de transfer\u00eancia.<\/p>\n\n\n\n<p>Al\u00e9m disso, foi retirada da lista de acusados Nadine Gon\u00e7alves, m\u00e3e de Neymar, que tamb\u00e9m administra a N&amp;N.<\/p>\n\n\n\n<p>A DIS pedia dois anos e seis meses de pris\u00e3o para Neymar e Bartomeu, que era vice-presidente esportivo do Barcelona durante a transa\u00e7\u00e3o, e quatro anos de deten\u00e7\u00e3o para o jogador e para Rosell, ent\u00e3o presidente do clube catal\u00e3o, assim como dois anos de pena para Rodrigues.<\/p>\n\n\n\n<p>Al\u00e9m disso, o fundo de investimentos exigia duas indeniza\u00e7\u00f5es de 57,48 milh\u00f5es a ser pagas por Barcelona e N&amp;N e tamb\u00e9m pelo Santos.<\/p>\n\n\n\n<p>Na senten\u00e7a, a que a Ag\u00eancia EFE teve acesso, a Audi\u00eancia de Barcelona n\u00e3o considera provado &#8220;que uma das finalidades dos neg\u00f3cios acordados para garantir a contrata\u00e7\u00e3o de Neymar pelo Barcelona FC foi fraudar as expectativas de lucro do DIS.<\/p>\n\n\n\n<p>A decis\u00e3o indica que o fundo &#8220;poder ser v\u00edtima civil, mas n\u00e3o um sujeito passivo da ofensa no sentido de uma v\u00edtima ou v\u00edtima direta, condi\u00e7\u00e3o que antes era mantida por outros clubes de futebol que, supostamente, eram impedidos de contratar o jogador&#8221;<\/p>\n\n\n\n<p>&#8220;N\u00e3o h\u00e1 ind\u00edcios de que foi oferecido suborno ao jogador ou que ele exigiu isso para ser contratado pelo Barcelona. <\/p>\n\n\n\n<h2 class=\"wp-block-heading\">DIS entrar\u00e1 com recurso contra absolvi\u00e7\u00f5es no caso da transfer\u00eancia de Neymar<\/h2>\n\n\n\n<p>O fundo de investimento DIS divulgou nesta ter\u00e7a-feira que recorrer\u00e1 no Tribunal Supremo da Espanha \u00e0 absolvi\u00e7\u00e3o de todos os acusados no processo sobre a transfer\u00eancia de Neymar do Santos para o Barcelona, que foi anunciada mais cedo por um tribunal da capital da Catalunha.<\/p>\n\n\n\n<p>O DIS informou atrav\u00e9s de comunicado que fundamentar\u00e1 o recurso de cassa\u00e7\u00e3o em seu convencimento de que &#8220;a atua\u00e7\u00e3o do jogador do FC Barcelona n\u00e3o \u00e9 s\u00f3 civilmente reprov\u00e1vel (como reconheceu o Minist\u00e9rio P\u00fablico espanhol), mas tamb\u00e9m integra alguns neg\u00f3cios jur\u00eddicos criminalizados&#8221;.<\/p>\n\n\n\n<p>O fundo de investimento, que atuou como acusa\u00e7\u00e3o, recebeu apenas 6,8 milh\u00f5es de euros como detentor de parte dos direitos econ\u00f4micos de Neymar, embora, tivesse parcela de 40%. Por causa disso, denunciou uma suposta fraude.<\/p>\n\n\n\n<p>O DIS pedia dois anos e seis meses de pris\u00e3o para Neymar e Bartomeu, que era vice-presidente esportivo do Barcelona durante a transa\u00e7\u00e3o, e quatro anos de deten\u00e7\u00e3o para o jogador e para Rosell, ent\u00e3o presidente do clube catal\u00e3o, assim como dois anos de pena para Rodrigues.<\/p>\n\n\n\n<p>No comunicado divulgado hoje, o fundo lamenta &#8220;a mudan\u00e7a de crit\u00e9rio&#8221; no processo.<\/p>\n\n\n\n<p>&#8220;Em setembro e outubro de 2016, a Quarta Se\u00e7\u00e3o da Sala do Tribunal Penal da Audi\u00eancia Nacional indicou nos autos que enxergava s\u00e9rios ind\u00edcios de &#8216;simula\u00e7\u00e3o consciente e artificial para a realiza\u00e7\u00e3o de uma fraude&#8217; e de um crime de corrup\u00e7\u00e3o entre particulares qu alterava &#8216;o livre mercado de contrata\u00e7\u00e3o de jogadores&#8221;, aponta a nota. EFE<\/p>\n","protected":false},"excerpt":{"rendered":"<p>Barcelona (EFE).- O atacante brasileiro Neymar foi absolvido nesta ter\u00e7a-feira pela Sexta Se\u00e7\u00e3o da Audi\u00eancia de Barcelona, na Espanha, em julgamento sobre fatos ocorridos na transfer\u00eancia do jogador do Santos para o Barcelona. Al\u00e9m do camisa 10 da sele\u00e7\u00e3o, tamb\u00e9m foram absolvidos os ex-presidentes do clube catal\u00e3o Sandro Rosell e Josep Maria Bartomeu. Os tr\u00eas &#8230; <a title=\"Neymar \u00e9 absolvido em julgamento sobre transfer\u00eancia para o Barcelona\" class=\"read-more\" href=\"https:\/\/pre.efe.com\/pt-br\/esportes\/2022-12-13\/neymar-e-absolvido-em-julgamento-sobre-transferencia-para-o-barcelona\/\" aria-label=\"Read more about Neymar \u00e9 absolvido em julgamento sobre transfer\u00eancia para o Barcelona\">Leia mais<\/a><\/p>\n","protected":false},"author":198164106,"featured_media":205993,"comment_status":"closed","ping_status":"closed","sticky":false,"template":"","format":"standard","meta":{"_acf_changed":false,"_jetpack_memberships_contains_paid_content":false,"footnotes":""},"categories":[121968,122141],"tags":[124421,122364,122630,124504],"class_list":["post-205941","post","type-post","status-publish","format-standard","has-post-thumbnail","hentry","category-esportes","category-portada","tag-espanha","tag-futebol","tag-justica","tag-neymar","generate-columns","tablet-grid-50","mobile-grid-100","grid-parent","grid-50"],"acf":[],"yoast_head":"<!-- This site is optimized with the Yoast SEO Premium plugin v26.0 (Yoast SEO v27.4) - https:\/\/yoast.com\/product\/yoast-seo-premium-wordpress\/ -->\n<title>Neymar \u00e9 absolvido em julgamento sobre transfer\u00eancia para o Barcelona - EFE<\/title>\n<meta name=\"robots\" content=\"noindex, follow\" \/>\n<meta property=\"og:locale\" content=\"pt_BR\" \/>\n<meta property=\"og:type\" content=\"article\" \/>\n<meta property=\"og:title\" content=\"Neymar \u00e9 absolvido em julgamento sobre transfer\u00eancia para o Barcelona - EFE\" \/>\n<meta property=\"og:description\" content=\"Barcelona (EFE).- O atacante brasileiro Neymar foi absolvido nesta ter\u00e7a-feira pela Sexta Se\u00e7\u00e3o da Audi\u00eancia de Barcelona, na Espanha, em julgamento sobre fatos ocorridos na transfer\u00eancia do jogador do Santos para o Barcelona. Al\u00e9m do camisa 10 da sele\u00e7\u00e3o, tamb\u00e9m foram absolvidos os ex-presidentes do clube catal\u00e3o Sandro Rosell e Josep Maria Bartomeu. Os tr\u00eas ... Leia mais\" \/>\n<meta property=\"og:url\" content=\"https:\/\/pre.efe.com\/pt-br\/esportes\/2022-12-13\/neymar-e-absolvido-em-julgamento-sobre-transferencia-para-o-barcelona\/\" \/>\n<meta property=\"og:site_name\" content=\"EFE Noticias\" \/>\n<meta property=\"article:publisher\" content=\"https:\/\/www.facebook.com\/AgenciaEFEnoticias\/\" \/>\n<meta property=\"article:published_time\" content=\"2022-12-13T13:27:13+00:00\" \/>\n<meta property=\"article:modified_time\" content=\"2022-12-13T20:02:32+00:00\" \/>\n<meta property=\"og:image\" content=\"https:\/\/i0.wp.com\/efe.com\/\/srv\/htdocs\/wp-content\/uploads\/2022\/12\/NEYMAR-1.jpg?fit=900%2C600&ssl=1\" \/>\n\t<meta property=\"og:image:width\" content=\"900\" \/>\n\t<meta property=\"og:image:height\" content=\"600\" \/>\n\t<meta property=\"og:image:type\" content=\"image\/jpeg\" \/>\n<meta name=\"author\" content=\"anachain\" \/>\n<meta name=\"twitter:card\" content=\"summary_large_image\" \/>\n<meta name=\"twitter:creator\" content=\"@efenoticias\" \/>\n<meta name=\"twitter:site\" content=\"@efenoticias\" \/>\n<script type=\"application\/ld+json\" class=\"yoast-schema-graph\">{\"@context\":\"https:\\\/\\\/schema.org\",\"@graph\":[{\"@type\":\"NewsArticle\",\"@id\":\"https:\\\/\\\/pre.efe.com\\\/pt-br\\\/esportes\\\/2022-12-13\\\/neymar-e-absolvido-em-julgamento-sobre-transferencia-para-o-barcelona\\\/#article\",\"isPartOf\":{\"@id\":\"https:\\\/\\\/pre.efe.com\\\/pt-br\\\/esportes\\\/2022-12-13\\\/neymar-e-absolvido-em-julgamento-sobre-transferencia-para-o-barcelona\\\/\"},\"author\":{\"name\":\"anachain\",\"@id\":\"https:\\\/\\\/pre.efe.com\\\/pt-br\\\/#\\\/schema\\\/person\\\/b19f23f210db552768f68a4b552b004f\"},\"headline\":\"Neymar \u00e9 absolvido em julgamento sobre transfer\u00eancia para o Barcelona\",\"datePublished\":\"2022-12-13T13:27:13+00:00\",\"dateModified\":\"2022-12-13T20:02:32+00:00\",\"mainEntityOfPage\":{\"@id\":\"https:\\\/\\\/pre.efe.com\\\/pt-br\\\/esportes\\\/2022-12-13\\\/neymar-e-absolvido-em-julgamento-sobre-transferencia-para-o-barcelona\\\/\"},\"wordCount\":742,\"publisher\":{\"@id\":\"https:\\\/\\\/pre.efe.com\\\/pt-br\\\/#organization\"},\"image\":{\"@id\":\"https:\\\/\\\/pre.efe.com\\\/pt-br\\\/esportes\\\/2022-12-13\\\/neymar-e-absolvido-em-julgamento-sobre-transferencia-para-o-barcelona\\\/#primaryimage\"},\"thumbnailUrl\":\"https:\\\/\\\/pre.efe.com\\\/wp-content\\\/uploads\\\/2022\\\/12\\\/NEYMAR-1.jpg\",\"keywords\":[\"Espanha\",\"Futebol\",\"Justi\u00e7a\",\"Neymar\"],\"articleSection\":[\"Esportes\",\"Portada\"],\"inLanguage\":\"pt-BR\",\"copyrightYear\":\"2022\",\"copyrightHolder\":{\"@id\":\"https:\\\/\\\/pre.efe.com\\\/#organization\"}},{\"@type\":[\"WebPage\",\"ItemPage\"],\"@id\":\"https:\\\/\\\/pre.efe.com\\\/pt-br\\\/esportes\\\/2022-12-13\\\/neymar-e-absolvido-em-julgamento-sobre-transferencia-para-o-barcelona\\\/\",\"url\":\"https:\\\/\\\/pre.efe.com\\\/pt-br\\\/esportes\\\/2022-12-13\\\/neymar-e-absolvido-em-julgamento-sobre-transferencia-para-o-barcelona\\\/\",\"name\":\"Neymar \u00e9 absolvido em julgamento sobre transfer\u00eancia para o Barcelona - EFE\",\"isPartOf\":{\"@id\":\"https:\\\/\\\/pre.efe.com\\\/pt-br\\\/#website\"},\"primaryImageOfPage\":{\"@id\":\"https:\\\/\\\/pre.efe.com\\\/pt-br\\\/esportes\\\/2022-12-13\\\/neymar-e-absolvido-em-julgamento-sobre-transferencia-para-o-barcelona\\\/#primaryimage\"},\"image\":{\"@id\":\"https:\\\/\\\/pre.efe.com\\\/pt-br\\\/esportes\\\/2022-12-13\\\/neymar-e-absolvido-em-julgamento-sobre-transferencia-para-o-barcelona\\\/#primaryimage\"},\"thumbnailUrl\":\"https:\\\/\\\/pre.efe.com\\\/wp-content\\\/uploads\\\/2022\\\/12\\\/NEYMAR-1.jpg\",\"datePublished\":\"2022-12-13T13:27:13+00:00\",\"dateModified\":\"2022-12-13T20:02:32+00:00\",\"breadcrumb\":{\"@id\":\"https:\\\/\\\/pre.efe.com\\\/pt-br\\\/esportes\\\/2022-12-13\\\/neymar-e-absolvido-em-julgamento-sobre-transferencia-para-o-barcelona\\\/#breadcrumb\"},\"inLanguage\":\"pt-BR\",\"potentialAction\":[{\"@type\":\"ReadAction\",\"target\":[\"https:\\\/\\\/pre.efe.com\\\/pt-br\\\/esportes\\\/2022-12-13\\\/neymar-e-absolvido-em-julgamento-sobre-transferencia-para-o-barcelona\\\/\"]}]},{\"@type\":\"ImageObject\",\"inLanguage\":\"pt-BR\",\"@id\":\"https:\\\/\\\/pre.efe.com\\\/pt-br\\\/esportes\\\/2022-12-13\\\/neymar-e-absolvido-em-julgamento-sobre-transferencia-para-o-barcelona\\\/#primaryimage\",\"url\":\"https:\\\/\\\/pre.efe.com\\\/wp-content\\\/uploads\\\/2022\\\/12\\\/NEYMAR-1.jpg\",\"contentUrl\":\"https:\\\/\\\/pre.efe.com\\\/wp-content\\\/uploads\\\/2022\\\/12\\\/NEYMAR-1.jpg\",\"width\":900,\"height\":600,\"caption\":\"Neymar durante a partida contra Cro\u00e1cia. EFE\\\/Arquivo\\\/Juanjo Mart\u00edn\"},{\"@type\":\"BreadcrumbList\",\"@id\":\"https:\\\/\\\/pre.efe.com\\\/pt-br\\\/esportes\\\/2022-12-13\\\/neymar-e-absolvido-em-julgamento-sobre-transferencia-para-o-barcelona\\\/#breadcrumb\",\"itemListElement\":[{\"@type\":\"ListItem\",\"position\":1,\"name\":\"Portada\",\"item\":\"https:\\\/\\\/pre.efe.com\\\/pt-br\\\/\"},{\"@type\":\"ListItem\",\"position\":2,\"name\":\"Neymar \u00e9 absolvido em julgamento sobre transfer\u00eancia para o Barcelona\"}]},{\"@type\":\"WebSite\",\"@id\":\"https:\\\/\\\/pre.efe.com\\\/pt-br\\\/#website\",\"url\":\"https:\\\/\\\/pre.efe.com\\\/pt-br\\\/\",\"name\":\"EFE Noticias\",\"description\":\"\",\"publisher\":{\"@id\":\"https:\\\/\\\/pre.efe.com\\\/pt-br\\\/#organization\"},\"potentialAction\":[{\"@type\":\"SearchAction\",\"target\":{\"@type\":\"EntryPoint\",\"urlTemplate\":\"https:\\\/\\\/pre.efe.com\\\/pt-br\\\/?s={search_term_string}\"},\"query-input\":{\"@type\":\"PropertyValueSpecification\",\"valueRequired\":true,\"valueName\":\"search_term_string\"}}],\"inLanguage\":\"pt-BR\"},{\"@type\":\"Organization\",\"@id\":\"https:\\\/\\\/pre.efe.com\\\/pt-br\\\/#organization\",\"name\":\"Agencia EFE\",\"url\":\"https:\\\/\\\/pre.efe.com\\\/pt-br\\\/\",\"logo\":{\"@type\":\"ImageObject\",\"inLanguage\":\"pt-BR\",\"@id\":\"https:\\\/\\\/pre.efe.com\\\/pt-br\\\/#\\\/schema\\\/logo\\\/image\\\/\",\"url\":\"https:\\\/\\\/pre.efe.com\\\/wp-content\\\/uploads\\\/2023\\\/06\\\/logo-efe-467.png\",\"contentUrl\":\"https:\\\/\\\/pre.efe.com\\\/wp-content\\\/uploads\\\/2023\\\/06\\\/logo-efe-467.png\",\"width\":467,\"height\":467,\"caption\":\"Agencia EFE\"},\"image\":{\"@id\":\"https:\\\/\\\/pre.efe.com\\\/pt-br\\\/#\\\/schema\\\/logo\\\/image\\\/\"},\"sameAs\":[\"https:\\\/\\\/www.facebook.com\\\/AgenciaEFEnoticias\\\/\",\"https:\\\/\\\/x.com\\\/efenoticias\",\"https:\\\/\\\/www.instagram.com\\\/efe_noticias\\\/\",\"http:\\\/\\\/www.youtube.com\\\/efe\"]},{\"@type\":\"Person\",\"@id\":\"https:\\\/\\\/pre.efe.com\\\/pt-br\\\/#\\\/schema\\\/person\\\/b19f23f210db552768f68a4b552b004f\",\"name\":\"anachain\",\"image\":{\"@type\":\"ImageObject\",\"inLanguage\":\"pt-BR\",\"@id\":\"https:\\\/\\\/secure.gravatar.com\\\/avatar\\\/30b83965911ef1108bb893c00bdd65c885f9890e1265ee04b02c3d5adc785d37?s=96&d=identicon&r=g\",\"url\":\"https:\\\/\\\/secure.gravatar.com\\\/avatar\\\/30b83965911ef1108bb893c00bdd65c885f9890e1265ee04b02c3d5adc785d37?s=96&d=identicon&r=g\",\"contentUrl\":\"https:\\\/\\\/secure.gravatar.com\\\/avatar\\\/30b83965911ef1108bb893c00bdd65c885f9890e1265ee04b02c3d5adc785d37?s=96&d=identicon&r=g\",\"caption\":\"anachain\"},\"url\":\"https:\\\/\\\/pre.efe.com\\\/pt-br\\\/autor\\\/anachain\\\/\"}]}<\/script>\n<!-- \/ Yoast SEO Premium plugin. -->","yoast_head_json":{"title":"Neymar \u00e9 absolvido em julgamento sobre transfer\u00eancia para o Barcelona - EFE","robots":{"index":"noindex","follow":"follow"},"og_locale":"pt_BR","og_type":"article","og_title":"Neymar \u00e9 absolvido em julgamento sobre transfer\u00eancia para o Barcelona - EFE","og_description":"Barcelona (EFE).- O atacante brasileiro Neymar foi absolvido nesta ter\u00e7a-feira pela Sexta Se\u00e7\u00e3o da Audi\u00eancia de Barcelona, na Espanha, em julgamento sobre fatos ocorridos na transfer\u00eancia do jogador do Santos para o Barcelona. Al\u00e9m do camisa 10 da sele\u00e7\u00e3o, tamb\u00e9m foram absolvidos os ex-presidentes do clube catal\u00e3o Sandro Rosell e Josep Maria Bartomeu. Os tr\u00eas ... Leia mais","og_url":"https:\/\/pre.efe.com\/pt-br\/esportes\/2022-12-13\/neymar-e-absolvido-em-julgamento-sobre-transferencia-para-o-barcelona\/","og_site_name":"EFE Noticias","article_publisher":"https:\/\/www.facebook.com\/AgenciaEFEnoticias\/","article_published_time":"2022-12-13T13:27:13+00:00","article_modified_time":"2022-12-13T20:02:32+00:00","og_image":[{"width":900,"height":600,"url":"https:\/\/i0.wp.com\/efe.com\/\/srv\/htdocs\/wp-content\/uploads\/2022\/12\/NEYMAR-1.jpg?fit=900%2C600&ssl=1","type":"image\/jpeg"}],"author":"anachain","twitter_card":"summary_large_image","twitter_creator":"@efenoticias","twitter_site":"@efenoticias","schema":{"@context":"https:\/\/schema.org","@graph":[{"@type":"NewsArticle","@id":"https:\/\/pre.efe.com\/pt-br\/esportes\/2022-12-13\/neymar-e-absolvido-em-julgamento-sobre-transferencia-para-o-barcelona\/#article","isPartOf":{"@id":"https:\/\/pre.efe.com\/pt-br\/esportes\/2022-12-13\/neymar-e-absolvido-em-julgamento-sobre-transferencia-para-o-barcelona\/"},"author":{"name":"anachain","@id":"https:\/\/pre.efe.com\/pt-br\/#\/schema\/person\/b19f23f210db552768f68a4b552b004f"},"headline":"Neymar \u00e9 absolvido em julgamento sobre transfer\u00eancia para o Barcelona","datePublished":"2022-12-13T13:27:13+00:00","dateModified":"2022-12-13T20:02:32+00:00","mainEntityOfPage":{"@id":"https:\/\/pre.efe.com\/pt-br\/esportes\/2022-12-13\/neymar-e-absolvido-em-julgamento-sobre-transferencia-para-o-barcelona\/"},"wordCount":742,"publisher":{"@id":"https:\/\/pre.efe.com\/pt-br\/#organization"},"image":{"@id":"https:\/\/pre.efe.com\/pt-br\/esportes\/2022-12-13\/neymar-e-absolvido-em-julgamento-sobre-transferencia-para-o-barcelona\/#primaryimage"},"thumbnailUrl":"https:\/\/pre.efe.com\/wp-content\/uploads\/2022\/12\/NEYMAR-1.jpg","keywords":["Espanha","Futebol","Justi\u00e7a","Neymar"],"articleSection":["Esportes","Portada"],"inLanguage":"pt-BR","copyrightYear":"2022","copyrightHolder":{"@id":"https:\/\/pre.efe.com\/#organization"}},{"@type":["WebPage","ItemPage"],"@id":"https:\/\/pre.efe.com\/pt-br\/esportes\/2022-12-13\/neymar-e-absolvido-em-julgamento-sobre-transferencia-para-o-barcelona\/","url":"https:\/\/pre.efe.com\/pt-br\/esportes\/2022-12-13\/neymar-e-absolvido-em-julgamento-sobre-transferencia-para-o-barcelona\/","name":"Neymar \u00e9 absolvido em julgamento sobre transfer\u00eancia para o Barcelona - EFE","isPartOf":{"@id":"https:\/\/pre.efe.com\/pt-br\/#website"},"primaryImageOfPage":{"@id":"https:\/\/pre.efe.com\/pt-br\/esportes\/2022-12-13\/neymar-e-absolvido-em-julgamento-sobre-transferencia-para-o-barcelona\/#primaryimage"},"image":{"@id":"https:\/\/pre.efe.com\/pt-br\/esportes\/2022-12-13\/neymar-e-absolvido-em-julgamento-sobre-transferencia-para-o-barcelona\/#primaryimage"},"thumbnailUrl":"https:\/\/pre.efe.com\/wp-content\/uploads\/2022\/12\/NEYMAR-1.jpg","datePublished":"2022-12-13T13:27:13+00:00","dateModified":"2022-12-13T20:02:32+00:00","breadcrumb":{"@id":"https:\/\/pre.efe.com\/pt-br\/esportes\/2022-12-13\/neymar-e-absolvido-em-julgamento-sobre-transferencia-para-o-barcelona\/#breadcrumb"},"inLanguage":"pt-BR","potentialAction":[{"@type":"ReadAction","target":["https:\/\/pre.efe.com\/pt-br\/esportes\/2022-12-13\/neymar-e-absolvido-em-julgamento-sobre-transferencia-para-o-barcelona\/"]}]},{"@type":"ImageObject","inLanguage":"pt-BR","@id":"https:\/\/pre.efe.com\/pt-br\/esportes\/2022-12-13\/neymar-e-absolvido-em-julgamento-sobre-transferencia-para-o-barcelona\/#primaryimage","url":"https:\/\/pre.efe.com\/wp-content\/uploads\/2022\/12\/NEYMAR-1.jpg","contentUrl":"https:\/\/pre.efe.com\/wp-content\/uploads\/2022\/12\/NEYMAR-1.jpg","width":900,"height":600,"caption":"Neymar durante a partida contra Cro\u00e1cia. EFE\/Arquivo\/Juanjo Mart\u00edn"},{"@type":"BreadcrumbList","@id":"https:\/\/pre.efe.com\/pt-br\/esportes\/2022-12-13\/neymar-e-absolvido-em-julgamento-sobre-transferencia-para-o-barcelona\/#breadcrumb","itemListElement":[{"@type":"ListItem","position":1,"name":"Portada","item":"https:\/\/pre.efe.com\/pt-br\/"},{"@type":"ListItem","position":2,"name":"Neymar \u00e9 absolvido em julgamento sobre transfer\u00eancia para o Barcelona"}]},{"@type":"WebSite","@id":"https:\/\/pre.efe.com\/pt-br\/#website","url":"https:\/\/pre.efe.com\/pt-br\/","name":"EFE Noticias","description":"","publisher":{"@id":"https:\/\/pre.efe.com\/pt-br\/#organization"},"potentialAction":[{"@type":"SearchAction","target":{"@type":"EntryPoint","urlTemplate":"https:\/\/pre.efe.com\/pt-br\/?s={search_term_string}"},"query-input":{"@type":"PropertyValueSpecification","valueRequired":true,"valueName":"search_term_string"}}],"inLanguage":"pt-BR"},{"@type":"Organization","@id":"https:\/\/pre.efe.com\/pt-br\/#organization","name":"Agencia EFE","url":"https:\/\/pre.efe.com\/pt-br\/","logo":{"@type":"ImageObject","inLanguage":"pt-BR","@id":"https:\/\/pre.efe.com\/pt-br\/#\/schema\/logo\/image\/","url":"https:\/\/pre.efe.com\/wp-content\/uploads\/2023\/06\/logo-efe-467.png","contentUrl":"https:\/\/pre.efe.com\/wp-content\/uploads\/2023\/06\/logo-efe-467.png","width":467,"height":467,"caption":"Agencia EFE"},"image":{"@id":"https:\/\/pre.efe.com\/pt-br\/#\/schema\/logo\/image\/"},"sameAs":["https:\/\/www.facebook.com\/AgenciaEFEnoticias\/","https:\/\/x.com\/efenoticias","https:\/\/www.instagram.com\/efe_noticias\/","http:\/\/www.youtube.com\/efe"]},{"@type":"Person","@id":"https:\/\/pre.efe.com\/pt-br\/#\/schema\/person\/b19f23f210db552768f68a4b552b004f","name":"anachain","image":{"@type":"ImageObject","inLanguage":"pt-BR","@id":"https:\/\/secure.gravatar.com\/avatar\/30b83965911ef1108bb893c00bdd65c885f9890e1265ee04b02c3d5adc785d37?s=96&d=identicon&r=g","url":"https:\/\/secure.gravatar.com\/avatar\/30b83965911ef1108bb893c00bdd65c885f9890e1265ee04b02c3d5adc785d37?s=96&d=identicon&r=g","contentUrl":"https:\/\/secure.gravatar.com\/avatar\/30b83965911ef1108bb893c00bdd65c885f9890e1265ee04b02c3d5adc785d37?s=96&d=identicon&r=g","caption":"anachain"},"url":"https:\/\/pre.efe.com\/pt-br\/autor\/anachain\/"}]}},"jetpack_featured_media_url":"https:\/\/pre.efe.com\/wp-content\/uploads\/2022\/12\/NEYMAR-1.jpg","jetpack_shortlink":"https:\/\/wp.me\/peJvHm-RzD","jetpack_sharing_enabled":true,"_links":{"self":[{"href":"https:\/\/pre.efe.com\/pt-br\/wp-json\/wp\/v2\/posts\/205941","targetHints":{"allow":["GET"]}}],"collection":[{"href":"https:\/\/pre.efe.com\/pt-br\/wp-json\/wp\/v2\/posts"}],"about":[{"href":"https:\/\/pre.efe.com\/pt-br\/wp-json\/wp\/v2\/types\/post"}],"author":[{"embeddable":true,"href":"https:\/\/pre.efe.com\/pt-br\/wp-json\/wp\/v2\/users\/198164106"}],"replies":[{"embeddable":true,"href":"https:\/\/pre.efe.com\/pt-br\/wp-json\/wp\/v2\/comments?post=205941"}],"version-history":[{"count":5,"href":"https:\/\/pre.efe.com\/pt-br\/wp-json\/wp\/v2\/posts\/205941\/revisions"}],"predecessor-version":[{"id":206594,"href":"https:\/\/pre.efe.com\/pt-br\/wp-json\/wp\/v2\/posts\/205941\/revisions\/206594"}],"wp:featuredmedia":[{"embeddable":true,"href":"https:\/\/pre.efe.com\/pt-br\/wp-json\/wp\/v2\/media\/205993"}],"wp:attachment":[{"href":"https:\/\/pre.efe.com\/pt-br\/wp-json\/wp\/v2\/media?parent=205941"}],"wp:term":[{"taxonomy":"category","embeddable":true,"href":"https:\/\/pre.efe.com\/pt-br\/wp-json\/wp\/v2\/categories?post=205941"},{"taxonomy":"post_tag","embeddable":true,"href":"https:\/\/pre.efe.com\/pt-br\/wp-json\/wp\/v2\/tags?post=205941"}],"curies":[{"name":"wp","href":"https:\/\/api.w.org\/{rel}","templated":true}]}}