{"id":2072851,"date":"2025-08-12T21:28:56","date_gmt":"2025-08-12T19:28:56","guid":{"rendered":"https:\/\/pre.efe.com\/?p=2072851"},"modified":"2025-08-12T21:28:59","modified_gmt":"2025-08-12T19:28:59","slug":"zelensky-reitera-que-decisoes-sobre-a-guerra-devem-incluir-ucrania-e-ue","status":"publish","type":"post","link":"https:\/\/pre.efe.com\/pt-br\/mundo-2\/zelensky-reitera-que-decisoes-sobre-a-guerra-devem-incluir-ucrania-e-ue\/","title":{"rendered":"Zelensky reitera que decis\u00f5es sobre a guerra devem incluir Ucr\u00e2nia e UE"},"content":{"rendered":"\n<p>Berlim (EFE).- O presidente da Ucr\u00e2nia, Volodymyr Zelensky, reiterou nesta ter\u00e7a-feira em v\u00e1rias conversas com chefes de Estado e de governo estrangeiros que n\u00e3o devem ser tomadas decis\u00f5es sobre a guerra sem a participa\u00e7\u00e3o de Ucr\u00e2nia e Uni\u00e3o Europeia, antes da reuni\u00e3o dos mandat\u00e1rios de Estados Unidos e R\u00fassia na pr\u00f3xima sexta-feira, no Alasca.<\/p>\n\n\n\n<p>&#8220;Um resultado genu\u00edno, real e justo s\u00f3 pode ser obtido com a participa\u00e7\u00e3o de Ucr\u00e2nia e Europa. Os Estados europeus est\u00e3o entre os (pa\u00edses) l\u00edderes no apoio \u00e0 Ucr\u00e2nia neste momento e est\u00e3o prontos para participar da reconstru\u00e7\u00e3o de nosso pa\u00eds ao t\u00e9rmino da guerra&#8221;, escreveu ele na rede social X, ao informar sobre uma conversa por telefone com o primeiro-ministro holand\u00eas, Dick Schoof.<\/p>\n\n\n\n<p>Em uma mensagem sobre uma liga\u00e7\u00e3o com o presidente romeno, Nicu\u0219or Dan, Zelensky agradeceu o apoio que 26 pa\u00edses da UE &#8211; todos, com exce\u00e7\u00e3o da Hungria &#8211; proporcionaram a Kiev em uma declara\u00e7\u00e3o conjunta na qual exigiram um cessar-fogo como pr\u00e9-requisito para as negocia\u00e7\u00f5es de paz.<\/p>\n\n\n\n<p>&#8220;Neste momento, tudo est\u00e1 definido pela determina\u00e7\u00e3o do presidente (Donald) Trump e pela unidade da Europa. Se a R\u00fassia n\u00e3o est\u00e1 disposta a parar de matar, ent\u00e3o deve haver san\u00e7\u00f5es a sua economia que a obriguem a faz\u00ea-lo&#8221;, afirmou o presidente ucraniano.<\/p>\n\n\n\n<p>Zelensky tamb\u00e9m falou hoje com o presidente turco, Recep Tayyip Erdogan, como parte dos esfor\u00e7os diplom\u00e1ticos que Kiev est\u00e1 empregando para n\u00e3o ser exclu\u00edda por completo do encontro no Alasca.<\/p>\n\n\n\n<p>&#8220;Uma imita\u00e7\u00e3o da paz em vez de uma paz genu\u00edna n\u00e3o durar\u00e1 muito tempo e n\u00e3o far\u00e1 mais do que encorajar a R\u00fassia a conquistar ainda mais territ\u00f3rios&#8221;, escreveu o mandat\u00e1rio no X, reiterando sua disposi\u00e7\u00e3o de participar em qualquer tipo de formato ou de encontro que tenha como objetivo a paz.<\/p>\n\n\n\n<p>Amanh\u00e3, Zelensky participar\u00e1 de contatos virtuais organizados pelo chanceler alem\u00e3o, Friedrich Merz, nos quais l\u00edderes de pa\u00edses e institui\u00e7\u00f5es europeias, o secret\u00e1rio-geral da OTAN e o pr\u00f3prio presidente Trump, para discutir a iminente reuni\u00e3o no Alasca. EFE<\/p>\n","protected":false},"excerpt":{"rendered":"<p>Berlim (EFE).- O presidente da Ucr\u00e2nia, Volodymyr Zelensky, reiterou nesta ter\u00e7a-feira em v\u00e1rias conversas com chefes de Estado e de governo estrangeiros que n\u00e3o devem ser tomadas decis\u00f5es sobre a guerra sem a participa\u00e7\u00e3o de Ucr\u00e2nia e Uni\u00e3o Europeia, antes da reuni\u00e3o dos mandat\u00e1rios de Estados Unidos e R\u00fassia na pr\u00f3xima sexta-feira, no Alasca. &#8220;Um &#8230; <a title=\"Zelensky reitera que decis\u00f5es sobre a guerra devem incluir Ucr\u00e2nia e UE\" class=\"read-more\" href=\"https:\/\/pre.efe.com\/pt-br\/mundo-2\/zelensky-reitera-que-decisoes-sobre-a-guerra-devem-incluir-ucrania-e-ue\/\" aria-label=\"Read more about Zelensky reitera que decis\u00f5es sobre a guerra devem incluir Ucr\u00e2nia e UE\">Leia mais<\/a><\/p>\n","protected":false},"author":198164106,"featured_media":2037764,"comment_status":"closed","ping_status":"closed","sticky":false,"template":"","format":"standard","meta":{"_acf_changed":false,"_jetpack_memberships_contains_paid_content":false,"footnotes":""},"categories":[123208,122141],"tags":[122371,124845,122791,122958,122792],"class_list":["post-2072851","post","type-post","status-publish","format-standard","has-post-thumbnail","hentry","category-mundo-2","category-portada","tag-eua","tag-governo","tag-guerra-2","tag-russia-2","tag-ucrania-2","generate-columns","tablet-grid-50","mobile-grid-100","grid-parent","grid-50"],"acf":[],"yoast_head":"<!-- This site is optimized with the Yoast SEO Premium plugin v26.0 (Yoast SEO v27.4) - https:\/\/yoast.com\/product\/yoast-seo-premium-wordpress\/ -->\n<title>Zelensky reitera que decis\u00f5es sobre a guerra devem incluir Ucr\u00e2nia e UE - EFE<\/title>\n<meta name=\"robots\" content=\"noindex, follow\" \/>\n<meta property=\"og:locale\" content=\"pt_BR\" \/>\n<meta property=\"og:type\" content=\"article\" \/>\n<meta property=\"og:title\" content=\"Zelensky reitera que decis\u00f5es sobre a guerra devem incluir Ucr\u00e2nia e UE - EFE\" \/>\n<meta property=\"og:description\" content=\"Berlim (EFE).- O presidente da Ucr\u00e2nia, Volodymyr Zelensky, reiterou nesta ter\u00e7a-feira em v\u00e1rias conversas com chefes de Estado e de governo estrangeiros que n\u00e3o devem ser tomadas decis\u00f5es sobre a guerra sem a participa\u00e7\u00e3o de Ucr\u00e2nia e Uni\u00e3o Europeia, antes da reuni\u00e3o dos mandat\u00e1rios de Estados Unidos e R\u00fassia na pr\u00f3xima sexta-feira, no Alasca. &#8220;Um ... Leia mais\" \/>\n<meta property=\"og:url\" content=\"https:\/\/pre.efe.com\/pt-br\/mundo-2\/zelensky-reitera-que-decisoes-sobre-a-guerra-devem-incluir-ucrania-e-ue\/\" \/>\n<meta property=\"og:site_name\" content=\"EFE Noticias\" \/>\n<meta property=\"article:publisher\" content=\"https:\/\/www.facebook.com\/AgenciaEFEnoticias\/\" \/>\n<meta property=\"article:published_time\" content=\"2025-08-12T19:28:56+00:00\" \/>\n<meta property=\"article:modified_time\" content=\"2025-08-12T19:28:59+00:00\" \/>\n<meta property=\"og:image\" content=\"https:\/\/pre.efe.com\/wp-content\/uploads\/2025\/07\/rss-efe5cb78ed347a74b3416331e3af7dab74c3c991532w.webp\" \/>\n\t<meta property=\"og:image:width\" content=\"1920\" \/>\n\t<meta property=\"og:image:height\" content=\"1284\" \/>\n\t<meta property=\"og:image:type\" content=\"image\/jpeg\" \/>\n<meta name=\"author\" content=\"anachain\" \/>\n<meta name=\"twitter:card\" content=\"summary_large_image\" \/>\n<meta name=\"twitter:creator\" content=\"@efenoticias\" \/>\n<meta name=\"twitter:site\" content=\"@efenoticias\" \/>\n<script type=\"application\/ld+json\" class=\"yoast-schema-graph\">{\"@context\":\"https:\\\/\\\/schema.org\",\"@graph\":[{\"@type\":\"NewsArticle\",\"@id\":\"https:\\\/\\\/pre.efe.com\\\/pt-br\\\/mundo-2\\\/zelensky-reitera-que-decisoes-sobre-a-guerra-devem-incluir-ucrania-e-ue\\\/#article\",\"isPartOf\":{\"@id\":\"https:\\\/\\\/pre.efe.com\\\/pt-br\\\/mundo-2\\\/zelensky-reitera-que-decisoes-sobre-a-guerra-devem-incluir-ucrania-e-ue\\\/\"},\"author\":{\"name\":\"anachain\",\"@id\":\"https:\\\/\\\/pre.efe.com\\\/pt-br\\\/#\\\/schema\\\/person\\\/b19f23f210db552768f68a4b552b004f\"},\"headline\":\"Zelensky reitera que decis\u00f5es sobre a guerra devem incluir Ucr\u00e2nia e UE\",\"datePublished\":\"2025-08-12T19:28:56+00:00\",\"dateModified\":\"2025-08-12T19:28:59+00:00\",\"mainEntityOfPage\":{\"@id\":\"https:\\\/\\\/pre.efe.com\\\/pt-br\\\/mundo-2\\\/zelensky-reitera-que-decisoes-sobre-a-guerra-devem-incluir-ucrania-e-ue\\\/\"},\"wordCount\":396,\"publisher\":{\"@id\":\"https:\\\/\\\/pre.efe.com\\\/pt-br\\\/#organization\"},\"image\":{\"@id\":\"https:\\\/\\\/pre.efe.com\\\/pt-br\\\/mundo-2\\\/zelensky-reitera-que-decisoes-sobre-a-guerra-devem-incluir-ucrania-e-ue\\\/#primaryimage\"},\"thumbnailUrl\":\"https:\\\/\\\/pre.efe.com\\\/wp-content\\\/uploads\\\/2025\\\/07\\\/rss-efe5cb78ed347a74b3416331e3af7dab74c3c991532w.webp\",\"keywords\":[\"EUA\",\"Governo\",\"Guerra\",\"Russia\",\"Ucrania\"],\"articleSection\":[\"Mundo\",\"Portada\"],\"inLanguage\":\"pt-BR\",\"copyrightYear\":\"2025\",\"copyrightHolder\":{\"@id\":\"https:\\\/\\\/pre.efe.com\\\/#organization\"}},{\"@type\":[\"WebPage\",\"ItemPage\"],\"@id\":\"https:\\\/\\\/pre.efe.com\\\/pt-br\\\/mundo-2\\\/zelensky-reitera-que-decisoes-sobre-a-guerra-devem-incluir-ucrania-e-ue\\\/\",\"url\":\"https:\\\/\\\/pre.efe.com\\\/pt-br\\\/mundo-2\\\/zelensky-reitera-que-decisoes-sobre-a-guerra-devem-incluir-ucrania-e-ue\\\/\",\"name\":\"Zelensky reitera que decis\u00f5es sobre a guerra devem incluir Ucr\u00e2nia e UE - EFE\",\"isPartOf\":{\"@id\":\"https:\\\/\\\/pre.efe.com\\\/pt-br\\\/#website\"},\"primaryImageOfPage\":{\"@id\":\"https:\\\/\\\/pre.efe.com\\\/pt-br\\\/mundo-2\\\/zelensky-reitera-que-decisoes-sobre-a-guerra-devem-incluir-ucrania-e-ue\\\/#primaryimage\"},\"image\":{\"@id\":\"https:\\\/\\\/pre.efe.com\\\/pt-br\\\/mundo-2\\\/zelensky-reitera-que-decisoes-sobre-a-guerra-devem-incluir-ucrania-e-ue\\\/#primaryimage\"},\"thumbnailUrl\":\"https:\\\/\\\/pre.efe.com\\\/wp-content\\\/uploads\\\/2025\\\/07\\\/rss-efe5cb78ed347a74b3416331e3af7dab74c3c991532w.webp\",\"datePublished\":\"2025-08-12T19:28:56+00:00\",\"dateModified\":\"2025-08-12T19:28:59+00:00\",\"breadcrumb\":{\"@id\":\"https:\\\/\\\/pre.efe.com\\\/pt-br\\\/mundo-2\\\/zelensky-reitera-que-decisoes-sobre-a-guerra-devem-incluir-ucrania-e-ue\\\/#breadcrumb\"},\"inLanguage\":\"pt-BR\",\"potentialAction\":[{\"@type\":\"ReadAction\",\"target\":[\"https:\\\/\\\/pre.efe.com\\\/pt-br\\\/mundo-2\\\/zelensky-reitera-que-decisoes-sobre-a-guerra-devem-incluir-ucrania-e-ue\\\/\"]}]},{\"@type\":\"ImageObject\",\"inLanguage\":\"pt-BR\",\"@id\":\"https:\\\/\\\/pre.efe.com\\\/pt-br\\\/mundo-2\\\/zelensky-reitera-que-decisoes-sobre-a-guerra-devem-incluir-ucrania-e-ue\\\/#primaryimage\",\"url\":\"https:\\\/\\\/pre.efe.com\\\/wp-content\\\/uploads\\\/2025\\\/07\\\/rss-efe5cb78ed347a74b3416331e3af7dab74c3c991532w.webp\",\"contentUrl\":\"https:\\\/\\\/pre.efe.com\\\/wp-content\\\/uploads\\\/2025\\\/07\\\/rss-efe5cb78ed347a74b3416331e3af7dab74c3c991532w.webp\",\"width\":1920,\"height\":1284,\"caption\":\"Volodymyr Zelensky. EFE\\\/Arquivo\\\/CHRISTOPHER NEUNDORF\"},{\"@type\":\"BreadcrumbList\",\"@id\":\"https:\\\/\\\/pre.efe.com\\\/pt-br\\\/mundo-2\\\/zelensky-reitera-que-decisoes-sobre-a-guerra-devem-incluir-ucrania-e-ue\\\/#breadcrumb\",\"itemListElement\":[{\"@type\":\"ListItem\",\"position\":1,\"name\":\"Portada\",\"item\":\"https:\\\/\\\/pre.efe.com\\\/pt-br\\\/\"},{\"@type\":\"ListItem\",\"position\":2,\"name\":\"Zelensky reitera que decis\u00f5es sobre a guerra devem incluir Ucr\u00e2nia e UE\"}]},{\"@type\":\"WebSite\",\"@id\":\"https:\\\/\\\/pre.efe.com\\\/pt-br\\\/#website\",\"url\":\"https:\\\/\\\/pre.efe.com\\\/pt-br\\\/\",\"name\":\"EFE Noticias\",\"description\":\"\",\"publisher\":{\"@id\":\"https:\\\/\\\/pre.efe.com\\\/pt-br\\\/#organization\"},\"potentialAction\":[{\"@type\":\"SearchAction\",\"target\":{\"@type\":\"EntryPoint\",\"urlTemplate\":\"https:\\\/\\\/pre.efe.com\\\/pt-br\\\/?s={search_term_string}\"},\"query-input\":{\"@type\":\"PropertyValueSpecification\",\"valueRequired\":true,\"valueName\":\"search_term_string\"}}],\"inLanguage\":\"pt-BR\"},{\"@type\":\"Organization\",\"@id\":\"https:\\\/\\\/pre.efe.com\\\/pt-br\\\/#organization\",\"name\":\"Agencia EFE\",\"url\":\"https:\\\/\\\/pre.efe.com\\\/pt-br\\\/\",\"logo\":{\"@type\":\"ImageObject\",\"inLanguage\":\"pt-BR\",\"@id\":\"https:\\\/\\\/pre.efe.com\\\/pt-br\\\/#\\\/schema\\\/logo\\\/image\\\/\",\"url\":\"https:\\\/\\\/pre.efe.com\\\/wp-content\\\/uploads\\\/2023\\\/06\\\/logo-efe-467.png\",\"contentUrl\":\"https:\\\/\\\/pre.efe.com\\\/wp-content\\\/uploads\\\/2023\\\/06\\\/logo-efe-467.png\",\"width\":467,\"height\":467,\"caption\":\"Agencia EFE\"},\"image\":{\"@id\":\"https:\\\/\\\/pre.efe.com\\\/pt-br\\\/#\\\/schema\\\/logo\\\/image\\\/\"},\"sameAs\":[\"https:\\\/\\\/www.facebook.com\\\/AgenciaEFEnoticias\\\/\",\"https:\\\/\\\/x.com\\\/efenoticias\",\"https:\\\/\\\/www.instagram.com\\\/efe_noticias\\\/\",\"http:\\\/\\\/www.youtube.com\\\/efe\"]},{\"@type\":\"Person\",\"@id\":\"https:\\\/\\\/pre.efe.com\\\/pt-br\\\/#\\\/schema\\\/person\\\/b19f23f210db552768f68a4b552b004f\",\"name\":\"anachain\",\"image\":{\"@type\":\"ImageObject\",\"inLanguage\":\"pt-BR\",\"@id\":\"https:\\\/\\\/secure.gravatar.com\\\/avatar\\\/30b83965911ef1108bb893c00bdd65c885f9890e1265ee04b02c3d5adc785d37?s=96&d=identicon&r=g\",\"url\":\"https:\\\/\\\/secure.gravatar.com\\\/avatar\\\/30b83965911ef1108bb893c00bdd65c885f9890e1265ee04b02c3d5adc785d37?s=96&d=identicon&r=g\",\"contentUrl\":\"https:\\\/\\\/secure.gravatar.com\\\/avatar\\\/30b83965911ef1108bb893c00bdd65c885f9890e1265ee04b02c3d5adc785d37?s=96&d=identicon&r=g\",\"caption\":\"anachain\"},\"url\":\"https:\\\/\\\/pre.efe.com\\\/pt-br\\\/autor\\\/anachain\\\/\"}]}<\/script>\n<!-- \/ Yoast SEO Premium plugin. -->","yoast_head_json":{"title":"Zelensky reitera que decis\u00f5es sobre a guerra devem incluir Ucr\u00e2nia e UE - EFE","robots":{"index":"noindex","follow":"follow"},"og_locale":"pt_BR","og_type":"article","og_title":"Zelensky reitera que decis\u00f5es sobre a guerra devem incluir Ucr\u00e2nia e UE - EFE","og_description":"Berlim (EFE).- O presidente da Ucr\u00e2nia, Volodymyr Zelensky, reiterou nesta ter\u00e7a-feira em v\u00e1rias conversas com chefes de Estado e de governo estrangeiros que n\u00e3o devem ser tomadas decis\u00f5es sobre a guerra sem a participa\u00e7\u00e3o de Ucr\u00e2nia e Uni\u00e3o Europeia, antes da reuni\u00e3o dos mandat\u00e1rios de Estados Unidos e R\u00fassia na pr\u00f3xima sexta-feira, no Alasca. &#8220;Um ... Leia mais","og_url":"https:\/\/pre.efe.com\/pt-br\/mundo-2\/zelensky-reitera-que-decisoes-sobre-a-guerra-devem-incluir-ucrania-e-ue\/","og_site_name":"EFE Noticias","article_publisher":"https:\/\/www.facebook.com\/AgenciaEFEnoticias\/","article_published_time":"2025-08-12T19:28:56+00:00","article_modified_time":"2025-08-12T19:28:59+00:00","og_image":[{"width":1920,"height":1284,"url":"https:\/\/pre.efe.com\/wp-content\/uploads\/2025\/07\/rss-efe5cb78ed347a74b3416331e3af7dab74c3c991532w.webp","type":"image\/jpeg"}],"author":"anachain","twitter_card":"summary_large_image","twitter_creator":"@efenoticias","twitter_site":"@efenoticias","schema":{"@context":"https:\/\/schema.org","@graph":[{"@type":"NewsArticle","@id":"https:\/\/pre.efe.com\/pt-br\/mundo-2\/zelensky-reitera-que-decisoes-sobre-a-guerra-devem-incluir-ucrania-e-ue\/#article","isPartOf":{"@id":"https:\/\/pre.efe.com\/pt-br\/mundo-2\/zelensky-reitera-que-decisoes-sobre-a-guerra-devem-incluir-ucrania-e-ue\/"},"author":{"name":"anachain","@id":"https:\/\/pre.efe.com\/pt-br\/#\/schema\/person\/b19f23f210db552768f68a4b552b004f"},"headline":"Zelensky reitera que decis\u00f5es sobre a guerra devem incluir Ucr\u00e2nia e UE","datePublished":"2025-08-12T19:28:56+00:00","dateModified":"2025-08-12T19:28:59+00:00","mainEntityOfPage":{"@id":"https:\/\/pre.efe.com\/pt-br\/mundo-2\/zelensky-reitera-que-decisoes-sobre-a-guerra-devem-incluir-ucrania-e-ue\/"},"wordCount":396,"publisher":{"@id":"https:\/\/pre.efe.com\/pt-br\/#organization"},"image":{"@id":"https:\/\/pre.efe.com\/pt-br\/mundo-2\/zelensky-reitera-que-decisoes-sobre-a-guerra-devem-incluir-ucrania-e-ue\/#primaryimage"},"thumbnailUrl":"https:\/\/pre.efe.com\/wp-content\/uploads\/2025\/07\/rss-efe5cb78ed347a74b3416331e3af7dab74c3c991532w.webp","keywords":["EUA","Governo","Guerra","Russia","Ucrania"],"articleSection":["Mundo","Portada"],"inLanguage":"pt-BR","copyrightYear":"2025","copyrightHolder":{"@id":"https:\/\/pre.efe.com\/#organization"}},{"@type":["WebPage","ItemPage"],"@id":"https:\/\/pre.efe.com\/pt-br\/mundo-2\/zelensky-reitera-que-decisoes-sobre-a-guerra-devem-incluir-ucrania-e-ue\/","url":"https:\/\/pre.efe.com\/pt-br\/mundo-2\/zelensky-reitera-que-decisoes-sobre-a-guerra-devem-incluir-ucrania-e-ue\/","name":"Zelensky reitera que decis\u00f5es sobre a guerra devem incluir Ucr\u00e2nia e UE - EFE","isPartOf":{"@id":"https:\/\/pre.efe.com\/pt-br\/#website"},"primaryImageOfPage":{"@id":"https:\/\/pre.efe.com\/pt-br\/mundo-2\/zelensky-reitera-que-decisoes-sobre-a-guerra-devem-incluir-ucrania-e-ue\/#primaryimage"},"image":{"@id":"https:\/\/pre.efe.com\/pt-br\/mundo-2\/zelensky-reitera-que-decisoes-sobre-a-guerra-devem-incluir-ucrania-e-ue\/#primaryimage"},"thumbnailUrl":"https:\/\/pre.efe.com\/wp-content\/uploads\/2025\/07\/rss-efe5cb78ed347a74b3416331e3af7dab74c3c991532w.webp","datePublished":"2025-08-12T19:28:56+00:00","dateModified":"2025-08-12T19:28:59+00:00","breadcrumb":{"@id":"https:\/\/pre.efe.com\/pt-br\/mundo-2\/zelensky-reitera-que-decisoes-sobre-a-guerra-devem-incluir-ucrania-e-ue\/#breadcrumb"},"inLanguage":"pt-BR","potentialAction":[{"@type":"ReadAction","target":["https:\/\/pre.efe.com\/pt-br\/mundo-2\/zelensky-reitera-que-decisoes-sobre-a-guerra-devem-incluir-ucrania-e-ue\/"]}]},{"@type":"ImageObject","inLanguage":"pt-BR","@id":"https:\/\/pre.efe.com\/pt-br\/mundo-2\/zelensky-reitera-que-decisoes-sobre-a-guerra-devem-incluir-ucrania-e-ue\/#primaryimage","url":"https:\/\/pre.efe.com\/wp-content\/uploads\/2025\/07\/rss-efe5cb78ed347a74b3416331e3af7dab74c3c991532w.webp","contentUrl":"https:\/\/pre.efe.com\/wp-content\/uploads\/2025\/07\/rss-efe5cb78ed347a74b3416331e3af7dab74c3c991532w.webp","width":1920,"height":1284,"caption":"Volodymyr Zelensky. EFE\/Arquivo\/CHRISTOPHER NEUNDORF"},{"@type":"BreadcrumbList","@id":"https:\/\/pre.efe.com\/pt-br\/mundo-2\/zelensky-reitera-que-decisoes-sobre-a-guerra-devem-incluir-ucrania-e-ue\/#breadcrumb","itemListElement":[{"@type":"ListItem","position":1,"name":"Portada","item":"https:\/\/pre.efe.com\/pt-br\/"},{"@type":"ListItem","position":2,"name":"Zelensky reitera que decis\u00f5es sobre a guerra devem incluir Ucr\u00e2nia e UE"}]},{"@type":"WebSite","@id":"https:\/\/pre.efe.com\/pt-br\/#website","url":"https:\/\/pre.efe.com\/pt-br\/","name":"EFE Noticias","description":"","publisher":{"@id":"https:\/\/pre.efe.com\/pt-br\/#organization"},"potentialAction":[{"@type":"SearchAction","target":{"@type":"EntryPoint","urlTemplate":"https:\/\/pre.efe.com\/pt-br\/?s={search_term_string}"},"query-input":{"@type":"PropertyValueSpecification","valueRequired":true,"valueName":"search_term_string"}}],"inLanguage":"pt-BR"},{"@type":"Organization","@id":"https:\/\/pre.efe.com\/pt-br\/#organization","name":"Agencia EFE","url":"https:\/\/pre.efe.com\/pt-br\/","logo":{"@type":"ImageObject","inLanguage":"pt-BR","@id":"https:\/\/pre.efe.com\/pt-br\/#\/schema\/logo\/image\/","url":"https:\/\/pre.efe.com\/wp-content\/uploads\/2023\/06\/logo-efe-467.png","contentUrl":"https:\/\/pre.efe.com\/wp-content\/uploads\/2023\/06\/logo-efe-467.png","width":467,"height":467,"caption":"Agencia EFE"},"image":{"@id":"https:\/\/pre.efe.com\/pt-br\/#\/schema\/logo\/image\/"},"sameAs":["https:\/\/www.facebook.com\/AgenciaEFEnoticias\/","https:\/\/x.com\/efenoticias","https:\/\/www.instagram.com\/efe_noticias\/","http:\/\/www.youtube.com\/efe"]},{"@type":"Person","@id":"https:\/\/pre.efe.com\/pt-br\/#\/schema\/person\/b19f23f210db552768f68a4b552b004f","name":"anachain","image":{"@type":"ImageObject","inLanguage":"pt-BR","@id":"https:\/\/secure.gravatar.com\/avatar\/30b83965911ef1108bb893c00bdd65c885f9890e1265ee04b02c3d5adc785d37?s=96&d=identicon&r=g","url":"https:\/\/secure.gravatar.com\/avatar\/30b83965911ef1108bb893c00bdd65c885f9890e1265ee04b02c3d5adc785d37?s=96&d=identicon&r=g","contentUrl":"https:\/\/secure.gravatar.com\/avatar\/30b83965911ef1108bb893c00bdd65c885f9890e1265ee04b02c3d5adc785d37?s=96&d=identicon&r=g","caption":"anachain"},"url":"https:\/\/pre.efe.com\/pt-br\/autor\/anachain\/"}]}},"jetpack_featured_media_url":"https:\/\/pre.efe.com\/wp-content\/uploads\/2025\/07\/rss-efe5cb78ed347a74b3416331e3af7dab74c3c991532w.webp","jetpack_shortlink":"https:\/\/wp.me\/peJvHm-8Hf5","jetpack_sharing_enabled":true,"_links":{"self":[{"href":"https:\/\/pre.efe.com\/pt-br\/wp-json\/wp\/v2\/posts\/2072851","targetHints":{"allow":["GET"]}}],"collection":[{"href":"https:\/\/pre.efe.com\/pt-br\/wp-json\/wp\/v2\/posts"}],"about":[{"href":"https:\/\/pre.efe.com\/pt-br\/wp-json\/wp\/v2\/types\/post"}],"author":[{"embeddable":true,"href":"https:\/\/pre.efe.com\/pt-br\/wp-json\/wp\/v2\/users\/198164106"}],"replies":[{"embeddable":true,"href":"https:\/\/pre.efe.com\/pt-br\/wp-json\/wp\/v2\/comments?post=2072851"}],"version-history":[{"count":2,"href":"https:\/\/pre.efe.com\/pt-br\/wp-json\/wp\/v2\/posts\/2072851\/revisions"}],"predecessor-version":[{"id":2072910,"href":"https:\/\/pre.efe.com\/pt-br\/wp-json\/wp\/v2\/posts\/2072851\/revisions\/2072910"}],"wp:featuredmedia":[{"embeddable":true,"href":"https:\/\/pre.efe.com\/pt-br\/wp-json\/wp\/v2\/media\/2037764"}],"wp:attachment":[{"href":"https:\/\/pre.efe.com\/pt-br\/wp-json\/wp\/v2\/media?parent=2072851"}],"wp:term":[{"taxonomy":"category","embeddable":true,"href":"https:\/\/pre.efe.com\/pt-br\/wp-json\/wp\/v2\/categories?post=2072851"},{"taxonomy":"post_tag","embeddable":true,"href":"https:\/\/pre.efe.com\/pt-br\/wp-json\/wp\/v2\/tags?post=2072851"}],"curies":[{"name":"wp","href":"https:\/\/api.w.org\/{rel}","templated":true}]}}