{"id":208016,"date":"2022-12-15T03:01:00","date_gmt":"2022-12-15T02:01:00","guid":{"rendered":"https:\/\/pre.efe.com\/?p=208016"},"modified":"2022-12-15T06:12:59","modified_gmt":"2022-12-15T05:12:59","slug":"sobe-para-8-o-numero-de-mortos-em-onda-de-protestos-no-peru","status":"publish","type":"post","link":"https:\/\/pre.efe.com\/pt-br\/mundo-2\/2022-12-15\/sobe-para-8-o-numero-de-mortos-em-onda-de-protestos-no-peru\/","title":{"rendered":"Sobe para 8 o n\u00famero de mortos em onda de protestos no Peru"},"content":{"rendered":"\n<p>Lima (EFE).-\u00a0Mais uma pessoa morreu na atual onda de protestos no Peru, o que elevou para oito o total de mortes desde domingo passado at\u00e9 esta quarta-feira nas manifesta\u00e7\u00f5es que pedem a ren\u00fancia da presidente Dina Boluarte e a convoca\u00e7\u00e3o de elei\u00e7\u00f5es antecipadas e de uma assembleia constituinte.<\/p>\n\n\n\n<blockquote class=\"wp-block-quote is-layout-flow wp-block-quote-is-layout-flow\">\n<p>\u201cH\u00e1 uma pessoa que foi morta, mas n\u00e3o por a\u00e7\u00e3o da pol\u00edcia, nem por arma de fogo. J\u00e1 deu entrada no necrot\u00e9rio, j\u00e1 foi feita a aut\u00f3psia legal e a morte teria sido causada por um objeto contundente, uma pedra caiu sobre ele&#8221;, disse ao jornal \u201cLa Rep\u00fablica\u201d o general da Pol\u00edcia Nacional do Peru (PNP), Augusto Javier R\u00edos.<\/p>\n<\/blockquote>\n\n\n\n<p>O general R\u00edos afirmou ainda que &#8220;ser\u00e3o realizados os tr\u00e2mites legais para a investiga\u00e7\u00e3o da morte&#8221; da pessoa que morreu na ter\u00e7a-feira durante a tomada da ponte Chao, no departamento de La Libertad, no norte do pa\u00eds.<\/p>\n\n\n\n<p>R\u00edos presumiu que, devido ao impacto de um objeto contundente na cabe\u00e7a, a v\u00edtima fazia parte dos &#8220;v\u00e2ndalos que est\u00e3o na \u00e1rea&#8221; e que confrontaram a PNP e causaram danos ao mobili\u00e1rio urbano.<\/p>\n\n\n\n<p>Desta forma, os protestos registram sua primeira morte no norte do Peru, que se soma \u00e0s outras sete mortes confirmadas, duas delas de menores de idade, ocorridas nos departamentos de Arequipa e Apurimac, no sul, entre domingo e segunda-feira.<\/p>\n\n\n\n<h2 class=\"wp-block-heading\">Pris\u00e3o de manifestantes<\/h2>\n\n\n\n<p>O general declarou ainda que os que est\u00e3o participando nos protestos na regi\u00e3o s\u00e3o &#8220;criminosos&#8221; e que espera que, com o apoio das For\u00e7as Armadas e efetivos da Divis\u00e3o Nacional de Opera\u00e7\u00f5es Especiais (Dinoes), possam &#8220;retomar o controle da \u00e1rea&#8221;.<\/p>\n\n\n\n<p>Por outro lado, a PNP contabilizou nesta quarta-feira 71 deten\u00e7\u00f5es devido a dist\u00farbios e manifesta\u00e7\u00f5es ocorridos nos departamentos de Lima, Apur\u00edmac, Arequipa, Ica e La Libertad entre os dias 7 e 12 de dezembro.<\/p>\n\n\n\n<p>A institui\u00e7\u00e3o informou em comunicado que os detidos est\u00e3o supostamente envolvidos em crimes contra a &#8220;tranquilidade p\u00fablica&#8221;, &#8220;paz p\u00fablica&#8221; e &#8220;dist\u00farbios&#8221;.<\/p>\n\n\n\n<p>A maioria das deten\u00e7\u00f5es ocorreu ao longo desta segunda-feira, dia em que foram presos 62 manifestantes, segundo dados da PNP.<\/p>\n\n\n\n<p>No departamento costeiro de Ica, policiais detiveram 35 participantes dos protestos que exigiam a destitui\u00e7\u00e3o de Boluarte, que assumiu o cargo depois da pris\u00e3o de Pedro Castillo ap\u00f3s uma tentativa fracassada de autogolpe, e o fechamento do Congresso.<\/p>\n\n\n\n<h2 class=\"wp-block-heading\">Estado de emerg\u00eancia no Peru<\/h2>\n\n\n\n<p>O governo peruano declarou nesta quarta-feira estado de emerg\u00eancia em todo o pa\u00eds durante 30 dias, o que implica na suspens\u00e3o dos direitos de reuni\u00e3o, inviolabilidade do domic\u00edlio e liberdade de tr\u00e2nsito, entre outros, enquanto avalia a possibilidade de declarar um toque de recolher.<\/p>\n\n\n\n<blockquote class=\"wp-block-quote is-layout-flow wp-block-quote-is-layout-flow\">\n<p>&#8220;Foi declarado estado de emerg\u00eancia para todo o pa\u00eds devido aos atos de vandalismo e viol\u00eancia, a apreens\u00e3o de estradas e rodovias, que j\u00e1 est\u00e3o se estabilizando&#8221;, disse o ministro da Defesa, Alberto Otarola.<\/p>\n<\/blockquote>\n\n\n\n<p>&#8220;\u00c9 necess\u00e1ria uma resposta en\u00e9rgica e autoridade por parte do governo&#8221;, acrescentou o ministro no p\u00e1tio do Pal\u00e1cio do Governo em um breve pronunciamento enquanto era realizada uma reuni\u00e3o do Conselho de Ministros. EFE<\/p>\n","protected":false},"excerpt":{"rendered":"<p>Lima (EFE).-\u00a0Mais uma pessoa morreu na atual onda de protestos no Peru, o que elevou para oito o total de mortes desde domingo passado at\u00e9 esta quarta-feira nas manifesta\u00e7\u00f5es que pedem a ren\u00fancia da presidente Dina Boluarte e a convoca\u00e7\u00e3o de elei\u00e7\u00f5es antecipadas e de uma assembleia constituinte. \u201cH\u00e1 uma pessoa que foi morta, mas &#8230; <a title=\"Sobe para 8 o n\u00famero de mortos em onda de protestos no Peru\" class=\"read-more\" href=\"https:\/\/pre.efe.com\/pt-br\/mundo-2\/2022-12-15\/sobe-para-8-o-numero-de-mortos-em-onda-de-protestos-no-peru\/\" aria-label=\"Read more about Sobe para 8 o n\u00famero de mortos em onda de protestos no Peru\">Leia mais<\/a><\/p>\n","protected":false},"author":198164106,"featured_media":208021,"comment_status":"closed","ping_status":"closed","sticky":false,"template":"","format":"standard","meta":{"_acf_changed":false,"_jetpack_memberships_contains_paid_content":false,"footnotes":""},"categories":[123208,122141],"tags":[127685,124845,125964,127785],"class_list":["post-208016","post","type-post","status-publish","format-standard","has-post-thumbnail","hentry","category-mundo-2","category-portada","tag-crise","tag-governo","tag-peru-3","tag-protestos","generate-columns","tablet-grid-50","mobile-grid-100","grid-parent","grid-50"],"acf":[],"yoast_head":"<!-- This site is optimized with the Yoast SEO Premium plugin v26.0 (Yoast SEO v27.4) - https:\/\/yoast.com\/product\/yoast-seo-premium-wordpress\/ -->\n<title>Sobe para 8 o n\u00famero de mortos em onda de protestos no Peru - EFE<\/title>\n<meta name=\"robots\" content=\"noindex, follow\" \/>\n<meta property=\"og:locale\" content=\"pt_BR\" \/>\n<meta property=\"og:type\" content=\"article\" \/>\n<meta property=\"og:title\" content=\"Sobe para 8 o n\u00famero de mortos em onda de protestos no Peru - EFE\" \/>\n<meta property=\"og:description\" content=\"Lima (EFE).-\u00a0Mais uma pessoa morreu na atual onda de protestos no Peru, o que elevou para oito o total de mortes desde domingo passado at\u00e9 esta quarta-feira nas manifesta\u00e7\u00f5es que pedem a ren\u00fancia da presidente Dina Boluarte e a convoca\u00e7\u00e3o de elei\u00e7\u00f5es antecipadas e de uma assembleia constituinte. \u201cH\u00e1 uma pessoa que foi morta, mas ... Leia mais\" \/>\n<meta property=\"og:url\" content=\"https:\/\/pre.efe.com\/pt-br\/mundo-2\/2022-12-15\/sobe-para-8-o-numero-de-mortos-em-onda-de-protestos-no-peru\/\" \/>\n<meta property=\"og:site_name\" content=\"EFE Noticias\" \/>\n<meta property=\"article:publisher\" content=\"https:\/\/www.facebook.com\/AgenciaEFEnoticias\/\" \/>\n<meta property=\"article:published_time\" content=\"2022-12-15T02:01:00+00:00\" \/>\n<meta property=\"article:modified_time\" content=\"2022-12-15T05:12:59+00:00\" \/>\n<meta property=\"og:image\" content=\"https:\/\/i0.wp.com\/efe.com\/\/srv\/htdocs\/wp-content\/uploads\/2022\/12\/peru-protesto.jpg?fit=900%2C600&ssl=1\" \/>\n\t<meta property=\"og:image:width\" content=\"900\" \/>\n\t<meta property=\"og:image:height\" content=\"600\" \/>\n\t<meta property=\"og:image:type\" content=\"image\/jpeg\" \/>\n<meta name=\"author\" content=\"anachain\" \/>\n<meta name=\"twitter:card\" content=\"summary_large_image\" \/>\n<meta name=\"twitter:creator\" content=\"@efenoticias\" \/>\n<meta name=\"twitter:site\" content=\"@efenoticias\" \/>\n<script type=\"application\/ld+json\" class=\"yoast-schema-graph\">{\"@context\":\"https:\\\/\\\/schema.org\",\"@graph\":[{\"@type\":\"NewsArticle\",\"@id\":\"https:\\\/\\\/pre.efe.com\\\/pt-br\\\/mundo-2\\\/2022-12-15\\\/sobe-para-8-o-numero-de-mortos-em-onda-de-protestos-no-peru\\\/#article\",\"isPartOf\":{\"@id\":\"https:\\\/\\\/pre.efe.com\\\/pt-br\\\/mundo-2\\\/2022-12-15\\\/sobe-para-8-o-numero-de-mortos-em-onda-de-protestos-no-peru\\\/\"},\"author\":{\"name\":\"anachain\",\"@id\":\"https:\\\/\\\/pre.efe.com\\\/pt-br\\\/#\\\/schema\\\/person\\\/b19f23f210db552768f68a4b552b004f\"},\"headline\":\"Sobe para 8 o n\u00famero de mortos em onda de protestos no Peru\",\"datePublished\":\"2022-12-15T02:01:00+00:00\",\"dateModified\":\"2022-12-15T05:12:59+00:00\",\"mainEntityOfPage\":{\"@id\":\"https:\\\/\\\/pre.efe.com\\\/pt-br\\\/mundo-2\\\/2022-12-15\\\/sobe-para-8-o-numero-de-mortos-em-onda-de-protestos-no-peru\\\/\"},\"wordCount\":558,\"publisher\":{\"@id\":\"https:\\\/\\\/pre.efe.com\\\/pt-br\\\/#organization\"},\"image\":{\"@id\":\"https:\\\/\\\/pre.efe.com\\\/pt-br\\\/mundo-2\\\/2022-12-15\\\/sobe-para-8-o-numero-de-mortos-em-onda-de-protestos-no-peru\\\/#primaryimage\"},\"thumbnailUrl\":\"https:\\\/\\\/pre.efe.com\\\/wp-content\\\/uploads\\\/2022\\\/12\\\/peru-protesto.jpg\",\"keywords\":[\"Crise\",\"Governo\",\"Peru\",\"Protestos\"],\"articleSection\":[\"Mundo\",\"Portada\"],\"inLanguage\":\"pt-BR\",\"copyrightYear\":\"2022\",\"copyrightHolder\":{\"@id\":\"https:\\\/\\\/pre.efe.com\\\/#organization\"}},{\"@type\":[\"WebPage\",\"ItemPage\"],\"@id\":\"https:\\\/\\\/pre.efe.com\\\/pt-br\\\/mundo-2\\\/2022-12-15\\\/sobe-para-8-o-numero-de-mortos-em-onda-de-protestos-no-peru\\\/\",\"url\":\"https:\\\/\\\/pre.efe.com\\\/pt-br\\\/mundo-2\\\/2022-12-15\\\/sobe-para-8-o-numero-de-mortos-em-onda-de-protestos-no-peru\\\/\",\"name\":\"Sobe para 8 o n\u00famero de mortos em onda de protestos no Peru - EFE\",\"isPartOf\":{\"@id\":\"https:\\\/\\\/pre.efe.com\\\/pt-br\\\/#website\"},\"primaryImageOfPage\":{\"@id\":\"https:\\\/\\\/pre.efe.com\\\/pt-br\\\/mundo-2\\\/2022-12-15\\\/sobe-para-8-o-numero-de-mortos-em-onda-de-protestos-no-peru\\\/#primaryimage\"},\"image\":{\"@id\":\"https:\\\/\\\/pre.efe.com\\\/pt-br\\\/mundo-2\\\/2022-12-15\\\/sobe-para-8-o-numero-de-mortos-em-onda-de-protestos-no-peru\\\/#primaryimage\"},\"thumbnailUrl\":\"https:\\\/\\\/pre.efe.com\\\/wp-content\\\/uploads\\\/2022\\\/12\\\/peru-protesto.jpg\",\"datePublished\":\"2022-12-15T02:01:00+00:00\",\"dateModified\":\"2022-12-15T05:12:59+00:00\",\"breadcrumb\":{\"@id\":\"https:\\\/\\\/pre.efe.com\\\/pt-br\\\/mundo-2\\\/2022-12-15\\\/sobe-para-8-o-numero-de-mortos-em-onda-de-protestos-no-peru\\\/#breadcrumb\"},\"inLanguage\":\"pt-BR\",\"potentialAction\":[{\"@type\":\"ReadAction\",\"target\":[\"https:\\\/\\\/pre.efe.com\\\/pt-br\\\/mundo-2\\\/2022-12-15\\\/sobe-para-8-o-numero-de-mortos-em-onda-de-protestos-no-peru\\\/\"]}]},{\"@type\":\"ImageObject\",\"inLanguage\":\"pt-BR\",\"@id\":\"https:\\\/\\\/pre.efe.com\\\/pt-br\\\/mundo-2\\\/2022-12-15\\\/sobe-para-8-o-numero-de-mortos-em-onda-de-protestos-no-peru\\\/#primaryimage\",\"url\":\"https:\\\/\\\/pre.efe.com\\\/wp-content\\\/uploads\\\/2022\\\/12\\\/peru-protesto.jpg\",\"contentUrl\":\"https:\\\/\\\/pre.efe.com\\\/wp-content\\\/uploads\\\/2022\\\/12\\\/peru-protesto.jpg\",\"width\":900,\"height\":600,\"caption\":\"Manifestantes protestam em Arequipa nesta quarta-feira. EFE\\\/Jos\u00e9 Sotomayor\"},{\"@type\":\"BreadcrumbList\",\"@id\":\"https:\\\/\\\/pre.efe.com\\\/pt-br\\\/mundo-2\\\/2022-12-15\\\/sobe-para-8-o-numero-de-mortos-em-onda-de-protestos-no-peru\\\/#breadcrumb\",\"itemListElement\":[{\"@type\":\"ListItem\",\"position\":1,\"name\":\"Portada\",\"item\":\"https:\\\/\\\/pre.efe.com\\\/pt-br\\\/\"},{\"@type\":\"ListItem\",\"position\":2,\"name\":\"Sobe para 8 o n\u00famero de mortos em onda de protestos no Peru\"}]},{\"@type\":\"WebSite\",\"@id\":\"https:\\\/\\\/pre.efe.com\\\/pt-br\\\/#website\",\"url\":\"https:\\\/\\\/pre.efe.com\\\/pt-br\\\/\",\"name\":\"EFE Noticias\",\"description\":\"\",\"publisher\":{\"@id\":\"https:\\\/\\\/pre.efe.com\\\/pt-br\\\/#organization\"},\"potentialAction\":[{\"@type\":\"SearchAction\",\"target\":{\"@type\":\"EntryPoint\",\"urlTemplate\":\"https:\\\/\\\/pre.efe.com\\\/pt-br\\\/?s={search_term_string}\"},\"query-input\":{\"@type\":\"PropertyValueSpecification\",\"valueRequired\":true,\"valueName\":\"search_term_string\"}}],\"inLanguage\":\"pt-BR\"},{\"@type\":\"Organization\",\"@id\":\"https:\\\/\\\/pre.efe.com\\\/pt-br\\\/#organization\",\"name\":\"Agencia EFE\",\"url\":\"https:\\\/\\\/pre.efe.com\\\/pt-br\\\/\",\"logo\":{\"@type\":\"ImageObject\",\"inLanguage\":\"pt-BR\",\"@id\":\"https:\\\/\\\/pre.efe.com\\\/pt-br\\\/#\\\/schema\\\/logo\\\/image\\\/\",\"url\":\"https:\\\/\\\/pre.efe.com\\\/wp-content\\\/uploads\\\/2023\\\/06\\\/logo-efe-467.png\",\"contentUrl\":\"https:\\\/\\\/pre.efe.com\\\/wp-content\\\/uploads\\\/2023\\\/06\\\/logo-efe-467.png\",\"width\":467,\"height\":467,\"caption\":\"Agencia EFE\"},\"image\":{\"@id\":\"https:\\\/\\\/pre.efe.com\\\/pt-br\\\/#\\\/schema\\\/logo\\\/image\\\/\"},\"sameAs\":[\"https:\\\/\\\/www.facebook.com\\\/AgenciaEFEnoticias\\\/\",\"https:\\\/\\\/x.com\\\/efenoticias\",\"https:\\\/\\\/www.instagram.com\\\/efe_noticias\\\/\",\"http:\\\/\\\/www.youtube.com\\\/efe\"]},{\"@type\":\"Person\",\"@id\":\"https:\\\/\\\/pre.efe.com\\\/pt-br\\\/#\\\/schema\\\/person\\\/b19f23f210db552768f68a4b552b004f\",\"name\":\"anachain\",\"image\":{\"@type\":\"ImageObject\",\"inLanguage\":\"pt-BR\",\"@id\":\"https:\\\/\\\/secure.gravatar.com\\\/avatar\\\/30b83965911ef1108bb893c00bdd65c885f9890e1265ee04b02c3d5adc785d37?s=96&d=identicon&r=g\",\"url\":\"https:\\\/\\\/secure.gravatar.com\\\/avatar\\\/30b83965911ef1108bb893c00bdd65c885f9890e1265ee04b02c3d5adc785d37?s=96&d=identicon&r=g\",\"contentUrl\":\"https:\\\/\\\/secure.gravatar.com\\\/avatar\\\/30b83965911ef1108bb893c00bdd65c885f9890e1265ee04b02c3d5adc785d37?s=96&d=identicon&r=g\",\"caption\":\"anachain\"},\"url\":\"https:\\\/\\\/pre.efe.com\\\/pt-br\\\/autor\\\/anachain\\\/\"}]}<\/script>\n<!-- \/ Yoast SEO Premium plugin. -->","yoast_head_json":{"title":"Sobe para 8 o n\u00famero de mortos em onda de protestos no Peru - EFE","robots":{"index":"noindex","follow":"follow"},"og_locale":"pt_BR","og_type":"article","og_title":"Sobe para 8 o n\u00famero de mortos em onda de protestos no Peru - EFE","og_description":"Lima (EFE).-\u00a0Mais uma pessoa morreu na atual onda de protestos no Peru, o que elevou para oito o total de mortes desde domingo passado at\u00e9 esta quarta-feira nas manifesta\u00e7\u00f5es que pedem a ren\u00fancia da presidente Dina Boluarte e a convoca\u00e7\u00e3o de elei\u00e7\u00f5es antecipadas e de uma assembleia constituinte. \u201cH\u00e1 uma pessoa que foi morta, mas ... Leia mais","og_url":"https:\/\/pre.efe.com\/pt-br\/mundo-2\/2022-12-15\/sobe-para-8-o-numero-de-mortos-em-onda-de-protestos-no-peru\/","og_site_name":"EFE Noticias","article_publisher":"https:\/\/www.facebook.com\/AgenciaEFEnoticias\/","article_published_time":"2022-12-15T02:01:00+00:00","article_modified_time":"2022-12-15T05:12:59+00:00","og_image":[{"width":900,"height":600,"url":"https:\/\/i0.wp.com\/efe.com\/\/srv\/htdocs\/wp-content\/uploads\/2022\/12\/peru-protesto.jpg?fit=900%2C600&ssl=1","type":"image\/jpeg"}],"author":"anachain","twitter_card":"summary_large_image","twitter_creator":"@efenoticias","twitter_site":"@efenoticias","schema":{"@context":"https:\/\/schema.org","@graph":[{"@type":"NewsArticle","@id":"https:\/\/pre.efe.com\/pt-br\/mundo-2\/2022-12-15\/sobe-para-8-o-numero-de-mortos-em-onda-de-protestos-no-peru\/#article","isPartOf":{"@id":"https:\/\/pre.efe.com\/pt-br\/mundo-2\/2022-12-15\/sobe-para-8-o-numero-de-mortos-em-onda-de-protestos-no-peru\/"},"author":{"name":"anachain","@id":"https:\/\/pre.efe.com\/pt-br\/#\/schema\/person\/b19f23f210db552768f68a4b552b004f"},"headline":"Sobe para 8 o n\u00famero de mortos em onda de protestos no Peru","datePublished":"2022-12-15T02:01:00+00:00","dateModified":"2022-12-15T05:12:59+00:00","mainEntityOfPage":{"@id":"https:\/\/pre.efe.com\/pt-br\/mundo-2\/2022-12-15\/sobe-para-8-o-numero-de-mortos-em-onda-de-protestos-no-peru\/"},"wordCount":558,"publisher":{"@id":"https:\/\/pre.efe.com\/pt-br\/#organization"},"image":{"@id":"https:\/\/pre.efe.com\/pt-br\/mundo-2\/2022-12-15\/sobe-para-8-o-numero-de-mortos-em-onda-de-protestos-no-peru\/#primaryimage"},"thumbnailUrl":"https:\/\/pre.efe.com\/wp-content\/uploads\/2022\/12\/peru-protesto.jpg","keywords":["Crise","Governo","Peru","Protestos"],"articleSection":["Mundo","Portada"],"inLanguage":"pt-BR","copyrightYear":"2022","copyrightHolder":{"@id":"https:\/\/pre.efe.com\/#organization"}},{"@type":["WebPage","ItemPage"],"@id":"https:\/\/pre.efe.com\/pt-br\/mundo-2\/2022-12-15\/sobe-para-8-o-numero-de-mortos-em-onda-de-protestos-no-peru\/","url":"https:\/\/pre.efe.com\/pt-br\/mundo-2\/2022-12-15\/sobe-para-8-o-numero-de-mortos-em-onda-de-protestos-no-peru\/","name":"Sobe para 8 o n\u00famero de mortos em onda de protestos no Peru - EFE","isPartOf":{"@id":"https:\/\/pre.efe.com\/pt-br\/#website"},"primaryImageOfPage":{"@id":"https:\/\/pre.efe.com\/pt-br\/mundo-2\/2022-12-15\/sobe-para-8-o-numero-de-mortos-em-onda-de-protestos-no-peru\/#primaryimage"},"image":{"@id":"https:\/\/pre.efe.com\/pt-br\/mundo-2\/2022-12-15\/sobe-para-8-o-numero-de-mortos-em-onda-de-protestos-no-peru\/#primaryimage"},"thumbnailUrl":"https:\/\/pre.efe.com\/wp-content\/uploads\/2022\/12\/peru-protesto.jpg","datePublished":"2022-12-15T02:01:00+00:00","dateModified":"2022-12-15T05:12:59+00:00","breadcrumb":{"@id":"https:\/\/pre.efe.com\/pt-br\/mundo-2\/2022-12-15\/sobe-para-8-o-numero-de-mortos-em-onda-de-protestos-no-peru\/#breadcrumb"},"inLanguage":"pt-BR","potentialAction":[{"@type":"ReadAction","target":["https:\/\/pre.efe.com\/pt-br\/mundo-2\/2022-12-15\/sobe-para-8-o-numero-de-mortos-em-onda-de-protestos-no-peru\/"]}]},{"@type":"ImageObject","inLanguage":"pt-BR","@id":"https:\/\/pre.efe.com\/pt-br\/mundo-2\/2022-12-15\/sobe-para-8-o-numero-de-mortos-em-onda-de-protestos-no-peru\/#primaryimage","url":"https:\/\/pre.efe.com\/wp-content\/uploads\/2022\/12\/peru-protesto.jpg","contentUrl":"https:\/\/pre.efe.com\/wp-content\/uploads\/2022\/12\/peru-protesto.jpg","width":900,"height":600,"caption":"Manifestantes protestam em Arequipa nesta quarta-feira. EFE\/Jos\u00e9 Sotomayor"},{"@type":"BreadcrumbList","@id":"https:\/\/pre.efe.com\/pt-br\/mundo-2\/2022-12-15\/sobe-para-8-o-numero-de-mortos-em-onda-de-protestos-no-peru\/#breadcrumb","itemListElement":[{"@type":"ListItem","position":1,"name":"Portada","item":"https:\/\/pre.efe.com\/pt-br\/"},{"@type":"ListItem","position":2,"name":"Sobe para 8 o n\u00famero de mortos em onda de protestos no Peru"}]},{"@type":"WebSite","@id":"https:\/\/pre.efe.com\/pt-br\/#website","url":"https:\/\/pre.efe.com\/pt-br\/","name":"EFE Noticias","description":"","publisher":{"@id":"https:\/\/pre.efe.com\/pt-br\/#organization"},"potentialAction":[{"@type":"SearchAction","target":{"@type":"EntryPoint","urlTemplate":"https:\/\/pre.efe.com\/pt-br\/?s={search_term_string}"},"query-input":{"@type":"PropertyValueSpecification","valueRequired":true,"valueName":"search_term_string"}}],"inLanguage":"pt-BR"},{"@type":"Organization","@id":"https:\/\/pre.efe.com\/pt-br\/#organization","name":"Agencia EFE","url":"https:\/\/pre.efe.com\/pt-br\/","logo":{"@type":"ImageObject","inLanguage":"pt-BR","@id":"https:\/\/pre.efe.com\/pt-br\/#\/schema\/logo\/image\/","url":"https:\/\/pre.efe.com\/wp-content\/uploads\/2023\/06\/logo-efe-467.png","contentUrl":"https:\/\/pre.efe.com\/wp-content\/uploads\/2023\/06\/logo-efe-467.png","width":467,"height":467,"caption":"Agencia EFE"},"image":{"@id":"https:\/\/pre.efe.com\/pt-br\/#\/schema\/logo\/image\/"},"sameAs":["https:\/\/www.facebook.com\/AgenciaEFEnoticias\/","https:\/\/x.com\/efenoticias","https:\/\/www.instagram.com\/efe_noticias\/","http:\/\/www.youtube.com\/efe"]},{"@type":"Person","@id":"https:\/\/pre.efe.com\/pt-br\/#\/schema\/person\/b19f23f210db552768f68a4b552b004f","name":"anachain","image":{"@type":"ImageObject","inLanguage":"pt-BR","@id":"https:\/\/secure.gravatar.com\/avatar\/30b83965911ef1108bb893c00bdd65c885f9890e1265ee04b02c3d5adc785d37?s=96&d=identicon&r=g","url":"https:\/\/secure.gravatar.com\/avatar\/30b83965911ef1108bb893c00bdd65c885f9890e1265ee04b02c3d5adc785d37?s=96&d=identicon&r=g","contentUrl":"https:\/\/secure.gravatar.com\/avatar\/30b83965911ef1108bb893c00bdd65c885f9890e1265ee04b02c3d5adc785d37?s=96&d=identicon&r=g","caption":"anachain"},"url":"https:\/\/pre.efe.com\/pt-br\/autor\/anachain\/"}]}},"jetpack_featured_media_url":"https:\/\/pre.efe.com\/wp-content\/uploads\/2022\/12\/peru-protesto.jpg","jetpack_shortlink":"https:\/\/wp.me\/peJvHm-S76","jetpack_sharing_enabled":true,"_links":{"self":[{"href":"https:\/\/pre.efe.com\/pt-br\/wp-json\/wp\/v2\/posts\/208016","targetHints":{"allow":["GET"]}}],"collection":[{"href":"https:\/\/pre.efe.com\/pt-br\/wp-json\/wp\/v2\/posts"}],"about":[{"href":"https:\/\/pre.efe.com\/pt-br\/wp-json\/wp\/v2\/types\/post"}],"author":[{"embeddable":true,"href":"https:\/\/pre.efe.com\/pt-br\/wp-json\/wp\/v2\/users\/198164106"}],"replies":[{"embeddable":true,"href":"https:\/\/pre.efe.com\/pt-br\/wp-json\/wp\/v2\/comments?post=208016"}],"version-history":[{"count":2,"href":"https:\/\/pre.efe.com\/pt-br\/wp-json\/wp\/v2\/posts\/208016\/revisions"}],"predecessor-version":[{"id":208024,"href":"https:\/\/pre.efe.com\/pt-br\/wp-json\/wp\/v2\/posts\/208016\/revisions\/208024"}],"wp:featuredmedia":[{"embeddable":true,"href":"https:\/\/pre.efe.com\/pt-br\/wp-json\/wp\/v2\/media\/208021"}],"wp:attachment":[{"href":"https:\/\/pre.efe.com\/pt-br\/wp-json\/wp\/v2\/media?parent=208016"}],"wp:term":[{"taxonomy":"category","embeddable":true,"href":"https:\/\/pre.efe.com\/pt-br\/wp-json\/wp\/v2\/categories?post=208016"},{"taxonomy":"post_tag","embeddable":true,"href":"https:\/\/pre.efe.com\/pt-br\/wp-json\/wp\/v2\/tags?post=208016"}],"curies":[{"name":"wp","href":"https:\/\/api.w.org\/{rel}","templated":true}]}}