{"id":209328,"date":"2022-12-15T22:28:18","date_gmt":"2022-12-15T21:28:18","guid":{"rendered":"https:\/\/pre.efe.com\/?p=209328"},"modified":"2022-12-15T22:28:21","modified_gmt":"2022-12-15T21:28:21","slug":"boluarte-reitera-proposta-de-antecipar-eleicoes-nao-ha-espaco-para-medo","status":"publish","type":"post","link":"https:\/\/pre.efe.com\/pt-br\/mundo-2\/2022-12-15\/boluarte-reitera-proposta-de-antecipar-eleicoes-nao-ha-espaco-para-medo\/","title":{"rendered":"Boluarte reitera proposta de antecipar elei\u00e7\u00f5es: \u201cN\u00e3o h\u00e1 espa\u00e7o para medo\u201d"},"content":{"rendered":"\n<p>Lima (EFE).-\u00a0A presidente do Peru, Dina Boluarte, afirmou nesta quinta-feira que em seu pa\u00eds &#8220;n\u00e3o h\u00e1 espa\u00e7o para o medo&#8221; e ratificou sua proposta de antecipar as elei\u00e7\u00f5es gerais para atender \u00e0 demanda da popula\u00e7\u00e3o ap\u00f3s a fracassada tentativa de golpe que levou \u00e0 destitui\u00e7\u00e3o do ex-presidente Pedro Castillo.<\/p>\n\n\n\n<blockquote class=\"wp-block-quote is-layout-flow wp-block-quote-is-layout-flow\">\n<p>&#8220;Aqui n\u00e3o h\u00e1 espa\u00e7o para o medo, mas para a coragem&#8221;, enfatizou Boluarte na cerim\u00f4nia de encerramento do ano acad\u00eamico da For\u00e7a A\u00e9rea do Peru (FAP), na qual ratificou a proposta de seu governo de antecipar as elei\u00e7\u00f5es e invocou o Congresso &#8220;a tomar as melhores decis\u00f5es&#8221;.<\/p>\n<\/blockquote>\n\n\n\n<p>Boluarte se pronunciou assim no mesmo dia em que o Congresso se re\u00fane em plen\u00e1rio para analisar os projetos de antecipa\u00e7\u00e3o das elei\u00e7\u00f5es, inclusive um apresentado pelo Executivo para que as elei\u00e7\u00f5es gerais sejam realizadas em abril de 2024.<\/p>\n\n\n\n<p>A presidente acrescentou que &#8220;apesar dos \u00faltimos acontecimentos&#8221;, sobre os quais disse que &#8220;violentos disfar\u00e7ados de manifestantes tentaram colocar (o Peru) em perigo&#8221;, e reafirmou &#8220;seu compromisso de trabalhar pela seguran\u00e7a de todo o pa\u00eds&#8221;.<\/p>\n\n\n\n<blockquote class=\"wp-block-quote is-layout-flow wp-block-quote-is-layout-flow\">\n<p>&#8220;Nem a viol\u00eancia nem o radicalismo v\u00e3o acabar com um governo legal e leg\u00edtimo. N\u00e3o h\u00e1 espa\u00e7o para medo, mas para coragem, uni\u00e3o e esperan\u00e7a de um pa\u00eds que merece mais de seus pol\u00edticos&#8221;, acrescentou.<\/p>\n<\/blockquote>\n\n\n\n<h2 class=\"wp-block-heading\">Congresso analisa projetos<\/h2>\n\n\n\n<p>O plen\u00e1rio do Congresso analisa nesta quinta-feira as propostas de antecipa\u00e7\u00e3o das elei\u00e7\u00f5es que recebeu, em uma sess\u00e3o para a qual convidou o ministro da Justi\u00e7a e dos Direitos Humanos, Jos\u00e9 Tello.<\/p>\n\n\n\n<p>O governo formalizou na segunda-feira perante o Congresso um projeto de lei que prop\u00f5e a antecipa\u00e7\u00e3o das elei\u00e7\u00f5es gerais para abril de 2024, que foi entregue com as assinaturas da presidente Boluarte e de seu primeiro-ministro, Pedro Angulo.<\/p>\n\n\n\n<p>O projeto detalha que esse prazo \u201cdeve servir tamb\u00e9m para aprovar, se for o caso, as reformas constitucionais referentes ao regime pol\u00edtico peruano\u201d e destaca que \u201c\u00e9 urgente fazer mudan\u00e7as democr\u00e1ticas e constitucionais no Congresso, obedecendo fundamentalmente ao sentimento da popula\u00e7\u00e3o\u201d.<\/p>\n\n\n\n<p>No entanto, Boluarte disse na quarta-feira que agora prop\u00f4s que as elei\u00e7\u00f5es sejam realizadas em dezembro de 2023 e acrescentou que, em uma reuni\u00e3o que teve na ter\u00e7a-feira com o Conselho de Estado, foram feitos \u201creajustes\u201d indicando que as elei\u00e7\u00f5es poder\u00e3o ser realizadas nessa data.<\/p>\n\n\n\n<p>O Peru enfrenta violentas manifesta\u00e7\u00f5es e protestos que exigem elei\u00e7\u00f5es antecipadas, o fechamento do Congresso e a convoca\u00e7\u00e3o de uma Assembleia Constituinte, e deixaram, at\u00e9 agora, oito mortos, mais de 70 presos e 200 policiais feridos, principalmente nas regi\u00f5es de Apurimac e Arequipa, no sul do pa\u00eds.<\/p>\n\n\n\n<p>Boluarte assumiu o cargo para substituir Pedro Castillo, destitu\u00eddo h\u00e1 uma semana pelo Congresso depois de ordenar a dissolu\u00e7\u00e3o do Parlamento, anunciar a forma\u00e7\u00e3o de um Executivo emergencial, que governaria por decreto, convocar uma Assembleia Constituinte e reorganizar o Judici\u00e1rio. EFE<\/p>\n","protected":false},"excerpt":{"rendered":"<p>Lima (EFE).-\u00a0A presidente do Peru, Dina Boluarte, afirmou nesta quinta-feira que em seu pa\u00eds &#8220;n\u00e3o h\u00e1 espa\u00e7o para o medo&#8221; e ratificou sua proposta de antecipar as elei\u00e7\u00f5es gerais para atender \u00e0 demanda da popula\u00e7\u00e3o ap\u00f3s a fracassada tentativa de golpe que levou \u00e0 destitui\u00e7\u00e3o do ex-presidente Pedro Castillo. &#8220;Aqui n\u00e3o h\u00e1 espa\u00e7o para o &#8230; <a title=\"Boluarte reitera proposta de antecipar elei\u00e7\u00f5es: \u201cN\u00e3o h\u00e1 espa\u00e7o para medo\u201d\" class=\"read-more\" href=\"https:\/\/pre.efe.com\/pt-br\/mundo-2\/2022-12-15\/boluarte-reitera-proposta-de-antecipar-eleicoes-nao-ha-espaco-para-medo\/\" aria-label=\"Read more about Boluarte reitera proposta de antecipar elei\u00e7\u00f5es: \u201cN\u00e3o h\u00e1 espa\u00e7o para medo\u201d\">Leia mais<\/a><\/p>\n","protected":false},"author":198164106,"featured_media":204001,"comment_status":"closed","ping_status":"closed","sticky":false,"template":"","format":"standard","meta":{"_acf_changed":false,"_jetpack_memberships_contains_paid_content":false,"footnotes":""},"categories":[123208,122141],"tags":[127685,124845,125964],"class_list":["post-209328","post","type-post","status-publish","format-standard","has-post-thumbnail","hentry","category-mundo-2","category-portada","tag-crise","tag-governo","tag-peru-3","generate-columns","tablet-grid-50","mobile-grid-100","grid-parent","grid-50"],"acf":[],"yoast_head":"<!-- This site is optimized with the Yoast SEO Premium plugin v26.0 (Yoast SEO v27.4) - https:\/\/yoast.com\/product\/yoast-seo-premium-wordpress\/ -->\n<title>Boluarte reitera proposta de antecipar elei\u00e7\u00f5es: \u201cN\u00e3o h\u00e1 espa\u00e7o para medo\u201d - EFE<\/title>\n<meta name=\"robots\" content=\"noindex, follow\" \/>\n<meta property=\"og:locale\" content=\"pt_BR\" \/>\n<meta property=\"og:type\" content=\"article\" \/>\n<meta property=\"og:title\" content=\"Boluarte reitera proposta de antecipar elei\u00e7\u00f5es: \u201cN\u00e3o h\u00e1 espa\u00e7o para medo\u201d - EFE\" \/>\n<meta property=\"og:description\" content=\"Lima (EFE).-\u00a0A presidente do Peru, Dina Boluarte, afirmou nesta quinta-feira que em seu pa\u00eds &#8220;n\u00e3o h\u00e1 espa\u00e7o para o medo&#8221; e ratificou sua proposta de antecipar as elei\u00e7\u00f5es gerais para atender \u00e0 demanda da popula\u00e7\u00e3o ap\u00f3s a fracassada tentativa de golpe que levou \u00e0 destitui\u00e7\u00e3o do ex-presidente Pedro Castillo. &#8220;Aqui n\u00e3o h\u00e1 espa\u00e7o para o ... Leia mais\" \/>\n<meta property=\"og:url\" content=\"https:\/\/pre.efe.com\/pt-br\/mundo-2\/2022-12-15\/boluarte-reitera-proposta-de-antecipar-eleicoes-nao-ha-espaco-para-medo\/\" \/>\n<meta property=\"og:site_name\" content=\"EFE Noticias\" \/>\n<meta property=\"article:publisher\" content=\"https:\/\/www.facebook.com\/AgenciaEFEnoticias\/\" \/>\n<meta property=\"article:published_time\" content=\"2022-12-15T21:28:18+00:00\" \/>\n<meta property=\"article:modified_time\" content=\"2022-12-15T21:28:21+00:00\" \/>\n<meta property=\"og:image\" content=\"https:\/\/i0.wp.com\/efe.com\/\/srv\/htdocs\/wp-content\/uploads\/2022\/12\/AME8963-PERU-ALIANZA-DEL-PACIFICO-CUMBRE.jpg?fit=900%2C600&ssl=1\" \/>\n\t<meta property=\"og:image:width\" content=\"900\" \/>\n\t<meta property=\"og:image:height\" content=\"600\" \/>\n\t<meta property=\"og:image:type\" content=\"image\/jpeg\" \/>\n<meta name=\"author\" content=\"anachain\" \/>\n<meta name=\"twitter:card\" content=\"summary_large_image\" \/>\n<meta name=\"twitter:creator\" content=\"@efenoticias\" \/>\n<meta name=\"twitter:site\" content=\"@efenoticias\" \/>\n<script type=\"application\/ld+json\" class=\"yoast-schema-graph\">{\"@context\":\"https:\\\/\\\/schema.org\",\"@graph\":[{\"@type\":\"NewsArticle\",\"@id\":\"https:\\\/\\\/pre.efe.com\\\/pt-br\\\/mundo-2\\\/2022-12-15\\\/boluarte-reitera-proposta-de-antecipar-eleicoes-nao-ha-espaco-para-medo\\\/#article\",\"isPartOf\":{\"@id\":\"https:\\\/\\\/pre.efe.com\\\/pt-br\\\/mundo-2\\\/2022-12-15\\\/boluarte-reitera-proposta-de-antecipar-eleicoes-nao-ha-espaco-para-medo\\\/\"},\"author\":{\"name\":\"anachain\",\"@id\":\"https:\\\/\\\/pre.efe.com\\\/pt-br\\\/#\\\/schema\\\/person\\\/b19f23f210db552768f68a4b552b004f\"},\"headline\":\"Boluarte reitera proposta de antecipar elei\u00e7\u00f5es: \u201cN\u00e3o h\u00e1 espa\u00e7o para medo\u201d\",\"datePublished\":\"2022-12-15T21:28:18+00:00\",\"dateModified\":\"2022-12-15T21:28:21+00:00\",\"mainEntityOfPage\":{\"@id\":\"https:\\\/\\\/pre.efe.com\\\/pt-br\\\/mundo-2\\\/2022-12-15\\\/boluarte-reitera-proposta-de-antecipar-eleicoes-nao-ha-espaco-para-medo\\\/\"},\"wordCount\":520,\"publisher\":{\"@id\":\"https:\\\/\\\/pre.efe.com\\\/pt-br\\\/#organization\"},\"image\":{\"@id\":\"https:\\\/\\\/pre.efe.com\\\/pt-br\\\/mundo-2\\\/2022-12-15\\\/boluarte-reitera-proposta-de-antecipar-eleicoes-nao-ha-espaco-para-medo\\\/#primaryimage\"},\"thumbnailUrl\":\"https:\\\/\\\/pre.efe.com\\\/wp-content\\\/uploads\\\/2022\\\/12\\\/AME8963-PERU-ALIANZA-DEL-PACIFICO-CUMBRE.jpg\",\"keywords\":[\"Crise\",\"Governo\",\"Peru\"],\"articleSection\":[\"Mundo\",\"Portada\"],\"inLanguage\":\"pt-BR\",\"copyrightYear\":\"2022\",\"copyrightHolder\":{\"@id\":\"https:\\\/\\\/pre.efe.com\\\/#organization\"}},{\"@type\":[\"WebPage\",\"ItemPage\"],\"@id\":\"https:\\\/\\\/pre.efe.com\\\/pt-br\\\/mundo-2\\\/2022-12-15\\\/boluarte-reitera-proposta-de-antecipar-eleicoes-nao-ha-espaco-para-medo\\\/\",\"url\":\"https:\\\/\\\/pre.efe.com\\\/pt-br\\\/mundo-2\\\/2022-12-15\\\/boluarte-reitera-proposta-de-antecipar-eleicoes-nao-ha-espaco-para-medo\\\/\",\"name\":\"Boluarte reitera proposta de antecipar elei\u00e7\u00f5es: \u201cN\u00e3o h\u00e1 espa\u00e7o para medo\u201d - EFE\",\"isPartOf\":{\"@id\":\"https:\\\/\\\/pre.efe.com\\\/pt-br\\\/#website\"},\"primaryImageOfPage\":{\"@id\":\"https:\\\/\\\/pre.efe.com\\\/pt-br\\\/mundo-2\\\/2022-12-15\\\/boluarte-reitera-proposta-de-antecipar-eleicoes-nao-ha-espaco-para-medo\\\/#primaryimage\"},\"image\":{\"@id\":\"https:\\\/\\\/pre.efe.com\\\/pt-br\\\/mundo-2\\\/2022-12-15\\\/boluarte-reitera-proposta-de-antecipar-eleicoes-nao-ha-espaco-para-medo\\\/#primaryimage\"},\"thumbnailUrl\":\"https:\\\/\\\/pre.efe.com\\\/wp-content\\\/uploads\\\/2022\\\/12\\\/AME8963-PERU-ALIANZA-DEL-PACIFICO-CUMBRE.jpg\",\"datePublished\":\"2022-12-15T21:28:18+00:00\",\"dateModified\":\"2022-12-15T21:28:21+00:00\",\"breadcrumb\":{\"@id\":\"https:\\\/\\\/pre.efe.com\\\/pt-br\\\/mundo-2\\\/2022-12-15\\\/boluarte-reitera-proposta-de-antecipar-eleicoes-nao-ha-espaco-para-medo\\\/#breadcrumb\"},\"inLanguage\":\"pt-BR\",\"potentialAction\":[{\"@type\":\"ReadAction\",\"target\":[\"https:\\\/\\\/pre.efe.com\\\/pt-br\\\/mundo-2\\\/2022-12-15\\\/boluarte-reitera-proposta-de-antecipar-eleicoes-nao-ha-espaco-para-medo\\\/\"]}]},{\"@type\":\"ImageObject\",\"inLanguage\":\"pt-BR\",\"@id\":\"https:\\\/\\\/pre.efe.com\\\/pt-br\\\/mundo-2\\\/2022-12-15\\\/boluarte-reitera-proposta-de-antecipar-eleicoes-nao-ha-espaco-para-medo\\\/#primaryimage\",\"url\":\"https:\\\/\\\/pre.efe.com\\\/wp-content\\\/uploads\\\/2022\\\/12\\\/AME8963-PERU-ALIANZA-DEL-PACIFICO-CUMBRE.jpg\",\"contentUrl\":\"https:\\\/\\\/pre.efe.com\\\/wp-content\\\/uploads\\\/2022\\\/12\\\/AME8963-PERU-ALIANZA-DEL-PACIFICO-CUMBRE.jpg\",\"width\":900,\"height\":600,\"caption\":\"A presidente do Peru, Dina Boluarte. EFE\\\/Arquivo\\\/Paolo Aguilar\"},{\"@type\":\"BreadcrumbList\",\"@id\":\"https:\\\/\\\/pre.efe.com\\\/pt-br\\\/mundo-2\\\/2022-12-15\\\/boluarte-reitera-proposta-de-antecipar-eleicoes-nao-ha-espaco-para-medo\\\/#breadcrumb\",\"itemListElement\":[{\"@type\":\"ListItem\",\"position\":1,\"name\":\"Portada\",\"item\":\"https:\\\/\\\/pre.efe.com\\\/pt-br\\\/\"},{\"@type\":\"ListItem\",\"position\":2,\"name\":\"Boluarte reitera proposta de antecipar elei\u00e7\u00f5es: \u201cN\u00e3o h\u00e1 espa\u00e7o para medo\u201d\"}]},{\"@type\":\"WebSite\",\"@id\":\"https:\\\/\\\/pre.efe.com\\\/pt-br\\\/#website\",\"url\":\"https:\\\/\\\/pre.efe.com\\\/pt-br\\\/\",\"name\":\"EFE Noticias\",\"description\":\"\",\"publisher\":{\"@id\":\"https:\\\/\\\/pre.efe.com\\\/pt-br\\\/#organization\"},\"potentialAction\":[{\"@type\":\"SearchAction\",\"target\":{\"@type\":\"EntryPoint\",\"urlTemplate\":\"https:\\\/\\\/pre.efe.com\\\/pt-br\\\/?s={search_term_string}\"},\"query-input\":{\"@type\":\"PropertyValueSpecification\",\"valueRequired\":true,\"valueName\":\"search_term_string\"}}],\"inLanguage\":\"pt-BR\"},{\"@type\":\"Organization\",\"@id\":\"https:\\\/\\\/pre.efe.com\\\/pt-br\\\/#organization\",\"name\":\"Agencia EFE\",\"url\":\"https:\\\/\\\/pre.efe.com\\\/pt-br\\\/\",\"logo\":{\"@type\":\"ImageObject\",\"inLanguage\":\"pt-BR\",\"@id\":\"https:\\\/\\\/pre.efe.com\\\/pt-br\\\/#\\\/schema\\\/logo\\\/image\\\/\",\"url\":\"https:\\\/\\\/pre.efe.com\\\/wp-content\\\/uploads\\\/2023\\\/06\\\/logo-efe-467.png\",\"contentUrl\":\"https:\\\/\\\/pre.efe.com\\\/wp-content\\\/uploads\\\/2023\\\/06\\\/logo-efe-467.png\",\"width\":467,\"height\":467,\"caption\":\"Agencia EFE\"},\"image\":{\"@id\":\"https:\\\/\\\/pre.efe.com\\\/pt-br\\\/#\\\/schema\\\/logo\\\/image\\\/\"},\"sameAs\":[\"https:\\\/\\\/www.facebook.com\\\/AgenciaEFEnoticias\\\/\",\"https:\\\/\\\/x.com\\\/efenoticias\",\"https:\\\/\\\/www.instagram.com\\\/efe_noticias\\\/\",\"http:\\\/\\\/www.youtube.com\\\/efe\"]},{\"@type\":\"Person\",\"@id\":\"https:\\\/\\\/pre.efe.com\\\/pt-br\\\/#\\\/schema\\\/person\\\/b19f23f210db552768f68a4b552b004f\",\"name\":\"anachain\",\"image\":{\"@type\":\"ImageObject\",\"inLanguage\":\"pt-BR\",\"@id\":\"https:\\\/\\\/secure.gravatar.com\\\/avatar\\\/30b83965911ef1108bb893c00bdd65c885f9890e1265ee04b02c3d5adc785d37?s=96&d=identicon&r=g\",\"url\":\"https:\\\/\\\/secure.gravatar.com\\\/avatar\\\/30b83965911ef1108bb893c00bdd65c885f9890e1265ee04b02c3d5adc785d37?s=96&d=identicon&r=g\",\"contentUrl\":\"https:\\\/\\\/secure.gravatar.com\\\/avatar\\\/30b83965911ef1108bb893c00bdd65c885f9890e1265ee04b02c3d5adc785d37?s=96&d=identicon&r=g\",\"caption\":\"anachain\"},\"url\":\"https:\\\/\\\/pre.efe.com\\\/pt-br\\\/autor\\\/anachain\\\/\"}]}<\/script>\n<!-- \/ Yoast SEO Premium plugin. -->","yoast_head_json":{"title":"Boluarte reitera proposta de antecipar elei\u00e7\u00f5es: \u201cN\u00e3o h\u00e1 espa\u00e7o para medo\u201d - EFE","robots":{"index":"noindex","follow":"follow"},"og_locale":"pt_BR","og_type":"article","og_title":"Boluarte reitera proposta de antecipar elei\u00e7\u00f5es: \u201cN\u00e3o h\u00e1 espa\u00e7o para medo\u201d - EFE","og_description":"Lima (EFE).-\u00a0A presidente do Peru, Dina Boluarte, afirmou nesta quinta-feira que em seu pa\u00eds &#8220;n\u00e3o h\u00e1 espa\u00e7o para o medo&#8221; e ratificou sua proposta de antecipar as elei\u00e7\u00f5es gerais para atender \u00e0 demanda da popula\u00e7\u00e3o ap\u00f3s a fracassada tentativa de golpe que levou \u00e0 destitui\u00e7\u00e3o do ex-presidente Pedro Castillo. &#8220;Aqui n\u00e3o h\u00e1 espa\u00e7o para o ... Leia mais","og_url":"https:\/\/pre.efe.com\/pt-br\/mundo-2\/2022-12-15\/boluarte-reitera-proposta-de-antecipar-eleicoes-nao-ha-espaco-para-medo\/","og_site_name":"EFE Noticias","article_publisher":"https:\/\/www.facebook.com\/AgenciaEFEnoticias\/","article_published_time":"2022-12-15T21:28:18+00:00","article_modified_time":"2022-12-15T21:28:21+00:00","og_image":[{"width":900,"height":600,"url":"https:\/\/i0.wp.com\/efe.com\/\/srv\/htdocs\/wp-content\/uploads\/2022\/12\/AME8963-PERU-ALIANZA-DEL-PACIFICO-CUMBRE.jpg?fit=900%2C600&ssl=1","type":"image\/jpeg"}],"author":"anachain","twitter_card":"summary_large_image","twitter_creator":"@efenoticias","twitter_site":"@efenoticias","schema":{"@context":"https:\/\/schema.org","@graph":[{"@type":"NewsArticle","@id":"https:\/\/pre.efe.com\/pt-br\/mundo-2\/2022-12-15\/boluarte-reitera-proposta-de-antecipar-eleicoes-nao-ha-espaco-para-medo\/#article","isPartOf":{"@id":"https:\/\/pre.efe.com\/pt-br\/mundo-2\/2022-12-15\/boluarte-reitera-proposta-de-antecipar-eleicoes-nao-ha-espaco-para-medo\/"},"author":{"name":"anachain","@id":"https:\/\/pre.efe.com\/pt-br\/#\/schema\/person\/b19f23f210db552768f68a4b552b004f"},"headline":"Boluarte reitera proposta de antecipar elei\u00e7\u00f5es: \u201cN\u00e3o h\u00e1 espa\u00e7o para medo\u201d","datePublished":"2022-12-15T21:28:18+00:00","dateModified":"2022-12-15T21:28:21+00:00","mainEntityOfPage":{"@id":"https:\/\/pre.efe.com\/pt-br\/mundo-2\/2022-12-15\/boluarte-reitera-proposta-de-antecipar-eleicoes-nao-ha-espaco-para-medo\/"},"wordCount":520,"publisher":{"@id":"https:\/\/pre.efe.com\/pt-br\/#organization"},"image":{"@id":"https:\/\/pre.efe.com\/pt-br\/mundo-2\/2022-12-15\/boluarte-reitera-proposta-de-antecipar-eleicoes-nao-ha-espaco-para-medo\/#primaryimage"},"thumbnailUrl":"https:\/\/pre.efe.com\/wp-content\/uploads\/2022\/12\/AME8963-PERU-ALIANZA-DEL-PACIFICO-CUMBRE.jpg","keywords":["Crise","Governo","Peru"],"articleSection":["Mundo","Portada"],"inLanguage":"pt-BR","copyrightYear":"2022","copyrightHolder":{"@id":"https:\/\/pre.efe.com\/#organization"}},{"@type":["WebPage","ItemPage"],"@id":"https:\/\/pre.efe.com\/pt-br\/mundo-2\/2022-12-15\/boluarte-reitera-proposta-de-antecipar-eleicoes-nao-ha-espaco-para-medo\/","url":"https:\/\/pre.efe.com\/pt-br\/mundo-2\/2022-12-15\/boluarte-reitera-proposta-de-antecipar-eleicoes-nao-ha-espaco-para-medo\/","name":"Boluarte reitera proposta de antecipar elei\u00e7\u00f5es: \u201cN\u00e3o h\u00e1 espa\u00e7o para medo\u201d - EFE","isPartOf":{"@id":"https:\/\/pre.efe.com\/pt-br\/#website"},"primaryImageOfPage":{"@id":"https:\/\/pre.efe.com\/pt-br\/mundo-2\/2022-12-15\/boluarte-reitera-proposta-de-antecipar-eleicoes-nao-ha-espaco-para-medo\/#primaryimage"},"image":{"@id":"https:\/\/pre.efe.com\/pt-br\/mundo-2\/2022-12-15\/boluarte-reitera-proposta-de-antecipar-eleicoes-nao-ha-espaco-para-medo\/#primaryimage"},"thumbnailUrl":"https:\/\/pre.efe.com\/wp-content\/uploads\/2022\/12\/AME8963-PERU-ALIANZA-DEL-PACIFICO-CUMBRE.jpg","datePublished":"2022-12-15T21:28:18+00:00","dateModified":"2022-12-15T21:28:21+00:00","breadcrumb":{"@id":"https:\/\/pre.efe.com\/pt-br\/mundo-2\/2022-12-15\/boluarte-reitera-proposta-de-antecipar-eleicoes-nao-ha-espaco-para-medo\/#breadcrumb"},"inLanguage":"pt-BR","potentialAction":[{"@type":"ReadAction","target":["https:\/\/pre.efe.com\/pt-br\/mundo-2\/2022-12-15\/boluarte-reitera-proposta-de-antecipar-eleicoes-nao-ha-espaco-para-medo\/"]}]},{"@type":"ImageObject","inLanguage":"pt-BR","@id":"https:\/\/pre.efe.com\/pt-br\/mundo-2\/2022-12-15\/boluarte-reitera-proposta-de-antecipar-eleicoes-nao-ha-espaco-para-medo\/#primaryimage","url":"https:\/\/pre.efe.com\/wp-content\/uploads\/2022\/12\/AME8963-PERU-ALIANZA-DEL-PACIFICO-CUMBRE.jpg","contentUrl":"https:\/\/pre.efe.com\/wp-content\/uploads\/2022\/12\/AME8963-PERU-ALIANZA-DEL-PACIFICO-CUMBRE.jpg","width":900,"height":600,"caption":"A presidente do Peru, Dina Boluarte. EFE\/Arquivo\/Paolo Aguilar"},{"@type":"BreadcrumbList","@id":"https:\/\/pre.efe.com\/pt-br\/mundo-2\/2022-12-15\/boluarte-reitera-proposta-de-antecipar-eleicoes-nao-ha-espaco-para-medo\/#breadcrumb","itemListElement":[{"@type":"ListItem","position":1,"name":"Portada","item":"https:\/\/pre.efe.com\/pt-br\/"},{"@type":"ListItem","position":2,"name":"Boluarte reitera proposta de antecipar elei\u00e7\u00f5es: \u201cN\u00e3o h\u00e1 espa\u00e7o para medo\u201d"}]},{"@type":"WebSite","@id":"https:\/\/pre.efe.com\/pt-br\/#website","url":"https:\/\/pre.efe.com\/pt-br\/","name":"EFE Noticias","description":"","publisher":{"@id":"https:\/\/pre.efe.com\/pt-br\/#organization"},"potentialAction":[{"@type":"SearchAction","target":{"@type":"EntryPoint","urlTemplate":"https:\/\/pre.efe.com\/pt-br\/?s={search_term_string}"},"query-input":{"@type":"PropertyValueSpecification","valueRequired":true,"valueName":"search_term_string"}}],"inLanguage":"pt-BR"},{"@type":"Organization","@id":"https:\/\/pre.efe.com\/pt-br\/#organization","name":"Agencia EFE","url":"https:\/\/pre.efe.com\/pt-br\/","logo":{"@type":"ImageObject","inLanguage":"pt-BR","@id":"https:\/\/pre.efe.com\/pt-br\/#\/schema\/logo\/image\/","url":"https:\/\/pre.efe.com\/wp-content\/uploads\/2023\/06\/logo-efe-467.png","contentUrl":"https:\/\/pre.efe.com\/wp-content\/uploads\/2023\/06\/logo-efe-467.png","width":467,"height":467,"caption":"Agencia EFE"},"image":{"@id":"https:\/\/pre.efe.com\/pt-br\/#\/schema\/logo\/image\/"},"sameAs":["https:\/\/www.facebook.com\/AgenciaEFEnoticias\/","https:\/\/x.com\/efenoticias","https:\/\/www.instagram.com\/efe_noticias\/","http:\/\/www.youtube.com\/efe"]},{"@type":"Person","@id":"https:\/\/pre.efe.com\/pt-br\/#\/schema\/person\/b19f23f210db552768f68a4b552b004f","name":"anachain","image":{"@type":"ImageObject","inLanguage":"pt-BR","@id":"https:\/\/secure.gravatar.com\/avatar\/30b83965911ef1108bb893c00bdd65c885f9890e1265ee04b02c3d5adc785d37?s=96&d=identicon&r=g","url":"https:\/\/secure.gravatar.com\/avatar\/30b83965911ef1108bb893c00bdd65c885f9890e1265ee04b02c3d5adc785d37?s=96&d=identicon&r=g","contentUrl":"https:\/\/secure.gravatar.com\/avatar\/30b83965911ef1108bb893c00bdd65c885f9890e1265ee04b02c3d5adc785d37?s=96&d=identicon&r=g","caption":"anachain"},"url":"https:\/\/pre.efe.com\/pt-br\/autor\/anachain\/"}]}},"jetpack_featured_media_url":"https:\/\/pre.efe.com\/wp-content\/uploads\/2022\/12\/AME8963-PERU-ALIANZA-DEL-PACIFICO-CUMBRE.jpg","jetpack_shortlink":"https:\/\/wp.me\/peJvHm-Ssg","jetpack_sharing_enabled":true,"_links":{"self":[{"href":"https:\/\/pre.efe.com\/pt-br\/wp-json\/wp\/v2\/posts\/209328","targetHints":{"allow":["GET"]}}],"collection":[{"href":"https:\/\/pre.efe.com\/pt-br\/wp-json\/wp\/v2\/posts"}],"about":[{"href":"https:\/\/pre.efe.com\/pt-br\/wp-json\/wp\/v2\/types\/post"}],"author":[{"embeddable":true,"href":"https:\/\/pre.efe.com\/pt-br\/wp-json\/wp\/v2\/users\/198164106"}],"replies":[{"embeddable":true,"href":"https:\/\/pre.efe.com\/pt-br\/wp-json\/wp\/v2\/comments?post=209328"}],"version-history":[{"count":2,"href":"https:\/\/pre.efe.com\/pt-br\/wp-json\/wp\/v2\/posts\/209328\/revisions"}],"predecessor-version":[{"id":209330,"href":"https:\/\/pre.efe.com\/pt-br\/wp-json\/wp\/v2\/posts\/209328\/revisions\/209330"}],"wp:featuredmedia":[{"embeddable":true,"href":"https:\/\/pre.efe.com\/pt-br\/wp-json\/wp\/v2\/media\/204001"}],"wp:attachment":[{"href":"https:\/\/pre.efe.com\/pt-br\/wp-json\/wp\/v2\/media?parent=209328"}],"wp:term":[{"taxonomy":"category","embeddable":true,"href":"https:\/\/pre.efe.com\/pt-br\/wp-json\/wp\/v2\/categories?post=209328"},{"taxonomy":"post_tag","embeddable":true,"href":"https:\/\/pre.efe.com\/pt-br\/wp-json\/wp\/v2\/tags?post=209328"}],"curies":[{"name":"wp","href":"https:\/\/api.w.org\/{rel}","templated":true}]}}