{"id":209347,"date":"2022-12-15T20:07:00","date_gmt":"2022-12-15T19:07:00","guid":{"rendered":"https:\/\/pre.efe.com\/?p=209347"},"modified":"2022-12-15T23:21:48","modified_gmt":"2022-12-15T22:21:48","slug":"real-madrid-confirma-contratacao-de-endrick","status":"publish","type":"post","link":"https:\/\/pre.efe.com\/pt-br\/esportes\/2022-12-15\/real-madrid-confirma-contratacao-de-endrick\/","title":{"rendered":"Real Madrid confirma contrata\u00e7\u00e3o de Endrick"},"content":{"rendered":"\n<p>Madri (EFE).-\u00a0O Real Madrid oficializou nesta quinta-feira a contrata\u00e7\u00e3o de Endrick junto ao Palmeiras, clube pelo qual o jovem atacante joga e onde vai permanecer at\u00e9 julho de 2024, quando vai completar 18 anos.<\/p>\n\n\n\n<p>O valor da negocia\u00e7\u00e3o n\u00e3o foi divulgado pelas partes, mas segundo alguns ve\u00edculos especializados em transfer\u00eancias de jogadores pode ultrapassar 70 milh\u00f5es de euros.<\/p>\n\n\n\n<blockquote class=\"wp-block-quote is-layout-flow wp-block-quote-is-layout-flow\">\n<p>&#8220;O Real Madrid C. F., a Sociedade Esportiva Palmeiras, Endrick e a sua familia chegaram a acordo, podendo o jogador juntar-se ao Real Madrid quando atingir a maioridade, em julho de 2024&#8221;, disse o clube espanhol em comunicado divulgado em seu site.<\/p>\n<\/blockquote>\n\n\n\n<p>&#8220;At\u00e9 essa ocasi\u00e3o, Endrick continuar\u00e1 a respectiva foma\u00e7\u00e3o na S. E. Palmeiras. O jogador viaja para Madri nos pr\u00f3ximos dias, para conhecer as instala\u00e7\u00f5es do nosso clube&#8221;, acrescenta a nota.<\/p>\n\n\n\n<p>Com a contrata\u00e7\u00e3o de Endrick, o Real Madrid tenta repetir o sucesso obtido com Vin\u00edcius J\u00fanior e Rodrygo &#8211; pelos quais pagou cerca de 45 milh\u00f5es de euros, cada um. Os dois chegaram a atuar pelo Castilla, time B do clube, ap\u00f3s chegarem de Flamengo e Santos, respectivamente, mas logo foram aproveitados pelo elenco principal e passaram a se destacar, sendo hoje pe\u00e7as fundamentais.<\/p>\n\n\n\n<p>Grande destaque da base do Palmeiras nos \u00faltimos anos, Endrick despertava interesse de outros gigantes do futebol europeu. O pr\u00f3prio t\u00e9cnico do Barcelona, Xavi Hern\u00e1ndez, confirmou contatos com o jogador e seu pai e manifestou o desejo de que assinasse com o clube catal\u00e3o.<\/p>\n\n\n\n<p>O pr\u00f3ximo desafio de Endrick ser\u00e1 o Campeonato Sul-Americano sub-20 com a sele\u00e7\u00e3o brasileira da categoria, comandada pelo t\u00e9cnico Ramon Menezes. O torneio vai acontecer de 19 de janeiro a 12 de fevereiro, na Col\u00f4mbia. EFE<\/p>\n","protected":false},"excerpt":{"rendered":"<p>Madri (EFE).-\u00a0O Real Madrid oficializou nesta quinta-feira a contrata\u00e7\u00e3o de Endrick junto ao Palmeiras, clube pelo qual o jovem atacante joga e onde vai permanecer at\u00e9 julho de 2024, quando vai completar 18 anos. O valor da negocia\u00e7\u00e3o n\u00e3o foi divulgado pelas partes, mas segundo alguns ve\u00edculos especializados em transfer\u00eancias de jogadores pode ultrapassar 70 &#8230; <a title=\"Real Madrid confirma contrata\u00e7\u00e3o de Endrick\" class=\"read-more\" href=\"https:\/\/pre.efe.com\/pt-br\/esportes\/2022-12-15\/real-madrid-confirma-contratacao-de-endrick\/\" aria-label=\"Read more about Real Madrid confirma contrata\u00e7\u00e3o de Endrick\">Leia mais<\/a><\/p>\n","protected":false},"author":198164106,"featured_media":209353,"comment_status":"closed","ping_status":"closed","sticky":false,"template":"","format":"standard","meta":{"_acf_changed":false,"_jetpack_memberships_contains_paid_content":false,"footnotes":""},"categories":[121968,122141],"tags":[125591,124421,122364,122315],"class_list":["post-209347","post","type-post","status-publish","format-standard","has-post-thumbnail","hentry","category-esportes","category-portada","tag-brasil-2","tag-espanha","tag-futebol","tag-real-madrid","generate-columns","tablet-grid-50","mobile-grid-100","grid-parent","grid-50"],"acf":[],"yoast_head":"<!-- This site is optimized with the Yoast SEO Premium plugin v26.0 (Yoast SEO v27.5) - https:\/\/yoast.com\/product\/yoast-seo-premium-wordpress\/ -->\n<title>Real Madrid confirma contrata\u00e7\u00e3o de Endrick - EFE<\/title>\n<meta name=\"robots\" content=\"noindex, follow\" \/>\n<meta property=\"og:locale\" content=\"pt_BR\" \/>\n<meta property=\"og:type\" content=\"article\" \/>\n<meta property=\"og:title\" content=\"Real Madrid confirma contrata\u00e7\u00e3o de Endrick - EFE\" \/>\n<meta property=\"og:description\" content=\"Madri (EFE).-\u00a0O Real Madrid oficializou nesta quinta-feira a contrata\u00e7\u00e3o de Endrick junto ao Palmeiras, clube pelo qual o jovem atacante joga e onde vai permanecer at\u00e9 julho de 2024, quando vai completar 18 anos. O valor da negocia\u00e7\u00e3o n\u00e3o foi divulgado pelas partes, mas segundo alguns ve\u00edculos especializados em transfer\u00eancias de jogadores pode ultrapassar 70 ... Leia mais\" \/>\n<meta property=\"og:url\" content=\"https:\/\/pre.efe.com\/pt-br\/esportes\/2022-12-15\/real-madrid-confirma-contratacao-de-endrick\/\" \/>\n<meta property=\"og:site_name\" content=\"EFE Noticias\" \/>\n<meta property=\"article:publisher\" content=\"https:\/\/www.facebook.com\/AgenciaEFEnoticias\/\" \/>\n<meta property=\"article:published_time\" content=\"2022-12-15T19:07:00+00:00\" \/>\n<meta property=\"article:modified_time\" content=\"2022-12-15T22:21:48+00:00\" \/>\n<meta property=\"og:image\" content=\"https:\/\/i0.wp.com\/efe.com\/\/srv\/htdocs\/wp-content\/uploads\/2022\/12\/ENDRICK.jpg?fit=900%2C600&ssl=1\" \/>\n\t<meta property=\"og:image:width\" content=\"900\" \/>\n\t<meta property=\"og:image:height\" content=\"600\" \/>\n\t<meta property=\"og:image:type\" content=\"image\/jpeg\" \/>\n<meta name=\"author\" content=\"anachain\" \/>\n<meta name=\"twitter:card\" content=\"summary_large_image\" \/>\n<meta name=\"twitter:creator\" content=\"@efenoticias\" \/>\n<meta name=\"twitter:site\" content=\"@efenoticias\" \/>\n<script type=\"application\/ld+json\" class=\"yoast-schema-graph\">{\"@context\":\"https:\\\/\\\/schema.org\",\"@graph\":[{\"@type\":\"NewsArticle\",\"@id\":\"https:\\\/\\\/pre.efe.com\\\/pt-br\\\/esportes\\\/2022-12-15\\\/real-madrid-confirma-contratacao-de-endrick\\\/#article\",\"isPartOf\":{\"@id\":\"https:\\\/\\\/pre.efe.com\\\/pt-br\\\/esportes\\\/2022-12-15\\\/real-madrid-confirma-contratacao-de-endrick\\\/\"},\"author\":{\"name\":\"anachain\",\"@id\":\"https:\\\/\\\/pre.efe.com\\\/pt-br\\\/#\\\/schema\\\/person\\\/b19f23f210db552768f68a4b552b004f\"},\"headline\":\"Real Madrid confirma contrata\u00e7\u00e3o de Endrick\",\"datePublished\":\"2022-12-15T19:07:00+00:00\",\"dateModified\":\"2022-12-15T22:21:48+00:00\",\"mainEntityOfPage\":{\"@id\":\"https:\\\/\\\/pre.efe.com\\\/pt-br\\\/esportes\\\/2022-12-15\\\/real-madrid-confirma-contratacao-de-endrick\\\/\"},\"wordCount\":300,\"publisher\":{\"@id\":\"https:\\\/\\\/pre.efe.com\\\/pt-br\\\/#organization\"},\"image\":{\"@id\":\"https:\\\/\\\/pre.efe.com\\\/pt-br\\\/esportes\\\/2022-12-15\\\/real-madrid-confirma-contratacao-de-endrick\\\/#primaryimage\"},\"thumbnailUrl\":\"https:\\\/\\\/pre.efe.com\\\/wp-content\\\/uploads\\\/2022\\\/12\\\/ENDRICK.jpg\",\"keywords\":[\"Brasil\",\"Espanha\",\"Futebol\",\"Real Madrid\"],\"articleSection\":[\"Esportes\",\"Portada\"],\"inLanguage\":\"pt-BR\",\"copyrightYear\":\"2022\",\"copyrightHolder\":{\"@id\":\"https:\\\/\\\/pre.efe.com\\\/#organization\"}},{\"@type\":[\"WebPage\",\"ItemPage\"],\"@id\":\"https:\\\/\\\/pre.efe.com\\\/pt-br\\\/esportes\\\/2022-12-15\\\/real-madrid-confirma-contratacao-de-endrick\\\/\",\"url\":\"https:\\\/\\\/pre.efe.com\\\/pt-br\\\/esportes\\\/2022-12-15\\\/real-madrid-confirma-contratacao-de-endrick\\\/\",\"name\":\"Real Madrid confirma contrata\u00e7\u00e3o de Endrick - EFE\",\"isPartOf\":{\"@id\":\"https:\\\/\\\/pre.efe.com\\\/pt-br\\\/#website\"},\"primaryImageOfPage\":{\"@id\":\"https:\\\/\\\/pre.efe.com\\\/pt-br\\\/esportes\\\/2022-12-15\\\/real-madrid-confirma-contratacao-de-endrick\\\/#primaryimage\"},\"image\":{\"@id\":\"https:\\\/\\\/pre.efe.com\\\/pt-br\\\/esportes\\\/2022-12-15\\\/real-madrid-confirma-contratacao-de-endrick\\\/#primaryimage\"},\"thumbnailUrl\":\"https:\\\/\\\/pre.efe.com\\\/wp-content\\\/uploads\\\/2022\\\/12\\\/ENDRICK.jpg\",\"datePublished\":\"2022-12-15T19:07:00+00:00\",\"dateModified\":\"2022-12-15T22:21:48+00:00\",\"breadcrumb\":{\"@id\":\"https:\\\/\\\/pre.efe.com\\\/pt-br\\\/esportes\\\/2022-12-15\\\/real-madrid-confirma-contratacao-de-endrick\\\/#breadcrumb\"},\"inLanguage\":\"pt-BR\",\"potentialAction\":[{\"@type\":\"ReadAction\",\"target\":[\"https:\\\/\\\/pre.efe.com\\\/pt-br\\\/esportes\\\/2022-12-15\\\/real-madrid-confirma-contratacao-de-endrick\\\/\"]}]},{\"@type\":\"ImageObject\",\"inLanguage\":\"pt-BR\",\"@id\":\"https:\\\/\\\/pre.efe.com\\\/pt-br\\\/esportes\\\/2022-12-15\\\/real-madrid-confirma-contratacao-de-endrick\\\/#primaryimage\",\"url\":\"https:\\\/\\\/pre.efe.com\\\/wp-content\\\/uploads\\\/2022\\\/12\\\/ENDRICK.jpg\",\"contentUrl\":\"https:\\\/\\\/pre.efe.com\\\/wp-content\\\/uploads\\\/2022\\\/12\\\/ENDRICK.jpg\",\"width\":900,\"height\":600,\"caption\":\"Endrick durante uma entrevista \u00e0 EFE em novembro. EFE\\\/Arquivo\\\/Sebasti\u00e3o Moreira\"},{\"@type\":\"BreadcrumbList\",\"@id\":\"https:\\\/\\\/pre.efe.com\\\/pt-br\\\/esportes\\\/2022-12-15\\\/real-madrid-confirma-contratacao-de-endrick\\\/#breadcrumb\",\"itemListElement\":[{\"@type\":\"ListItem\",\"position\":1,\"name\":\"Portada\",\"item\":\"https:\\\/\\\/pre.efe.com\\\/pt-br\\\/\"},{\"@type\":\"ListItem\",\"position\":2,\"name\":\"Real Madrid confirma contrata\u00e7\u00e3o de Endrick\"}]},{\"@type\":\"WebSite\",\"@id\":\"https:\\\/\\\/pre.efe.com\\\/pt-br\\\/#website\",\"url\":\"https:\\\/\\\/pre.efe.com\\\/pt-br\\\/\",\"name\":\"EFE Noticias\",\"description\":\"\",\"publisher\":{\"@id\":\"https:\\\/\\\/pre.efe.com\\\/pt-br\\\/#organization\"},\"potentialAction\":[{\"@type\":\"SearchAction\",\"target\":{\"@type\":\"EntryPoint\",\"urlTemplate\":\"https:\\\/\\\/pre.efe.com\\\/pt-br\\\/?s={search_term_string}\"},\"query-input\":{\"@type\":\"PropertyValueSpecification\",\"valueRequired\":true,\"valueName\":\"search_term_string\"}}],\"inLanguage\":\"pt-BR\"},{\"@type\":\"Organization\",\"@id\":\"https:\\\/\\\/pre.efe.com\\\/pt-br\\\/#organization\",\"name\":\"Agencia EFE\",\"url\":\"https:\\\/\\\/pre.efe.com\\\/pt-br\\\/\",\"logo\":{\"@type\":\"ImageObject\",\"inLanguage\":\"pt-BR\",\"@id\":\"https:\\\/\\\/pre.efe.com\\\/pt-br\\\/#\\\/schema\\\/logo\\\/image\\\/\",\"url\":\"https:\\\/\\\/pre.efe.com\\\/wp-content\\\/uploads\\\/2023\\\/06\\\/logo-efe-467.png\",\"contentUrl\":\"https:\\\/\\\/pre.efe.com\\\/wp-content\\\/uploads\\\/2023\\\/06\\\/logo-efe-467.png\",\"width\":467,\"height\":467,\"caption\":\"Agencia EFE\"},\"image\":{\"@id\":\"https:\\\/\\\/pre.efe.com\\\/pt-br\\\/#\\\/schema\\\/logo\\\/image\\\/\"},\"sameAs\":[\"https:\\\/\\\/www.facebook.com\\\/AgenciaEFEnoticias\\\/\",\"https:\\\/\\\/x.com\\\/efenoticias\",\"https:\\\/\\\/www.instagram.com\\\/efe_noticias\\\/\",\"http:\\\/\\\/www.youtube.com\\\/efe\"]},{\"@type\":\"Person\",\"@id\":\"https:\\\/\\\/pre.efe.com\\\/pt-br\\\/#\\\/schema\\\/person\\\/b19f23f210db552768f68a4b552b004f\",\"name\":\"anachain\",\"image\":{\"@type\":\"ImageObject\",\"inLanguage\":\"pt-BR\",\"@id\":\"https:\\\/\\\/secure.gravatar.com\\\/avatar\\\/30b83965911ef1108bb893c00bdd65c885f9890e1265ee04b02c3d5adc785d37?s=96&d=identicon&r=g\",\"url\":\"https:\\\/\\\/secure.gravatar.com\\\/avatar\\\/30b83965911ef1108bb893c00bdd65c885f9890e1265ee04b02c3d5adc785d37?s=96&d=identicon&r=g\",\"contentUrl\":\"https:\\\/\\\/secure.gravatar.com\\\/avatar\\\/30b83965911ef1108bb893c00bdd65c885f9890e1265ee04b02c3d5adc785d37?s=96&d=identicon&r=g\",\"caption\":\"anachain\"},\"url\":\"https:\\\/\\\/pre.efe.com\\\/pt-br\\\/autor\\\/anachain\\\/\"}]}<\/script>\n<!-- \/ Yoast SEO Premium plugin. -->","yoast_head_json":{"title":"Real Madrid confirma contrata\u00e7\u00e3o de Endrick - EFE","robots":{"index":"noindex","follow":"follow"},"og_locale":"pt_BR","og_type":"article","og_title":"Real Madrid confirma contrata\u00e7\u00e3o de Endrick - EFE","og_description":"Madri (EFE).-\u00a0O Real Madrid oficializou nesta quinta-feira a contrata\u00e7\u00e3o de Endrick junto ao Palmeiras, clube pelo qual o jovem atacante joga e onde vai permanecer at\u00e9 julho de 2024, quando vai completar 18 anos. O valor da negocia\u00e7\u00e3o n\u00e3o foi divulgado pelas partes, mas segundo alguns ve\u00edculos especializados em transfer\u00eancias de jogadores pode ultrapassar 70 ... Leia mais","og_url":"https:\/\/pre.efe.com\/pt-br\/esportes\/2022-12-15\/real-madrid-confirma-contratacao-de-endrick\/","og_site_name":"EFE Noticias","article_publisher":"https:\/\/www.facebook.com\/AgenciaEFEnoticias\/","article_published_time":"2022-12-15T19:07:00+00:00","article_modified_time":"2022-12-15T22:21:48+00:00","og_image":[{"width":900,"height":600,"url":"https:\/\/i0.wp.com\/efe.com\/\/srv\/htdocs\/wp-content\/uploads\/2022\/12\/ENDRICK.jpg?fit=900%2C600&ssl=1","type":"image\/jpeg"}],"author":"anachain","twitter_card":"summary_large_image","twitter_creator":"@efenoticias","twitter_site":"@efenoticias","schema":{"@context":"https:\/\/schema.org","@graph":[{"@type":"NewsArticle","@id":"https:\/\/pre.efe.com\/pt-br\/esportes\/2022-12-15\/real-madrid-confirma-contratacao-de-endrick\/#article","isPartOf":{"@id":"https:\/\/pre.efe.com\/pt-br\/esportes\/2022-12-15\/real-madrid-confirma-contratacao-de-endrick\/"},"author":{"name":"anachain","@id":"https:\/\/pre.efe.com\/pt-br\/#\/schema\/person\/b19f23f210db552768f68a4b552b004f"},"headline":"Real Madrid confirma contrata\u00e7\u00e3o de Endrick","datePublished":"2022-12-15T19:07:00+00:00","dateModified":"2022-12-15T22:21:48+00:00","mainEntityOfPage":{"@id":"https:\/\/pre.efe.com\/pt-br\/esportes\/2022-12-15\/real-madrid-confirma-contratacao-de-endrick\/"},"wordCount":300,"publisher":{"@id":"https:\/\/pre.efe.com\/pt-br\/#organization"},"image":{"@id":"https:\/\/pre.efe.com\/pt-br\/esportes\/2022-12-15\/real-madrid-confirma-contratacao-de-endrick\/#primaryimage"},"thumbnailUrl":"https:\/\/pre.efe.com\/wp-content\/uploads\/2022\/12\/ENDRICK.jpg","keywords":["Brasil","Espanha","Futebol","Real Madrid"],"articleSection":["Esportes","Portada"],"inLanguage":"pt-BR","copyrightYear":"2022","copyrightHolder":{"@id":"https:\/\/pre.efe.com\/#organization"}},{"@type":["WebPage","ItemPage"],"@id":"https:\/\/pre.efe.com\/pt-br\/esportes\/2022-12-15\/real-madrid-confirma-contratacao-de-endrick\/","url":"https:\/\/pre.efe.com\/pt-br\/esportes\/2022-12-15\/real-madrid-confirma-contratacao-de-endrick\/","name":"Real Madrid confirma contrata\u00e7\u00e3o de Endrick - EFE","isPartOf":{"@id":"https:\/\/pre.efe.com\/pt-br\/#website"},"primaryImageOfPage":{"@id":"https:\/\/pre.efe.com\/pt-br\/esportes\/2022-12-15\/real-madrid-confirma-contratacao-de-endrick\/#primaryimage"},"image":{"@id":"https:\/\/pre.efe.com\/pt-br\/esportes\/2022-12-15\/real-madrid-confirma-contratacao-de-endrick\/#primaryimage"},"thumbnailUrl":"https:\/\/pre.efe.com\/wp-content\/uploads\/2022\/12\/ENDRICK.jpg","datePublished":"2022-12-15T19:07:00+00:00","dateModified":"2022-12-15T22:21:48+00:00","breadcrumb":{"@id":"https:\/\/pre.efe.com\/pt-br\/esportes\/2022-12-15\/real-madrid-confirma-contratacao-de-endrick\/#breadcrumb"},"inLanguage":"pt-BR","potentialAction":[{"@type":"ReadAction","target":["https:\/\/pre.efe.com\/pt-br\/esportes\/2022-12-15\/real-madrid-confirma-contratacao-de-endrick\/"]}]},{"@type":"ImageObject","inLanguage":"pt-BR","@id":"https:\/\/pre.efe.com\/pt-br\/esportes\/2022-12-15\/real-madrid-confirma-contratacao-de-endrick\/#primaryimage","url":"https:\/\/pre.efe.com\/wp-content\/uploads\/2022\/12\/ENDRICK.jpg","contentUrl":"https:\/\/pre.efe.com\/wp-content\/uploads\/2022\/12\/ENDRICK.jpg","width":900,"height":600,"caption":"Endrick durante uma entrevista \u00e0 EFE em novembro. EFE\/Arquivo\/Sebasti\u00e3o Moreira"},{"@type":"BreadcrumbList","@id":"https:\/\/pre.efe.com\/pt-br\/esportes\/2022-12-15\/real-madrid-confirma-contratacao-de-endrick\/#breadcrumb","itemListElement":[{"@type":"ListItem","position":1,"name":"Portada","item":"https:\/\/pre.efe.com\/pt-br\/"},{"@type":"ListItem","position":2,"name":"Real Madrid confirma contrata\u00e7\u00e3o de Endrick"}]},{"@type":"WebSite","@id":"https:\/\/pre.efe.com\/pt-br\/#website","url":"https:\/\/pre.efe.com\/pt-br\/","name":"EFE Noticias","description":"","publisher":{"@id":"https:\/\/pre.efe.com\/pt-br\/#organization"},"potentialAction":[{"@type":"SearchAction","target":{"@type":"EntryPoint","urlTemplate":"https:\/\/pre.efe.com\/pt-br\/?s={search_term_string}"},"query-input":{"@type":"PropertyValueSpecification","valueRequired":true,"valueName":"search_term_string"}}],"inLanguage":"pt-BR"},{"@type":"Organization","@id":"https:\/\/pre.efe.com\/pt-br\/#organization","name":"Agencia EFE","url":"https:\/\/pre.efe.com\/pt-br\/","logo":{"@type":"ImageObject","inLanguage":"pt-BR","@id":"https:\/\/pre.efe.com\/pt-br\/#\/schema\/logo\/image\/","url":"https:\/\/pre.efe.com\/wp-content\/uploads\/2023\/06\/logo-efe-467.png","contentUrl":"https:\/\/pre.efe.com\/wp-content\/uploads\/2023\/06\/logo-efe-467.png","width":467,"height":467,"caption":"Agencia EFE"},"image":{"@id":"https:\/\/pre.efe.com\/pt-br\/#\/schema\/logo\/image\/"},"sameAs":["https:\/\/www.facebook.com\/AgenciaEFEnoticias\/","https:\/\/x.com\/efenoticias","https:\/\/www.instagram.com\/efe_noticias\/","http:\/\/www.youtube.com\/efe"]},{"@type":"Person","@id":"https:\/\/pre.efe.com\/pt-br\/#\/schema\/person\/b19f23f210db552768f68a4b552b004f","name":"anachain","image":{"@type":"ImageObject","inLanguage":"pt-BR","@id":"https:\/\/secure.gravatar.com\/avatar\/30b83965911ef1108bb893c00bdd65c885f9890e1265ee04b02c3d5adc785d37?s=96&d=identicon&r=g","url":"https:\/\/secure.gravatar.com\/avatar\/30b83965911ef1108bb893c00bdd65c885f9890e1265ee04b02c3d5adc785d37?s=96&d=identicon&r=g","contentUrl":"https:\/\/secure.gravatar.com\/avatar\/30b83965911ef1108bb893c00bdd65c885f9890e1265ee04b02c3d5adc785d37?s=96&d=identicon&r=g","caption":"anachain"},"url":"https:\/\/pre.efe.com\/pt-br\/autor\/anachain\/"}]}},"jetpack_featured_media_url":"https:\/\/pre.efe.com\/wp-content\/uploads\/2022\/12\/ENDRICK.jpg","jetpack_shortlink":"https:\/\/wp.me\/peJvHm-Ssz","jetpack_sharing_enabled":true,"_links":{"self":[{"href":"https:\/\/pre.efe.com\/pt-br\/wp-json\/wp\/v2\/posts\/209347","targetHints":{"allow":["GET"]}}],"collection":[{"href":"https:\/\/pre.efe.com\/pt-br\/wp-json\/wp\/v2\/posts"}],"about":[{"href":"https:\/\/pre.efe.com\/pt-br\/wp-json\/wp\/v2\/types\/post"}],"author":[{"embeddable":true,"href":"https:\/\/pre.efe.com\/pt-br\/wp-json\/wp\/v2\/users\/198164106"}],"replies":[{"embeddable":true,"href":"https:\/\/pre.efe.com\/pt-br\/wp-json\/wp\/v2\/comments?post=209347"}],"version-history":[{"count":2,"href":"https:\/\/pre.efe.com\/pt-br\/wp-json\/wp\/v2\/posts\/209347\/revisions"}],"predecessor-version":[{"id":209356,"href":"https:\/\/pre.efe.com\/pt-br\/wp-json\/wp\/v2\/posts\/209347\/revisions\/209356"}],"wp:featuredmedia":[{"embeddable":true,"href":"https:\/\/pre.efe.com\/pt-br\/wp-json\/wp\/v2\/media\/209353"}],"wp:attachment":[{"href":"https:\/\/pre.efe.com\/pt-br\/wp-json\/wp\/v2\/media?parent=209347"}],"wp:term":[{"taxonomy":"category","embeddable":true,"href":"https:\/\/pre.efe.com\/pt-br\/wp-json\/wp\/v2\/categories?post=209347"},{"taxonomy":"post_tag","embeddable":true,"href":"https:\/\/pre.efe.com\/pt-br\/wp-json\/wp\/v2\/tags?post=209347"}],"curies":[{"name":"wp","href":"https:\/\/api.w.org\/{rel}","templated":true}]}}