{"id":2099671,"date":"2025-08-25T20:34:42","date_gmt":"2025-08-25T18:34:42","guid":{"rendered":"https:\/\/pre.efe.com\/?p=2099671"},"modified":"2025-08-25T20:34:47","modified_gmt":"2025-08-25T18:34:47","slug":"zelensky-anuncia-reunioes-entre-ucrania-e-eua-para-abordar-conversas-de-paz","status":"publish","type":"post","link":"https:\/\/pre.efe.com\/pt-br\/mundo-2\/2025-08-25\/zelensky-anuncia-reunioes-entre-ucrania-e-eua-para-abordar-conversas-de-paz\/","title":{"rendered":"Zelensky anuncia reuni\u00f5es entre Ucr\u00e2nia e EUA para abordar conversas de paz"},"content":{"rendered":"\n<p>Berlim (EFE).- O presidente ucraniano, Volodymyr Zelensky, anunciou nesta segunda-feira que haver\u00e1 contatos com o enviado dos Estados Unidos para a Ucr\u00e2nia, Keith Kellogg, e no final desta semana ocorrer\u00e1 uma reuni\u00e3o entre delega\u00e7\u00f5es de Kiev e Washington para abordar a situa\u00e7\u00e3o diante de poss\u00edveis conversas de paz com a R\u00fassia.<\/p>\n\n\n\n<p>O objetivo \u00e9 &#8220;desenvolver os preparativos para a possibilidade de um futuro encontro com o lado russo&#8221;, disse Zelensky em uma coletiva de imprensa em Kiev ao lado do primeiro-ministro da Noruega, Jonas Gahr Store.<\/p>\n\n\n\n<p>Na coletiva, o presidente ucraniano lembrou os contatos que seu governo manteve nos \u00faltimos dias com seus aliados, ap\u00f3s a c\u00fapula em que participou em Washington h\u00e1 uma semana com o presidente americano, Donald Trump, e v\u00e1rios l\u00edderes europeus e da Otan.<\/p>\n\n\n\n<p>Ao longo desta semana, haver\u00e1 &#8220;um plano b\u00e1sico sobre as garantias de seguran\u00e7a&#8221; que a Ucr\u00e2nia receber\u00e1 de seus aliados no caso de um acordo de paz com a R\u00fassia, embora os detalhes &#8220;ainda precisem de tempo&#8221;, afirmou.<\/p>\n\n\n\n<p>&#8220;Depois disso, gostaria de entender, do lado americano, se os russos est\u00e3o prontos (para um encontro) e em que configura\u00e7\u00e3o. Se os russos est\u00e3o dispostos para a configura\u00e7\u00e3o que foi proposta nos Estados Unidos e foi apoiada pela Ucr\u00e2nia na presen\u00e7a dos l\u00edderes europeus: um encontro bilateral e depois outro trilateral&#8221;, indicou, em alus\u00e3o a uma reuni\u00e3o com o presidente russo, Vladimir Putin.<\/p>\n\n\n\n<p>O ministro das Rela\u00e7\u00f5es Exteriores da R\u00fassia, Sergey Lavrov, disse na sexta-feira em uma entrevista que, por enquanto, &#8220;n\u00e3o h\u00e1 nenhuma reuni\u00e3o prevista&#8221; entre Putin e seu hom\u00f3logo ucraniano para tentar chegar a um acordo de paz, apesar dos esfor\u00e7os diplom\u00e1ticos da \u00faltima semana.<\/p>\n\n\n\n<p>&#8220;Putin est\u00e1 pronto para se reunir com Zelensky quando a pauta estiver preparada para uma c\u00fapula. E essa pauta n\u00e3o est\u00e1 pronta de forma alguma&#8221;, declarou Lavrov a respeito de uma reuni\u00e3o que Trump havia garantido estar organizando. EFE<\/p>\n","protected":false},"excerpt":{"rendered":"<p>Berlim (EFE).- O presidente ucraniano, Volodymyr Zelensky, anunciou nesta segunda-feira que haver\u00e1 contatos com o enviado dos Estados Unidos para a Ucr\u00e2nia, Keith Kellogg, e no final desta semana ocorrer\u00e1 uma reuni\u00e3o entre delega\u00e7\u00f5es de Kiev e Washington para abordar a situa\u00e7\u00e3o diante de poss\u00edveis conversas de paz com a R\u00fassia. O objetivo \u00e9 &#8220;desenvolver &#8230; <a title=\"Zelensky anuncia reuni\u00f5es entre Ucr\u00e2nia e EUA para abordar conversas de paz\" class=\"read-more\" href=\"https:\/\/pre.efe.com\/pt-br\/mundo-2\/2025-08-25\/zelensky-anuncia-reunioes-entre-ucrania-e-eua-para-abordar-conversas-de-paz\/\" aria-label=\"Read more about Zelensky anuncia reuni\u00f5es entre Ucr\u00e2nia e EUA para abordar conversas de paz\">Leia mais<\/a><\/p>\n","protected":false},"author":198164106,"featured_media":2099084,"comment_status":"closed","ping_status":"closed","sticky":false,"template":"","format":"standard","meta":{"_acf_changed":false,"_jetpack_memberships_contains_paid_content":false,"footnotes":""},"categories":[123208,122141],"tags":[122371,122791,122958,122792],"class_list":["post-2099671","post","type-post","status-publish","format-standard","has-post-thumbnail","hentry","category-mundo-2","category-portada","tag-eua","tag-guerra-2","tag-russia-2","tag-ucrania-2","generate-columns","tablet-grid-50","mobile-grid-100","grid-parent","grid-50"],"acf":[],"yoast_head":"<!-- This site is optimized with the Yoast SEO Premium plugin v26.0 (Yoast SEO v27.5) - https:\/\/yoast.com\/product\/yoast-seo-premium-wordpress\/ -->\n<title>Zelensky anuncia reuni\u00f5es entre Ucr\u00e2nia e EUA para abordar conversas de paz - EFE<\/title>\n<meta name=\"robots\" content=\"noindex, follow\" \/>\n<meta property=\"og:locale\" content=\"pt_BR\" \/>\n<meta property=\"og:type\" content=\"article\" \/>\n<meta property=\"og:title\" content=\"Zelensky anuncia reuni\u00f5es entre Ucr\u00e2nia e EUA para abordar conversas de paz - EFE\" \/>\n<meta property=\"og:description\" content=\"Berlim (EFE).- O presidente ucraniano, Volodymyr Zelensky, anunciou nesta segunda-feira que haver\u00e1 contatos com o enviado dos Estados Unidos para a Ucr\u00e2nia, Keith Kellogg, e no final desta semana ocorrer\u00e1 uma reuni\u00e3o entre delega\u00e7\u00f5es de Kiev e Washington para abordar a situa\u00e7\u00e3o diante de poss\u00edveis conversas de paz com a R\u00fassia. O objetivo \u00e9 &#8220;desenvolver ... Leia mais\" \/>\n<meta property=\"og:url\" content=\"https:\/\/pre.efe.com\/pt-br\/mundo-2\/2025-08-25\/zelensky-anuncia-reunioes-entre-ucrania-e-eua-para-abordar-conversas-de-paz\/\" \/>\n<meta property=\"og:site_name\" content=\"EFE Noticias\" \/>\n<meta property=\"article:publisher\" content=\"https:\/\/www.facebook.com\/AgenciaEFEnoticias\/\" \/>\n<meta property=\"article:published_time\" content=\"2025-08-25T18:34:42+00:00\" \/>\n<meta property=\"article:modified_time\" content=\"2025-08-25T18:34:47+00:00\" \/>\n<meta property=\"og:image\" content=\"https:\/\/pre.efe.com\/wp-content\/uploads\/2025\/08\/rusia-guerra-ucrania.webp\" \/>\n\t<meta property=\"og:image:width\" content=\"900\" \/>\n\t<meta property=\"og:image:height\" content=\"600\" \/>\n\t<meta property=\"og:image:type\" content=\"image\/jpeg\" \/>\n<meta name=\"author\" content=\"anachain\" \/>\n<meta name=\"twitter:card\" content=\"summary_large_image\" \/>\n<meta name=\"twitter:creator\" content=\"@efenoticias\" \/>\n<meta name=\"twitter:site\" content=\"@efenoticias\" \/>\n<script type=\"application\/ld+json\" class=\"yoast-schema-graph\">{\"@context\":\"https:\\\/\\\/schema.org\",\"@graph\":[{\"@type\":\"NewsArticle\",\"@id\":\"https:\\\/\\\/pre.efe.com\\\/pt-br\\\/mundo-2\\\/2025-08-25\\\/zelensky-anuncia-reunioes-entre-ucrania-e-eua-para-abordar-conversas-de-paz\\\/#article\",\"isPartOf\":{\"@id\":\"https:\\\/\\\/pre.efe.com\\\/pt-br\\\/mundo-2\\\/2025-08-25\\\/zelensky-anuncia-reunioes-entre-ucrania-e-eua-para-abordar-conversas-de-paz\\\/\"},\"author\":{\"name\":\"anachain\",\"@id\":\"https:\\\/\\\/pre.efe.com\\\/pt-br\\\/#\\\/schema\\\/person\\\/b19f23f210db552768f68a4b552b004f\"},\"headline\":\"Zelensky anuncia reuni\u00f5es entre Ucr\u00e2nia e EUA para abordar conversas de paz\",\"datePublished\":\"2025-08-25T18:34:42+00:00\",\"dateModified\":\"2025-08-25T18:34:47+00:00\",\"mainEntityOfPage\":{\"@id\":\"https:\\\/\\\/pre.efe.com\\\/pt-br\\\/mundo-2\\\/2025-08-25\\\/zelensky-anuncia-reunioes-entre-ucrania-e-eua-para-abordar-conversas-de-paz\\\/\"},\"wordCount\":359,\"publisher\":{\"@id\":\"https:\\\/\\\/pre.efe.com\\\/pt-br\\\/#organization\"},\"image\":{\"@id\":\"https:\\\/\\\/pre.efe.com\\\/pt-br\\\/mundo-2\\\/2025-08-25\\\/zelensky-anuncia-reunioes-entre-ucrania-e-eua-para-abordar-conversas-de-paz\\\/#primaryimage\"},\"thumbnailUrl\":\"https:\\\/\\\/pre.efe.com\\\/wp-content\\\/uploads\\\/2025\\\/08\\\/rusia-guerra-ucrania.webp\",\"keywords\":[\"EUA\",\"Guerra\",\"Russia\",\"Ucrania\"],\"articleSection\":[\"Mundo\",\"Portada\"],\"inLanguage\":\"pt-BR\",\"copyrightYear\":\"2025\",\"copyrightHolder\":{\"@id\":\"https:\\\/\\\/pre.efe.com\\\/#organization\"}},{\"@type\":[\"WebPage\",\"ItemPage\"],\"@id\":\"https:\\\/\\\/pre.efe.com\\\/pt-br\\\/mundo-2\\\/2025-08-25\\\/zelensky-anuncia-reunioes-entre-ucrania-e-eua-para-abordar-conversas-de-paz\\\/\",\"url\":\"https:\\\/\\\/pre.efe.com\\\/pt-br\\\/mundo-2\\\/2025-08-25\\\/zelensky-anuncia-reunioes-entre-ucrania-e-eua-para-abordar-conversas-de-paz\\\/\",\"name\":\"Zelensky anuncia reuni\u00f5es entre Ucr\u00e2nia e EUA para abordar conversas de paz - EFE\",\"isPartOf\":{\"@id\":\"https:\\\/\\\/pre.efe.com\\\/pt-br\\\/#website\"},\"primaryImageOfPage\":{\"@id\":\"https:\\\/\\\/pre.efe.com\\\/pt-br\\\/mundo-2\\\/2025-08-25\\\/zelensky-anuncia-reunioes-entre-ucrania-e-eua-para-abordar-conversas-de-paz\\\/#primaryimage\"},\"image\":{\"@id\":\"https:\\\/\\\/pre.efe.com\\\/pt-br\\\/mundo-2\\\/2025-08-25\\\/zelensky-anuncia-reunioes-entre-ucrania-e-eua-para-abordar-conversas-de-paz\\\/#primaryimage\"},\"thumbnailUrl\":\"https:\\\/\\\/pre.efe.com\\\/wp-content\\\/uploads\\\/2025\\\/08\\\/rusia-guerra-ucrania.webp\",\"datePublished\":\"2025-08-25T18:34:42+00:00\",\"dateModified\":\"2025-08-25T18:34:47+00:00\",\"breadcrumb\":{\"@id\":\"https:\\\/\\\/pre.efe.com\\\/pt-br\\\/mundo-2\\\/2025-08-25\\\/zelensky-anuncia-reunioes-entre-ucrania-e-eua-para-abordar-conversas-de-paz\\\/#breadcrumb\"},\"inLanguage\":\"pt-BR\",\"potentialAction\":[{\"@type\":\"ReadAction\",\"target\":[\"https:\\\/\\\/pre.efe.com\\\/pt-br\\\/mundo-2\\\/2025-08-25\\\/zelensky-anuncia-reunioes-entre-ucrania-e-eua-para-abordar-conversas-de-paz\\\/\"]}]},{\"@type\":\"ImageObject\",\"inLanguage\":\"pt-BR\",\"@id\":\"https:\\\/\\\/pre.efe.com\\\/pt-br\\\/mundo-2\\\/2025-08-25\\\/zelensky-anuncia-reunioes-entre-ucrania-e-eua-para-abordar-conversas-de-paz\\\/#primaryimage\",\"url\":\"https:\\\/\\\/pre.efe.com\\\/wp-content\\\/uploads\\\/2025\\\/08\\\/rusia-guerra-ucrania.webp\",\"contentUrl\":\"https:\\\/\\\/pre.efe.com\\\/wp-content\\\/uploads\\\/2025\\\/08\\\/rusia-guerra-ucrania.webp\",\"width\":900,\"height\":600,\"caption\":\"Volodymyr Zelensky. EFE\\\/Arquivo\\\/AARON SCHWARTZ\\\/POOL\"},{\"@type\":\"BreadcrumbList\",\"@id\":\"https:\\\/\\\/pre.efe.com\\\/pt-br\\\/mundo-2\\\/2025-08-25\\\/zelensky-anuncia-reunioes-entre-ucrania-e-eua-para-abordar-conversas-de-paz\\\/#breadcrumb\",\"itemListElement\":[{\"@type\":\"ListItem\",\"position\":1,\"name\":\"Portada\",\"item\":\"https:\\\/\\\/pre.efe.com\\\/pt-br\\\/\"},{\"@type\":\"ListItem\",\"position\":2,\"name\":\"Zelensky anuncia reuni\u00f5es entre Ucr\u00e2nia e EUA para abordar conversas de paz\"}]},{\"@type\":\"WebSite\",\"@id\":\"https:\\\/\\\/pre.efe.com\\\/pt-br\\\/#website\",\"url\":\"https:\\\/\\\/pre.efe.com\\\/pt-br\\\/\",\"name\":\"EFE Noticias\",\"description\":\"\",\"publisher\":{\"@id\":\"https:\\\/\\\/pre.efe.com\\\/pt-br\\\/#organization\"},\"potentialAction\":[{\"@type\":\"SearchAction\",\"target\":{\"@type\":\"EntryPoint\",\"urlTemplate\":\"https:\\\/\\\/pre.efe.com\\\/pt-br\\\/?s={search_term_string}\"},\"query-input\":{\"@type\":\"PropertyValueSpecification\",\"valueRequired\":true,\"valueName\":\"search_term_string\"}}],\"inLanguage\":\"pt-BR\"},{\"@type\":\"Organization\",\"@id\":\"https:\\\/\\\/pre.efe.com\\\/pt-br\\\/#organization\",\"name\":\"Agencia EFE\",\"url\":\"https:\\\/\\\/pre.efe.com\\\/pt-br\\\/\",\"logo\":{\"@type\":\"ImageObject\",\"inLanguage\":\"pt-BR\",\"@id\":\"https:\\\/\\\/pre.efe.com\\\/pt-br\\\/#\\\/schema\\\/logo\\\/image\\\/\",\"url\":\"https:\\\/\\\/pre.efe.com\\\/wp-content\\\/uploads\\\/2023\\\/06\\\/logo-efe-467.png\",\"contentUrl\":\"https:\\\/\\\/pre.efe.com\\\/wp-content\\\/uploads\\\/2023\\\/06\\\/logo-efe-467.png\",\"width\":467,\"height\":467,\"caption\":\"Agencia EFE\"},\"image\":{\"@id\":\"https:\\\/\\\/pre.efe.com\\\/pt-br\\\/#\\\/schema\\\/logo\\\/image\\\/\"},\"sameAs\":[\"https:\\\/\\\/www.facebook.com\\\/AgenciaEFEnoticias\\\/\",\"https:\\\/\\\/x.com\\\/efenoticias\",\"https:\\\/\\\/www.instagram.com\\\/efe_noticias\\\/\",\"http:\\\/\\\/www.youtube.com\\\/efe\"]},{\"@type\":\"Person\",\"@id\":\"https:\\\/\\\/pre.efe.com\\\/pt-br\\\/#\\\/schema\\\/person\\\/b19f23f210db552768f68a4b552b004f\",\"name\":\"anachain\",\"image\":{\"@type\":\"ImageObject\",\"inLanguage\":\"pt-BR\",\"@id\":\"https:\\\/\\\/secure.gravatar.com\\\/avatar\\\/30b83965911ef1108bb893c00bdd65c885f9890e1265ee04b02c3d5adc785d37?s=96&d=identicon&r=g\",\"url\":\"https:\\\/\\\/secure.gravatar.com\\\/avatar\\\/30b83965911ef1108bb893c00bdd65c885f9890e1265ee04b02c3d5adc785d37?s=96&d=identicon&r=g\",\"contentUrl\":\"https:\\\/\\\/secure.gravatar.com\\\/avatar\\\/30b83965911ef1108bb893c00bdd65c885f9890e1265ee04b02c3d5adc785d37?s=96&d=identicon&r=g\",\"caption\":\"anachain\"},\"url\":\"https:\\\/\\\/pre.efe.com\\\/pt-br\\\/autor\\\/anachain\\\/\"}]}<\/script>\n<!-- \/ Yoast SEO Premium plugin. -->","yoast_head_json":{"title":"Zelensky anuncia reuni\u00f5es entre Ucr\u00e2nia e EUA para abordar conversas de paz - EFE","robots":{"index":"noindex","follow":"follow"},"og_locale":"pt_BR","og_type":"article","og_title":"Zelensky anuncia reuni\u00f5es entre Ucr\u00e2nia e EUA para abordar conversas de paz - EFE","og_description":"Berlim (EFE).- O presidente ucraniano, Volodymyr Zelensky, anunciou nesta segunda-feira que haver\u00e1 contatos com o enviado dos Estados Unidos para a Ucr\u00e2nia, Keith Kellogg, e no final desta semana ocorrer\u00e1 uma reuni\u00e3o entre delega\u00e7\u00f5es de Kiev e Washington para abordar a situa\u00e7\u00e3o diante de poss\u00edveis conversas de paz com a R\u00fassia. O objetivo \u00e9 &#8220;desenvolver ... Leia mais","og_url":"https:\/\/pre.efe.com\/pt-br\/mundo-2\/2025-08-25\/zelensky-anuncia-reunioes-entre-ucrania-e-eua-para-abordar-conversas-de-paz\/","og_site_name":"EFE Noticias","article_publisher":"https:\/\/www.facebook.com\/AgenciaEFEnoticias\/","article_published_time":"2025-08-25T18:34:42+00:00","article_modified_time":"2025-08-25T18:34:47+00:00","og_image":[{"width":900,"height":600,"url":"https:\/\/pre.efe.com\/wp-content\/uploads\/2025\/08\/rusia-guerra-ucrania.webp","type":"image\/jpeg"}],"author":"anachain","twitter_card":"summary_large_image","twitter_creator":"@efenoticias","twitter_site":"@efenoticias","schema":{"@context":"https:\/\/schema.org","@graph":[{"@type":"NewsArticle","@id":"https:\/\/pre.efe.com\/pt-br\/mundo-2\/2025-08-25\/zelensky-anuncia-reunioes-entre-ucrania-e-eua-para-abordar-conversas-de-paz\/#article","isPartOf":{"@id":"https:\/\/pre.efe.com\/pt-br\/mundo-2\/2025-08-25\/zelensky-anuncia-reunioes-entre-ucrania-e-eua-para-abordar-conversas-de-paz\/"},"author":{"name":"anachain","@id":"https:\/\/pre.efe.com\/pt-br\/#\/schema\/person\/b19f23f210db552768f68a4b552b004f"},"headline":"Zelensky anuncia reuni\u00f5es entre Ucr\u00e2nia e EUA para abordar conversas de paz","datePublished":"2025-08-25T18:34:42+00:00","dateModified":"2025-08-25T18:34:47+00:00","mainEntityOfPage":{"@id":"https:\/\/pre.efe.com\/pt-br\/mundo-2\/2025-08-25\/zelensky-anuncia-reunioes-entre-ucrania-e-eua-para-abordar-conversas-de-paz\/"},"wordCount":359,"publisher":{"@id":"https:\/\/pre.efe.com\/pt-br\/#organization"},"image":{"@id":"https:\/\/pre.efe.com\/pt-br\/mundo-2\/2025-08-25\/zelensky-anuncia-reunioes-entre-ucrania-e-eua-para-abordar-conversas-de-paz\/#primaryimage"},"thumbnailUrl":"https:\/\/pre.efe.com\/wp-content\/uploads\/2025\/08\/rusia-guerra-ucrania.webp","keywords":["EUA","Guerra","Russia","Ucrania"],"articleSection":["Mundo","Portada"],"inLanguage":"pt-BR","copyrightYear":"2025","copyrightHolder":{"@id":"https:\/\/pre.efe.com\/#organization"}},{"@type":["WebPage","ItemPage"],"@id":"https:\/\/pre.efe.com\/pt-br\/mundo-2\/2025-08-25\/zelensky-anuncia-reunioes-entre-ucrania-e-eua-para-abordar-conversas-de-paz\/","url":"https:\/\/pre.efe.com\/pt-br\/mundo-2\/2025-08-25\/zelensky-anuncia-reunioes-entre-ucrania-e-eua-para-abordar-conversas-de-paz\/","name":"Zelensky anuncia reuni\u00f5es entre Ucr\u00e2nia e EUA para abordar conversas de paz - EFE","isPartOf":{"@id":"https:\/\/pre.efe.com\/pt-br\/#website"},"primaryImageOfPage":{"@id":"https:\/\/pre.efe.com\/pt-br\/mundo-2\/2025-08-25\/zelensky-anuncia-reunioes-entre-ucrania-e-eua-para-abordar-conversas-de-paz\/#primaryimage"},"image":{"@id":"https:\/\/pre.efe.com\/pt-br\/mundo-2\/2025-08-25\/zelensky-anuncia-reunioes-entre-ucrania-e-eua-para-abordar-conversas-de-paz\/#primaryimage"},"thumbnailUrl":"https:\/\/pre.efe.com\/wp-content\/uploads\/2025\/08\/rusia-guerra-ucrania.webp","datePublished":"2025-08-25T18:34:42+00:00","dateModified":"2025-08-25T18:34:47+00:00","breadcrumb":{"@id":"https:\/\/pre.efe.com\/pt-br\/mundo-2\/2025-08-25\/zelensky-anuncia-reunioes-entre-ucrania-e-eua-para-abordar-conversas-de-paz\/#breadcrumb"},"inLanguage":"pt-BR","potentialAction":[{"@type":"ReadAction","target":["https:\/\/pre.efe.com\/pt-br\/mundo-2\/2025-08-25\/zelensky-anuncia-reunioes-entre-ucrania-e-eua-para-abordar-conversas-de-paz\/"]}]},{"@type":"ImageObject","inLanguage":"pt-BR","@id":"https:\/\/pre.efe.com\/pt-br\/mundo-2\/2025-08-25\/zelensky-anuncia-reunioes-entre-ucrania-e-eua-para-abordar-conversas-de-paz\/#primaryimage","url":"https:\/\/pre.efe.com\/wp-content\/uploads\/2025\/08\/rusia-guerra-ucrania.webp","contentUrl":"https:\/\/pre.efe.com\/wp-content\/uploads\/2025\/08\/rusia-guerra-ucrania.webp","width":900,"height":600,"caption":"Volodymyr Zelensky. EFE\/Arquivo\/AARON SCHWARTZ\/POOL"},{"@type":"BreadcrumbList","@id":"https:\/\/pre.efe.com\/pt-br\/mundo-2\/2025-08-25\/zelensky-anuncia-reunioes-entre-ucrania-e-eua-para-abordar-conversas-de-paz\/#breadcrumb","itemListElement":[{"@type":"ListItem","position":1,"name":"Portada","item":"https:\/\/pre.efe.com\/pt-br\/"},{"@type":"ListItem","position":2,"name":"Zelensky anuncia reuni\u00f5es entre Ucr\u00e2nia e EUA para abordar conversas de paz"}]},{"@type":"WebSite","@id":"https:\/\/pre.efe.com\/pt-br\/#website","url":"https:\/\/pre.efe.com\/pt-br\/","name":"EFE Noticias","description":"","publisher":{"@id":"https:\/\/pre.efe.com\/pt-br\/#organization"},"potentialAction":[{"@type":"SearchAction","target":{"@type":"EntryPoint","urlTemplate":"https:\/\/pre.efe.com\/pt-br\/?s={search_term_string}"},"query-input":{"@type":"PropertyValueSpecification","valueRequired":true,"valueName":"search_term_string"}}],"inLanguage":"pt-BR"},{"@type":"Organization","@id":"https:\/\/pre.efe.com\/pt-br\/#organization","name":"Agencia EFE","url":"https:\/\/pre.efe.com\/pt-br\/","logo":{"@type":"ImageObject","inLanguage":"pt-BR","@id":"https:\/\/pre.efe.com\/pt-br\/#\/schema\/logo\/image\/","url":"https:\/\/pre.efe.com\/wp-content\/uploads\/2023\/06\/logo-efe-467.png","contentUrl":"https:\/\/pre.efe.com\/wp-content\/uploads\/2023\/06\/logo-efe-467.png","width":467,"height":467,"caption":"Agencia EFE"},"image":{"@id":"https:\/\/pre.efe.com\/pt-br\/#\/schema\/logo\/image\/"},"sameAs":["https:\/\/www.facebook.com\/AgenciaEFEnoticias\/","https:\/\/x.com\/efenoticias","https:\/\/www.instagram.com\/efe_noticias\/","http:\/\/www.youtube.com\/efe"]},{"@type":"Person","@id":"https:\/\/pre.efe.com\/pt-br\/#\/schema\/person\/b19f23f210db552768f68a4b552b004f","name":"anachain","image":{"@type":"ImageObject","inLanguage":"pt-BR","@id":"https:\/\/secure.gravatar.com\/avatar\/30b83965911ef1108bb893c00bdd65c885f9890e1265ee04b02c3d5adc785d37?s=96&d=identicon&r=g","url":"https:\/\/secure.gravatar.com\/avatar\/30b83965911ef1108bb893c00bdd65c885f9890e1265ee04b02c3d5adc785d37?s=96&d=identicon&r=g","contentUrl":"https:\/\/secure.gravatar.com\/avatar\/30b83965911ef1108bb893c00bdd65c885f9890e1265ee04b02c3d5adc785d37?s=96&d=identicon&r=g","caption":"anachain"},"url":"https:\/\/pre.efe.com\/pt-br\/autor\/anachain\/"}]}},"jetpack_featured_media_url":"https:\/\/pre.efe.com\/wp-content\/uploads\/2025\/08\/rusia-guerra-ucrania.webp","jetpack_shortlink":"https:\/\/wp.me\/peJvHm-8OdF","jetpack_sharing_enabled":true,"_links":{"self":[{"href":"https:\/\/pre.efe.com\/pt-br\/wp-json\/wp\/v2\/posts\/2099671","targetHints":{"allow":["GET"]}}],"collection":[{"href":"https:\/\/pre.efe.com\/pt-br\/wp-json\/wp\/v2\/posts"}],"about":[{"href":"https:\/\/pre.efe.com\/pt-br\/wp-json\/wp\/v2\/types\/post"}],"author":[{"embeddable":true,"href":"https:\/\/pre.efe.com\/pt-br\/wp-json\/wp\/v2\/users\/198164106"}],"replies":[{"embeddable":true,"href":"https:\/\/pre.efe.com\/pt-br\/wp-json\/wp\/v2\/comments?post=2099671"}],"version-history":[{"count":2,"href":"https:\/\/pre.efe.com\/pt-br\/wp-json\/wp\/v2\/posts\/2099671\/revisions"}],"predecessor-version":[{"id":2099681,"href":"https:\/\/pre.efe.com\/pt-br\/wp-json\/wp\/v2\/posts\/2099671\/revisions\/2099681"}],"wp:featuredmedia":[{"embeddable":true,"href":"https:\/\/pre.efe.com\/pt-br\/wp-json\/wp\/v2\/media\/2099084"}],"wp:attachment":[{"href":"https:\/\/pre.efe.com\/pt-br\/wp-json\/wp\/v2\/media?parent=2099671"}],"wp:term":[{"taxonomy":"category","embeddable":true,"href":"https:\/\/pre.efe.com\/pt-br\/wp-json\/wp\/v2\/categories?post=2099671"},{"taxonomy":"post_tag","embeddable":true,"href":"https:\/\/pre.efe.com\/pt-br\/wp-json\/wp\/v2\/tags?post=2099671"}],"curies":[{"name":"wp","href":"https:\/\/api.w.org\/{rel}","templated":true}]}}