{"id":210964,"date":"2022-12-16T21:12:00","date_gmt":"2022-12-16T20:12:00","guid":{"rendered":"https:\/\/pre.efe.com\/?p=210964"},"modified":"2022-12-16T22:45:37","modified_gmt":"2022-12-16T21:45:37","slug":"castillo-ficara-18-meses-preso-em-mesmo-quartel-onde-fujimori-cumpre-pena","status":"publish","type":"post","link":"https:\/\/pre.efe.com\/pt-br\/mundo-2\/2022-12-16\/castillo-ficara-18-meses-preso-em-mesmo-quartel-onde-fujimori-cumpre-pena\/","title":{"rendered":"Castillo ficar\u00e1 18 meses preso em mesmo quartel onde Fujimori cumpre pena"},"content":{"rendered":"\n<p>Lima (EFE).-\u00a0O ex-presidente do Peru Pedro Castillo vai cumprir 18 meses de pris\u00e3o preventiva no pres\u00eddio de Barbadillo, localizado no mesmo quartel policial onde o tamb\u00e9m ex-mandat\u00e1rio Alberto Fujimori cumpre uma pena de 25 anos por crimes contra a humanidade, anunciou nesta sexta-feira o Instituto Nacional Penitenci\u00e1rio (INPE).<\/p>\n\n\n\n<p>O \u00f3rg\u00e3o informou em comunicado que a decis\u00e3o de manter Castillo no mesmo local onde ele estava preso temporariamente desde 7 de dezembro foi tomada &#8220;por raz\u00f5es de seguran\u00e7a, para proteger sua integridade f\u00edsica pessoal, devido \u00e0 sua condi\u00e7\u00e3o de ex-presidente da Rep\u00fablica&#8221;.<\/p>\n\n\n\n<p>Al\u00e9m disso, detalhou que a Junta T\u00e9cnica de Classifica\u00e7\u00e3o do INPE, formada por uma psic\u00f3loga, um advogado e uma assistente social, determinou, em primeiro lugar, que o ex-governante fosse enquadrado &#8220;no regime ordin\u00e1rio&#8221; de pris\u00e3o.<\/p>\n\n\n\n<blockquote class=\"wp-block-quote is-layout-flow wp-block-quote-is-layout-flow\">\n<p>\u201cO Instituto Penitenci\u00e1rio Nacional garante a seguran\u00e7a e a integridade f\u00edsica das pessoas privadas de liberdade nos estabelecimentos penitenci\u00e1rios em n\u00edvel nacional\u201d, completou.<\/p>\n<\/blockquote>\n\n\n\n<p>O juiz Juan Carlos Checkley, &nbsp;do Tribunal Supremo de Investiga\u00e7\u00e3o Preparat\u00f3ria do Peru, decretou nesta quinta-feira 18 meses de pris\u00e3o preventiva para o ex-presidente, enquanto \u00e9 investigado pelos crimes de rebeli\u00e3o e forma\u00e7\u00e3o de quadrilha pelo autogolpe fracassado de 7 de dezembro.<\/p>\n\n\n\n<p>Dessa forma, o juiz acatou o pedido formulado pelo Minist\u00e9rio P\u00fablico que havia considerado que \u201cexiste um per\u00edodo processual de fuga\u201d no qual teve um peso espec\u00edfico o fato de que, minutos antes da sua destitui\u00e7\u00e3o, tenha tentado dirigir-se \u00e0 embaixada do M\u00e9xico em Lima para pedir asilo.<\/p>\n\n\n\n<p>Castillo ser\u00e1 investigado como suposto coautor dos crimes de rebeli\u00e3o e forma\u00e7\u00e3o de quadrilha, bem como como suposto autor dos crimes de abuso de autoridade e grave perturba\u00e7\u00e3o da tranquilidade p\u00fablica.<\/p>\n\n\n\n<p>A investiga\u00e7\u00e3o foi descrita como &#8220;complexa&#8221; pelo Minist\u00e9rio P\u00fablico e ter\u00e1 uma dura\u00e7\u00e3o de oito meses.<\/p>\n\n\n\n<p>Castillo foi preso em 7 de dezembro ap\u00f3s ser destitu\u00eddo pelo Congresso pouco depois de anunciar o fechamento do Congresso, a forma\u00e7\u00e3o de um Executivo de emerg\u00eancia, que governaria por decreto, e a reorganiza\u00e7\u00e3o do Judici\u00e1rio, o que foi descrito pela maior parte da classe pol\u00edtica como uma tentativa de golpe.<\/p>\n\n\n\n<p>Ap\u00f3s sua destitui\u00e7\u00e3o, foi substitu\u00eddo por sua ent\u00e3o vice-presidente, Dina Boluarte, que enfrenta desde o \u00faltimo domingo uma s\u00e9rie de protestos e manifesta\u00e7\u00f5es violentas que deixaram 20 mortos no pa\u00eds at\u00e9 agora. EFE<\/p>\n","protected":false},"excerpt":{"rendered":"<p>Lima (EFE).-\u00a0O ex-presidente do Peru Pedro Castillo vai cumprir 18 meses de pris\u00e3o preventiva no pres\u00eddio de Barbadillo, localizado no mesmo quartel policial onde o tamb\u00e9m ex-mandat\u00e1rio Alberto Fujimori cumpre uma pena de 25 anos por crimes contra a humanidade, anunciou nesta sexta-feira o Instituto Nacional Penitenci\u00e1rio (INPE). O \u00f3rg\u00e3o informou em comunicado que a &#8230; <a title=\"Castillo ficar\u00e1 18 meses preso em mesmo quartel onde Fujimori cumpre pena\" class=\"read-more\" href=\"https:\/\/pre.efe.com\/pt-br\/mundo-2\/2022-12-16\/castillo-ficara-18-meses-preso-em-mesmo-quartel-onde-fujimori-cumpre-pena\/\" aria-label=\"Read more about Castillo ficar\u00e1 18 meses preso em mesmo quartel onde Fujimori cumpre pena\">Leia mais<\/a><\/p>\n","protected":false},"author":198164106,"featured_media":210966,"comment_status":"closed","ping_status":"closed","sticky":false,"template":"","format":"standard","meta":{"_acf_changed":false,"_jetpack_memberships_contains_paid_content":false,"footnotes":""},"categories":[123208,122141],"tags":[127685,124845,125964],"class_list":["post-210964","post","type-post","status-publish","format-standard","has-post-thumbnail","hentry","category-mundo-2","category-portada","tag-crise","tag-governo","tag-peru-3","generate-columns","tablet-grid-50","mobile-grid-100","grid-parent","grid-50"],"acf":[],"yoast_head":"<!-- This site is optimized with the Yoast SEO Premium plugin v26.0 (Yoast SEO v27.5) - https:\/\/yoast.com\/product\/yoast-seo-premium-wordpress\/ -->\n<title>Castillo ficar\u00e1 18 meses preso em mesmo quartel onde Fujimori cumpre pena - EFE<\/title>\n<meta name=\"robots\" content=\"noindex, follow\" \/>\n<meta property=\"og:locale\" content=\"pt_BR\" \/>\n<meta property=\"og:type\" content=\"article\" \/>\n<meta property=\"og:title\" content=\"Castillo ficar\u00e1 18 meses preso em mesmo quartel onde Fujimori cumpre pena - EFE\" \/>\n<meta property=\"og:description\" content=\"Lima (EFE).-\u00a0O ex-presidente do Peru Pedro Castillo vai cumprir 18 meses de pris\u00e3o preventiva no pres\u00eddio de Barbadillo, localizado no mesmo quartel policial onde o tamb\u00e9m ex-mandat\u00e1rio Alberto Fujimori cumpre uma pena de 25 anos por crimes contra a humanidade, anunciou nesta sexta-feira o Instituto Nacional Penitenci\u00e1rio (INPE). O \u00f3rg\u00e3o informou em comunicado que a ... Leia mais\" \/>\n<meta property=\"og:url\" content=\"https:\/\/pre.efe.com\/pt-br\/mundo-2\/2022-12-16\/castillo-ficara-18-meses-preso-em-mesmo-quartel-onde-fujimori-cumpre-pena\/\" \/>\n<meta property=\"og:site_name\" content=\"EFE Noticias\" \/>\n<meta property=\"article:publisher\" content=\"https:\/\/www.facebook.com\/AgenciaEFEnoticias\/\" \/>\n<meta property=\"article:published_time\" content=\"2022-12-16T20:12:00+00:00\" \/>\n<meta property=\"article:modified_time\" content=\"2022-12-16T21:45:37+00:00\" \/>\n<meta property=\"og:image\" content=\"https:\/\/i0.wp.com\/efe.com\/\/srv\/htdocs\/wp-content\/uploads\/2022\/12\/CASTILLO.jpg?fit=640%2C512&ssl=1\" \/>\n\t<meta property=\"og:image:width\" content=\"640\" \/>\n\t<meta property=\"og:image:height\" content=\"512\" \/>\n\t<meta property=\"og:image:type\" content=\"image\/jpeg\" \/>\n<meta name=\"author\" content=\"anachain\" \/>\n<meta name=\"twitter:card\" content=\"summary_large_image\" \/>\n<meta name=\"twitter:creator\" content=\"@efenoticias\" \/>\n<meta name=\"twitter:site\" content=\"@efenoticias\" \/>\n<script type=\"application\/ld+json\" class=\"yoast-schema-graph\">{\"@context\":\"https:\\\/\\\/schema.org\",\"@graph\":[{\"@type\":\"NewsArticle\",\"@id\":\"https:\\\/\\\/pre.efe.com\\\/pt-br\\\/mundo-2\\\/2022-12-16\\\/castillo-ficara-18-meses-preso-em-mesmo-quartel-onde-fujimori-cumpre-pena\\\/#article\",\"isPartOf\":{\"@id\":\"https:\\\/\\\/pre.efe.com\\\/pt-br\\\/mundo-2\\\/2022-12-16\\\/castillo-ficara-18-meses-preso-em-mesmo-quartel-onde-fujimori-cumpre-pena\\\/\"},\"author\":{\"name\":\"anachain\",\"@id\":\"https:\\\/\\\/pre.efe.com\\\/pt-br\\\/#\\\/schema\\\/person\\\/b19f23f210db552768f68a4b552b004f\"},\"headline\":\"Castillo ficar\u00e1 18 meses preso em mesmo quartel onde Fujimori cumpre pena\",\"datePublished\":\"2022-12-16T20:12:00+00:00\",\"dateModified\":\"2022-12-16T21:45:37+00:00\",\"mainEntityOfPage\":{\"@id\":\"https:\\\/\\\/pre.efe.com\\\/pt-br\\\/mundo-2\\\/2022-12-16\\\/castillo-ficara-18-meses-preso-em-mesmo-quartel-onde-fujimori-cumpre-pena\\\/\"},\"wordCount\":430,\"publisher\":{\"@id\":\"https:\\\/\\\/pre.efe.com\\\/pt-br\\\/#organization\"},\"image\":{\"@id\":\"https:\\\/\\\/pre.efe.com\\\/pt-br\\\/mundo-2\\\/2022-12-16\\\/castillo-ficara-18-meses-preso-em-mesmo-quartel-onde-fujimori-cumpre-pena\\\/#primaryimage\"},\"thumbnailUrl\":\"https:\\\/\\\/pre.efe.com\\\/wp-content\\\/uploads\\\/2022\\\/12\\\/CASTILLO.jpg\",\"keywords\":[\"Crise\",\"Governo\",\"Peru\"],\"articleSection\":[\"Mundo\",\"Portada\"],\"inLanguage\":\"pt-BR\",\"copyrightYear\":\"2022\",\"copyrightHolder\":{\"@id\":\"https:\\\/\\\/pre.efe.com\\\/#organization\"}},{\"@type\":[\"WebPage\",\"ItemPage\"],\"@id\":\"https:\\\/\\\/pre.efe.com\\\/pt-br\\\/mundo-2\\\/2022-12-16\\\/castillo-ficara-18-meses-preso-em-mesmo-quartel-onde-fujimori-cumpre-pena\\\/\",\"url\":\"https:\\\/\\\/pre.efe.com\\\/pt-br\\\/mundo-2\\\/2022-12-16\\\/castillo-ficara-18-meses-preso-em-mesmo-quartel-onde-fujimori-cumpre-pena\\\/\",\"name\":\"Castillo ficar\u00e1 18 meses preso em mesmo quartel onde Fujimori cumpre pena - EFE\",\"isPartOf\":{\"@id\":\"https:\\\/\\\/pre.efe.com\\\/pt-br\\\/#website\"},\"primaryImageOfPage\":{\"@id\":\"https:\\\/\\\/pre.efe.com\\\/pt-br\\\/mundo-2\\\/2022-12-16\\\/castillo-ficara-18-meses-preso-em-mesmo-quartel-onde-fujimori-cumpre-pena\\\/#primaryimage\"},\"image\":{\"@id\":\"https:\\\/\\\/pre.efe.com\\\/pt-br\\\/mundo-2\\\/2022-12-16\\\/castillo-ficara-18-meses-preso-em-mesmo-quartel-onde-fujimori-cumpre-pena\\\/#primaryimage\"},\"thumbnailUrl\":\"https:\\\/\\\/pre.efe.com\\\/wp-content\\\/uploads\\\/2022\\\/12\\\/CASTILLO.jpg\",\"datePublished\":\"2022-12-16T20:12:00+00:00\",\"dateModified\":\"2022-12-16T21:45:37+00:00\",\"breadcrumb\":{\"@id\":\"https:\\\/\\\/pre.efe.com\\\/pt-br\\\/mundo-2\\\/2022-12-16\\\/castillo-ficara-18-meses-preso-em-mesmo-quartel-onde-fujimori-cumpre-pena\\\/#breadcrumb\"},\"inLanguage\":\"pt-BR\",\"potentialAction\":[{\"@type\":\"ReadAction\",\"target\":[\"https:\\\/\\\/pre.efe.com\\\/pt-br\\\/mundo-2\\\/2022-12-16\\\/castillo-ficara-18-meses-preso-em-mesmo-quartel-onde-fujimori-cumpre-pena\\\/\"]}]},{\"@type\":\"ImageObject\",\"inLanguage\":\"pt-BR\",\"@id\":\"https:\\\/\\\/pre.efe.com\\\/pt-br\\\/mundo-2\\\/2022-12-16\\\/castillo-ficara-18-meses-preso-em-mesmo-quartel-onde-fujimori-cumpre-pena\\\/#primaryimage\",\"url\":\"https:\\\/\\\/pre.efe.com\\\/wp-content\\\/uploads\\\/2022\\\/12\\\/CASTILLO.jpg\",\"contentUrl\":\"https:\\\/\\\/pre.efe.com\\\/wp-content\\\/uploads\\\/2022\\\/12\\\/CASTILLO.jpg\",\"width\":640,\"height\":512,\"caption\":\"Pedro Castillo. EFE\\\/Arquivo\"},{\"@type\":\"BreadcrumbList\",\"@id\":\"https:\\\/\\\/pre.efe.com\\\/pt-br\\\/mundo-2\\\/2022-12-16\\\/castillo-ficara-18-meses-preso-em-mesmo-quartel-onde-fujimori-cumpre-pena\\\/#breadcrumb\",\"itemListElement\":[{\"@type\":\"ListItem\",\"position\":1,\"name\":\"Portada\",\"item\":\"https:\\\/\\\/pre.efe.com\\\/pt-br\\\/\"},{\"@type\":\"ListItem\",\"position\":2,\"name\":\"Castillo ficar\u00e1 18 meses preso em mesmo quartel onde Fujimori cumpre pena\"}]},{\"@type\":\"WebSite\",\"@id\":\"https:\\\/\\\/pre.efe.com\\\/pt-br\\\/#website\",\"url\":\"https:\\\/\\\/pre.efe.com\\\/pt-br\\\/\",\"name\":\"EFE Noticias\",\"description\":\"\",\"publisher\":{\"@id\":\"https:\\\/\\\/pre.efe.com\\\/pt-br\\\/#organization\"},\"potentialAction\":[{\"@type\":\"SearchAction\",\"target\":{\"@type\":\"EntryPoint\",\"urlTemplate\":\"https:\\\/\\\/pre.efe.com\\\/pt-br\\\/?s={search_term_string}\"},\"query-input\":{\"@type\":\"PropertyValueSpecification\",\"valueRequired\":true,\"valueName\":\"search_term_string\"}}],\"inLanguage\":\"pt-BR\"},{\"@type\":\"Organization\",\"@id\":\"https:\\\/\\\/pre.efe.com\\\/pt-br\\\/#organization\",\"name\":\"Agencia EFE\",\"url\":\"https:\\\/\\\/pre.efe.com\\\/pt-br\\\/\",\"logo\":{\"@type\":\"ImageObject\",\"inLanguage\":\"pt-BR\",\"@id\":\"https:\\\/\\\/pre.efe.com\\\/pt-br\\\/#\\\/schema\\\/logo\\\/image\\\/\",\"url\":\"https:\\\/\\\/pre.efe.com\\\/wp-content\\\/uploads\\\/2023\\\/06\\\/logo-efe-467.png\",\"contentUrl\":\"https:\\\/\\\/pre.efe.com\\\/wp-content\\\/uploads\\\/2023\\\/06\\\/logo-efe-467.png\",\"width\":467,\"height\":467,\"caption\":\"Agencia EFE\"},\"image\":{\"@id\":\"https:\\\/\\\/pre.efe.com\\\/pt-br\\\/#\\\/schema\\\/logo\\\/image\\\/\"},\"sameAs\":[\"https:\\\/\\\/www.facebook.com\\\/AgenciaEFEnoticias\\\/\",\"https:\\\/\\\/x.com\\\/efenoticias\",\"https:\\\/\\\/www.instagram.com\\\/efe_noticias\\\/\",\"http:\\\/\\\/www.youtube.com\\\/efe\"]},{\"@type\":\"Person\",\"@id\":\"https:\\\/\\\/pre.efe.com\\\/pt-br\\\/#\\\/schema\\\/person\\\/b19f23f210db552768f68a4b552b004f\",\"name\":\"anachain\",\"image\":{\"@type\":\"ImageObject\",\"inLanguage\":\"pt-BR\",\"@id\":\"https:\\\/\\\/secure.gravatar.com\\\/avatar\\\/30b83965911ef1108bb893c00bdd65c885f9890e1265ee04b02c3d5adc785d37?s=96&d=identicon&r=g\",\"url\":\"https:\\\/\\\/secure.gravatar.com\\\/avatar\\\/30b83965911ef1108bb893c00bdd65c885f9890e1265ee04b02c3d5adc785d37?s=96&d=identicon&r=g\",\"contentUrl\":\"https:\\\/\\\/secure.gravatar.com\\\/avatar\\\/30b83965911ef1108bb893c00bdd65c885f9890e1265ee04b02c3d5adc785d37?s=96&d=identicon&r=g\",\"caption\":\"anachain\"},\"url\":\"https:\\\/\\\/pre.efe.com\\\/pt-br\\\/autor\\\/anachain\\\/\"}]}<\/script>\n<!-- \/ Yoast SEO Premium plugin. -->","yoast_head_json":{"title":"Castillo ficar\u00e1 18 meses preso em mesmo quartel onde Fujimori cumpre pena - EFE","robots":{"index":"noindex","follow":"follow"},"og_locale":"pt_BR","og_type":"article","og_title":"Castillo ficar\u00e1 18 meses preso em mesmo quartel onde Fujimori cumpre pena - EFE","og_description":"Lima (EFE).-\u00a0O ex-presidente do Peru Pedro Castillo vai cumprir 18 meses de pris\u00e3o preventiva no pres\u00eddio de Barbadillo, localizado no mesmo quartel policial onde o tamb\u00e9m ex-mandat\u00e1rio Alberto Fujimori cumpre uma pena de 25 anos por crimes contra a humanidade, anunciou nesta sexta-feira o Instituto Nacional Penitenci\u00e1rio (INPE). O \u00f3rg\u00e3o informou em comunicado que a ... Leia mais","og_url":"https:\/\/pre.efe.com\/pt-br\/mundo-2\/2022-12-16\/castillo-ficara-18-meses-preso-em-mesmo-quartel-onde-fujimori-cumpre-pena\/","og_site_name":"EFE Noticias","article_publisher":"https:\/\/www.facebook.com\/AgenciaEFEnoticias\/","article_published_time":"2022-12-16T20:12:00+00:00","article_modified_time":"2022-12-16T21:45:37+00:00","og_image":[{"width":640,"height":512,"url":"https:\/\/i0.wp.com\/efe.com\/\/srv\/htdocs\/wp-content\/uploads\/2022\/12\/CASTILLO.jpg?fit=640%2C512&ssl=1","type":"image\/jpeg"}],"author":"anachain","twitter_card":"summary_large_image","twitter_creator":"@efenoticias","twitter_site":"@efenoticias","schema":{"@context":"https:\/\/schema.org","@graph":[{"@type":"NewsArticle","@id":"https:\/\/pre.efe.com\/pt-br\/mundo-2\/2022-12-16\/castillo-ficara-18-meses-preso-em-mesmo-quartel-onde-fujimori-cumpre-pena\/#article","isPartOf":{"@id":"https:\/\/pre.efe.com\/pt-br\/mundo-2\/2022-12-16\/castillo-ficara-18-meses-preso-em-mesmo-quartel-onde-fujimori-cumpre-pena\/"},"author":{"name":"anachain","@id":"https:\/\/pre.efe.com\/pt-br\/#\/schema\/person\/b19f23f210db552768f68a4b552b004f"},"headline":"Castillo ficar\u00e1 18 meses preso em mesmo quartel onde Fujimori cumpre pena","datePublished":"2022-12-16T20:12:00+00:00","dateModified":"2022-12-16T21:45:37+00:00","mainEntityOfPage":{"@id":"https:\/\/pre.efe.com\/pt-br\/mundo-2\/2022-12-16\/castillo-ficara-18-meses-preso-em-mesmo-quartel-onde-fujimori-cumpre-pena\/"},"wordCount":430,"publisher":{"@id":"https:\/\/pre.efe.com\/pt-br\/#organization"},"image":{"@id":"https:\/\/pre.efe.com\/pt-br\/mundo-2\/2022-12-16\/castillo-ficara-18-meses-preso-em-mesmo-quartel-onde-fujimori-cumpre-pena\/#primaryimage"},"thumbnailUrl":"https:\/\/pre.efe.com\/wp-content\/uploads\/2022\/12\/CASTILLO.jpg","keywords":["Crise","Governo","Peru"],"articleSection":["Mundo","Portada"],"inLanguage":"pt-BR","copyrightYear":"2022","copyrightHolder":{"@id":"https:\/\/pre.efe.com\/#organization"}},{"@type":["WebPage","ItemPage"],"@id":"https:\/\/pre.efe.com\/pt-br\/mundo-2\/2022-12-16\/castillo-ficara-18-meses-preso-em-mesmo-quartel-onde-fujimori-cumpre-pena\/","url":"https:\/\/pre.efe.com\/pt-br\/mundo-2\/2022-12-16\/castillo-ficara-18-meses-preso-em-mesmo-quartel-onde-fujimori-cumpre-pena\/","name":"Castillo ficar\u00e1 18 meses preso em mesmo quartel onde Fujimori cumpre pena - EFE","isPartOf":{"@id":"https:\/\/pre.efe.com\/pt-br\/#website"},"primaryImageOfPage":{"@id":"https:\/\/pre.efe.com\/pt-br\/mundo-2\/2022-12-16\/castillo-ficara-18-meses-preso-em-mesmo-quartel-onde-fujimori-cumpre-pena\/#primaryimage"},"image":{"@id":"https:\/\/pre.efe.com\/pt-br\/mundo-2\/2022-12-16\/castillo-ficara-18-meses-preso-em-mesmo-quartel-onde-fujimori-cumpre-pena\/#primaryimage"},"thumbnailUrl":"https:\/\/pre.efe.com\/wp-content\/uploads\/2022\/12\/CASTILLO.jpg","datePublished":"2022-12-16T20:12:00+00:00","dateModified":"2022-12-16T21:45:37+00:00","breadcrumb":{"@id":"https:\/\/pre.efe.com\/pt-br\/mundo-2\/2022-12-16\/castillo-ficara-18-meses-preso-em-mesmo-quartel-onde-fujimori-cumpre-pena\/#breadcrumb"},"inLanguage":"pt-BR","potentialAction":[{"@type":"ReadAction","target":["https:\/\/pre.efe.com\/pt-br\/mundo-2\/2022-12-16\/castillo-ficara-18-meses-preso-em-mesmo-quartel-onde-fujimori-cumpre-pena\/"]}]},{"@type":"ImageObject","inLanguage":"pt-BR","@id":"https:\/\/pre.efe.com\/pt-br\/mundo-2\/2022-12-16\/castillo-ficara-18-meses-preso-em-mesmo-quartel-onde-fujimori-cumpre-pena\/#primaryimage","url":"https:\/\/pre.efe.com\/wp-content\/uploads\/2022\/12\/CASTILLO.jpg","contentUrl":"https:\/\/pre.efe.com\/wp-content\/uploads\/2022\/12\/CASTILLO.jpg","width":640,"height":512,"caption":"Pedro Castillo. EFE\/Arquivo"},{"@type":"BreadcrumbList","@id":"https:\/\/pre.efe.com\/pt-br\/mundo-2\/2022-12-16\/castillo-ficara-18-meses-preso-em-mesmo-quartel-onde-fujimori-cumpre-pena\/#breadcrumb","itemListElement":[{"@type":"ListItem","position":1,"name":"Portada","item":"https:\/\/pre.efe.com\/pt-br\/"},{"@type":"ListItem","position":2,"name":"Castillo ficar\u00e1 18 meses preso em mesmo quartel onde Fujimori cumpre pena"}]},{"@type":"WebSite","@id":"https:\/\/pre.efe.com\/pt-br\/#website","url":"https:\/\/pre.efe.com\/pt-br\/","name":"EFE Noticias","description":"","publisher":{"@id":"https:\/\/pre.efe.com\/pt-br\/#organization"},"potentialAction":[{"@type":"SearchAction","target":{"@type":"EntryPoint","urlTemplate":"https:\/\/pre.efe.com\/pt-br\/?s={search_term_string}"},"query-input":{"@type":"PropertyValueSpecification","valueRequired":true,"valueName":"search_term_string"}}],"inLanguage":"pt-BR"},{"@type":"Organization","@id":"https:\/\/pre.efe.com\/pt-br\/#organization","name":"Agencia EFE","url":"https:\/\/pre.efe.com\/pt-br\/","logo":{"@type":"ImageObject","inLanguage":"pt-BR","@id":"https:\/\/pre.efe.com\/pt-br\/#\/schema\/logo\/image\/","url":"https:\/\/pre.efe.com\/wp-content\/uploads\/2023\/06\/logo-efe-467.png","contentUrl":"https:\/\/pre.efe.com\/wp-content\/uploads\/2023\/06\/logo-efe-467.png","width":467,"height":467,"caption":"Agencia EFE"},"image":{"@id":"https:\/\/pre.efe.com\/pt-br\/#\/schema\/logo\/image\/"},"sameAs":["https:\/\/www.facebook.com\/AgenciaEFEnoticias\/","https:\/\/x.com\/efenoticias","https:\/\/www.instagram.com\/efe_noticias\/","http:\/\/www.youtube.com\/efe"]},{"@type":"Person","@id":"https:\/\/pre.efe.com\/pt-br\/#\/schema\/person\/b19f23f210db552768f68a4b552b004f","name":"anachain","image":{"@type":"ImageObject","inLanguage":"pt-BR","@id":"https:\/\/secure.gravatar.com\/avatar\/30b83965911ef1108bb893c00bdd65c885f9890e1265ee04b02c3d5adc785d37?s=96&d=identicon&r=g","url":"https:\/\/secure.gravatar.com\/avatar\/30b83965911ef1108bb893c00bdd65c885f9890e1265ee04b02c3d5adc785d37?s=96&d=identicon&r=g","contentUrl":"https:\/\/secure.gravatar.com\/avatar\/30b83965911ef1108bb893c00bdd65c885f9890e1265ee04b02c3d5adc785d37?s=96&d=identicon&r=g","caption":"anachain"},"url":"https:\/\/pre.efe.com\/pt-br\/autor\/anachain\/"}]}},"jetpack_featured_media_url":"https:\/\/pre.efe.com\/wp-content\/uploads\/2022\/12\/CASTILLO.jpg","jetpack_shortlink":"https:\/\/wp.me\/peJvHm-SSE","jetpack_sharing_enabled":true,"_links":{"self":[{"href":"https:\/\/pre.efe.com\/pt-br\/wp-json\/wp\/v2\/posts\/210964","targetHints":{"allow":["GET"]}}],"collection":[{"href":"https:\/\/pre.efe.com\/pt-br\/wp-json\/wp\/v2\/posts"}],"about":[{"href":"https:\/\/pre.efe.com\/pt-br\/wp-json\/wp\/v2\/types\/post"}],"author":[{"embeddable":true,"href":"https:\/\/pre.efe.com\/pt-br\/wp-json\/wp\/v2\/users\/198164106"}],"replies":[{"embeddable":true,"href":"https:\/\/pre.efe.com\/pt-br\/wp-json\/wp\/v2\/comments?post=210964"}],"version-history":[{"count":2,"href":"https:\/\/pre.efe.com\/pt-br\/wp-json\/wp\/v2\/posts\/210964\/revisions"}],"predecessor-version":[{"id":210969,"href":"https:\/\/pre.efe.com\/pt-br\/wp-json\/wp\/v2\/posts\/210964\/revisions\/210969"}],"wp:featuredmedia":[{"embeddable":true,"href":"https:\/\/pre.efe.com\/pt-br\/wp-json\/wp\/v2\/media\/210966"}],"wp:attachment":[{"href":"https:\/\/pre.efe.com\/pt-br\/wp-json\/wp\/v2\/media?parent=210964"}],"wp:term":[{"taxonomy":"category","embeddable":true,"href":"https:\/\/pre.efe.com\/pt-br\/wp-json\/wp\/v2\/categories?post=210964"},{"taxonomy":"post_tag","embeddable":true,"href":"https:\/\/pre.efe.com\/pt-br\/wp-json\/wp\/v2\/tags?post=210964"}],"curies":[{"name":"wp","href":"https:\/\/api.w.org\/{rel}","templated":true}]}}