{"id":214572,"date":"2022-12-19T19:57:00","date_gmt":"2022-12-19T18:57:00","guid":{"rendered":"https:\/\/pre.efe.com\/?p=214572"},"modified":"2022-12-20T08:06:16","modified_gmt":"2022-12-20T07:06:16","slug":"comite-que-investiga-ataque-ao-capitolio-recomenda-indiciar-trump","status":"publish","type":"post","link":"https:\/\/pre.efe.com\/pt-br\/mundo-2\/2022-12-19\/comite-que-investiga-ataque-ao-capitolio-recomenda-indiciar-trump\/","title":{"rendered":"Comit\u00ea que investiga ataque ao Capit\u00f3lio recomenda indiciar Trump"},"content":{"rendered":"\n<p>Washington (EFE).- A comiss\u00e3o legislativa que investiga o ataque de 6 de janeiro de 2021 ao Capit\u00f3lio dos Estados Unidos recomendou na segunda-feira ao Departamento de Justi\u00e7a que o ex-presidente Donald Trump (2017-2021) seja indiciado.<\/p>\n\n\n\n<p>De acordo com a comiss\u00e3o, Trump obstruiu um processo oficial e incitou ou apoiou uma insurrei\u00e7\u00e3o, al\u00e9m de ter conspirado para fraudar o governo federal e para fazer falsas declara\u00e7\u00f5es \u00e0 administra\u00e7\u00e3o.<\/p>\n\n\n\n<blockquote class=\"wp-block-quote is-layout-flow wp-block-quote-is-layout-flow\">\n<p>&#8220;Todo o prop\u00f3sito e objetivo \u00f3bvio do plano de Trump era obstruir, influenciar e impedir a transfer\u00eancia legal de poder nos Estados Unidos. Ele tinha um acordo formal e informal com v\u00e1rias pessoas que o ajudaram nos seus objetivos criminosos&#8221;, disse o congressista democrata Jamie Raskin, que integra a comiss\u00e3o e esperava que a investiga\u00e7\u00e3o do Departamento de Justi\u00e7a fornecesse um quadro mais detalhado.<\/p>\n<\/blockquote>\n\n\n\n<p>As recomenda\u00e7\u00f5es ao Departamento de Justi\u00e7a tamb\u00e9m citaram explicitamente o advogado Trump John Eastman, acusado de obstruir um processo oficial e de conspirar para fraudar o governo federal.<\/p>\n\n\n\n<p>&#8220;Compreendemos a gravidade de toda e qualquer sugest\u00e3o que fazemos hoje, tal como compreendemos a magnitude do crime contra a democracia que descrevemos no nosso relat\u00f3rio, mas fomos para onde os fatos e a lei nos levam, e eles nos levam inevitavelmente para l\u00e1&#8221;, disse Raskin.<\/p>\n\n\n\n<p>Em 6 de janeiro de 2021, cerca de 10 mil pessoas, a maioria apoiadores do ent\u00e3o presidente republicano, protestaram em frente ao Capit\u00f3lio e cerca de 800 invadiram o edif\u00edcio quando a vit\u00f3ria do democrata Joe Biden nas elei\u00e7\u00f5es presidenciais de novembro estava a ser certificada. Cinco pessoas foram mortas e cerca de 140 oficiais ficaram feridos.<\/p>\n\n\n\n<blockquote class=\"wp-block-quote is-layout-flow wp-block-quote-is-layout-flow\">\n<p>&#8220;N\u00e3o h\u00e1 d\u00favida que Trump pensou que as a\u00e7\u00f5es dos invasores eram justificadas&#8221;, argumentou a congressista democrata Elaine Luria, segundo a qual o ent\u00e3o presidente &#8220;jogou gasolina na fogueira&#8221; e passou horas assistindo pela televis\u00e3o sem fazer nada para impedir os fatos.<\/p>\n<\/blockquote>\n\n\n\n<p>Trump ter passado a tarde assistindo ao ataque pela televis\u00e3o, segundo a congressista republicana Liz Cheney, foi uma das descobertas mais &#8220;embara\u00e7osas&#8221; da investiga\u00e7\u00e3o. Aquele dia &#8220;foi a primeira vez que um presidente americano rejeitou o seu dever constitucional de transferir pacificamente o poder para o pr\u00f3ximo&#8221;, analisou.<\/p>\n\n\n\n<p>A comiss\u00e3o, formada em julho de 2021, \u00e9 composta por nove membros, sendo sete democratas e dois republicanos, e decidiu por unanimidade emitir as suas recomenda\u00e7\u00f5es para que Trump e Eastman sejam indiciados. O relat\u00f3rio final ser\u00e1 apresentado na quarta-feira.<\/p>\n\n\n\n<p>A decis\u00e3o de acusar Trump cabe, em \u00faltima an\u00e1lise, ao procurador-geral, Merrick Garland, que em novembro anunciou a nomea\u00e7\u00e3o de um procurador especial para investigar Trump pelo poss\u00edvel envolvimento na invas\u00e3o ao Capit\u00f3lio e por documentos confidenciais encontrados na sua resid\u00eancia em Mar-a-Lago, na Fl\u00f3rida, ap\u00f3s deixar o poder.<\/p>\n\n\n\n<p>A audi\u00eancia desta segunda-feira foi a d\u00e9cima e \u00faltima do comit\u00ea, que entrevistou mais de mil pessoas direta ou indiretamente envolvidas na insurrei\u00e7\u00e3o.&nbsp;EFE<\/p>\n","protected":false},"excerpt":{"rendered":"<p>Washington (EFE).- A comiss\u00e3o legislativa que investiga o ataque de 6 de janeiro de 2021 ao Capit\u00f3lio dos Estados Unidos recomendou na segunda-feira ao Departamento de Justi\u00e7a que o ex-presidente Donald Trump (2017-2021) seja indiciado. De acordo com a comiss\u00e3o, Trump obstruiu um processo oficial e incitou ou apoiou uma insurrei\u00e7\u00e3o, al\u00e9m de ter conspirado &#8230; <a title=\"Comit\u00ea que investiga ataque ao Capit\u00f3lio recomenda indiciar Trump\" class=\"read-more\" href=\"https:\/\/pre.efe.com\/pt-br\/mundo-2\/2022-12-19\/comite-que-investiga-ataque-ao-capitolio-recomenda-indiciar-trump\/\" aria-label=\"Read more about Comit\u00ea que investiga ataque ao Capit\u00f3lio recomenda indiciar Trump\">Leia mais<\/a><\/p>\n","protected":false},"author":198164106,"featured_media":199166,"comment_status":"closed","ping_status":"closed","sticky":false,"template":"","format":"standard","meta":{"_acf_changed":false,"_jetpack_memberships_contains_paid_content":false,"footnotes":""},"categories":[123208,122141],"tags":[122371,122630,125888],"class_list":["post-214572","post","type-post","status-publish","format-standard","has-post-thumbnail","hentry","category-mundo-2","category-portada","tag-eua","tag-justica","tag-trump-2","generate-columns","tablet-grid-50","mobile-grid-100","grid-parent","grid-50"],"acf":[],"yoast_head":"<!-- This site is optimized with the Yoast SEO Premium plugin v26.0 (Yoast SEO v27.4) - https:\/\/yoast.com\/product\/yoast-seo-premium-wordpress\/ -->\n<title>Comit\u00ea que investiga ataque ao Capit\u00f3lio recomenda indiciar Trump - EFE<\/title>\n<meta name=\"robots\" content=\"noindex, follow\" \/>\n<meta property=\"og:locale\" content=\"pt_BR\" \/>\n<meta property=\"og:type\" content=\"article\" \/>\n<meta property=\"og:title\" content=\"Comit\u00ea que investiga ataque ao Capit\u00f3lio recomenda indiciar Trump - EFE\" \/>\n<meta property=\"og:description\" content=\"Washington (EFE).- A comiss\u00e3o legislativa que investiga o ataque de 6 de janeiro de 2021 ao Capit\u00f3lio dos Estados Unidos recomendou na segunda-feira ao Departamento de Justi\u00e7a que o ex-presidente Donald Trump (2017-2021) seja indiciado. De acordo com a comiss\u00e3o, Trump obstruiu um processo oficial e incitou ou apoiou uma insurrei\u00e7\u00e3o, al\u00e9m de ter conspirado ... Leia mais\" \/>\n<meta property=\"og:url\" content=\"https:\/\/pre.efe.com\/pt-br\/mundo-2\/2022-12-19\/comite-que-investiga-ataque-ao-capitolio-recomenda-indiciar-trump\/\" \/>\n<meta property=\"og:site_name\" content=\"EFE Noticias\" \/>\n<meta property=\"article:publisher\" content=\"https:\/\/www.facebook.com\/AgenciaEFEnoticias\/\" \/>\n<meta property=\"article:published_time\" content=\"2022-12-19T18:57:00+00:00\" \/>\n<meta property=\"article:modified_time\" content=\"2022-12-20T07:06:16+00:00\" \/>\n<meta property=\"og:image\" content=\"https:\/\/i0.wp.com\/efe.com\/\/srv\/htdocs\/wp-content\/uploads\/2022\/12\/DONALD-TRUMP-001.jpg?fit=900%2C600&ssl=1\" \/>\n\t<meta property=\"og:image:width\" content=\"900\" \/>\n\t<meta property=\"og:image:height\" content=\"600\" \/>\n\t<meta property=\"og:image:type\" content=\"image\/jpeg\" \/>\n<meta name=\"author\" content=\"anachain\" \/>\n<meta name=\"twitter:card\" content=\"summary_large_image\" \/>\n<meta name=\"twitter:creator\" content=\"@efenoticias\" \/>\n<meta name=\"twitter:site\" content=\"@efenoticias\" \/>\n<script type=\"application\/ld+json\" class=\"yoast-schema-graph\">{\"@context\":\"https:\\\/\\\/schema.org\",\"@graph\":[{\"@type\":\"NewsArticle\",\"@id\":\"https:\\\/\\\/pre.efe.com\\\/pt-br\\\/mundo-2\\\/2022-12-19\\\/comite-que-investiga-ataque-ao-capitolio-recomenda-indiciar-trump\\\/#article\",\"isPartOf\":{\"@id\":\"https:\\\/\\\/pre.efe.com\\\/pt-br\\\/mundo-2\\\/2022-12-19\\\/comite-que-investiga-ataque-ao-capitolio-recomenda-indiciar-trump\\\/\"},\"author\":{\"name\":\"anachain\",\"@id\":\"https:\\\/\\\/pre.efe.com\\\/pt-br\\\/#\\\/schema\\\/person\\\/b19f23f210db552768f68a4b552b004f\"},\"headline\":\"Comit\u00ea que investiga ataque ao Capit\u00f3lio recomenda indiciar Trump\",\"datePublished\":\"2022-12-19T18:57:00+00:00\",\"dateModified\":\"2022-12-20T07:06:16+00:00\",\"mainEntityOfPage\":{\"@id\":\"https:\\\/\\\/pre.efe.com\\\/pt-br\\\/mundo-2\\\/2022-12-19\\\/comite-que-investiga-ataque-ao-capitolio-recomenda-indiciar-trump\\\/\"},\"wordCount\":515,\"publisher\":{\"@id\":\"https:\\\/\\\/pre.efe.com\\\/pt-br\\\/#organization\"},\"image\":{\"@id\":\"https:\\\/\\\/pre.efe.com\\\/pt-br\\\/mundo-2\\\/2022-12-19\\\/comite-que-investiga-ataque-ao-capitolio-recomenda-indiciar-trump\\\/#primaryimage\"},\"thumbnailUrl\":\"https:\\\/\\\/pre.efe.com\\\/wp-content\\\/uploads\\\/2022\\\/12\\\/DONALD-TRUMP-001.jpg\",\"keywords\":[\"EUA\",\"Justi\u00e7a\",\"Trump\"],\"articleSection\":[\"Mundo\",\"Portada\"],\"inLanguage\":\"pt-BR\",\"copyrightYear\":\"2022\",\"copyrightHolder\":{\"@id\":\"https:\\\/\\\/pre.efe.com\\\/#organization\"}},{\"@type\":[\"WebPage\",\"ItemPage\"],\"@id\":\"https:\\\/\\\/pre.efe.com\\\/pt-br\\\/mundo-2\\\/2022-12-19\\\/comite-que-investiga-ataque-ao-capitolio-recomenda-indiciar-trump\\\/\",\"url\":\"https:\\\/\\\/pre.efe.com\\\/pt-br\\\/mundo-2\\\/2022-12-19\\\/comite-que-investiga-ataque-ao-capitolio-recomenda-indiciar-trump\\\/\",\"name\":\"Comit\u00ea que investiga ataque ao Capit\u00f3lio recomenda indiciar Trump - EFE\",\"isPartOf\":{\"@id\":\"https:\\\/\\\/pre.efe.com\\\/pt-br\\\/#website\"},\"primaryImageOfPage\":{\"@id\":\"https:\\\/\\\/pre.efe.com\\\/pt-br\\\/mundo-2\\\/2022-12-19\\\/comite-que-investiga-ataque-ao-capitolio-recomenda-indiciar-trump\\\/#primaryimage\"},\"image\":{\"@id\":\"https:\\\/\\\/pre.efe.com\\\/pt-br\\\/mundo-2\\\/2022-12-19\\\/comite-que-investiga-ataque-ao-capitolio-recomenda-indiciar-trump\\\/#primaryimage\"},\"thumbnailUrl\":\"https:\\\/\\\/pre.efe.com\\\/wp-content\\\/uploads\\\/2022\\\/12\\\/DONALD-TRUMP-001.jpg\",\"datePublished\":\"2022-12-19T18:57:00+00:00\",\"dateModified\":\"2022-12-20T07:06:16+00:00\",\"breadcrumb\":{\"@id\":\"https:\\\/\\\/pre.efe.com\\\/pt-br\\\/mundo-2\\\/2022-12-19\\\/comite-que-investiga-ataque-ao-capitolio-recomenda-indiciar-trump\\\/#breadcrumb\"},\"inLanguage\":\"pt-BR\",\"potentialAction\":[{\"@type\":\"ReadAction\",\"target\":[\"https:\\\/\\\/pre.efe.com\\\/pt-br\\\/mundo-2\\\/2022-12-19\\\/comite-que-investiga-ataque-ao-capitolio-recomenda-indiciar-trump\\\/\"]}]},{\"@type\":\"ImageObject\",\"inLanguage\":\"pt-BR\",\"@id\":\"https:\\\/\\\/pre.efe.com\\\/pt-br\\\/mundo-2\\\/2022-12-19\\\/comite-que-investiga-ataque-ao-capitolio-recomenda-indiciar-trump\\\/#primaryimage\",\"url\":\"https:\\\/\\\/pre.efe.com\\\/wp-content\\\/uploads\\\/2022\\\/12\\\/DONALD-TRUMP-001.jpg\",\"contentUrl\":\"https:\\\/\\\/pre.efe.com\\\/wp-content\\\/uploads\\\/2022\\\/12\\\/DONALD-TRUMP-001.jpg\",\"width\":900,\"height\":600,\"caption\":\"O ex-presidente dos EUA, Donald Trump (2017-2021). EFE\\\/Arquivo\\\/JIM LO SCALZO\"},{\"@type\":\"BreadcrumbList\",\"@id\":\"https:\\\/\\\/pre.efe.com\\\/pt-br\\\/mundo-2\\\/2022-12-19\\\/comite-que-investiga-ataque-ao-capitolio-recomenda-indiciar-trump\\\/#breadcrumb\",\"itemListElement\":[{\"@type\":\"ListItem\",\"position\":1,\"name\":\"Portada\",\"item\":\"https:\\\/\\\/pre.efe.com\\\/pt-br\\\/\"},{\"@type\":\"ListItem\",\"position\":2,\"name\":\"Comit\u00ea que investiga ataque ao Capit\u00f3lio recomenda indiciar Trump\"}]},{\"@type\":\"WebSite\",\"@id\":\"https:\\\/\\\/pre.efe.com\\\/pt-br\\\/#website\",\"url\":\"https:\\\/\\\/pre.efe.com\\\/pt-br\\\/\",\"name\":\"EFE Noticias\",\"description\":\"\",\"publisher\":{\"@id\":\"https:\\\/\\\/pre.efe.com\\\/pt-br\\\/#organization\"},\"potentialAction\":[{\"@type\":\"SearchAction\",\"target\":{\"@type\":\"EntryPoint\",\"urlTemplate\":\"https:\\\/\\\/pre.efe.com\\\/pt-br\\\/?s={search_term_string}\"},\"query-input\":{\"@type\":\"PropertyValueSpecification\",\"valueRequired\":true,\"valueName\":\"search_term_string\"}}],\"inLanguage\":\"pt-BR\"},{\"@type\":\"Organization\",\"@id\":\"https:\\\/\\\/pre.efe.com\\\/pt-br\\\/#organization\",\"name\":\"Agencia EFE\",\"url\":\"https:\\\/\\\/pre.efe.com\\\/pt-br\\\/\",\"logo\":{\"@type\":\"ImageObject\",\"inLanguage\":\"pt-BR\",\"@id\":\"https:\\\/\\\/pre.efe.com\\\/pt-br\\\/#\\\/schema\\\/logo\\\/image\\\/\",\"url\":\"https:\\\/\\\/pre.efe.com\\\/wp-content\\\/uploads\\\/2023\\\/06\\\/logo-efe-467.png\",\"contentUrl\":\"https:\\\/\\\/pre.efe.com\\\/wp-content\\\/uploads\\\/2023\\\/06\\\/logo-efe-467.png\",\"width\":467,\"height\":467,\"caption\":\"Agencia EFE\"},\"image\":{\"@id\":\"https:\\\/\\\/pre.efe.com\\\/pt-br\\\/#\\\/schema\\\/logo\\\/image\\\/\"},\"sameAs\":[\"https:\\\/\\\/www.facebook.com\\\/AgenciaEFEnoticias\\\/\",\"https:\\\/\\\/x.com\\\/efenoticias\",\"https:\\\/\\\/www.instagram.com\\\/efe_noticias\\\/\",\"http:\\\/\\\/www.youtube.com\\\/efe\"]},{\"@type\":\"Person\",\"@id\":\"https:\\\/\\\/pre.efe.com\\\/pt-br\\\/#\\\/schema\\\/person\\\/b19f23f210db552768f68a4b552b004f\",\"name\":\"anachain\",\"image\":{\"@type\":\"ImageObject\",\"inLanguage\":\"pt-BR\",\"@id\":\"https:\\\/\\\/secure.gravatar.com\\\/avatar\\\/30b83965911ef1108bb893c00bdd65c885f9890e1265ee04b02c3d5adc785d37?s=96&d=identicon&r=g\",\"url\":\"https:\\\/\\\/secure.gravatar.com\\\/avatar\\\/30b83965911ef1108bb893c00bdd65c885f9890e1265ee04b02c3d5adc785d37?s=96&d=identicon&r=g\",\"contentUrl\":\"https:\\\/\\\/secure.gravatar.com\\\/avatar\\\/30b83965911ef1108bb893c00bdd65c885f9890e1265ee04b02c3d5adc785d37?s=96&d=identicon&r=g\",\"caption\":\"anachain\"},\"url\":\"https:\\\/\\\/pre.efe.com\\\/pt-br\\\/autor\\\/anachain\\\/\"}]}<\/script>\n<!-- \/ Yoast SEO Premium plugin. -->","yoast_head_json":{"title":"Comit\u00ea que investiga ataque ao Capit\u00f3lio recomenda indiciar Trump - EFE","robots":{"index":"noindex","follow":"follow"},"og_locale":"pt_BR","og_type":"article","og_title":"Comit\u00ea que investiga ataque ao Capit\u00f3lio recomenda indiciar Trump - EFE","og_description":"Washington (EFE).- A comiss\u00e3o legislativa que investiga o ataque de 6 de janeiro de 2021 ao Capit\u00f3lio dos Estados Unidos recomendou na segunda-feira ao Departamento de Justi\u00e7a que o ex-presidente Donald Trump (2017-2021) seja indiciado. De acordo com a comiss\u00e3o, Trump obstruiu um processo oficial e incitou ou apoiou uma insurrei\u00e7\u00e3o, al\u00e9m de ter conspirado ... Leia mais","og_url":"https:\/\/pre.efe.com\/pt-br\/mundo-2\/2022-12-19\/comite-que-investiga-ataque-ao-capitolio-recomenda-indiciar-trump\/","og_site_name":"EFE Noticias","article_publisher":"https:\/\/www.facebook.com\/AgenciaEFEnoticias\/","article_published_time":"2022-12-19T18:57:00+00:00","article_modified_time":"2022-12-20T07:06:16+00:00","og_image":[{"width":900,"height":600,"url":"https:\/\/i0.wp.com\/efe.com\/\/srv\/htdocs\/wp-content\/uploads\/2022\/12\/DONALD-TRUMP-001.jpg?fit=900%2C600&ssl=1","type":"image\/jpeg"}],"author":"anachain","twitter_card":"summary_large_image","twitter_creator":"@efenoticias","twitter_site":"@efenoticias","schema":{"@context":"https:\/\/schema.org","@graph":[{"@type":"NewsArticle","@id":"https:\/\/pre.efe.com\/pt-br\/mundo-2\/2022-12-19\/comite-que-investiga-ataque-ao-capitolio-recomenda-indiciar-trump\/#article","isPartOf":{"@id":"https:\/\/pre.efe.com\/pt-br\/mundo-2\/2022-12-19\/comite-que-investiga-ataque-ao-capitolio-recomenda-indiciar-trump\/"},"author":{"name":"anachain","@id":"https:\/\/pre.efe.com\/pt-br\/#\/schema\/person\/b19f23f210db552768f68a4b552b004f"},"headline":"Comit\u00ea que investiga ataque ao Capit\u00f3lio recomenda indiciar Trump","datePublished":"2022-12-19T18:57:00+00:00","dateModified":"2022-12-20T07:06:16+00:00","mainEntityOfPage":{"@id":"https:\/\/pre.efe.com\/pt-br\/mundo-2\/2022-12-19\/comite-que-investiga-ataque-ao-capitolio-recomenda-indiciar-trump\/"},"wordCount":515,"publisher":{"@id":"https:\/\/pre.efe.com\/pt-br\/#organization"},"image":{"@id":"https:\/\/pre.efe.com\/pt-br\/mundo-2\/2022-12-19\/comite-que-investiga-ataque-ao-capitolio-recomenda-indiciar-trump\/#primaryimage"},"thumbnailUrl":"https:\/\/pre.efe.com\/wp-content\/uploads\/2022\/12\/DONALD-TRUMP-001.jpg","keywords":["EUA","Justi\u00e7a","Trump"],"articleSection":["Mundo","Portada"],"inLanguage":"pt-BR","copyrightYear":"2022","copyrightHolder":{"@id":"https:\/\/pre.efe.com\/#organization"}},{"@type":["WebPage","ItemPage"],"@id":"https:\/\/pre.efe.com\/pt-br\/mundo-2\/2022-12-19\/comite-que-investiga-ataque-ao-capitolio-recomenda-indiciar-trump\/","url":"https:\/\/pre.efe.com\/pt-br\/mundo-2\/2022-12-19\/comite-que-investiga-ataque-ao-capitolio-recomenda-indiciar-trump\/","name":"Comit\u00ea que investiga ataque ao Capit\u00f3lio recomenda indiciar Trump - EFE","isPartOf":{"@id":"https:\/\/pre.efe.com\/pt-br\/#website"},"primaryImageOfPage":{"@id":"https:\/\/pre.efe.com\/pt-br\/mundo-2\/2022-12-19\/comite-que-investiga-ataque-ao-capitolio-recomenda-indiciar-trump\/#primaryimage"},"image":{"@id":"https:\/\/pre.efe.com\/pt-br\/mundo-2\/2022-12-19\/comite-que-investiga-ataque-ao-capitolio-recomenda-indiciar-trump\/#primaryimage"},"thumbnailUrl":"https:\/\/pre.efe.com\/wp-content\/uploads\/2022\/12\/DONALD-TRUMP-001.jpg","datePublished":"2022-12-19T18:57:00+00:00","dateModified":"2022-12-20T07:06:16+00:00","breadcrumb":{"@id":"https:\/\/pre.efe.com\/pt-br\/mundo-2\/2022-12-19\/comite-que-investiga-ataque-ao-capitolio-recomenda-indiciar-trump\/#breadcrumb"},"inLanguage":"pt-BR","potentialAction":[{"@type":"ReadAction","target":["https:\/\/pre.efe.com\/pt-br\/mundo-2\/2022-12-19\/comite-que-investiga-ataque-ao-capitolio-recomenda-indiciar-trump\/"]}]},{"@type":"ImageObject","inLanguage":"pt-BR","@id":"https:\/\/pre.efe.com\/pt-br\/mundo-2\/2022-12-19\/comite-que-investiga-ataque-ao-capitolio-recomenda-indiciar-trump\/#primaryimage","url":"https:\/\/pre.efe.com\/wp-content\/uploads\/2022\/12\/DONALD-TRUMP-001.jpg","contentUrl":"https:\/\/pre.efe.com\/wp-content\/uploads\/2022\/12\/DONALD-TRUMP-001.jpg","width":900,"height":600,"caption":"O ex-presidente dos EUA, Donald Trump (2017-2021). EFE\/Arquivo\/JIM LO SCALZO"},{"@type":"BreadcrumbList","@id":"https:\/\/pre.efe.com\/pt-br\/mundo-2\/2022-12-19\/comite-que-investiga-ataque-ao-capitolio-recomenda-indiciar-trump\/#breadcrumb","itemListElement":[{"@type":"ListItem","position":1,"name":"Portada","item":"https:\/\/pre.efe.com\/pt-br\/"},{"@type":"ListItem","position":2,"name":"Comit\u00ea que investiga ataque ao Capit\u00f3lio recomenda indiciar Trump"}]},{"@type":"WebSite","@id":"https:\/\/pre.efe.com\/pt-br\/#website","url":"https:\/\/pre.efe.com\/pt-br\/","name":"EFE Noticias","description":"","publisher":{"@id":"https:\/\/pre.efe.com\/pt-br\/#organization"},"potentialAction":[{"@type":"SearchAction","target":{"@type":"EntryPoint","urlTemplate":"https:\/\/pre.efe.com\/pt-br\/?s={search_term_string}"},"query-input":{"@type":"PropertyValueSpecification","valueRequired":true,"valueName":"search_term_string"}}],"inLanguage":"pt-BR"},{"@type":"Organization","@id":"https:\/\/pre.efe.com\/pt-br\/#organization","name":"Agencia EFE","url":"https:\/\/pre.efe.com\/pt-br\/","logo":{"@type":"ImageObject","inLanguage":"pt-BR","@id":"https:\/\/pre.efe.com\/pt-br\/#\/schema\/logo\/image\/","url":"https:\/\/pre.efe.com\/wp-content\/uploads\/2023\/06\/logo-efe-467.png","contentUrl":"https:\/\/pre.efe.com\/wp-content\/uploads\/2023\/06\/logo-efe-467.png","width":467,"height":467,"caption":"Agencia EFE"},"image":{"@id":"https:\/\/pre.efe.com\/pt-br\/#\/schema\/logo\/image\/"},"sameAs":["https:\/\/www.facebook.com\/AgenciaEFEnoticias\/","https:\/\/x.com\/efenoticias","https:\/\/www.instagram.com\/efe_noticias\/","http:\/\/www.youtube.com\/efe"]},{"@type":"Person","@id":"https:\/\/pre.efe.com\/pt-br\/#\/schema\/person\/b19f23f210db552768f68a4b552b004f","name":"anachain","image":{"@type":"ImageObject","inLanguage":"pt-BR","@id":"https:\/\/secure.gravatar.com\/avatar\/30b83965911ef1108bb893c00bdd65c885f9890e1265ee04b02c3d5adc785d37?s=96&d=identicon&r=g","url":"https:\/\/secure.gravatar.com\/avatar\/30b83965911ef1108bb893c00bdd65c885f9890e1265ee04b02c3d5adc785d37?s=96&d=identicon&r=g","contentUrl":"https:\/\/secure.gravatar.com\/avatar\/30b83965911ef1108bb893c00bdd65c885f9890e1265ee04b02c3d5adc785d37?s=96&d=identicon&r=g","caption":"anachain"},"url":"https:\/\/pre.efe.com\/pt-br\/autor\/anachain\/"}]}},"jetpack_featured_media_url":"https:\/\/pre.efe.com\/wp-content\/uploads\/2022\/12\/DONALD-TRUMP-001.jpg","jetpack_shortlink":"https:\/\/wp.me\/peJvHm-TOQ","jetpack_sharing_enabled":true,"_links":{"self":[{"href":"https:\/\/pre.efe.com\/pt-br\/wp-json\/wp\/v2\/posts\/214572","targetHints":{"allow":["GET"]}}],"collection":[{"href":"https:\/\/pre.efe.com\/pt-br\/wp-json\/wp\/v2\/posts"}],"about":[{"href":"https:\/\/pre.efe.com\/pt-br\/wp-json\/wp\/v2\/types\/post"}],"author":[{"embeddable":true,"href":"https:\/\/pre.efe.com\/pt-br\/wp-json\/wp\/v2\/users\/198164106"}],"replies":[{"embeddable":true,"href":"https:\/\/pre.efe.com\/pt-br\/wp-json\/wp\/v2\/comments?post=214572"}],"version-history":[{"count":2,"href":"https:\/\/pre.efe.com\/pt-br\/wp-json\/wp\/v2\/posts\/214572\/revisions"}],"predecessor-version":[{"id":214578,"href":"https:\/\/pre.efe.com\/pt-br\/wp-json\/wp\/v2\/posts\/214572\/revisions\/214578"}],"wp:featuredmedia":[{"embeddable":true,"href":"https:\/\/pre.efe.com\/pt-br\/wp-json\/wp\/v2\/media\/199166"}],"wp:attachment":[{"href":"https:\/\/pre.efe.com\/pt-br\/wp-json\/wp\/v2\/media?parent=214572"}],"wp:term":[{"taxonomy":"category","embeddable":true,"href":"https:\/\/pre.efe.com\/pt-br\/wp-json\/wp\/v2\/categories?post=214572"},{"taxonomy":"post_tag","embeddable":true,"href":"https:\/\/pre.efe.com\/pt-br\/wp-json\/wp\/v2\/tags?post=214572"}],"curies":[{"name":"wp","href":"https:\/\/api.w.org\/{rel}","templated":true}]}}