{"id":2149751,"date":"2025-09-16T16:35:00","date_gmt":"2025-09-16T14:35:00","guid":{"rendered":"https:\/\/pre.efe.com\/?p=2149751"},"modified":"2025-09-16T17:03:13","modified_gmt":"2025-09-16T15:03:13","slug":"morre-aos-89-anos-o-ator-e-diretor-americano-robert-redford","status":"publish","type":"post","link":"https:\/\/pre.efe.com\/pt-br\/mundo-2\/2025-09-16\/morre-aos-89-anos-o-ator-e-diretor-americano-robert-redford\/","title":{"rendered":"Morre aos 89 anos o ator e diretor americano Robert Redford"},"content":{"rendered":"\n<p>Washington (EFE).- O premiado ator e diretor americano Robert Redford morreu nesta ter\u00e7a-feira, aos 89 anos, em sua resid\u00eancia no estado de Utah, segundo confirmou sua representante.<\/p>\n\n\n\n<p>Redford morreu durante a madrugada enquanto dormia em sua casa nos arredores da cidade de Provo, em sua resid\u00eancia nas montanhas, afirmou em um comunicado a diretora-executiva da empresa de rela\u00e7\u00f5es p\u00fablicas Rogers &amp; Cowan PMK, Cindi Berger.<\/p>\n\n\n\n<p>&#8220;Robert Redford faleceu em 16 de setembro de 2025 em sua casa em Sundance, nas montanhas de Utah, o lugar que amava, cercado por seus entes queridos&#8221;, disse Berger.<\/p>\n\n\n\n<p>&#8220;Sentiremos muito a sua falta. A fam\u00edlia pede privacidade&#8221;, acrescentou.<\/p>\n\n\n\n<p>Nascido em 1936 em Santa M\u00f4nica, no estado da Calif\u00f3rnia, Redford era uma das estrelas mais reconhecidas do cinema americano e teve um impacto gigantesco em Hollywood como ator, diretor e promotor da cena do cinema independente com a cria\u00e7\u00e3o do Festival de Sundance.<\/p>\n\n\n\n<p>Em 1980, ganhou um Oscar de melhor diretor pelo filme \u201cGente Como a Gente\u201d, que recebeu seis indica\u00e7\u00f5es, e foi candidato \u00e0 estatueta em v\u00e1rias ocasi\u00f5es.<\/p>\n\n\n\n<p>Al\u00e9m disso, estrelou grandes sucessos cinematogr\u00e1ficos como \u201cButch Cassidy\u201d (1969), \u201cGolpe de Mestre\u201d (1973), \u201cO Grande Gatsby\u201d (1974), \u201cTodos os Homens do Presidente\u201d (1976), que aborda o caso Watergate, \u201cDescal\u00e7os no Parque\u201d (1967), ao lado de Jane Fonda, e \u201cEntre Dois Amores\u201d (1985), ao lado de Meryl Streep.<\/p>\n\n\n\n<p>Redford sempre ser\u00e1 lembrado tamb\u00e9m como um forte defensor do meio ambiente. O astro chegou a discursar em um painel realizado na ONU sobre a mudan\u00e7a clim\u00e1tica, no qual se apresentou como &#8220;um ator por profiss\u00e3o, mas um ativista por natureza&#8221;.<\/p>\n\n\n\n<p>Apesar de pertencer a um n\u00edvel de cineastas consagrados, Redford sempre defendeu o cinema independente e foi o fundador do prestigiado Festival de Cinema de Sundance, que \u00e9 realizado no final de janeiro no estado de Utah.<\/p>\n\n\n\n<p>Em 2018, anunciou sua aposentadoria: &#8220;Eu tenho feito isso desde os 21 anos&#8230; j\u00e1 \u00e9 o suficiente&#8221;, disse na \u00e9poca. EFE<\/p>\n","protected":false},"excerpt":{"rendered":"<p>Washington (EFE).- O premiado ator e diretor americano Robert Redford morreu nesta ter\u00e7a-feira, aos 89 anos, em sua resid\u00eancia no estado de Utah, segundo confirmou sua representante. Redford morreu durante a madrugada enquanto dormia em sua casa nos arredores da cidade de Provo, em sua resid\u00eancia nas montanhas, afirmou em um comunicado a diretora-executiva da &#8230; <a title=\"Morre aos 89 anos o ator e diretor americano Robert Redford\" class=\"read-more\" href=\"https:\/\/pre.efe.com\/pt-br\/mundo-2\/2025-09-16\/morre-aos-89-anos-o-ator-e-diretor-americano-robert-redford\/\" aria-label=\"Read more about Morre aos 89 anos o ator e diretor americano Robert Redford\">Leia mais<\/a><\/p>\n","protected":false},"author":198164106,"featured_media":2149305,"comment_status":"closed","ping_status":"closed","sticky":false,"template":"","format":"standard","meta":{"_acf_changed":false,"_jetpack_memberships_contains_paid_content":false,"footnotes":""},"categories":[123208,122141],"tags":[],"class_list":["post-2149751","post","type-post","status-publish","format-standard","has-post-thumbnail","hentry","category-mundo-2","category-portada","generate-columns","tablet-grid-50","mobile-grid-100","grid-parent","grid-50"],"acf":[],"yoast_head":"<!-- This site is optimized with the Yoast SEO Premium plugin v26.0 (Yoast SEO v27.5) - https:\/\/yoast.com\/product\/yoast-seo-premium-wordpress\/ -->\n<title>Morre aos 89 anos o ator e diretor americano Robert Redford - EFE<\/title>\n<meta name=\"robots\" content=\"noindex, follow\" \/>\n<meta property=\"og:locale\" content=\"pt_BR\" \/>\n<meta property=\"og:type\" content=\"article\" \/>\n<meta property=\"og:title\" content=\"Morre aos 89 anos o ator e diretor americano Robert Redford - EFE\" \/>\n<meta property=\"og:description\" content=\"Washington (EFE).- O premiado ator e diretor americano Robert Redford morreu nesta ter\u00e7a-feira, aos 89 anos, em sua resid\u00eancia no estado de Utah, segundo confirmou sua representante. Redford morreu durante a madrugada enquanto dormia em sua casa nos arredores da cidade de Provo, em sua resid\u00eancia nas montanhas, afirmou em um comunicado a diretora-executiva da ... Leia mais\" \/>\n<meta property=\"og:url\" content=\"https:\/\/pre.efe.com\/pt-br\/mundo-2\/2025-09-16\/morre-aos-89-anos-o-ator-e-diretor-americano-robert-redford\/\" \/>\n<meta property=\"og:site_name\" content=\"EFE Noticias\" \/>\n<meta property=\"article:publisher\" content=\"https:\/\/www.facebook.com\/AgenciaEFEnoticias\/\" \/>\n<meta property=\"article:published_time\" content=\"2025-09-16T14:35:00+00:00\" \/>\n<meta property=\"article:modified_time\" content=\"2025-09-16T15:03:13+00:00\" \/>\n<meta property=\"og:image\" content=\"https:\/\/pre.efe.com\/wp-content\/uploads\/2025\/09\/robert-redford-2.webp\" \/>\n\t<meta property=\"og:image:width\" content=\"900\" \/>\n\t<meta property=\"og:image:height\" content=\"635\" \/>\n\t<meta property=\"og:image:type\" content=\"image\/jpeg\" \/>\n<meta name=\"author\" content=\"anachain\" \/>\n<meta name=\"twitter:card\" content=\"summary_large_image\" \/>\n<meta name=\"twitter:creator\" content=\"@efenoticias\" \/>\n<meta name=\"twitter:site\" content=\"@efenoticias\" \/>\n<script type=\"application\/ld+json\" class=\"yoast-schema-graph\">{\"@context\":\"https:\\\/\\\/schema.org\",\"@graph\":[{\"@type\":\"NewsArticle\",\"@id\":\"https:\\\/\\\/pre.efe.com\\\/pt-br\\\/mundo-2\\\/2025-09-16\\\/morre-aos-89-anos-o-ator-e-diretor-americano-robert-redford\\\/#article\",\"isPartOf\":{\"@id\":\"https:\\\/\\\/pre.efe.com\\\/pt-br\\\/mundo-2\\\/2025-09-16\\\/morre-aos-89-anos-o-ator-e-diretor-americano-robert-redford\\\/\"},\"author\":{\"name\":\"anachain\",\"@id\":\"https:\\\/\\\/pre.efe.com\\\/pt-br\\\/#\\\/schema\\\/person\\\/b19f23f210db552768f68a4b552b004f\"},\"headline\":\"Morre aos 89 anos o ator e diretor americano Robert Redford\",\"datePublished\":\"2025-09-16T14:35:00+00:00\",\"dateModified\":\"2025-09-16T15:03:13+00:00\",\"mainEntityOfPage\":{\"@id\":\"https:\\\/\\\/pre.efe.com\\\/pt-br\\\/mundo-2\\\/2025-09-16\\\/morre-aos-89-anos-o-ator-e-diretor-americano-robert-redford\\\/\"},\"wordCount\":336,\"publisher\":{\"@id\":\"https:\\\/\\\/pre.efe.com\\\/pt-br\\\/#organization\"},\"image\":{\"@id\":\"https:\\\/\\\/pre.efe.com\\\/pt-br\\\/mundo-2\\\/2025-09-16\\\/morre-aos-89-anos-o-ator-e-diretor-americano-robert-redford\\\/#primaryimage\"},\"thumbnailUrl\":\"https:\\\/\\\/pre.efe.com\\\/wp-content\\\/uploads\\\/2025\\\/09\\\/robert-redford-2.webp\",\"articleSection\":[\"Mundo\",\"Portada\"],\"inLanguage\":\"pt-BR\",\"copyrightYear\":\"2025\",\"copyrightHolder\":{\"@id\":\"https:\\\/\\\/pre.efe.com\\\/#organization\"}},{\"@type\":[\"WebPage\",\"ItemPage\"],\"@id\":\"https:\\\/\\\/pre.efe.com\\\/pt-br\\\/mundo-2\\\/2025-09-16\\\/morre-aos-89-anos-o-ator-e-diretor-americano-robert-redford\\\/\",\"url\":\"https:\\\/\\\/pre.efe.com\\\/pt-br\\\/mundo-2\\\/2025-09-16\\\/morre-aos-89-anos-o-ator-e-diretor-americano-robert-redford\\\/\",\"name\":\"Morre aos 89 anos o ator e diretor americano Robert Redford - EFE\",\"isPartOf\":{\"@id\":\"https:\\\/\\\/pre.efe.com\\\/pt-br\\\/#website\"},\"primaryImageOfPage\":{\"@id\":\"https:\\\/\\\/pre.efe.com\\\/pt-br\\\/mundo-2\\\/2025-09-16\\\/morre-aos-89-anos-o-ator-e-diretor-americano-robert-redford\\\/#primaryimage\"},\"image\":{\"@id\":\"https:\\\/\\\/pre.efe.com\\\/pt-br\\\/mundo-2\\\/2025-09-16\\\/morre-aos-89-anos-o-ator-e-diretor-americano-robert-redford\\\/#primaryimage\"},\"thumbnailUrl\":\"https:\\\/\\\/pre.efe.com\\\/wp-content\\\/uploads\\\/2025\\\/09\\\/robert-redford-2.webp\",\"datePublished\":\"2025-09-16T14:35:00+00:00\",\"dateModified\":\"2025-09-16T15:03:13+00:00\",\"breadcrumb\":{\"@id\":\"https:\\\/\\\/pre.efe.com\\\/pt-br\\\/mundo-2\\\/2025-09-16\\\/morre-aos-89-anos-o-ator-e-diretor-americano-robert-redford\\\/#breadcrumb\"},\"inLanguage\":\"pt-BR\",\"potentialAction\":[{\"@type\":\"ReadAction\",\"target\":[\"https:\\\/\\\/pre.efe.com\\\/pt-br\\\/mundo-2\\\/2025-09-16\\\/morre-aos-89-anos-o-ator-e-diretor-americano-robert-redford\\\/\"]}]},{\"@type\":\"ImageObject\",\"inLanguage\":\"pt-BR\",\"@id\":\"https:\\\/\\\/pre.efe.com\\\/pt-br\\\/mundo-2\\\/2025-09-16\\\/morre-aos-89-anos-o-ator-e-diretor-americano-robert-redford\\\/#primaryimage\",\"url\":\"https:\\\/\\\/pre.efe.com\\\/wp-content\\\/uploads\\\/2025\\\/09\\\/robert-redford-2.webp\",\"contentUrl\":\"https:\\\/\\\/pre.efe.com\\\/wp-content\\\/uploads\\\/2025\\\/09\\\/robert-redford-2.webp\",\"width\":900,\"height\":635,\"caption\":\"Robert Redford. EFE\\\/Arquivo\\\/Ian Langsdon\"},{\"@type\":\"BreadcrumbList\",\"@id\":\"https:\\\/\\\/pre.efe.com\\\/pt-br\\\/mundo-2\\\/2025-09-16\\\/morre-aos-89-anos-o-ator-e-diretor-americano-robert-redford\\\/#breadcrumb\",\"itemListElement\":[{\"@type\":\"ListItem\",\"position\":1,\"name\":\"Portada\",\"item\":\"https:\\\/\\\/pre.efe.com\\\/pt-br\\\/\"},{\"@type\":\"ListItem\",\"position\":2,\"name\":\"Morre aos 89 anos o ator e diretor americano Robert Redford\"}]},{\"@type\":\"WebSite\",\"@id\":\"https:\\\/\\\/pre.efe.com\\\/pt-br\\\/#website\",\"url\":\"https:\\\/\\\/pre.efe.com\\\/pt-br\\\/\",\"name\":\"EFE Noticias\",\"description\":\"\",\"publisher\":{\"@id\":\"https:\\\/\\\/pre.efe.com\\\/pt-br\\\/#organization\"},\"potentialAction\":[{\"@type\":\"SearchAction\",\"target\":{\"@type\":\"EntryPoint\",\"urlTemplate\":\"https:\\\/\\\/pre.efe.com\\\/pt-br\\\/?s={search_term_string}\"},\"query-input\":{\"@type\":\"PropertyValueSpecification\",\"valueRequired\":true,\"valueName\":\"search_term_string\"}}],\"inLanguage\":\"pt-BR\"},{\"@type\":\"Organization\",\"@id\":\"https:\\\/\\\/pre.efe.com\\\/pt-br\\\/#organization\",\"name\":\"Agencia EFE\",\"url\":\"https:\\\/\\\/pre.efe.com\\\/pt-br\\\/\",\"logo\":{\"@type\":\"ImageObject\",\"inLanguage\":\"pt-BR\",\"@id\":\"https:\\\/\\\/pre.efe.com\\\/pt-br\\\/#\\\/schema\\\/logo\\\/image\\\/\",\"url\":\"https:\\\/\\\/pre.efe.com\\\/wp-content\\\/uploads\\\/2023\\\/06\\\/logo-efe-467.png\",\"contentUrl\":\"https:\\\/\\\/pre.efe.com\\\/wp-content\\\/uploads\\\/2023\\\/06\\\/logo-efe-467.png\",\"width\":467,\"height\":467,\"caption\":\"Agencia EFE\"},\"image\":{\"@id\":\"https:\\\/\\\/pre.efe.com\\\/pt-br\\\/#\\\/schema\\\/logo\\\/image\\\/\"},\"sameAs\":[\"https:\\\/\\\/www.facebook.com\\\/AgenciaEFEnoticias\\\/\",\"https:\\\/\\\/x.com\\\/efenoticias\",\"https:\\\/\\\/www.instagram.com\\\/efe_noticias\\\/\",\"http:\\\/\\\/www.youtube.com\\\/efe\"]},{\"@type\":\"Person\",\"@id\":\"https:\\\/\\\/pre.efe.com\\\/pt-br\\\/#\\\/schema\\\/person\\\/b19f23f210db552768f68a4b552b004f\",\"name\":\"anachain\",\"image\":{\"@type\":\"ImageObject\",\"inLanguage\":\"pt-BR\",\"@id\":\"https:\\\/\\\/secure.gravatar.com\\\/avatar\\\/30b83965911ef1108bb893c00bdd65c885f9890e1265ee04b02c3d5adc785d37?s=96&d=identicon&r=g\",\"url\":\"https:\\\/\\\/secure.gravatar.com\\\/avatar\\\/30b83965911ef1108bb893c00bdd65c885f9890e1265ee04b02c3d5adc785d37?s=96&d=identicon&r=g\",\"contentUrl\":\"https:\\\/\\\/secure.gravatar.com\\\/avatar\\\/30b83965911ef1108bb893c00bdd65c885f9890e1265ee04b02c3d5adc785d37?s=96&d=identicon&r=g\",\"caption\":\"anachain\"},\"url\":\"https:\\\/\\\/pre.efe.com\\\/pt-br\\\/autor\\\/anachain\\\/\"}]}<\/script>\n<!-- \/ Yoast SEO Premium plugin. -->","yoast_head_json":{"title":"Morre aos 89 anos o ator e diretor americano Robert Redford - EFE","robots":{"index":"noindex","follow":"follow"},"og_locale":"pt_BR","og_type":"article","og_title":"Morre aos 89 anos o ator e diretor americano Robert Redford - EFE","og_description":"Washington (EFE).- O premiado ator e diretor americano Robert Redford morreu nesta ter\u00e7a-feira, aos 89 anos, em sua resid\u00eancia no estado de Utah, segundo confirmou sua representante. Redford morreu durante a madrugada enquanto dormia em sua casa nos arredores da cidade de Provo, em sua resid\u00eancia nas montanhas, afirmou em um comunicado a diretora-executiva da ... Leia mais","og_url":"https:\/\/pre.efe.com\/pt-br\/mundo-2\/2025-09-16\/morre-aos-89-anos-o-ator-e-diretor-americano-robert-redford\/","og_site_name":"EFE Noticias","article_publisher":"https:\/\/www.facebook.com\/AgenciaEFEnoticias\/","article_published_time":"2025-09-16T14:35:00+00:00","article_modified_time":"2025-09-16T15:03:13+00:00","og_image":[{"width":900,"height":635,"url":"https:\/\/pre.efe.com\/wp-content\/uploads\/2025\/09\/robert-redford-2.webp","type":"image\/jpeg"}],"author":"anachain","twitter_card":"summary_large_image","twitter_creator":"@efenoticias","twitter_site":"@efenoticias","schema":{"@context":"https:\/\/schema.org","@graph":[{"@type":"NewsArticle","@id":"https:\/\/pre.efe.com\/pt-br\/mundo-2\/2025-09-16\/morre-aos-89-anos-o-ator-e-diretor-americano-robert-redford\/#article","isPartOf":{"@id":"https:\/\/pre.efe.com\/pt-br\/mundo-2\/2025-09-16\/morre-aos-89-anos-o-ator-e-diretor-americano-robert-redford\/"},"author":{"name":"anachain","@id":"https:\/\/pre.efe.com\/pt-br\/#\/schema\/person\/b19f23f210db552768f68a4b552b004f"},"headline":"Morre aos 89 anos o ator e diretor americano Robert Redford","datePublished":"2025-09-16T14:35:00+00:00","dateModified":"2025-09-16T15:03:13+00:00","mainEntityOfPage":{"@id":"https:\/\/pre.efe.com\/pt-br\/mundo-2\/2025-09-16\/morre-aos-89-anos-o-ator-e-diretor-americano-robert-redford\/"},"wordCount":336,"publisher":{"@id":"https:\/\/pre.efe.com\/pt-br\/#organization"},"image":{"@id":"https:\/\/pre.efe.com\/pt-br\/mundo-2\/2025-09-16\/morre-aos-89-anos-o-ator-e-diretor-americano-robert-redford\/#primaryimage"},"thumbnailUrl":"https:\/\/pre.efe.com\/wp-content\/uploads\/2025\/09\/robert-redford-2.webp","articleSection":["Mundo","Portada"],"inLanguage":"pt-BR","copyrightYear":"2025","copyrightHolder":{"@id":"https:\/\/pre.efe.com\/#organization"}},{"@type":["WebPage","ItemPage"],"@id":"https:\/\/pre.efe.com\/pt-br\/mundo-2\/2025-09-16\/morre-aos-89-anos-o-ator-e-diretor-americano-robert-redford\/","url":"https:\/\/pre.efe.com\/pt-br\/mundo-2\/2025-09-16\/morre-aos-89-anos-o-ator-e-diretor-americano-robert-redford\/","name":"Morre aos 89 anos o ator e diretor americano Robert Redford - EFE","isPartOf":{"@id":"https:\/\/pre.efe.com\/pt-br\/#website"},"primaryImageOfPage":{"@id":"https:\/\/pre.efe.com\/pt-br\/mundo-2\/2025-09-16\/morre-aos-89-anos-o-ator-e-diretor-americano-robert-redford\/#primaryimage"},"image":{"@id":"https:\/\/pre.efe.com\/pt-br\/mundo-2\/2025-09-16\/morre-aos-89-anos-o-ator-e-diretor-americano-robert-redford\/#primaryimage"},"thumbnailUrl":"https:\/\/pre.efe.com\/wp-content\/uploads\/2025\/09\/robert-redford-2.webp","datePublished":"2025-09-16T14:35:00+00:00","dateModified":"2025-09-16T15:03:13+00:00","breadcrumb":{"@id":"https:\/\/pre.efe.com\/pt-br\/mundo-2\/2025-09-16\/morre-aos-89-anos-o-ator-e-diretor-americano-robert-redford\/#breadcrumb"},"inLanguage":"pt-BR","potentialAction":[{"@type":"ReadAction","target":["https:\/\/pre.efe.com\/pt-br\/mundo-2\/2025-09-16\/morre-aos-89-anos-o-ator-e-diretor-americano-robert-redford\/"]}]},{"@type":"ImageObject","inLanguage":"pt-BR","@id":"https:\/\/pre.efe.com\/pt-br\/mundo-2\/2025-09-16\/morre-aos-89-anos-o-ator-e-diretor-americano-robert-redford\/#primaryimage","url":"https:\/\/pre.efe.com\/wp-content\/uploads\/2025\/09\/robert-redford-2.webp","contentUrl":"https:\/\/pre.efe.com\/wp-content\/uploads\/2025\/09\/robert-redford-2.webp","width":900,"height":635,"caption":"Robert Redford. EFE\/Arquivo\/Ian Langsdon"},{"@type":"BreadcrumbList","@id":"https:\/\/pre.efe.com\/pt-br\/mundo-2\/2025-09-16\/morre-aos-89-anos-o-ator-e-diretor-americano-robert-redford\/#breadcrumb","itemListElement":[{"@type":"ListItem","position":1,"name":"Portada","item":"https:\/\/pre.efe.com\/pt-br\/"},{"@type":"ListItem","position":2,"name":"Morre aos 89 anos o ator e diretor americano Robert Redford"}]},{"@type":"WebSite","@id":"https:\/\/pre.efe.com\/pt-br\/#website","url":"https:\/\/pre.efe.com\/pt-br\/","name":"EFE Noticias","description":"","publisher":{"@id":"https:\/\/pre.efe.com\/pt-br\/#organization"},"potentialAction":[{"@type":"SearchAction","target":{"@type":"EntryPoint","urlTemplate":"https:\/\/pre.efe.com\/pt-br\/?s={search_term_string}"},"query-input":{"@type":"PropertyValueSpecification","valueRequired":true,"valueName":"search_term_string"}}],"inLanguage":"pt-BR"},{"@type":"Organization","@id":"https:\/\/pre.efe.com\/pt-br\/#organization","name":"Agencia EFE","url":"https:\/\/pre.efe.com\/pt-br\/","logo":{"@type":"ImageObject","inLanguage":"pt-BR","@id":"https:\/\/pre.efe.com\/pt-br\/#\/schema\/logo\/image\/","url":"https:\/\/pre.efe.com\/wp-content\/uploads\/2023\/06\/logo-efe-467.png","contentUrl":"https:\/\/pre.efe.com\/wp-content\/uploads\/2023\/06\/logo-efe-467.png","width":467,"height":467,"caption":"Agencia EFE"},"image":{"@id":"https:\/\/pre.efe.com\/pt-br\/#\/schema\/logo\/image\/"},"sameAs":["https:\/\/www.facebook.com\/AgenciaEFEnoticias\/","https:\/\/x.com\/efenoticias","https:\/\/www.instagram.com\/efe_noticias\/","http:\/\/www.youtube.com\/efe"]},{"@type":"Person","@id":"https:\/\/pre.efe.com\/pt-br\/#\/schema\/person\/b19f23f210db552768f68a4b552b004f","name":"anachain","image":{"@type":"ImageObject","inLanguage":"pt-BR","@id":"https:\/\/secure.gravatar.com\/avatar\/30b83965911ef1108bb893c00bdd65c885f9890e1265ee04b02c3d5adc785d37?s=96&d=identicon&r=g","url":"https:\/\/secure.gravatar.com\/avatar\/30b83965911ef1108bb893c00bdd65c885f9890e1265ee04b02c3d5adc785d37?s=96&d=identicon&r=g","contentUrl":"https:\/\/secure.gravatar.com\/avatar\/30b83965911ef1108bb893c00bdd65c885f9890e1265ee04b02c3d5adc785d37?s=96&d=identicon&r=g","caption":"anachain"},"url":"https:\/\/pre.efe.com\/pt-br\/autor\/anachain\/"}]}},"jetpack_featured_media_url":"https:\/\/pre.efe.com\/wp-content\/uploads\/2025\/09\/robert-redford-2.webp","jetpack_shortlink":"https:\/\/wp.me\/peJvHm-91fp","jetpack_sharing_enabled":true,"_links":{"self":[{"href":"https:\/\/pre.efe.com\/pt-br\/wp-json\/wp\/v2\/posts\/2149751","targetHints":{"allow":["GET"]}}],"collection":[{"href":"https:\/\/pre.efe.com\/pt-br\/wp-json\/wp\/v2\/posts"}],"about":[{"href":"https:\/\/pre.efe.com\/pt-br\/wp-json\/wp\/v2\/types\/post"}],"author":[{"embeddable":true,"href":"https:\/\/pre.efe.com\/pt-br\/wp-json\/wp\/v2\/users\/198164106"}],"replies":[{"embeddable":true,"href":"https:\/\/pre.efe.com\/pt-br\/wp-json\/wp\/v2\/comments?post=2149751"}],"version-history":[{"count":2,"href":"https:\/\/pre.efe.com\/pt-br\/wp-json\/wp\/v2\/posts\/2149751\/revisions"}],"predecessor-version":[{"id":2149773,"href":"https:\/\/pre.efe.com\/pt-br\/wp-json\/wp\/v2\/posts\/2149751\/revisions\/2149773"}],"wp:featuredmedia":[{"embeddable":true,"href":"https:\/\/pre.efe.com\/pt-br\/wp-json\/wp\/v2\/media\/2149305"}],"wp:attachment":[{"href":"https:\/\/pre.efe.com\/pt-br\/wp-json\/wp\/v2\/media?parent=2149751"}],"wp:term":[{"taxonomy":"category","embeddable":true,"href":"https:\/\/pre.efe.com\/pt-br\/wp-json\/wp\/v2\/categories?post=2149751"},{"taxonomy":"post_tag","embeddable":true,"href":"https:\/\/pre.efe.com\/pt-br\/wp-json\/wp\/v2\/tags?post=2149751"}],"curies":[{"name":"wp","href":"https:\/\/api.w.org\/{rel}","templated":true}]}}