{"id":2150782,"date":"2025-09-01T17:18:00","date_gmt":"2025-09-01T15:18:00","guid":{"rendered":"https:\/\/pre.efe.com\/?p=2150782"},"modified":"2025-09-16T23:04:04","modified_gmt":"2025-09-16T21:04:04","slug":"arquiteto-do-acordo-de-paris-diz-que-governo-trump-e-conjuntural-mas-deixara-dano","status":"publish","type":"post","link":"https:\/\/pre.efe.com\/pt-br\/mundo-2\/2025-09-01\/arquiteto-do-acordo-de-paris-diz-que-governo-trump-e-conjuntural-mas-deixara-dano\/","title":{"rendered":"Arquiteto do Acordo de Paris diz que governo Trump \u00e9 &#8220;conjuntural&#8221;, mas &#8220;deixar\u00e1 dano&#8221;"},"content":{"rendered":"\n<p>Carlos Meneses |<\/p>\n\n\n\n<p>S\u00e3o Paulo (EFE).- O ex-ministro peruano Manuel Pulgar-Vidal, um dos arquitetos do Acordo de Paris, considera que as medidas do governo do presidente dos Estados Unidos, Donald Trump, s\u00e3o um fen\u00f4meno &#8220;conjuntural&#8221;, mas reconhece que deixar\u00e3o um dano na luta contra a crise clim\u00e1tica que precisar\u00e1 ser revertido.<\/p>\n\n\n\n<p>Em entrevista por videoconfer\u00eancia \u00e0 EFE a dois meses da COP30, o ex-ministro do Meio Ambiente do Peru (2011-2016) afirmou que, diante das amea\u00e7as \u00e0 transi\u00e7\u00e3o energ\u00e9tica, \u00e9 o momento de &#8220;armar trincheiras&#8221; econ\u00f4micas e sociais para proteger os avan\u00e7os conquistados.<\/p>\n\n\n\n<p>&#8220;Porque a guerra comercial tamb\u00e9m afeta as c\u00fapulas do clima&#8221;, advertiu o ex-presidente da COP20 e que ser\u00e1 um dos convidados de honra do III F\u00f3rum Latino-Americano de Economia Verde, organizado pela Ag\u00eancia EFE em S\u00e3o Paulo na pr\u00f3xima quinta-feira.<\/p>\n\n\n\n<p>Para Pulgar-Vidal, a guerra tarif\u00e1ria e as press\u00f5es pol\u00edticas est\u00e3o incidindo nos or\u00e7amentos dom\u00e9sticos e poder\u00e3o afetar os planos financeiros de transi\u00e7\u00e3o para abandonar os combust\u00edveis f\u00f3sseis.<\/p>\n\n\n\n<p>&#8220;Os Estados Unidos disseram que estar\u00e3o muito atentos a quem vota a favor da pol\u00edtica de emiss\u00f5es l\u00edquidas zero da Organiza\u00e7\u00e3o Mar\u00edtima Internacional, e pode haver medidas de retalia\u00e7\u00e3o. As amea\u00e7as chegam a esse n\u00edvel&#8221;, declarou.<\/p>\n\n\n\n<p>Segundo Pulgar-Vidal, Trump j\u00e1 materializou algumas de suas amea\u00e7as clim\u00e1ticas, como voltar a sair do Acordo de Paris e o desmantelamento de entidades cient\u00edficas, e est\u00e1 contagiando pa\u00edses na Europa.<\/p>\n\n\n\n<p>Ele acredita que o governo do pol\u00edtico e empres\u00e1rio \u00e9 &#8220;conjuntural&#8221;, mas deixar\u00e1 impactos.<\/p>\n\n\n\n<p>&#8220;\u00c9 preciso entender que haver\u00e1 um n\u00edvel de dano que depois precisar\u00e1 ser revertido. Felizmente, o benef\u00edcio da agenda clim\u00e1tica sempre foi pensado a longo prazo. Sempre soubemos que, no caminho, ter\u00edamos acidentes&#8221;, apontou.<\/p>\n\n\n\n<p>&#8220;Imagine que voc\u00ea vai dirigir do norte do Canad\u00e1 ao sul da Argentina. Sabe que nessas pistas voc\u00ea vai encontrar diferentes condi\u00e7\u00f5es, buracos, vai furar um pneu. Esse \u00e9 o caminho. Talvez agora estejamos cruzando a selva de Dari\u00e9n (entre Col\u00f4mbia e Panam\u00e1), onde n\u00e3o h\u00e1 estradas e sentimos que estamos perdidos&#8221;, acrescentou.<\/p>\n\n\n\n<h2 class=\"wp-block-heading\" id=\"h-muito-otimista-com-lideranca-do-brasil\">&#8220;MUITO OTIMISTA&#8221; COM LIDERAN\u00c7A DO BRASIL<\/h2>\n\n\n\n<p>Apesar de tudo, ele se mostra &#8220;muito otimista&#8221; em rela\u00e7\u00e3o \u00e0 COP30 pela capacidade do Brasil, anfitri\u00e3o do evento, de liderar processos multilaterais.<\/p>\n\n\n\n<p>&#8220;Sempre foram capazes de nos surpreender com um resultado bem-sucedido, mesmo em cen\u00e1rios complexos&#8221;, afirmou.<\/p>\n\n\n\n<p>O ex-ministro tamb\u00e9m disse que, diante da falta de vontade pol\u00edtica, esta deve ser uma c\u00fapula clim\u00e1tica em que os setores econ\u00f4micos &#8220;precisam mostrar qual \u00e9 o seu n\u00edvel de maturidade para continuar nos dizendo que o caminho&#8221; para uma transi\u00e7\u00e3o verde \u00e9 &#8220;irrevers\u00edvel&#8221;.<\/p>\n\n\n\n<p>&#8220;Essa \u00e9 a \u00fanica maneira de poder superar as dificuldades pol\u00edticas, e depois entrar no social tamb\u00e9m&#8221;, aponta.<\/p>\n\n\n\n<p>E, embora pense que n\u00e3o haver\u00e1 grandes mudan\u00e7as sobre o abandono dos hidrocarbonetos, ele v\u00ea espa\u00e7o para conseguir um consenso, pelo menos, sobre o roteiro para um financiamento clim\u00e1tico satisfat\u00f3rio para todos.<\/p>\n\n\n\n<p>Sobre as cr\u00edticas de v\u00e1rias delega\u00e7\u00f5es em rela\u00e7\u00e3o aos problemas log\u00edsticos em Bel\u00e9m, sede da COP30, em parte pelos pre\u00e7os exorbitantes da hospedagem, ele pediu aos organizadores brasileiros que mudem a narrativa, dando \u00eanfase \u00e0s necessidades da Amaz\u00f4nia.<\/p>\n\n\n\n<p>&#8220;Teremos problemas (log\u00edsticos), \u00e9 uma realidade&#8221;, mas &#8220;n\u00e3o precisamos de um hotel cinco estrelas, com todas as comodidades, mas, eventualmente, precisamos entender como o planeta se comporta, e o melhor lugar para isso \u00e9 um local como a Amaz\u00f4nia&#8221;, declarou.<\/p>\n\n\n\n<p>A COP30 ser\u00e1 um dos temas centrais do III F\u00f3rum Latino-Americano de Economia Verde, que ser\u00e1 realizado pela Ag\u00eancia EFE em S\u00e3o Paulo na pr\u00f3xima quinta-feira.<\/p>\n\n\n\n<p>O encontro reunir\u00e1 autoridades e especialistas para debater sobre a crise clim\u00e1tica e conta com o patroc\u00ednio de ApexBrasil e Norte Energia, al\u00e9m do apoio de IBMEC, Observat\u00f3rio do Clima e Imaflora.<\/p>\n\n\n\n<p><\/p>\n","protected":false},"excerpt":{"rendered":"<p>Carlos Meneses | S\u00e3o Paulo (EFE).- O ex-ministro peruano Manuel Pulgar-Vidal, um dos arquitetos do Acordo de Paris, considera que as medidas do governo do presidente dos Estados Unidos, Donald Trump, s\u00e3o um fen\u00f4meno &#8220;conjuntural&#8221;, mas reconhece que deixar\u00e3o um dano na luta contra a crise clim\u00e1tica que precisar\u00e1 ser revertido. Em entrevista por videoconfer\u00eancia &#8230; <a title=\"Arquiteto do Acordo de Paris diz que governo Trump \u00e9 &#8220;conjuntural&#8221;, mas &#8220;deixar\u00e1 dano&#8221;\" class=\"read-more\" href=\"https:\/\/pre.efe.com\/pt-br\/mundo-2\/2025-09-01\/arquiteto-do-acordo-de-paris-diz-que-governo-trump-e-conjuntural-mas-deixara-dano\/\" aria-label=\"Read more about Arquiteto do Acordo de Paris diz que governo Trump \u00e9 &#8220;conjuntural&#8221;, mas &#8220;deixar\u00e1 dano&#8221;\">Leia mais<\/a><\/p>\n","protected":false},"author":198164106,"featured_media":2150793,"comment_status":"closed","ping_status":"closed","sticky":false,"template":"","format":"standard","meta":{"_acf_changed":false,"_jetpack_memberships_contains_paid_content":false,"footnotes":""},"categories":[121967,123208,122144,122141],"tags":[123236,123239,124845,124952],"class_list":["post-2150782","post","type-post","status-publish","format-standard","has-post-thumbnail","hentry","category-economia-pt","category-mundo-2","category-outras-noticias","category-portada","tag-crise-climatica","tag-economia-2","tag-governo","tag-meio-ambiente","generate-columns","tablet-grid-50","mobile-grid-100","grid-parent","grid-50"],"acf":[],"yoast_head":"<!-- This site is optimized with the Yoast SEO Premium plugin v26.0 (Yoast SEO v27.5) - https:\/\/yoast.com\/product\/yoast-seo-premium-wordpress\/ -->\n<title>Arquiteto do Acordo de Paris diz que governo Trump \u00e9 &quot;conjuntural&quot;, mas &quot;deixar\u00e1 dano&quot; - EFE<\/title>\n<meta name=\"robots\" content=\"noindex, follow\" \/>\n<meta property=\"og:locale\" content=\"pt_BR\" \/>\n<meta property=\"og:type\" content=\"article\" \/>\n<meta property=\"og:title\" content=\"Arquiteto do Acordo de Paris diz que governo Trump \u00e9 &quot;conjuntural&quot;, mas &quot;deixar\u00e1 dano&quot; - EFE\" \/>\n<meta property=\"og:description\" content=\"Carlos Meneses | S\u00e3o Paulo (EFE).- O ex-ministro peruano Manuel Pulgar-Vidal, um dos arquitetos do Acordo de Paris, considera que as medidas do governo do presidente dos Estados Unidos, Donald Trump, s\u00e3o um fen\u00f4meno &#8220;conjuntural&#8221;, mas reconhece que deixar\u00e3o um dano na luta contra a crise clim\u00e1tica que precisar\u00e1 ser revertido. Em entrevista por videoconfer\u00eancia ... Leia mais\" \/>\n<meta property=\"og:url\" content=\"https:\/\/pre.efe.com\/pt-br\/mundo-2\/2025-09-01\/arquiteto-do-acordo-de-paris-diz-que-governo-trump-e-conjuntural-mas-deixara-dano\/\" \/>\n<meta property=\"og:site_name\" content=\"EFE Noticias\" \/>\n<meta property=\"article:publisher\" content=\"https:\/\/www.facebook.com\/AgenciaEFEnoticias\/\" \/>\n<meta property=\"article:published_time\" content=\"2025-09-01T15:18:00+00:00\" \/>\n<meta property=\"article:modified_time\" content=\"2025-09-16T21:04:04+00:00\" \/>\n<meta property=\"og:image\" content=\"https:\/\/pre.efe.com\/wp-content\/uploads\/2025\/09\/9c5feca4fc9e7fde43eacf022bdd3cb78fb5ae75.webp\" \/>\n\t<meta property=\"og:image:width\" content=\"5472\" \/>\n\t<meta property=\"og:image:height\" content=\"3648\" \/>\n\t<meta property=\"og:image:type\" content=\"image\/jpeg\" \/>\n<meta name=\"author\" content=\"anachain\" \/>\n<meta name=\"twitter:card\" content=\"summary_large_image\" \/>\n<meta name=\"twitter:creator\" content=\"@efenoticias\" \/>\n<meta name=\"twitter:site\" content=\"@efenoticias\" \/>\n<script type=\"application\/ld+json\" class=\"yoast-schema-graph\">{\"@context\":\"https:\\\/\\\/schema.org\",\"@graph\":[{\"@type\":\"NewsArticle\",\"@id\":\"https:\\\/\\\/pre.efe.com\\\/pt-br\\\/mundo-2\\\/2025-09-01\\\/arquiteto-do-acordo-de-paris-diz-que-governo-trump-e-conjuntural-mas-deixara-dano\\\/#article\",\"isPartOf\":{\"@id\":\"https:\\\/\\\/pre.efe.com\\\/pt-br\\\/mundo-2\\\/2025-09-01\\\/arquiteto-do-acordo-de-paris-diz-que-governo-trump-e-conjuntural-mas-deixara-dano\\\/\"},\"author\":{\"name\":\"anachain\",\"@id\":\"https:\\\/\\\/pre.efe.com\\\/pt-br\\\/#\\\/schema\\\/person\\\/b19f23f210db552768f68a4b552b004f\"},\"headline\":\"Arquiteto do Acordo de Paris diz que governo Trump \u00e9 &#8220;conjuntural&#8221;, mas &#8220;deixar\u00e1 dano&#8221;\",\"datePublished\":\"2025-09-01T15:18:00+00:00\",\"dateModified\":\"2025-09-16T21:04:04+00:00\",\"mainEntityOfPage\":{\"@id\":\"https:\\\/\\\/pre.efe.com\\\/pt-br\\\/mundo-2\\\/2025-09-01\\\/arquiteto-do-acordo-de-paris-diz-que-governo-trump-e-conjuntural-mas-deixara-dano\\\/\"},\"wordCount\":689,\"publisher\":{\"@id\":\"https:\\\/\\\/pre.efe.com\\\/pt-br\\\/#organization\"},\"image\":{\"@id\":\"https:\\\/\\\/pre.efe.com\\\/pt-br\\\/mundo-2\\\/2025-09-01\\\/arquiteto-do-acordo-de-paris-diz-que-governo-trump-e-conjuntural-mas-deixara-dano\\\/#primaryimage\"},\"thumbnailUrl\":\"https:\\\/\\\/pre.efe.com\\\/wp-content\\\/uploads\\\/2025\\\/09\\\/9c5feca4fc9e7fde43eacf022bdd3cb78fb5ae75.webp\",\"keywords\":[\"Crise climatica\",\"Economia\",\"Governo\",\"Meio ambiente\"],\"articleSection\":[\"Economia\",\"Mundo\",\"Outras not\u00edcias\",\"Portada\"],\"inLanguage\":\"pt-BR\",\"copyrightYear\":\"2025\",\"copyrightHolder\":{\"@id\":\"https:\\\/\\\/pre.efe.com\\\/#organization\"}},{\"@type\":[\"WebPage\",\"ItemPage\"],\"@id\":\"https:\\\/\\\/pre.efe.com\\\/pt-br\\\/mundo-2\\\/2025-09-01\\\/arquiteto-do-acordo-de-paris-diz-que-governo-trump-e-conjuntural-mas-deixara-dano\\\/\",\"url\":\"https:\\\/\\\/pre.efe.com\\\/pt-br\\\/mundo-2\\\/2025-09-01\\\/arquiteto-do-acordo-de-paris-diz-que-governo-trump-e-conjuntural-mas-deixara-dano\\\/\",\"name\":\"Arquiteto do Acordo de Paris diz que governo Trump \u00e9 \\\"conjuntural\\\", mas \\\"deixar\u00e1 dano\\\" - EFE\",\"isPartOf\":{\"@id\":\"https:\\\/\\\/pre.efe.com\\\/pt-br\\\/#website\"},\"primaryImageOfPage\":{\"@id\":\"https:\\\/\\\/pre.efe.com\\\/pt-br\\\/mundo-2\\\/2025-09-01\\\/arquiteto-do-acordo-de-paris-diz-que-governo-trump-e-conjuntural-mas-deixara-dano\\\/#primaryimage\"},\"image\":{\"@id\":\"https:\\\/\\\/pre.efe.com\\\/pt-br\\\/mundo-2\\\/2025-09-01\\\/arquiteto-do-acordo-de-paris-diz-que-governo-trump-e-conjuntural-mas-deixara-dano\\\/#primaryimage\"},\"thumbnailUrl\":\"https:\\\/\\\/pre.efe.com\\\/wp-content\\\/uploads\\\/2025\\\/09\\\/9c5feca4fc9e7fde43eacf022bdd3cb78fb5ae75.webp\",\"datePublished\":\"2025-09-01T15:18:00+00:00\",\"dateModified\":\"2025-09-16T21:04:04+00:00\",\"breadcrumb\":{\"@id\":\"https:\\\/\\\/pre.efe.com\\\/pt-br\\\/mundo-2\\\/2025-09-01\\\/arquiteto-do-acordo-de-paris-diz-que-governo-trump-e-conjuntural-mas-deixara-dano\\\/#breadcrumb\"},\"inLanguage\":\"pt-BR\",\"potentialAction\":[{\"@type\":\"ReadAction\",\"target\":[\"https:\\\/\\\/pre.efe.com\\\/pt-br\\\/mundo-2\\\/2025-09-01\\\/arquiteto-do-acordo-de-paris-diz-que-governo-trump-e-conjuntural-mas-deixara-dano\\\/\"]}]},{\"@type\":\"ImageObject\",\"inLanguage\":\"pt-BR\",\"@id\":\"https:\\\/\\\/pre.efe.com\\\/pt-br\\\/mundo-2\\\/2025-09-01\\\/arquiteto-do-acordo-de-paris-diz-que-governo-trump-e-conjuntural-mas-deixara-dano\\\/#primaryimage\",\"url\":\"https:\\\/\\\/pre.efe.com\\\/wp-content\\\/uploads\\\/2025\\\/09\\\/9c5feca4fc9e7fde43eacf022bdd3cb78fb5ae75.webp\",\"contentUrl\":\"https:\\\/\\\/pre.efe.com\\\/wp-content\\\/uploads\\\/2025\\\/09\\\/9c5feca4fc9e7fde43eacf022bdd3cb78fb5ae75.webp\",\"width\":5472,\"height\":3648},{\"@type\":\"BreadcrumbList\",\"@id\":\"https:\\\/\\\/pre.efe.com\\\/pt-br\\\/mundo-2\\\/2025-09-01\\\/arquiteto-do-acordo-de-paris-diz-que-governo-trump-e-conjuntural-mas-deixara-dano\\\/#breadcrumb\",\"itemListElement\":[{\"@type\":\"ListItem\",\"position\":1,\"name\":\"Portada\",\"item\":\"https:\\\/\\\/pre.efe.com\\\/pt-br\\\/\"},{\"@type\":\"ListItem\",\"position\":2,\"name\":\"Arquiteto do Acordo de Paris diz que governo Trump \u00e9 \u00abconjuntural\u00bb, mas \u00abdeixar\u00e1 dano\u00bb\"}]},{\"@type\":\"WebSite\",\"@id\":\"https:\\\/\\\/pre.efe.com\\\/pt-br\\\/#website\",\"url\":\"https:\\\/\\\/pre.efe.com\\\/pt-br\\\/\",\"name\":\"EFE Noticias\",\"description\":\"\",\"publisher\":{\"@id\":\"https:\\\/\\\/pre.efe.com\\\/pt-br\\\/#organization\"},\"potentialAction\":[{\"@type\":\"SearchAction\",\"target\":{\"@type\":\"EntryPoint\",\"urlTemplate\":\"https:\\\/\\\/pre.efe.com\\\/pt-br\\\/?s={search_term_string}\"},\"query-input\":{\"@type\":\"PropertyValueSpecification\",\"valueRequired\":true,\"valueName\":\"search_term_string\"}}],\"inLanguage\":\"pt-BR\"},{\"@type\":\"Organization\",\"@id\":\"https:\\\/\\\/pre.efe.com\\\/pt-br\\\/#organization\",\"name\":\"Agencia EFE\",\"url\":\"https:\\\/\\\/pre.efe.com\\\/pt-br\\\/\",\"logo\":{\"@type\":\"ImageObject\",\"inLanguage\":\"pt-BR\",\"@id\":\"https:\\\/\\\/pre.efe.com\\\/pt-br\\\/#\\\/schema\\\/logo\\\/image\\\/\",\"url\":\"https:\\\/\\\/pre.efe.com\\\/wp-content\\\/uploads\\\/2023\\\/06\\\/logo-efe-467.png\",\"contentUrl\":\"https:\\\/\\\/pre.efe.com\\\/wp-content\\\/uploads\\\/2023\\\/06\\\/logo-efe-467.png\",\"width\":467,\"height\":467,\"caption\":\"Agencia EFE\"},\"image\":{\"@id\":\"https:\\\/\\\/pre.efe.com\\\/pt-br\\\/#\\\/schema\\\/logo\\\/image\\\/\"},\"sameAs\":[\"https:\\\/\\\/www.facebook.com\\\/AgenciaEFEnoticias\\\/\",\"https:\\\/\\\/x.com\\\/efenoticias\",\"https:\\\/\\\/www.instagram.com\\\/efe_noticias\\\/\",\"http:\\\/\\\/www.youtube.com\\\/efe\"]},{\"@type\":\"Person\",\"@id\":\"https:\\\/\\\/pre.efe.com\\\/pt-br\\\/#\\\/schema\\\/person\\\/b19f23f210db552768f68a4b552b004f\",\"name\":\"anachain\",\"image\":{\"@type\":\"ImageObject\",\"inLanguage\":\"pt-BR\",\"@id\":\"https:\\\/\\\/secure.gravatar.com\\\/avatar\\\/30b83965911ef1108bb893c00bdd65c885f9890e1265ee04b02c3d5adc785d37?s=96&d=identicon&r=g\",\"url\":\"https:\\\/\\\/secure.gravatar.com\\\/avatar\\\/30b83965911ef1108bb893c00bdd65c885f9890e1265ee04b02c3d5adc785d37?s=96&d=identicon&r=g\",\"contentUrl\":\"https:\\\/\\\/secure.gravatar.com\\\/avatar\\\/30b83965911ef1108bb893c00bdd65c885f9890e1265ee04b02c3d5adc785d37?s=96&d=identicon&r=g\",\"caption\":\"anachain\"},\"url\":\"https:\\\/\\\/pre.efe.com\\\/pt-br\\\/autor\\\/anachain\\\/\"}]}<\/script>\n<!-- \/ Yoast SEO Premium plugin. -->","yoast_head_json":{"title":"Arquiteto do Acordo de Paris diz que governo Trump \u00e9 \"conjuntural\", mas \"deixar\u00e1 dano\" - EFE","robots":{"index":"noindex","follow":"follow"},"og_locale":"pt_BR","og_type":"article","og_title":"Arquiteto do Acordo de Paris diz que governo Trump \u00e9 \"conjuntural\", mas \"deixar\u00e1 dano\" - EFE","og_description":"Carlos Meneses | S\u00e3o Paulo (EFE).- O ex-ministro peruano Manuel Pulgar-Vidal, um dos arquitetos do Acordo de Paris, considera que as medidas do governo do presidente dos Estados Unidos, Donald Trump, s\u00e3o um fen\u00f4meno &#8220;conjuntural&#8221;, mas reconhece que deixar\u00e3o um dano na luta contra a crise clim\u00e1tica que precisar\u00e1 ser revertido. Em entrevista por videoconfer\u00eancia ... Leia mais","og_url":"https:\/\/pre.efe.com\/pt-br\/mundo-2\/2025-09-01\/arquiteto-do-acordo-de-paris-diz-que-governo-trump-e-conjuntural-mas-deixara-dano\/","og_site_name":"EFE Noticias","article_publisher":"https:\/\/www.facebook.com\/AgenciaEFEnoticias\/","article_published_time":"2025-09-01T15:18:00+00:00","article_modified_time":"2025-09-16T21:04:04+00:00","og_image":[{"width":5472,"height":3648,"url":"https:\/\/pre.efe.com\/wp-content\/uploads\/2025\/09\/9c5feca4fc9e7fde43eacf022bdd3cb78fb5ae75.webp","type":"image\/jpeg"}],"author":"anachain","twitter_card":"summary_large_image","twitter_creator":"@efenoticias","twitter_site":"@efenoticias","schema":{"@context":"https:\/\/schema.org","@graph":[{"@type":"NewsArticle","@id":"https:\/\/pre.efe.com\/pt-br\/mundo-2\/2025-09-01\/arquiteto-do-acordo-de-paris-diz-que-governo-trump-e-conjuntural-mas-deixara-dano\/#article","isPartOf":{"@id":"https:\/\/pre.efe.com\/pt-br\/mundo-2\/2025-09-01\/arquiteto-do-acordo-de-paris-diz-que-governo-trump-e-conjuntural-mas-deixara-dano\/"},"author":{"name":"anachain","@id":"https:\/\/pre.efe.com\/pt-br\/#\/schema\/person\/b19f23f210db552768f68a4b552b004f"},"headline":"Arquiteto do Acordo de Paris diz que governo Trump \u00e9 &#8220;conjuntural&#8221;, mas &#8220;deixar\u00e1 dano&#8221;","datePublished":"2025-09-01T15:18:00+00:00","dateModified":"2025-09-16T21:04:04+00:00","mainEntityOfPage":{"@id":"https:\/\/pre.efe.com\/pt-br\/mundo-2\/2025-09-01\/arquiteto-do-acordo-de-paris-diz-que-governo-trump-e-conjuntural-mas-deixara-dano\/"},"wordCount":689,"publisher":{"@id":"https:\/\/pre.efe.com\/pt-br\/#organization"},"image":{"@id":"https:\/\/pre.efe.com\/pt-br\/mundo-2\/2025-09-01\/arquiteto-do-acordo-de-paris-diz-que-governo-trump-e-conjuntural-mas-deixara-dano\/#primaryimage"},"thumbnailUrl":"https:\/\/pre.efe.com\/wp-content\/uploads\/2025\/09\/9c5feca4fc9e7fde43eacf022bdd3cb78fb5ae75.webp","keywords":["Crise climatica","Economia","Governo","Meio ambiente"],"articleSection":["Economia","Mundo","Outras not\u00edcias","Portada"],"inLanguage":"pt-BR","copyrightYear":"2025","copyrightHolder":{"@id":"https:\/\/pre.efe.com\/#organization"}},{"@type":["WebPage","ItemPage"],"@id":"https:\/\/pre.efe.com\/pt-br\/mundo-2\/2025-09-01\/arquiteto-do-acordo-de-paris-diz-que-governo-trump-e-conjuntural-mas-deixara-dano\/","url":"https:\/\/pre.efe.com\/pt-br\/mundo-2\/2025-09-01\/arquiteto-do-acordo-de-paris-diz-que-governo-trump-e-conjuntural-mas-deixara-dano\/","name":"Arquiteto do Acordo de Paris diz que governo Trump \u00e9 \"conjuntural\", mas \"deixar\u00e1 dano\" - EFE","isPartOf":{"@id":"https:\/\/pre.efe.com\/pt-br\/#website"},"primaryImageOfPage":{"@id":"https:\/\/pre.efe.com\/pt-br\/mundo-2\/2025-09-01\/arquiteto-do-acordo-de-paris-diz-que-governo-trump-e-conjuntural-mas-deixara-dano\/#primaryimage"},"image":{"@id":"https:\/\/pre.efe.com\/pt-br\/mundo-2\/2025-09-01\/arquiteto-do-acordo-de-paris-diz-que-governo-trump-e-conjuntural-mas-deixara-dano\/#primaryimage"},"thumbnailUrl":"https:\/\/pre.efe.com\/wp-content\/uploads\/2025\/09\/9c5feca4fc9e7fde43eacf022bdd3cb78fb5ae75.webp","datePublished":"2025-09-01T15:18:00+00:00","dateModified":"2025-09-16T21:04:04+00:00","breadcrumb":{"@id":"https:\/\/pre.efe.com\/pt-br\/mundo-2\/2025-09-01\/arquiteto-do-acordo-de-paris-diz-que-governo-trump-e-conjuntural-mas-deixara-dano\/#breadcrumb"},"inLanguage":"pt-BR","potentialAction":[{"@type":"ReadAction","target":["https:\/\/pre.efe.com\/pt-br\/mundo-2\/2025-09-01\/arquiteto-do-acordo-de-paris-diz-que-governo-trump-e-conjuntural-mas-deixara-dano\/"]}]},{"@type":"ImageObject","inLanguage":"pt-BR","@id":"https:\/\/pre.efe.com\/pt-br\/mundo-2\/2025-09-01\/arquiteto-do-acordo-de-paris-diz-que-governo-trump-e-conjuntural-mas-deixara-dano\/#primaryimage","url":"https:\/\/pre.efe.com\/wp-content\/uploads\/2025\/09\/9c5feca4fc9e7fde43eacf022bdd3cb78fb5ae75.webp","contentUrl":"https:\/\/pre.efe.com\/wp-content\/uploads\/2025\/09\/9c5feca4fc9e7fde43eacf022bdd3cb78fb5ae75.webp","width":5472,"height":3648},{"@type":"BreadcrumbList","@id":"https:\/\/pre.efe.com\/pt-br\/mundo-2\/2025-09-01\/arquiteto-do-acordo-de-paris-diz-que-governo-trump-e-conjuntural-mas-deixara-dano\/#breadcrumb","itemListElement":[{"@type":"ListItem","position":1,"name":"Portada","item":"https:\/\/pre.efe.com\/pt-br\/"},{"@type":"ListItem","position":2,"name":"Arquiteto do Acordo de Paris diz que governo Trump \u00e9 \u00abconjuntural\u00bb, mas \u00abdeixar\u00e1 dano\u00bb"}]},{"@type":"WebSite","@id":"https:\/\/pre.efe.com\/pt-br\/#website","url":"https:\/\/pre.efe.com\/pt-br\/","name":"EFE Noticias","description":"","publisher":{"@id":"https:\/\/pre.efe.com\/pt-br\/#organization"},"potentialAction":[{"@type":"SearchAction","target":{"@type":"EntryPoint","urlTemplate":"https:\/\/pre.efe.com\/pt-br\/?s={search_term_string}"},"query-input":{"@type":"PropertyValueSpecification","valueRequired":true,"valueName":"search_term_string"}}],"inLanguage":"pt-BR"},{"@type":"Organization","@id":"https:\/\/pre.efe.com\/pt-br\/#organization","name":"Agencia EFE","url":"https:\/\/pre.efe.com\/pt-br\/","logo":{"@type":"ImageObject","inLanguage":"pt-BR","@id":"https:\/\/pre.efe.com\/pt-br\/#\/schema\/logo\/image\/","url":"https:\/\/pre.efe.com\/wp-content\/uploads\/2023\/06\/logo-efe-467.png","contentUrl":"https:\/\/pre.efe.com\/wp-content\/uploads\/2023\/06\/logo-efe-467.png","width":467,"height":467,"caption":"Agencia EFE"},"image":{"@id":"https:\/\/pre.efe.com\/pt-br\/#\/schema\/logo\/image\/"},"sameAs":["https:\/\/www.facebook.com\/AgenciaEFEnoticias\/","https:\/\/x.com\/efenoticias","https:\/\/www.instagram.com\/efe_noticias\/","http:\/\/www.youtube.com\/efe"]},{"@type":"Person","@id":"https:\/\/pre.efe.com\/pt-br\/#\/schema\/person\/b19f23f210db552768f68a4b552b004f","name":"anachain","image":{"@type":"ImageObject","inLanguage":"pt-BR","@id":"https:\/\/secure.gravatar.com\/avatar\/30b83965911ef1108bb893c00bdd65c885f9890e1265ee04b02c3d5adc785d37?s=96&d=identicon&r=g","url":"https:\/\/secure.gravatar.com\/avatar\/30b83965911ef1108bb893c00bdd65c885f9890e1265ee04b02c3d5adc785d37?s=96&d=identicon&r=g","contentUrl":"https:\/\/secure.gravatar.com\/avatar\/30b83965911ef1108bb893c00bdd65c885f9890e1265ee04b02c3d5adc785d37?s=96&d=identicon&r=g","caption":"anachain"},"url":"https:\/\/pre.efe.com\/pt-br\/autor\/anachain\/"}]}},"jetpack_featured_media_url":"https:\/\/pre.efe.com\/wp-content\/uploads\/2025\/09\/9c5feca4fc9e7fde43eacf022bdd3cb78fb5ae75.webp","jetpack_shortlink":"https:\/\/wp.me\/peJvHm-91w2","jetpack_sharing_enabled":true,"_links":{"self":[{"href":"https:\/\/pre.efe.com\/pt-br\/wp-json\/wp\/v2\/posts\/2150782","targetHints":{"allow":["GET"]}}],"collection":[{"href":"https:\/\/pre.efe.com\/pt-br\/wp-json\/wp\/v2\/posts"}],"about":[{"href":"https:\/\/pre.efe.com\/pt-br\/wp-json\/wp\/v2\/types\/post"}],"author":[{"embeddable":true,"href":"https:\/\/pre.efe.com\/pt-br\/wp-json\/wp\/v2\/users\/198164106"}],"replies":[{"embeddable":true,"href":"https:\/\/pre.efe.com\/pt-br\/wp-json\/wp\/v2\/comments?post=2150782"}],"version-history":[{"count":2,"href":"https:\/\/pre.efe.com\/pt-br\/wp-json\/wp\/v2\/posts\/2150782\/revisions"}],"predecessor-version":[{"id":2150798,"href":"https:\/\/pre.efe.com\/pt-br\/wp-json\/wp\/v2\/posts\/2150782\/revisions\/2150798"}],"wp:featuredmedia":[{"embeddable":true,"href":"https:\/\/pre.efe.com\/pt-br\/wp-json\/wp\/v2\/media\/2150793"}],"wp:attachment":[{"href":"https:\/\/pre.efe.com\/pt-br\/wp-json\/wp\/v2\/media?parent=2150782"}],"wp:term":[{"taxonomy":"category","embeddable":true,"href":"https:\/\/pre.efe.com\/pt-br\/wp-json\/wp\/v2\/categories?post=2150782"},{"taxonomy":"post_tag","embeddable":true,"href":"https:\/\/pre.efe.com\/pt-br\/wp-json\/wp\/v2\/tags?post=2150782"}],"curies":[{"name":"wp","href":"https:\/\/api.w.org\/{rel}","templated":true}]}}