{"id":2150799,"date":"2025-09-02T23:04:00","date_gmt":"2025-09-02T21:04:00","guid":{"rendered":"https:\/\/pre.efe.com\/?p=2150799"},"modified":"2025-09-16T23:07:07","modified_gmt":"2025-09-16T21:07:07","slug":"brasil-usara-metodo-que-mede-emissoes-de-metano-para-estimular-pecuaria-sustentavel","status":"publish","type":"post","link":"https:\/\/pre.efe.com\/pt-br\/brasil\/2025-09-02\/brasil-usara-metodo-que-mede-emissoes-de-metano-para-estimular-pecuaria-sustentavel\/","title":{"rendered":"Brasil usar\u00e1 m\u00e9todo que mede emiss\u00f5es de metano para estimular pecu\u00e1ria sustent\u00e1vel"},"content":{"rendered":"\n<p>Rio de Janeiro (EFE).- Maior produtor e exportador mundial de carnes, o Brasil pretende impulsionar pr\u00e1ticas sustent\u00e1veis na pecu\u00e1ria a partir dos dados obtidos com uma ferramenta rec\u00e9m-lan\u00e7ada e que mede as emiss\u00f5es de metano provenientes do manejo dos res\u00edduos da produ\u00e7\u00e3o animal.<\/p>\n\n\n\n<p>A ferramenta calcula o volume de metano emitido pelos dejetos animais, assim como a redu\u00e7\u00e3o na emiss\u00e3o deste g\u00e1s do efeito estufa alcan\u00e7ada com a ado\u00e7\u00e3o de pr\u00e1ticas sustent\u00e1veis, conforme explicou Airton Kunz, pesquisador da Embrapa e um de seus criadores.<\/p>\n\n\n\n<p>&#8220;\u00c9 um instrumento fundamental para medir os impactos dos m\u00e9todos de redu\u00e7\u00e3o de emiss\u00f5es&#8221;, afirmou.<\/p>\n\n\n\n<p>A chamada &#8216;ABC+Calc&#8217;, nascida de um acordo de coopera\u00e7\u00e3o entre a Embrapa e o Programa das Na\u00e7\u00f5es Unidas para o Meio Ambiente (Pnuma), foi lan\u00e7ada em meados de agosto pelo Minist\u00e9rio da Agricultura e colocada \u00e0 disposi\u00e7\u00e3o de todos os produtores rurais.<\/p>\n\n\n\n<p>O algoritmo utiliza dados como o n\u00famero de animais, o peso dos dejetos e os sistemas de produ\u00e7\u00e3o adotados para calcular o potencial de mitiga\u00e7\u00e3o nas emiss\u00f5es de metano, segundo a Embrapa.<\/p>\n\n\n\n<p>Os pecuaristas podem inserir os dados no sistema de qualquer computador ou celular com acesso \u00e0 internet e eles podem ser consultados na nuvem institucional da Embrapa.<\/p>\n\n\n\n<p>O objetivo \u00e9 contar com um banco de dados nacional que permita determinar quais s\u00e3o as pr\u00e1ticas sustent\u00e1veis que mais reduziram as emiss\u00f5es nas diferentes cadeias de produ\u00e7\u00e3o animal (su\u00ednos, aves e gado de corte e leiteiro).<\/p>\n\n\n\n<p>Segundo o Minist\u00e9rio da Agricultura, levando em conta que o setor agropecu\u00e1rio \u00e9 respons\u00e1vel por 75% das emiss\u00f5es de metano do Brasil e que 5,7% delas prov\u00eam do manejo dos dejetos animais, as pr\u00e1ticas sustent\u00e1veis s\u00e3o cruciais para que o pa\u00eds cumpra sua meta de redu\u00e7\u00e3o deste g\u00e1s poluente.<\/p>\n\n\n\n<p>A ferramenta tamb\u00e9m pode emitir certifica\u00e7\u00f5es de que os produtores com as melhores pr\u00e1ticas oferecem carnes que n\u00e3o amea\u00e7am o meio ambiente, afirmou \u00e0 EFE o analista econ\u00f4mico Gilberto Braga, pesquisador do IBMEC.<\/p>\n\n\n\n<p>Al\u00e9m disso, ela ajuda a melhorar os m\u00e9todos de c\u00e1lculo das emiss\u00f5es de metano, que ainda t\u00eam algumas imprecis\u00f5es, segundo admitiu o coordenador de Pol\u00edtica Internacional da rede de organiza\u00e7\u00f5es ecologistas Observat\u00f3rio do Clima, Claudio \u00c1ngelo, ao lan\u00e7ar um novo estudo sobre esse g\u00e1s poluente.<\/p>\n\n\n\n<p>De acordo com o relat\u00f3rio do Observat\u00f3rio do Clima, as emiss\u00f5es brasileiras de metano cresceram 6% em quatro anos, de 2020 a 2023, quando alcan\u00e7aram 21,1 milh\u00f5es de toneladas, seu segundo maior n\u00edvel desde o in\u00edcio das medi\u00e7\u00f5es.<\/p>\n\n\n\n<p>Esse volume confirma o Brasil como o quinto maior emissor de metano do mundo, atr\u00e1s de China, Estados Unidos, \u00cdndia e R\u00fassia.<\/p>\n\n\n\n<p>Para o Observat\u00f3rio do Clima, uma redu\u00e7\u00e3o de 45% nas emiss\u00f5es de metano pode diminuir o aquecimento global em 0,3 graus Celsius at\u00e9 2040.<\/p>\n\n\n\n<p>A gest\u00e3o de res\u00edduos e a rastreabilidade do gado est\u00e3o entre os temas que ser\u00e3o discutidos no III F\u00f3rum Latino-Americano de Economia Verde, que a Ag\u00eancia EFE organizar\u00e1 em S\u00e3o Paulo na pr\u00f3xima quinta-feira.<\/p>\n\n\n\n<p>O encontro reunir\u00e1 autoridades e especialistas para debater sobre a crise clim\u00e1tica e conta com o patroc\u00ednio de ApexBrasil e Norte Energia, al\u00e9m do apoio de IBMEC, Observat\u00f3rio do Clima e Imaflora.<\/p>\n","protected":false},"excerpt":{"rendered":"<p>Rio de Janeiro (EFE).- Maior produtor e exportador mundial de carnes, o Brasil pretende impulsionar pr\u00e1ticas sustent\u00e1veis na pecu\u00e1ria a partir dos dados obtidos com uma ferramenta rec\u00e9m-lan\u00e7ada e que mede as emiss\u00f5es de metano provenientes do manejo dos res\u00edduos da produ\u00e7\u00e3o animal. A ferramenta calcula o volume de metano emitido pelos dejetos animais, assim &#8230; <a title=\"Brasil usar\u00e1 m\u00e9todo que mede emiss\u00f5es de metano para estimular pecu\u00e1ria sustent\u00e1vel\" class=\"read-more\" href=\"https:\/\/pre.efe.com\/pt-br\/brasil\/2025-09-02\/brasil-usara-metodo-que-mede-emissoes-de-metano-para-estimular-pecuaria-sustentavel\/\" aria-label=\"Read more about Brasil usar\u00e1 m\u00e9todo que mede emiss\u00f5es de metano para estimular pecu\u00e1ria sustent\u00e1vel\">Leia mais<\/a><\/p>\n","protected":false},"author":198164106,"featured_media":2150807,"comment_status":"closed","ping_status":"closed","sticky":false,"template":"","format":"standard","meta":{"_acf_changed":false,"_jetpack_memberships_contains_paid_content":false,"footnotes":""},"categories":[123513,121967,122144,122141],"tags":[125591,123236,124952],"class_list":["post-2150799","post","type-post","status-publish","format-standard","has-post-thumbnail","hentry","category-brasil","category-economia-pt","category-outras-noticias","category-portada","tag-brasil-2","tag-crise-climatica","tag-meio-ambiente","generate-columns","tablet-grid-50","mobile-grid-100","grid-parent","grid-50"],"acf":[],"yoast_head":"<!-- This site is optimized with the Yoast SEO Premium plugin v26.0 (Yoast SEO v27.5) - https:\/\/yoast.com\/product\/yoast-seo-premium-wordpress\/ -->\n<title>Brasil usar\u00e1 m\u00e9todo que mede emiss\u00f5es de metano para estimular pecu\u00e1ria sustent\u00e1vel - EFE<\/title>\n<meta name=\"robots\" content=\"noindex, follow\" \/>\n<meta property=\"og:locale\" content=\"pt_BR\" \/>\n<meta property=\"og:type\" content=\"article\" \/>\n<meta property=\"og:title\" content=\"Brasil usar\u00e1 m\u00e9todo que mede emiss\u00f5es de metano para estimular pecu\u00e1ria sustent\u00e1vel - EFE\" \/>\n<meta property=\"og:description\" content=\"Rio de Janeiro (EFE).- Maior produtor e exportador mundial de carnes, o Brasil pretende impulsionar pr\u00e1ticas sustent\u00e1veis na pecu\u00e1ria a partir dos dados obtidos com uma ferramenta rec\u00e9m-lan\u00e7ada e que mede as emiss\u00f5es de metano provenientes do manejo dos res\u00edduos da produ\u00e7\u00e3o animal. A ferramenta calcula o volume de metano emitido pelos dejetos animais, assim ... Leia mais\" \/>\n<meta property=\"og:url\" content=\"https:\/\/pre.efe.com\/pt-br\/brasil\/2025-09-02\/brasil-usara-metodo-que-mede-emissoes-de-metano-para-estimular-pecuaria-sustentavel\/\" \/>\n<meta property=\"og:site_name\" content=\"EFE Noticias\" \/>\n<meta property=\"article:publisher\" content=\"https:\/\/www.facebook.com\/AgenciaEFEnoticias\/\" \/>\n<meta property=\"article:published_time\" content=\"2025-09-02T21:04:00+00:00\" \/>\n<meta property=\"article:modified_time\" content=\"2025-09-16T21:07:07+00:00\" \/>\n<meta property=\"og:image\" content=\"https:\/\/pre.efe.com\/wp-content\/uploads\/2025\/09\/f1d4c4c0c87e363ea3ad6457c1fb8f3a3394042aw-1536x1024-1.webp\" \/>\n\t<meta property=\"og:image:width\" content=\"1536\" \/>\n\t<meta property=\"og:image:height\" content=\"1024\" \/>\n\t<meta property=\"og:image:type\" content=\"image\/webp\" \/>\n<meta name=\"author\" content=\"anachain\" \/>\n<meta name=\"twitter:card\" content=\"summary_large_image\" \/>\n<meta name=\"twitter:creator\" content=\"@efenoticias\" \/>\n<meta name=\"twitter:site\" content=\"@efenoticias\" \/>\n<script type=\"application\/ld+json\" class=\"yoast-schema-graph\">{\"@context\":\"https:\\\/\\\/schema.org\",\"@graph\":[{\"@type\":\"NewsArticle\",\"@id\":\"https:\\\/\\\/pre.efe.com\\\/pt-br\\\/brasil\\\/2025-09-02\\\/brasil-usara-metodo-que-mede-emissoes-de-metano-para-estimular-pecuaria-sustentavel\\\/#article\",\"isPartOf\":{\"@id\":\"https:\\\/\\\/pre.efe.com\\\/pt-br\\\/brasil\\\/2025-09-02\\\/brasil-usara-metodo-que-mede-emissoes-de-metano-para-estimular-pecuaria-sustentavel\\\/\"},\"author\":{\"name\":\"anachain\",\"@id\":\"https:\\\/\\\/pre.efe.com\\\/pt-br\\\/#\\\/schema\\\/person\\\/b19f23f210db552768f68a4b552b004f\"},\"headline\":\"Brasil usar\u00e1 m\u00e9todo que mede emiss\u00f5es de metano para estimular pecu\u00e1ria sustent\u00e1vel\",\"datePublished\":\"2025-09-02T21:04:00+00:00\",\"dateModified\":\"2025-09-16T21:07:07+00:00\",\"mainEntityOfPage\":{\"@id\":\"https:\\\/\\\/pre.efe.com\\\/pt-br\\\/brasil\\\/2025-09-02\\\/brasil-usara-metodo-que-mede-emissoes-de-metano-para-estimular-pecuaria-sustentavel\\\/\"},\"wordCount\":603,\"publisher\":{\"@id\":\"https:\\\/\\\/pre.efe.com\\\/pt-br\\\/#organization\"},\"image\":{\"@id\":\"https:\\\/\\\/pre.efe.com\\\/pt-br\\\/brasil\\\/2025-09-02\\\/brasil-usara-metodo-que-mede-emissoes-de-metano-para-estimular-pecuaria-sustentavel\\\/#primaryimage\"},\"thumbnailUrl\":\"https:\\\/\\\/pre.efe.com\\\/wp-content\\\/uploads\\\/2025\\\/09\\\/f1d4c4c0c87e363ea3ad6457c1fb8f3a3394042aw-1536x1024-1.webp\",\"keywords\":[\"Brasil\",\"Crise climatica\",\"Meio ambiente\"],\"articleSection\":[\"Brasil\",\"Economia\",\"Outras not\u00edcias\",\"Portada\"],\"inLanguage\":\"pt-BR\",\"copyrightYear\":\"2025\",\"copyrightHolder\":{\"@id\":\"https:\\\/\\\/pre.efe.com\\\/#organization\"}},{\"@type\":[\"WebPage\",\"ItemPage\"],\"@id\":\"https:\\\/\\\/pre.efe.com\\\/pt-br\\\/brasil\\\/2025-09-02\\\/brasil-usara-metodo-que-mede-emissoes-de-metano-para-estimular-pecuaria-sustentavel\\\/\",\"url\":\"https:\\\/\\\/pre.efe.com\\\/pt-br\\\/brasil\\\/2025-09-02\\\/brasil-usara-metodo-que-mede-emissoes-de-metano-para-estimular-pecuaria-sustentavel\\\/\",\"name\":\"Brasil usar\u00e1 m\u00e9todo que mede emiss\u00f5es de metano para estimular pecu\u00e1ria sustent\u00e1vel - EFE\",\"isPartOf\":{\"@id\":\"https:\\\/\\\/pre.efe.com\\\/pt-br\\\/#website\"},\"primaryImageOfPage\":{\"@id\":\"https:\\\/\\\/pre.efe.com\\\/pt-br\\\/brasil\\\/2025-09-02\\\/brasil-usara-metodo-que-mede-emissoes-de-metano-para-estimular-pecuaria-sustentavel\\\/#primaryimage\"},\"image\":{\"@id\":\"https:\\\/\\\/pre.efe.com\\\/pt-br\\\/brasil\\\/2025-09-02\\\/brasil-usara-metodo-que-mede-emissoes-de-metano-para-estimular-pecuaria-sustentavel\\\/#primaryimage\"},\"thumbnailUrl\":\"https:\\\/\\\/pre.efe.com\\\/wp-content\\\/uploads\\\/2025\\\/09\\\/f1d4c4c0c87e363ea3ad6457c1fb8f3a3394042aw-1536x1024-1.webp\",\"datePublished\":\"2025-09-02T21:04:00+00:00\",\"dateModified\":\"2025-09-16T21:07:07+00:00\",\"breadcrumb\":{\"@id\":\"https:\\\/\\\/pre.efe.com\\\/pt-br\\\/brasil\\\/2025-09-02\\\/brasil-usara-metodo-que-mede-emissoes-de-metano-para-estimular-pecuaria-sustentavel\\\/#breadcrumb\"},\"inLanguage\":\"pt-BR\",\"potentialAction\":[{\"@type\":\"ReadAction\",\"target\":[\"https:\\\/\\\/pre.efe.com\\\/pt-br\\\/brasil\\\/2025-09-02\\\/brasil-usara-metodo-que-mede-emissoes-de-metano-para-estimular-pecuaria-sustentavel\\\/\"]}]},{\"@type\":\"ImageObject\",\"inLanguage\":\"pt-BR\",\"@id\":\"https:\\\/\\\/pre.efe.com\\\/pt-br\\\/brasil\\\/2025-09-02\\\/brasil-usara-metodo-que-mede-emissoes-de-metano-para-estimular-pecuaria-sustentavel\\\/#primaryimage\",\"url\":\"https:\\\/\\\/pre.efe.com\\\/wp-content\\\/uploads\\\/2025\\\/09\\\/f1d4c4c0c87e363ea3ad6457c1fb8f3a3394042aw-1536x1024-1.webp\",\"contentUrl\":\"https:\\\/\\\/pre.efe.com\\\/wp-content\\\/uploads\\\/2025\\\/09\\\/f1d4c4c0c87e363ea3ad6457c1fb8f3a3394042aw-1536x1024-1.webp\",\"width\":1536,\"height\":1024},{\"@type\":\"BreadcrumbList\",\"@id\":\"https:\\\/\\\/pre.efe.com\\\/pt-br\\\/brasil\\\/2025-09-02\\\/brasil-usara-metodo-que-mede-emissoes-de-metano-para-estimular-pecuaria-sustentavel\\\/#breadcrumb\",\"itemListElement\":[{\"@type\":\"ListItem\",\"position\":1,\"name\":\"Portada\",\"item\":\"https:\\\/\\\/pre.efe.com\\\/pt-br\\\/\"},{\"@type\":\"ListItem\",\"position\":2,\"name\":\"Brasil usar\u00e1 m\u00e9todo que mede emiss\u00f5es de metano para estimular pecu\u00e1ria sustent\u00e1vel\"}]},{\"@type\":\"WebSite\",\"@id\":\"https:\\\/\\\/pre.efe.com\\\/pt-br\\\/#website\",\"url\":\"https:\\\/\\\/pre.efe.com\\\/pt-br\\\/\",\"name\":\"EFE Noticias\",\"description\":\"\",\"publisher\":{\"@id\":\"https:\\\/\\\/pre.efe.com\\\/pt-br\\\/#organization\"},\"potentialAction\":[{\"@type\":\"SearchAction\",\"target\":{\"@type\":\"EntryPoint\",\"urlTemplate\":\"https:\\\/\\\/pre.efe.com\\\/pt-br\\\/?s={search_term_string}\"},\"query-input\":{\"@type\":\"PropertyValueSpecification\",\"valueRequired\":true,\"valueName\":\"search_term_string\"}}],\"inLanguage\":\"pt-BR\"},{\"@type\":\"Organization\",\"@id\":\"https:\\\/\\\/pre.efe.com\\\/pt-br\\\/#organization\",\"name\":\"Agencia EFE\",\"url\":\"https:\\\/\\\/pre.efe.com\\\/pt-br\\\/\",\"logo\":{\"@type\":\"ImageObject\",\"inLanguage\":\"pt-BR\",\"@id\":\"https:\\\/\\\/pre.efe.com\\\/pt-br\\\/#\\\/schema\\\/logo\\\/image\\\/\",\"url\":\"https:\\\/\\\/pre.efe.com\\\/wp-content\\\/uploads\\\/2023\\\/06\\\/logo-efe-467.png\",\"contentUrl\":\"https:\\\/\\\/pre.efe.com\\\/wp-content\\\/uploads\\\/2023\\\/06\\\/logo-efe-467.png\",\"width\":467,\"height\":467,\"caption\":\"Agencia EFE\"},\"image\":{\"@id\":\"https:\\\/\\\/pre.efe.com\\\/pt-br\\\/#\\\/schema\\\/logo\\\/image\\\/\"},\"sameAs\":[\"https:\\\/\\\/www.facebook.com\\\/AgenciaEFEnoticias\\\/\",\"https:\\\/\\\/x.com\\\/efenoticias\",\"https:\\\/\\\/www.instagram.com\\\/efe_noticias\\\/\",\"http:\\\/\\\/www.youtube.com\\\/efe\"]},{\"@type\":\"Person\",\"@id\":\"https:\\\/\\\/pre.efe.com\\\/pt-br\\\/#\\\/schema\\\/person\\\/b19f23f210db552768f68a4b552b004f\",\"name\":\"anachain\",\"image\":{\"@type\":\"ImageObject\",\"inLanguage\":\"pt-BR\",\"@id\":\"https:\\\/\\\/secure.gravatar.com\\\/avatar\\\/30b83965911ef1108bb893c00bdd65c885f9890e1265ee04b02c3d5adc785d37?s=96&d=identicon&r=g\",\"url\":\"https:\\\/\\\/secure.gravatar.com\\\/avatar\\\/30b83965911ef1108bb893c00bdd65c885f9890e1265ee04b02c3d5adc785d37?s=96&d=identicon&r=g\",\"contentUrl\":\"https:\\\/\\\/secure.gravatar.com\\\/avatar\\\/30b83965911ef1108bb893c00bdd65c885f9890e1265ee04b02c3d5adc785d37?s=96&d=identicon&r=g\",\"caption\":\"anachain\"},\"url\":\"https:\\\/\\\/pre.efe.com\\\/pt-br\\\/autor\\\/anachain\\\/\"}]}<\/script>\n<!-- \/ Yoast SEO Premium plugin. -->","yoast_head_json":{"title":"Brasil usar\u00e1 m\u00e9todo que mede emiss\u00f5es de metano para estimular pecu\u00e1ria sustent\u00e1vel - EFE","robots":{"index":"noindex","follow":"follow"},"og_locale":"pt_BR","og_type":"article","og_title":"Brasil usar\u00e1 m\u00e9todo que mede emiss\u00f5es de metano para estimular pecu\u00e1ria sustent\u00e1vel - EFE","og_description":"Rio de Janeiro (EFE).- Maior produtor e exportador mundial de carnes, o Brasil pretende impulsionar pr\u00e1ticas sustent\u00e1veis na pecu\u00e1ria a partir dos dados obtidos com uma ferramenta rec\u00e9m-lan\u00e7ada e que mede as emiss\u00f5es de metano provenientes do manejo dos res\u00edduos da produ\u00e7\u00e3o animal. A ferramenta calcula o volume de metano emitido pelos dejetos animais, assim ... Leia mais","og_url":"https:\/\/pre.efe.com\/pt-br\/brasil\/2025-09-02\/brasil-usara-metodo-que-mede-emissoes-de-metano-para-estimular-pecuaria-sustentavel\/","og_site_name":"EFE Noticias","article_publisher":"https:\/\/www.facebook.com\/AgenciaEFEnoticias\/","article_published_time":"2025-09-02T21:04:00+00:00","article_modified_time":"2025-09-16T21:07:07+00:00","og_image":[{"width":1536,"height":1024,"url":"https:\/\/pre.efe.com\/wp-content\/uploads\/2025\/09\/f1d4c4c0c87e363ea3ad6457c1fb8f3a3394042aw-1536x1024-1.webp","type":"image\/webp"}],"author":"anachain","twitter_card":"summary_large_image","twitter_creator":"@efenoticias","twitter_site":"@efenoticias","schema":{"@context":"https:\/\/schema.org","@graph":[{"@type":"NewsArticle","@id":"https:\/\/pre.efe.com\/pt-br\/brasil\/2025-09-02\/brasil-usara-metodo-que-mede-emissoes-de-metano-para-estimular-pecuaria-sustentavel\/#article","isPartOf":{"@id":"https:\/\/pre.efe.com\/pt-br\/brasil\/2025-09-02\/brasil-usara-metodo-que-mede-emissoes-de-metano-para-estimular-pecuaria-sustentavel\/"},"author":{"name":"anachain","@id":"https:\/\/pre.efe.com\/pt-br\/#\/schema\/person\/b19f23f210db552768f68a4b552b004f"},"headline":"Brasil usar\u00e1 m\u00e9todo que mede emiss\u00f5es de metano para estimular pecu\u00e1ria sustent\u00e1vel","datePublished":"2025-09-02T21:04:00+00:00","dateModified":"2025-09-16T21:07:07+00:00","mainEntityOfPage":{"@id":"https:\/\/pre.efe.com\/pt-br\/brasil\/2025-09-02\/brasil-usara-metodo-que-mede-emissoes-de-metano-para-estimular-pecuaria-sustentavel\/"},"wordCount":603,"publisher":{"@id":"https:\/\/pre.efe.com\/pt-br\/#organization"},"image":{"@id":"https:\/\/pre.efe.com\/pt-br\/brasil\/2025-09-02\/brasil-usara-metodo-que-mede-emissoes-de-metano-para-estimular-pecuaria-sustentavel\/#primaryimage"},"thumbnailUrl":"https:\/\/pre.efe.com\/wp-content\/uploads\/2025\/09\/f1d4c4c0c87e363ea3ad6457c1fb8f3a3394042aw-1536x1024-1.webp","keywords":["Brasil","Crise climatica","Meio ambiente"],"articleSection":["Brasil","Economia","Outras not\u00edcias","Portada"],"inLanguage":"pt-BR","copyrightYear":"2025","copyrightHolder":{"@id":"https:\/\/pre.efe.com\/#organization"}},{"@type":["WebPage","ItemPage"],"@id":"https:\/\/pre.efe.com\/pt-br\/brasil\/2025-09-02\/brasil-usara-metodo-que-mede-emissoes-de-metano-para-estimular-pecuaria-sustentavel\/","url":"https:\/\/pre.efe.com\/pt-br\/brasil\/2025-09-02\/brasil-usara-metodo-que-mede-emissoes-de-metano-para-estimular-pecuaria-sustentavel\/","name":"Brasil usar\u00e1 m\u00e9todo que mede emiss\u00f5es de metano para estimular pecu\u00e1ria sustent\u00e1vel - EFE","isPartOf":{"@id":"https:\/\/pre.efe.com\/pt-br\/#website"},"primaryImageOfPage":{"@id":"https:\/\/pre.efe.com\/pt-br\/brasil\/2025-09-02\/brasil-usara-metodo-que-mede-emissoes-de-metano-para-estimular-pecuaria-sustentavel\/#primaryimage"},"image":{"@id":"https:\/\/pre.efe.com\/pt-br\/brasil\/2025-09-02\/brasil-usara-metodo-que-mede-emissoes-de-metano-para-estimular-pecuaria-sustentavel\/#primaryimage"},"thumbnailUrl":"https:\/\/pre.efe.com\/wp-content\/uploads\/2025\/09\/f1d4c4c0c87e363ea3ad6457c1fb8f3a3394042aw-1536x1024-1.webp","datePublished":"2025-09-02T21:04:00+00:00","dateModified":"2025-09-16T21:07:07+00:00","breadcrumb":{"@id":"https:\/\/pre.efe.com\/pt-br\/brasil\/2025-09-02\/brasil-usara-metodo-que-mede-emissoes-de-metano-para-estimular-pecuaria-sustentavel\/#breadcrumb"},"inLanguage":"pt-BR","potentialAction":[{"@type":"ReadAction","target":["https:\/\/pre.efe.com\/pt-br\/brasil\/2025-09-02\/brasil-usara-metodo-que-mede-emissoes-de-metano-para-estimular-pecuaria-sustentavel\/"]}]},{"@type":"ImageObject","inLanguage":"pt-BR","@id":"https:\/\/pre.efe.com\/pt-br\/brasil\/2025-09-02\/brasil-usara-metodo-que-mede-emissoes-de-metano-para-estimular-pecuaria-sustentavel\/#primaryimage","url":"https:\/\/pre.efe.com\/wp-content\/uploads\/2025\/09\/f1d4c4c0c87e363ea3ad6457c1fb8f3a3394042aw-1536x1024-1.webp","contentUrl":"https:\/\/pre.efe.com\/wp-content\/uploads\/2025\/09\/f1d4c4c0c87e363ea3ad6457c1fb8f3a3394042aw-1536x1024-1.webp","width":1536,"height":1024},{"@type":"BreadcrumbList","@id":"https:\/\/pre.efe.com\/pt-br\/brasil\/2025-09-02\/brasil-usara-metodo-que-mede-emissoes-de-metano-para-estimular-pecuaria-sustentavel\/#breadcrumb","itemListElement":[{"@type":"ListItem","position":1,"name":"Portada","item":"https:\/\/pre.efe.com\/pt-br\/"},{"@type":"ListItem","position":2,"name":"Brasil usar\u00e1 m\u00e9todo que mede emiss\u00f5es de metano para estimular pecu\u00e1ria sustent\u00e1vel"}]},{"@type":"WebSite","@id":"https:\/\/pre.efe.com\/pt-br\/#website","url":"https:\/\/pre.efe.com\/pt-br\/","name":"EFE Noticias","description":"","publisher":{"@id":"https:\/\/pre.efe.com\/pt-br\/#organization"},"potentialAction":[{"@type":"SearchAction","target":{"@type":"EntryPoint","urlTemplate":"https:\/\/pre.efe.com\/pt-br\/?s={search_term_string}"},"query-input":{"@type":"PropertyValueSpecification","valueRequired":true,"valueName":"search_term_string"}}],"inLanguage":"pt-BR"},{"@type":"Organization","@id":"https:\/\/pre.efe.com\/pt-br\/#organization","name":"Agencia EFE","url":"https:\/\/pre.efe.com\/pt-br\/","logo":{"@type":"ImageObject","inLanguage":"pt-BR","@id":"https:\/\/pre.efe.com\/pt-br\/#\/schema\/logo\/image\/","url":"https:\/\/pre.efe.com\/wp-content\/uploads\/2023\/06\/logo-efe-467.png","contentUrl":"https:\/\/pre.efe.com\/wp-content\/uploads\/2023\/06\/logo-efe-467.png","width":467,"height":467,"caption":"Agencia EFE"},"image":{"@id":"https:\/\/pre.efe.com\/pt-br\/#\/schema\/logo\/image\/"},"sameAs":["https:\/\/www.facebook.com\/AgenciaEFEnoticias\/","https:\/\/x.com\/efenoticias","https:\/\/www.instagram.com\/efe_noticias\/","http:\/\/www.youtube.com\/efe"]},{"@type":"Person","@id":"https:\/\/pre.efe.com\/pt-br\/#\/schema\/person\/b19f23f210db552768f68a4b552b004f","name":"anachain","image":{"@type":"ImageObject","inLanguage":"pt-BR","@id":"https:\/\/secure.gravatar.com\/avatar\/30b83965911ef1108bb893c00bdd65c885f9890e1265ee04b02c3d5adc785d37?s=96&d=identicon&r=g","url":"https:\/\/secure.gravatar.com\/avatar\/30b83965911ef1108bb893c00bdd65c885f9890e1265ee04b02c3d5adc785d37?s=96&d=identicon&r=g","contentUrl":"https:\/\/secure.gravatar.com\/avatar\/30b83965911ef1108bb893c00bdd65c885f9890e1265ee04b02c3d5adc785d37?s=96&d=identicon&r=g","caption":"anachain"},"url":"https:\/\/pre.efe.com\/pt-br\/autor\/anachain\/"}]}},"jetpack_featured_media_url":"https:\/\/pre.efe.com\/wp-content\/uploads\/2025\/09\/f1d4c4c0c87e363ea3ad6457c1fb8f3a3394042aw-1536x1024-1.webp","jetpack_shortlink":"https:\/\/wp.me\/peJvHm-91wj","jetpack_sharing_enabled":true,"_links":{"self":[{"href":"https:\/\/pre.efe.com\/pt-br\/wp-json\/wp\/v2\/posts\/2150799","targetHints":{"allow":["GET"]}}],"collection":[{"href":"https:\/\/pre.efe.com\/pt-br\/wp-json\/wp\/v2\/posts"}],"about":[{"href":"https:\/\/pre.efe.com\/pt-br\/wp-json\/wp\/v2\/types\/post"}],"author":[{"embeddable":true,"href":"https:\/\/pre.efe.com\/pt-br\/wp-json\/wp\/v2\/users\/198164106"}],"replies":[{"embeddable":true,"href":"https:\/\/pre.efe.com\/pt-br\/wp-json\/wp\/v2\/comments?post=2150799"}],"version-history":[{"count":2,"href":"https:\/\/pre.efe.com\/pt-br\/wp-json\/wp\/v2\/posts\/2150799\/revisions"}],"predecessor-version":[{"id":2150811,"href":"https:\/\/pre.efe.com\/pt-br\/wp-json\/wp\/v2\/posts\/2150799\/revisions\/2150811"}],"wp:featuredmedia":[{"embeddable":true,"href":"https:\/\/pre.efe.com\/pt-br\/wp-json\/wp\/v2\/media\/2150807"}],"wp:attachment":[{"href":"https:\/\/pre.efe.com\/pt-br\/wp-json\/wp\/v2\/media?parent=2150799"}],"wp:term":[{"taxonomy":"category","embeddable":true,"href":"https:\/\/pre.efe.com\/pt-br\/wp-json\/wp\/v2\/categories?post=2150799"},{"taxonomy":"post_tag","embeddable":true,"href":"https:\/\/pre.efe.com\/pt-br\/wp-json\/wp\/v2\/tags?post=2150799"}],"curies":[{"name":"wp","href":"https:\/\/api.w.org\/{rel}","templated":true}]}}