{"id":2163865,"date":"2025-09-22T12:45:00","date_gmt":"2025-09-22T10:45:00","guid":{"rendered":"https:\/\/pre.efe.com\/?p=2163865"},"modified":"2025-09-22T13:46:41","modified_gmt":"2025-09-22T11:46:41","slug":"kremlin-tacha-como-vazias-as-acusacoes-de-violacao-do-espaco-aereo-da-ue","status":"publish","type":"post","link":"https:\/\/pre.efe.com\/pt-br\/mundo-2\/2025-09-22\/kremlin-tacha-como-vazias-as-acusacoes-de-violacao-do-espaco-aereo-da-ue\/","title":{"rendered":"Kremlin tacha como &#8220;vazias&#8221; as acusa\u00e7\u00f5es de viola\u00e7\u00e3o do espa\u00e7o a\u00e9reo da UE"},"content":{"rendered":"\n<p>Moscou (EFE).- O Kremlin afirmou nesta segunda-feira que as acusa\u00e7\u00f5es de viola\u00e7\u00e3o do espa\u00e7o a\u00e9reo de alguns pa\u00edses europeus, feitas nos \u00faltimos dias por membros da Uni\u00e3o Europeia (UE), carecem de fundamento e s\u00e3o &#8220;vazias&#8221;.<\/p>\n\n\n\n<p>&#8220;Consideramos que tais palavras s\u00e3o vazias, infundadas e uma continua\u00e7\u00e3o da linha completamente furiosa de escalada de tens\u00f5es que provocam uma atmosfera de confronto&#8221;, declarou o porta-voz da presid\u00eancia russa, Dmitry Peskov, em sua coletiva de imprensa telef\u00f4nica di\u00e1ria.<\/p>\n\n\n\n<p>Peskov respondeu assim a uma pergunta sobre uma s\u00e9rie de acusa\u00e7\u00f5es sobre a incurs\u00e3o de drones ou avi\u00f5es russos no espa\u00e7o a\u00e9reo europeu, incluindo a den\u00fancia da Est\u00f4nia no final da semana passada.<\/p>\n\n\n\n<p>&#8220;N\u00e3o \u00e9 uma novidade para a pol\u00edtica externa da Est\u00f4nia nem de outros pa\u00edses b\u00e1lticos. Observamos isso constantemente. Mas agora, \u00e9 claro, para nosso pesar, isso est\u00e1 agravando ainda mais as tens\u00f5es na regi\u00e3o&#8221;, disse Peskov.<\/p>\n\n\n\n<p>O porta-voz do Kremlin insistiu que as for\u00e7as russas cumprem &#8220;estritamente&#8221; as normas internacionais, tamb\u00e9m no que diz respeito ao regulamento dos voos.<\/p>\n\n\n\n<p>O Minist\u00e9rio da Defesa da R\u00fassia j\u00e1 havia negado anteriormente que seus ca\u00e7as violaram o espa\u00e7o a\u00e9reo da Est\u00f4nia, tal como denunciou Tallinn na sexta-feira, quando invocou o Artigo 4 do Tratado da Otan para efetuar consultas com os aliados.<\/p>\n\n\n\n<p>A Est\u00f4nia acusou a R\u00fassia na sexta-feira de viola\u00e7\u00e3o de seu espa\u00e7o a\u00e9reo por tr\u00eas ca\u00e7as russos, que, segundo Tallinn, permaneceram por 12 minutos no ar sobre a ilha de Vaindloo, no Golfo da Finl\u00e2ndia, o que obrigou avi\u00f5es de patrulha a\u00e9rea da Otan a intervir.<\/p>\n\n\n\n<p>A pedido da Est\u00f4nia, ocorrer\u00e1 hoje uma reuni\u00e3o de emerg\u00eancia do Conselho de Seguran\u00e7a da ONU em Nova York na qual o incidente ser\u00e1 abordado.<\/p>\n\n\n\n<p>Em paralelo, a Pol\u00f4nia informou que tamb\u00e9m havia detectado na sexta-feira dois ca\u00e7as russos sobre o Mar B\u00e1ltico, onde efetuaram um voo a baixa altitude nas imedia\u00e7\u00f5es da plataforma de extra\u00e7\u00e3o de petr\u00f3leo Petrobaltic e violaram sua zona de seguran\u00e7a, segundo a Guarda de Fronteira polonesa.<\/p>\n\n\n\n<p>Esses incidentes somam-se \u00e0 outra incurs\u00e3o de cerca de 20 drones russos no espa\u00e7o a\u00e9reo da Pol\u00f4nia em 10 de setembro, e a outra de um drone nos c\u00e9us da Rom\u00eania, em 14 de setembro.<\/p>\n\n\n\n<p>A incurs\u00e3o a\u00e9rea de drones russos em territ\u00f3rio polon\u00eas em setembro obrigou a Otan a refor\u00e7ar a seguran\u00e7a em seu flanco oriental. EFE<\/p>\n","protected":false},"excerpt":{"rendered":"<p>Moscou (EFE).- O Kremlin afirmou nesta segunda-feira que as acusa\u00e7\u00f5es de viola\u00e7\u00e3o do espa\u00e7o a\u00e9reo de alguns pa\u00edses europeus, feitas nos \u00faltimos dias por membros da Uni\u00e3o Europeia (UE), carecem de fundamento e s\u00e3o &#8220;vazias&#8221;. &#8220;Consideramos que tais palavras s\u00e3o vazias, infundadas e uma continua\u00e7\u00e3o da linha completamente furiosa de escalada de tens\u00f5es que provocam &#8230; <a title=\"Kremlin tacha como &#8220;vazias&#8221; as acusa\u00e7\u00f5es de viola\u00e7\u00e3o do espa\u00e7o a\u00e9reo da UE\" class=\"read-more\" href=\"https:\/\/pre.efe.com\/pt-br\/mundo-2\/2025-09-22\/kremlin-tacha-como-vazias-as-acusacoes-de-violacao-do-espaco-aereo-da-ue\/\" aria-label=\"Read more about Kremlin tacha como &#8220;vazias&#8221; as acusa\u00e7\u00f5es de viola\u00e7\u00e3o do espa\u00e7o a\u00e9reo da UE\">Leia mais<\/a><\/p>\n","protected":false},"author":198164106,"featured_media":2035652,"comment_status":"closed","ping_status":"closed","sticky":false,"template":"","format":"standard","meta":{"_acf_changed":false,"_jetpack_memberships_contains_paid_content":false,"footnotes":""},"categories":[123208,122141],"tags":[122791,122958,122792,123347],"class_list":["post-2163865","post","type-post","status-publish","format-standard","has-post-thumbnail","hentry","category-mundo-2","category-portada","tag-guerra-2","tag-russia-2","tag-ucrania-2","tag-ue-2","generate-columns","tablet-grid-50","mobile-grid-100","grid-parent","grid-50"],"acf":[],"yoast_head":"<!-- This site is optimized with the Yoast SEO Premium plugin v26.0 (Yoast SEO v27.4) - https:\/\/yoast.com\/product\/yoast-seo-premium-wordpress\/ -->\n<title>Kremlin tacha como &quot;vazias&quot; as acusa\u00e7\u00f5es de viola\u00e7\u00e3o do espa\u00e7o a\u00e9reo da UE - EFE<\/title>\n<meta name=\"robots\" content=\"noindex, follow\" \/>\n<meta property=\"og:locale\" content=\"pt_BR\" \/>\n<meta property=\"og:type\" content=\"article\" \/>\n<meta property=\"og:title\" content=\"Kremlin tacha como &quot;vazias&quot; as acusa\u00e7\u00f5es de viola\u00e7\u00e3o do espa\u00e7o a\u00e9reo da UE - EFE\" \/>\n<meta property=\"og:description\" content=\"Moscou (EFE).- O Kremlin afirmou nesta segunda-feira que as acusa\u00e7\u00f5es de viola\u00e7\u00e3o do espa\u00e7o a\u00e9reo de alguns pa\u00edses europeus, feitas nos \u00faltimos dias por membros da Uni\u00e3o Europeia (UE), carecem de fundamento e s\u00e3o &#8220;vazias&#8221;. &#8220;Consideramos que tais palavras s\u00e3o vazias, infundadas e uma continua\u00e7\u00e3o da linha completamente furiosa de escalada de tens\u00f5es que provocam ... Leia mais\" \/>\n<meta property=\"og:url\" content=\"https:\/\/pre.efe.com\/pt-br\/mundo-2\/2025-09-22\/kremlin-tacha-como-vazias-as-acusacoes-de-violacao-do-espaco-aereo-da-ue\/\" \/>\n<meta property=\"og:site_name\" content=\"EFE Noticias\" \/>\n<meta property=\"article:publisher\" content=\"https:\/\/www.facebook.com\/AgenciaEFEnoticias\/\" \/>\n<meta property=\"article:published_time\" content=\"2025-09-22T10:45:00+00:00\" \/>\n<meta property=\"article:modified_time\" content=\"2025-09-22T11:46:41+00:00\" \/>\n<meta property=\"og:image\" content=\"https:\/\/pre.efe.com\/wp-content\/uploads\/2025\/07\/rss-efe8244c34bda0792a1b3589d49a56eb8ed5db5aef9w.webp\" \/>\n\t<meta property=\"og:image:width\" content=\"1920\" \/>\n\t<meta property=\"og:image:height\" content=\"1280\" \/>\n\t<meta property=\"og:image:type\" content=\"image\/jpeg\" \/>\n<meta name=\"author\" content=\"anachain\" \/>\n<meta name=\"twitter:card\" content=\"summary_large_image\" \/>\n<meta name=\"twitter:creator\" content=\"@efenoticias\" \/>\n<meta name=\"twitter:site\" content=\"@efenoticias\" \/>\n<script type=\"application\/ld+json\" class=\"yoast-schema-graph\">{\"@context\":\"https:\\\/\\\/schema.org\",\"@graph\":[{\"@type\":\"NewsArticle\",\"@id\":\"https:\\\/\\\/pre.efe.com\\\/pt-br\\\/mundo-2\\\/2025-09-22\\\/kremlin-tacha-como-vazias-as-acusacoes-de-violacao-do-espaco-aereo-da-ue\\\/#article\",\"isPartOf\":{\"@id\":\"https:\\\/\\\/pre.efe.com\\\/pt-br\\\/mundo-2\\\/2025-09-22\\\/kremlin-tacha-como-vazias-as-acusacoes-de-violacao-do-espaco-aereo-da-ue\\\/\"},\"author\":{\"name\":\"anachain\",\"@id\":\"https:\\\/\\\/pre.efe.com\\\/pt-br\\\/#\\\/schema\\\/person\\\/b19f23f210db552768f68a4b552b004f\"},\"headline\":\"Kremlin tacha como &#8220;vazias&#8221; as acusa\u00e7\u00f5es de viola\u00e7\u00e3o do espa\u00e7o a\u00e9reo da UE\",\"datePublished\":\"2025-09-22T10:45:00+00:00\",\"dateModified\":\"2025-09-22T11:46:41+00:00\",\"mainEntityOfPage\":{\"@id\":\"https:\\\/\\\/pre.efe.com\\\/pt-br\\\/mundo-2\\\/2025-09-22\\\/kremlin-tacha-como-vazias-as-acusacoes-de-violacao-do-espaco-aereo-da-ue\\\/\"},\"wordCount\":461,\"publisher\":{\"@id\":\"https:\\\/\\\/pre.efe.com\\\/pt-br\\\/#organization\"},\"image\":{\"@id\":\"https:\\\/\\\/pre.efe.com\\\/pt-br\\\/mundo-2\\\/2025-09-22\\\/kremlin-tacha-como-vazias-as-acusacoes-de-violacao-do-espaco-aereo-da-ue\\\/#primaryimage\"},\"thumbnailUrl\":\"https:\\\/\\\/pre.efe.com\\\/wp-content\\\/uploads\\\/2025\\\/07\\\/rss-efe8244c34bda0792a1b3589d49a56eb8ed5db5aef9w.webp\",\"keywords\":[\"Guerra\",\"Russia\",\"Ucrania\",\"UE\"],\"articleSection\":[\"Mundo\",\"Portada\"],\"inLanguage\":\"pt-BR\",\"copyrightYear\":\"2025\",\"copyrightHolder\":{\"@id\":\"https:\\\/\\\/pre.efe.com\\\/#organization\"}},{\"@type\":[\"WebPage\",\"ItemPage\"],\"@id\":\"https:\\\/\\\/pre.efe.com\\\/pt-br\\\/mundo-2\\\/2025-09-22\\\/kremlin-tacha-como-vazias-as-acusacoes-de-violacao-do-espaco-aereo-da-ue\\\/\",\"url\":\"https:\\\/\\\/pre.efe.com\\\/pt-br\\\/mundo-2\\\/2025-09-22\\\/kremlin-tacha-como-vazias-as-acusacoes-de-violacao-do-espaco-aereo-da-ue\\\/\",\"name\":\"Kremlin tacha como \\\"vazias\\\" as acusa\u00e7\u00f5es de viola\u00e7\u00e3o do espa\u00e7o a\u00e9reo da UE - EFE\",\"isPartOf\":{\"@id\":\"https:\\\/\\\/pre.efe.com\\\/pt-br\\\/#website\"},\"primaryImageOfPage\":{\"@id\":\"https:\\\/\\\/pre.efe.com\\\/pt-br\\\/mundo-2\\\/2025-09-22\\\/kremlin-tacha-como-vazias-as-acusacoes-de-violacao-do-espaco-aereo-da-ue\\\/#primaryimage\"},\"image\":{\"@id\":\"https:\\\/\\\/pre.efe.com\\\/pt-br\\\/mundo-2\\\/2025-09-22\\\/kremlin-tacha-como-vazias-as-acusacoes-de-violacao-do-espaco-aereo-da-ue\\\/#primaryimage\"},\"thumbnailUrl\":\"https:\\\/\\\/pre.efe.com\\\/wp-content\\\/uploads\\\/2025\\\/07\\\/rss-efe8244c34bda0792a1b3589d49a56eb8ed5db5aef9w.webp\",\"datePublished\":\"2025-09-22T10:45:00+00:00\",\"dateModified\":\"2025-09-22T11:46:41+00:00\",\"breadcrumb\":{\"@id\":\"https:\\\/\\\/pre.efe.com\\\/pt-br\\\/mundo-2\\\/2025-09-22\\\/kremlin-tacha-como-vazias-as-acusacoes-de-violacao-do-espaco-aereo-da-ue\\\/#breadcrumb\"},\"inLanguage\":\"pt-BR\",\"potentialAction\":[{\"@type\":\"ReadAction\",\"target\":[\"https:\\\/\\\/pre.efe.com\\\/pt-br\\\/mundo-2\\\/2025-09-22\\\/kremlin-tacha-como-vazias-as-acusacoes-de-violacao-do-espaco-aereo-da-ue\\\/\"]}]},{\"@type\":\"ImageObject\",\"inLanguage\":\"pt-BR\",\"@id\":\"https:\\\/\\\/pre.efe.com\\\/pt-br\\\/mundo-2\\\/2025-09-22\\\/kremlin-tacha-como-vazias-as-acusacoes-de-violacao-do-espaco-aereo-da-ue\\\/#primaryimage\",\"url\":\"https:\\\/\\\/pre.efe.com\\\/wp-content\\\/uploads\\\/2025\\\/07\\\/rss-efe8244c34bda0792a1b3589d49a56eb8ed5db5aef9w.webp\",\"contentUrl\":\"https:\\\/\\\/pre.efe.com\\\/wp-content\\\/uploads\\\/2025\\\/07\\\/rss-efe8244c34bda0792a1b3589d49a56eb8ed5db5aef9w.webp\",\"width\":1920,\"height\":1280,\"caption\":\"Dmitry Peskov. EFE\\\/Arquivo\\\/ALEXANDER ZEMLIANICHENKO\\\/POOL\"},{\"@type\":\"BreadcrumbList\",\"@id\":\"https:\\\/\\\/pre.efe.com\\\/pt-br\\\/mundo-2\\\/2025-09-22\\\/kremlin-tacha-como-vazias-as-acusacoes-de-violacao-do-espaco-aereo-da-ue\\\/#breadcrumb\",\"itemListElement\":[{\"@type\":\"ListItem\",\"position\":1,\"name\":\"Portada\",\"item\":\"https:\\\/\\\/pre.efe.com\\\/pt-br\\\/\"},{\"@type\":\"ListItem\",\"position\":2,\"name\":\"Kremlin tacha como \u00abvazias\u00bb as acusa\u00e7\u00f5es de viola\u00e7\u00e3o do espa\u00e7o a\u00e9reo da UE\"}]},{\"@type\":\"WebSite\",\"@id\":\"https:\\\/\\\/pre.efe.com\\\/pt-br\\\/#website\",\"url\":\"https:\\\/\\\/pre.efe.com\\\/pt-br\\\/\",\"name\":\"EFE Noticias\",\"description\":\"\",\"publisher\":{\"@id\":\"https:\\\/\\\/pre.efe.com\\\/pt-br\\\/#organization\"},\"potentialAction\":[{\"@type\":\"SearchAction\",\"target\":{\"@type\":\"EntryPoint\",\"urlTemplate\":\"https:\\\/\\\/pre.efe.com\\\/pt-br\\\/?s={search_term_string}\"},\"query-input\":{\"@type\":\"PropertyValueSpecification\",\"valueRequired\":true,\"valueName\":\"search_term_string\"}}],\"inLanguage\":\"pt-BR\"},{\"@type\":\"Organization\",\"@id\":\"https:\\\/\\\/pre.efe.com\\\/pt-br\\\/#organization\",\"name\":\"Agencia EFE\",\"url\":\"https:\\\/\\\/pre.efe.com\\\/pt-br\\\/\",\"logo\":{\"@type\":\"ImageObject\",\"inLanguage\":\"pt-BR\",\"@id\":\"https:\\\/\\\/pre.efe.com\\\/pt-br\\\/#\\\/schema\\\/logo\\\/image\\\/\",\"url\":\"https:\\\/\\\/pre.efe.com\\\/wp-content\\\/uploads\\\/2023\\\/06\\\/logo-efe-467.png\",\"contentUrl\":\"https:\\\/\\\/pre.efe.com\\\/wp-content\\\/uploads\\\/2023\\\/06\\\/logo-efe-467.png\",\"width\":467,\"height\":467,\"caption\":\"Agencia EFE\"},\"image\":{\"@id\":\"https:\\\/\\\/pre.efe.com\\\/pt-br\\\/#\\\/schema\\\/logo\\\/image\\\/\"},\"sameAs\":[\"https:\\\/\\\/www.facebook.com\\\/AgenciaEFEnoticias\\\/\",\"https:\\\/\\\/x.com\\\/efenoticias\",\"https:\\\/\\\/www.instagram.com\\\/efe_noticias\\\/\",\"http:\\\/\\\/www.youtube.com\\\/efe\"]},{\"@type\":\"Person\",\"@id\":\"https:\\\/\\\/pre.efe.com\\\/pt-br\\\/#\\\/schema\\\/person\\\/b19f23f210db552768f68a4b552b004f\",\"name\":\"anachain\",\"image\":{\"@type\":\"ImageObject\",\"inLanguage\":\"pt-BR\",\"@id\":\"https:\\\/\\\/secure.gravatar.com\\\/avatar\\\/30b83965911ef1108bb893c00bdd65c885f9890e1265ee04b02c3d5adc785d37?s=96&d=identicon&r=g\",\"url\":\"https:\\\/\\\/secure.gravatar.com\\\/avatar\\\/30b83965911ef1108bb893c00bdd65c885f9890e1265ee04b02c3d5adc785d37?s=96&d=identicon&r=g\",\"contentUrl\":\"https:\\\/\\\/secure.gravatar.com\\\/avatar\\\/30b83965911ef1108bb893c00bdd65c885f9890e1265ee04b02c3d5adc785d37?s=96&d=identicon&r=g\",\"caption\":\"anachain\"},\"url\":\"https:\\\/\\\/pre.efe.com\\\/pt-br\\\/autor\\\/anachain\\\/\"}]}<\/script>\n<!-- \/ Yoast SEO Premium plugin. -->","yoast_head_json":{"title":"Kremlin tacha como \"vazias\" as acusa\u00e7\u00f5es de viola\u00e7\u00e3o do espa\u00e7o a\u00e9reo da UE - EFE","robots":{"index":"noindex","follow":"follow"},"og_locale":"pt_BR","og_type":"article","og_title":"Kremlin tacha como \"vazias\" as acusa\u00e7\u00f5es de viola\u00e7\u00e3o do espa\u00e7o a\u00e9reo da UE - EFE","og_description":"Moscou (EFE).- O Kremlin afirmou nesta segunda-feira que as acusa\u00e7\u00f5es de viola\u00e7\u00e3o do espa\u00e7o a\u00e9reo de alguns pa\u00edses europeus, feitas nos \u00faltimos dias por membros da Uni\u00e3o Europeia (UE), carecem de fundamento e s\u00e3o &#8220;vazias&#8221;. &#8220;Consideramos que tais palavras s\u00e3o vazias, infundadas e uma continua\u00e7\u00e3o da linha completamente furiosa de escalada de tens\u00f5es que provocam ... Leia mais","og_url":"https:\/\/pre.efe.com\/pt-br\/mundo-2\/2025-09-22\/kremlin-tacha-como-vazias-as-acusacoes-de-violacao-do-espaco-aereo-da-ue\/","og_site_name":"EFE Noticias","article_publisher":"https:\/\/www.facebook.com\/AgenciaEFEnoticias\/","article_published_time":"2025-09-22T10:45:00+00:00","article_modified_time":"2025-09-22T11:46:41+00:00","og_image":[{"width":1920,"height":1280,"url":"https:\/\/pre.efe.com\/wp-content\/uploads\/2025\/07\/rss-efe8244c34bda0792a1b3589d49a56eb8ed5db5aef9w.webp","type":"image\/jpeg"}],"author":"anachain","twitter_card":"summary_large_image","twitter_creator":"@efenoticias","twitter_site":"@efenoticias","schema":{"@context":"https:\/\/schema.org","@graph":[{"@type":"NewsArticle","@id":"https:\/\/pre.efe.com\/pt-br\/mundo-2\/2025-09-22\/kremlin-tacha-como-vazias-as-acusacoes-de-violacao-do-espaco-aereo-da-ue\/#article","isPartOf":{"@id":"https:\/\/pre.efe.com\/pt-br\/mundo-2\/2025-09-22\/kremlin-tacha-como-vazias-as-acusacoes-de-violacao-do-espaco-aereo-da-ue\/"},"author":{"name":"anachain","@id":"https:\/\/pre.efe.com\/pt-br\/#\/schema\/person\/b19f23f210db552768f68a4b552b004f"},"headline":"Kremlin tacha como &#8220;vazias&#8221; as acusa\u00e7\u00f5es de viola\u00e7\u00e3o do espa\u00e7o a\u00e9reo da UE","datePublished":"2025-09-22T10:45:00+00:00","dateModified":"2025-09-22T11:46:41+00:00","mainEntityOfPage":{"@id":"https:\/\/pre.efe.com\/pt-br\/mundo-2\/2025-09-22\/kremlin-tacha-como-vazias-as-acusacoes-de-violacao-do-espaco-aereo-da-ue\/"},"wordCount":461,"publisher":{"@id":"https:\/\/pre.efe.com\/pt-br\/#organization"},"image":{"@id":"https:\/\/pre.efe.com\/pt-br\/mundo-2\/2025-09-22\/kremlin-tacha-como-vazias-as-acusacoes-de-violacao-do-espaco-aereo-da-ue\/#primaryimage"},"thumbnailUrl":"https:\/\/pre.efe.com\/wp-content\/uploads\/2025\/07\/rss-efe8244c34bda0792a1b3589d49a56eb8ed5db5aef9w.webp","keywords":["Guerra","Russia","Ucrania","UE"],"articleSection":["Mundo","Portada"],"inLanguage":"pt-BR","copyrightYear":"2025","copyrightHolder":{"@id":"https:\/\/pre.efe.com\/#organization"}},{"@type":["WebPage","ItemPage"],"@id":"https:\/\/pre.efe.com\/pt-br\/mundo-2\/2025-09-22\/kremlin-tacha-como-vazias-as-acusacoes-de-violacao-do-espaco-aereo-da-ue\/","url":"https:\/\/pre.efe.com\/pt-br\/mundo-2\/2025-09-22\/kremlin-tacha-como-vazias-as-acusacoes-de-violacao-do-espaco-aereo-da-ue\/","name":"Kremlin tacha como \"vazias\" as acusa\u00e7\u00f5es de viola\u00e7\u00e3o do espa\u00e7o a\u00e9reo da UE - EFE","isPartOf":{"@id":"https:\/\/pre.efe.com\/pt-br\/#website"},"primaryImageOfPage":{"@id":"https:\/\/pre.efe.com\/pt-br\/mundo-2\/2025-09-22\/kremlin-tacha-como-vazias-as-acusacoes-de-violacao-do-espaco-aereo-da-ue\/#primaryimage"},"image":{"@id":"https:\/\/pre.efe.com\/pt-br\/mundo-2\/2025-09-22\/kremlin-tacha-como-vazias-as-acusacoes-de-violacao-do-espaco-aereo-da-ue\/#primaryimage"},"thumbnailUrl":"https:\/\/pre.efe.com\/wp-content\/uploads\/2025\/07\/rss-efe8244c34bda0792a1b3589d49a56eb8ed5db5aef9w.webp","datePublished":"2025-09-22T10:45:00+00:00","dateModified":"2025-09-22T11:46:41+00:00","breadcrumb":{"@id":"https:\/\/pre.efe.com\/pt-br\/mundo-2\/2025-09-22\/kremlin-tacha-como-vazias-as-acusacoes-de-violacao-do-espaco-aereo-da-ue\/#breadcrumb"},"inLanguage":"pt-BR","potentialAction":[{"@type":"ReadAction","target":["https:\/\/pre.efe.com\/pt-br\/mundo-2\/2025-09-22\/kremlin-tacha-como-vazias-as-acusacoes-de-violacao-do-espaco-aereo-da-ue\/"]}]},{"@type":"ImageObject","inLanguage":"pt-BR","@id":"https:\/\/pre.efe.com\/pt-br\/mundo-2\/2025-09-22\/kremlin-tacha-como-vazias-as-acusacoes-de-violacao-do-espaco-aereo-da-ue\/#primaryimage","url":"https:\/\/pre.efe.com\/wp-content\/uploads\/2025\/07\/rss-efe8244c34bda0792a1b3589d49a56eb8ed5db5aef9w.webp","contentUrl":"https:\/\/pre.efe.com\/wp-content\/uploads\/2025\/07\/rss-efe8244c34bda0792a1b3589d49a56eb8ed5db5aef9w.webp","width":1920,"height":1280,"caption":"Dmitry Peskov. EFE\/Arquivo\/ALEXANDER ZEMLIANICHENKO\/POOL"},{"@type":"BreadcrumbList","@id":"https:\/\/pre.efe.com\/pt-br\/mundo-2\/2025-09-22\/kremlin-tacha-como-vazias-as-acusacoes-de-violacao-do-espaco-aereo-da-ue\/#breadcrumb","itemListElement":[{"@type":"ListItem","position":1,"name":"Portada","item":"https:\/\/pre.efe.com\/pt-br\/"},{"@type":"ListItem","position":2,"name":"Kremlin tacha como \u00abvazias\u00bb as acusa\u00e7\u00f5es de viola\u00e7\u00e3o do espa\u00e7o a\u00e9reo da UE"}]},{"@type":"WebSite","@id":"https:\/\/pre.efe.com\/pt-br\/#website","url":"https:\/\/pre.efe.com\/pt-br\/","name":"EFE Noticias","description":"","publisher":{"@id":"https:\/\/pre.efe.com\/pt-br\/#organization"},"potentialAction":[{"@type":"SearchAction","target":{"@type":"EntryPoint","urlTemplate":"https:\/\/pre.efe.com\/pt-br\/?s={search_term_string}"},"query-input":{"@type":"PropertyValueSpecification","valueRequired":true,"valueName":"search_term_string"}}],"inLanguage":"pt-BR"},{"@type":"Organization","@id":"https:\/\/pre.efe.com\/pt-br\/#organization","name":"Agencia EFE","url":"https:\/\/pre.efe.com\/pt-br\/","logo":{"@type":"ImageObject","inLanguage":"pt-BR","@id":"https:\/\/pre.efe.com\/pt-br\/#\/schema\/logo\/image\/","url":"https:\/\/pre.efe.com\/wp-content\/uploads\/2023\/06\/logo-efe-467.png","contentUrl":"https:\/\/pre.efe.com\/wp-content\/uploads\/2023\/06\/logo-efe-467.png","width":467,"height":467,"caption":"Agencia EFE"},"image":{"@id":"https:\/\/pre.efe.com\/pt-br\/#\/schema\/logo\/image\/"},"sameAs":["https:\/\/www.facebook.com\/AgenciaEFEnoticias\/","https:\/\/x.com\/efenoticias","https:\/\/www.instagram.com\/efe_noticias\/","http:\/\/www.youtube.com\/efe"]},{"@type":"Person","@id":"https:\/\/pre.efe.com\/pt-br\/#\/schema\/person\/b19f23f210db552768f68a4b552b004f","name":"anachain","image":{"@type":"ImageObject","inLanguage":"pt-BR","@id":"https:\/\/secure.gravatar.com\/avatar\/30b83965911ef1108bb893c00bdd65c885f9890e1265ee04b02c3d5adc785d37?s=96&d=identicon&r=g","url":"https:\/\/secure.gravatar.com\/avatar\/30b83965911ef1108bb893c00bdd65c885f9890e1265ee04b02c3d5adc785d37?s=96&d=identicon&r=g","contentUrl":"https:\/\/secure.gravatar.com\/avatar\/30b83965911ef1108bb893c00bdd65c885f9890e1265ee04b02c3d5adc785d37?s=96&d=identicon&r=g","caption":"anachain"},"url":"https:\/\/pre.efe.com\/pt-br\/autor\/anachain\/"}]}},"jetpack_featured_media_url":"https:\/\/pre.efe.com\/wp-content\/uploads\/2025\/07\/rss-efe8244c34bda0792a1b3589d49a56eb8ed5db5aef9w.webp","jetpack_shortlink":"https:\/\/wp.me\/peJvHm-94V3","jetpack_sharing_enabled":true,"_links":{"self":[{"href":"https:\/\/pre.efe.com\/pt-br\/wp-json\/wp\/v2\/posts\/2163865","targetHints":{"allow":["GET"]}}],"collection":[{"href":"https:\/\/pre.efe.com\/pt-br\/wp-json\/wp\/v2\/posts"}],"about":[{"href":"https:\/\/pre.efe.com\/pt-br\/wp-json\/wp\/v2\/types\/post"}],"author":[{"embeddable":true,"href":"https:\/\/pre.efe.com\/pt-br\/wp-json\/wp\/v2\/users\/198164106"}],"replies":[{"embeddable":true,"href":"https:\/\/pre.efe.com\/pt-br\/wp-json\/wp\/v2\/comments?post=2163865"}],"version-history":[{"count":2,"href":"https:\/\/pre.efe.com\/pt-br\/wp-json\/wp\/v2\/posts\/2163865\/revisions"}],"predecessor-version":[{"id":2163886,"href":"https:\/\/pre.efe.com\/pt-br\/wp-json\/wp\/v2\/posts\/2163865\/revisions\/2163886"}],"wp:featuredmedia":[{"embeddable":true,"href":"https:\/\/pre.efe.com\/pt-br\/wp-json\/wp\/v2\/media\/2035652"}],"wp:attachment":[{"href":"https:\/\/pre.efe.com\/pt-br\/wp-json\/wp\/v2\/media?parent=2163865"}],"wp:term":[{"taxonomy":"category","embeddable":true,"href":"https:\/\/pre.efe.com\/pt-br\/wp-json\/wp\/v2\/categories?post=2163865"},{"taxonomy":"post_tag","embeddable":true,"href":"https:\/\/pre.efe.com\/pt-br\/wp-json\/wp\/v2\/tags?post=2163865"}],"curies":[{"name":"wp","href":"https:\/\/api.w.org\/{rel}","templated":true}]}}