{"id":2173535,"date":"2025-09-25T19:09:20","date_gmt":"2025-09-25T17:09:20","guid":{"rendered":"https:\/\/pre.efe.com\/?p=2173535"},"modified":"2025-09-25T19:09:22","modified_gmt":"2025-09-25T17:09:22","slug":"aviao-de-netanyahu-altera-rota-para-os-eua-para-supostamente-evitar-mandado-de-prisao","status":"publish","type":"post","link":"https:\/\/pre.efe.com\/pt-br\/mundo-2\/2025-09-25\/aviao-de-netanyahu-altera-rota-para-os-eua-para-supostamente-evitar-mandado-de-prisao\/","title":{"rendered":"Avi\u00e3o de Netanyahu altera rota para os EUA para supostamente evitar mandado de pris\u00e3o"},"content":{"rendered":"\n<p>Jerusal\u00e9m (EFE).- O avi\u00e3o do primeiro-ministro de Israel, Benjamin Netanyahu, alterou nesta quinta-feira sua rota para os Estados Unidos, onde acontece a Assembleia Geral da ONU, para supostamente evitar atravessar pa\u00edses que poderiam cumprir seu mandado de pris\u00e3o por acusa\u00e7\u00e3o de crimes de guerra.<\/p>\n\n\n\n<p>A aeronave, segundo a Ag\u00eancia EFE identificou no site de rastreamento de voos &#8220;Flightradar24&#8221;, partiu nesta madrugada do aeroporto internacional Ben Gurion, em Tel Aviv, com destino a Nova York.<\/p>\n\n\n\n<p>De acordo com a trajet\u00f3ria registrada, o voo sobrevoou brevemente o espa\u00e7o a\u00e9reo de Gr\u00e9cia e It\u00e1lia, mas evitou completamente o franc\u00eas e espanhol, aumentando o trajeto em mais de 600 quil\u00f4metros.<\/p>\n\n\n\n<p>O jornal israelense &#8220;Haaretz&#8221; afirmou que esta rota \u00e9 utilizada pela primeira vez, ressaltando que nas seis viagens anteriores aos Estados Unidos o avi\u00e3o governamental havia sobrevoado Gr\u00e9cia, It\u00e1lia e Fran\u00e7a &#8220;sem altera\u00e7\u00f5es&#8221;.<\/p>\n\n\n\n<p>Essa mudan\u00e7a de rota ocorre em um contexto diplom\u00e1tico tenso, ap\u00f3s o reconhecimento do Estado da Palestina por pa\u00edses europeus, entre eles Fran\u00e7a e Espanha, e o mandado de pris\u00e3o pendente.<\/p>\n\n\n\n<p>Em novembro de 2024, o Tribunal Penal Internacional (TPI) emitiu mandados de pris\u00e3o contra o primeiro-ministro israelense e seu ex-ministro da Defesa Yoav Gallant, como principais respons\u00e1veis pela pr\u00e1tica de crimes de guerra e contra a humanidade em Gaza.<\/p>\n\n\n\n<p>Tamb\u00e9m est\u00e1 previsto que Netanyahu visite nesta viagem a Casa Branca e se re\u00fana com o presidente Donald Trump na pr\u00f3xima semana.<\/p>\n\n\n\n<p>Uma comiss\u00e3o independente da ONU, relatores de direitos humanos, ONGs e um n\u00famero crescente de pa\u00edses classificam de genoc\u00eddio a ofensiva militar israelense contra a Faixa de Gaza, na qual morreram mais de 65,4 mil pessoas. EFE<\/p>\n","protected":false},"excerpt":{"rendered":"<p>Jerusal\u00e9m (EFE).- O avi\u00e3o do primeiro-ministro de Israel, Benjamin Netanyahu, alterou nesta quinta-feira sua rota para os Estados Unidos, onde acontece a Assembleia Geral da ONU, para supostamente evitar atravessar pa\u00edses que poderiam cumprir seu mandado de pris\u00e3o por acusa\u00e7\u00e3o de crimes de guerra. A aeronave, segundo a Ag\u00eancia EFE identificou no site de rastreamento &#8230; <a title=\"Avi\u00e3o de Netanyahu altera rota para os EUA para supostamente evitar mandado de pris\u00e3o\" class=\"read-more\" href=\"https:\/\/pre.efe.com\/pt-br\/mundo-2\/2025-09-25\/aviao-de-netanyahu-altera-rota-para-os-eua-para-supostamente-evitar-mandado-de-prisao\/\" aria-label=\"Read more about Avi\u00e3o de Netanyahu altera rota para os EUA para supostamente evitar mandado de pris\u00e3o\">Leia mais<\/a><\/p>\n","protected":false},"author":198164106,"featured_media":2171939,"comment_status":"closed","ping_status":"closed","sticky":false,"template":"","format":"standard","meta":{"_acf_changed":false,"_jetpack_memberships_contains_paid_content":false,"footnotes":""},"categories":[123208,122141],"tags":[124845,122791,125226],"class_list":["post-2173535","post","type-post","status-publish","format-standard","has-post-thumbnail","hentry","category-mundo-2","category-portada","tag-governo","tag-guerra-2","tag-israel","generate-columns","tablet-grid-50","mobile-grid-100","grid-parent","grid-50"],"acf":[],"yoast_head":"<!-- This site is optimized with the Yoast SEO Premium plugin v26.0 (Yoast SEO v27.4) - https:\/\/yoast.com\/product\/yoast-seo-premium-wordpress\/ -->\n<title>Avi\u00e3o de Netanyahu altera rota para os EUA para supostamente evitar mandado de pris\u00e3o - EFE<\/title>\n<meta name=\"robots\" content=\"noindex, follow\" \/>\n<meta property=\"og:locale\" content=\"pt_BR\" \/>\n<meta property=\"og:type\" content=\"article\" \/>\n<meta property=\"og:title\" content=\"Avi\u00e3o de Netanyahu altera rota para os EUA para supostamente evitar mandado de pris\u00e3o - EFE\" \/>\n<meta property=\"og:description\" content=\"Jerusal\u00e9m (EFE).- O avi\u00e3o do primeiro-ministro de Israel, Benjamin Netanyahu, alterou nesta quinta-feira sua rota para os Estados Unidos, onde acontece a Assembleia Geral da ONU, para supostamente evitar atravessar pa\u00edses que poderiam cumprir seu mandado de pris\u00e3o por acusa\u00e7\u00e3o de crimes de guerra. A aeronave, segundo a Ag\u00eancia EFE identificou no site de rastreamento ... Leia mais\" \/>\n<meta property=\"og:url\" content=\"https:\/\/pre.efe.com\/pt-br\/mundo-2\/2025-09-25\/aviao-de-netanyahu-altera-rota-para-os-eua-para-supostamente-evitar-mandado-de-prisao\/\" \/>\n<meta property=\"og:site_name\" content=\"EFE Noticias\" \/>\n<meta property=\"article:publisher\" content=\"https:\/\/www.facebook.com\/AgenciaEFEnoticias\/\" \/>\n<meta property=\"article:published_time\" content=\"2025-09-25T17:09:20+00:00\" \/>\n<meta property=\"article:modified_time\" content=\"2025-09-25T17:09:22+00:00\" \/>\n<meta property=\"og:image\" content=\"https:\/\/pre.efe.com\/wp-content\/uploads\/2025\/09\/rss-efebabc02e9e7ea79f5029c173aff0d3a070f792f72w.webp\" \/>\n\t<meta property=\"og:image:width\" content=\"1920\" \/>\n\t<meta property=\"og:image:height\" content=\"1280\" \/>\n\t<meta property=\"og:image:type\" content=\"image\/jpeg\" \/>\n<meta name=\"author\" content=\"anachain\" \/>\n<meta name=\"twitter:card\" content=\"summary_large_image\" \/>\n<meta name=\"twitter:creator\" content=\"@efenoticias\" \/>\n<meta name=\"twitter:site\" content=\"@efenoticias\" \/>\n<script type=\"application\/ld+json\" class=\"yoast-schema-graph\">{\"@context\":\"https:\\\/\\\/schema.org\",\"@graph\":[{\"@type\":\"NewsArticle\",\"@id\":\"https:\\\/\\\/pre.efe.com\\\/pt-br\\\/mundo-2\\\/2025-09-25\\\/aviao-de-netanyahu-altera-rota-para-os-eua-para-supostamente-evitar-mandado-de-prisao\\\/#article\",\"isPartOf\":{\"@id\":\"https:\\\/\\\/pre.efe.com\\\/pt-br\\\/mundo-2\\\/2025-09-25\\\/aviao-de-netanyahu-altera-rota-para-os-eua-para-supostamente-evitar-mandado-de-prisao\\\/\"},\"author\":{\"name\":\"anachain\",\"@id\":\"https:\\\/\\\/pre.efe.com\\\/pt-br\\\/#\\\/schema\\\/person\\\/b19f23f210db552768f68a4b552b004f\"},\"headline\":\"Avi\u00e3o de Netanyahu altera rota para os EUA para supostamente evitar mandado de pris\u00e3o\",\"datePublished\":\"2025-09-25T17:09:20+00:00\",\"dateModified\":\"2025-09-25T17:09:22+00:00\",\"mainEntityOfPage\":{\"@id\":\"https:\\\/\\\/pre.efe.com\\\/pt-br\\\/mundo-2\\\/2025-09-25\\\/aviao-de-netanyahu-altera-rota-para-os-eua-para-supostamente-evitar-mandado-de-prisao\\\/\"},\"wordCount\":315,\"publisher\":{\"@id\":\"https:\\\/\\\/pre.efe.com\\\/pt-br\\\/#organization\"},\"image\":{\"@id\":\"https:\\\/\\\/pre.efe.com\\\/pt-br\\\/mundo-2\\\/2025-09-25\\\/aviao-de-netanyahu-altera-rota-para-os-eua-para-supostamente-evitar-mandado-de-prisao\\\/#primaryimage\"},\"thumbnailUrl\":\"https:\\\/\\\/pre.efe.com\\\/wp-content\\\/uploads\\\/2025\\\/09\\\/rss-efebabc02e9e7ea79f5029c173aff0d3a070f792f72w.webp\",\"keywords\":[\"Governo\",\"Guerra\",\"Israel\"],\"articleSection\":[\"Mundo\",\"Portada\"],\"inLanguage\":\"pt-BR\",\"copyrightYear\":\"2025\",\"copyrightHolder\":{\"@id\":\"https:\\\/\\\/pre.efe.com\\\/#organization\"}},{\"@type\":[\"WebPage\",\"ItemPage\"],\"@id\":\"https:\\\/\\\/pre.efe.com\\\/pt-br\\\/mundo-2\\\/2025-09-25\\\/aviao-de-netanyahu-altera-rota-para-os-eua-para-supostamente-evitar-mandado-de-prisao\\\/\",\"url\":\"https:\\\/\\\/pre.efe.com\\\/pt-br\\\/mundo-2\\\/2025-09-25\\\/aviao-de-netanyahu-altera-rota-para-os-eua-para-supostamente-evitar-mandado-de-prisao\\\/\",\"name\":\"Avi\u00e3o de Netanyahu altera rota para os EUA para supostamente evitar mandado de pris\u00e3o - EFE\",\"isPartOf\":{\"@id\":\"https:\\\/\\\/pre.efe.com\\\/pt-br\\\/#website\"},\"primaryImageOfPage\":{\"@id\":\"https:\\\/\\\/pre.efe.com\\\/pt-br\\\/mundo-2\\\/2025-09-25\\\/aviao-de-netanyahu-altera-rota-para-os-eua-para-supostamente-evitar-mandado-de-prisao\\\/#primaryimage\"},\"image\":{\"@id\":\"https:\\\/\\\/pre.efe.com\\\/pt-br\\\/mundo-2\\\/2025-09-25\\\/aviao-de-netanyahu-altera-rota-para-os-eua-para-supostamente-evitar-mandado-de-prisao\\\/#primaryimage\"},\"thumbnailUrl\":\"https:\\\/\\\/pre.efe.com\\\/wp-content\\\/uploads\\\/2025\\\/09\\\/rss-efebabc02e9e7ea79f5029c173aff0d3a070f792f72w.webp\",\"datePublished\":\"2025-09-25T17:09:20+00:00\",\"dateModified\":\"2025-09-25T17:09:22+00:00\",\"breadcrumb\":{\"@id\":\"https:\\\/\\\/pre.efe.com\\\/pt-br\\\/mundo-2\\\/2025-09-25\\\/aviao-de-netanyahu-altera-rota-para-os-eua-para-supostamente-evitar-mandado-de-prisao\\\/#breadcrumb\"},\"inLanguage\":\"pt-BR\",\"potentialAction\":[{\"@type\":\"ReadAction\",\"target\":[\"https:\\\/\\\/pre.efe.com\\\/pt-br\\\/mundo-2\\\/2025-09-25\\\/aviao-de-netanyahu-altera-rota-para-os-eua-para-supostamente-evitar-mandado-de-prisao\\\/\"]}]},{\"@type\":\"ImageObject\",\"inLanguage\":\"pt-BR\",\"@id\":\"https:\\\/\\\/pre.efe.com\\\/pt-br\\\/mundo-2\\\/2025-09-25\\\/aviao-de-netanyahu-altera-rota-para-os-eua-para-supostamente-evitar-mandado-de-prisao\\\/#primaryimage\",\"url\":\"https:\\\/\\\/pre.efe.com\\\/wp-content\\\/uploads\\\/2025\\\/09\\\/rss-efebabc02e9e7ea79f5029c173aff0d3a070f792f72w.webp\",\"contentUrl\":\"https:\\\/\\\/pre.efe.com\\\/wp-content\\\/uploads\\\/2025\\\/09\\\/rss-efebabc02e9e7ea79f5029c173aff0d3a070f792f72w.webp\",\"width\":1920,\"height\":1280,\"caption\":\"Benjamin Netanyahu. EFE\\\/Arquivo\\\/DEBBIE HILL\\\/POOL\"},{\"@type\":\"BreadcrumbList\",\"@id\":\"https:\\\/\\\/pre.efe.com\\\/pt-br\\\/mundo-2\\\/2025-09-25\\\/aviao-de-netanyahu-altera-rota-para-os-eua-para-supostamente-evitar-mandado-de-prisao\\\/#breadcrumb\",\"itemListElement\":[{\"@type\":\"ListItem\",\"position\":1,\"name\":\"Portada\",\"item\":\"https:\\\/\\\/pre.efe.com\\\/pt-br\\\/\"},{\"@type\":\"ListItem\",\"position\":2,\"name\":\"Avi\u00e3o de Netanyahu altera rota para os EUA para supostamente evitar mandado de pris\u00e3o\"}]},{\"@type\":\"WebSite\",\"@id\":\"https:\\\/\\\/pre.efe.com\\\/pt-br\\\/#website\",\"url\":\"https:\\\/\\\/pre.efe.com\\\/pt-br\\\/\",\"name\":\"EFE Noticias\",\"description\":\"\",\"publisher\":{\"@id\":\"https:\\\/\\\/pre.efe.com\\\/pt-br\\\/#organization\"},\"potentialAction\":[{\"@type\":\"SearchAction\",\"target\":{\"@type\":\"EntryPoint\",\"urlTemplate\":\"https:\\\/\\\/pre.efe.com\\\/pt-br\\\/?s={search_term_string}\"},\"query-input\":{\"@type\":\"PropertyValueSpecification\",\"valueRequired\":true,\"valueName\":\"search_term_string\"}}],\"inLanguage\":\"pt-BR\"},{\"@type\":\"Organization\",\"@id\":\"https:\\\/\\\/pre.efe.com\\\/pt-br\\\/#organization\",\"name\":\"Agencia EFE\",\"url\":\"https:\\\/\\\/pre.efe.com\\\/pt-br\\\/\",\"logo\":{\"@type\":\"ImageObject\",\"inLanguage\":\"pt-BR\",\"@id\":\"https:\\\/\\\/pre.efe.com\\\/pt-br\\\/#\\\/schema\\\/logo\\\/image\\\/\",\"url\":\"https:\\\/\\\/pre.efe.com\\\/wp-content\\\/uploads\\\/2023\\\/06\\\/logo-efe-467.png\",\"contentUrl\":\"https:\\\/\\\/pre.efe.com\\\/wp-content\\\/uploads\\\/2023\\\/06\\\/logo-efe-467.png\",\"width\":467,\"height\":467,\"caption\":\"Agencia EFE\"},\"image\":{\"@id\":\"https:\\\/\\\/pre.efe.com\\\/pt-br\\\/#\\\/schema\\\/logo\\\/image\\\/\"},\"sameAs\":[\"https:\\\/\\\/www.facebook.com\\\/AgenciaEFEnoticias\\\/\",\"https:\\\/\\\/x.com\\\/efenoticias\",\"https:\\\/\\\/www.instagram.com\\\/efe_noticias\\\/\",\"http:\\\/\\\/www.youtube.com\\\/efe\"]},{\"@type\":\"Person\",\"@id\":\"https:\\\/\\\/pre.efe.com\\\/pt-br\\\/#\\\/schema\\\/person\\\/b19f23f210db552768f68a4b552b004f\",\"name\":\"anachain\",\"image\":{\"@type\":\"ImageObject\",\"inLanguage\":\"pt-BR\",\"@id\":\"https:\\\/\\\/secure.gravatar.com\\\/avatar\\\/30b83965911ef1108bb893c00bdd65c885f9890e1265ee04b02c3d5adc785d37?s=96&d=identicon&r=g\",\"url\":\"https:\\\/\\\/secure.gravatar.com\\\/avatar\\\/30b83965911ef1108bb893c00bdd65c885f9890e1265ee04b02c3d5adc785d37?s=96&d=identicon&r=g\",\"contentUrl\":\"https:\\\/\\\/secure.gravatar.com\\\/avatar\\\/30b83965911ef1108bb893c00bdd65c885f9890e1265ee04b02c3d5adc785d37?s=96&d=identicon&r=g\",\"caption\":\"anachain\"},\"url\":\"https:\\\/\\\/pre.efe.com\\\/pt-br\\\/autor\\\/anachain\\\/\"}]}<\/script>\n<!-- \/ Yoast SEO Premium plugin. -->","yoast_head_json":{"title":"Avi\u00e3o de Netanyahu altera rota para os EUA para supostamente evitar mandado de pris\u00e3o - EFE","robots":{"index":"noindex","follow":"follow"},"og_locale":"pt_BR","og_type":"article","og_title":"Avi\u00e3o de Netanyahu altera rota para os EUA para supostamente evitar mandado de pris\u00e3o - EFE","og_description":"Jerusal\u00e9m (EFE).- O avi\u00e3o do primeiro-ministro de Israel, Benjamin Netanyahu, alterou nesta quinta-feira sua rota para os Estados Unidos, onde acontece a Assembleia Geral da ONU, para supostamente evitar atravessar pa\u00edses que poderiam cumprir seu mandado de pris\u00e3o por acusa\u00e7\u00e3o de crimes de guerra. A aeronave, segundo a Ag\u00eancia EFE identificou no site de rastreamento ... Leia mais","og_url":"https:\/\/pre.efe.com\/pt-br\/mundo-2\/2025-09-25\/aviao-de-netanyahu-altera-rota-para-os-eua-para-supostamente-evitar-mandado-de-prisao\/","og_site_name":"EFE Noticias","article_publisher":"https:\/\/www.facebook.com\/AgenciaEFEnoticias\/","article_published_time":"2025-09-25T17:09:20+00:00","article_modified_time":"2025-09-25T17:09:22+00:00","og_image":[{"width":1920,"height":1280,"url":"https:\/\/pre.efe.com\/wp-content\/uploads\/2025\/09\/rss-efebabc02e9e7ea79f5029c173aff0d3a070f792f72w.webp","type":"image\/jpeg"}],"author":"anachain","twitter_card":"summary_large_image","twitter_creator":"@efenoticias","twitter_site":"@efenoticias","schema":{"@context":"https:\/\/schema.org","@graph":[{"@type":"NewsArticle","@id":"https:\/\/pre.efe.com\/pt-br\/mundo-2\/2025-09-25\/aviao-de-netanyahu-altera-rota-para-os-eua-para-supostamente-evitar-mandado-de-prisao\/#article","isPartOf":{"@id":"https:\/\/pre.efe.com\/pt-br\/mundo-2\/2025-09-25\/aviao-de-netanyahu-altera-rota-para-os-eua-para-supostamente-evitar-mandado-de-prisao\/"},"author":{"name":"anachain","@id":"https:\/\/pre.efe.com\/pt-br\/#\/schema\/person\/b19f23f210db552768f68a4b552b004f"},"headline":"Avi\u00e3o de Netanyahu altera rota para os EUA para supostamente evitar mandado de pris\u00e3o","datePublished":"2025-09-25T17:09:20+00:00","dateModified":"2025-09-25T17:09:22+00:00","mainEntityOfPage":{"@id":"https:\/\/pre.efe.com\/pt-br\/mundo-2\/2025-09-25\/aviao-de-netanyahu-altera-rota-para-os-eua-para-supostamente-evitar-mandado-de-prisao\/"},"wordCount":315,"publisher":{"@id":"https:\/\/pre.efe.com\/pt-br\/#organization"},"image":{"@id":"https:\/\/pre.efe.com\/pt-br\/mundo-2\/2025-09-25\/aviao-de-netanyahu-altera-rota-para-os-eua-para-supostamente-evitar-mandado-de-prisao\/#primaryimage"},"thumbnailUrl":"https:\/\/pre.efe.com\/wp-content\/uploads\/2025\/09\/rss-efebabc02e9e7ea79f5029c173aff0d3a070f792f72w.webp","keywords":["Governo","Guerra","Israel"],"articleSection":["Mundo","Portada"],"inLanguage":"pt-BR","copyrightYear":"2025","copyrightHolder":{"@id":"https:\/\/pre.efe.com\/#organization"}},{"@type":["WebPage","ItemPage"],"@id":"https:\/\/pre.efe.com\/pt-br\/mundo-2\/2025-09-25\/aviao-de-netanyahu-altera-rota-para-os-eua-para-supostamente-evitar-mandado-de-prisao\/","url":"https:\/\/pre.efe.com\/pt-br\/mundo-2\/2025-09-25\/aviao-de-netanyahu-altera-rota-para-os-eua-para-supostamente-evitar-mandado-de-prisao\/","name":"Avi\u00e3o de Netanyahu altera rota para os EUA para supostamente evitar mandado de pris\u00e3o - EFE","isPartOf":{"@id":"https:\/\/pre.efe.com\/pt-br\/#website"},"primaryImageOfPage":{"@id":"https:\/\/pre.efe.com\/pt-br\/mundo-2\/2025-09-25\/aviao-de-netanyahu-altera-rota-para-os-eua-para-supostamente-evitar-mandado-de-prisao\/#primaryimage"},"image":{"@id":"https:\/\/pre.efe.com\/pt-br\/mundo-2\/2025-09-25\/aviao-de-netanyahu-altera-rota-para-os-eua-para-supostamente-evitar-mandado-de-prisao\/#primaryimage"},"thumbnailUrl":"https:\/\/pre.efe.com\/wp-content\/uploads\/2025\/09\/rss-efebabc02e9e7ea79f5029c173aff0d3a070f792f72w.webp","datePublished":"2025-09-25T17:09:20+00:00","dateModified":"2025-09-25T17:09:22+00:00","breadcrumb":{"@id":"https:\/\/pre.efe.com\/pt-br\/mundo-2\/2025-09-25\/aviao-de-netanyahu-altera-rota-para-os-eua-para-supostamente-evitar-mandado-de-prisao\/#breadcrumb"},"inLanguage":"pt-BR","potentialAction":[{"@type":"ReadAction","target":["https:\/\/pre.efe.com\/pt-br\/mundo-2\/2025-09-25\/aviao-de-netanyahu-altera-rota-para-os-eua-para-supostamente-evitar-mandado-de-prisao\/"]}]},{"@type":"ImageObject","inLanguage":"pt-BR","@id":"https:\/\/pre.efe.com\/pt-br\/mundo-2\/2025-09-25\/aviao-de-netanyahu-altera-rota-para-os-eua-para-supostamente-evitar-mandado-de-prisao\/#primaryimage","url":"https:\/\/pre.efe.com\/wp-content\/uploads\/2025\/09\/rss-efebabc02e9e7ea79f5029c173aff0d3a070f792f72w.webp","contentUrl":"https:\/\/pre.efe.com\/wp-content\/uploads\/2025\/09\/rss-efebabc02e9e7ea79f5029c173aff0d3a070f792f72w.webp","width":1920,"height":1280,"caption":"Benjamin Netanyahu. EFE\/Arquivo\/DEBBIE HILL\/POOL"},{"@type":"BreadcrumbList","@id":"https:\/\/pre.efe.com\/pt-br\/mundo-2\/2025-09-25\/aviao-de-netanyahu-altera-rota-para-os-eua-para-supostamente-evitar-mandado-de-prisao\/#breadcrumb","itemListElement":[{"@type":"ListItem","position":1,"name":"Portada","item":"https:\/\/pre.efe.com\/pt-br\/"},{"@type":"ListItem","position":2,"name":"Avi\u00e3o de Netanyahu altera rota para os EUA para supostamente evitar mandado de pris\u00e3o"}]},{"@type":"WebSite","@id":"https:\/\/pre.efe.com\/pt-br\/#website","url":"https:\/\/pre.efe.com\/pt-br\/","name":"EFE Noticias","description":"","publisher":{"@id":"https:\/\/pre.efe.com\/pt-br\/#organization"},"potentialAction":[{"@type":"SearchAction","target":{"@type":"EntryPoint","urlTemplate":"https:\/\/pre.efe.com\/pt-br\/?s={search_term_string}"},"query-input":{"@type":"PropertyValueSpecification","valueRequired":true,"valueName":"search_term_string"}}],"inLanguage":"pt-BR"},{"@type":"Organization","@id":"https:\/\/pre.efe.com\/pt-br\/#organization","name":"Agencia EFE","url":"https:\/\/pre.efe.com\/pt-br\/","logo":{"@type":"ImageObject","inLanguage":"pt-BR","@id":"https:\/\/pre.efe.com\/pt-br\/#\/schema\/logo\/image\/","url":"https:\/\/pre.efe.com\/wp-content\/uploads\/2023\/06\/logo-efe-467.png","contentUrl":"https:\/\/pre.efe.com\/wp-content\/uploads\/2023\/06\/logo-efe-467.png","width":467,"height":467,"caption":"Agencia EFE"},"image":{"@id":"https:\/\/pre.efe.com\/pt-br\/#\/schema\/logo\/image\/"},"sameAs":["https:\/\/www.facebook.com\/AgenciaEFEnoticias\/","https:\/\/x.com\/efenoticias","https:\/\/www.instagram.com\/efe_noticias\/","http:\/\/www.youtube.com\/efe"]},{"@type":"Person","@id":"https:\/\/pre.efe.com\/pt-br\/#\/schema\/person\/b19f23f210db552768f68a4b552b004f","name":"anachain","image":{"@type":"ImageObject","inLanguage":"pt-BR","@id":"https:\/\/secure.gravatar.com\/avatar\/30b83965911ef1108bb893c00bdd65c885f9890e1265ee04b02c3d5adc785d37?s=96&d=identicon&r=g","url":"https:\/\/secure.gravatar.com\/avatar\/30b83965911ef1108bb893c00bdd65c885f9890e1265ee04b02c3d5adc785d37?s=96&d=identicon&r=g","contentUrl":"https:\/\/secure.gravatar.com\/avatar\/30b83965911ef1108bb893c00bdd65c885f9890e1265ee04b02c3d5adc785d37?s=96&d=identicon&r=g","caption":"anachain"},"url":"https:\/\/pre.efe.com\/pt-br\/autor\/anachain\/"}]}},"jetpack_featured_media_url":"https:\/\/pre.efe.com\/wp-content\/uploads\/2025\/09\/rss-efebabc02e9e7ea79f5029c173aff0d3a070f792f72w.webp","jetpack_shortlink":"https:\/\/wp.me\/peJvHm-97r1","jetpack_sharing_enabled":true,"_links":{"self":[{"href":"https:\/\/pre.efe.com\/pt-br\/wp-json\/wp\/v2\/posts\/2173535","targetHints":{"allow":["GET"]}}],"collection":[{"href":"https:\/\/pre.efe.com\/pt-br\/wp-json\/wp\/v2\/posts"}],"about":[{"href":"https:\/\/pre.efe.com\/pt-br\/wp-json\/wp\/v2\/types\/post"}],"author":[{"embeddable":true,"href":"https:\/\/pre.efe.com\/pt-br\/wp-json\/wp\/v2\/users\/198164106"}],"replies":[{"embeddable":true,"href":"https:\/\/pre.efe.com\/pt-br\/wp-json\/wp\/v2\/comments?post=2173535"}],"version-history":[{"count":2,"href":"https:\/\/pre.efe.com\/pt-br\/wp-json\/wp\/v2\/posts\/2173535\/revisions"}],"predecessor-version":[{"id":2173552,"href":"https:\/\/pre.efe.com\/pt-br\/wp-json\/wp\/v2\/posts\/2173535\/revisions\/2173552"}],"wp:featuredmedia":[{"embeddable":true,"href":"https:\/\/pre.efe.com\/pt-br\/wp-json\/wp\/v2\/media\/2171939"}],"wp:attachment":[{"href":"https:\/\/pre.efe.com\/pt-br\/wp-json\/wp\/v2\/media?parent=2173535"}],"wp:term":[{"taxonomy":"category","embeddable":true,"href":"https:\/\/pre.efe.com\/pt-br\/wp-json\/wp\/v2\/categories?post=2173535"},{"taxonomy":"post_tag","embeddable":true,"href":"https:\/\/pre.efe.com\/pt-br\/wp-json\/wp\/v2\/tags?post=2173535"}],"curies":[{"name":"wp","href":"https:\/\/api.w.org\/{rel}","templated":true}]}}