{"id":217360,"date":"2022-12-21T20:45:00","date_gmt":"2022-12-21T19:45:00","guid":{"rendered":"https:\/\/pre.efe.com\/?p=217360"},"modified":"2022-12-21T23:02:16","modified_gmt":"2022-12-21T22:02:16","slug":"presidente-da-argentina-nega-ter-se-ofendido-por-selecao-nao-te-lo-visitado","status":"publish","type":"post","link":"https:\/\/pre.efe.com\/pt-br\/esportes\/2022-12-21\/presidente-da-argentina-nega-ter-se-ofendido-por-selecao-nao-te-lo-visitado\/","title":{"rendered":"Presidente da Argentina nega ter se ofendido por sele\u00e7\u00e3o n\u00e3o t\u00ea-lo visitado"},"content":{"rendered":"\n<p>Buenos Aires (EFE).- O presidente da Argentina, Alberto Fern\u00e1ndez, disse nesta quarta-feira entender a decis\u00e3o da sele\u00e7\u00e3o do pa\u00eds de n\u00e3o visitar a Casa Rosada (sede do governo) durante as comemora\u00e7\u00f5es de ontem nas ruas de Buenos Aires.<\/p>\n\n\n\n<blockquote class=\"wp-block-quote is-layout-flow wp-block-quote-is-layout-flow\">\n<p>&#8220;Hoje li em um jornal que Alberto Fern\u00e1ndez \u00e9 o \u00fanico presidente que n\u00e3o recebeu um time campe\u00e3o mundial de futebol, e talvez tenha a ver com a decis\u00e3o que tomei de n\u00e3o misturar pol\u00edtica e futebol&#8221;, disse Fern\u00e1ndez em uma entrevista \u00e0 emissora &#8220;Radio con Vos&#8221;.<\/p>\n<\/blockquote>\n\n\n\n<p>&#8220;Sempre haver\u00e1 tempo para conversar com Messi e Scaloni, agora o tempo \u00e9 deles. Acho que temos que parar de pensar tanto em n\u00f3s mesmos; a sele\u00e7\u00e3o nacional n\u00e3o \u00e9 minha, n\u00e3o \u00e9 a Frente de Todos (coaliz\u00e3o governista), nem a oposi\u00e7\u00e3o, ela pertence a todos&#8221;, acrescentou.<\/p>\n\n\n\n<p>A caravana que transportava a sele\u00e7\u00e3o argentina deixou pouco antes das 11h30 de ter\u00e7a-feira o complexo esportivo da Associa\u00e7\u00e3o do Futebol Argentino (AFA) em Ezeiza, na prov\u00edncia de Buenos Aires, para ser recebida por uma multid\u00e3o de torcedores.<\/p>\n\n\n\n<p>Cinco horas depois, os jogadores deixaram o \u00f4nibus convers\u00edvel e culminaram suas comemora\u00e7\u00f5es com uma &#8220;volta ol\u00edmpica&#8221; de helic\u00f3ptero, sem visitar o cruzamento da rodovia 25 de Maio com a Avenida 9 de Julio, que seria o ponto final da comemora\u00e7\u00e3o com o p\u00fablico, ou ir \u00e0 Casa Rosada, onde o governo montou um palco para receber a sele\u00e7\u00e3o.<\/p>\n\n\n\n<p>Os jogadores alegaram &#8220;cansa\u00e7o&#8221; e &#8220;dificuldade em chegar&#8221;, segundo Fern\u00e1ndez, que repetidamente deixou claro seu &#8220;respeito&#8221; por esta decis\u00e3o.<\/p>\n\n\n\n<blockquote class=\"wp-block-quote is-layout-flow wp-block-quote-is-layout-flow\">\n<p>&#8220;N\u00e3o me importo de n\u00e3o receb\u00ea-los se eles estiverem cansados e quiserem fazer outra coisa. N\u00e3o estou ofendido&#8221;, afirmou o presidente argentino, esclarecendo que ele n\u00e3o tinha falado com ningu\u00e9m da sele\u00e7\u00e3o a n\u00e3o ser o meia Papu G\u00f3mez, que lhe enviou uma &#8220;mensagem de amor&#8221; no Instagram.<\/p>\n<\/blockquote>\n\n\n\n<p>Em rela\u00e7\u00e3o \u00e0s celebra\u00e7\u00f5es de ter\u00e7a-feira em Buenos Aires, onde mais de quatro milh\u00f5es de torcedores foram \u00e0s ruas para receber os jogadores, o presidente disse que era &#8220;uma festa popular&#8221; que a Argentina nunca havia visto antes, sem &#8220;excessos&#8221; ou &#8220;abusos&#8221;.<\/p>\n\n\n\n<p>&#8220;Foi muito positivo, porque tudo foi feito num clima de grande tranquilidade, harmonia e paz. Comemorei e gostei de ver as pessoas se divertirem, que \u00e9 o que eu queria, depois de um tempo t\u00e3o dif\u00edcil&#8221;, declarou Fern\u00e1ndez. EFE<\/p>\n","protected":false},"excerpt":{"rendered":"<p>Buenos Aires (EFE).- O presidente da Argentina, Alberto Fern\u00e1ndez, disse nesta quarta-feira entender a decis\u00e3o da sele\u00e7\u00e3o do pa\u00eds de n\u00e3o visitar a Casa Rosada (sede do governo) durante as comemora\u00e7\u00f5es de ontem nas ruas de Buenos Aires. &#8220;Hoje li em um jornal que Alberto Fern\u00e1ndez \u00e9 o \u00fanico presidente que n\u00e3o recebeu um time &#8230; <a title=\"Presidente da Argentina nega ter se ofendido por sele\u00e7\u00e3o n\u00e3o t\u00ea-lo visitado\" class=\"read-more\" href=\"https:\/\/pre.efe.com\/pt-br\/esportes\/2022-12-21\/presidente-da-argentina-nega-ter-se-ofendido-por-selecao-nao-te-lo-visitado\/\" aria-label=\"Read more about Presidente da Argentina nega ter se ofendido por sele\u00e7\u00e3o n\u00e3o t\u00ea-lo visitado\">Leia mais<\/a><\/p>\n","protected":false},"author":198164106,"featured_media":83026,"comment_status":"closed","ping_status":"closed","sticky":false,"template":"","format":"standard","meta":{"_acf_changed":false,"_jetpack_memberships_contains_paid_content":false,"footnotes":""},"categories":[121968],"tags":[122644,122363,122364],"class_list":["post-217360","post","type-post","status-publish","format-standard","has-post-thumbnail","hentry","category-esportes","tag-argentina-2","tag-copa-do-mundo","tag-futebol","generate-columns","tablet-grid-50","mobile-grid-100","grid-parent","grid-50"],"acf":[],"yoast_head":"<!-- This site is optimized with the Yoast SEO Premium plugin v26.0 (Yoast SEO v27.4) - https:\/\/yoast.com\/product\/yoast-seo-premium-wordpress\/ -->\n<title>Presidente da Argentina nega ter se ofendido por sele\u00e7\u00e3o n\u00e3o t\u00ea-lo visitado - EFE<\/title>\n<meta name=\"robots\" content=\"noindex, follow\" \/>\n<meta property=\"og:locale\" content=\"pt_BR\" \/>\n<meta property=\"og:type\" content=\"article\" \/>\n<meta property=\"og:title\" content=\"Presidente da Argentina nega ter se ofendido por sele\u00e7\u00e3o n\u00e3o t\u00ea-lo visitado - EFE\" \/>\n<meta property=\"og:description\" content=\"Buenos Aires (EFE).- O presidente da Argentina, Alberto Fern\u00e1ndez, disse nesta quarta-feira entender a decis\u00e3o da sele\u00e7\u00e3o do pa\u00eds de n\u00e3o visitar a Casa Rosada (sede do governo) durante as comemora\u00e7\u00f5es de ontem nas ruas de Buenos Aires. &#8220;Hoje li em um jornal que Alberto Fern\u00e1ndez \u00e9 o \u00fanico presidente que n\u00e3o recebeu um time ... Leia mais\" \/>\n<meta property=\"og:url\" content=\"https:\/\/pre.efe.com\/pt-br\/esportes\/2022-12-21\/presidente-da-argentina-nega-ter-se-ofendido-por-selecao-nao-te-lo-visitado\/\" \/>\n<meta property=\"og:site_name\" content=\"EFE Noticias\" \/>\n<meta property=\"article:publisher\" content=\"https:\/\/www.facebook.com\/AgenciaEFEnoticias\/\" \/>\n<meta property=\"article:published_time\" content=\"2022-12-21T19:45:00+00:00\" \/>\n<meta property=\"article:modified_time\" content=\"2022-12-21T22:02:16+00:00\" \/>\n<meta property=\"og:image\" content=\"https:\/\/i0.wp.com\/efe.com\/\/srv\/htdocs\/wp-content\/uploads\/2022\/09\/OBJ_20220921T041347T0001D_1_1.jpg?fit=4234%2C3766&ssl=1\" \/>\n\t<meta property=\"og:image:width\" content=\"4234\" \/>\n\t<meta property=\"og:image:height\" content=\"3766\" \/>\n\t<meta property=\"og:image:type\" content=\"image\/jpeg\" \/>\n<meta name=\"author\" content=\"anachain\" \/>\n<meta name=\"twitter:card\" content=\"summary_large_image\" \/>\n<meta name=\"twitter:creator\" content=\"@efenoticias\" \/>\n<meta name=\"twitter:site\" content=\"@efenoticias\" \/>\n<script type=\"application\/ld+json\" class=\"yoast-schema-graph\">{\"@context\":\"https:\\\/\\\/schema.org\",\"@graph\":[{\"@type\":\"NewsArticle\",\"@id\":\"https:\\\/\\\/pre.efe.com\\\/pt-br\\\/esportes\\\/2022-12-21\\\/presidente-da-argentina-nega-ter-se-ofendido-por-selecao-nao-te-lo-visitado\\\/#article\",\"isPartOf\":{\"@id\":\"https:\\\/\\\/pre.efe.com\\\/pt-br\\\/esportes\\\/2022-12-21\\\/presidente-da-argentina-nega-ter-se-ofendido-por-selecao-nao-te-lo-visitado\\\/\"},\"author\":{\"name\":\"anachain\",\"@id\":\"https:\\\/\\\/pre.efe.com\\\/pt-br\\\/#\\\/schema\\\/person\\\/b19f23f210db552768f68a4b552b004f\"},\"headline\":\"Presidente da Argentina nega ter se ofendido por sele\u00e7\u00e3o n\u00e3o t\u00ea-lo visitado\",\"datePublished\":\"2022-12-21T19:45:00+00:00\",\"dateModified\":\"2022-12-21T22:02:16+00:00\",\"mainEntityOfPage\":{\"@id\":\"https:\\\/\\\/pre.efe.com\\\/pt-br\\\/esportes\\\/2022-12-21\\\/presidente-da-argentina-nega-ter-se-ofendido-por-selecao-nao-te-lo-visitado\\\/\"},\"wordCount\":434,\"publisher\":{\"@id\":\"https:\\\/\\\/pre.efe.com\\\/pt-br\\\/#organization\"},\"image\":{\"@id\":\"https:\\\/\\\/pre.efe.com\\\/pt-br\\\/esportes\\\/2022-12-21\\\/presidente-da-argentina-nega-ter-se-ofendido-por-selecao-nao-te-lo-visitado\\\/#primaryimage\"},\"thumbnailUrl\":\"https:\\\/\\\/pre.efe.com\\\/wp-content\\\/uploads\\\/2022\\\/09\\\/OBJ_20220921T041347T0001D_1_1.jpg\",\"keywords\":[\"Argentina\",\"Copa do Mundo\",\"Futebol\"],\"articleSection\":[\"Esportes\"],\"inLanguage\":\"pt-BR\",\"copyrightYear\":\"2022\",\"copyrightHolder\":{\"@id\":\"https:\\\/\\\/pre.efe.com\\\/#organization\"}},{\"@type\":[\"WebPage\",\"ItemPage\"],\"@id\":\"https:\\\/\\\/pre.efe.com\\\/pt-br\\\/esportes\\\/2022-12-21\\\/presidente-da-argentina-nega-ter-se-ofendido-por-selecao-nao-te-lo-visitado\\\/\",\"url\":\"https:\\\/\\\/pre.efe.com\\\/pt-br\\\/esportes\\\/2022-12-21\\\/presidente-da-argentina-nega-ter-se-ofendido-por-selecao-nao-te-lo-visitado\\\/\",\"name\":\"Presidente da Argentina nega ter se ofendido por sele\u00e7\u00e3o n\u00e3o t\u00ea-lo visitado - EFE\",\"isPartOf\":{\"@id\":\"https:\\\/\\\/pre.efe.com\\\/pt-br\\\/#website\"},\"primaryImageOfPage\":{\"@id\":\"https:\\\/\\\/pre.efe.com\\\/pt-br\\\/esportes\\\/2022-12-21\\\/presidente-da-argentina-nega-ter-se-ofendido-por-selecao-nao-te-lo-visitado\\\/#primaryimage\"},\"image\":{\"@id\":\"https:\\\/\\\/pre.efe.com\\\/pt-br\\\/esportes\\\/2022-12-21\\\/presidente-da-argentina-nega-ter-se-ofendido-por-selecao-nao-te-lo-visitado\\\/#primaryimage\"},\"thumbnailUrl\":\"https:\\\/\\\/pre.efe.com\\\/wp-content\\\/uploads\\\/2022\\\/09\\\/OBJ_20220921T041347T0001D_1_1.jpg\",\"datePublished\":\"2022-12-21T19:45:00+00:00\",\"dateModified\":\"2022-12-21T22:02:16+00:00\",\"breadcrumb\":{\"@id\":\"https:\\\/\\\/pre.efe.com\\\/pt-br\\\/esportes\\\/2022-12-21\\\/presidente-da-argentina-nega-ter-se-ofendido-por-selecao-nao-te-lo-visitado\\\/#breadcrumb\"},\"inLanguage\":\"pt-BR\",\"potentialAction\":[{\"@type\":\"ReadAction\",\"target\":[\"https:\\\/\\\/pre.efe.com\\\/pt-br\\\/esportes\\\/2022-12-21\\\/presidente-da-argentina-nega-ter-se-ofendido-por-selecao-nao-te-lo-visitado\\\/\"]}]},{\"@type\":\"ImageObject\",\"inLanguage\":\"pt-BR\",\"@id\":\"https:\\\/\\\/pre.efe.com\\\/pt-br\\\/esportes\\\/2022-12-21\\\/presidente-da-argentina-nega-ter-se-ofendido-por-selecao-nao-te-lo-visitado\\\/#primaryimage\",\"url\":\"https:\\\/\\\/pre.efe.com\\\/wp-content\\\/uploads\\\/2022\\\/09\\\/OBJ_20220921T041347T0001D_1_1.jpg\",\"contentUrl\":\"https:\\\/\\\/pre.efe.com\\\/wp-content\\\/uploads\\\/2022\\\/09\\\/OBJ_20220921T041347T0001D_1_1.jpg\",\"width\":4234,\"height\":3766,\"caption\":\"Alberto Fern\u00e1ndez. EFE\\\/Arquivo\\\/Peter Foley\"},{\"@type\":\"BreadcrumbList\",\"@id\":\"https:\\\/\\\/pre.efe.com\\\/pt-br\\\/esportes\\\/2022-12-21\\\/presidente-da-argentina-nega-ter-se-ofendido-por-selecao-nao-te-lo-visitado\\\/#breadcrumb\",\"itemListElement\":[{\"@type\":\"ListItem\",\"position\":1,\"name\":\"Portada\",\"item\":\"https:\\\/\\\/pre.efe.com\\\/pt-br\\\/\"},{\"@type\":\"ListItem\",\"position\":2,\"name\":\"Presidente da Argentina nega ter se ofendido por sele\u00e7\u00e3o n\u00e3o t\u00ea-lo visitado\"}]},{\"@type\":\"WebSite\",\"@id\":\"https:\\\/\\\/pre.efe.com\\\/pt-br\\\/#website\",\"url\":\"https:\\\/\\\/pre.efe.com\\\/pt-br\\\/\",\"name\":\"EFE Noticias\",\"description\":\"\",\"publisher\":{\"@id\":\"https:\\\/\\\/pre.efe.com\\\/pt-br\\\/#organization\"},\"potentialAction\":[{\"@type\":\"SearchAction\",\"target\":{\"@type\":\"EntryPoint\",\"urlTemplate\":\"https:\\\/\\\/pre.efe.com\\\/pt-br\\\/?s={search_term_string}\"},\"query-input\":{\"@type\":\"PropertyValueSpecification\",\"valueRequired\":true,\"valueName\":\"search_term_string\"}}],\"inLanguage\":\"pt-BR\"},{\"@type\":\"Organization\",\"@id\":\"https:\\\/\\\/pre.efe.com\\\/pt-br\\\/#organization\",\"name\":\"Agencia EFE\",\"url\":\"https:\\\/\\\/pre.efe.com\\\/pt-br\\\/\",\"logo\":{\"@type\":\"ImageObject\",\"inLanguage\":\"pt-BR\",\"@id\":\"https:\\\/\\\/pre.efe.com\\\/pt-br\\\/#\\\/schema\\\/logo\\\/image\\\/\",\"url\":\"https:\\\/\\\/pre.efe.com\\\/wp-content\\\/uploads\\\/2023\\\/06\\\/logo-efe-467.png\",\"contentUrl\":\"https:\\\/\\\/pre.efe.com\\\/wp-content\\\/uploads\\\/2023\\\/06\\\/logo-efe-467.png\",\"width\":467,\"height\":467,\"caption\":\"Agencia EFE\"},\"image\":{\"@id\":\"https:\\\/\\\/pre.efe.com\\\/pt-br\\\/#\\\/schema\\\/logo\\\/image\\\/\"},\"sameAs\":[\"https:\\\/\\\/www.facebook.com\\\/AgenciaEFEnoticias\\\/\",\"https:\\\/\\\/x.com\\\/efenoticias\",\"https:\\\/\\\/www.instagram.com\\\/efe_noticias\\\/\",\"http:\\\/\\\/www.youtube.com\\\/efe\"]},{\"@type\":\"Person\",\"@id\":\"https:\\\/\\\/pre.efe.com\\\/pt-br\\\/#\\\/schema\\\/person\\\/b19f23f210db552768f68a4b552b004f\",\"name\":\"anachain\",\"image\":{\"@type\":\"ImageObject\",\"inLanguage\":\"pt-BR\",\"@id\":\"https:\\\/\\\/secure.gravatar.com\\\/avatar\\\/30b83965911ef1108bb893c00bdd65c885f9890e1265ee04b02c3d5adc785d37?s=96&d=identicon&r=g\",\"url\":\"https:\\\/\\\/secure.gravatar.com\\\/avatar\\\/30b83965911ef1108bb893c00bdd65c885f9890e1265ee04b02c3d5adc785d37?s=96&d=identicon&r=g\",\"contentUrl\":\"https:\\\/\\\/secure.gravatar.com\\\/avatar\\\/30b83965911ef1108bb893c00bdd65c885f9890e1265ee04b02c3d5adc785d37?s=96&d=identicon&r=g\",\"caption\":\"anachain\"},\"url\":\"https:\\\/\\\/pre.efe.com\\\/pt-br\\\/autor\\\/anachain\\\/\"}]}<\/script>\n<!-- \/ Yoast SEO Premium plugin. -->","yoast_head_json":{"title":"Presidente da Argentina nega ter se ofendido por sele\u00e7\u00e3o n\u00e3o t\u00ea-lo visitado - EFE","robots":{"index":"noindex","follow":"follow"},"og_locale":"pt_BR","og_type":"article","og_title":"Presidente da Argentina nega ter se ofendido por sele\u00e7\u00e3o n\u00e3o t\u00ea-lo visitado - EFE","og_description":"Buenos Aires (EFE).- O presidente da Argentina, Alberto Fern\u00e1ndez, disse nesta quarta-feira entender a decis\u00e3o da sele\u00e7\u00e3o do pa\u00eds de n\u00e3o visitar a Casa Rosada (sede do governo) durante as comemora\u00e7\u00f5es de ontem nas ruas de Buenos Aires. &#8220;Hoje li em um jornal que Alberto Fern\u00e1ndez \u00e9 o \u00fanico presidente que n\u00e3o recebeu um time ... Leia mais","og_url":"https:\/\/pre.efe.com\/pt-br\/esportes\/2022-12-21\/presidente-da-argentina-nega-ter-se-ofendido-por-selecao-nao-te-lo-visitado\/","og_site_name":"EFE Noticias","article_publisher":"https:\/\/www.facebook.com\/AgenciaEFEnoticias\/","article_published_time":"2022-12-21T19:45:00+00:00","article_modified_time":"2022-12-21T22:02:16+00:00","og_image":[{"width":4234,"height":3766,"url":"https:\/\/i0.wp.com\/efe.com\/\/srv\/htdocs\/wp-content\/uploads\/2022\/09\/OBJ_20220921T041347T0001D_1_1.jpg?fit=4234%2C3766&ssl=1","type":"image\/jpeg"}],"author":"anachain","twitter_card":"summary_large_image","twitter_creator":"@efenoticias","twitter_site":"@efenoticias","schema":{"@context":"https:\/\/schema.org","@graph":[{"@type":"NewsArticle","@id":"https:\/\/pre.efe.com\/pt-br\/esportes\/2022-12-21\/presidente-da-argentina-nega-ter-se-ofendido-por-selecao-nao-te-lo-visitado\/#article","isPartOf":{"@id":"https:\/\/pre.efe.com\/pt-br\/esportes\/2022-12-21\/presidente-da-argentina-nega-ter-se-ofendido-por-selecao-nao-te-lo-visitado\/"},"author":{"name":"anachain","@id":"https:\/\/pre.efe.com\/pt-br\/#\/schema\/person\/b19f23f210db552768f68a4b552b004f"},"headline":"Presidente da Argentina nega ter se ofendido por sele\u00e7\u00e3o n\u00e3o t\u00ea-lo visitado","datePublished":"2022-12-21T19:45:00+00:00","dateModified":"2022-12-21T22:02:16+00:00","mainEntityOfPage":{"@id":"https:\/\/pre.efe.com\/pt-br\/esportes\/2022-12-21\/presidente-da-argentina-nega-ter-se-ofendido-por-selecao-nao-te-lo-visitado\/"},"wordCount":434,"publisher":{"@id":"https:\/\/pre.efe.com\/pt-br\/#organization"},"image":{"@id":"https:\/\/pre.efe.com\/pt-br\/esportes\/2022-12-21\/presidente-da-argentina-nega-ter-se-ofendido-por-selecao-nao-te-lo-visitado\/#primaryimage"},"thumbnailUrl":"https:\/\/pre.efe.com\/wp-content\/uploads\/2022\/09\/OBJ_20220921T041347T0001D_1_1.jpg","keywords":["Argentina","Copa do Mundo","Futebol"],"articleSection":["Esportes"],"inLanguage":"pt-BR","copyrightYear":"2022","copyrightHolder":{"@id":"https:\/\/pre.efe.com\/#organization"}},{"@type":["WebPage","ItemPage"],"@id":"https:\/\/pre.efe.com\/pt-br\/esportes\/2022-12-21\/presidente-da-argentina-nega-ter-se-ofendido-por-selecao-nao-te-lo-visitado\/","url":"https:\/\/pre.efe.com\/pt-br\/esportes\/2022-12-21\/presidente-da-argentina-nega-ter-se-ofendido-por-selecao-nao-te-lo-visitado\/","name":"Presidente da Argentina nega ter se ofendido por sele\u00e7\u00e3o n\u00e3o t\u00ea-lo visitado - EFE","isPartOf":{"@id":"https:\/\/pre.efe.com\/pt-br\/#website"},"primaryImageOfPage":{"@id":"https:\/\/pre.efe.com\/pt-br\/esportes\/2022-12-21\/presidente-da-argentina-nega-ter-se-ofendido-por-selecao-nao-te-lo-visitado\/#primaryimage"},"image":{"@id":"https:\/\/pre.efe.com\/pt-br\/esportes\/2022-12-21\/presidente-da-argentina-nega-ter-se-ofendido-por-selecao-nao-te-lo-visitado\/#primaryimage"},"thumbnailUrl":"https:\/\/pre.efe.com\/wp-content\/uploads\/2022\/09\/OBJ_20220921T041347T0001D_1_1.jpg","datePublished":"2022-12-21T19:45:00+00:00","dateModified":"2022-12-21T22:02:16+00:00","breadcrumb":{"@id":"https:\/\/pre.efe.com\/pt-br\/esportes\/2022-12-21\/presidente-da-argentina-nega-ter-se-ofendido-por-selecao-nao-te-lo-visitado\/#breadcrumb"},"inLanguage":"pt-BR","potentialAction":[{"@type":"ReadAction","target":["https:\/\/pre.efe.com\/pt-br\/esportes\/2022-12-21\/presidente-da-argentina-nega-ter-se-ofendido-por-selecao-nao-te-lo-visitado\/"]}]},{"@type":"ImageObject","inLanguage":"pt-BR","@id":"https:\/\/pre.efe.com\/pt-br\/esportes\/2022-12-21\/presidente-da-argentina-nega-ter-se-ofendido-por-selecao-nao-te-lo-visitado\/#primaryimage","url":"https:\/\/pre.efe.com\/wp-content\/uploads\/2022\/09\/OBJ_20220921T041347T0001D_1_1.jpg","contentUrl":"https:\/\/pre.efe.com\/wp-content\/uploads\/2022\/09\/OBJ_20220921T041347T0001D_1_1.jpg","width":4234,"height":3766,"caption":"Alberto Fern\u00e1ndez. EFE\/Arquivo\/Peter Foley"},{"@type":"BreadcrumbList","@id":"https:\/\/pre.efe.com\/pt-br\/esportes\/2022-12-21\/presidente-da-argentina-nega-ter-se-ofendido-por-selecao-nao-te-lo-visitado\/#breadcrumb","itemListElement":[{"@type":"ListItem","position":1,"name":"Portada","item":"https:\/\/pre.efe.com\/pt-br\/"},{"@type":"ListItem","position":2,"name":"Presidente da Argentina nega ter se ofendido por sele\u00e7\u00e3o n\u00e3o t\u00ea-lo visitado"}]},{"@type":"WebSite","@id":"https:\/\/pre.efe.com\/pt-br\/#website","url":"https:\/\/pre.efe.com\/pt-br\/","name":"EFE Noticias","description":"","publisher":{"@id":"https:\/\/pre.efe.com\/pt-br\/#organization"},"potentialAction":[{"@type":"SearchAction","target":{"@type":"EntryPoint","urlTemplate":"https:\/\/pre.efe.com\/pt-br\/?s={search_term_string}"},"query-input":{"@type":"PropertyValueSpecification","valueRequired":true,"valueName":"search_term_string"}}],"inLanguage":"pt-BR"},{"@type":"Organization","@id":"https:\/\/pre.efe.com\/pt-br\/#organization","name":"Agencia EFE","url":"https:\/\/pre.efe.com\/pt-br\/","logo":{"@type":"ImageObject","inLanguage":"pt-BR","@id":"https:\/\/pre.efe.com\/pt-br\/#\/schema\/logo\/image\/","url":"https:\/\/pre.efe.com\/wp-content\/uploads\/2023\/06\/logo-efe-467.png","contentUrl":"https:\/\/pre.efe.com\/wp-content\/uploads\/2023\/06\/logo-efe-467.png","width":467,"height":467,"caption":"Agencia EFE"},"image":{"@id":"https:\/\/pre.efe.com\/pt-br\/#\/schema\/logo\/image\/"},"sameAs":["https:\/\/www.facebook.com\/AgenciaEFEnoticias\/","https:\/\/x.com\/efenoticias","https:\/\/www.instagram.com\/efe_noticias\/","http:\/\/www.youtube.com\/efe"]},{"@type":"Person","@id":"https:\/\/pre.efe.com\/pt-br\/#\/schema\/person\/b19f23f210db552768f68a4b552b004f","name":"anachain","image":{"@type":"ImageObject","inLanguage":"pt-BR","@id":"https:\/\/secure.gravatar.com\/avatar\/30b83965911ef1108bb893c00bdd65c885f9890e1265ee04b02c3d5adc785d37?s=96&d=identicon&r=g","url":"https:\/\/secure.gravatar.com\/avatar\/30b83965911ef1108bb893c00bdd65c885f9890e1265ee04b02c3d5adc785d37?s=96&d=identicon&r=g","contentUrl":"https:\/\/secure.gravatar.com\/avatar\/30b83965911ef1108bb893c00bdd65c885f9890e1265ee04b02c3d5adc785d37?s=96&d=identicon&r=g","caption":"anachain"},"url":"https:\/\/pre.efe.com\/pt-br\/autor\/anachain\/"}]}},"jetpack_featured_media_url":"https:\/\/pre.efe.com\/wp-content\/uploads\/2022\/09\/OBJ_20220921T041347T0001D_1_1.jpg","jetpack_shortlink":"https:\/\/wp.me\/peJvHm-UxO","jetpack_sharing_enabled":true,"_links":{"self":[{"href":"https:\/\/pre.efe.com\/pt-br\/wp-json\/wp\/v2\/posts\/217360","targetHints":{"allow":["GET"]}}],"collection":[{"href":"https:\/\/pre.efe.com\/pt-br\/wp-json\/wp\/v2\/posts"}],"about":[{"href":"https:\/\/pre.efe.com\/pt-br\/wp-json\/wp\/v2\/types\/post"}],"author":[{"embeddable":true,"href":"https:\/\/pre.efe.com\/pt-br\/wp-json\/wp\/v2\/users\/198164106"}],"replies":[{"embeddable":true,"href":"https:\/\/pre.efe.com\/pt-br\/wp-json\/wp\/v2\/comments?post=217360"}],"version-history":[{"count":2,"href":"https:\/\/pre.efe.com\/pt-br\/wp-json\/wp\/v2\/posts\/217360\/revisions"}],"predecessor-version":[{"id":217362,"href":"https:\/\/pre.efe.com\/pt-br\/wp-json\/wp\/v2\/posts\/217360\/revisions\/217362"}],"wp:featuredmedia":[{"embeddable":true,"href":"https:\/\/pre.efe.com\/pt-br\/wp-json\/wp\/v2\/media\/83026"}],"wp:attachment":[{"href":"https:\/\/pre.efe.com\/pt-br\/wp-json\/wp\/v2\/media?parent=217360"}],"wp:term":[{"taxonomy":"category","embeddable":true,"href":"https:\/\/pre.efe.com\/pt-br\/wp-json\/wp\/v2\/categories?post=217360"},{"taxonomy":"post_tag","embeddable":true,"href":"https:\/\/pre.efe.com\/pt-br\/wp-json\/wp\/v2\/tags?post=217360"}],"curies":[{"name":"wp","href":"https:\/\/api.w.org\/{rel}","templated":true}]}}