{"id":218998,"date":"2022-12-23T00:43:08","date_gmt":"2022-12-22T23:43:08","guid":{"rendered":"https:\/\/pre.efe.com\/?p=218998"},"modified":"2022-12-23T00:43:10","modified_gmt":"2022-12-22T23:43:10","slug":"em-mensagem-de-natal-biden-pede-fim-da-polarizacao-politica-nos-eua","status":"publish","type":"post","link":"https:\/\/pre.efe.com\/pt-br\/mundo-2\/2022-12-23\/em-mensagem-de-natal-biden-pede-fim-da-polarizacao-politica-nos-eua\/","title":{"rendered":"Em mensagem de Natal, Biden pede fim da polariza\u00e7\u00e3o pol\u00edtica nos EUA"},"content":{"rendered":"\n<p>Washington (EFE).- O presidente dos Estados Unidos, Joe Biden, disse nesta quinta-feira desejar que o pa\u00eds deixe para tr\u00e1s a polariza\u00e7\u00e3o pol\u00edtica e comece o ano de 2023 com um novo esp\u00edrito, marcado pela bondade.<\/p>\n\n\n\n<p>O chefe de Estado deu as declara\u00e7\u00f5es durante mensagem de Natal \u00e0 popula\u00e7\u00e3o americana, em pronunciamento feito a partir de um dos sal\u00f5es da Casa Branca, ornado com temas natalinos.<\/p>\n\n\n\n<blockquote class=\"wp-block-quote is-layout-flow wp-block-quote-is-layout-flow\">\n<p>&#8220;Espero, sinceramente, que esta \u00e9poca festiva sirva para desfazer o veneno que infectou nossa pol\u00edtica e nos colocou uns contra os outros. Espero que este per\u00edodo de Natal permita que nossa na\u00e7\u00e3o tenha um novo come\u00e7o&#8221;, disse Biden.<\/p>\n<\/blockquote>\n\n\n\n<p>Al\u00e9m disso, o presidente americano manifestou desejo de que os americanos &#8220;possam olhar uns aos outros e se reconhecerem como seres humanos que devem ser tratados com dignidade e respeito, ao inv\u00e9s de membro do time vermelho ou azul&#8221;, em refer\u00eancia \u00e0s cores dos Partido Republicano e do Democrata, respectivamente.<\/p>\n\n\n\n<blockquote class=\"wp-block-quote is-layout-flow wp-block-quote-is-layout-flow\">\n<p>&#8220;Neste Natal, vamos propagar um pouco de bondade&#8221;, afirmou o chefe de Estado.<\/p>\n<\/blockquote>\n\n\n\n<p>Eleito ap\u00f3s vencer o ent\u00e3o presidente Donald Trump, Biden manteve durante a campanha eleitoral uma narrativa de necessidade de concilia\u00e7\u00e3o, que retomou nesta quinta-feira, na mensagem de Natal \u00e0 na\u00e7\u00e3o. EFE<\/p>\n","protected":false},"excerpt":{"rendered":"<p>Washington (EFE).- O presidente dos Estados Unidos, Joe Biden, disse nesta quinta-feira desejar que o pa\u00eds deixe para tr\u00e1s a polariza\u00e7\u00e3o pol\u00edtica e comece o ano de 2023 com um novo esp\u00edrito, marcado pela bondade. O chefe de Estado deu as declara\u00e7\u00f5es durante mensagem de Natal \u00e0 popula\u00e7\u00e3o americana, em pronunciamento feito a partir de &#8230; <a title=\"Em mensagem de Natal, Biden pede fim da polariza\u00e7\u00e3o pol\u00edtica nos EUA\" class=\"read-more\" href=\"https:\/\/pre.efe.com\/pt-br\/mundo-2\/2022-12-23\/em-mensagem-de-natal-biden-pede-fim-da-polarizacao-politica-nos-eua\/\" aria-label=\"Read more about Em mensagem de Natal, Biden pede fim da polariza\u00e7\u00e3o pol\u00edtica nos EUA\">Leia mais<\/a><\/p>\n","protected":false},"author":198164106,"featured_media":219000,"comment_status":"closed","ping_status":"closed","sticky":false,"template":"","format":"standard","meta":{"_acf_changed":false,"_jetpack_memberships_contains_paid_content":false,"footnotes":""},"categories":[123208,122141],"tags":[122371,128295],"class_list":["post-218998","post","type-post","status-publish","format-standard","has-post-thumbnail","hentry","category-mundo-2","category-portada","tag-eua","tag-natal","generate-columns","tablet-grid-50","mobile-grid-100","grid-parent","grid-50"],"acf":[],"yoast_head":"<!-- This site is optimized with the Yoast SEO Premium plugin v26.0 (Yoast SEO v27.5) - https:\/\/yoast.com\/product\/yoast-seo-premium-wordpress\/ -->\n<title>Em mensagem de Natal, Biden pede fim da polariza\u00e7\u00e3o pol\u00edtica nos EUA - EFE<\/title>\n<meta name=\"robots\" content=\"noindex, follow\" \/>\n<meta property=\"og:locale\" content=\"pt_BR\" \/>\n<meta property=\"og:type\" content=\"article\" \/>\n<meta property=\"og:title\" content=\"Em mensagem de Natal, Biden pede fim da polariza\u00e7\u00e3o pol\u00edtica nos EUA - EFE\" \/>\n<meta property=\"og:description\" content=\"Washington (EFE).- O presidente dos Estados Unidos, Joe Biden, disse nesta quinta-feira desejar que o pa\u00eds deixe para tr\u00e1s a polariza\u00e7\u00e3o pol\u00edtica e comece o ano de 2023 com um novo esp\u00edrito, marcado pela bondade. O chefe de Estado deu as declara\u00e7\u00f5es durante mensagem de Natal \u00e0 popula\u00e7\u00e3o americana, em pronunciamento feito a partir de ... Leia mais\" \/>\n<meta property=\"og:url\" content=\"https:\/\/pre.efe.com\/pt-br\/mundo-2\/2022-12-23\/em-mensagem-de-natal-biden-pede-fim-da-polarizacao-politica-nos-eua\/\" \/>\n<meta property=\"og:site_name\" content=\"EFE Noticias\" \/>\n<meta property=\"article:publisher\" content=\"https:\/\/www.facebook.com\/AgenciaEFEnoticias\/\" \/>\n<meta property=\"article:published_time\" content=\"2022-12-22T23:43:08+00:00\" \/>\n<meta property=\"article:modified_time\" content=\"2022-12-22T23:43:10+00:00\" \/>\n<meta property=\"og:image\" content=\"https:\/\/i0.wp.com\/efe.com\/\/srv\/htdocs\/wp-content\/uploads\/2022\/12\/BIDEN-3.jpg?fit=900%2C600&ssl=1\" \/>\n\t<meta property=\"og:image:width\" content=\"900\" \/>\n\t<meta property=\"og:image:height\" content=\"600\" \/>\n\t<meta property=\"og:image:type\" content=\"image\/jpeg\" \/>\n<meta name=\"author\" content=\"anachain\" \/>\n<meta name=\"twitter:card\" content=\"summary_large_image\" \/>\n<meta name=\"twitter:creator\" content=\"@efenoticias\" \/>\n<meta name=\"twitter:site\" content=\"@efenoticias\" \/>\n<script type=\"application\/ld+json\" class=\"yoast-schema-graph\">{\"@context\":\"https:\\\/\\\/schema.org\",\"@graph\":[{\"@type\":\"NewsArticle\",\"@id\":\"https:\\\/\\\/pre.efe.com\\\/pt-br\\\/mundo-2\\\/2022-12-23\\\/em-mensagem-de-natal-biden-pede-fim-da-polarizacao-politica-nos-eua\\\/#article\",\"isPartOf\":{\"@id\":\"https:\\\/\\\/pre.efe.com\\\/pt-br\\\/mundo-2\\\/2022-12-23\\\/em-mensagem-de-natal-biden-pede-fim-da-polarizacao-politica-nos-eua\\\/\"},\"author\":{\"name\":\"anachain\",\"@id\":\"https:\\\/\\\/pre.efe.com\\\/pt-br\\\/#\\\/schema\\\/person\\\/b19f23f210db552768f68a4b552b004f\"},\"headline\":\"Em mensagem de Natal, Biden pede fim da polariza\u00e7\u00e3o pol\u00edtica nos EUA\",\"datePublished\":\"2022-12-22T23:43:08+00:00\",\"dateModified\":\"2022-12-22T23:43:10+00:00\",\"mainEntityOfPage\":{\"@id\":\"https:\\\/\\\/pre.efe.com\\\/pt-br\\\/mundo-2\\\/2022-12-23\\\/em-mensagem-de-natal-biden-pede-fim-da-polarizacao-politica-nos-eua\\\/\"},\"wordCount\":228,\"publisher\":{\"@id\":\"https:\\\/\\\/pre.efe.com\\\/pt-br\\\/#organization\"},\"image\":{\"@id\":\"https:\\\/\\\/pre.efe.com\\\/pt-br\\\/mundo-2\\\/2022-12-23\\\/em-mensagem-de-natal-biden-pede-fim-da-polarizacao-politica-nos-eua\\\/#primaryimage\"},\"thumbnailUrl\":\"https:\\\/\\\/pre.efe.com\\\/wp-content\\\/uploads\\\/2022\\\/12\\\/BIDEN-3.jpg\",\"keywords\":[\"EUA\",\"Natal\"],\"articleSection\":[\"Mundo\",\"Portada\"],\"inLanguage\":\"pt-BR\",\"copyrightYear\":\"2022\",\"copyrightHolder\":{\"@id\":\"https:\\\/\\\/pre.efe.com\\\/#organization\"}},{\"@type\":[\"WebPage\",\"ItemPage\"],\"@id\":\"https:\\\/\\\/pre.efe.com\\\/pt-br\\\/mundo-2\\\/2022-12-23\\\/em-mensagem-de-natal-biden-pede-fim-da-polarizacao-politica-nos-eua\\\/\",\"url\":\"https:\\\/\\\/pre.efe.com\\\/pt-br\\\/mundo-2\\\/2022-12-23\\\/em-mensagem-de-natal-biden-pede-fim-da-polarizacao-politica-nos-eua\\\/\",\"name\":\"Em mensagem de Natal, Biden pede fim da polariza\u00e7\u00e3o pol\u00edtica nos EUA - EFE\",\"isPartOf\":{\"@id\":\"https:\\\/\\\/pre.efe.com\\\/pt-br\\\/#website\"},\"primaryImageOfPage\":{\"@id\":\"https:\\\/\\\/pre.efe.com\\\/pt-br\\\/mundo-2\\\/2022-12-23\\\/em-mensagem-de-natal-biden-pede-fim-da-polarizacao-politica-nos-eua\\\/#primaryimage\"},\"image\":{\"@id\":\"https:\\\/\\\/pre.efe.com\\\/pt-br\\\/mundo-2\\\/2022-12-23\\\/em-mensagem-de-natal-biden-pede-fim-da-polarizacao-politica-nos-eua\\\/#primaryimage\"},\"thumbnailUrl\":\"https:\\\/\\\/pre.efe.com\\\/wp-content\\\/uploads\\\/2022\\\/12\\\/BIDEN-3.jpg\",\"datePublished\":\"2022-12-22T23:43:08+00:00\",\"dateModified\":\"2022-12-22T23:43:10+00:00\",\"breadcrumb\":{\"@id\":\"https:\\\/\\\/pre.efe.com\\\/pt-br\\\/mundo-2\\\/2022-12-23\\\/em-mensagem-de-natal-biden-pede-fim-da-polarizacao-politica-nos-eua\\\/#breadcrumb\"},\"inLanguage\":\"pt-BR\",\"potentialAction\":[{\"@type\":\"ReadAction\",\"target\":[\"https:\\\/\\\/pre.efe.com\\\/pt-br\\\/mundo-2\\\/2022-12-23\\\/em-mensagem-de-natal-biden-pede-fim-da-polarizacao-politica-nos-eua\\\/\"]}]},{\"@type\":\"ImageObject\",\"inLanguage\":\"pt-BR\",\"@id\":\"https:\\\/\\\/pre.efe.com\\\/pt-br\\\/mundo-2\\\/2022-12-23\\\/em-mensagem-de-natal-biden-pede-fim-da-polarizacao-politica-nos-eua\\\/#primaryimage\",\"url\":\"https:\\\/\\\/pre.efe.com\\\/wp-content\\\/uploads\\\/2022\\\/12\\\/BIDEN-3.jpg\",\"contentUrl\":\"https:\\\/\\\/pre.efe.com\\\/wp-content\\\/uploads\\\/2022\\\/12\\\/BIDEN-3.jpg\",\"width\":900,\"height\":600,\"caption\":\"EFE\\\/JIM LO SCALZO\"},{\"@type\":\"BreadcrumbList\",\"@id\":\"https:\\\/\\\/pre.efe.com\\\/pt-br\\\/mundo-2\\\/2022-12-23\\\/em-mensagem-de-natal-biden-pede-fim-da-polarizacao-politica-nos-eua\\\/#breadcrumb\",\"itemListElement\":[{\"@type\":\"ListItem\",\"position\":1,\"name\":\"Portada\",\"item\":\"https:\\\/\\\/pre.efe.com\\\/pt-br\\\/\"},{\"@type\":\"ListItem\",\"position\":2,\"name\":\"Em mensagem de Natal, Biden pede fim da polariza\u00e7\u00e3o pol\u00edtica nos EUA\"}]},{\"@type\":\"WebSite\",\"@id\":\"https:\\\/\\\/pre.efe.com\\\/pt-br\\\/#website\",\"url\":\"https:\\\/\\\/pre.efe.com\\\/pt-br\\\/\",\"name\":\"EFE Noticias\",\"description\":\"\",\"publisher\":{\"@id\":\"https:\\\/\\\/pre.efe.com\\\/pt-br\\\/#organization\"},\"potentialAction\":[{\"@type\":\"SearchAction\",\"target\":{\"@type\":\"EntryPoint\",\"urlTemplate\":\"https:\\\/\\\/pre.efe.com\\\/pt-br\\\/?s={search_term_string}\"},\"query-input\":{\"@type\":\"PropertyValueSpecification\",\"valueRequired\":true,\"valueName\":\"search_term_string\"}}],\"inLanguage\":\"pt-BR\"},{\"@type\":\"Organization\",\"@id\":\"https:\\\/\\\/pre.efe.com\\\/pt-br\\\/#organization\",\"name\":\"Agencia EFE\",\"url\":\"https:\\\/\\\/pre.efe.com\\\/pt-br\\\/\",\"logo\":{\"@type\":\"ImageObject\",\"inLanguage\":\"pt-BR\",\"@id\":\"https:\\\/\\\/pre.efe.com\\\/pt-br\\\/#\\\/schema\\\/logo\\\/image\\\/\",\"url\":\"https:\\\/\\\/pre.efe.com\\\/wp-content\\\/uploads\\\/2023\\\/06\\\/logo-efe-467.png\",\"contentUrl\":\"https:\\\/\\\/pre.efe.com\\\/wp-content\\\/uploads\\\/2023\\\/06\\\/logo-efe-467.png\",\"width\":467,\"height\":467,\"caption\":\"Agencia EFE\"},\"image\":{\"@id\":\"https:\\\/\\\/pre.efe.com\\\/pt-br\\\/#\\\/schema\\\/logo\\\/image\\\/\"},\"sameAs\":[\"https:\\\/\\\/www.facebook.com\\\/AgenciaEFEnoticias\\\/\",\"https:\\\/\\\/x.com\\\/efenoticias\",\"https:\\\/\\\/www.instagram.com\\\/efe_noticias\\\/\",\"http:\\\/\\\/www.youtube.com\\\/efe\"]},{\"@type\":\"Person\",\"@id\":\"https:\\\/\\\/pre.efe.com\\\/pt-br\\\/#\\\/schema\\\/person\\\/b19f23f210db552768f68a4b552b004f\",\"name\":\"anachain\",\"image\":{\"@type\":\"ImageObject\",\"inLanguage\":\"pt-BR\",\"@id\":\"https:\\\/\\\/secure.gravatar.com\\\/avatar\\\/30b83965911ef1108bb893c00bdd65c885f9890e1265ee04b02c3d5adc785d37?s=96&d=identicon&r=g\",\"url\":\"https:\\\/\\\/secure.gravatar.com\\\/avatar\\\/30b83965911ef1108bb893c00bdd65c885f9890e1265ee04b02c3d5adc785d37?s=96&d=identicon&r=g\",\"contentUrl\":\"https:\\\/\\\/secure.gravatar.com\\\/avatar\\\/30b83965911ef1108bb893c00bdd65c885f9890e1265ee04b02c3d5adc785d37?s=96&d=identicon&r=g\",\"caption\":\"anachain\"},\"url\":\"https:\\\/\\\/pre.efe.com\\\/pt-br\\\/autor\\\/anachain\\\/\"}]}<\/script>\n<!-- \/ Yoast SEO Premium plugin. -->","yoast_head_json":{"title":"Em mensagem de Natal, Biden pede fim da polariza\u00e7\u00e3o pol\u00edtica nos EUA - EFE","robots":{"index":"noindex","follow":"follow"},"og_locale":"pt_BR","og_type":"article","og_title":"Em mensagem de Natal, Biden pede fim da polariza\u00e7\u00e3o pol\u00edtica nos EUA - EFE","og_description":"Washington (EFE).- O presidente dos Estados Unidos, Joe Biden, disse nesta quinta-feira desejar que o pa\u00eds deixe para tr\u00e1s a polariza\u00e7\u00e3o pol\u00edtica e comece o ano de 2023 com um novo esp\u00edrito, marcado pela bondade. O chefe de Estado deu as declara\u00e7\u00f5es durante mensagem de Natal \u00e0 popula\u00e7\u00e3o americana, em pronunciamento feito a partir de ... Leia mais","og_url":"https:\/\/pre.efe.com\/pt-br\/mundo-2\/2022-12-23\/em-mensagem-de-natal-biden-pede-fim-da-polarizacao-politica-nos-eua\/","og_site_name":"EFE Noticias","article_publisher":"https:\/\/www.facebook.com\/AgenciaEFEnoticias\/","article_published_time":"2022-12-22T23:43:08+00:00","article_modified_time":"2022-12-22T23:43:10+00:00","og_image":[{"width":900,"height":600,"url":"https:\/\/i0.wp.com\/efe.com\/\/srv\/htdocs\/wp-content\/uploads\/2022\/12\/BIDEN-3.jpg?fit=900%2C600&ssl=1","type":"image\/jpeg"}],"author":"anachain","twitter_card":"summary_large_image","twitter_creator":"@efenoticias","twitter_site":"@efenoticias","schema":{"@context":"https:\/\/schema.org","@graph":[{"@type":"NewsArticle","@id":"https:\/\/pre.efe.com\/pt-br\/mundo-2\/2022-12-23\/em-mensagem-de-natal-biden-pede-fim-da-polarizacao-politica-nos-eua\/#article","isPartOf":{"@id":"https:\/\/pre.efe.com\/pt-br\/mundo-2\/2022-12-23\/em-mensagem-de-natal-biden-pede-fim-da-polarizacao-politica-nos-eua\/"},"author":{"name":"anachain","@id":"https:\/\/pre.efe.com\/pt-br\/#\/schema\/person\/b19f23f210db552768f68a4b552b004f"},"headline":"Em mensagem de Natal, Biden pede fim da polariza\u00e7\u00e3o pol\u00edtica nos EUA","datePublished":"2022-12-22T23:43:08+00:00","dateModified":"2022-12-22T23:43:10+00:00","mainEntityOfPage":{"@id":"https:\/\/pre.efe.com\/pt-br\/mundo-2\/2022-12-23\/em-mensagem-de-natal-biden-pede-fim-da-polarizacao-politica-nos-eua\/"},"wordCount":228,"publisher":{"@id":"https:\/\/pre.efe.com\/pt-br\/#organization"},"image":{"@id":"https:\/\/pre.efe.com\/pt-br\/mundo-2\/2022-12-23\/em-mensagem-de-natal-biden-pede-fim-da-polarizacao-politica-nos-eua\/#primaryimage"},"thumbnailUrl":"https:\/\/pre.efe.com\/wp-content\/uploads\/2022\/12\/BIDEN-3.jpg","keywords":["EUA","Natal"],"articleSection":["Mundo","Portada"],"inLanguage":"pt-BR","copyrightYear":"2022","copyrightHolder":{"@id":"https:\/\/pre.efe.com\/#organization"}},{"@type":["WebPage","ItemPage"],"@id":"https:\/\/pre.efe.com\/pt-br\/mundo-2\/2022-12-23\/em-mensagem-de-natal-biden-pede-fim-da-polarizacao-politica-nos-eua\/","url":"https:\/\/pre.efe.com\/pt-br\/mundo-2\/2022-12-23\/em-mensagem-de-natal-biden-pede-fim-da-polarizacao-politica-nos-eua\/","name":"Em mensagem de Natal, Biden pede fim da polariza\u00e7\u00e3o pol\u00edtica nos EUA - EFE","isPartOf":{"@id":"https:\/\/pre.efe.com\/pt-br\/#website"},"primaryImageOfPage":{"@id":"https:\/\/pre.efe.com\/pt-br\/mundo-2\/2022-12-23\/em-mensagem-de-natal-biden-pede-fim-da-polarizacao-politica-nos-eua\/#primaryimage"},"image":{"@id":"https:\/\/pre.efe.com\/pt-br\/mundo-2\/2022-12-23\/em-mensagem-de-natal-biden-pede-fim-da-polarizacao-politica-nos-eua\/#primaryimage"},"thumbnailUrl":"https:\/\/pre.efe.com\/wp-content\/uploads\/2022\/12\/BIDEN-3.jpg","datePublished":"2022-12-22T23:43:08+00:00","dateModified":"2022-12-22T23:43:10+00:00","breadcrumb":{"@id":"https:\/\/pre.efe.com\/pt-br\/mundo-2\/2022-12-23\/em-mensagem-de-natal-biden-pede-fim-da-polarizacao-politica-nos-eua\/#breadcrumb"},"inLanguage":"pt-BR","potentialAction":[{"@type":"ReadAction","target":["https:\/\/pre.efe.com\/pt-br\/mundo-2\/2022-12-23\/em-mensagem-de-natal-biden-pede-fim-da-polarizacao-politica-nos-eua\/"]}]},{"@type":"ImageObject","inLanguage":"pt-BR","@id":"https:\/\/pre.efe.com\/pt-br\/mundo-2\/2022-12-23\/em-mensagem-de-natal-biden-pede-fim-da-polarizacao-politica-nos-eua\/#primaryimage","url":"https:\/\/pre.efe.com\/wp-content\/uploads\/2022\/12\/BIDEN-3.jpg","contentUrl":"https:\/\/pre.efe.com\/wp-content\/uploads\/2022\/12\/BIDEN-3.jpg","width":900,"height":600,"caption":"EFE\/JIM LO SCALZO"},{"@type":"BreadcrumbList","@id":"https:\/\/pre.efe.com\/pt-br\/mundo-2\/2022-12-23\/em-mensagem-de-natal-biden-pede-fim-da-polarizacao-politica-nos-eua\/#breadcrumb","itemListElement":[{"@type":"ListItem","position":1,"name":"Portada","item":"https:\/\/pre.efe.com\/pt-br\/"},{"@type":"ListItem","position":2,"name":"Em mensagem de Natal, Biden pede fim da polariza\u00e7\u00e3o pol\u00edtica nos EUA"}]},{"@type":"WebSite","@id":"https:\/\/pre.efe.com\/pt-br\/#website","url":"https:\/\/pre.efe.com\/pt-br\/","name":"EFE Noticias","description":"","publisher":{"@id":"https:\/\/pre.efe.com\/pt-br\/#organization"},"potentialAction":[{"@type":"SearchAction","target":{"@type":"EntryPoint","urlTemplate":"https:\/\/pre.efe.com\/pt-br\/?s={search_term_string}"},"query-input":{"@type":"PropertyValueSpecification","valueRequired":true,"valueName":"search_term_string"}}],"inLanguage":"pt-BR"},{"@type":"Organization","@id":"https:\/\/pre.efe.com\/pt-br\/#organization","name":"Agencia EFE","url":"https:\/\/pre.efe.com\/pt-br\/","logo":{"@type":"ImageObject","inLanguage":"pt-BR","@id":"https:\/\/pre.efe.com\/pt-br\/#\/schema\/logo\/image\/","url":"https:\/\/pre.efe.com\/wp-content\/uploads\/2023\/06\/logo-efe-467.png","contentUrl":"https:\/\/pre.efe.com\/wp-content\/uploads\/2023\/06\/logo-efe-467.png","width":467,"height":467,"caption":"Agencia EFE"},"image":{"@id":"https:\/\/pre.efe.com\/pt-br\/#\/schema\/logo\/image\/"},"sameAs":["https:\/\/www.facebook.com\/AgenciaEFEnoticias\/","https:\/\/x.com\/efenoticias","https:\/\/www.instagram.com\/efe_noticias\/","http:\/\/www.youtube.com\/efe"]},{"@type":"Person","@id":"https:\/\/pre.efe.com\/pt-br\/#\/schema\/person\/b19f23f210db552768f68a4b552b004f","name":"anachain","image":{"@type":"ImageObject","inLanguage":"pt-BR","@id":"https:\/\/secure.gravatar.com\/avatar\/30b83965911ef1108bb893c00bdd65c885f9890e1265ee04b02c3d5adc785d37?s=96&d=identicon&r=g","url":"https:\/\/secure.gravatar.com\/avatar\/30b83965911ef1108bb893c00bdd65c885f9890e1265ee04b02c3d5adc785d37?s=96&d=identicon&r=g","contentUrl":"https:\/\/secure.gravatar.com\/avatar\/30b83965911ef1108bb893c00bdd65c885f9890e1265ee04b02c3d5adc785d37?s=96&d=identicon&r=g","caption":"anachain"},"url":"https:\/\/pre.efe.com\/pt-br\/autor\/anachain\/"}]}},"jetpack_featured_media_url":"https:\/\/pre.efe.com\/wp-content\/uploads\/2022\/12\/BIDEN-3.jpg","jetpack_shortlink":"https:\/\/wp.me\/peJvHm-UYe","jetpack_sharing_enabled":true,"_links":{"self":[{"href":"https:\/\/pre.efe.com\/pt-br\/wp-json\/wp\/v2\/posts\/218998","targetHints":{"allow":["GET"]}}],"collection":[{"href":"https:\/\/pre.efe.com\/pt-br\/wp-json\/wp\/v2\/posts"}],"about":[{"href":"https:\/\/pre.efe.com\/pt-br\/wp-json\/wp\/v2\/types\/post"}],"author":[{"embeddable":true,"href":"https:\/\/pre.efe.com\/pt-br\/wp-json\/wp\/v2\/users\/198164106"}],"replies":[{"embeddable":true,"href":"https:\/\/pre.efe.com\/pt-br\/wp-json\/wp\/v2\/comments?post=218998"}],"version-history":[{"count":2,"href":"https:\/\/pre.efe.com\/pt-br\/wp-json\/wp\/v2\/posts\/218998\/revisions"}],"predecessor-version":[{"id":219003,"href":"https:\/\/pre.efe.com\/pt-br\/wp-json\/wp\/v2\/posts\/218998\/revisions\/219003"}],"wp:featuredmedia":[{"embeddable":true,"href":"https:\/\/pre.efe.com\/pt-br\/wp-json\/wp\/v2\/media\/219000"}],"wp:attachment":[{"href":"https:\/\/pre.efe.com\/pt-br\/wp-json\/wp\/v2\/media?parent=218998"}],"wp:term":[{"taxonomy":"category","embeddable":true,"href":"https:\/\/pre.efe.com\/pt-br\/wp-json\/wp\/v2\/categories?post=218998"},{"taxonomy":"post_tag","embeddable":true,"href":"https:\/\/pre.efe.com\/pt-br\/wp-json\/wp\/v2\/tags?post=218998"}],"curies":[{"name":"wp","href":"https:\/\/api.w.org\/{rel}","templated":true}]}}