{"id":2191073,"date":"2025-09-04T13:15:00","date_gmt":"2025-09-04T11:15:00","guid":{"rendered":"https:\/\/pre.efe.com\/?p=2191073"},"modified":"2025-10-02T20:55:51","modified_gmt":"2025-10-02T18:55:51","slug":"presidente-da-efe-pede-que-discursos-climaticos-se-conectem-com-sentimento-dos-cidadaos","status":"publish","type":"post","link":"https:\/\/pre.efe.com\/pt-br\/brasil\/2025-09-04\/presidente-da-efe-pede-que-discursos-climaticos-se-conectem-com-sentimento-dos-cidadaos\/","title":{"rendered":"Presidente da EFE pede que discursos clim\u00e1ticos se conectem com &#8220;sentimento dos cidad\u00e3os&#8221;"},"content":{"rendered":"\n<p>S\u00e3o Paulo (EFE).- O presidente da Ag\u00eancia EFE, Miguel \u00c1ngel Oliver, ressaltou nesta quinta-feira a import\u00e2ncia de que os discursos clim\u00e1ticos se conectem e compreendam as emo\u00e7\u00f5es da sociedade, durante a abertura do III F\u00f3rum Latino-Americano de Economia Verde (FLEV), organizado pela Ag\u00eancia EFE em S\u00e3o Paulo.<\/p>\n\n\n\n<p>Segundo Oliver, o pulso emocional da popula\u00e7\u00e3o \u00e9 uma &#8220;vari\u00e1vel ausente nas mesas de negocia\u00e7\u00e3o&#8221;, assim como nos discursos entoados pela classe pol\u00edtica e pela imprensa, e essa quest\u00e3o pode atuar como um &#8220;interruptor silencioso&#8221; que poderia ativar ou paralisar a a\u00e7\u00e3o clim\u00e1tica.<\/p>\n\n\n\n<p>Para sustentar a ideia, ele citou um estudo recente das consultoras Latam Intersect PR e Delta Analytics, que descobriram que as emo\u00e7\u00f5es coletivas em torno da crise clim\u00e1tica est\u00e3o geograficamente fragmentadas, ap\u00f3s analisarem mais de 1 bilh\u00e3o de intera\u00e7\u00f5es digitais na Am\u00e9rica Latina.<\/p>\n\n\n\n<p>Por exemplo, o Brasil, que em novembro sediar\u00e1 a Confer\u00eancia das Na\u00e7\u00f5es Unidas sobre Mudan\u00e7as Clim\u00e1ticas (COP30), abriga esperan\u00e7a, enquanto no M\u00e9xico predomina o medo sobre essa crise.<\/p>\n\n\n\n<p>&#8220;Esses padr\u00f5es exp\u00f5em uma verdade inc\u00f4moda: os discursos oficiais sobre o clima est\u00e3o, em muitas ocasi\u00f5es, desconectados do sentimento dos cidad\u00e3os, e isso cria uma desafei\u00e7\u00e3o perigosa&#8221;, declarou o presidente da ag\u00eancia de not\u00edcias durante seu discurso no FLEV.<\/p>\n\n\n\n<p>Oliver destacou que a dissemina\u00e7\u00e3o de informa\u00e7\u00f5es falsas &#8220;continua a todo vapor&#8221; tamb\u00e9m na quest\u00e3o clim\u00e1tica, e por isso encorajou os participantes do f\u00f3rum a continuar trabalhando para garantir um espa\u00e7o p\u00fablico digital seguro e informativo para a popula\u00e7\u00e3o.<\/p>\n\n\n\n<p>Da mesma forma, o presidente da ag\u00eancia comemorou que o FLEV, organizado pela EFE, seja realizado na antessala da COP30, o que permitir\u00e1 que se transforme em um espa\u00e7o de encontro que propicie &#8220;passar para a a\u00e7\u00e3o&#8221;, &#8220;colocando em pr\u00e1tica as estrat\u00e9gias e compromissos para acelerar a transi\u00e7\u00e3o em dire\u00e7\u00e3o \u00e0s energias limpas e renov\u00e1veis&#8221;.<\/p>\n\n\n\n<p>&#8220;As pol\u00edticas clim\u00e1ticas bem elaboradas n\u00e3o apenas mitigar\u00e3o os impactos do clima, mas tamb\u00e9m gerar\u00e3o crescimento econ\u00f4mico, emprego e reduzir\u00e3o a pobreza&#8221;, previu.<\/p>\n\n\n\n<p>O FLEV \u00e9 um espa\u00e7o de debate sobre transi\u00e7\u00e3o energ\u00e9tica e desenvolvimento sustent\u00e1vel que, nesta terceira edi\u00e7\u00e3o, conta com o patroc\u00ednio de ApexBrasil, Norte Energia e Lots Group, al\u00e9m do apoio de Imaflora, Observat\u00f3rio do Clima e IBMEC, em cujo audit\u00f3rio o evento \u00e9 realizado. EFE<\/p>\n","protected":false},"excerpt":{"rendered":"<p>S\u00e3o Paulo (EFE).- O presidente da Ag\u00eancia EFE, Miguel \u00c1ngel Oliver, ressaltou nesta quinta-feira a import\u00e2ncia de que os discursos clim\u00e1ticos se conectem e compreendam as emo\u00e7\u00f5es da sociedade, durante a abertura do III F\u00f3rum Latino-Americano de Economia Verde (FLEV), organizado pela Ag\u00eancia EFE em S\u00e3o Paulo. Segundo Oliver, o pulso emocional da popula\u00e7\u00e3o \u00e9 &#8230; <a title=\"Presidente da EFE pede que discursos clim\u00e1ticos se conectem com &#8220;sentimento dos cidad\u00e3os&#8221;\" class=\"read-more\" href=\"https:\/\/pre.efe.com\/pt-br\/brasil\/2025-09-04\/presidente-da-efe-pede-que-discursos-climaticos-se-conectem-com-sentimento-dos-cidadaos\/\" aria-label=\"Read more about Presidente da EFE pede que discursos clim\u00e1ticos se conectem com &#8220;sentimento dos cidad\u00e3os&#8221;\">Leia mais<\/a><\/p>\n","protected":false},"author":198164106,"featured_media":2191111,"comment_status":"closed","ping_status":"closed","sticky":false,"template":"","format":"standard","meta":{"_acf_changed":false,"_jetpack_memberships_contains_paid_content":false,"footnotes":""},"categories":[123513,122144,122141],"tags":[123236,123239,124952],"class_list":["post-2191073","post","type-post","status-publish","format-standard","has-post-thumbnail","hentry","category-brasil","category-outras-noticias","category-portada","tag-crise-climatica","tag-economia-2","tag-meio-ambiente","generate-columns","tablet-grid-50","mobile-grid-100","grid-parent","grid-50"],"acf":[],"yoast_head":"<!-- This site is optimized with the Yoast SEO Premium plugin v26.0 (Yoast SEO v27.4) - https:\/\/yoast.com\/product\/yoast-seo-premium-wordpress\/ -->\n<title>Presidente da EFE pede que discursos clim\u00e1ticos se conectem com &quot;sentimento dos cidad\u00e3os&quot; - EFE<\/title>\n<meta name=\"robots\" content=\"noindex, follow\" \/>\n<meta property=\"og:locale\" content=\"pt_BR\" \/>\n<meta property=\"og:type\" content=\"article\" \/>\n<meta property=\"og:title\" content=\"Presidente da EFE pede que discursos clim\u00e1ticos se conectem com &quot;sentimento dos cidad\u00e3os&quot; - EFE\" \/>\n<meta property=\"og:description\" content=\"S\u00e3o Paulo (EFE).- O presidente da Ag\u00eancia EFE, Miguel \u00c1ngel Oliver, ressaltou nesta quinta-feira a import\u00e2ncia de que os discursos clim\u00e1ticos se conectem e compreendam as emo\u00e7\u00f5es da sociedade, durante a abertura do III F\u00f3rum Latino-Americano de Economia Verde (FLEV), organizado pela Ag\u00eancia EFE em S\u00e3o Paulo. Segundo Oliver, o pulso emocional da popula\u00e7\u00e3o \u00e9 ... Leia mais\" \/>\n<meta property=\"og:url\" content=\"https:\/\/pre.efe.com\/pt-br\/brasil\/2025-09-04\/presidente-da-efe-pede-que-discursos-climaticos-se-conectem-com-sentimento-dos-cidadaos\/\" \/>\n<meta property=\"og:site_name\" content=\"EFE Noticias\" \/>\n<meta property=\"article:publisher\" content=\"https:\/\/www.facebook.com\/AgenciaEFEnoticias\/\" \/>\n<meta property=\"article:published_time\" content=\"2025-09-04T11:15:00+00:00\" \/>\n<meta property=\"article:modified_time\" content=\"2025-10-02T18:55:51+00:00\" \/>\n<meta property=\"og:image\" content=\"https:\/\/pre.efe.com\/wp-content\/uploads\/2025\/10\/dda49b6051b3e831a4838ac58565a3962daa53cd-1536x1024-1.webp\" \/>\n\t<meta property=\"og:image:width\" content=\"1536\" \/>\n\t<meta property=\"og:image:height\" content=\"1024\" \/>\n\t<meta property=\"og:image:type\" content=\"image\/webp\" \/>\n<meta name=\"author\" content=\"anachain\" \/>\n<meta name=\"twitter:card\" content=\"summary_large_image\" \/>\n<meta name=\"twitter:creator\" content=\"@efenoticias\" \/>\n<meta name=\"twitter:site\" content=\"@efenoticias\" \/>\n<script type=\"application\/ld+json\" class=\"yoast-schema-graph\">{\"@context\":\"https:\\\/\\\/schema.org\",\"@graph\":[{\"@type\":\"NewsArticle\",\"@id\":\"https:\\\/\\\/pre.efe.com\\\/pt-br\\\/brasil\\\/2025-09-04\\\/presidente-da-efe-pede-que-discursos-climaticos-se-conectem-com-sentimento-dos-cidadaos\\\/#article\",\"isPartOf\":{\"@id\":\"https:\\\/\\\/pre.efe.com\\\/pt-br\\\/brasil\\\/2025-09-04\\\/presidente-da-efe-pede-que-discursos-climaticos-se-conectem-com-sentimento-dos-cidadaos\\\/\"},\"author\":{\"name\":\"anachain\",\"@id\":\"https:\\\/\\\/pre.efe.com\\\/pt-br\\\/#\\\/schema\\\/person\\\/b19f23f210db552768f68a4b552b004f\"},\"headline\":\"Presidente da EFE pede que discursos clim\u00e1ticos se conectem com &#8220;sentimento dos cidad\u00e3os&#8221;\",\"datePublished\":\"2025-09-04T11:15:00+00:00\",\"dateModified\":\"2025-10-02T18:55:51+00:00\",\"mainEntityOfPage\":{\"@id\":\"https:\\\/\\\/pre.efe.com\\\/pt-br\\\/brasil\\\/2025-09-04\\\/presidente-da-efe-pede-que-discursos-climaticos-se-conectem-com-sentimento-dos-cidadaos\\\/\"},\"wordCount\":446,\"publisher\":{\"@id\":\"https:\\\/\\\/pre.efe.com\\\/pt-br\\\/#organization\"},\"image\":{\"@id\":\"https:\\\/\\\/pre.efe.com\\\/pt-br\\\/brasil\\\/2025-09-04\\\/presidente-da-efe-pede-que-discursos-climaticos-se-conectem-com-sentimento-dos-cidadaos\\\/#primaryimage\"},\"thumbnailUrl\":\"https:\\\/\\\/pre.efe.com\\\/wp-content\\\/uploads\\\/2025\\\/10\\\/dda49b6051b3e831a4838ac58565a3962daa53cd-1536x1024-1.webp\",\"keywords\":[\"Crise climatica\",\"Economia\",\"Meio ambiente\"],\"articleSection\":[\"Brasil\",\"Outras not\u00edcias\",\"Portada\"],\"inLanguage\":\"pt-BR\",\"copyrightYear\":\"2025\",\"copyrightHolder\":{\"@id\":\"https:\\\/\\\/pre.efe.com\\\/#organization\"}},{\"@type\":[\"WebPage\",\"ItemPage\"],\"@id\":\"https:\\\/\\\/pre.efe.com\\\/pt-br\\\/brasil\\\/2025-09-04\\\/presidente-da-efe-pede-que-discursos-climaticos-se-conectem-com-sentimento-dos-cidadaos\\\/\",\"url\":\"https:\\\/\\\/pre.efe.com\\\/pt-br\\\/brasil\\\/2025-09-04\\\/presidente-da-efe-pede-que-discursos-climaticos-se-conectem-com-sentimento-dos-cidadaos\\\/\",\"name\":\"Presidente da EFE pede que discursos clim\u00e1ticos se conectem com \\\"sentimento dos cidad\u00e3os\\\" - EFE\",\"isPartOf\":{\"@id\":\"https:\\\/\\\/pre.efe.com\\\/pt-br\\\/#website\"},\"primaryImageOfPage\":{\"@id\":\"https:\\\/\\\/pre.efe.com\\\/pt-br\\\/brasil\\\/2025-09-04\\\/presidente-da-efe-pede-que-discursos-climaticos-se-conectem-com-sentimento-dos-cidadaos\\\/#primaryimage\"},\"image\":{\"@id\":\"https:\\\/\\\/pre.efe.com\\\/pt-br\\\/brasil\\\/2025-09-04\\\/presidente-da-efe-pede-que-discursos-climaticos-se-conectem-com-sentimento-dos-cidadaos\\\/#primaryimage\"},\"thumbnailUrl\":\"https:\\\/\\\/pre.efe.com\\\/wp-content\\\/uploads\\\/2025\\\/10\\\/dda49b6051b3e831a4838ac58565a3962daa53cd-1536x1024-1.webp\",\"datePublished\":\"2025-09-04T11:15:00+00:00\",\"dateModified\":\"2025-10-02T18:55:51+00:00\",\"breadcrumb\":{\"@id\":\"https:\\\/\\\/pre.efe.com\\\/pt-br\\\/brasil\\\/2025-09-04\\\/presidente-da-efe-pede-que-discursos-climaticos-se-conectem-com-sentimento-dos-cidadaos\\\/#breadcrumb\"},\"inLanguage\":\"pt-BR\",\"potentialAction\":[{\"@type\":\"ReadAction\",\"target\":[\"https:\\\/\\\/pre.efe.com\\\/pt-br\\\/brasil\\\/2025-09-04\\\/presidente-da-efe-pede-que-discursos-climaticos-se-conectem-com-sentimento-dos-cidadaos\\\/\"]}]},{\"@type\":\"ImageObject\",\"inLanguage\":\"pt-BR\",\"@id\":\"https:\\\/\\\/pre.efe.com\\\/pt-br\\\/brasil\\\/2025-09-04\\\/presidente-da-efe-pede-que-discursos-climaticos-se-conectem-com-sentimento-dos-cidadaos\\\/#primaryimage\",\"url\":\"https:\\\/\\\/pre.efe.com\\\/wp-content\\\/uploads\\\/2025\\\/10\\\/dda49b6051b3e831a4838ac58565a3962daa53cd-1536x1024-1.webp\",\"contentUrl\":\"https:\\\/\\\/pre.efe.com\\\/wp-content\\\/uploads\\\/2025\\\/10\\\/dda49b6051b3e831a4838ac58565a3962daa53cd-1536x1024-1.webp\",\"width\":1536,\"height\":1024},{\"@type\":\"BreadcrumbList\",\"@id\":\"https:\\\/\\\/pre.efe.com\\\/pt-br\\\/brasil\\\/2025-09-04\\\/presidente-da-efe-pede-que-discursos-climaticos-se-conectem-com-sentimento-dos-cidadaos\\\/#breadcrumb\",\"itemListElement\":[{\"@type\":\"ListItem\",\"position\":1,\"name\":\"Portada\",\"item\":\"https:\\\/\\\/pre.efe.com\\\/pt-br\\\/\"},{\"@type\":\"ListItem\",\"position\":2,\"name\":\"Presidente da EFE pede que discursos clim\u00e1ticos se conectem com \u00absentimento dos cidad\u00e3os\u00bb\"}]},{\"@type\":\"WebSite\",\"@id\":\"https:\\\/\\\/pre.efe.com\\\/pt-br\\\/#website\",\"url\":\"https:\\\/\\\/pre.efe.com\\\/pt-br\\\/\",\"name\":\"EFE Noticias\",\"description\":\"\",\"publisher\":{\"@id\":\"https:\\\/\\\/pre.efe.com\\\/pt-br\\\/#organization\"},\"potentialAction\":[{\"@type\":\"SearchAction\",\"target\":{\"@type\":\"EntryPoint\",\"urlTemplate\":\"https:\\\/\\\/pre.efe.com\\\/pt-br\\\/?s={search_term_string}\"},\"query-input\":{\"@type\":\"PropertyValueSpecification\",\"valueRequired\":true,\"valueName\":\"search_term_string\"}}],\"inLanguage\":\"pt-BR\"},{\"@type\":\"Organization\",\"@id\":\"https:\\\/\\\/pre.efe.com\\\/pt-br\\\/#organization\",\"name\":\"Agencia EFE\",\"url\":\"https:\\\/\\\/pre.efe.com\\\/pt-br\\\/\",\"logo\":{\"@type\":\"ImageObject\",\"inLanguage\":\"pt-BR\",\"@id\":\"https:\\\/\\\/pre.efe.com\\\/pt-br\\\/#\\\/schema\\\/logo\\\/image\\\/\",\"url\":\"https:\\\/\\\/pre.efe.com\\\/wp-content\\\/uploads\\\/2023\\\/06\\\/logo-efe-467.png\",\"contentUrl\":\"https:\\\/\\\/pre.efe.com\\\/wp-content\\\/uploads\\\/2023\\\/06\\\/logo-efe-467.png\",\"width\":467,\"height\":467,\"caption\":\"Agencia EFE\"},\"image\":{\"@id\":\"https:\\\/\\\/pre.efe.com\\\/pt-br\\\/#\\\/schema\\\/logo\\\/image\\\/\"},\"sameAs\":[\"https:\\\/\\\/www.facebook.com\\\/AgenciaEFEnoticias\\\/\",\"https:\\\/\\\/x.com\\\/efenoticias\",\"https:\\\/\\\/www.instagram.com\\\/efe_noticias\\\/\",\"http:\\\/\\\/www.youtube.com\\\/efe\"]},{\"@type\":\"Person\",\"@id\":\"https:\\\/\\\/pre.efe.com\\\/pt-br\\\/#\\\/schema\\\/person\\\/b19f23f210db552768f68a4b552b004f\",\"name\":\"anachain\",\"image\":{\"@type\":\"ImageObject\",\"inLanguage\":\"pt-BR\",\"@id\":\"https:\\\/\\\/secure.gravatar.com\\\/avatar\\\/30b83965911ef1108bb893c00bdd65c885f9890e1265ee04b02c3d5adc785d37?s=96&d=identicon&r=g\",\"url\":\"https:\\\/\\\/secure.gravatar.com\\\/avatar\\\/30b83965911ef1108bb893c00bdd65c885f9890e1265ee04b02c3d5adc785d37?s=96&d=identicon&r=g\",\"contentUrl\":\"https:\\\/\\\/secure.gravatar.com\\\/avatar\\\/30b83965911ef1108bb893c00bdd65c885f9890e1265ee04b02c3d5adc785d37?s=96&d=identicon&r=g\",\"caption\":\"anachain\"},\"url\":\"https:\\\/\\\/pre.efe.com\\\/pt-br\\\/autor\\\/anachain\\\/\"}]}<\/script>\n<!-- \/ Yoast SEO Premium plugin. -->","yoast_head_json":{"title":"Presidente da EFE pede que discursos clim\u00e1ticos se conectem com \"sentimento dos cidad\u00e3os\" - EFE","robots":{"index":"noindex","follow":"follow"},"og_locale":"pt_BR","og_type":"article","og_title":"Presidente da EFE pede que discursos clim\u00e1ticos se conectem com \"sentimento dos cidad\u00e3os\" - EFE","og_description":"S\u00e3o Paulo (EFE).- O presidente da Ag\u00eancia EFE, Miguel \u00c1ngel Oliver, ressaltou nesta quinta-feira a import\u00e2ncia de que os discursos clim\u00e1ticos se conectem e compreendam as emo\u00e7\u00f5es da sociedade, durante a abertura do III F\u00f3rum Latino-Americano de Economia Verde (FLEV), organizado pela Ag\u00eancia EFE em S\u00e3o Paulo. Segundo Oliver, o pulso emocional da popula\u00e7\u00e3o \u00e9 ... Leia mais","og_url":"https:\/\/pre.efe.com\/pt-br\/brasil\/2025-09-04\/presidente-da-efe-pede-que-discursos-climaticos-se-conectem-com-sentimento-dos-cidadaos\/","og_site_name":"EFE Noticias","article_publisher":"https:\/\/www.facebook.com\/AgenciaEFEnoticias\/","article_published_time":"2025-09-04T11:15:00+00:00","article_modified_time":"2025-10-02T18:55:51+00:00","og_image":[{"width":1536,"height":1024,"url":"https:\/\/pre.efe.com\/wp-content\/uploads\/2025\/10\/dda49b6051b3e831a4838ac58565a3962daa53cd-1536x1024-1.webp","type":"image\/webp"}],"author":"anachain","twitter_card":"summary_large_image","twitter_creator":"@efenoticias","twitter_site":"@efenoticias","schema":{"@context":"https:\/\/schema.org","@graph":[{"@type":"NewsArticle","@id":"https:\/\/pre.efe.com\/pt-br\/brasil\/2025-09-04\/presidente-da-efe-pede-que-discursos-climaticos-se-conectem-com-sentimento-dos-cidadaos\/#article","isPartOf":{"@id":"https:\/\/pre.efe.com\/pt-br\/brasil\/2025-09-04\/presidente-da-efe-pede-que-discursos-climaticos-se-conectem-com-sentimento-dos-cidadaos\/"},"author":{"name":"anachain","@id":"https:\/\/pre.efe.com\/pt-br\/#\/schema\/person\/b19f23f210db552768f68a4b552b004f"},"headline":"Presidente da EFE pede que discursos clim\u00e1ticos se conectem com &#8220;sentimento dos cidad\u00e3os&#8221;","datePublished":"2025-09-04T11:15:00+00:00","dateModified":"2025-10-02T18:55:51+00:00","mainEntityOfPage":{"@id":"https:\/\/pre.efe.com\/pt-br\/brasil\/2025-09-04\/presidente-da-efe-pede-que-discursos-climaticos-se-conectem-com-sentimento-dos-cidadaos\/"},"wordCount":446,"publisher":{"@id":"https:\/\/pre.efe.com\/pt-br\/#organization"},"image":{"@id":"https:\/\/pre.efe.com\/pt-br\/brasil\/2025-09-04\/presidente-da-efe-pede-que-discursos-climaticos-se-conectem-com-sentimento-dos-cidadaos\/#primaryimage"},"thumbnailUrl":"https:\/\/pre.efe.com\/wp-content\/uploads\/2025\/10\/dda49b6051b3e831a4838ac58565a3962daa53cd-1536x1024-1.webp","keywords":["Crise climatica","Economia","Meio ambiente"],"articleSection":["Brasil","Outras not\u00edcias","Portada"],"inLanguage":"pt-BR","copyrightYear":"2025","copyrightHolder":{"@id":"https:\/\/pre.efe.com\/#organization"}},{"@type":["WebPage","ItemPage"],"@id":"https:\/\/pre.efe.com\/pt-br\/brasil\/2025-09-04\/presidente-da-efe-pede-que-discursos-climaticos-se-conectem-com-sentimento-dos-cidadaos\/","url":"https:\/\/pre.efe.com\/pt-br\/brasil\/2025-09-04\/presidente-da-efe-pede-que-discursos-climaticos-se-conectem-com-sentimento-dos-cidadaos\/","name":"Presidente da EFE pede que discursos clim\u00e1ticos se conectem com \"sentimento dos cidad\u00e3os\" - EFE","isPartOf":{"@id":"https:\/\/pre.efe.com\/pt-br\/#website"},"primaryImageOfPage":{"@id":"https:\/\/pre.efe.com\/pt-br\/brasil\/2025-09-04\/presidente-da-efe-pede-que-discursos-climaticos-se-conectem-com-sentimento-dos-cidadaos\/#primaryimage"},"image":{"@id":"https:\/\/pre.efe.com\/pt-br\/brasil\/2025-09-04\/presidente-da-efe-pede-que-discursos-climaticos-se-conectem-com-sentimento-dos-cidadaos\/#primaryimage"},"thumbnailUrl":"https:\/\/pre.efe.com\/wp-content\/uploads\/2025\/10\/dda49b6051b3e831a4838ac58565a3962daa53cd-1536x1024-1.webp","datePublished":"2025-09-04T11:15:00+00:00","dateModified":"2025-10-02T18:55:51+00:00","breadcrumb":{"@id":"https:\/\/pre.efe.com\/pt-br\/brasil\/2025-09-04\/presidente-da-efe-pede-que-discursos-climaticos-se-conectem-com-sentimento-dos-cidadaos\/#breadcrumb"},"inLanguage":"pt-BR","potentialAction":[{"@type":"ReadAction","target":["https:\/\/pre.efe.com\/pt-br\/brasil\/2025-09-04\/presidente-da-efe-pede-que-discursos-climaticos-se-conectem-com-sentimento-dos-cidadaos\/"]}]},{"@type":"ImageObject","inLanguage":"pt-BR","@id":"https:\/\/pre.efe.com\/pt-br\/brasil\/2025-09-04\/presidente-da-efe-pede-que-discursos-climaticos-se-conectem-com-sentimento-dos-cidadaos\/#primaryimage","url":"https:\/\/pre.efe.com\/wp-content\/uploads\/2025\/10\/dda49b6051b3e831a4838ac58565a3962daa53cd-1536x1024-1.webp","contentUrl":"https:\/\/pre.efe.com\/wp-content\/uploads\/2025\/10\/dda49b6051b3e831a4838ac58565a3962daa53cd-1536x1024-1.webp","width":1536,"height":1024},{"@type":"BreadcrumbList","@id":"https:\/\/pre.efe.com\/pt-br\/brasil\/2025-09-04\/presidente-da-efe-pede-que-discursos-climaticos-se-conectem-com-sentimento-dos-cidadaos\/#breadcrumb","itemListElement":[{"@type":"ListItem","position":1,"name":"Portada","item":"https:\/\/pre.efe.com\/pt-br\/"},{"@type":"ListItem","position":2,"name":"Presidente da EFE pede que discursos clim\u00e1ticos se conectem com \u00absentimento dos cidad\u00e3os\u00bb"}]},{"@type":"WebSite","@id":"https:\/\/pre.efe.com\/pt-br\/#website","url":"https:\/\/pre.efe.com\/pt-br\/","name":"EFE Noticias","description":"","publisher":{"@id":"https:\/\/pre.efe.com\/pt-br\/#organization"},"potentialAction":[{"@type":"SearchAction","target":{"@type":"EntryPoint","urlTemplate":"https:\/\/pre.efe.com\/pt-br\/?s={search_term_string}"},"query-input":{"@type":"PropertyValueSpecification","valueRequired":true,"valueName":"search_term_string"}}],"inLanguage":"pt-BR"},{"@type":"Organization","@id":"https:\/\/pre.efe.com\/pt-br\/#organization","name":"Agencia EFE","url":"https:\/\/pre.efe.com\/pt-br\/","logo":{"@type":"ImageObject","inLanguage":"pt-BR","@id":"https:\/\/pre.efe.com\/pt-br\/#\/schema\/logo\/image\/","url":"https:\/\/pre.efe.com\/wp-content\/uploads\/2023\/06\/logo-efe-467.png","contentUrl":"https:\/\/pre.efe.com\/wp-content\/uploads\/2023\/06\/logo-efe-467.png","width":467,"height":467,"caption":"Agencia EFE"},"image":{"@id":"https:\/\/pre.efe.com\/pt-br\/#\/schema\/logo\/image\/"},"sameAs":["https:\/\/www.facebook.com\/AgenciaEFEnoticias\/","https:\/\/x.com\/efenoticias","https:\/\/www.instagram.com\/efe_noticias\/","http:\/\/www.youtube.com\/efe"]},{"@type":"Person","@id":"https:\/\/pre.efe.com\/pt-br\/#\/schema\/person\/b19f23f210db552768f68a4b552b004f","name":"anachain","image":{"@type":"ImageObject","inLanguage":"pt-BR","@id":"https:\/\/secure.gravatar.com\/avatar\/30b83965911ef1108bb893c00bdd65c885f9890e1265ee04b02c3d5adc785d37?s=96&d=identicon&r=g","url":"https:\/\/secure.gravatar.com\/avatar\/30b83965911ef1108bb893c00bdd65c885f9890e1265ee04b02c3d5adc785d37?s=96&d=identicon&r=g","contentUrl":"https:\/\/secure.gravatar.com\/avatar\/30b83965911ef1108bb893c00bdd65c885f9890e1265ee04b02c3d5adc785d37?s=96&d=identicon&r=g","caption":"anachain"},"url":"https:\/\/pre.efe.com\/pt-br\/autor\/anachain\/"}]}},"jetpack_featured_media_url":"https:\/\/pre.efe.com\/wp-content\/uploads\/2025\/10\/dda49b6051b3e831a4838ac58565a3962daa53cd-1536x1024-1.webp","jetpack_shortlink":"https:\/\/wp.me\/peJvHm-9bZT","jetpack_sharing_enabled":true,"_links":{"self":[{"href":"https:\/\/pre.efe.com\/pt-br\/wp-json\/wp\/v2\/posts\/2191073","targetHints":{"allow":["GET"]}}],"collection":[{"href":"https:\/\/pre.efe.com\/pt-br\/wp-json\/wp\/v2\/posts"}],"about":[{"href":"https:\/\/pre.efe.com\/pt-br\/wp-json\/wp\/v2\/types\/post"}],"author":[{"embeddable":true,"href":"https:\/\/pre.efe.com\/pt-br\/wp-json\/wp\/v2\/users\/198164106"}],"replies":[{"embeddable":true,"href":"https:\/\/pre.efe.com\/pt-br\/wp-json\/wp\/v2\/comments?post=2191073"}],"version-history":[{"count":2,"href":"https:\/\/pre.efe.com\/pt-br\/wp-json\/wp\/v2\/posts\/2191073\/revisions"}],"predecessor-version":[{"id":2191114,"href":"https:\/\/pre.efe.com\/pt-br\/wp-json\/wp\/v2\/posts\/2191073\/revisions\/2191114"}],"wp:featuredmedia":[{"embeddable":true,"href":"https:\/\/pre.efe.com\/pt-br\/wp-json\/wp\/v2\/media\/2191111"}],"wp:attachment":[{"href":"https:\/\/pre.efe.com\/pt-br\/wp-json\/wp\/v2\/media?parent=2191073"}],"wp:term":[{"taxonomy":"category","embeddable":true,"href":"https:\/\/pre.efe.com\/pt-br\/wp-json\/wp\/v2\/categories?post=2191073"},{"taxonomy":"post_tag","embeddable":true,"href":"https:\/\/pre.efe.com\/pt-br\/wp-json\/wp\/v2\/tags?post=2191073"}],"curies":[{"name":"wp","href":"https:\/\/api.w.org\/{rel}","templated":true}]}}