{"id":2193611,"date":"2025-09-04T14:59:00","date_gmt":"2025-09-04T12:59:00","guid":{"rendered":"https:\/\/pre.efe.com\/?p=2193611"},"modified":"2025-10-03T18:11:47","modified_gmt":"2025-10-03T16:11:47","slug":"lots-diz-que-transporte-de-mercadorias-com-biocombustiveis-ja-e-competitivo","status":"publish","type":"post","link":"https:\/\/pre.efe.com\/pt-br\/brasil\/2025-09-04\/lots-diz-que-transporte-de-mercadorias-com-biocombustiveis-ja-e-competitivo\/","title":{"rendered":"LOTS diz que transporte de mercadorias com biocombust\u00edveis j\u00e1 \u00e9 competitivo"},"content":{"rendered":"\n<p>S\u00e3o Paulo (EFE).- CEO da LOTS Group para a Am\u00e9rica Latina, Edson Guimar\u00e3es, afirmou nesta quinta-feira, em S\u00e3o Paulo, que o transporte de mercadorias com biocombust\u00edveis j\u00e1 \u00e9 t\u00e3o barato quanto com diesel, embora tenha apontado o problema da inefici\u00eancia na log\u00edstica do Brasil.<\/p>\n\n\n\n<blockquote class=\"wp-block-quote is-layout-flow wp-block-quote-is-layout-flow\">\n<p>\u201cJ\u00e1 \u00e9 poss\u00edvel ter uma log\u00edstica \u2018verde\u2019 com custos semelhantes aos do diesel\u201d, afirmou o executivo dessa empresa de solu\u00e7\u00f5es log\u00edsticas, um dos participantes do III F\u00f3rum Latino-Americano de Economia Verde (FLEV), que \u00e9 organizado pela Ag\u00eancia EFE.<\/p>\n<\/blockquote>\n\n\n\n<p>Ele disse que a &#8220;paridade de custos&#8221; com o diesel \u00e9 &#8220;crucial&#8221; para acelerar a demanda por biocombust\u00edveis no setor de log\u00edstica, que movimenta anualmente R$ 400 bilh\u00f5es no pa\u00eds.<\/p>\n\n\n\n<p>Trata-se de um passo importante para a descarboniza\u00e7\u00e3o do Brasil, j\u00e1 que, como Guimar\u00e3es mencionou, o pa\u00eds \u00e9 o sexto maior emissor mundial de gases poluentes no transporte.<\/p>\n\n\n\n<p>Apesar da redu\u00e7\u00e3o do custo de biocombust\u00edveis como o etanol ou o biometano, Guimar\u00e3es opinou que um dos obst\u00e1culos para promover a transi\u00e7\u00e3o \u00e9 a &#8220;inefici\u00eancia operacional&#8221;.<\/p>\n\n\n\n<blockquote class=\"wp-block-quote is-layout-flow wp-block-quote-is-layout-flow\">\n<p>&#8220;Al\u00e9m de escolher o combust\u00edvel ideal para cada tipo de opera\u00e7\u00e3o, acreditamos que a viabilidade econ\u00f4mica da log\u00edstica verde est\u00e1 diretamente relacionada \u00e0 nossa capacidade de otimizar as opera\u00e7\u00f5es&#8221;, disse o representante da LOTS Group.<\/p>\n<\/blockquote>\n\n\n\n<p>Guimar\u00e3es citou o exemplo de empresas de transporte que t\u00eam caminh\u00f5es parados por oito ou nove horas seguidas, quando poderiam estar na estrada.<\/p>\n\n\n\n<p>Por isso, a LOTS Group defendeu a necessidade de que, para al\u00e9m das pol\u00edticas p\u00fablicas do governo, a iniciativa privada assuma a lideran\u00e7a e resolva esses problemas.<\/p>\n\n\n\n<p>O III FLEV conta com o patroc\u00ednio de ApexBrasil, Norte Energia e LOTS Group, al\u00e9m do apoio de Imaflora, Observat\u00f3rio do Clima e IBMEC. EFE<\/p>\n","protected":false},"excerpt":{"rendered":"<p>S\u00e3o Paulo (EFE).- CEO da LOTS Group para a Am\u00e9rica Latina, Edson Guimar\u00e3es, afirmou nesta quinta-feira, em S\u00e3o Paulo, que o transporte de mercadorias com biocombust\u00edveis j\u00e1 \u00e9 t\u00e3o barato quanto com diesel, embora tenha apontado o problema da inefici\u00eancia na log\u00edstica do Brasil. \u201cJ\u00e1 \u00e9 poss\u00edvel ter uma log\u00edstica \u2018verde\u2019 com custos semelhantes aos &#8230; <a title=\"LOTS diz que transporte de mercadorias com biocombust\u00edveis j\u00e1 \u00e9 competitivo\" class=\"read-more\" href=\"https:\/\/pre.efe.com\/pt-br\/brasil\/2025-09-04\/lots-diz-que-transporte-de-mercadorias-com-biocombustiveis-ja-e-competitivo\/\" aria-label=\"Read more about LOTS diz que transporte de mercadorias com biocombust\u00edveis j\u00e1 \u00e9 competitivo\">Leia mais<\/a><\/p>\n","protected":false},"author":198164106,"featured_media":2193631,"comment_status":"closed","ping_status":"closed","sticky":false,"template":"","format":"standard","meta":{"_acf_changed":false,"_jetpack_memberships_contains_paid_content":false,"footnotes":""},"categories":[123513,123208,122144,122141],"tags":[123236,123239,124952,125308],"class_list":["post-2193611","post","type-post","status-publish","format-standard","has-post-thumbnail","hentry","category-brasil","category-mundo-2","category-outras-noticias","category-portada","tag-crise-climatica","tag-economia-2","tag-meio-ambiente","tag-sustentabilidade","generate-columns","tablet-grid-50","mobile-grid-100","grid-parent","grid-50"],"acf":[],"yoast_head":"<!-- This site is optimized with the Yoast SEO Premium plugin v26.0 (Yoast SEO v27.4) - https:\/\/yoast.com\/product\/yoast-seo-premium-wordpress\/ -->\n<title>LOTS diz que transporte de mercadorias com biocombust\u00edveis j\u00e1 \u00e9 competitivo - EFE<\/title>\n<meta name=\"robots\" content=\"noindex, follow\" \/>\n<meta property=\"og:locale\" content=\"pt_BR\" \/>\n<meta property=\"og:type\" content=\"article\" \/>\n<meta property=\"og:title\" content=\"LOTS diz que transporte de mercadorias com biocombust\u00edveis j\u00e1 \u00e9 competitivo - EFE\" \/>\n<meta property=\"og:description\" content=\"S\u00e3o Paulo (EFE).- CEO da LOTS Group para a Am\u00e9rica Latina, Edson Guimar\u00e3es, afirmou nesta quinta-feira, em S\u00e3o Paulo, que o transporte de mercadorias com biocombust\u00edveis j\u00e1 \u00e9 t\u00e3o barato quanto com diesel, embora tenha apontado o problema da inefici\u00eancia na log\u00edstica do Brasil. \u201cJ\u00e1 \u00e9 poss\u00edvel ter uma log\u00edstica \u2018verde\u2019 com custos semelhantes aos ... Leia mais\" \/>\n<meta property=\"og:url\" content=\"https:\/\/pre.efe.com\/pt-br\/brasil\/2025-09-04\/lots-diz-que-transporte-de-mercadorias-com-biocombustiveis-ja-e-competitivo\/\" \/>\n<meta property=\"og:site_name\" content=\"EFE Noticias\" \/>\n<meta property=\"article:publisher\" content=\"https:\/\/www.facebook.com\/AgenciaEFEnoticias\/\" \/>\n<meta property=\"article:published_time\" content=\"2025-09-04T12:59:00+00:00\" \/>\n<meta property=\"article:modified_time\" content=\"2025-10-03T16:11:47+00:00\" \/>\n<meta property=\"og:image\" content=\"https:\/\/pre.efe.com\/wp-content\/uploads\/2025\/10\/90411d839e0a772192cd63d73ecb3ef7f66ddaa3w.webp\" \/>\n\t<meta property=\"og:image:width\" content=\"1920\" \/>\n\t<meta property=\"og:image:height\" content=\"1280\" \/>\n\t<meta property=\"og:image:type\" content=\"image\/jpeg\" \/>\n<meta name=\"author\" content=\"anachain\" \/>\n<meta name=\"twitter:card\" content=\"summary_large_image\" \/>\n<meta name=\"twitter:creator\" content=\"@efenoticias\" \/>\n<meta name=\"twitter:site\" content=\"@efenoticias\" \/>\n<script type=\"application\/ld+json\" class=\"yoast-schema-graph\">{\"@context\":\"https:\\\/\\\/schema.org\",\"@graph\":[{\"@type\":\"NewsArticle\",\"@id\":\"https:\\\/\\\/pre.efe.com\\\/pt-br\\\/brasil\\\/2025-09-04\\\/lots-diz-que-transporte-de-mercadorias-com-biocombustiveis-ja-e-competitivo\\\/#article\",\"isPartOf\":{\"@id\":\"https:\\\/\\\/pre.efe.com\\\/pt-br\\\/brasil\\\/2025-09-04\\\/lots-diz-que-transporte-de-mercadorias-com-biocombustiveis-ja-e-competitivo\\\/\"},\"author\":{\"name\":\"anachain\",\"@id\":\"https:\\\/\\\/pre.efe.com\\\/pt-br\\\/#\\\/schema\\\/person\\\/b19f23f210db552768f68a4b552b004f\"},\"headline\":\"LOTS diz que transporte de mercadorias com biocombust\u00edveis j\u00e1 \u00e9 competitivo\",\"datePublished\":\"2025-09-04T12:59:00+00:00\",\"dateModified\":\"2025-10-03T16:11:47+00:00\",\"mainEntityOfPage\":{\"@id\":\"https:\\\/\\\/pre.efe.com\\\/pt-br\\\/brasil\\\/2025-09-04\\\/lots-diz-que-transporte-de-mercadorias-com-biocombustiveis-ja-e-competitivo\\\/\"},\"wordCount\":324,\"publisher\":{\"@id\":\"https:\\\/\\\/pre.efe.com\\\/pt-br\\\/#organization\"},\"image\":{\"@id\":\"https:\\\/\\\/pre.efe.com\\\/pt-br\\\/brasil\\\/2025-09-04\\\/lots-diz-que-transporte-de-mercadorias-com-biocombustiveis-ja-e-competitivo\\\/#primaryimage\"},\"thumbnailUrl\":\"https:\\\/\\\/pre.efe.com\\\/wp-content\\\/uploads\\\/2025\\\/10\\\/90411d839e0a772192cd63d73ecb3ef7f66ddaa3w.webp\",\"keywords\":[\"Crise climatica\",\"Economia\",\"Meio ambiente\",\"Sustentabilidade\"],\"articleSection\":[\"Brasil\",\"Mundo\",\"Outras not\u00edcias\",\"Portada\"],\"inLanguage\":\"pt-BR\",\"copyrightYear\":\"2025\",\"copyrightHolder\":{\"@id\":\"https:\\\/\\\/pre.efe.com\\\/#organization\"}},{\"@type\":[\"WebPage\",\"ItemPage\"],\"@id\":\"https:\\\/\\\/pre.efe.com\\\/pt-br\\\/brasil\\\/2025-09-04\\\/lots-diz-que-transporte-de-mercadorias-com-biocombustiveis-ja-e-competitivo\\\/\",\"url\":\"https:\\\/\\\/pre.efe.com\\\/pt-br\\\/brasil\\\/2025-09-04\\\/lots-diz-que-transporte-de-mercadorias-com-biocombustiveis-ja-e-competitivo\\\/\",\"name\":\"LOTS diz que transporte de mercadorias com biocombust\u00edveis j\u00e1 \u00e9 competitivo - EFE\",\"isPartOf\":{\"@id\":\"https:\\\/\\\/pre.efe.com\\\/pt-br\\\/#website\"},\"primaryImageOfPage\":{\"@id\":\"https:\\\/\\\/pre.efe.com\\\/pt-br\\\/brasil\\\/2025-09-04\\\/lots-diz-que-transporte-de-mercadorias-com-biocombustiveis-ja-e-competitivo\\\/#primaryimage\"},\"image\":{\"@id\":\"https:\\\/\\\/pre.efe.com\\\/pt-br\\\/brasil\\\/2025-09-04\\\/lots-diz-que-transporte-de-mercadorias-com-biocombustiveis-ja-e-competitivo\\\/#primaryimage\"},\"thumbnailUrl\":\"https:\\\/\\\/pre.efe.com\\\/wp-content\\\/uploads\\\/2025\\\/10\\\/90411d839e0a772192cd63d73ecb3ef7f66ddaa3w.webp\",\"datePublished\":\"2025-09-04T12:59:00+00:00\",\"dateModified\":\"2025-10-03T16:11:47+00:00\",\"breadcrumb\":{\"@id\":\"https:\\\/\\\/pre.efe.com\\\/pt-br\\\/brasil\\\/2025-09-04\\\/lots-diz-que-transporte-de-mercadorias-com-biocombustiveis-ja-e-competitivo\\\/#breadcrumb\"},\"inLanguage\":\"pt-BR\",\"potentialAction\":[{\"@type\":\"ReadAction\",\"target\":[\"https:\\\/\\\/pre.efe.com\\\/pt-br\\\/brasil\\\/2025-09-04\\\/lots-diz-que-transporte-de-mercadorias-com-biocombustiveis-ja-e-competitivo\\\/\"]}]},{\"@type\":\"ImageObject\",\"inLanguage\":\"pt-BR\",\"@id\":\"https:\\\/\\\/pre.efe.com\\\/pt-br\\\/brasil\\\/2025-09-04\\\/lots-diz-que-transporte-de-mercadorias-com-biocombustiveis-ja-e-competitivo\\\/#primaryimage\",\"url\":\"https:\\\/\\\/pre.efe.com\\\/wp-content\\\/uploads\\\/2025\\\/10\\\/90411d839e0a772192cd63d73ecb3ef7f66ddaa3w.webp\",\"contentUrl\":\"https:\\\/\\\/pre.efe.com\\\/wp-content\\\/uploads\\\/2025\\\/10\\\/90411d839e0a772192cd63d73ecb3ef7f66ddaa3w.webp\",\"width\":1920,\"height\":1280},{\"@type\":\"BreadcrumbList\",\"@id\":\"https:\\\/\\\/pre.efe.com\\\/pt-br\\\/brasil\\\/2025-09-04\\\/lots-diz-que-transporte-de-mercadorias-com-biocombustiveis-ja-e-competitivo\\\/#breadcrumb\",\"itemListElement\":[{\"@type\":\"ListItem\",\"position\":1,\"name\":\"Portada\",\"item\":\"https:\\\/\\\/pre.efe.com\\\/pt-br\\\/\"},{\"@type\":\"ListItem\",\"position\":2,\"name\":\"LOTS diz que transporte de mercadorias com biocombust\u00edveis j\u00e1 \u00e9 competitivo\"}]},{\"@type\":\"WebSite\",\"@id\":\"https:\\\/\\\/pre.efe.com\\\/pt-br\\\/#website\",\"url\":\"https:\\\/\\\/pre.efe.com\\\/pt-br\\\/\",\"name\":\"EFE Noticias\",\"description\":\"\",\"publisher\":{\"@id\":\"https:\\\/\\\/pre.efe.com\\\/pt-br\\\/#organization\"},\"potentialAction\":[{\"@type\":\"SearchAction\",\"target\":{\"@type\":\"EntryPoint\",\"urlTemplate\":\"https:\\\/\\\/pre.efe.com\\\/pt-br\\\/?s={search_term_string}\"},\"query-input\":{\"@type\":\"PropertyValueSpecification\",\"valueRequired\":true,\"valueName\":\"search_term_string\"}}],\"inLanguage\":\"pt-BR\"},{\"@type\":\"Organization\",\"@id\":\"https:\\\/\\\/pre.efe.com\\\/pt-br\\\/#organization\",\"name\":\"Agencia EFE\",\"url\":\"https:\\\/\\\/pre.efe.com\\\/pt-br\\\/\",\"logo\":{\"@type\":\"ImageObject\",\"inLanguage\":\"pt-BR\",\"@id\":\"https:\\\/\\\/pre.efe.com\\\/pt-br\\\/#\\\/schema\\\/logo\\\/image\\\/\",\"url\":\"https:\\\/\\\/pre.efe.com\\\/wp-content\\\/uploads\\\/2023\\\/06\\\/logo-efe-467.png\",\"contentUrl\":\"https:\\\/\\\/pre.efe.com\\\/wp-content\\\/uploads\\\/2023\\\/06\\\/logo-efe-467.png\",\"width\":467,\"height\":467,\"caption\":\"Agencia EFE\"},\"image\":{\"@id\":\"https:\\\/\\\/pre.efe.com\\\/pt-br\\\/#\\\/schema\\\/logo\\\/image\\\/\"},\"sameAs\":[\"https:\\\/\\\/www.facebook.com\\\/AgenciaEFEnoticias\\\/\",\"https:\\\/\\\/x.com\\\/efenoticias\",\"https:\\\/\\\/www.instagram.com\\\/efe_noticias\\\/\",\"http:\\\/\\\/www.youtube.com\\\/efe\"]},{\"@type\":\"Person\",\"@id\":\"https:\\\/\\\/pre.efe.com\\\/pt-br\\\/#\\\/schema\\\/person\\\/b19f23f210db552768f68a4b552b004f\",\"name\":\"anachain\",\"image\":{\"@type\":\"ImageObject\",\"inLanguage\":\"pt-BR\",\"@id\":\"https:\\\/\\\/secure.gravatar.com\\\/avatar\\\/30b83965911ef1108bb893c00bdd65c885f9890e1265ee04b02c3d5adc785d37?s=96&d=identicon&r=g\",\"url\":\"https:\\\/\\\/secure.gravatar.com\\\/avatar\\\/30b83965911ef1108bb893c00bdd65c885f9890e1265ee04b02c3d5adc785d37?s=96&d=identicon&r=g\",\"contentUrl\":\"https:\\\/\\\/secure.gravatar.com\\\/avatar\\\/30b83965911ef1108bb893c00bdd65c885f9890e1265ee04b02c3d5adc785d37?s=96&d=identicon&r=g\",\"caption\":\"anachain\"},\"url\":\"https:\\\/\\\/pre.efe.com\\\/pt-br\\\/autor\\\/anachain\\\/\"}]}<\/script>\n<!-- \/ Yoast SEO Premium plugin. -->","yoast_head_json":{"title":"LOTS diz que transporte de mercadorias com biocombust\u00edveis j\u00e1 \u00e9 competitivo - EFE","robots":{"index":"noindex","follow":"follow"},"og_locale":"pt_BR","og_type":"article","og_title":"LOTS diz que transporte de mercadorias com biocombust\u00edveis j\u00e1 \u00e9 competitivo - EFE","og_description":"S\u00e3o Paulo (EFE).- CEO da LOTS Group para a Am\u00e9rica Latina, Edson Guimar\u00e3es, afirmou nesta quinta-feira, em S\u00e3o Paulo, que o transporte de mercadorias com biocombust\u00edveis j\u00e1 \u00e9 t\u00e3o barato quanto com diesel, embora tenha apontado o problema da inefici\u00eancia na log\u00edstica do Brasil. \u201cJ\u00e1 \u00e9 poss\u00edvel ter uma log\u00edstica \u2018verde\u2019 com custos semelhantes aos ... Leia mais","og_url":"https:\/\/pre.efe.com\/pt-br\/brasil\/2025-09-04\/lots-diz-que-transporte-de-mercadorias-com-biocombustiveis-ja-e-competitivo\/","og_site_name":"EFE Noticias","article_publisher":"https:\/\/www.facebook.com\/AgenciaEFEnoticias\/","article_published_time":"2025-09-04T12:59:00+00:00","article_modified_time":"2025-10-03T16:11:47+00:00","og_image":[{"width":1920,"height":1280,"url":"https:\/\/pre.efe.com\/wp-content\/uploads\/2025\/10\/90411d839e0a772192cd63d73ecb3ef7f66ddaa3w.webp","type":"image\/jpeg"}],"author":"anachain","twitter_card":"summary_large_image","twitter_creator":"@efenoticias","twitter_site":"@efenoticias","schema":{"@context":"https:\/\/schema.org","@graph":[{"@type":"NewsArticle","@id":"https:\/\/pre.efe.com\/pt-br\/brasil\/2025-09-04\/lots-diz-que-transporte-de-mercadorias-com-biocombustiveis-ja-e-competitivo\/#article","isPartOf":{"@id":"https:\/\/pre.efe.com\/pt-br\/brasil\/2025-09-04\/lots-diz-que-transporte-de-mercadorias-com-biocombustiveis-ja-e-competitivo\/"},"author":{"name":"anachain","@id":"https:\/\/pre.efe.com\/pt-br\/#\/schema\/person\/b19f23f210db552768f68a4b552b004f"},"headline":"LOTS diz que transporte de mercadorias com biocombust\u00edveis j\u00e1 \u00e9 competitivo","datePublished":"2025-09-04T12:59:00+00:00","dateModified":"2025-10-03T16:11:47+00:00","mainEntityOfPage":{"@id":"https:\/\/pre.efe.com\/pt-br\/brasil\/2025-09-04\/lots-diz-que-transporte-de-mercadorias-com-biocombustiveis-ja-e-competitivo\/"},"wordCount":324,"publisher":{"@id":"https:\/\/pre.efe.com\/pt-br\/#organization"},"image":{"@id":"https:\/\/pre.efe.com\/pt-br\/brasil\/2025-09-04\/lots-diz-que-transporte-de-mercadorias-com-biocombustiveis-ja-e-competitivo\/#primaryimage"},"thumbnailUrl":"https:\/\/pre.efe.com\/wp-content\/uploads\/2025\/10\/90411d839e0a772192cd63d73ecb3ef7f66ddaa3w.webp","keywords":["Crise climatica","Economia","Meio ambiente","Sustentabilidade"],"articleSection":["Brasil","Mundo","Outras not\u00edcias","Portada"],"inLanguage":"pt-BR","copyrightYear":"2025","copyrightHolder":{"@id":"https:\/\/pre.efe.com\/#organization"}},{"@type":["WebPage","ItemPage"],"@id":"https:\/\/pre.efe.com\/pt-br\/brasil\/2025-09-04\/lots-diz-que-transporte-de-mercadorias-com-biocombustiveis-ja-e-competitivo\/","url":"https:\/\/pre.efe.com\/pt-br\/brasil\/2025-09-04\/lots-diz-que-transporte-de-mercadorias-com-biocombustiveis-ja-e-competitivo\/","name":"LOTS diz que transporte de mercadorias com biocombust\u00edveis j\u00e1 \u00e9 competitivo - EFE","isPartOf":{"@id":"https:\/\/pre.efe.com\/pt-br\/#website"},"primaryImageOfPage":{"@id":"https:\/\/pre.efe.com\/pt-br\/brasil\/2025-09-04\/lots-diz-que-transporte-de-mercadorias-com-biocombustiveis-ja-e-competitivo\/#primaryimage"},"image":{"@id":"https:\/\/pre.efe.com\/pt-br\/brasil\/2025-09-04\/lots-diz-que-transporte-de-mercadorias-com-biocombustiveis-ja-e-competitivo\/#primaryimage"},"thumbnailUrl":"https:\/\/pre.efe.com\/wp-content\/uploads\/2025\/10\/90411d839e0a772192cd63d73ecb3ef7f66ddaa3w.webp","datePublished":"2025-09-04T12:59:00+00:00","dateModified":"2025-10-03T16:11:47+00:00","breadcrumb":{"@id":"https:\/\/pre.efe.com\/pt-br\/brasil\/2025-09-04\/lots-diz-que-transporte-de-mercadorias-com-biocombustiveis-ja-e-competitivo\/#breadcrumb"},"inLanguage":"pt-BR","potentialAction":[{"@type":"ReadAction","target":["https:\/\/pre.efe.com\/pt-br\/brasil\/2025-09-04\/lots-diz-que-transporte-de-mercadorias-com-biocombustiveis-ja-e-competitivo\/"]}]},{"@type":"ImageObject","inLanguage":"pt-BR","@id":"https:\/\/pre.efe.com\/pt-br\/brasil\/2025-09-04\/lots-diz-que-transporte-de-mercadorias-com-biocombustiveis-ja-e-competitivo\/#primaryimage","url":"https:\/\/pre.efe.com\/wp-content\/uploads\/2025\/10\/90411d839e0a772192cd63d73ecb3ef7f66ddaa3w.webp","contentUrl":"https:\/\/pre.efe.com\/wp-content\/uploads\/2025\/10\/90411d839e0a772192cd63d73ecb3ef7f66ddaa3w.webp","width":1920,"height":1280},{"@type":"BreadcrumbList","@id":"https:\/\/pre.efe.com\/pt-br\/brasil\/2025-09-04\/lots-diz-que-transporte-de-mercadorias-com-biocombustiveis-ja-e-competitivo\/#breadcrumb","itemListElement":[{"@type":"ListItem","position":1,"name":"Portada","item":"https:\/\/pre.efe.com\/pt-br\/"},{"@type":"ListItem","position":2,"name":"LOTS diz que transporte de mercadorias com biocombust\u00edveis j\u00e1 \u00e9 competitivo"}]},{"@type":"WebSite","@id":"https:\/\/pre.efe.com\/pt-br\/#website","url":"https:\/\/pre.efe.com\/pt-br\/","name":"EFE Noticias","description":"","publisher":{"@id":"https:\/\/pre.efe.com\/pt-br\/#organization"},"potentialAction":[{"@type":"SearchAction","target":{"@type":"EntryPoint","urlTemplate":"https:\/\/pre.efe.com\/pt-br\/?s={search_term_string}"},"query-input":{"@type":"PropertyValueSpecification","valueRequired":true,"valueName":"search_term_string"}}],"inLanguage":"pt-BR"},{"@type":"Organization","@id":"https:\/\/pre.efe.com\/pt-br\/#organization","name":"Agencia EFE","url":"https:\/\/pre.efe.com\/pt-br\/","logo":{"@type":"ImageObject","inLanguage":"pt-BR","@id":"https:\/\/pre.efe.com\/pt-br\/#\/schema\/logo\/image\/","url":"https:\/\/pre.efe.com\/wp-content\/uploads\/2023\/06\/logo-efe-467.png","contentUrl":"https:\/\/pre.efe.com\/wp-content\/uploads\/2023\/06\/logo-efe-467.png","width":467,"height":467,"caption":"Agencia EFE"},"image":{"@id":"https:\/\/pre.efe.com\/pt-br\/#\/schema\/logo\/image\/"},"sameAs":["https:\/\/www.facebook.com\/AgenciaEFEnoticias\/","https:\/\/x.com\/efenoticias","https:\/\/www.instagram.com\/efe_noticias\/","http:\/\/www.youtube.com\/efe"]},{"@type":"Person","@id":"https:\/\/pre.efe.com\/pt-br\/#\/schema\/person\/b19f23f210db552768f68a4b552b004f","name":"anachain","image":{"@type":"ImageObject","inLanguage":"pt-BR","@id":"https:\/\/secure.gravatar.com\/avatar\/30b83965911ef1108bb893c00bdd65c885f9890e1265ee04b02c3d5adc785d37?s=96&d=identicon&r=g","url":"https:\/\/secure.gravatar.com\/avatar\/30b83965911ef1108bb893c00bdd65c885f9890e1265ee04b02c3d5adc785d37?s=96&d=identicon&r=g","contentUrl":"https:\/\/secure.gravatar.com\/avatar\/30b83965911ef1108bb893c00bdd65c885f9890e1265ee04b02c3d5adc785d37?s=96&d=identicon&r=g","caption":"anachain"},"url":"https:\/\/pre.efe.com\/pt-br\/autor\/anachain\/"}]}},"jetpack_featured_media_url":"https:\/\/pre.efe.com\/wp-content\/uploads\/2025\/10\/90411d839e0a772192cd63d73ecb3ef7f66ddaa3w.webp","jetpack_shortlink":"https:\/\/wp.me\/peJvHm-9cEP","jetpack_sharing_enabled":true,"_links":{"self":[{"href":"https:\/\/pre.efe.com\/pt-br\/wp-json\/wp\/v2\/posts\/2193611","targetHints":{"allow":["GET"]}}],"collection":[{"href":"https:\/\/pre.efe.com\/pt-br\/wp-json\/wp\/v2\/posts"}],"about":[{"href":"https:\/\/pre.efe.com\/pt-br\/wp-json\/wp\/v2\/types\/post"}],"author":[{"embeddable":true,"href":"https:\/\/pre.efe.com\/pt-br\/wp-json\/wp\/v2\/users\/198164106"}],"replies":[{"embeddable":true,"href":"https:\/\/pre.efe.com\/pt-br\/wp-json\/wp\/v2\/comments?post=2193611"}],"version-history":[{"count":2,"href":"https:\/\/pre.efe.com\/pt-br\/wp-json\/wp\/v2\/posts\/2193611\/revisions"}],"predecessor-version":[{"id":2193636,"href":"https:\/\/pre.efe.com\/pt-br\/wp-json\/wp\/v2\/posts\/2193611\/revisions\/2193636"}],"wp:featuredmedia":[{"embeddable":true,"href":"https:\/\/pre.efe.com\/pt-br\/wp-json\/wp\/v2\/media\/2193631"}],"wp:attachment":[{"href":"https:\/\/pre.efe.com\/pt-br\/wp-json\/wp\/v2\/media?parent=2193611"}],"wp:term":[{"taxonomy":"category","embeddable":true,"href":"https:\/\/pre.efe.com\/pt-br\/wp-json\/wp\/v2\/categories?post=2193611"},{"taxonomy":"post_tag","embeddable":true,"href":"https:\/\/pre.efe.com\/pt-br\/wp-json\/wp\/v2\/tags?post=2193611"}],"curies":[{"name":"wp","href":"https:\/\/api.w.org\/{rel}","templated":true}]}}