{"id":2193668,"date":"2025-09-04T16:21:00","date_gmt":"2025-09-04T14:21:00","guid":{"rendered":"https:\/\/pre.efe.com\/?p=2193668"},"modified":"2025-10-03T18:25:39","modified_gmt":"2025-10-03T16:25:39","slug":"indigenas-e-ongs-pedem-avancos-urgentes-em-conservacao-floresta-tem-direitos","status":"publish","type":"post","link":"https:\/\/pre.efe.com\/pt-br\/brasil\/2025-09-04\/indigenas-e-ongs-pedem-avancos-urgentes-em-conservacao-floresta-tem-direitos\/","title":{"rendered":"Ind\u00edgenas e ONGs pedem avan\u00e7os urgentes em conserva\u00e7\u00e3o: &#8220;floresta tem direitos&#8221;"},"content":{"rendered":"\n<p>S\u00e3o Paulo (EFE).- Representantes de povos origin\u00e1rios e ONGs ambientalistas pediram nesta quinta-feira, em S\u00e3o Paulo, que autoridades e empresas avancem urgentemente na conserva\u00e7\u00e3o das florestas, por meio da promo\u00e7\u00e3o de atividades econ\u00f4micas sustent\u00e1veis e da concess\u00e3o de direitos \u00e0 natureza.<\/p>\n\n\n\n<p>Leandro Kara\u00ed Mirim, ind\u00edgena guarani e comunicador do Museu das Culturas Ind\u00edgenas de S\u00e3o Paulo, afirmou durante o III F\u00f3rum Latino-Americano de Economia Verde (FLEV), organizado pela Ag\u00eancia EFE, que a legisla\u00e7\u00e3o ambiental brasileira deveria conceder &#8220;direitos&#8221; \u00e0s florestas, alinhando-se ao exemplo da Bol\u00edvia.<\/p>\n\n\n\n<blockquote class=\"wp-block-quote is-layout-flow wp-block-quote-is-layout-flow\">\n<p>&#8220;Quando um rio \u00e9 polu\u00eddo por uma empresa, ele \u00e9 assassinado&#8221;, afirmou.<\/p>\n<\/blockquote>\n\n\n\n<p>Kara\u00ed Mirim se referiu ao impacto &#8220;espiritual&#8221; do desmatamento e comparou a derrubada de \u00e1rvores a um &#8220;desmembramento&#8221;.<\/p>\n\n\n\n<p>Nesse sentido, o representante ind\u00edgena classificou como &#8220;lament\u00e1veis&#8221; os atrasos na homologa\u00e7\u00e3o de terras ind\u00edgenas por parte das autoridades, apesar de a Constitui\u00e7\u00e3o brasileira obrig\u00e1-las a isso.<\/p>\n\n\n\n<p>Leonardo Sobral, diretor florestal da ONG Imaflora, concordou que isso \u00e9 preocupante, porque a homologa\u00e7\u00e3o de terras ind\u00edgenas e a cria\u00e7\u00e3o de unidades de conserva\u00e7\u00e3o s\u00e3o as formas mais eficazes de deter o desmatamento.<\/p>\n\n\n\n<blockquote class=\"wp-block-quote is-layout-flow wp-block-quote-is-layout-flow\">\n<p>&#8220;As florestas p\u00fablicas n\u00e3o destinadas (que n\u00e3o s\u00e3o reservas nem unidades de conserva\u00e7\u00e3o) s\u00e3o as \u00e1reas mais suscet\u00edveis \u00e0 derrubada&#8221;, afirmou.<\/p>\n<\/blockquote>\n\n\n\n<p>No entanto, esse tipo de esfor\u00e7o de conserva\u00e7\u00e3o n\u00e3o \u00e9 suficiente, e Sobral defendeu o impulso \u00e0 produ\u00e7\u00e3o sustent\u00e1vel de frutas nativas para oferecer aos habitantes de regi\u00f5es de floresta uma alternativa econ\u00f4mica \u00e0 derrubada.<\/p>\n\n\n\n<blockquote class=\"wp-block-quote is-layout-flow wp-block-quote-is-layout-flow\">\n<p>&#8220;\u00c9 preciso conciliar produ\u00e7\u00e3o com conserva\u00e7\u00e3o&#8221;, apontou, antes de dar como exemplo a extra\u00e7\u00e3o de l\u00e1tex e de a\u00e7a\u00ed.<\/p>\n<\/blockquote>\n\n\n\n<p>Outra estrat\u00e9gia \u00e9 a adotada pela Funda\u00e7\u00e3o ProYungas, que trabalha com dezenas de empresas no norte da Argentina para ajud\u00e1-las a preservar as \u00e1reas silvestres que possuem.<\/p>\n\n\n\n<blockquote class=\"wp-block-quote is-layout-flow wp-block-quote-is-layout-flow\">\n<p>&#8220;Temos que incentivar o setor privado a investir parte de sua renda na conserva\u00e7\u00e3o&#8221;, afirmou Estefan\u00eda S\u00e1nchez, coordenadora t\u00e9cnica da ONG, que assinalou que esses esfor\u00e7os devem ser &#8220;proativos&#8221;.<\/p>\n<\/blockquote>\n\n\n\n<p>Um dos projetos da ONG \u00e9 ajudar essas empresas a calcular o carbono acumulado nas \u00e1reas silvestres conservadas para que o contabilizem em sua pegada ambiental e possam transmiti-lo ao p\u00fablico, com o consequente benef\u00edcio para a reputa\u00e7\u00e3o.<\/p>\n\n\n\n<p>S\u00e1nchez destacou que o setor privado pode chegar a contribuir com um adicional de 15% aos 15% da superf\u00edcie argentina que j\u00e1 est\u00e1 protegida com unidades de conserva\u00e7\u00e3o.<\/p>\n\n\n\n<blockquote class=\"wp-block-quote is-layout-flow wp-block-quote-is-layout-flow\">\n<p>&#8220;O setor produtivo n\u00e3o \u00e9 o problema; \u00e9 um ator-chave para buscar uma solu\u00e7\u00e3o&#8221;, assegurou.<\/p>\n<\/blockquote>\n\n\n\n<p>O III FLEV conta com o patroc\u00ednio de ApexBrasil, Norte Energia e Lots Group, al\u00e9m do apoio de Imaflora, Observat\u00f3rio do Clima e IBMEC. EFE<\/p>\n","protected":false},"excerpt":{"rendered":"<p>S\u00e3o Paulo (EFE).- Representantes de povos origin\u00e1rios e ONGs ambientalistas pediram nesta quinta-feira, em S\u00e3o Paulo, que autoridades e empresas avancem urgentemente na conserva\u00e7\u00e3o das florestas, por meio da promo\u00e7\u00e3o de atividades econ\u00f4micas sustent\u00e1veis e da concess\u00e3o de direitos \u00e0 natureza. Leandro Kara\u00ed Mirim, ind\u00edgena guarani e comunicador do Museu das Culturas Ind\u00edgenas de S\u00e3o &#8230; <a title=\"Ind\u00edgenas e ONGs pedem avan\u00e7os urgentes em conserva\u00e7\u00e3o: &#8220;floresta tem direitos&#8221;\" class=\"read-more\" href=\"https:\/\/pre.efe.com\/pt-br\/brasil\/2025-09-04\/indigenas-e-ongs-pedem-avancos-urgentes-em-conservacao-floresta-tem-direitos\/\" aria-label=\"Read more about Ind\u00edgenas e ONGs pedem avan\u00e7os urgentes em conserva\u00e7\u00e3o: &#8220;floresta tem direitos&#8221;\">Leia mais<\/a><\/p>\n","protected":false},"author":198164106,"featured_media":2193685,"comment_status":"closed","ping_status":"closed","sticky":false,"template":"","format":"standard","meta":{"_acf_changed":false,"_jetpack_memberships_contains_paid_content":false,"footnotes":""},"categories":[123513,123208,122144,122141],"tags":[123236,124952],"class_list":["post-2193668","post","type-post","status-publish","format-standard","has-post-thumbnail","hentry","category-brasil","category-mundo-2","category-outras-noticias","category-portada","tag-crise-climatica","tag-meio-ambiente","generate-columns","tablet-grid-50","mobile-grid-100","grid-parent","grid-50"],"acf":[],"yoast_head":"<!-- This site is optimized with the Yoast SEO Premium plugin v26.0 (Yoast SEO v27.4) - https:\/\/yoast.com\/product\/yoast-seo-premium-wordpress\/ -->\n<title>Ind\u00edgenas e ONGs pedem avan\u00e7os urgentes em conserva\u00e7\u00e3o: &quot;floresta tem direitos&quot; - EFE<\/title>\n<meta name=\"robots\" content=\"noindex, follow\" \/>\n<meta property=\"og:locale\" content=\"pt_BR\" \/>\n<meta property=\"og:type\" content=\"article\" \/>\n<meta property=\"og:title\" content=\"Ind\u00edgenas e ONGs pedem avan\u00e7os urgentes em conserva\u00e7\u00e3o: &quot;floresta tem direitos&quot; - EFE\" \/>\n<meta property=\"og:description\" content=\"S\u00e3o Paulo (EFE).- Representantes de povos origin\u00e1rios e ONGs ambientalistas pediram nesta quinta-feira, em S\u00e3o Paulo, que autoridades e empresas avancem urgentemente na conserva\u00e7\u00e3o das florestas, por meio da promo\u00e7\u00e3o de atividades econ\u00f4micas sustent\u00e1veis e da concess\u00e3o de direitos \u00e0 natureza. Leandro Kara\u00ed Mirim, ind\u00edgena guarani e comunicador do Museu das Culturas Ind\u00edgenas de S\u00e3o ... Leia mais\" \/>\n<meta property=\"og:url\" content=\"https:\/\/pre.efe.com\/pt-br\/brasil\/2025-09-04\/indigenas-e-ongs-pedem-avancos-urgentes-em-conservacao-floresta-tem-direitos\/\" \/>\n<meta property=\"og:site_name\" content=\"EFE Noticias\" \/>\n<meta property=\"article:publisher\" content=\"https:\/\/www.facebook.com\/AgenciaEFEnoticias\/\" \/>\n<meta property=\"article:published_time\" content=\"2025-09-04T14:21:00+00:00\" \/>\n<meta property=\"article:modified_time\" content=\"2025-10-03T16:25:39+00:00\" \/>\n<meta property=\"og:image\" content=\"https:\/\/pre.efe.com\/wp-content\/uploads\/2025\/10\/8023019576001w.webp\" \/>\n\t<meta property=\"og:image:width\" content=\"1920\" \/>\n\t<meta property=\"og:image:height\" content=\"1280\" \/>\n\t<meta property=\"og:image:type\" content=\"image\/jpeg\" \/>\n<meta name=\"author\" content=\"anachain\" \/>\n<meta name=\"twitter:card\" content=\"summary_large_image\" \/>\n<meta name=\"twitter:creator\" content=\"@efenoticias\" \/>\n<meta name=\"twitter:site\" content=\"@efenoticias\" \/>\n<script type=\"application\/ld+json\" class=\"yoast-schema-graph\">{\"@context\":\"https:\\\/\\\/schema.org\",\"@graph\":[{\"@type\":\"NewsArticle\",\"@id\":\"https:\\\/\\\/pre.efe.com\\\/pt-br\\\/brasil\\\/2025-09-04\\\/indigenas-e-ongs-pedem-avancos-urgentes-em-conservacao-floresta-tem-direitos\\\/#article\",\"isPartOf\":{\"@id\":\"https:\\\/\\\/pre.efe.com\\\/pt-br\\\/brasil\\\/2025-09-04\\\/indigenas-e-ongs-pedem-avancos-urgentes-em-conservacao-floresta-tem-direitos\\\/\"},\"author\":{\"name\":\"anachain\",\"@id\":\"https:\\\/\\\/pre.efe.com\\\/pt-br\\\/#\\\/schema\\\/person\\\/b19f23f210db552768f68a4b552b004f\"},\"headline\":\"Ind\u00edgenas e ONGs pedem avan\u00e7os urgentes em conserva\u00e7\u00e3o: &#8220;floresta tem direitos&#8221;\",\"datePublished\":\"2025-09-04T14:21:00+00:00\",\"dateModified\":\"2025-10-03T16:25:39+00:00\",\"mainEntityOfPage\":{\"@id\":\"https:\\\/\\\/pre.efe.com\\\/pt-br\\\/brasil\\\/2025-09-04\\\/indigenas-e-ongs-pedem-avancos-urgentes-em-conservacao-floresta-tem-direitos\\\/\"},\"wordCount\":478,\"publisher\":{\"@id\":\"https:\\\/\\\/pre.efe.com\\\/pt-br\\\/#organization\"},\"image\":{\"@id\":\"https:\\\/\\\/pre.efe.com\\\/pt-br\\\/brasil\\\/2025-09-04\\\/indigenas-e-ongs-pedem-avancos-urgentes-em-conservacao-floresta-tem-direitos\\\/#primaryimage\"},\"thumbnailUrl\":\"https:\\\/\\\/pre.efe.com\\\/wp-content\\\/uploads\\\/2025\\\/10\\\/8023019576001w.webp\",\"keywords\":[\"Crise climatica\",\"Meio ambiente\"],\"articleSection\":[\"Brasil\",\"Mundo\",\"Outras not\u00edcias\",\"Portada\"],\"inLanguage\":\"pt-BR\",\"copyrightYear\":\"2025\",\"copyrightHolder\":{\"@id\":\"https:\\\/\\\/pre.efe.com\\\/#organization\"}},{\"@type\":[\"WebPage\",\"ItemPage\"],\"@id\":\"https:\\\/\\\/pre.efe.com\\\/pt-br\\\/brasil\\\/2025-09-04\\\/indigenas-e-ongs-pedem-avancos-urgentes-em-conservacao-floresta-tem-direitos\\\/\",\"url\":\"https:\\\/\\\/pre.efe.com\\\/pt-br\\\/brasil\\\/2025-09-04\\\/indigenas-e-ongs-pedem-avancos-urgentes-em-conservacao-floresta-tem-direitos\\\/\",\"name\":\"Ind\u00edgenas e ONGs pedem avan\u00e7os urgentes em conserva\u00e7\u00e3o: \\\"floresta tem direitos\\\" - EFE\",\"isPartOf\":{\"@id\":\"https:\\\/\\\/pre.efe.com\\\/pt-br\\\/#website\"},\"primaryImageOfPage\":{\"@id\":\"https:\\\/\\\/pre.efe.com\\\/pt-br\\\/brasil\\\/2025-09-04\\\/indigenas-e-ongs-pedem-avancos-urgentes-em-conservacao-floresta-tem-direitos\\\/#primaryimage\"},\"image\":{\"@id\":\"https:\\\/\\\/pre.efe.com\\\/pt-br\\\/brasil\\\/2025-09-04\\\/indigenas-e-ongs-pedem-avancos-urgentes-em-conservacao-floresta-tem-direitos\\\/#primaryimage\"},\"thumbnailUrl\":\"https:\\\/\\\/pre.efe.com\\\/wp-content\\\/uploads\\\/2025\\\/10\\\/8023019576001w.webp\",\"datePublished\":\"2025-09-04T14:21:00+00:00\",\"dateModified\":\"2025-10-03T16:25:39+00:00\",\"breadcrumb\":{\"@id\":\"https:\\\/\\\/pre.efe.com\\\/pt-br\\\/brasil\\\/2025-09-04\\\/indigenas-e-ongs-pedem-avancos-urgentes-em-conservacao-floresta-tem-direitos\\\/#breadcrumb\"},\"inLanguage\":\"pt-BR\",\"potentialAction\":[{\"@type\":\"ReadAction\",\"target\":[\"https:\\\/\\\/pre.efe.com\\\/pt-br\\\/brasil\\\/2025-09-04\\\/indigenas-e-ongs-pedem-avancos-urgentes-em-conservacao-floresta-tem-direitos\\\/\"]}]},{\"@type\":\"ImageObject\",\"inLanguage\":\"pt-BR\",\"@id\":\"https:\\\/\\\/pre.efe.com\\\/pt-br\\\/brasil\\\/2025-09-04\\\/indigenas-e-ongs-pedem-avancos-urgentes-em-conservacao-floresta-tem-direitos\\\/#primaryimage\",\"url\":\"https:\\\/\\\/pre.efe.com\\\/wp-content\\\/uploads\\\/2025\\\/10\\\/8023019576001w.webp\",\"contentUrl\":\"https:\\\/\\\/pre.efe.com\\\/wp-content\\\/uploads\\\/2025\\\/10\\\/8023019576001w.webp\",\"width\":1920,\"height\":1280},{\"@type\":\"BreadcrumbList\",\"@id\":\"https:\\\/\\\/pre.efe.com\\\/pt-br\\\/brasil\\\/2025-09-04\\\/indigenas-e-ongs-pedem-avancos-urgentes-em-conservacao-floresta-tem-direitos\\\/#breadcrumb\",\"itemListElement\":[{\"@type\":\"ListItem\",\"position\":1,\"name\":\"Portada\",\"item\":\"https:\\\/\\\/pre.efe.com\\\/pt-br\\\/\"},{\"@type\":\"ListItem\",\"position\":2,\"name\":\"Ind\u00edgenas e ONGs pedem avan\u00e7os urgentes em conserva\u00e7\u00e3o: \u00abfloresta tem direitos\u00bb\"}]},{\"@type\":\"WebSite\",\"@id\":\"https:\\\/\\\/pre.efe.com\\\/pt-br\\\/#website\",\"url\":\"https:\\\/\\\/pre.efe.com\\\/pt-br\\\/\",\"name\":\"EFE Noticias\",\"description\":\"\",\"publisher\":{\"@id\":\"https:\\\/\\\/pre.efe.com\\\/pt-br\\\/#organization\"},\"potentialAction\":[{\"@type\":\"SearchAction\",\"target\":{\"@type\":\"EntryPoint\",\"urlTemplate\":\"https:\\\/\\\/pre.efe.com\\\/pt-br\\\/?s={search_term_string}\"},\"query-input\":{\"@type\":\"PropertyValueSpecification\",\"valueRequired\":true,\"valueName\":\"search_term_string\"}}],\"inLanguage\":\"pt-BR\"},{\"@type\":\"Organization\",\"@id\":\"https:\\\/\\\/pre.efe.com\\\/pt-br\\\/#organization\",\"name\":\"Agencia EFE\",\"url\":\"https:\\\/\\\/pre.efe.com\\\/pt-br\\\/\",\"logo\":{\"@type\":\"ImageObject\",\"inLanguage\":\"pt-BR\",\"@id\":\"https:\\\/\\\/pre.efe.com\\\/pt-br\\\/#\\\/schema\\\/logo\\\/image\\\/\",\"url\":\"https:\\\/\\\/pre.efe.com\\\/wp-content\\\/uploads\\\/2023\\\/06\\\/logo-efe-467.png\",\"contentUrl\":\"https:\\\/\\\/pre.efe.com\\\/wp-content\\\/uploads\\\/2023\\\/06\\\/logo-efe-467.png\",\"width\":467,\"height\":467,\"caption\":\"Agencia EFE\"},\"image\":{\"@id\":\"https:\\\/\\\/pre.efe.com\\\/pt-br\\\/#\\\/schema\\\/logo\\\/image\\\/\"},\"sameAs\":[\"https:\\\/\\\/www.facebook.com\\\/AgenciaEFEnoticias\\\/\",\"https:\\\/\\\/x.com\\\/efenoticias\",\"https:\\\/\\\/www.instagram.com\\\/efe_noticias\\\/\",\"http:\\\/\\\/www.youtube.com\\\/efe\"]},{\"@type\":\"Person\",\"@id\":\"https:\\\/\\\/pre.efe.com\\\/pt-br\\\/#\\\/schema\\\/person\\\/b19f23f210db552768f68a4b552b004f\",\"name\":\"anachain\",\"image\":{\"@type\":\"ImageObject\",\"inLanguage\":\"pt-BR\",\"@id\":\"https:\\\/\\\/secure.gravatar.com\\\/avatar\\\/30b83965911ef1108bb893c00bdd65c885f9890e1265ee04b02c3d5adc785d37?s=96&d=identicon&r=g\",\"url\":\"https:\\\/\\\/secure.gravatar.com\\\/avatar\\\/30b83965911ef1108bb893c00bdd65c885f9890e1265ee04b02c3d5adc785d37?s=96&d=identicon&r=g\",\"contentUrl\":\"https:\\\/\\\/secure.gravatar.com\\\/avatar\\\/30b83965911ef1108bb893c00bdd65c885f9890e1265ee04b02c3d5adc785d37?s=96&d=identicon&r=g\",\"caption\":\"anachain\"},\"url\":\"https:\\\/\\\/pre.efe.com\\\/pt-br\\\/autor\\\/anachain\\\/\"}]}<\/script>\n<!-- \/ Yoast SEO Premium plugin. -->","yoast_head_json":{"title":"Ind\u00edgenas e ONGs pedem avan\u00e7os urgentes em conserva\u00e7\u00e3o: \"floresta tem direitos\" - EFE","robots":{"index":"noindex","follow":"follow"},"og_locale":"pt_BR","og_type":"article","og_title":"Ind\u00edgenas e ONGs pedem avan\u00e7os urgentes em conserva\u00e7\u00e3o: \"floresta tem direitos\" - EFE","og_description":"S\u00e3o Paulo (EFE).- Representantes de povos origin\u00e1rios e ONGs ambientalistas pediram nesta quinta-feira, em S\u00e3o Paulo, que autoridades e empresas avancem urgentemente na conserva\u00e7\u00e3o das florestas, por meio da promo\u00e7\u00e3o de atividades econ\u00f4micas sustent\u00e1veis e da concess\u00e3o de direitos \u00e0 natureza. Leandro Kara\u00ed Mirim, ind\u00edgena guarani e comunicador do Museu das Culturas Ind\u00edgenas de S\u00e3o ... Leia mais","og_url":"https:\/\/pre.efe.com\/pt-br\/brasil\/2025-09-04\/indigenas-e-ongs-pedem-avancos-urgentes-em-conservacao-floresta-tem-direitos\/","og_site_name":"EFE Noticias","article_publisher":"https:\/\/www.facebook.com\/AgenciaEFEnoticias\/","article_published_time":"2025-09-04T14:21:00+00:00","article_modified_time":"2025-10-03T16:25:39+00:00","og_image":[{"width":1920,"height":1280,"url":"https:\/\/pre.efe.com\/wp-content\/uploads\/2025\/10\/8023019576001w.webp","type":"image\/jpeg"}],"author":"anachain","twitter_card":"summary_large_image","twitter_creator":"@efenoticias","twitter_site":"@efenoticias","schema":{"@context":"https:\/\/schema.org","@graph":[{"@type":"NewsArticle","@id":"https:\/\/pre.efe.com\/pt-br\/brasil\/2025-09-04\/indigenas-e-ongs-pedem-avancos-urgentes-em-conservacao-floresta-tem-direitos\/#article","isPartOf":{"@id":"https:\/\/pre.efe.com\/pt-br\/brasil\/2025-09-04\/indigenas-e-ongs-pedem-avancos-urgentes-em-conservacao-floresta-tem-direitos\/"},"author":{"name":"anachain","@id":"https:\/\/pre.efe.com\/pt-br\/#\/schema\/person\/b19f23f210db552768f68a4b552b004f"},"headline":"Ind\u00edgenas e ONGs pedem avan\u00e7os urgentes em conserva\u00e7\u00e3o: &#8220;floresta tem direitos&#8221;","datePublished":"2025-09-04T14:21:00+00:00","dateModified":"2025-10-03T16:25:39+00:00","mainEntityOfPage":{"@id":"https:\/\/pre.efe.com\/pt-br\/brasil\/2025-09-04\/indigenas-e-ongs-pedem-avancos-urgentes-em-conservacao-floresta-tem-direitos\/"},"wordCount":478,"publisher":{"@id":"https:\/\/pre.efe.com\/pt-br\/#organization"},"image":{"@id":"https:\/\/pre.efe.com\/pt-br\/brasil\/2025-09-04\/indigenas-e-ongs-pedem-avancos-urgentes-em-conservacao-floresta-tem-direitos\/#primaryimage"},"thumbnailUrl":"https:\/\/pre.efe.com\/wp-content\/uploads\/2025\/10\/8023019576001w.webp","keywords":["Crise climatica","Meio ambiente"],"articleSection":["Brasil","Mundo","Outras not\u00edcias","Portada"],"inLanguage":"pt-BR","copyrightYear":"2025","copyrightHolder":{"@id":"https:\/\/pre.efe.com\/#organization"}},{"@type":["WebPage","ItemPage"],"@id":"https:\/\/pre.efe.com\/pt-br\/brasil\/2025-09-04\/indigenas-e-ongs-pedem-avancos-urgentes-em-conservacao-floresta-tem-direitos\/","url":"https:\/\/pre.efe.com\/pt-br\/brasil\/2025-09-04\/indigenas-e-ongs-pedem-avancos-urgentes-em-conservacao-floresta-tem-direitos\/","name":"Ind\u00edgenas e ONGs pedem avan\u00e7os urgentes em conserva\u00e7\u00e3o: \"floresta tem direitos\" - EFE","isPartOf":{"@id":"https:\/\/pre.efe.com\/pt-br\/#website"},"primaryImageOfPage":{"@id":"https:\/\/pre.efe.com\/pt-br\/brasil\/2025-09-04\/indigenas-e-ongs-pedem-avancos-urgentes-em-conservacao-floresta-tem-direitos\/#primaryimage"},"image":{"@id":"https:\/\/pre.efe.com\/pt-br\/brasil\/2025-09-04\/indigenas-e-ongs-pedem-avancos-urgentes-em-conservacao-floresta-tem-direitos\/#primaryimage"},"thumbnailUrl":"https:\/\/pre.efe.com\/wp-content\/uploads\/2025\/10\/8023019576001w.webp","datePublished":"2025-09-04T14:21:00+00:00","dateModified":"2025-10-03T16:25:39+00:00","breadcrumb":{"@id":"https:\/\/pre.efe.com\/pt-br\/brasil\/2025-09-04\/indigenas-e-ongs-pedem-avancos-urgentes-em-conservacao-floresta-tem-direitos\/#breadcrumb"},"inLanguage":"pt-BR","potentialAction":[{"@type":"ReadAction","target":["https:\/\/pre.efe.com\/pt-br\/brasil\/2025-09-04\/indigenas-e-ongs-pedem-avancos-urgentes-em-conservacao-floresta-tem-direitos\/"]}]},{"@type":"ImageObject","inLanguage":"pt-BR","@id":"https:\/\/pre.efe.com\/pt-br\/brasil\/2025-09-04\/indigenas-e-ongs-pedem-avancos-urgentes-em-conservacao-floresta-tem-direitos\/#primaryimage","url":"https:\/\/pre.efe.com\/wp-content\/uploads\/2025\/10\/8023019576001w.webp","contentUrl":"https:\/\/pre.efe.com\/wp-content\/uploads\/2025\/10\/8023019576001w.webp","width":1920,"height":1280},{"@type":"BreadcrumbList","@id":"https:\/\/pre.efe.com\/pt-br\/brasil\/2025-09-04\/indigenas-e-ongs-pedem-avancos-urgentes-em-conservacao-floresta-tem-direitos\/#breadcrumb","itemListElement":[{"@type":"ListItem","position":1,"name":"Portada","item":"https:\/\/pre.efe.com\/pt-br\/"},{"@type":"ListItem","position":2,"name":"Ind\u00edgenas e ONGs pedem avan\u00e7os urgentes em conserva\u00e7\u00e3o: \u00abfloresta tem direitos\u00bb"}]},{"@type":"WebSite","@id":"https:\/\/pre.efe.com\/pt-br\/#website","url":"https:\/\/pre.efe.com\/pt-br\/","name":"EFE Noticias","description":"","publisher":{"@id":"https:\/\/pre.efe.com\/pt-br\/#organization"},"potentialAction":[{"@type":"SearchAction","target":{"@type":"EntryPoint","urlTemplate":"https:\/\/pre.efe.com\/pt-br\/?s={search_term_string}"},"query-input":{"@type":"PropertyValueSpecification","valueRequired":true,"valueName":"search_term_string"}}],"inLanguage":"pt-BR"},{"@type":"Organization","@id":"https:\/\/pre.efe.com\/pt-br\/#organization","name":"Agencia EFE","url":"https:\/\/pre.efe.com\/pt-br\/","logo":{"@type":"ImageObject","inLanguage":"pt-BR","@id":"https:\/\/pre.efe.com\/pt-br\/#\/schema\/logo\/image\/","url":"https:\/\/pre.efe.com\/wp-content\/uploads\/2023\/06\/logo-efe-467.png","contentUrl":"https:\/\/pre.efe.com\/wp-content\/uploads\/2023\/06\/logo-efe-467.png","width":467,"height":467,"caption":"Agencia EFE"},"image":{"@id":"https:\/\/pre.efe.com\/pt-br\/#\/schema\/logo\/image\/"},"sameAs":["https:\/\/www.facebook.com\/AgenciaEFEnoticias\/","https:\/\/x.com\/efenoticias","https:\/\/www.instagram.com\/efe_noticias\/","http:\/\/www.youtube.com\/efe"]},{"@type":"Person","@id":"https:\/\/pre.efe.com\/pt-br\/#\/schema\/person\/b19f23f210db552768f68a4b552b004f","name":"anachain","image":{"@type":"ImageObject","inLanguage":"pt-BR","@id":"https:\/\/secure.gravatar.com\/avatar\/30b83965911ef1108bb893c00bdd65c885f9890e1265ee04b02c3d5adc785d37?s=96&d=identicon&r=g","url":"https:\/\/secure.gravatar.com\/avatar\/30b83965911ef1108bb893c00bdd65c885f9890e1265ee04b02c3d5adc785d37?s=96&d=identicon&r=g","contentUrl":"https:\/\/secure.gravatar.com\/avatar\/30b83965911ef1108bb893c00bdd65c885f9890e1265ee04b02c3d5adc785d37?s=96&d=identicon&r=g","caption":"anachain"},"url":"https:\/\/pre.efe.com\/pt-br\/autor\/anachain\/"}]}},"jetpack_featured_media_url":"https:\/\/pre.efe.com\/wp-content\/uploads\/2025\/10\/8023019576001w.webp","jetpack_shortlink":"https:\/\/wp.me\/peJvHm-9cFK","jetpack_sharing_enabled":true,"_links":{"self":[{"href":"https:\/\/pre.efe.com\/pt-br\/wp-json\/wp\/v2\/posts\/2193668","targetHints":{"allow":["GET"]}}],"collection":[{"href":"https:\/\/pre.efe.com\/pt-br\/wp-json\/wp\/v2\/posts"}],"about":[{"href":"https:\/\/pre.efe.com\/pt-br\/wp-json\/wp\/v2\/types\/post"}],"author":[{"embeddable":true,"href":"https:\/\/pre.efe.com\/pt-br\/wp-json\/wp\/v2\/users\/198164106"}],"replies":[{"embeddable":true,"href":"https:\/\/pre.efe.com\/pt-br\/wp-json\/wp\/v2\/comments?post=2193668"}],"version-history":[{"count":2,"href":"https:\/\/pre.efe.com\/pt-br\/wp-json\/wp\/v2\/posts\/2193668\/revisions"}],"predecessor-version":[{"id":2193689,"href":"https:\/\/pre.efe.com\/pt-br\/wp-json\/wp\/v2\/posts\/2193668\/revisions\/2193689"}],"wp:featuredmedia":[{"embeddable":true,"href":"https:\/\/pre.efe.com\/pt-br\/wp-json\/wp\/v2\/media\/2193685"}],"wp:attachment":[{"href":"https:\/\/pre.efe.com\/pt-br\/wp-json\/wp\/v2\/media?parent=2193668"}],"wp:term":[{"taxonomy":"category","embeddable":true,"href":"https:\/\/pre.efe.com\/pt-br\/wp-json\/wp\/v2\/categories?post=2193668"},{"taxonomy":"post_tag","embeddable":true,"href":"https:\/\/pre.efe.com\/pt-br\/wp-json\/wp\/v2\/tags?post=2193668"}],"curies":[{"name":"wp","href":"https:\/\/api.w.org\/{rel}","templated":true}]}}