{"id":220397,"date":"2022-12-24T12:17:00","date_gmt":"2022-12-24T11:17:00","guid":{"rendered":"https:\/\/pre.efe.com\/?p=220397"},"modified":"2022-12-24T15:01:51","modified_gmt":"2022-12-24T14:01:51","slug":"autor-de-ataque-em-paris-confessou-intencao-de-matar-pessoas-curdas","status":"publish","type":"post","link":"https:\/\/pre.efe.com\/pt-br\/mundo-2\/2022-12-24\/autor-de-ataque-em-paris-confessou-intencao-de-matar-pessoas-curdas\/","title":{"rendered":"Autor de ataque em Paris confessou inten\u00e7\u00e3o de matar pessoas curdas"},"content":{"rendered":"\n<p>Paris (EFE).- O autor do ataque que matou tr\u00eas curdos nesta sexta-feira no centro de Paris, na Fran\u00e7a, confessou que a inten\u00e7\u00e3o era matar pessoas dessa origem, segundo apontam fontes ligadas \u00e0 investiga\u00e7\u00e3o.<\/p>\n\n\n\n<p>As informa\u00e7\u00f5es foram divulgadas por durante a pris\u00e3o do homem, que teria dito que a motiva\u00e7\u00e3o do crime era &#8220;racista&#8221;, conforme detalham as fontes, citadas pela imprensa francesa.<\/p>\n\n\n\n<p>De acordo com a emissora de televis\u00e3o &#8220;BFMTV&#8221;, no momento da deten\u00e7\u00e3o, em uma barbearia que fica pr\u00f3xima ao centro cultural curdo onde aconteceu o ataque, o homem perguntou aos policiais quantas pessoas havia matado.<\/p>\n\n\n\n<p>Os investigadores n\u00e3o determinaram at\u00e9 se a a\u00e7\u00e3o teve car\u00e1ter terrorista, algo que est\u00e1 sendo solicitado por representantes das associa\u00e7\u00f5es curdas na Fran\u00e7a.<\/p>\n\n\n\n<p>O Minist\u00e9rio P\u00fablico do pa\u00eds europeu acusa o indiv\u00edduo pelos crimes de assassinato, tentativa de assassinato, viol\u00eancia e infra\u00e7\u00e3o contra a lei de posse de armas, enquanto a Procuradoria Antiterrorista acompanha o caso para determinar se far\u00e1 acusa\u00e7\u00f5es.<\/p>\n\n\n\n<p>Representantes da comunidade curda foram recebidos pelo chefe da pol\u00edcia de Paris, Laurent Nu\u00f1ez. A porta-voz da autoridade afirmou, ap\u00f3s a reuni\u00e3o, que a possibilidade de terrorismo &#8220;deve ser levada em conta&#8221;.<\/p>\n\n\n\n<blockquote class=\"wp-block-quote is-layout-flow wp-block-quote-is-layout-flow\">\n<p>&#8220;Para n\u00f3s, n\u00e3o h\u00e1 nenhuma d\u00favida do car\u00e1ter pol\u00edtico e terrorista desses assassinatos. Pedimos que a qualifica\u00e7\u00e3o dos mesmos seja revisada&#8221;, admitiu Agit Polat.<\/p>\n<\/blockquote>\n\n\n\n<p>Ontem, manifestantes lan\u00e7aram objetivos contra agentes de seguran\u00e7a p\u00fablica e vandalizaram o mobili\u00e1rio urbano na regi\u00e3o pr\u00f3xima onde aconteceu o ataque.<\/p>\n\n\n\n<p>Neste s\u00e1bado, ocorre protesto na Place de la R\u00e9publique, onde a popula\u00e7\u00e3o curda denuncia as amea\u00e7as que v\u00eam sofrendo.<\/p>\n\n\n\n<p>Com bandeiras do Partido de Trabalhadores do Curdist\u00e3o (PKK) e outras com o rosto do l\u00edder da legenda, Abdullah \u00d6calan, centenas de manifestantes foram \u00e0s ruas.<\/p>\n\n\n\n<p>O ataque aconteceu ontem, poucos dias antes do anivers\u00e1rio do assassinato \u00e0 sangue frio de tr\u00eas militantes curdos em outro centro turco localizado no mesmo distrito de Paris, a poucos metros do recente local do crime.<\/p>\n\n\n\n<p>A comunidade curda na Fran\u00e7a considera que o pa\u00eds n\u00e3o fez o suficiente para elucidar o envolvimento da Turquia no crime anterior, enquanto suspeitam do envolvimento de Ancara no ataque de ontem. EFE<\/p>\n","protected":false},"excerpt":{"rendered":"<p>Paris (EFE).- O autor do ataque que matou tr\u00eas curdos nesta sexta-feira no centro de Paris, na Fran\u00e7a, confessou que a inten\u00e7\u00e3o era matar pessoas dessa origem, segundo apontam fontes ligadas \u00e0 investiga\u00e7\u00e3o. As informa\u00e7\u00f5es foram divulgadas por durante a pris\u00e3o do homem, que teria dito que a motiva\u00e7\u00e3o do crime era &#8220;racista&#8221;, conforme detalham &#8230; <a title=\"Autor de ataque em Paris confessou inten\u00e7\u00e3o de matar pessoas curdas\" class=\"read-more\" href=\"https:\/\/pre.efe.com\/pt-br\/mundo-2\/2022-12-24\/autor-de-ataque-em-paris-confessou-intencao-de-matar-pessoas-curdas\/\" aria-label=\"Read more about Autor de ataque em Paris confessou inten\u00e7\u00e3o de matar pessoas curdas\">Leia mais<\/a><\/p>\n","protected":false},"author":198164106,"featured_media":220400,"comment_status":"closed","ping_status":"closed","sticky":false,"template":"","format":"standard","meta":{"_acf_changed":false,"_jetpack_memberships_contains_paid_content":false,"footnotes":""},"categories":[123208,122141],"tags":[127793,128370],"class_list":["post-220397","post","type-post","status-publish","format-standard","has-post-thumbnail","hentry","category-mundo-2","category-portada","tag-atentado-2","tag-paris","generate-columns","tablet-grid-50","mobile-grid-100","grid-parent","grid-50"],"acf":[],"yoast_head":"<!-- This site is optimized with the Yoast SEO Premium plugin v26.0 (Yoast SEO v27.4) - https:\/\/yoast.com\/product\/yoast-seo-premium-wordpress\/ -->\n<title>Autor de ataque em Paris confessou inten\u00e7\u00e3o de matar pessoas curdas - EFE<\/title>\n<meta name=\"robots\" content=\"noindex, follow\" \/>\n<meta property=\"og:locale\" content=\"pt_BR\" \/>\n<meta property=\"og:type\" content=\"article\" \/>\n<meta property=\"og:title\" content=\"Autor de ataque em Paris confessou inten\u00e7\u00e3o de matar pessoas curdas - EFE\" \/>\n<meta property=\"og:description\" content=\"Paris (EFE).- O autor do ataque que matou tr\u00eas curdos nesta sexta-feira no centro de Paris, na Fran\u00e7a, confessou que a inten\u00e7\u00e3o era matar pessoas dessa origem, segundo apontam fontes ligadas \u00e0 investiga\u00e7\u00e3o. As informa\u00e7\u00f5es foram divulgadas por durante a pris\u00e3o do homem, que teria dito que a motiva\u00e7\u00e3o do crime era &#8220;racista&#8221;, conforme detalham ... Leia mais\" \/>\n<meta property=\"og:url\" content=\"https:\/\/pre.efe.com\/pt-br\/mundo-2\/2022-12-24\/autor-de-ataque-em-paris-confessou-intencao-de-matar-pessoas-curdas\/\" \/>\n<meta property=\"og:site_name\" content=\"EFE Noticias\" \/>\n<meta property=\"article:publisher\" content=\"https:\/\/www.facebook.com\/AgenciaEFEnoticias\/\" \/>\n<meta property=\"article:published_time\" content=\"2022-12-24T11:17:00+00:00\" \/>\n<meta property=\"article:modified_time\" content=\"2022-12-24T14:01:51+00:00\" \/>\n<meta property=\"og:image\" content=\"https:\/\/i0.wp.com\/efe.com\/\/srv\/htdocs\/wp-content\/uploads\/2022\/12\/PARIS.jpg?fit=900%2C600&ssl=1\" \/>\n\t<meta property=\"og:image:width\" content=\"900\" \/>\n\t<meta property=\"og:image:height\" content=\"600\" \/>\n\t<meta property=\"og:image:type\" content=\"image\/jpeg\" \/>\n<meta name=\"author\" content=\"anachain\" \/>\n<meta name=\"twitter:card\" content=\"summary_large_image\" \/>\n<meta name=\"twitter:creator\" content=\"@efenoticias\" \/>\n<meta name=\"twitter:site\" content=\"@efenoticias\" \/>\n<script type=\"application\/ld+json\" class=\"yoast-schema-graph\">{\"@context\":\"https:\\\/\\\/schema.org\",\"@graph\":[{\"@type\":\"NewsArticle\",\"@id\":\"https:\\\/\\\/pre.efe.com\\\/pt-br\\\/mundo-2\\\/2022-12-24\\\/autor-de-ataque-em-paris-confessou-intencao-de-matar-pessoas-curdas\\\/#article\",\"isPartOf\":{\"@id\":\"https:\\\/\\\/pre.efe.com\\\/pt-br\\\/mundo-2\\\/2022-12-24\\\/autor-de-ataque-em-paris-confessou-intencao-de-matar-pessoas-curdas\\\/\"},\"author\":{\"name\":\"anachain\",\"@id\":\"https:\\\/\\\/pre.efe.com\\\/pt-br\\\/#\\\/schema\\\/person\\\/b19f23f210db552768f68a4b552b004f\"},\"headline\":\"Autor de ataque em Paris confessou inten\u00e7\u00e3o de matar pessoas curdas\",\"datePublished\":\"2022-12-24T11:17:00+00:00\",\"dateModified\":\"2022-12-24T14:01:51+00:00\",\"mainEntityOfPage\":{\"@id\":\"https:\\\/\\\/pre.efe.com\\\/pt-br\\\/mundo-2\\\/2022-12-24\\\/autor-de-ataque-em-paris-confessou-intencao-de-matar-pessoas-curdas\\\/\"},\"wordCount\":409,\"publisher\":{\"@id\":\"https:\\\/\\\/pre.efe.com\\\/pt-br\\\/#organization\"},\"image\":{\"@id\":\"https:\\\/\\\/pre.efe.com\\\/pt-br\\\/mundo-2\\\/2022-12-24\\\/autor-de-ataque-em-paris-confessou-intencao-de-matar-pessoas-curdas\\\/#primaryimage\"},\"thumbnailUrl\":\"https:\\\/\\\/pre.efe.com\\\/wp-content\\\/uploads\\\/2022\\\/12\\\/PARIS.jpg\",\"keywords\":[\"Atentado\",\"Paris\"],\"articleSection\":[\"Mundo\",\"Portada\"],\"inLanguage\":\"pt-BR\",\"copyrightYear\":\"2022\",\"copyrightHolder\":{\"@id\":\"https:\\\/\\\/pre.efe.com\\\/#organization\"}},{\"@type\":[\"WebPage\",\"ItemPage\"],\"@id\":\"https:\\\/\\\/pre.efe.com\\\/pt-br\\\/mundo-2\\\/2022-12-24\\\/autor-de-ataque-em-paris-confessou-intencao-de-matar-pessoas-curdas\\\/\",\"url\":\"https:\\\/\\\/pre.efe.com\\\/pt-br\\\/mundo-2\\\/2022-12-24\\\/autor-de-ataque-em-paris-confessou-intencao-de-matar-pessoas-curdas\\\/\",\"name\":\"Autor de ataque em Paris confessou inten\u00e7\u00e3o de matar pessoas curdas - EFE\",\"isPartOf\":{\"@id\":\"https:\\\/\\\/pre.efe.com\\\/pt-br\\\/#website\"},\"primaryImageOfPage\":{\"@id\":\"https:\\\/\\\/pre.efe.com\\\/pt-br\\\/mundo-2\\\/2022-12-24\\\/autor-de-ataque-em-paris-confessou-intencao-de-matar-pessoas-curdas\\\/#primaryimage\"},\"image\":{\"@id\":\"https:\\\/\\\/pre.efe.com\\\/pt-br\\\/mundo-2\\\/2022-12-24\\\/autor-de-ataque-em-paris-confessou-intencao-de-matar-pessoas-curdas\\\/#primaryimage\"},\"thumbnailUrl\":\"https:\\\/\\\/pre.efe.com\\\/wp-content\\\/uploads\\\/2022\\\/12\\\/PARIS.jpg\",\"datePublished\":\"2022-12-24T11:17:00+00:00\",\"dateModified\":\"2022-12-24T14:01:51+00:00\",\"breadcrumb\":{\"@id\":\"https:\\\/\\\/pre.efe.com\\\/pt-br\\\/mundo-2\\\/2022-12-24\\\/autor-de-ataque-em-paris-confessou-intencao-de-matar-pessoas-curdas\\\/#breadcrumb\"},\"inLanguage\":\"pt-BR\",\"potentialAction\":[{\"@type\":\"ReadAction\",\"target\":[\"https:\\\/\\\/pre.efe.com\\\/pt-br\\\/mundo-2\\\/2022-12-24\\\/autor-de-ataque-em-paris-confessou-intencao-de-matar-pessoas-curdas\\\/\"]}]},{\"@type\":\"ImageObject\",\"inLanguage\":\"pt-BR\",\"@id\":\"https:\\\/\\\/pre.efe.com\\\/pt-br\\\/mundo-2\\\/2022-12-24\\\/autor-de-ataque-em-paris-confessou-intencao-de-matar-pessoas-curdas\\\/#primaryimage\",\"url\":\"https:\\\/\\\/pre.efe.com\\\/wp-content\\\/uploads\\\/2022\\\/12\\\/PARIS.jpg\",\"contentUrl\":\"https:\\\/\\\/pre.efe.com\\\/wp-content\\\/uploads\\\/2022\\\/12\\\/PARIS.jpg\",\"width\":900,\"height\":600,\"caption\":\"EFE\\\/TERESA SUAREZ\"},{\"@type\":\"BreadcrumbList\",\"@id\":\"https:\\\/\\\/pre.efe.com\\\/pt-br\\\/mundo-2\\\/2022-12-24\\\/autor-de-ataque-em-paris-confessou-intencao-de-matar-pessoas-curdas\\\/#breadcrumb\",\"itemListElement\":[{\"@type\":\"ListItem\",\"position\":1,\"name\":\"Portada\",\"item\":\"https:\\\/\\\/pre.efe.com\\\/pt-br\\\/\"},{\"@type\":\"ListItem\",\"position\":2,\"name\":\"Autor de ataque em Paris confessou inten\u00e7\u00e3o de matar pessoas curdas\"}]},{\"@type\":\"WebSite\",\"@id\":\"https:\\\/\\\/pre.efe.com\\\/pt-br\\\/#website\",\"url\":\"https:\\\/\\\/pre.efe.com\\\/pt-br\\\/\",\"name\":\"EFE Noticias\",\"description\":\"\",\"publisher\":{\"@id\":\"https:\\\/\\\/pre.efe.com\\\/pt-br\\\/#organization\"},\"potentialAction\":[{\"@type\":\"SearchAction\",\"target\":{\"@type\":\"EntryPoint\",\"urlTemplate\":\"https:\\\/\\\/pre.efe.com\\\/pt-br\\\/?s={search_term_string}\"},\"query-input\":{\"@type\":\"PropertyValueSpecification\",\"valueRequired\":true,\"valueName\":\"search_term_string\"}}],\"inLanguage\":\"pt-BR\"},{\"@type\":\"Organization\",\"@id\":\"https:\\\/\\\/pre.efe.com\\\/pt-br\\\/#organization\",\"name\":\"Agencia EFE\",\"url\":\"https:\\\/\\\/pre.efe.com\\\/pt-br\\\/\",\"logo\":{\"@type\":\"ImageObject\",\"inLanguage\":\"pt-BR\",\"@id\":\"https:\\\/\\\/pre.efe.com\\\/pt-br\\\/#\\\/schema\\\/logo\\\/image\\\/\",\"url\":\"https:\\\/\\\/pre.efe.com\\\/wp-content\\\/uploads\\\/2023\\\/06\\\/logo-efe-467.png\",\"contentUrl\":\"https:\\\/\\\/pre.efe.com\\\/wp-content\\\/uploads\\\/2023\\\/06\\\/logo-efe-467.png\",\"width\":467,\"height\":467,\"caption\":\"Agencia EFE\"},\"image\":{\"@id\":\"https:\\\/\\\/pre.efe.com\\\/pt-br\\\/#\\\/schema\\\/logo\\\/image\\\/\"},\"sameAs\":[\"https:\\\/\\\/www.facebook.com\\\/AgenciaEFEnoticias\\\/\",\"https:\\\/\\\/x.com\\\/efenoticias\",\"https:\\\/\\\/www.instagram.com\\\/efe_noticias\\\/\",\"http:\\\/\\\/www.youtube.com\\\/efe\"]},{\"@type\":\"Person\",\"@id\":\"https:\\\/\\\/pre.efe.com\\\/pt-br\\\/#\\\/schema\\\/person\\\/b19f23f210db552768f68a4b552b004f\",\"name\":\"anachain\",\"image\":{\"@type\":\"ImageObject\",\"inLanguage\":\"pt-BR\",\"@id\":\"https:\\\/\\\/secure.gravatar.com\\\/avatar\\\/30b83965911ef1108bb893c00bdd65c885f9890e1265ee04b02c3d5adc785d37?s=96&d=identicon&r=g\",\"url\":\"https:\\\/\\\/secure.gravatar.com\\\/avatar\\\/30b83965911ef1108bb893c00bdd65c885f9890e1265ee04b02c3d5adc785d37?s=96&d=identicon&r=g\",\"contentUrl\":\"https:\\\/\\\/secure.gravatar.com\\\/avatar\\\/30b83965911ef1108bb893c00bdd65c885f9890e1265ee04b02c3d5adc785d37?s=96&d=identicon&r=g\",\"caption\":\"anachain\"},\"url\":\"https:\\\/\\\/pre.efe.com\\\/pt-br\\\/autor\\\/anachain\\\/\"}]}<\/script>\n<!-- \/ Yoast SEO Premium plugin. -->","yoast_head_json":{"title":"Autor de ataque em Paris confessou inten\u00e7\u00e3o de matar pessoas curdas - EFE","robots":{"index":"noindex","follow":"follow"},"og_locale":"pt_BR","og_type":"article","og_title":"Autor de ataque em Paris confessou inten\u00e7\u00e3o de matar pessoas curdas - EFE","og_description":"Paris (EFE).- O autor do ataque que matou tr\u00eas curdos nesta sexta-feira no centro de Paris, na Fran\u00e7a, confessou que a inten\u00e7\u00e3o era matar pessoas dessa origem, segundo apontam fontes ligadas \u00e0 investiga\u00e7\u00e3o. As informa\u00e7\u00f5es foram divulgadas por durante a pris\u00e3o do homem, que teria dito que a motiva\u00e7\u00e3o do crime era &#8220;racista&#8221;, conforme detalham ... Leia mais","og_url":"https:\/\/pre.efe.com\/pt-br\/mundo-2\/2022-12-24\/autor-de-ataque-em-paris-confessou-intencao-de-matar-pessoas-curdas\/","og_site_name":"EFE Noticias","article_publisher":"https:\/\/www.facebook.com\/AgenciaEFEnoticias\/","article_published_time":"2022-12-24T11:17:00+00:00","article_modified_time":"2022-12-24T14:01:51+00:00","og_image":[{"width":900,"height":600,"url":"https:\/\/i0.wp.com\/efe.com\/\/srv\/htdocs\/wp-content\/uploads\/2022\/12\/PARIS.jpg?fit=900%2C600&ssl=1","type":"image\/jpeg"}],"author":"anachain","twitter_card":"summary_large_image","twitter_creator":"@efenoticias","twitter_site":"@efenoticias","schema":{"@context":"https:\/\/schema.org","@graph":[{"@type":"NewsArticle","@id":"https:\/\/pre.efe.com\/pt-br\/mundo-2\/2022-12-24\/autor-de-ataque-em-paris-confessou-intencao-de-matar-pessoas-curdas\/#article","isPartOf":{"@id":"https:\/\/pre.efe.com\/pt-br\/mundo-2\/2022-12-24\/autor-de-ataque-em-paris-confessou-intencao-de-matar-pessoas-curdas\/"},"author":{"name":"anachain","@id":"https:\/\/pre.efe.com\/pt-br\/#\/schema\/person\/b19f23f210db552768f68a4b552b004f"},"headline":"Autor de ataque em Paris confessou inten\u00e7\u00e3o de matar pessoas curdas","datePublished":"2022-12-24T11:17:00+00:00","dateModified":"2022-12-24T14:01:51+00:00","mainEntityOfPage":{"@id":"https:\/\/pre.efe.com\/pt-br\/mundo-2\/2022-12-24\/autor-de-ataque-em-paris-confessou-intencao-de-matar-pessoas-curdas\/"},"wordCount":409,"publisher":{"@id":"https:\/\/pre.efe.com\/pt-br\/#organization"},"image":{"@id":"https:\/\/pre.efe.com\/pt-br\/mundo-2\/2022-12-24\/autor-de-ataque-em-paris-confessou-intencao-de-matar-pessoas-curdas\/#primaryimage"},"thumbnailUrl":"https:\/\/pre.efe.com\/wp-content\/uploads\/2022\/12\/PARIS.jpg","keywords":["Atentado","Paris"],"articleSection":["Mundo","Portada"],"inLanguage":"pt-BR","copyrightYear":"2022","copyrightHolder":{"@id":"https:\/\/pre.efe.com\/#organization"}},{"@type":["WebPage","ItemPage"],"@id":"https:\/\/pre.efe.com\/pt-br\/mundo-2\/2022-12-24\/autor-de-ataque-em-paris-confessou-intencao-de-matar-pessoas-curdas\/","url":"https:\/\/pre.efe.com\/pt-br\/mundo-2\/2022-12-24\/autor-de-ataque-em-paris-confessou-intencao-de-matar-pessoas-curdas\/","name":"Autor de ataque em Paris confessou inten\u00e7\u00e3o de matar pessoas curdas - EFE","isPartOf":{"@id":"https:\/\/pre.efe.com\/pt-br\/#website"},"primaryImageOfPage":{"@id":"https:\/\/pre.efe.com\/pt-br\/mundo-2\/2022-12-24\/autor-de-ataque-em-paris-confessou-intencao-de-matar-pessoas-curdas\/#primaryimage"},"image":{"@id":"https:\/\/pre.efe.com\/pt-br\/mundo-2\/2022-12-24\/autor-de-ataque-em-paris-confessou-intencao-de-matar-pessoas-curdas\/#primaryimage"},"thumbnailUrl":"https:\/\/pre.efe.com\/wp-content\/uploads\/2022\/12\/PARIS.jpg","datePublished":"2022-12-24T11:17:00+00:00","dateModified":"2022-12-24T14:01:51+00:00","breadcrumb":{"@id":"https:\/\/pre.efe.com\/pt-br\/mundo-2\/2022-12-24\/autor-de-ataque-em-paris-confessou-intencao-de-matar-pessoas-curdas\/#breadcrumb"},"inLanguage":"pt-BR","potentialAction":[{"@type":"ReadAction","target":["https:\/\/pre.efe.com\/pt-br\/mundo-2\/2022-12-24\/autor-de-ataque-em-paris-confessou-intencao-de-matar-pessoas-curdas\/"]}]},{"@type":"ImageObject","inLanguage":"pt-BR","@id":"https:\/\/pre.efe.com\/pt-br\/mundo-2\/2022-12-24\/autor-de-ataque-em-paris-confessou-intencao-de-matar-pessoas-curdas\/#primaryimage","url":"https:\/\/pre.efe.com\/wp-content\/uploads\/2022\/12\/PARIS.jpg","contentUrl":"https:\/\/pre.efe.com\/wp-content\/uploads\/2022\/12\/PARIS.jpg","width":900,"height":600,"caption":"EFE\/TERESA SUAREZ"},{"@type":"BreadcrumbList","@id":"https:\/\/pre.efe.com\/pt-br\/mundo-2\/2022-12-24\/autor-de-ataque-em-paris-confessou-intencao-de-matar-pessoas-curdas\/#breadcrumb","itemListElement":[{"@type":"ListItem","position":1,"name":"Portada","item":"https:\/\/pre.efe.com\/pt-br\/"},{"@type":"ListItem","position":2,"name":"Autor de ataque em Paris confessou inten\u00e7\u00e3o de matar pessoas curdas"}]},{"@type":"WebSite","@id":"https:\/\/pre.efe.com\/pt-br\/#website","url":"https:\/\/pre.efe.com\/pt-br\/","name":"EFE Noticias","description":"","publisher":{"@id":"https:\/\/pre.efe.com\/pt-br\/#organization"},"potentialAction":[{"@type":"SearchAction","target":{"@type":"EntryPoint","urlTemplate":"https:\/\/pre.efe.com\/pt-br\/?s={search_term_string}"},"query-input":{"@type":"PropertyValueSpecification","valueRequired":true,"valueName":"search_term_string"}}],"inLanguage":"pt-BR"},{"@type":"Organization","@id":"https:\/\/pre.efe.com\/pt-br\/#organization","name":"Agencia EFE","url":"https:\/\/pre.efe.com\/pt-br\/","logo":{"@type":"ImageObject","inLanguage":"pt-BR","@id":"https:\/\/pre.efe.com\/pt-br\/#\/schema\/logo\/image\/","url":"https:\/\/pre.efe.com\/wp-content\/uploads\/2023\/06\/logo-efe-467.png","contentUrl":"https:\/\/pre.efe.com\/wp-content\/uploads\/2023\/06\/logo-efe-467.png","width":467,"height":467,"caption":"Agencia EFE"},"image":{"@id":"https:\/\/pre.efe.com\/pt-br\/#\/schema\/logo\/image\/"},"sameAs":["https:\/\/www.facebook.com\/AgenciaEFEnoticias\/","https:\/\/x.com\/efenoticias","https:\/\/www.instagram.com\/efe_noticias\/","http:\/\/www.youtube.com\/efe"]},{"@type":"Person","@id":"https:\/\/pre.efe.com\/pt-br\/#\/schema\/person\/b19f23f210db552768f68a4b552b004f","name":"anachain","image":{"@type":"ImageObject","inLanguage":"pt-BR","@id":"https:\/\/secure.gravatar.com\/avatar\/30b83965911ef1108bb893c00bdd65c885f9890e1265ee04b02c3d5adc785d37?s=96&d=identicon&r=g","url":"https:\/\/secure.gravatar.com\/avatar\/30b83965911ef1108bb893c00bdd65c885f9890e1265ee04b02c3d5adc785d37?s=96&d=identicon&r=g","contentUrl":"https:\/\/secure.gravatar.com\/avatar\/30b83965911ef1108bb893c00bdd65c885f9890e1265ee04b02c3d5adc785d37?s=96&d=identicon&r=g","caption":"anachain"},"url":"https:\/\/pre.efe.com\/pt-br\/autor\/anachain\/"}]}},"jetpack_featured_media_url":"https:\/\/pre.efe.com\/wp-content\/uploads\/2022\/12\/PARIS.jpg","jetpack_shortlink":"https:\/\/wp.me\/peJvHm-VkN","jetpack_sharing_enabled":true,"_links":{"self":[{"href":"https:\/\/pre.efe.com\/pt-br\/wp-json\/wp\/v2\/posts\/220397","targetHints":{"allow":["GET"]}}],"collection":[{"href":"https:\/\/pre.efe.com\/pt-br\/wp-json\/wp\/v2\/posts"}],"about":[{"href":"https:\/\/pre.efe.com\/pt-br\/wp-json\/wp\/v2\/types\/post"}],"author":[{"embeddable":true,"href":"https:\/\/pre.efe.com\/pt-br\/wp-json\/wp\/v2\/users\/198164106"}],"replies":[{"embeddable":true,"href":"https:\/\/pre.efe.com\/pt-br\/wp-json\/wp\/v2\/comments?post=220397"}],"version-history":[{"count":2,"href":"https:\/\/pre.efe.com\/pt-br\/wp-json\/wp\/v2\/posts\/220397\/revisions"}],"predecessor-version":[{"id":220406,"href":"https:\/\/pre.efe.com\/pt-br\/wp-json\/wp\/v2\/posts\/220397\/revisions\/220406"}],"wp:featuredmedia":[{"embeddable":true,"href":"https:\/\/pre.efe.com\/pt-br\/wp-json\/wp\/v2\/media\/220400"}],"wp:attachment":[{"href":"https:\/\/pre.efe.com\/pt-br\/wp-json\/wp\/v2\/media?parent=220397"}],"wp:term":[{"taxonomy":"category","embeddable":true,"href":"https:\/\/pre.efe.com\/pt-br\/wp-json\/wp\/v2\/categories?post=220397"},{"taxonomy":"post_tag","embeddable":true,"href":"https:\/\/pre.efe.com\/pt-br\/wp-json\/wp\/v2\/tags?post=220397"}],"curies":[{"name":"wp","href":"https:\/\/api.w.org\/{rel}","templated":true}]}}