{"id":228075,"date":"2023-01-02T15:08:41","date_gmt":"2023-01-02T14:08:41","guid":{"rendered":"https:\/\/pre.efe.com\/?p=228075"},"modified":"2023-01-03T04:21:58","modified_gmt":"2023-01-03T03:21:58","slug":"lula-recebe-rei-da-espanha-em-1a-reuniao-bilateral-apos-posse","status":"publish","type":"post","link":"https:\/\/pre.efe.com\/pt-br\/brasil\/2023-01-02\/lula-recebe-rei-da-espanha-em-1a-reuniao-bilateral-apos-posse\/","title":{"rendered":"Lula e Felipe VI falam sobre rela\u00e7\u00e3o bilateral, Am\u00e9rica Latina e Europa"},"content":{"rendered":"\n<p>Bras\u00edlia (EFE).- O presidente Luiz In\u00e1cio Lula da Silva e o rei da Espanha, Felipe VI, se reuniram nesta segunda-feira em Bras\u00edlia e debateram as rela\u00e7\u00f5es bilaterais e outros temas envolvendo Europa e Am\u00e9rica Latina.<\/p>\n\n\n\n<p>O encontro com Felipe VI, que aconteceu no Pal\u00e1cio do Itamaraty, contou com a presen\u00e7a da segunda vice-presidente e ministra do Trabalho espanhola, Yolanda D\u00edaz, e o ministro das Rela\u00e7\u00f5es Exteriores do pa\u00eds europeu, Jos\u00e9 Manuel Albares.<\/p>\n\n\n\n<blockquote class=\"wp-block-quote is-layout-flow wp-block-quote-is-layout-flow\">\n<p>&#8220;Recebi agora os cumprimentos do Rei Felipe VI, da Espanha, que veio ao Brasil acompanhar a nossa posse. Conversamos sobre as rela\u00e7\u00f5es Brasil e Espanha, a Europa e Am\u00e9rica Latina&#8221;, disse Lula em suas redes sociais.<\/p>\n<\/blockquote>\n\n\n\n<p>Antes da posse, Felipe VI disse em uma reuni\u00e3o com membros da comunidade espanhola no Brasil que espera que o pa\u00eds &#8220;desempenhe um papel internacional muito ativo&#8221;. J\u00e1 Albares afirmou \u00e0 EFE que &#8220;Lula tem uma agenda muito compat\u00edvel com a do governo espanhol&#8221;, baseada em &#8220;igualdade social, justi\u00e7a social, defesa do meio ambiente e uma cren\u00e7a no multilateralismo&#8221;.<\/p>\n\n\n\n<blockquote class=\"wp-block-quote is-layout-flow wp-block-quote-is-layout-flow\">\n<p>&#8220;O governo Lula \u00e9 um governo que encaramos com otimismo e esperan\u00e7a&#8221;, ressaltou Albares, que acredita que os dois pa\u00edses podem continuar intensificando suas rela\u00e7\u00f5es econ\u00f4micas, assim como a luta contra a mudan\u00e7a clim\u00e1tica.<\/p>\n<\/blockquote>\n\n\n\n<p>O encontro com o chefe de Estado espanhol foi o primeiro da agenda de Lula nesta segunda-feira, que tamb\u00e9m receber\u00e1 l\u00edderes latino-americanos, africanos e o vice-presidente da China, Wang Qishan, entre outras autoridades estrangeiras. EFE<\/p>\n","protected":false},"excerpt":{"rendered":"<p>Bras\u00edlia (EFE).- O presidente Luiz In\u00e1cio Lula da Silva e o rei da Espanha, Felipe VI, se reuniram nesta segunda-feira em Bras\u00edlia e debateram as rela\u00e7\u00f5es bilaterais e outros temas envolvendo Europa e Am\u00e9rica Latina. O encontro com Felipe VI, que aconteceu no Pal\u00e1cio do Itamaraty, contou com a presen\u00e7a da segunda vice-presidente e ministra &#8230; <a title=\"Lula e Felipe VI falam sobre rela\u00e7\u00e3o bilateral, Am\u00e9rica Latina e Europa\" class=\"read-more\" href=\"https:\/\/pre.efe.com\/pt-br\/brasil\/2023-01-02\/lula-recebe-rei-da-espanha-em-1a-reuniao-bilateral-apos-posse\/\" aria-label=\"Read more about Lula e Felipe VI falam sobre rela\u00e7\u00e3o bilateral, Am\u00e9rica Latina e Europa\">Leia mais<\/a><\/p>\n","protected":false},"author":198164106,"featured_media":228077,"comment_status":"closed","ping_status":"closed","sticky":false,"template":"","format":"standard","meta":{"_acf_changed":false,"_jetpack_memberships_contains_paid_content":false,"footnotes":""},"categories":[123513,122141],"tags":[125591,124421,124845,122326],"class_list":["post-228075","post","type-post","status-publish","format-standard","has-post-thumbnail","hentry","category-brasil","category-portada","tag-brasil-2","tag-espanha","tag-governo","tag-lula","generate-columns","tablet-grid-50","mobile-grid-100","grid-parent","grid-50"],"acf":[],"yoast_head":"<!-- This site is optimized with the Yoast SEO Premium plugin v26.0 (Yoast SEO v27.4) - https:\/\/yoast.com\/product\/yoast-seo-premium-wordpress\/ -->\n<title>Lula e Felipe VI falam sobre rela\u00e7\u00e3o bilateral, Am\u00e9rica Latina e Europa - EFE<\/title>\n<meta name=\"robots\" content=\"noindex, follow\" \/>\n<meta property=\"og:locale\" content=\"pt_BR\" \/>\n<meta property=\"og:type\" content=\"article\" \/>\n<meta property=\"og:title\" content=\"Lula e Felipe VI falam sobre rela\u00e7\u00e3o bilateral, Am\u00e9rica Latina e Europa - EFE\" \/>\n<meta property=\"og:description\" content=\"Bras\u00edlia (EFE).- O presidente Luiz In\u00e1cio Lula da Silva e o rei da Espanha, Felipe VI, se reuniram nesta segunda-feira em Bras\u00edlia e debateram as rela\u00e7\u00f5es bilaterais e outros temas envolvendo Europa e Am\u00e9rica Latina. O encontro com Felipe VI, que aconteceu no Pal\u00e1cio do Itamaraty, contou com a presen\u00e7a da segunda vice-presidente e ministra ... Leia mais\" \/>\n<meta property=\"og:url\" content=\"https:\/\/pre.efe.com\/pt-br\/brasil\/2023-01-02\/lula-recebe-rei-da-espanha-em-1a-reuniao-bilateral-apos-posse\/\" \/>\n<meta property=\"og:site_name\" content=\"EFE Noticias\" \/>\n<meta property=\"article:publisher\" content=\"https:\/\/www.facebook.com\/AgenciaEFEnoticias\/\" \/>\n<meta property=\"article:published_time\" content=\"2023-01-02T14:08:41+00:00\" \/>\n<meta property=\"article:modified_time\" content=\"2023-01-03T03:21:58+00:00\" \/>\n<meta property=\"og:image\" content=\"https:\/\/i0.wp.com\/efe.com\/\/srv\/htdocs\/wp-content\/uploads\/2023\/01\/bc9da629e3514d5ad3fa4cfe8985e6fee24a3493miniw.jpg?fit=900%2C598&ssl=1\" \/>\n\t<meta property=\"og:image:width\" content=\"900\" \/>\n\t<meta property=\"og:image:height\" content=\"598\" \/>\n\t<meta property=\"og:image:type\" content=\"image\/jpeg\" \/>\n<meta name=\"author\" content=\"anachain\" \/>\n<meta name=\"twitter:card\" content=\"summary_large_image\" \/>\n<meta name=\"twitter:creator\" content=\"@efenoticias\" \/>\n<meta name=\"twitter:site\" content=\"@efenoticias\" \/>\n<script type=\"application\/ld+json\" class=\"yoast-schema-graph\">{\"@context\":\"https:\\\/\\\/schema.org\",\"@graph\":[{\"@type\":\"NewsArticle\",\"@id\":\"https:\\\/\\\/pre.efe.com\\\/pt-br\\\/brasil\\\/2023-01-02\\\/lula-recebe-rei-da-espanha-em-1a-reuniao-bilateral-apos-posse\\\/#article\",\"isPartOf\":{\"@id\":\"https:\\\/\\\/pre.efe.com\\\/pt-br\\\/brasil\\\/2023-01-02\\\/lula-recebe-rei-da-espanha-em-1a-reuniao-bilateral-apos-posse\\\/\"},\"author\":{\"name\":\"anachain\",\"@id\":\"https:\\\/\\\/pre.efe.com\\\/pt-br\\\/#\\\/schema\\\/person\\\/b19f23f210db552768f68a4b552b004f\"},\"headline\":\"Lula e Felipe VI falam sobre rela\u00e7\u00e3o bilateral, Am\u00e9rica Latina e Europa\",\"datePublished\":\"2023-01-02T14:08:41+00:00\",\"dateModified\":\"2023-01-03T03:21:58+00:00\",\"mainEntityOfPage\":{\"@id\":\"https:\\\/\\\/pre.efe.com\\\/pt-br\\\/brasil\\\/2023-01-02\\\/lula-recebe-rei-da-espanha-em-1a-reuniao-bilateral-apos-posse\\\/\"},\"wordCount\":274,\"publisher\":{\"@id\":\"https:\\\/\\\/pre.efe.com\\\/pt-br\\\/#organization\"},\"image\":{\"@id\":\"https:\\\/\\\/pre.efe.com\\\/pt-br\\\/brasil\\\/2023-01-02\\\/lula-recebe-rei-da-espanha-em-1a-reuniao-bilateral-apos-posse\\\/#primaryimage\"},\"thumbnailUrl\":\"https:\\\/\\\/pre.efe.com\\\/wp-content\\\/uploads\\\/2023\\\/01\\\/bc9da629e3514d5ad3fa4cfe8985e6fee24a3493miniw.jpg\",\"keywords\":[\"Brasil\",\"Espanha\",\"Governo\",\"Lula\"],\"articleSection\":[\"Brasil\",\"Portada\"],\"inLanguage\":\"pt-BR\",\"copyrightYear\":\"2023\",\"copyrightHolder\":{\"@id\":\"https:\\\/\\\/pre.efe.com\\\/#organization\"}},{\"@type\":[\"WebPage\",\"ItemPage\"],\"@id\":\"https:\\\/\\\/pre.efe.com\\\/pt-br\\\/brasil\\\/2023-01-02\\\/lula-recebe-rei-da-espanha-em-1a-reuniao-bilateral-apos-posse\\\/\",\"url\":\"https:\\\/\\\/pre.efe.com\\\/pt-br\\\/brasil\\\/2023-01-02\\\/lula-recebe-rei-da-espanha-em-1a-reuniao-bilateral-apos-posse\\\/\",\"name\":\"Lula e Felipe VI falam sobre rela\u00e7\u00e3o bilateral, Am\u00e9rica Latina e Europa - EFE\",\"isPartOf\":{\"@id\":\"https:\\\/\\\/pre.efe.com\\\/pt-br\\\/#website\"},\"primaryImageOfPage\":{\"@id\":\"https:\\\/\\\/pre.efe.com\\\/pt-br\\\/brasil\\\/2023-01-02\\\/lula-recebe-rei-da-espanha-em-1a-reuniao-bilateral-apos-posse\\\/#primaryimage\"},\"image\":{\"@id\":\"https:\\\/\\\/pre.efe.com\\\/pt-br\\\/brasil\\\/2023-01-02\\\/lula-recebe-rei-da-espanha-em-1a-reuniao-bilateral-apos-posse\\\/#primaryimage\"},\"thumbnailUrl\":\"https:\\\/\\\/pre.efe.com\\\/wp-content\\\/uploads\\\/2023\\\/01\\\/bc9da629e3514d5ad3fa4cfe8985e6fee24a3493miniw.jpg\",\"datePublished\":\"2023-01-02T14:08:41+00:00\",\"dateModified\":\"2023-01-03T03:21:58+00:00\",\"breadcrumb\":{\"@id\":\"https:\\\/\\\/pre.efe.com\\\/pt-br\\\/brasil\\\/2023-01-02\\\/lula-recebe-rei-da-espanha-em-1a-reuniao-bilateral-apos-posse\\\/#breadcrumb\"},\"inLanguage\":\"pt-BR\",\"potentialAction\":[{\"@type\":\"ReadAction\",\"target\":[\"https:\\\/\\\/pre.efe.com\\\/pt-br\\\/brasil\\\/2023-01-02\\\/lula-recebe-rei-da-espanha-em-1a-reuniao-bilateral-apos-posse\\\/\"]}]},{\"@type\":\"ImageObject\",\"inLanguage\":\"pt-BR\",\"@id\":\"https:\\\/\\\/pre.efe.com\\\/pt-br\\\/brasil\\\/2023-01-02\\\/lula-recebe-rei-da-espanha-em-1a-reuniao-bilateral-apos-posse\\\/#primaryimage\",\"url\":\"https:\\\/\\\/pre.efe.com\\\/wp-content\\\/uploads\\\/2023\\\/01\\\/bc9da629e3514d5ad3fa4cfe8985e6fee24a3493miniw.jpg\",\"contentUrl\":\"https:\\\/\\\/pre.efe.com\\\/wp-content\\\/uploads\\\/2023\\\/01\\\/bc9da629e3514d5ad3fa4cfe8985e6fee24a3493miniw.jpg\",\"width\":900,\"height\":598,\"caption\":\"Lula e Felipe VI nesta segunda-feira, em Bras\u00edlia. EFE\\\/EFE\\\/ Andre Borges\"},{\"@type\":\"BreadcrumbList\",\"@id\":\"https:\\\/\\\/pre.efe.com\\\/pt-br\\\/brasil\\\/2023-01-02\\\/lula-recebe-rei-da-espanha-em-1a-reuniao-bilateral-apos-posse\\\/#breadcrumb\",\"itemListElement\":[{\"@type\":\"ListItem\",\"position\":1,\"name\":\"Portada\",\"item\":\"https:\\\/\\\/pre.efe.com\\\/pt-br\\\/\"},{\"@type\":\"ListItem\",\"position\":2,\"name\":\"Lula e Felipe VI falam sobre rela\u00e7\u00e3o bilateral, Am\u00e9rica Latina e Europa\"}]},{\"@type\":\"WebSite\",\"@id\":\"https:\\\/\\\/pre.efe.com\\\/pt-br\\\/#website\",\"url\":\"https:\\\/\\\/pre.efe.com\\\/pt-br\\\/\",\"name\":\"EFE Noticias\",\"description\":\"\",\"publisher\":{\"@id\":\"https:\\\/\\\/pre.efe.com\\\/pt-br\\\/#organization\"},\"potentialAction\":[{\"@type\":\"SearchAction\",\"target\":{\"@type\":\"EntryPoint\",\"urlTemplate\":\"https:\\\/\\\/pre.efe.com\\\/pt-br\\\/?s={search_term_string}\"},\"query-input\":{\"@type\":\"PropertyValueSpecification\",\"valueRequired\":true,\"valueName\":\"search_term_string\"}}],\"inLanguage\":\"pt-BR\"},{\"@type\":\"Organization\",\"@id\":\"https:\\\/\\\/pre.efe.com\\\/pt-br\\\/#organization\",\"name\":\"Agencia EFE\",\"url\":\"https:\\\/\\\/pre.efe.com\\\/pt-br\\\/\",\"logo\":{\"@type\":\"ImageObject\",\"inLanguage\":\"pt-BR\",\"@id\":\"https:\\\/\\\/pre.efe.com\\\/pt-br\\\/#\\\/schema\\\/logo\\\/image\\\/\",\"url\":\"https:\\\/\\\/pre.efe.com\\\/wp-content\\\/uploads\\\/2023\\\/06\\\/logo-efe-467.png\",\"contentUrl\":\"https:\\\/\\\/pre.efe.com\\\/wp-content\\\/uploads\\\/2023\\\/06\\\/logo-efe-467.png\",\"width\":467,\"height\":467,\"caption\":\"Agencia EFE\"},\"image\":{\"@id\":\"https:\\\/\\\/pre.efe.com\\\/pt-br\\\/#\\\/schema\\\/logo\\\/image\\\/\"},\"sameAs\":[\"https:\\\/\\\/www.facebook.com\\\/AgenciaEFEnoticias\\\/\",\"https:\\\/\\\/x.com\\\/efenoticias\",\"https:\\\/\\\/www.instagram.com\\\/efe_noticias\\\/\",\"http:\\\/\\\/www.youtube.com\\\/efe\"]},{\"@type\":\"Person\",\"@id\":\"https:\\\/\\\/pre.efe.com\\\/pt-br\\\/#\\\/schema\\\/person\\\/b19f23f210db552768f68a4b552b004f\",\"name\":\"anachain\",\"image\":{\"@type\":\"ImageObject\",\"inLanguage\":\"pt-BR\",\"@id\":\"https:\\\/\\\/secure.gravatar.com\\\/avatar\\\/30b83965911ef1108bb893c00bdd65c885f9890e1265ee04b02c3d5adc785d37?s=96&d=identicon&r=g\",\"url\":\"https:\\\/\\\/secure.gravatar.com\\\/avatar\\\/30b83965911ef1108bb893c00bdd65c885f9890e1265ee04b02c3d5adc785d37?s=96&d=identicon&r=g\",\"contentUrl\":\"https:\\\/\\\/secure.gravatar.com\\\/avatar\\\/30b83965911ef1108bb893c00bdd65c885f9890e1265ee04b02c3d5adc785d37?s=96&d=identicon&r=g\",\"caption\":\"anachain\"},\"url\":\"https:\\\/\\\/pre.efe.com\\\/pt-br\\\/autor\\\/anachain\\\/\"}]}<\/script>\n<!-- \/ Yoast SEO Premium plugin. -->","yoast_head_json":{"title":"Lula e Felipe VI falam sobre rela\u00e7\u00e3o bilateral, Am\u00e9rica Latina e Europa - EFE","robots":{"index":"noindex","follow":"follow"},"og_locale":"pt_BR","og_type":"article","og_title":"Lula e Felipe VI falam sobre rela\u00e7\u00e3o bilateral, Am\u00e9rica Latina e Europa - EFE","og_description":"Bras\u00edlia (EFE).- O presidente Luiz In\u00e1cio Lula da Silva e o rei da Espanha, Felipe VI, se reuniram nesta segunda-feira em Bras\u00edlia e debateram as rela\u00e7\u00f5es bilaterais e outros temas envolvendo Europa e Am\u00e9rica Latina. O encontro com Felipe VI, que aconteceu no Pal\u00e1cio do Itamaraty, contou com a presen\u00e7a da segunda vice-presidente e ministra ... Leia mais","og_url":"https:\/\/pre.efe.com\/pt-br\/brasil\/2023-01-02\/lula-recebe-rei-da-espanha-em-1a-reuniao-bilateral-apos-posse\/","og_site_name":"EFE Noticias","article_publisher":"https:\/\/www.facebook.com\/AgenciaEFEnoticias\/","article_published_time":"2023-01-02T14:08:41+00:00","article_modified_time":"2023-01-03T03:21:58+00:00","og_image":[{"width":900,"height":598,"url":"https:\/\/i0.wp.com\/efe.com\/\/srv\/htdocs\/wp-content\/uploads\/2023\/01\/bc9da629e3514d5ad3fa4cfe8985e6fee24a3493miniw.jpg?fit=900%2C598&ssl=1","type":"image\/jpeg"}],"author":"anachain","twitter_card":"summary_large_image","twitter_creator":"@efenoticias","twitter_site":"@efenoticias","schema":{"@context":"https:\/\/schema.org","@graph":[{"@type":"NewsArticle","@id":"https:\/\/pre.efe.com\/pt-br\/brasil\/2023-01-02\/lula-recebe-rei-da-espanha-em-1a-reuniao-bilateral-apos-posse\/#article","isPartOf":{"@id":"https:\/\/pre.efe.com\/pt-br\/brasil\/2023-01-02\/lula-recebe-rei-da-espanha-em-1a-reuniao-bilateral-apos-posse\/"},"author":{"name":"anachain","@id":"https:\/\/pre.efe.com\/pt-br\/#\/schema\/person\/b19f23f210db552768f68a4b552b004f"},"headline":"Lula e Felipe VI falam sobre rela\u00e7\u00e3o bilateral, Am\u00e9rica Latina e Europa","datePublished":"2023-01-02T14:08:41+00:00","dateModified":"2023-01-03T03:21:58+00:00","mainEntityOfPage":{"@id":"https:\/\/pre.efe.com\/pt-br\/brasil\/2023-01-02\/lula-recebe-rei-da-espanha-em-1a-reuniao-bilateral-apos-posse\/"},"wordCount":274,"publisher":{"@id":"https:\/\/pre.efe.com\/pt-br\/#organization"},"image":{"@id":"https:\/\/pre.efe.com\/pt-br\/brasil\/2023-01-02\/lula-recebe-rei-da-espanha-em-1a-reuniao-bilateral-apos-posse\/#primaryimage"},"thumbnailUrl":"https:\/\/pre.efe.com\/wp-content\/uploads\/2023\/01\/bc9da629e3514d5ad3fa4cfe8985e6fee24a3493miniw.jpg","keywords":["Brasil","Espanha","Governo","Lula"],"articleSection":["Brasil","Portada"],"inLanguage":"pt-BR","copyrightYear":"2023","copyrightHolder":{"@id":"https:\/\/pre.efe.com\/#organization"}},{"@type":["WebPage","ItemPage"],"@id":"https:\/\/pre.efe.com\/pt-br\/brasil\/2023-01-02\/lula-recebe-rei-da-espanha-em-1a-reuniao-bilateral-apos-posse\/","url":"https:\/\/pre.efe.com\/pt-br\/brasil\/2023-01-02\/lula-recebe-rei-da-espanha-em-1a-reuniao-bilateral-apos-posse\/","name":"Lula e Felipe VI falam sobre rela\u00e7\u00e3o bilateral, Am\u00e9rica Latina e Europa - EFE","isPartOf":{"@id":"https:\/\/pre.efe.com\/pt-br\/#website"},"primaryImageOfPage":{"@id":"https:\/\/pre.efe.com\/pt-br\/brasil\/2023-01-02\/lula-recebe-rei-da-espanha-em-1a-reuniao-bilateral-apos-posse\/#primaryimage"},"image":{"@id":"https:\/\/pre.efe.com\/pt-br\/brasil\/2023-01-02\/lula-recebe-rei-da-espanha-em-1a-reuniao-bilateral-apos-posse\/#primaryimage"},"thumbnailUrl":"https:\/\/pre.efe.com\/wp-content\/uploads\/2023\/01\/bc9da629e3514d5ad3fa4cfe8985e6fee24a3493miniw.jpg","datePublished":"2023-01-02T14:08:41+00:00","dateModified":"2023-01-03T03:21:58+00:00","breadcrumb":{"@id":"https:\/\/pre.efe.com\/pt-br\/brasil\/2023-01-02\/lula-recebe-rei-da-espanha-em-1a-reuniao-bilateral-apos-posse\/#breadcrumb"},"inLanguage":"pt-BR","potentialAction":[{"@type":"ReadAction","target":["https:\/\/pre.efe.com\/pt-br\/brasil\/2023-01-02\/lula-recebe-rei-da-espanha-em-1a-reuniao-bilateral-apos-posse\/"]}]},{"@type":"ImageObject","inLanguage":"pt-BR","@id":"https:\/\/pre.efe.com\/pt-br\/brasil\/2023-01-02\/lula-recebe-rei-da-espanha-em-1a-reuniao-bilateral-apos-posse\/#primaryimage","url":"https:\/\/pre.efe.com\/wp-content\/uploads\/2023\/01\/bc9da629e3514d5ad3fa4cfe8985e6fee24a3493miniw.jpg","contentUrl":"https:\/\/pre.efe.com\/wp-content\/uploads\/2023\/01\/bc9da629e3514d5ad3fa4cfe8985e6fee24a3493miniw.jpg","width":900,"height":598,"caption":"Lula e Felipe VI nesta segunda-feira, em Bras\u00edlia. EFE\/EFE\/ Andre Borges"},{"@type":"BreadcrumbList","@id":"https:\/\/pre.efe.com\/pt-br\/brasil\/2023-01-02\/lula-recebe-rei-da-espanha-em-1a-reuniao-bilateral-apos-posse\/#breadcrumb","itemListElement":[{"@type":"ListItem","position":1,"name":"Portada","item":"https:\/\/pre.efe.com\/pt-br\/"},{"@type":"ListItem","position":2,"name":"Lula e Felipe VI falam sobre rela\u00e7\u00e3o bilateral, Am\u00e9rica Latina e Europa"}]},{"@type":"WebSite","@id":"https:\/\/pre.efe.com\/pt-br\/#website","url":"https:\/\/pre.efe.com\/pt-br\/","name":"EFE Noticias","description":"","publisher":{"@id":"https:\/\/pre.efe.com\/pt-br\/#organization"},"potentialAction":[{"@type":"SearchAction","target":{"@type":"EntryPoint","urlTemplate":"https:\/\/pre.efe.com\/pt-br\/?s={search_term_string}"},"query-input":{"@type":"PropertyValueSpecification","valueRequired":true,"valueName":"search_term_string"}}],"inLanguage":"pt-BR"},{"@type":"Organization","@id":"https:\/\/pre.efe.com\/pt-br\/#organization","name":"Agencia EFE","url":"https:\/\/pre.efe.com\/pt-br\/","logo":{"@type":"ImageObject","inLanguage":"pt-BR","@id":"https:\/\/pre.efe.com\/pt-br\/#\/schema\/logo\/image\/","url":"https:\/\/pre.efe.com\/wp-content\/uploads\/2023\/06\/logo-efe-467.png","contentUrl":"https:\/\/pre.efe.com\/wp-content\/uploads\/2023\/06\/logo-efe-467.png","width":467,"height":467,"caption":"Agencia EFE"},"image":{"@id":"https:\/\/pre.efe.com\/pt-br\/#\/schema\/logo\/image\/"},"sameAs":["https:\/\/www.facebook.com\/AgenciaEFEnoticias\/","https:\/\/x.com\/efenoticias","https:\/\/www.instagram.com\/efe_noticias\/","http:\/\/www.youtube.com\/efe"]},{"@type":"Person","@id":"https:\/\/pre.efe.com\/pt-br\/#\/schema\/person\/b19f23f210db552768f68a4b552b004f","name":"anachain","image":{"@type":"ImageObject","inLanguage":"pt-BR","@id":"https:\/\/secure.gravatar.com\/avatar\/30b83965911ef1108bb893c00bdd65c885f9890e1265ee04b02c3d5adc785d37?s=96&d=identicon&r=g","url":"https:\/\/secure.gravatar.com\/avatar\/30b83965911ef1108bb893c00bdd65c885f9890e1265ee04b02c3d5adc785d37?s=96&d=identicon&r=g","contentUrl":"https:\/\/secure.gravatar.com\/avatar\/30b83965911ef1108bb893c00bdd65c885f9890e1265ee04b02c3d5adc785d37?s=96&d=identicon&r=g","caption":"anachain"},"url":"https:\/\/pre.efe.com\/pt-br\/autor\/anachain\/"}]}},"jetpack_featured_media_url":"https:\/\/pre.efe.com\/wp-content\/uploads\/2023\/01\/bc9da629e3514d5ad3fa4cfe8985e6fee24a3493miniw.jpg","jetpack_shortlink":"https:\/\/wp.me\/peJvHm-XkD","jetpack_sharing_enabled":true,"_links":{"self":[{"href":"https:\/\/pre.efe.com\/pt-br\/wp-json\/wp\/v2\/posts\/228075","targetHints":{"allow":["GET"]}}],"collection":[{"href":"https:\/\/pre.efe.com\/pt-br\/wp-json\/wp\/v2\/posts"}],"about":[{"href":"https:\/\/pre.efe.com\/pt-br\/wp-json\/wp\/v2\/types\/post"}],"author":[{"embeddable":true,"href":"https:\/\/pre.efe.com\/pt-br\/wp-json\/wp\/v2\/users\/198164106"}],"replies":[{"embeddable":true,"href":"https:\/\/pre.efe.com\/pt-br\/wp-json\/wp\/v2\/comments?post=228075"}],"version-history":[{"count":3,"href":"https:\/\/pre.efe.com\/pt-br\/wp-json\/wp\/v2\/posts\/228075\/revisions"}],"predecessor-version":[{"id":228390,"href":"https:\/\/pre.efe.com\/pt-br\/wp-json\/wp\/v2\/posts\/228075\/revisions\/228390"}],"wp:featuredmedia":[{"embeddable":true,"href":"https:\/\/pre.efe.com\/pt-br\/wp-json\/wp\/v2\/media\/228077"}],"wp:attachment":[{"href":"https:\/\/pre.efe.com\/pt-br\/wp-json\/wp\/v2\/media?parent=228075"}],"wp:term":[{"taxonomy":"category","embeddable":true,"href":"https:\/\/pre.efe.com\/pt-br\/wp-json\/wp\/v2\/categories?post=228075"},{"taxonomy":"post_tag","embeddable":true,"href":"https:\/\/pre.efe.com\/pt-br\/wp-json\/wp\/v2\/tags?post=228075"}],"curies":[{"name":"wp","href":"https:\/\/api.w.org\/{rel}","templated":true}]}}