{"id":228083,"date":"2023-01-02T20:37:00","date_gmt":"2023-01-02T19:37:00","guid":{"rendered":"https:\/\/pre.efe.com\/?p=228083"},"modified":"2023-01-03T05:10:45","modified_gmt":"2023-01-03T04:10:45","slug":"corpo-de-bento-xvi-e-velado-no-vaticano","status":"publish","type":"post","link":"https:\/\/pre.efe.com\/pt-br\/mundo-2\/2023-01-02\/corpo-de-bento-xvi-e-velado-no-vaticano\/","title":{"rendered":"Vel\u00f3rio de Bento XVI supera expectativas ao receber 65 mil fi\u00e9is no 1\u00ba dia"},"content":{"rendered":"\n<p>Cidade do Vaticano (EFE).- A Bas\u00edlica de S\u00e3o Pedro, onde repousam os restos mortais do papa Bento XVI, recebeu cerca de 65.000 fi\u00e9is nesta segunda-feira, o primeiro dos tr\u00eas dias do longo vel\u00f3rio, informou o Vaticano.<\/p>\n\n\n\n<p>Este n\u00famero superou em muito as expectativas, uma vez que a delega\u00e7\u00e3o governamental em Roma estimava 35.000 visitantes por dia at\u00e9 o funeral, que ser\u00e1 realizado em 5 de janeiro.<\/p>\n\n\n\n<p>Esse n\u00famero inicial foi ultrapassado rapidamente. Cinco horas ap\u00f3s a abertura, mais de 40.000 pessoas j\u00e1 tinham visitado a exposi\u00e7\u00e3o dos restos mortais.<\/p>\n\n\n\n<p>Para o funeral, presidido pelo papa Francisco na pr\u00f3xima quinta-feira, tamb\u00e9m na Pra\u00e7a de S\u00e3o Pedro, s\u00e3o esperadas diariamente no Vaticano at\u00e9 60.000 pessoas, de acordo com as mesmas fontes, embora estas estimativas possam ser revistas para cima.<\/p>\n\n\n\n<p>No momento, o Vaticano confirmou que as \u00fanicas delega\u00e7\u00f5es oficialmente presentes ser\u00e3o as de It\u00e1lia e Alemanha, embora o governo espanhol tenha confirmado \u00e0 Agencia EFE nesta segunda-feira que a rainha em\u00e9rita, Sofia, e o ministro da Presid\u00eancia, Felix Bola\u00f1os, estar\u00e3o presentes no funeral.<\/p>\n\n\n\n<p>A seguran\u00e7a na capital italiana foi refor\u00e7ada por ocasi\u00e3o do vel\u00f3rio do papa em\u00e9rito Bento XVI, com a presen\u00e7a de mais de mil agentes e o fechamento do espa\u00e7o a\u00e9reo na Pra\u00e7a de S\u00e3o Pedro durante o funeral.<\/p>\n\n\n\n<blockquote class=\"wp-block-quote is-layout-flow wp-block-quote-is-layout-flow\">\n<p>&#8220;O nosso objetivo \u00e9 garantir a seguran\u00e7a daqueles que desejam prestar a sua homenagem&#8221;, disse o prefeito de Roma, Bruno Frattasi, explicando as medidas adotadas na reuni\u00e3o para a ordem e seguran\u00e7a p\u00fablicas.<\/p>\n<\/blockquote>\n\n\n\n<p>&#8220;Teremos pelo menos mil agentes das for\u00e7as de seguran\u00e7a no para o funeral, n\u00e3o menos do que o n\u00famero previsto para a v\u00e9spera de Ano Novo&#8221;, disse Frattasi no final da reuni\u00e3o de domingo, quando confirmou que no dia do funeral &#8220;est\u00e1 prevista uma interdi\u00e7\u00e3o do espa\u00e7o a\u00e9reo sobre a Pra\u00e7a de S\u00e3o Pedro&#8221;.<\/p>\n\n\n\n<p>Al\u00e9m disso, ao longo dos tr\u00eas dias de vel\u00f3rio, haver\u00e1 um destacamento de v\u00e1rias unidades m\u00e9dicas m\u00f3veis e ambul\u00e2ncias, assim como 500 volunt\u00e1rios da Defesa Civil que tamb\u00e9m ter\u00e3o a tarefa de organizar filas e tempos de espera.<\/p>\n\n\n\n<p>O vel\u00f3rio do papa em\u00e9rito, que morreu em 31 de dezembro, aos 95 anos, foi aberto nesta manh\u00e3 para a \u00faltima despedida dos fi\u00e9is. Centenas de pessoas fizeram filas desde a madrugada para entrar na Bas\u00edlica de S\u00e3o Pedro.&nbsp;EFE<\/p>\n","protected":false},"excerpt":{"rendered":"<p>Cidade do Vaticano (EFE).- A Bas\u00edlica de S\u00e3o Pedro, onde repousam os restos mortais do papa Bento XVI, recebeu cerca de 65.000 fi\u00e9is nesta segunda-feira, o primeiro dos tr\u00eas dias do longo vel\u00f3rio, informou o Vaticano. Este n\u00famero superou em muito as expectativas, uma vez que a delega\u00e7\u00e3o governamental em Roma estimava 35.000 visitantes por &#8230; <a title=\"Vel\u00f3rio de Bento XVI supera expectativas ao receber 65 mil fi\u00e9is no 1\u00ba dia\" class=\"read-more\" href=\"https:\/\/pre.efe.com\/pt-br\/mundo-2\/2023-01-02\/corpo-de-bento-xvi-e-velado-no-vaticano\/\" aria-label=\"Read more about Vel\u00f3rio de Bento XVI supera expectativas ao receber 65 mil fi\u00e9is no 1\u00ba dia\">Leia mais<\/a><\/p>\n","protected":false},"author":198164106,"featured_media":228098,"comment_status":"closed","ping_status":"closed","sticky":false,"template":"","format":"standard","meta":{"_acf_changed":false,"_jetpack_memberships_contains_paid_content":false,"footnotes":""},"categories":[123208,122141],"tags":[128479,128648,128521,125155,122485,128478],"class_list":["post-228083","post","type-post","status-publish","format-standard","has-post-thumbnail","hentry","category-mundo-2","category-portada","tag-bento-xvi","tag-catolicismo","tag-obituario-2","tag-papa-2","tag-religiao","tag-vaticano","generate-columns","tablet-grid-50","mobile-grid-100","grid-parent","grid-50"],"acf":[],"yoast_head":"<!-- This site is optimized with the Yoast SEO Premium plugin v26.0 (Yoast SEO v27.4) - https:\/\/yoast.com\/product\/yoast-seo-premium-wordpress\/ -->\n<title>Vel\u00f3rio de Bento XVI supera expectativas ao receber 65 mil fi\u00e9is no 1\u00ba dia - EFE<\/title>\n<meta name=\"robots\" content=\"noindex, follow\" \/>\n<meta property=\"og:locale\" content=\"pt_BR\" \/>\n<meta property=\"og:type\" content=\"article\" \/>\n<meta property=\"og:title\" content=\"Vel\u00f3rio de Bento XVI supera expectativas ao receber 65 mil fi\u00e9is no 1\u00ba dia - EFE\" \/>\n<meta property=\"og:description\" content=\"Cidade do Vaticano (EFE).- A Bas\u00edlica de S\u00e3o Pedro, onde repousam os restos mortais do papa Bento XVI, recebeu cerca de 65.000 fi\u00e9is nesta segunda-feira, o primeiro dos tr\u00eas dias do longo vel\u00f3rio, informou o Vaticano. Este n\u00famero superou em muito as expectativas, uma vez que a delega\u00e7\u00e3o governamental em Roma estimava 35.000 visitantes por ... Leia mais\" \/>\n<meta property=\"og:url\" content=\"https:\/\/pre.efe.com\/pt-br\/mundo-2\/2023-01-02\/corpo-de-bento-xvi-e-velado-no-vaticano\/\" \/>\n<meta property=\"og:site_name\" content=\"EFE Noticias\" \/>\n<meta property=\"article:publisher\" content=\"https:\/\/www.facebook.com\/AgenciaEFEnoticias\/\" \/>\n<meta property=\"article:published_time\" content=\"2023-01-02T19:37:00+00:00\" \/>\n<meta property=\"article:modified_time\" content=\"2023-01-03T04:10:45+00:00\" \/>\n<meta property=\"og:image\" content=\"https:\/\/i0.wp.com\/efe.com\/\/srv\/htdocs\/wp-content\/uploads\/2023\/01\/51f05e70ba413e9f139b5a56daaf6cad68dd9de4w.jpg?fit=1920%2C1229&ssl=1\" \/>\n\t<meta property=\"og:image:width\" content=\"1920\" \/>\n\t<meta property=\"og:image:height\" content=\"1229\" \/>\n\t<meta property=\"og:image:type\" content=\"image\/jpeg\" \/>\n<meta name=\"author\" content=\"anachain\" \/>\n<meta name=\"twitter:card\" content=\"summary_large_image\" \/>\n<meta name=\"twitter:creator\" content=\"@efenoticias\" \/>\n<meta name=\"twitter:site\" content=\"@efenoticias\" \/>\n<script type=\"application\/ld+json\" class=\"yoast-schema-graph\">{\"@context\":\"https:\\\/\\\/schema.org\",\"@graph\":[{\"@type\":\"NewsArticle\",\"@id\":\"https:\\\/\\\/pre.efe.com\\\/pt-br\\\/mundo-2\\\/2023-01-02\\\/corpo-de-bento-xvi-e-velado-no-vaticano\\\/#article\",\"isPartOf\":{\"@id\":\"https:\\\/\\\/pre.efe.com\\\/pt-br\\\/mundo-2\\\/2023-01-02\\\/corpo-de-bento-xvi-e-velado-no-vaticano\\\/\"},\"author\":{\"name\":\"anachain\",\"@id\":\"https:\\\/\\\/pre.efe.com\\\/pt-br\\\/#\\\/schema\\\/person\\\/b19f23f210db552768f68a4b552b004f\"},\"headline\":\"Vel\u00f3rio de Bento XVI supera expectativas ao receber 65 mil fi\u00e9is no 1\u00ba dia\",\"datePublished\":\"2023-01-02T19:37:00+00:00\",\"dateModified\":\"2023-01-03T04:10:45+00:00\",\"mainEntityOfPage\":{\"@id\":\"https:\\\/\\\/pre.efe.com\\\/pt-br\\\/mundo-2\\\/2023-01-02\\\/corpo-de-bento-xvi-e-velado-no-vaticano\\\/\"},\"wordCount\":442,\"publisher\":{\"@id\":\"https:\\\/\\\/pre.efe.com\\\/pt-br\\\/#organization\"},\"image\":{\"@id\":\"https:\\\/\\\/pre.efe.com\\\/pt-br\\\/mundo-2\\\/2023-01-02\\\/corpo-de-bento-xvi-e-velado-no-vaticano\\\/#primaryimage\"},\"thumbnailUrl\":\"https:\\\/\\\/pre.efe.com\\\/wp-content\\\/uploads\\\/2023\\\/01\\\/51f05e70ba413e9f139b5a56daaf6cad68dd9de4w.jpg\",\"keywords\":[\"Bento XVI\",\"Catolicismo\",\"Obitu\u00e1rio\",\"Papa\",\"Religi\u00e3o\",\"Vaticano\"],\"articleSection\":[\"Mundo\",\"Portada\"],\"inLanguage\":\"pt-BR\",\"copyrightYear\":\"2023\",\"copyrightHolder\":{\"@id\":\"https:\\\/\\\/pre.efe.com\\\/#organization\"}},{\"@type\":[\"WebPage\",\"ItemPage\"],\"@id\":\"https:\\\/\\\/pre.efe.com\\\/pt-br\\\/mundo-2\\\/2023-01-02\\\/corpo-de-bento-xvi-e-velado-no-vaticano\\\/\",\"url\":\"https:\\\/\\\/pre.efe.com\\\/pt-br\\\/mundo-2\\\/2023-01-02\\\/corpo-de-bento-xvi-e-velado-no-vaticano\\\/\",\"name\":\"Vel\u00f3rio de Bento XVI supera expectativas ao receber 65 mil fi\u00e9is no 1\u00ba dia - EFE\",\"isPartOf\":{\"@id\":\"https:\\\/\\\/pre.efe.com\\\/pt-br\\\/#website\"},\"primaryImageOfPage\":{\"@id\":\"https:\\\/\\\/pre.efe.com\\\/pt-br\\\/mundo-2\\\/2023-01-02\\\/corpo-de-bento-xvi-e-velado-no-vaticano\\\/#primaryimage\"},\"image\":{\"@id\":\"https:\\\/\\\/pre.efe.com\\\/pt-br\\\/mundo-2\\\/2023-01-02\\\/corpo-de-bento-xvi-e-velado-no-vaticano\\\/#primaryimage\"},\"thumbnailUrl\":\"https:\\\/\\\/pre.efe.com\\\/wp-content\\\/uploads\\\/2023\\\/01\\\/51f05e70ba413e9f139b5a56daaf6cad68dd9de4w.jpg\",\"datePublished\":\"2023-01-02T19:37:00+00:00\",\"dateModified\":\"2023-01-03T04:10:45+00:00\",\"breadcrumb\":{\"@id\":\"https:\\\/\\\/pre.efe.com\\\/pt-br\\\/mundo-2\\\/2023-01-02\\\/corpo-de-bento-xvi-e-velado-no-vaticano\\\/#breadcrumb\"},\"inLanguage\":\"pt-BR\",\"potentialAction\":[{\"@type\":\"ReadAction\",\"target\":[\"https:\\\/\\\/pre.efe.com\\\/pt-br\\\/mundo-2\\\/2023-01-02\\\/corpo-de-bento-xvi-e-velado-no-vaticano\\\/\"]}]},{\"@type\":\"ImageObject\",\"inLanguage\":\"pt-BR\",\"@id\":\"https:\\\/\\\/pre.efe.com\\\/pt-br\\\/mundo-2\\\/2023-01-02\\\/corpo-de-bento-xvi-e-velado-no-vaticano\\\/#primaryimage\",\"url\":\"https:\\\/\\\/pre.efe.com\\\/wp-content\\\/uploads\\\/2023\\\/01\\\/51f05e70ba413e9f139b5a56daaf6cad68dd9de4w.jpg\",\"contentUrl\":\"https:\\\/\\\/pre.efe.com\\\/wp-content\\\/uploads\\\/2023\\\/01\\\/51f05e70ba413e9f139b5a56daaf6cad68dd9de4w.jpg\",\"width\":1920,\"height\":1229,\"caption\":\"EFE\\\/Ettore Ferrari\"},{\"@type\":\"BreadcrumbList\",\"@id\":\"https:\\\/\\\/pre.efe.com\\\/pt-br\\\/mundo-2\\\/2023-01-02\\\/corpo-de-bento-xvi-e-velado-no-vaticano\\\/#breadcrumb\",\"itemListElement\":[{\"@type\":\"ListItem\",\"position\":1,\"name\":\"Portada\",\"item\":\"https:\\\/\\\/pre.efe.com\\\/pt-br\\\/\"},{\"@type\":\"ListItem\",\"position\":2,\"name\":\"Vel\u00f3rio de Bento XVI supera expectativas ao receber 65 mil fi\u00e9is no 1\u00ba dia\"}]},{\"@type\":\"WebSite\",\"@id\":\"https:\\\/\\\/pre.efe.com\\\/pt-br\\\/#website\",\"url\":\"https:\\\/\\\/pre.efe.com\\\/pt-br\\\/\",\"name\":\"EFE Noticias\",\"description\":\"\",\"publisher\":{\"@id\":\"https:\\\/\\\/pre.efe.com\\\/pt-br\\\/#organization\"},\"potentialAction\":[{\"@type\":\"SearchAction\",\"target\":{\"@type\":\"EntryPoint\",\"urlTemplate\":\"https:\\\/\\\/pre.efe.com\\\/pt-br\\\/?s={search_term_string}\"},\"query-input\":{\"@type\":\"PropertyValueSpecification\",\"valueRequired\":true,\"valueName\":\"search_term_string\"}}],\"inLanguage\":\"pt-BR\"},{\"@type\":\"Organization\",\"@id\":\"https:\\\/\\\/pre.efe.com\\\/pt-br\\\/#organization\",\"name\":\"Agencia EFE\",\"url\":\"https:\\\/\\\/pre.efe.com\\\/pt-br\\\/\",\"logo\":{\"@type\":\"ImageObject\",\"inLanguage\":\"pt-BR\",\"@id\":\"https:\\\/\\\/pre.efe.com\\\/pt-br\\\/#\\\/schema\\\/logo\\\/image\\\/\",\"url\":\"https:\\\/\\\/pre.efe.com\\\/wp-content\\\/uploads\\\/2023\\\/06\\\/logo-efe-467.png\",\"contentUrl\":\"https:\\\/\\\/pre.efe.com\\\/wp-content\\\/uploads\\\/2023\\\/06\\\/logo-efe-467.png\",\"width\":467,\"height\":467,\"caption\":\"Agencia EFE\"},\"image\":{\"@id\":\"https:\\\/\\\/pre.efe.com\\\/pt-br\\\/#\\\/schema\\\/logo\\\/image\\\/\"},\"sameAs\":[\"https:\\\/\\\/www.facebook.com\\\/AgenciaEFEnoticias\\\/\",\"https:\\\/\\\/x.com\\\/efenoticias\",\"https:\\\/\\\/www.instagram.com\\\/efe_noticias\\\/\",\"http:\\\/\\\/www.youtube.com\\\/efe\"]},{\"@type\":\"Person\",\"@id\":\"https:\\\/\\\/pre.efe.com\\\/pt-br\\\/#\\\/schema\\\/person\\\/b19f23f210db552768f68a4b552b004f\",\"name\":\"anachain\",\"image\":{\"@type\":\"ImageObject\",\"inLanguage\":\"pt-BR\",\"@id\":\"https:\\\/\\\/secure.gravatar.com\\\/avatar\\\/30b83965911ef1108bb893c00bdd65c885f9890e1265ee04b02c3d5adc785d37?s=96&d=identicon&r=g\",\"url\":\"https:\\\/\\\/secure.gravatar.com\\\/avatar\\\/30b83965911ef1108bb893c00bdd65c885f9890e1265ee04b02c3d5adc785d37?s=96&d=identicon&r=g\",\"contentUrl\":\"https:\\\/\\\/secure.gravatar.com\\\/avatar\\\/30b83965911ef1108bb893c00bdd65c885f9890e1265ee04b02c3d5adc785d37?s=96&d=identicon&r=g\",\"caption\":\"anachain\"},\"url\":\"https:\\\/\\\/pre.efe.com\\\/pt-br\\\/autor\\\/anachain\\\/\"}]}<\/script>\n<!-- \/ Yoast SEO Premium plugin. -->","yoast_head_json":{"title":"Vel\u00f3rio de Bento XVI supera expectativas ao receber 65 mil fi\u00e9is no 1\u00ba dia - EFE","robots":{"index":"noindex","follow":"follow"},"og_locale":"pt_BR","og_type":"article","og_title":"Vel\u00f3rio de Bento XVI supera expectativas ao receber 65 mil fi\u00e9is no 1\u00ba dia - EFE","og_description":"Cidade do Vaticano (EFE).- A Bas\u00edlica de S\u00e3o Pedro, onde repousam os restos mortais do papa Bento XVI, recebeu cerca de 65.000 fi\u00e9is nesta segunda-feira, o primeiro dos tr\u00eas dias do longo vel\u00f3rio, informou o Vaticano. Este n\u00famero superou em muito as expectativas, uma vez que a delega\u00e7\u00e3o governamental em Roma estimava 35.000 visitantes por ... Leia mais","og_url":"https:\/\/pre.efe.com\/pt-br\/mundo-2\/2023-01-02\/corpo-de-bento-xvi-e-velado-no-vaticano\/","og_site_name":"EFE Noticias","article_publisher":"https:\/\/www.facebook.com\/AgenciaEFEnoticias\/","article_published_time":"2023-01-02T19:37:00+00:00","article_modified_time":"2023-01-03T04:10:45+00:00","og_image":[{"width":1920,"height":1229,"url":"https:\/\/i0.wp.com\/efe.com\/\/srv\/htdocs\/wp-content\/uploads\/2023\/01\/51f05e70ba413e9f139b5a56daaf6cad68dd9de4w.jpg?fit=1920%2C1229&ssl=1","type":"image\/jpeg"}],"author":"anachain","twitter_card":"summary_large_image","twitter_creator":"@efenoticias","twitter_site":"@efenoticias","schema":{"@context":"https:\/\/schema.org","@graph":[{"@type":"NewsArticle","@id":"https:\/\/pre.efe.com\/pt-br\/mundo-2\/2023-01-02\/corpo-de-bento-xvi-e-velado-no-vaticano\/#article","isPartOf":{"@id":"https:\/\/pre.efe.com\/pt-br\/mundo-2\/2023-01-02\/corpo-de-bento-xvi-e-velado-no-vaticano\/"},"author":{"name":"anachain","@id":"https:\/\/pre.efe.com\/pt-br\/#\/schema\/person\/b19f23f210db552768f68a4b552b004f"},"headline":"Vel\u00f3rio de Bento XVI supera expectativas ao receber 65 mil fi\u00e9is no 1\u00ba dia","datePublished":"2023-01-02T19:37:00+00:00","dateModified":"2023-01-03T04:10:45+00:00","mainEntityOfPage":{"@id":"https:\/\/pre.efe.com\/pt-br\/mundo-2\/2023-01-02\/corpo-de-bento-xvi-e-velado-no-vaticano\/"},"wordCount":442,"publisher":{"@id":"https:\/\/pre.efe.com\/pt-br\/#organization"},"image":{"@id":"https:\/\/pre.efe.com\/pt-br\/mundo-2\/2023-01-02\/corpo-de-bento-xvi-e-velado-no-vaticano\/#primaryimage"},"thumbnailUrl":"https:\/\/pre.efe.com\/wp-content\/uploads\/2023\/01\/51f05e70ba413e9f139b5a56daaf6cad68dd9de4w.jpg","keywords":["Bento XVI","Catolicismo","Obitu\u00e1rio","Papa","Religi\u00e3o","Vaticano"],"articleSection":["Mundo","Portada"],"inLanguage":"pt-BR","copyrightYear":"2023","copyrightHolder":{"@id":"https:\/\/pre.efe.com\/#organization"}},{"@type":["WebPage","ItemPage"],"@id":"https:\/\/pre.efe.com\/pt-br\/mundo-2\/2023-01-02\/corpo-de-bento-xvi-e-velado-no-vaticano\/","url":"https:\/\/pre.efe.com\/pt-br\/mundo-2\/2023-01-02\/corpo-de-bento-xvi-e-velado-no-vaticano\/","name":"Vel\u00f3rio de Bento XVI supera expectativas ao receber 65 mil fi\u00e9is no 1\u00ba dia - EFE","isPartOf":{"@id":"https:\/\/pre.efe.com\/pt-br\/#website"},"primaryImageOfPage":{"@id":"https:\/\/pre.efe.com\/pt-br\/mundo-2\/2023-01-02\/corpo-de-bento-xvi-e-velado-no-vaticano\/#primaryimage"},"image":{"@id":"https:\/\/pre.efe.com\/pt-br\/mundo-2\/2023-01-02\/corpo-de-bento-xvi-e-velado-no-vaticano\/#primaryimage"},"thumbnailUrl":"https:\/\/pre.efe.com\/wp-content\/uploads\/2023\/01\/51f05e70ba413e9f139b5a56daaf6cad68dd9de4w.jpg","datePublished":"2023-01-02T19:37:00+00:00","dateModified":"2023-01-03T04:10:45+00:00","breadcrumb":{"@id":"https:\/\/pre.efe.com\/pt-br\/mundo-2\/2023-01-02\/corpo-de-bento-xvi-e-velado-no-vaticano\/#breadcrumb"},"inLanguage":"pt-BR","potentialAction":[{"@type":"ReadAction","target":["https:\/\/pre.efe.com\/pt-br\/mundo-2\/2023-01-02\/corpo-de-bento-xvi-e-velado-no-vaticano\/"]}]},{"@type":"ImageObject","inLanguage":"pt-BR","@id":"https:\/\/pre.efe.com\/pt-br\/mundo-2\/2023-01-02\/corpo-de-bento-xvi-e-velado-no-vaticano\/#primaryimage","url":"https:\/\/pre.efe.com\/wp-content\/uploads\/2023\/01\/51f05e70ba413e9f139b5a56daaf6cad68dd9de4w.jpg","contentUrl":"https:\/\/pre.efe.com\/wp-content\/uploads\/2023\/01\/51f05e70ba413e9f139b5a56daaf6cad68dd9de4w.jpg","width":1920,"height":1229,"caption":"EFE\/Ettore Ferrari"},{"@type":"BreadcrumbList","@id":"https:\/\/pre.efe.com\/pt-br\/mundo-2\/2023-01-02\/corpo-de-bento-xvi-e-velado-no-vaticano\/#breadcrumb","itemListElement":[{"@type":"ListItem","position":1,"name":"Portada","item":"https:\/\/pre.efe.com\/pt-br\/"},{"@type":"ListItem","position":2,"name":"Vel\u00f3rio de Bento XVI supera expectativas ao receber 65 mil fi\u00e9is no 1\u00ba dia"}]},{"@type":"WebSite","@id":"https:\/\/pre.efe.com\/pt-br\/#website","url":"https:\/\/pre.efe.com\/pt-br\/","name":"EFE Noticias","description":"","publisher":{"@id":"https:\/\/pre.efe.com\/pt-br\/#organization"},"potentialAction":[{"@type":"SearchAction","target":{"@type":"EntryPoint","urlTemplate":"https:\/\/pre.efe.com\/pt-br\/?s={search_term_string}"},"query-input":{"@type":"PropertyValueSpecification","valueRequired":true,"valueName":"search_term_string"}}],"inLanguage":"pt-BR"},{"@type":"Organization","@id":"https:\/\/pre.efe.com\/pt-br\/#organization","name":"Agencia EFE","url":"https:\/\/pre.efe.com\/pt-br\/","logo":{"@type":"ImageObject","inLanguage":"pt-BR","@id":"https:\/\/pre.efe.com\/pt-br\/#\/schema\/logo\/image\/","url":"https:\/\/pre.efe.com\/wp-content\/uploads\/2023\/06\/logo-efe-467.png","contentUrl":"https:\/\/pre.efe.com\/wp-content\/uploads\/2023\/06\/logo-efe-467.png","width":467,"height":467,"caption":"Agencia EFE"},"image":{"@id":"https:\/\/pre.efe.com\/pt-br\/#\/schema\/logo\/image\/"},"sameAs":["https:\/\/www.facebook.com\/AgenciaEFEnoticias\/","https:\/\/x.com\/efenoticias","https:\/\/www.instagram.com\/efe_noticias\/","http:\/\/www.youtube.com\/efe"]},{"@type":"Person","@id":"https:\/\/pre.efe.com\/pt-br\/#\/schema\/person\/b19f23f210db552768f68a4b552b004f","name":"anachain","image":{"@type":"ImageObject","inLanguage":"pt-BR","@id":"https:\/\/secure.gravatar.com\/avatar\/30b83965911ef1108bb893c00bdd65c885f9890e1265ee04b02c3d5adc785d37?s=96&d=identicon&r=g","url":"https:\/\/secure.gravatar.com\/avatar\/30b83965911ef1108bb893c00bdd65c885f9890e1265ee04b02c3d5adc785d37?s=96&d=identicon&r=g","contentUrl":"https:\/\/secure.gravatar.com\/avatar\/30b83965911ef1108bb893c00bdd65c885f9890e1265ee04b02c3d5adc785d37?s=96&d=identicon&r=g","caption":"anachain"},"url":"https:\/\/pre.efe.com\/pt-br\/autor\/anachain\/"}]}},"jetpack_featured_media_url":"https:\/\/pre.efe.com\/wp-content\/uploads\/2023\/01\/51f05e70ba413e9f139b5a56daaf6cad68dd9de4w.jpg","jetpack_shortlink":"https:\/\/wp.me\/peJvHm-XkL","jetpack_sharing_enabled":true,"_links":{"self":[{"href":"https:\/\/pre.efe.com\/pt-br\/wp-json\/wp\/v2\/posts\/228083","targetHints":{"allow":["GET"]}}],"collection":[{"href":"https:\/\/pre.efe.com\/pt-br\/wp-json\/wp\/v2\/posts"}],"about":[{"href":"https:\/\/pre.efe.com\/pt-br\/wp-json\/wp\/v2\/types\/post"}],"author":[{"embeddable":true,"href":"https:\/\/pre.efe.com\/pt-br\/wp-json\/wp\/v2\/users\/198164106"}],"replies":[{"embeddable":true,"href":"https:\/\/pre.efe.com\/pt-br\/wp-json\/wp\/v2\/comments?post=228083"}],"version-history":[{"count":3,"href":"https:\/\/pre.efe.com\/pt-br\/wp-json\/wp\/v2\/posts\/228083\/revisions"}],"predecessor-version":[{"id":228404,"href":"https:\/\/pre.efe.com\/pt-br\/wp-json\/wp\/v2\/posts\/228083\/revisions\/228404"}],"wp:featuredmedia":[{"embeddable":true,"href":"https:\/\/pre.efe.com\/pt-br\/wp-json\/wp\/v2\/media\/228098"}],"wp:attachment":[{"href":"https:\/\/pre.efe.com\/pt-br\/wp-json\/wp\/v2\/media?parent=228083"}],"wp:term":[{"taxonomy":"category","embeddable":true,"href":"https:\/\/pre.efe.com\/pt-br\/wp-json\/wp\/v2\/categories?post=228083"},{"taxonomy":"post_tag","embeddable":true,"href":"https:\/\/pre.efe.com\/pt-br\/wp-json\/wp\/v2\/tags?post=228083"}],"curies":[{"name":"wp","href":"https:\/\/api.w.org\/{rel}","templated":true}]}}