{"id":228957,"date":"2023-01-03T14:31:28","date_gmt":"2023-01-03T13:31:28","guid":{"rendered":"https:\/\/pre.efe.com\/?p=228957"},"modified":"2023-01-03T14:31:31","modified_gmt":"2023-01-03T13:31:31","slug":"lula-presta-homenagem-a-pele-em-velorio-na-vila-belmiro","status":"publish","type":"post","link":"https:\/\/pre.efe.com\/pt-br\/esportes\/2023-01-03\/lula-presta-homenagem-a-pele-em-velorio-na-vila-belmiro\/","title":{"rendered":"Lula presta homenagem a Pel\u00e9 em vel\u00f3rio na Vila Belmiro"},"content":{"rendered":"\n<p>Santos (EFE).- O presidente Luiz In\u00e1cio Lula da Silva foi nesta ter\u00e7a-feira ao vel\u00f3rio de Pel\u00e9, que morreu na \u00faltima quinta, aos 82 anos de idade, para prestar homenagem ao Rei do Futebol no est\u00e1dio da Vila Belmiro em Santos.<\/p>\n\n\n\n<p>Lula, que compareceu ao vel\u00f3rio dois dias depois de tomar posse de seu terceiro mandato presidencial, ficou no local por cerca de meia hora, acompanhado pela primeira dama, Janja.<\/p>\n\n\n\n<p>Ele assistiu com os demais presentes a uma cerim\u00f4nia cat\u00f3lica. Um padre pediu em ora\u00e7\u00e3o para que a alma de Pel\u00e9 &#8220;nada sofra&#8221; e ganhe rumo \u00e0 &#8220;vida imortal no reino eterno&#8221;. &#8220;Senhor, d\u00ea-lhe felicidade, luz e paz&#8221;, disse o religioso.<\/p>\n\n\n\n<p>Esta foi a primeira viagem oficial de Lula dentro do territ\u00f3rio nacional desde que tomou posse como presidente, no domingo.<\/p>\n\n\n\n<p>Torcedor fan\u00e1tico do Corinthians, Lula foi uma das \u00faltimas autoridades a prestar condol\u00eancias \u00e0 fam\u00edlia e a amigos de Pel\u00e9 no vel\u00f3rio, que tinha t\u00e9rmino previsto para as 10h ap\u00f3s ficar aberto ao p\u00fablico por 24 horas.<\/p>\n\n\n\n<p>Em seguida, um cortejo f\u00fanebre percorrer\u00e1 ruas de Santos at\u00e9 o cemit\u00e9rio onde ele ser\u00e1 enterrado.<\/p>\n\n\n\n<p>Pel\u00e9 morreu em 29 de dezembro no hospital Albert Einstein, em S\u00e3o Paulo, v\u00edtima da fal\u00eancia de v\u00e1rios \u00f3rg\u00e3os em decorr\u00eancia de um c\u00e2ncer de c\u00f3lon que vinha combatendo desde 2021. EFE<\/p>\n","protected":false},"excerpt":{"rendered":"<p>Santos (EFE).- O presidente Luiz In\u00e1cio Lula da Silva foi nesta ter\u00e7a-feira ao vel\u00f3rio de Pel\u00e9, que morreu na \u00faltima quinta, aos 82 anos de idade, para prestar homenagem ao Rei do Futebol no est\u00e1dio da Vila Belmiro em Santos. Lula, que compareceu ao vel\u00f3rio dois dias depois de tomar posse de seu terceiro mandato &#8230; <a title=\"Lula presta homenagem a Pel\u00e9 em vel\u00f3rio na Vila Belmiro\" class=\"read-more\" href=\"https:\/\/pre.efe.com\/pt-br\/esportes\/2023-01-03\/lula-presta-homenagem-a-pele-em-velorio-na-vila-belmiro\/\" aria-label=\"Read more about Lula presta homenagem a Pel\u00e9 em vel\u00f3rio na Vila Belmiro\">Leia mais<\/a><\/p>\n","protected":false},"author":198164106,"featured_media":228974,"comment_status":"closed","ping_status":"closed","sticky":false,"template":"","format":"standard","meta":{"_acf_changed":false,"_jetpack_memberships_contains_paid_content":false,"footnotes":""},"categories":[121968,122141],"tags":[125591,122364,122326,128521,125766],"class_list":["post-228957","post","type-post","status-publish","format-standard","has-post-thumbnail","hentry","category-esportes","category-portada","tag-brasil-2","tag-futebol","tag-lula","tag-obituario-2","tag-pele","generate-columns","tablet-grid-50","mobile-grid-100","grid-parent","grid-50"],"acf":[],"yoast_head":"<!-- This site is optimized with the Yoast SEO Premium plugin v26.0 (Yoast SEO v27.4) - https:\/\/yoast.com\/product\/yoast-seo-premium-wordpress\/ -->\n<title>Lula presta homenagem a Pel\u00e9 em vel\u00f3rio na Vila Belmiro - EFE<\/title>\n<meta name=\"robots\" content=\"noindex, follow\" \/>\n<meta property=\"og:locale\" content=\"pt_BR\" \/>\n<meta property=\"og:type\" content=\"article\" \/>\n<meta property=\"og:title\" content=\"Lula presta homenagem a Pel\u00e9 em vel\u00f3rio na Vila Belmiro - EFE\" \/>\n<meta property=\"og:description\" content=\"Santos (EFE).- O presidente Luiz In\u00e1cio Lula da Silva foi nesta ter\u00e7a-feira ao vel\u00f3rio de Pel\u00e9, que morreu na \u00faltima quinta, aos 82 anos de idade, para prestar homenagem ao Rei do Futebol no est\u00e1dio da Vila Belmiro em Santos. Lula, que compareceu ao vel\u00f3rio dois dias depois de tomar posse de seu terceiro mandato ... Leia mais\" \/>\n<meta property=\"og:url\" content=\"https:\/\/pre.efe.com\/pt-br\/esportes\/2023-01-03\/lula-presta-homenagem-a-pele-em-velorio-na-vila-belmiro\/\" \/>\n<meta property=\"og:site_name\" content=\"EFE Noticias\" \/>\n<meta property=\"article:publisher\" content=\"https:\/\/www.facebook.com\/AgenciaEFEnoticias\/\" \/>\n<meta property=\"article:published_time\" content=\"2023-01-03T13:31:28+00:00\" \/>\n<meta property=\"article:modified_time\" content=\"2023-01-03T13:31:31+00:00\" \/>\n<meta property=\"og:image\" content=\"https:\/\/i0.wp.com\/efe.com\/\/srv\/htdocs\/wp-content\/uploads\/2023\/01\/dc6ace8e845cf156f2bf26f013d63a1ad87947c8w.jpg?fit=1920%2C1280&ssl=1\" \/>\n\t<meta property=\"og:image:width\" content=\"1920\" \/>\n\t<meta property=\"og:image:height\" content=\"1280\" \/>\n\t<meta property=\"og:image:type\" content=\"image\/jpeg\" \/>\n<meta name=\"author\" content=\"anachain\" \/>\n<meta name=\"twitter:card\" content=\"summary_large_image\" \/>\n<meta name=\"twitter:creator\" content=\"@efenoticias\" \/>\n<meta name=\"twitter:site\" content=\"@efenoticias\" \/>\n<script type=\"application\/ld+json\" class=\"yoast-schema-graph\">{\"@context\":\"https:\\\/\\\/schema.org\",\"@graph\":[{\"@type\":\"NewsArticle\",\"@id\":\"https:\\\/\\\/pre.efe.com\\\/pt-br\\\/esportes\\\/2023-01-03\\\/lula-presta-homenagem-a-pele-em-velorio-na-vila-belmiro\\\/#article\",\"isPartOf\":{\"@id\":\"https:\\\/\\\/pre.efe.com\\\/pt-br\\\/esportes\\\/2023-01-03\\\/lula-presta-homenagem-a-pele-em-velorio-na-vila-belmiro\\\/\"},\"author\":{\"name\":\"anachain\",\"@id\":\"https:\\\/\\\/pre.efe.com\\\/pt-br\\\/#\\\/schema\\\/person\\\/b19f23f210db552768f68a4b552b004f\"},\"headline\":\"Lula presta homenagem a Pel\u00e9 em vel\u00f3rio na Vila Belmiro\",\"datePublished\":\"2023-01-03T13:31:28+00:00\",\"dateModified\":\"2023-01-03T13:31:31+00:00\",\"mainEntityOfPage\":{\"@id\":\"https:\\\/\\\/pre.efe.com\\\/pt-br\\\/esportes\\\/2023-01-03\\\/lula-presta-homenagem-a-pele-em-velorio-na-vila-belmiro\\\/\"},\"wordCount\":248,\"publisher\":{\"@id\":\"https:\\\/\\\/pre.efe.com\\\/pt-br\\\/#organization\"},\"image\":{\"@id\":\"https:\\\/\\\/pre.efe.com\\\/pt-br\\\/esportes\\\/2023-01-03\\\/lula-presta-homenagem-a-pele-em-velorio-na-vila-belmiro\\\/#primaryimage\"},\"thumbnailUrl\":\"https:\\\/\\\/pre.efe.com\\\/wp-content\\\/uploads\\\/2023\\\/01\\\/dc6ace8e845cf156f2bf26f013d63a1ad87947c8w.jpg\",\"keywords\":[\"Brasil\",\"Futebol\",\"Lula\",\"Obitu\u00e1rio\",\"Pel\u00e9\"],\"articleSection\":[\"Esportes\",\"Portada\"],\"inLanguage\":\"pt-BR\",\"copyrightYear\":\"2023\",\"copyrightHolder\":{\"@id\":\"https:\\\/\\\/pre.efe.com\\\/#organization\"}},{\"@type\":[\"WebPage\",\"ItemPage\"],\"@id\":\"https:\\\/\\\/pre.efe.com\\\/pt-br\\\/esportes\\\/2023-01-03\\\/lula-presta-homenagem-a-pele-em-velorio-na-vila-belmiro\\\/\",\"url\":\"https:\\\/\\\/pre.efe.com\\\/pt-br\\\/esportes\\\/2023-01-03\\\/lula-presta-homenagem-a-pele-em-velorio-na-vila-belmiro\\\/\",\"name\":\"Lula presta homenagem a Pel\u00e9 em vel\u00f3rio na Vila Belmiro - EFE\",\"isPartOf\":{\"@id\":\"https:\\\/\\\/pre.efe.com\\\/pt-br\\\/#website\"},\"primaryImageOfPage\":{\"@id\":\"https:\\\/\\\/pre.efe.com\\\/pt-br\\\/esportes\\\/2023-01-03\\\/lula-presta-homenagem-a-pele-em-velorio-na-vila-belmiro\\\/#primaryimage\"},\"image\":{\"@id\":\"https:\\\/\\\/pre.efe.com\\\/pt-br\\\/esportes\\\/2023-01-03\\\/lula-presta-homenagem-a-pele-em-velorio-na-vila-belmiro\\\/#primaryimage\"},\"thumbnailUrl\":\"https:\\\/\\\/pre.efe.com\\\/wp-content\\\/uploads\\\/2023\\\/01\\\/dc6ace8e845cf156f2bf26f013d63a1ad87947c8w.jpg\",\"datePublished\":\"2023-01-03T13:31:28+00:00\",\"dateModified\":\"2023-01-03T13:31:31+00:00\",\"breadcrumb\":{\"@id\":\"https:\\\/\\\/pre.efe.com\\\/pt-br\\\/esportes\\\/2023-01-03\\\/lula-presta-homenagem-a-pele-em-velorio-na-vila-belmiro\\\/#breadcrumb\"},\"inLanguage\":\"pt-BR\",\"potentialAction\":[{\"@type\":\"ReadAction\",\"target\":[\"https:\\\/\\\/pre.efe.com\\\/pt-br\\\/esportes\\\/2023-01-03\\\/lula-presta-homenagem-a-pele-em-velorio-na-vila-belmiro\\\/\"]}]},{\"@type\":\"ImageObject\",\"inLanguage\":\"pt-BR\",\"@id\":\"https:\\\/\\\/pre.efe.com\\\/pt-br\\\/esportes\\\/2023-01-03\\\/lula-presta-homenagem-a-pele-em-velorio-na-vila-belmiro\\\/#primaryimage\",\"url\":\"https:\\\/\\\/pre.efe.com\\\/wp-content\\\/uploads\\\/2023\\\/01\\\/dc6ace8e845cf156f2bf26f013d63a1ad87947c8w.jpg\",\"contentUrl\":\"https:\\\/\\\/pre.efe.com\\\/wp-content\\\/uploads\\\/2023\\\/01\\\/dc6ace8e845cf156f2bf26f013d63a1ad87947c8w.jpg\",\"width\":1920,\"height\":1280,\"caption\":\"EFE\\\/Sebastiao Moreira\"},{\"@type\":\"BreadcrumbList\",\"@id\":\"https:\\\/\\\/pre.efe.com\\\/pt-br\\\/esportes\\\/2023-01-03\\\/lula-presta-homenagem-a-pele-em-velorio-na-vila-belmiro\\\/#breadcrumb\",\"itemListElement\":[{\"@type\":\"ListItem\",\"position\":1,\"name\":\"Portada\",\"item\":\"https:\\\/\\\/pre.efe.com\\\/pt-br\\\/\"},{\"@type\":\"ListItem\",\"position\":2,\"name\":\"Lula presta homenagem a Pel\u00e9 em vel\u00f3rio na Vila Belmiro\"}]},{\"@type\":\"WebSite\",\"@id\":\"https:\\\/\\\/pre.efe.com\\\/pt-br\\\/#website\",\"url\":\"https:\\\/\\\/pre.efe.com\\\/pt-br\\\/\",\"name\":\"EFE Noticias\",\"description\":\"\",\"publisher\":{\"@id\":\"https:\\\/\\\/pre.efe.com\\\/pt-br\\\/#organization\"},\"potentialAction\":[{\"@type\":\"SearchAction\",\"target\":{\"@type\":\"EntryPoint\",\"urlTemplate\":\"https:\\\/\\\/pre.efe.com\\\/pt-br\\\/?s={search_term_string}\"},\"query-input\":{\"@type\":\"PropertyValueSpecification\",\"valueRequired\":true,\"valueName\":\"search_term_string\"}}],\"inLanguage\":\"pt-BR\"},{\"@type\":\"Organization\",\"@id\":\"https:\\\/\\\/pre.efe.com\\\/pt-br\\\/#organization\",\"name\":\"Agencia EFE\",\"url\":\"https:\\\/\\\/pre.efe.com\\\/pt-br\\\/\",\"logo\":{\"@type\":\"ImageObject\",\"inLanguage\":\"pt-BR\",\"@id\":\"https:\\\/\\\/pre.efe.com\\\/pt-br\\\/#\\\/schema\\\/logo\\\/image\\\/\",\"url\":\"https:\\\/\\\/pre.efe.com\\\/wp-content\\\/uploads\\\/2023\\\/06\\\/logo-efe-467.png\",\"contentUrl\":\"https:\\\/\\\/pre.efe.com\\\/wp-content\\\/uploads\\\/2023\\\/06\\\/logo-efe-467.png\",\"width\":467,\"height\":467,\"caption\":\"Agencia EFE\"},\"image\":{\"@id\":\"https:\\\/\\\/pre.efe.com\\\/pt-br\\\/#\\\/schema\\\/logo\\\/image\\\/\"},\"sameAs\":[\"https:\\\/\\\/www.facebook.com\\\/AgenciaEFEnoticias\\\/\",\"https:\\\/\\\/x.com\\\/efenoticias\",\"https:\\\/\\\/www.instagram.com\\\/efe_noticias\\\/\",\"http:\\\/\\\/www.youtube.com\\\/efe\"]},{\"@type\":\"Person\",\"@id\":\"https:\\\/\\\/pre.efe.com\\\/pt-br\\\/#\\\/schema\\\/person\\\/b19f23f210db552768f68a4b552b004f\",\"name\":\"anachain\",\"image\":{\"@type\":\"ImageObject\",\"inLanguage\":\"pt-BR\",\"@id\":\"https:\\\/\\\/secure.gravatar.com\\\/avatar\\\/30b83965911ef1108bb893c00bdd65c885f9890e1265ee04b02c3d5adc785d37?s=96&d=identicon&r=g\",\"url\":\"https:\\\/\\\/secure.gravatar.com\\\/avatar\\\/30b83965911ef1108bb893c00bdd65c885f9890e1265ee04b02c3d5adc785d37?s=96&d=identicon&r=g\",\"contentUrl\":\"https:\\\/\\\/secure.gravatar.com\\\/avatar\\\/30b83965911ef1108bb893c00bdd65c885f9890e1265ee04b02c3d5adc785d37?s=96&d=identicon&r=g\",\"caption\":\"anachain\"},\"url\":\"https:\\\/\\\/pre.efe.com\\\/pt-br\\\/autor\\\/anachain\\\/\"}]}<\/script>\n<!-- \/ Yoast SEO Premium plugin. -->","yoast_head_json":{"title":"Lula presta homenagem a Pel\u00e9 em vel\u00f3rio na Vila Belmiro - EFE","robots":{"index":"noindex","follow":"follow"},"og_locale":"pt_BR","og_type":"article","og_title":"Lula presta homenagem a Pel\u00e9 em vel\u00f3rio na Vila Belmiro - EFE","og_description":"Santos (EFE).- O presidente Luiz In\u00e1cio Lula da Silva foi nesta ter\u00e7a-feira ao vel\u00f3rio de Pel\u00e9, que morreu na \u00faltima quinta, aos 82 anos de idade, para prestar homenagem ao Rei do Futebol no est\u00e1dio da Vila Belmiro em Santos. Lula, que compareceu ao vel\u00f3rio dois dias depois de tomar posse de seu terceiro mandato ... Leia mais","og_url":"https:\/\/pre.efe.com\/pt-br\/esportes\/2023-01-03\/lula-presta-homenagem-a-pele-em-velorio-na-vila-belmiro\/","og_site_name":"EFE Noticias","article_publisher":"https:\/\/www.facebook.com\/AgenciaEFEnoticias\/","article_published_time":"2023-01-03T13:31:28+00:00","article_modified_time":"2023-01-03T13:31:31+00:00","og_image":[{"width":1920,"height":1280,"url":"https:\/\/i0.wp.com\/efe.com\/\/srv\/htdocs\/wp-content\/uploads\/2023\/01\/dc6ace8e845cf156f2bf26f013d63a1ad87947c8w.jpg?fit=1920%2C1280&ssl=1","type":"image\/jpeg"}],"author":"anachain","twitter_card":"summary_large_image","twitter_creator":"@efenoticias","twitter_site":"@efenoticias","schema":{"@context":"https:\/\/schema.org","@graph":[{"@type":"NewsArticle","@id":"https:\/\/pre.efe.com\/pt-br\/esportes\/2023-01-03\/lula-presta-homenagem-a-pele-em-velorio-na-vila-belmiro\/#article","isPartOf":{"@id":"https:\/\/pre.efe.com\/pt-br\/esportes\/2023-01-03\/lula-presta-homenagem-a-pele-em-velorio-na-vila-belmiro\/"},"author":{"name":"anachain","@id":"https:\/\/pre.efe.com\/pt-br\/#\/schema\/person\/b19f23f210db552768f68a4b552b004f"},"headline":"Lula presta homenagem a Pel\u00e9 em vel\u00f3rio na Vila Belmiro","datePublished":"2023-01-03T13:31:28+00:00","dateModified":"2023-01-03T13:31:31+00:00","mainEntityOfPage":{"@id":"https:\/\/pre.efe.com\/pt-br\/esportes\/2023-01-03\/lula-presta-homenagem-a-pele-em-velorio-na-vila-belmiro\/"},"wordCount":248,"publisher":{"@id":"https:\/\/pre.efe.com\/pt-br\/#organization"},"image":{"@id":"https:\/\/pre.efe.com\/pt-br\/esportes\/2023-01-03\/lula-presta-homenagem-a-pele-em-velorio-na-vila-belmiro\/#primaryimage"},"thumbnailUrl":"https:\/\/pre.efe.com\/wp-content\/uploads\/2023\/01\/dc6ace8e845cf156f2bf26f013d63a1ad87947c8w.jpg","keywords":["Brasil","Futebol","Lula","Obitu\u00e1rio","Pel\u00e9"],"articleSection":["Esportes","Portada"],"inLanguage":"pt-BR","copyrightYear":"2023","copyrightHolder":{"@id":"https:\/\/pre.efe.com\/#organization"}},{"@type":["WebPage","ItemPage"],"@id":"https:\/\/pre.efe.com\/pt-br\/esportes\/2023-01-03\/lula-presta-homenagem-a-pele-em-velorio-na-vila-belmiro\/","url":"https:\/\/pre.efe.com\/pt-br\/esportes\/2023-01-03\/lula-presta-homenagem-a-pele-em-velorio-na-vila-belmiro\/","name":"Lula presta homenagem a Pel\u00e9 em vel\u00f3rio na Vila Belmiro - EFE","isPartOf":{"@id":"https:\/\/pre.efe.com\/pt-br\/#website"},"primaryImageOfPage":{"@id":"https:\/\/pre.efe.com\/pt-br\/esportes\/2023-01-03\/lula-presta-homenagem-a-pele-em-velorio-na-vila-belmiro\/#primaryimage"},"image":{"@id":"https:\/\/pre.efe.com\/pt-br\/esportes\/2023-01-03\/lula-presta-homenagem-a-pele-em-velorio-na-vila-belmiro\/#primaryimage"},"thumbnailUrl":"https:\/\/pre.efe.com\/wp-content\/uploads\/2023\/01\/dc6ace8e845cf156f2bf26f013d63a1ad87947c8w.jpg","datePublished":"2023-01-03T13:31:28+00:00","dateModified":"2023-01-03T13:31:31+00:00","breadcrumb":{"@id":"https:\/\/pre.efe.com\/pt-br\/esportes\/2023-01-03\/lula-presta-homenagem-a-pele-em-velorio-na-vila-belmiro\/#breadcrumb"},"inLanguage":"pt-BR","potentialAction":[{"@type":"ReadAction","target":["https:\/\/pre.efe.com\/pt-br\/esportes\/2023-01-03\/lula-presta-homenagem-a-pele-em-velorio-na-vila-belmiro\/"]}]},{"@type":"ImageObject","inLanguage":"pt-BR","@id":"https:\/\/pre.efe.com\/pt-br\/esportes\/2023-01-03\/lula-presta-homenagem-a-pele-em-velorio-na-vila-belmiro\/#primaryimage","url":"https:\/\/pre.efe.com\/wp-content\/uploads\/2023\/01\/dc6ace8e845cf156f2bf26f013d63a1ad87947c8w.jpg","contentUrl":"https:\/\/pre.efe.com\/wp-content\/uploads\/2023\/01\/dc6ace8e845cf156f2bf26f013d63a1ad87947c8w.jpg","width":1920,"height":1280,"caption":"EFE\/Sebastiao Moreira"},{"@type":"BreadcrumbList","@id":"https:\/\/pre.efe.com\/pt-br\/esportes\/2023-01-03\/lula-presta-homenagem-a-pele-em-velorio-na-vila-belmiro\/#breadcrumb","itemListElement":[{"@type":"ListItem","position":1,"name":"Portada","item":"https:\/\/pre.efe.com\/pt-br\/"},{"@type":"ListItem","position":2,"name":"Lula presta homenagem a Pel\u00e9 em vel\u00f3rio na Vila Belmiro"}]},{"@type":"WebSite","@id":"https:\/\/pre.efe.com\/pt-br\/#website","url":"https:\/\/pre.efe.com\/pt-br\/","name":"EFE Noticias","description":"","publisher":{"@id":"https:\/\/pre.efe.com\/pt-br\/#organization"},"potentialAction":[{"@type":"SearchAction","target":{"@type":"EntryPoint","urlTemplate":"https:\/\/pre.efe.com\/pt-br\/?s={search_term_string}"},"query-input":{"@type":"PropertyValueSpecification","valueRequired":true,"valueName":"search_term_string"}}],"inLanguage":"pt-BR"},{"@type":"Organization","@id":"https:\/\/pre.efe.com\/pt-br\/#organization","name":"Agencia EFE","url":"https:\/\/pre.efe.com\/pt-br\/","logo":{"@type":"ImageObject","inLanguage":"pt-BR","@id":"https:\/\/pre.efe.com\/pt-br\/#\/schema\/logo\/image\/","url":"https:\/\/pre.efe.com\/wp-content\/uploads\/2023\/06\/logo-efe-467.png","contentUrl":"https:\/\/pre.efe.com\/wp-content\/uploads\/2023\/06\/logo-efe-467.png","width":467,"height":467,"caption":"Agencia EFE"},"image":{"@id":"https:\/\/pre.efe.com\/pt-br\/#\/schema\/logo\/image\/"},"sameAs":["https:\/\/www.facebook.com\/AgenciaEFEnoticias\/","https:\/\/x.com\/efenoticias","https:\/\/www.instagram.com\/efe_noticias\/","http:\/\/www.youtube.com\/efe"]},{"@type":"Person","@id":"https:\/\/pre.efe.com\/pt-br\/#\/schema\/person\/b19f23f210db552768f68a4b552b004f","name":"anachain","image":{"@type":"ImageObject","inLanguage":"pt-BR","@id":"https:\/\/secure.gravatar.com\/avatar\/30b83965911ef1108bb893c00bdd65c885f9890e1265ee04b02c3d5adc785d37?s=96&d=identicon&r=g","url":"https:\/\/secure.gravatar.com\/avatar\/30b83965911ef1108bb893c00bdd65c885f9890e1265ee04b02c3d5adc785d37?s=96&d=identicon&r=g","contentUrl":"https:\/\/secure.gravatar.com\/avatar\/30b83965911ef1108bb893c00bdd65c885f9890e1265ee04b02c3d5adc785d37?s=96&d=identicon&r=g","caption":"anachain"},"url":"https:\/\/pre.efe.com\/pt-br\/autor\/anachain\/"}]}},"jetpack_featured_media_url":"https:\/\/pre.efe.com\/wp-content\/uploads\/2023\/01\/dc6ace8e845cf156f2bf26f013d63a1ad87947c8w.jpg","jetpack_shortlink":"https:\/\/wp.me\/peJvHm-XyR","jetpack_sharing_enabled":true,"_links":{"self":[{"href":"https:\/\/pre.efe.com\/pt-br\/wp-json\/wp\/v2\/posts\/228957","targetHints":{"allow":["GET"]}}],"collection":[{"href":"https:\/\/pre.efe.com\/pt-br\/wp-json\/wp\/v2\/posts"}],"about":[{"href":"https:\/\/pre.efe.com\/pt-br\/wp-json\/wp\/v2\/types\/post"}],"author":[{"embeddable":true,"href":"https:\/\/pre.efe.com\/pt-br\/wp-json\/wp\/v2\/users\/198164106"}],"replies":[{"embeddable":true,"href":"https:\/\/pre.efe.com\/pt-br\/wp-json\/wp\/v2\/comments?post=228957"}],"version-history":[{"count":2,"href":"https:\/\/pre.efe.com\/pt-br\/wp-json\/wp\/v2\/posts\/228957\/revisions"}],"predecessor-version":[{"id":228977,"href":"https:\/\/pre.efe.com\/pt-br\/wp-json\/wp\/v2\/posts\/228957\/revisions\/228977"}],"wp:featuredmedia":[{"embeddable":true,"href":"https:\/\/pre.efe.com\/pt-br\/wp-json\/wp\/v2\/media\/228974"}],"wp:attachment":[{"href":"https:\/\/pre.efe.com\/pt-br\/wp-json\/wp\/v2\/media?parent=228957"}],"wp:term":[{"taxonomy":"category","embeddable":true,"href":"https:\/\/pre.efe.com\/pt-br\/wp-json\/wp\/v2\/categories?post=228957"},{"taxonomy":"post_tag","embeddable":true,"href":"https:\/\/pre.efe.com\/pt-br\/wp-json\/wp\/v2\/tags?post=228957"}],"curies":[{"name":"wp","href":"https:\/\/api.w.org\/{rel}","templated":true}]}}