{"id":230536,"date":"2023-01-04T16:32:00","date_gmt":"2023-01-04T15:32:00","guid":{"rendered":"https:\/\/pre.efe.com\/?p=230536"},"modified":"2023-01-04T22:56:27","modified_gmt":"2023-01-04T21:56:27","slug":"rainha-emerita-da-espanha-e-ministro-visitam-velorio-de-bento-xvi","status":"publish","type":"post","link":"https:\/\/pre.efe.com\/pt-br\/mundo-2\/2023-01-04\/rainha-emerita-da-espanha-e-ministro-visitam-velorio-de-bento-xvi\/","title":{"rendered":"Rainha em\u00e9rita da Espanha e ministro visitam vel\u00f3rio de Bento XVI"},"content":{"rendered":"\n<p>Cidade do Vaticano (EFE).- A rainha em\u00e9rita da Espanha, Sofia, e o ministro da Presid\u00eancia espanhola, F\u00e9lix Bola\u00f1os, visitaram nesta quarta-feira o vel\u00f3rio do papa em\u00e9rito Bento XVI no Vaticano, onde tamb\u00e9m v\u00e3o participar, amanh\u00e3, do funeral.<\/p>\n\n\n\n<p>Dona Sofia chegou hoje em Roma e foi \u00e0 Bas\u00edlica de S\u00e3o Pedro do Vaticano por volta das 18h (14h de Bras\u00edlia), uma hora antes do fechamento do vel\u00f3rio, para se despedir de Bento XVI, com quem j\u00e1 havia se encontrado v\u00e1rias vezes.<\/p>\n\n\n\n<p>A rainha em\u00e9rita, acompanhada por Bola\u00f1os e pela embaixadora espanhola junto \u00e0 Santa S\u00e9, Isabel Celaa, permaneceu por alguns minutos em sil\u00eancio em frente aos restos mortais de Bento XVI, cujo enterro ser\u00e1 realizado amanh\u00e3, no antigo t\u00famulo de Jo\u00e3o Paulo II, ap\u00f3s um funeral presidido pelo Papa Francisco.<\/p>\n\n\n\n<p>O funeral de Bento XVI, que faleceu no \u00faltimo s\u00e1bado, aos 95 anos, ser\u00e1 realizado a partir das 9h30 (5h30 de Bras\u00edlia) na Pra\u00e7a S\u00e3o Pedro, no Vaticano.<\/p>\n\n\n\n<p>A cerim\u00f4nia contar\u00e1 com a presen\u00e7a de duas delega\u00e7\u00f5es oficiais &#8211; de It\u00e1lia e Alemanha, pa\u00eds de origem do papa em\u00e9rito. Autoridades de outros pa\u00edses tamb\u00e9m estar\u00e3o presentes, mas a t\u00edtulo pessoal, pois n\u00e3o se trata de um funeral de Estado. EFE<\/p>\n","protected":false},"excerpt":{"rendered":"<p>Cidade do Vaticano (EFE).- A rainha em\u00e9rita da Espanha, Sofia, e o ministro da Presid\u00eancia espanhola, F\u00e9lix Bola\u00f1os, visitaram nesta quarta-feira o vel\u00f3rio do papa em\u00e9rito Bento XVI no Vaticano, onde tamb\u00e9m v\u00e3o participar, amanh\u00e3, do funeral. Dona Sofia chegou hoje em Roma e foi \u00e0 Bas\u00edlica de S\u00e3o Pedro do Vaticano por volta das &#8230; <a title=\"Rainha em\u00e9rita da Espanha e ministro visitam vel\u00f3rio de Bento XVI\" class=\"read-more\" href=\"https:\/\/pre.efe.com\/pt-br\/mundo-2\/2023-01-04\/rainha-emerita-da-espanha-e-ministro-visitam-velorio-de-bento-xvi\/\" aria-label=\"Read more about Rainha em\u00e9rita da Espanha e ministro visitam vel\u00f3rio de Bento XVI\">Leia mais<\/a><\/p>\n","protected":false},"author":198164106,"featured_media":230631,"comment_status":"closed","ping_status":"closed","sticky":false,"template":"","format":"standard","meta":{"_acf_changed":false,"_jetpack_memberships_contains_paid_content":false,"footnotes":""},"categories":[123208,122141],"tags":[128479,124421,128521,128478],"class_list":["post-230536","post","type-post","status-publish","format-standard","has-post-thumbnail","hentry","category-mundo-2","category-portada","tag-bento-xvi","tag-espanha","tag-obituario-2","tag-vaticano","generate-columns","tablet-grid-50","mobile-grid-100","grid-parent","grid-50"],"acf":[],"yoast_head":"<!-- This site is optimized with the Yoast SEO Premium plugin v26.0 (Yoast SEO v27.4) - https:\/\/yoast.com\/product\/yoast-seo-premium-wordpress\/ -->\n<title>Rainha em\u00e9rita da Espanha e ministro visitam vel\u00f3rio de Bento XVI - EFE<\/title>\n<meta name=\"robots\" content=\"noindex, follow\" \/>\n<meta property=\"og:locale\" content=\"pt_BR\" \/>\n<meta property=\"og:type\" content=\"article\" \/>\n<meta property=\"og:title\" content=\"Rainha em\u00e9rita da Espanha e ministro visitam vel\u00f3rio de Bento XVI - EFE\" \/>\n<meta property=\"og:description\" content=\"Cidade do Vaticano (EFE).- A rainha em\u00e9rita da Espanha, Sofia, e o ministro da Presid\u00eancia espanhola, F\u00e9lix Bola\u00f1os, visitaram nesta quarta-feira o vel\u00f3rio do papa em\u00e9rito Bento XVI no Vaticano, onde tamb\u00e9m v\u00e3o participar, amanh\u00e3, do funeral. Dona Sofia chegou hoje em Roma e foi \u00e0 Bas\u00edlica de S\u00e3o Pedro do Vaticano por volta das ... Leia mais\" \/>\n<meta property=\"og:url\" content=\"https:\/\/pre.efe.com\/pt-br\/mundo-2\/2023-01-04\/rainha-emerita-da-espanha-e-ministro-visitam-velorio-de-bento-xvi\/\" \/>\n<meta property=\"og:site_name\" content=\"EFE Noticias\" \/>\n<meta property=\"article:publisher\" content=\"https:\/\/www.facebook.com\/AgenciaEFEnoticias\/\" \/>\n<meta property=\"article:published_time\" content=\"2023-01-04T15:32:00+00:00\" \/>\n<meta property=\"article:modified_time\" content=\"2023-01-04T21:56:27+00:00\" \/>\n<meta property=\"og:image\" content=\"https:\/\/i0.wp.com\/efe.com\/\/srv\/htdocs\/wp-content\/uploads\/2023\/01\/d9cf8ed2602158f8b63f19bcaa89dba9e774d51cw.jpg?fit=1920%2C1283&ssl=1\" \/>\n\t<meta property=\"og:image:width\" content=\"1920\" \/>\n\t<meta property=\"og:image:height\" content=\"1283\" \/>\n\t<meta property=\"og:image:type\" content=\"image\/jpeg\" \/>\n<meta name=\"author\" content=\"anachain\" \/>\n<meta name=\"twitter:card\" content=\"summary_large_image\" \/>\n<meta name=\"twitter:creator\" content=\"@efenoticias\" \/>\n<meta name=\"twitter:site\" content=\"@efenoticias\" \/>\n<script type=\"application\/ld+json\" class=\"yoast-schema-graph\">{\"@context\":\"https:\\\/\\\/schema.org\",\"@graph\":[{\"@type\":\"NewsArticle\",\"@id\":\"https:\\\/\\\/pre.efe.com\\\/pt-br\\\/mundo-2\\\/2023-01-04\\\/rainha-emerita-da-espanha-e-ministro-visitam-velorio-de-bento-xvi\\\/#article\",\"isPartOf\":{\"@id\":\"https:\\\/\\\/pre.efe.com\\\/pt-br\\\/mundo-2\\\/2023-01-04\\\/rainha-emerita-da-espanha-e-ministro-visitam-velorio-de-bento-xvi\\\/\"},\"author\":{\"name\":\"anachain\",\"@id\":\"https:\\\/\\\/pre.efe.com\\\/pt-br\\\/#\\\/schema\\\/person\\\/b19f23f210db552768f68a4b552b004f\"},\"headline\":\"Rainha em\u00e9rita da Espanha e ministro visitam vel\u00f3rio de Bento XVI\",\"datePublished\":\"2023-01-04T15:32:00+00:00\",\"dateModified\":\"2023-01-04T21:56:27+00:00\",\"mainEntityOfPage\":{\"@id\":\"https:\\\/\\\/pre.efe.com\\\/pt-br\\\/mundo-2\\\/2023-01-04\\\/rainha-emerita-da-espanha-e-ministro-visitam-velorio-de-bento-xvi\\\/\"},\"wordCount\":244,\"publisher\":{\"@id\":\"https:\\\/\\\/pre.efe.com\\\/pt-br\\\/#organization\"},\"image\":{\"@id\":\"https:\\\/\\\/pre.efe.com\\\/pt-br\\\/mundo-2\\\/2023-01-04\\\/rainha-emerita-da-espanha-e-ministro-visitam-velorio-de-bento-xvi\\\/#primaryimage\"},\"thumbnailUrl\":\"https:\\\/\\\/pre.efe.com\\\/wp-content\\\/uploads\\\/2023\\\/01\\\/d9cf8ed2602158f8b63f19bcaa89dba9e774d51cw.jpg\",\"keywords\":[\"Bento XVI\",\"Espanha\",\"Obitu\u00e1rio\",\"Vaticano\"],\"articleSection\":[\"Mundo\",\"Portada\"],\"inLanguage\":\"pt-BR\",\"copyrightYear\":\"2023\",\"copyrightHolder\":{\"@id\":\"https:\\\/\\\/pre.efe.com\\\/#organization\"}},{\"@type\":[\"WebPage\",\"ItemPage\"],\"@id\":\"https:\\\/\\\/pre.efe.com\\\/pt-br\\\/mundo-2\\\/2023-01-04\\\/rainha-emerita-da-espanha-e-ministro-visitam-velorio-de-bento-xvi\\\/\",\"url\":\"https:\\\/\\\/pre.efe.com\\\/pt-br\\\/mundo-2\\\/2023-01-04\\\/rainha-emerita-da-espanha-e-ministro-visitam-velorio-de-bento-xvi\\\/\",\"name\":\"Rainha em\u00e9rita da Espanha e ministro visitam vel\u00f3rio de Bento XVI - EFE\",\"isPartOf\":{\"@id\":\"https:\\\/\\\/pre.efe.com\\\/pt-br\\\/#website\"},\"primaryImageOfPage\":{\"@id\":\"https:\\\/\\\/pre.efe.com\\\/pt-br\\\/mundo-2\\\/2023-01-04\\\/rainha-emerita-da-espanha-e-ministro-visitam-velorio-de-bento-xvi\\\/#primaryimage\"},\"image\":{\"@id\":\"https:\\\/\\\/pre.efe.com\\\/pt-br\\\/mundo-2\\\/2023-01-04\\\/rainha-emerita-da-espanha-e-ministro-visitam-velorio-de-bento-xvi\\\/#primaryimage\"},\"thumbnailUrl\":\"https:\\\/\\\/pre.efe.com\\\/wp-content\\\/uploads\\\/2023\\\/01\\\/d9cf8ed2602158f8b63f19bcaa89dba9e774d51cw.jpg\",\"datePublished\":\"2023-01-04T15:32:00+00:00\",\"dateModified\":\"2023-01-04T21:56:27+00:00\",\"breadcrumb\":{\"@id\":\"https:\\\/\\\/pre.efe.com\\\/pt-br\\\/mundo-2\\\/2023-01-04\\\/rainha-emerita-da-espanha-e-ministro-visitam-velorio-de-bento-xvi\\\/#breadcrumb\"},\"inLanguage\":\"pt-BR\",\"potentialAction\":[{\"@type\":\"ReadAction\",\"target\":[\"https:\\\/\\\/pre.efe.com\\\/pt-br\\\/mundo-2\\\/2023-01-04\\\/rainha-emerita-da-espanha-e-ministro-visitam-velorio-de-bento-xvi\\\/\"]}]},{\"@type\":\"ImageObject\",\"inLanguage\":\"pt-BR\",\"@id\":\"https:\\\/\\\/pre.efe.com\\\/pt-br\\\/mundo-2\\\/2023-01-04\\\/rainha-emerita-da-espanha-e-ministro-visitam-velorio-de-bento-xvi\\\/#primaryimage\",\"url\":\"https:\\\/\\\/pre.efe.com\\\/wp-content\\\/uploads\\\/2023\\\/01\\\/d9cf8ed2602158f8b63f19bcaa89dba9e774d51cw.jpg\",\"contentUrl\":\"https:\\\/\\\/pre.efe.com\\\/wp-content\\\/uploads\\\/2023\\\/01\\\/d9cf8ed2602158f8b63f19bcaa89dba9e774d51cw.jpg\",\"width\":1920,\"height\":1283,\"caption\":\"EFE\\\/Ministerio de la Presidencia, Relaciones con las Cortes y Memoria Democr\u00e1tica\\\/Natalia Ruiz Guillam\u00f3n\"},{\"@type\":\"BreadcrumbList\",\"@id\":\"https:\\\/\\\/pre.efe.com\\\/pt-br\\\/mundo-2\\\/2023-01-04\\\/rainha-emerita-da-espanha-e-ministro-visitam-velorio-de-bento-xvi\\\/#breadcrumb\",\"itemListElement\":[{\"@type\":\"ListItem\",\"position\":1,\"name\":\"Portada\",\"item\":\"https:\\\/\\\/pre.efe.com\\\/pt-br\\\/\"},{\"@type\":\"ListItem\",\"position\":2,\"name\":\"Rainha em\u00e9rita da Espanha e ministro visitam vel\u00f3rio de Bento XVI\"}]},{\"@type\":\"WebSite\",\"@id\":\"https:\\\/\\\/pre.efe.com\\\/pt-br\\\/#website\",\"url\":\"https:\\\/\\\/pre.efe.com\\\/pt-br\\\/\",\"name\":\"EFE Noticias\",\"description\":\"\",\"publisher\":{\"@id\":\"https:\\\/\\\/pre.efe.com\\\/pt-br\\\/#organization\"},\"potentialAction\":[{\"@type\":\"SearchAction\",\"target\":{\"@type\":\"EntryPoint\",\"urlTemplate\":\"https:\\\/\\\/pre.efe.com\\\/pt-br\\\/?s={search_term_string}\"},\"query-input\":{\"@type\":\"PropertyValueSpecification\",\"valueRequired\":true,\"valueName\":\"search_term_string\"}}],\"inLanguage\":\"pt-BR\"},{\"@type\":\"Organization\",\"@id\":\"https:\\\/\\\/pre.efe.com\\\/pt-br\\\/#organization\",\"name\":\"Agencia EFE\",\"url\":\"https:\\\/\\\/pre.efe.com\\\/pt-br\\\/\",\"logo\":{\"@type\":\"ImageObject\",\"inLanguage\":\"pt-BR\",\"@id\":\"https:\\\/\\\/pre.efe.com\\\/pt-br\\\/#\\\/schema\\\/logo\\\/image\\\/\",\"url\":\"https:\\\/\\\/pre.efe.com\\\/wp-content\\\/uploads\\\/2023\\\/06\\\/logo-efe-467.png\",\"contentUrl\":\"https:\\\/\\\/pre.efe.com\\\/wp-content\\\/uploads\\\/2023\\\/06\\\/logo-efe-467.png\",\"width\":467,\"height\":467,\"caption\":\"Agencia EFE\"},\"image\":{\"@id\":\"https:\\\/\\\/pre.efe.com\\\/pt-br\\\/#\\\/schema\\\/logo\\\/image\\\/\"},\"sameAs\":[\"https:\\\/\\\/www.facebook.com\\\/AgenciaEFEnoticias\\\/\",\"https:\\\/\\\/x.com\\\/efenoticias\",\"https:\\\/\\\/www.instagram.com\\\/efe_noticias\\\/\",\"http:\\\/\\\/www.youtube.com\\\/efe\"]},{\"@type\":\"Person\",\"@id\":\"https:\\\/\\\/pre.efe.com\\\/pt-br\\\/#\\\/schema\\\/person\\\/b19f23f210db552768f68a4b552b004f\",\"name\":\"anachain\",\"image\":{\"@type\":\"ImageObject\",\"inLanguage\":\"pt-BR\",\"@id\":\"https:\\\/\\\/secure.gravatar.com\\\/avatar\\\/30b83965911ef1108bb893c00bdd65c885f9890e1265ee04b02c3d5adc785d37?s=96&d=identicon&r=g\",\"url\":\"https:\\\/\\\/secure.gravatar.com\\\/avatar\\\/30b83965911ef1108bb893c00bdd65c885f9890e1265ee04b02c3d5adc785d37?s=96&d=identicon&r=g\",\"contentUrl\":\"https:\\\/\\\/secure.gravatar.com\\\/avatar\\\/30b83965911ef1108bb893c00bdd65c885f9890e1265ee04b02c3d5adc785d37?s=96&d=identicon&r=g\",\"caption\":\"anachain\"},\"url\":\"https:\\\/\\\/pre.efe.com\\\/pt-br\\\/autor\\\/anachain\\\/\"}]}<\/script>\n<!-- \/ Yoast SEO Premium plugin. -->","yoast_head_json":{"title":"Rainha em\u00e9rita da Espanha e ministro visitam vel\u00f3rio de Bento XVI - EFE","robots":{"index":"noindex","follow":"follow"},"og_locale":"pt_BR","og_type":"article","og_title":"Rainha em\u00e9rita da Espanha e ministro visitam vel\u00f3rio de Bento XVI - EFE","og_description":"Cidade do Vaticano (EFE).- A rainha em\u00e9rita da Espanha, Sofia, e o ministro da Presid\u00eancia espanhola, F\u00e9lix Bola\u00f1os, visitaram nesta quarta-feira o vel\u00f3rio do papa em\u00e9rito Bento XVI no Vaticano, onde tamb\u00e9m v\u00e3o participar, amanh\u00e3, do funeral. Dona Sofia chegou hoje em Roma e foi \u00e0 Bas\u00edlica de S\u00e3o Pedro do Vaticano por volta das ... Leia mais","og_url":"https:\/\/pre.efe.com\/pt-br\/mundo-2\/2023-01-04\/rainha-emerita-da-espanha-e-ministro-visitam-velorio-de-bento-xvi\/","og_site_name":"EFE Noticias","article_publisher":"https:\/\/www.facebook.com\/AgenciaEFEnoticias\/","article_published_time":"2023-01-04T15:32:00+00:00","article_modified_time":"2023-01-04T21:56:27+00:00","og_image":[{"width":1920,"height":1283,"url":"https:\/\/i0.wp.com\/efe.com\/\/srv\/htdocs\/wp-content\/uploads\/2023\/01\/d9cf8ed2602158f8b63f19bcaa89dba9e774d51cw.jpg?fit=1920%2C1283&ssl=1","type":"image\/jpeg"}],"author":"anachain","twitter_card":"summary_large_image","twitter_creator":"@efenoticias","twitter_site":"@efenoticias","schema":{"@context":"https:\/\/schema.org","@graph":[{"@type":"NewsArticle","@id":"https:\/\/pre.efe.com\/pt-br\/mundo-2\/2023-01-04\/rainha-emerita-da-espanha-e-ministro-visitam-velorio-de-bento-xvi\/#article","isPartOf":{"@id":"https:\/\/pre.efe.com\/pt-br\/mundo-2\/2023-01-04\/rainha-emerita-da-espanha-e-ministro-visitam-velorio-de-bento-xvi\/"},"author":{"name":"anachain","@id":"https:\/\/pre.efe.com\/pt-br\/#\/schema\/person\/b19f23f210db552768f68a4b552b004f"},"headline":"Rainha em\u00e9rita da Espanha e ministro visitam vel\u00f3rio de Bento XVI","datePublished":"2023-01-04T15:32:00+00:00","dateModified":"2023-01-04T21:56:27+00:00","mainEntityOfPage":{"@id":"https:\/\/pre.efe.com\/pt-br\/mundo-2\/2023-01-04\/rainha-emerita-da-espanha-e-ministro-visitam-velorio-de-bento-xvi\/"},"wordCount":244,"publisher":{"@id":"https:\/\/pre.efe.com\/pt-br\/#organization"},"image":{"@id":"https:\/\/pre.efe.com\/pt-br\/mundo-2\/2023-01-04\/rainha-emerita-da-espanha-e-ministro-visitam-velorio-de-bento-xvi\/#primaryimage"},"thumbnailUrl":"https:\/\/pre.efe.com\/wp-content\/uploads\/2023\/01\/d9cf8ed2602158f8b63f19bcaa89dba9e774d51cw.jpg","keywords":["Bento XVI","Espanha","Obitu\u00e1rio","Vaticano"],"articleSection":["Mundo","Portada"],"inLanguage":"pt-BR","copyrightYear":"2023","copyrightHolder":{"@id":"https:\/\/pre.efe.com\/#organization"}},{"@type":["WebPage","ItemPage"],"@id":"https:\/\/pre.efe.com\/pt-br\/mundo-2\/2023-01-04\/rainha-emerita-da-espanha-e-ministro-visitam-velorio-de-bento-xvi\/","url":"https:\/\/pre.efe.com\/pt-br\/mundo-2\/2023-01-04\/rainha-emerita-da-espanha-e-ministro-visitam-velorio-de-bento-xvi\/","name":"Rainha em\u00e9rita da Espanha e ministro visitam vel\u00f3rio de Bento XVI - EFE","isPartOf":{"@id":"https:\/\/pre.efe.com\/pt-br\/#website"},"primaryImageOfPage":{"@id":"https:\/\/pre.efe.com\/pt-br\/mundo-2\/2023-01-04\/rainha-emerita-da-espanha-e-ministro-visitam-velorio-de-bento-xvi\/#primaryimage"},"image":{"@id":"https:\/\/pre.efe.com\/pt-br\/mundo-2\/2023-01-04\/rainha-emerita-da-espanha-e-ministro-visitam-velorio-de-bento-xvi\/#primaryimage"},"thumbnailUrl":"https:\/\/pre.efe.com\/wp-content\/uploads\/2023\/01\/d9cf8ed2602158f8b63f19bcaa89dba9e774d51cw.jpg","datePublished":"2023-01-04T15:32:00+00:00","dateModified":"2023-01-04T21:56:27+00:00","breadcrumb":{"@id":"https:\/\/pre.efe.com\/pt-br\/mundo-2\/2023-01-04\/rainha-emerita-da-espanha-e-ministro-visitam-velorio-de-bento-xvi\/#breadcrumb"},"inLanguage":"pt-BR","potentialAction":[{"@type":"ReadAction","target":["https:\/\/pre.efe.com\/pt-br\/mundo-2\/2023-01-04\/rainha-emerita-da-espanha-e-ministro-visitam-velorio-de-bento-xvi\/"]}]},{"@type":"ImageObject","inLanguage":"pt-BR","@id":"https:\/\/pre.efe.com\/pt-br\/mundo-2\/2023-01-04\/rainha-emerita-da-espanha-e-ministro-visitam-velorio-de-bento-xvi\/#primaryimage","url":"https:\/\/pre.efe.com\/wp-content\/uploads\/2023\/01\/d9cf8ed2602158f8b63f19bcaa89dba9e774d51cw.jpg","contentUrl":"https:\/\/pre.efe.com\/wp-content\/uploads\/2023\/01\/d9cf8ed2602158f8b63f19bcaa89dba9e774d51cw.jpg","width":1920,"height":1283,"caption":"EFE\/Ministerio de la Presidencia, Relaciones con las Cortes y Memoria Democr\u00e1tica\/Natalia Ruiz Guillam\u00f3n"},{"@type":"BreadcrumbList","@id":"https:\/\/pre.efe.com\/pt-br\/mundo-2\/2023-01-04\/rainha-emerita-da-espanha-e-ministro-visitam-velorio-de-bento-xvi\/#breadcrumb","itemListElement":[{"@type":"ListItem","position":1,"name":"Portada","item":"https:\/\/pre.efe.com\/pt-br\/"},{"@type":"ListItem","position":2,"name":"Rainha em\u00e9rita da Espanha e ministro visitam vel\u00f3rio de Bento XVI"}]},{"@type":"WebSite","@id":"https:\/\/pre.efe.com\/pt-br\/#website","url":"https:\/\/pre.efe.com\/pt-br\/","name":"EFE Noticias","description":"","publisher":{"@id":"https:\/\/pre.efe.com\/pt-br\/#organization"},"potentialAction":[{"@type":"SearchAction","target":{"@type":"EntryPoint","urlTemplate":"https:\/\/pre.efe.com\/pt-br\/?s={search_term_string}"},"query-input":{"@type":"PropertyValueSpecification","valueRequired":true,"valueName":"search_term_string"}}],"inLanguage":"pt-BR"},{"@type":"Organization","@id":"https:\/\/pre.efe.com\/pt-br\/#organization","name":"Agencia EFE","url":"https:\/\/pre.efe.com\/pt-br\/","logo":{"@type":"ImageObject","inLanguage":"pt-BR","@id":"https:\/\/pre.efe.com\/pt-br\/#\/schema\/logo\/image\/","url":"https:\/\/pre.efe.com\/wp-content\/uploads\/2023\/06\/logo-efe-467.png","contentUrl":"https:\/\/pre.efe.com\/wp-content\/uploads\/2023\/06\/logo-efe-467.png","width":467,"height":467,"caption":"Agencia EFE"},"image":{"@id":"https:\/\/pre.efe.com\/pt-br\/#\/schema\/logo\/image\/"},"sameAs":["https:\/\/www.facebook.com\/AgenciaEFEnoticias\/","https:\/\/x.com\/efenoticias","https:\/\/www.instagram.com\/efe_noticias\/","http:\/\/www.youtube.com\/efe"]},{"@type":"Person","@id":"https:\/\/pre.efe.com\/pt-br\/#\/schema\/person\/b19f23f210db552768f68a4b552b004f","name":"anachain","image":{"@type":"ImageObject","inLanguage":"pt-BR","@id":"https:\/\/secure.gravatar.com\/avatar\/30b83965911ef1108bb893c00bdd65c885f9890e1265ee04b02c3d5adc785d37?s=96&d=identicon&r=g","url":"https:\/\/secure.gravatar.com\/avatar\/30b83965911ef1108bb893c00bdd65c885f9890e1265ee04b02c3d5adc785d37?s=96&d=identicon&r=g","contentUrl":"https:\/\/secure.gravatar.com\/avatar\/30b83965911ef1108bb893c00bdd65c885f9890e1265ee04b02c3d5adc785d37?s=96&d=identicon&r=g","caption":"anachain"},"url":"https:\/\/pre.efe.com\/pt-br\/autor\/anachain\/"}]}},"jetpack_featured_media_url":"https:\/\/pre.efe.com\/wp-content\/uploads\/2023\/01\/d9cf8ed2602158f8b63f19bcaa89dba9e774d51cw.jpg","jetpack_shortlink":"https:\/\/wp.me\/peJvHm-XYk","jetpack_sharing_enabled":true,"_links":{"self":[{"href":"https:\/\/pre.efe.com\/pt-br\/wp-json\/wp\/v2\/posts\/230536","targetHints":{"allow":["GET"]}}],"collection":[{"href":"https:\/\/pre.efe.com\/pt-br\/wp-json\/wp\/v2\/posts"}],"about":[{"href":"https:\/\/pre.efe.com\/pt-br\/wp-json\/wp\/v2\/types\/post"}],"author":[{"embeddable":true,"href":"https:\/\/pre.efe.com\/pt-br\/wp-json\/wp\/v2\/users\/198164106"}],"replies":[{"embeddable":true,"href":"https:\/\/pre.efe.com\/pt-br\/wp-json\/wp\/v2\/comments?post=230536"}],"version-history":[{"count":2,"href":"https:\/\/pre.efe.com\/pt-br\/wp-json\/wp\/v2\/posts\/230536\/revisions"}],"predecessor-version":[{"id":230634,"href":"https:\/\/pre.efe.com\/pt-br\/wp-json\/wp\/v2\/posts\/230536\/revisions\/230634"}],"wp:featuredmedia":[{"embeddable":true,"href":"https:\/\/pre.efe.com\/pt-br\/wp-json\/wp\/v2\/media\/230631"}],"wp:attachment":[{"href":"https:\/\/pre.efe.com\/pt-br\/wp-json\/wp\/v2\/media?parent=230536"}],"wp:term":[{"taxonomy":"category","embeddable":true,"href":"https:\/\/pre.efe.com\/pt-br\/wp-json\/wp\/v2\/categories?post=230536"},{"taxonomy":"post_tag","embeddable":true,"href":"https:\/\/pre.efe.com\/pt-br\/wp-json\/wp\/v2\/tags?post=230536"}],"curies":[{"name":"wp","href":"https:\/\/api.w.org\/{rel}","templated":true}]}}