{"id":230675,"date":"2023-01-04T18:26:00","date_gmt":"2023-01-04T17:26:00","guid":{"rendered":"https:\/\/pre.efe.com\/?p=230675"},"modified":"2023-01-05T00:10:25","modified_gmt":"2023-01-04T23:10:25","slug":"chanceler-japones-quer-estreitar-lacos-com-america-latina-desafios-comuns","status":"publish","type":"post","link":"https:\/\/pre.efe.com\/pt-br\/mundo-2\/2023-01-04\/chanceler-japones-quer-estreitar-lacos-com-america-latina-desafios-comuns\/","title":{"rendered":"Chanceler japon\u00eas quer estreitar la\u00e7os com Am\u00e9rica Latina: &#8220;Desafios comuns&#8221;"},"content":{"rendered":"\n<p>T\u00f3quio (EFE).- O ministro das Rela\u00e7\u00f5es Exteriores do Jap\u00e3o, Yoshimasa Hayashi, quer fortalecer a coopera\u00e7\u00e3o com Brasil, Argentina, M\u00e9xico e Equador por conta dos &#8220;desafios comuns&#8221; enfrentados pela Am\u00e9rica Latina e que &#8220;devem ser resolvidos pela comunidade internacional&#8221;, segundo afirmou em entrevista \u00e0 EFE antes de iniciar uma viagem por esses quatro pa\u00edses.<\/p>\n\n\n\n<p>O chanceler japon\u00eas come\u00e7ou hoje uma viagem oficial por esses pa\u00edses que se estender\u00e1 at\u00e9 15 de janeiro, em um tour que representa sua primeira visita \u00e0 Am\u00e9rica Latina desde que assumiu o cargo em novembro de 2021, e que incluir\u00e1 tamb\u00e9m uma parada em Nova York.<\/p>\n\n\n\n<p>Em um &#8220;ano muito importante para a diplomacia japonesa&#8221;, marcado pela presid\u00eancia rotativa do G7 e pela participa\u00e7\u00e3o no Conselho de Seguran\u00e7a da ONU, para Hayashi foi &#8220;natural&#8221; escolher a Am\u00e9rica Latina como destino de sua primeira viagem oficial em 2023, &#8220;dado o potencial pol\u00edtico e econ\u00f4mico da regi\u00e3o&#8221;.<\/p>\n\n\n\n<p>Hayashi enfatizou que o Jap\u00e3o compartilha valores e princ\u00edpios fundamentais como &#8220;liberdade, democracia e estado de direito&#8221; com Brasil, Argentina, M\u00e9xico e Equador, e enfatizou que T\u00f3quio vem tentando fortalecer a colabora\u00e7\u00e3o com esses pa\u00edses em f\u00f3runs internacionais, bem como continuar promovendo &#8220;rela\u00e7\u00f5es bilaterais estreitas e hist\u00f3ricas&#8221;<\/p>\n\n\n\n<blockquote class=\"wp-block-quote is-layout-flow wp-block-quote-is-layout-flow\">\n<p>&#8220;Com M\u00e9xico, Brasil e Argentina temos colaborado estreitamente como membros do G20, e com Brasil e Equador trabalharemos juntos este ano no Conselho de Seguran\u00e7a da ONU. O M\u00e9xico tem o maior n\u00famero de empresas japonesas na Am\u00e9rica Latina, e tamb\u00e9m h\u00e1 coopera\u00e7\u00e3o com Brasil e Argentina, pa\u00edses com grande riqueza em recursos minerais e aliment\u00edcios&#8221;, explicou.<\/p>\n<\/blockquote>\n\n\n\n<p>Em um momento em que a comunidade internacional enfrenta divis\u00f5es crescentes devido \u00e0 pandemia e \u00e0 invas\u00e3o russa da Ucr\u00e2nia, o Jap\u00e3o salienta a import\u00e2ncia da &#8220;coexist\u00eancia&#8221; e do esp\u00edrito de coopera\u00e7\u00e3o para manter e fortalecer &#8220;uma ordem internacional livre e aberta baseada no estado de direito&#8221;, segundo frisou seu chanceler, que tamb\u00e9m mencionou o princ\u00edpio da &#8220;co-prosperidade&#8221;.<\/p>\n\n\n\n<p>&#8220;A fim de trabalharmos juntos para superar os desafios globais, incluindo as crises alimentar e energ\u00e9tica que a comunidade internacional enfrenta atualmente, durante esta visita teremos francas trocas de pontos de vista com os nossos hom\u00f3logos de outros pa\u00edses e faremos um apelo por forte coopera\u00e7\u00e3o&#8221;, destacou.<\/p>\n\n\n\n<p>Questionado sobre como o Jap\u00e3o pretende melhorar suas rela\u00e7\u00f5es com a Am\u00e9rica Latina em um momento complexo diante das mudan\u00e7as de governo e crises pol\u00edticas em v\u00e1rios pa\u00edses da regi\u00e3o, Hayashi citou o impacto de alguns problemas globais e outros &#8220;estruturais&#8221; e fez uma defesa da import\u00e2ncia do multilateralismo para resolv\u00ea-los.<\/p>\n\n\n\n<blockquote class=\"wp-block-quote is-layout-flow wp-block-quote-is-layout-flow\">\n<p>\u201c(A Am\u00e9rica Latina) foi duramente atingida pelos efeitos da queda do pre\u00e7o dos recursos naturais desde meados da d\u00e9cada de 2010, da mudan\u00e7a clim\u00e1tica, da pandemia do coronav\u00edrus e da invas\u00e3o russa da Ucr\u00e2nia, e enfrenta problemas pol\u00edticos e econ\u00f4micos, incluindo a resolu\u00e7\u00e3o de problemas estruturais, como a desigualdade social&#8221;, ponderou.<\/p>\n<\/blockquote>\n\n\n\n<p>&#8220;O desenvolvimento est\u00e1vel da Am\u00e9rica Latina tamb\u00e9m \u00e9 importante para o desenvolvimento das rela\u00e7\u00f5es bilaterais entre o Jap\u00e3o e os pa\u00edses latino-americanos. Os desafios enfrentados pela Am\u00e9rica Latina s\u00e3o algo comum que deve ser resolvido pela comunidade internacional como um todo&#8221;, opinou.<\/p>\n\n\n\n<p>Diante desse cen\u00e1rio, o Jap\u00e3o busca manter sua coopera\u00e7\u00e3o com os pa\u00edses latino-americanos \u201cem seus esfor\u00e7os para reduzir a desigualdade e em prol de um desenvolvimento inclusivo e sustent\u00e1vel por meio da transforma\u00e7\u00e3o verde e da transforma\u00e7\u00e3o digital, que proporcionar\u00e3o um novo crescimento\u201d, ideias que Hayashi levantar\u00e1 durante seus encontros com seus hom\u00f3logos latino-americanos.<\/p>\n\n\n\n<p>Durante suas visitas a Brasil, Argentina, M\u00e9xico e Equador, o chefe da diplomacia japonesa abordar\u00e1 tamb\u00e9m a resposta \u00e0 invas\u00e3o russa da Ucr\u00e2nia, diante da qual foram adotadas diversas posi\u00e7\u00f5es na comunidade internacional.<\/p>\n\n\n\n<blockquote class=\"wp-block-quote is-layout-flow wp-block-quote-is-layout-flow\">\n<p>&#8220;Muitos pa\u00edses latino-americanos expressaram forte condena\u00e7\u00e3o \u00e0 agress\u00e3o russa. A vota\u00e7\u00e3o na ONU \u00e9 encorajadora, dado que um n\u00famero esmagador de pa\u00edses disse &#8216;n\u00e3o&#8217; \u00e0 agress\u00e3o russa, em compara\u00e7\u00e3o com outras regi\u00f5es&#8221;, comentou.<\/p>\n<\/blockquote>\n\n\n\n<p>O Jap\u00e3o considera que o mundo se encontra em uma &#8220;encruzilhada hist\u00f3rica&#8221; \u200b\u200be acredita que manter e fortalecer uma ordem internacional livre e aberta baseada no estado de direito \u00e9 &#8220;essencial para a paz e a estabilidade&#8221;, algo que &#8220;n\u00e3o afeta apenas algumas regi\u00f5es, mas a comunidade internacional como um todo, incluindo a Am\u00e9rica Latina&#8221;, assinalou o chanceler.<\/p>\n\n\n\n<p>&#8220;Uma resposta unida da comunidade internacional \u00e9 importante e espero manter uma comunica\u00e7\u00e3o pr\u00f3xima com todos os pa\u00edses durante esta visita&#8221;, completou Hayashi. EFE<\/p>\n","protected":false},"excerpt":{"rendered":"<p>T\u00f3quio (EFE).- O ministro das Rela\u00e7\u00f5es Exteriores do Jap\u00e3o, Yoshimasa Hayashi, quer fortalecer a coopera\u00e7\u00e3o com Brasil, Argentina, M\u00e9xico e Equador por conta dos &#8220;desafios comuns&#8221; enfrentados pela Am\u00e9rica Latina e que &#8220;devem ser resolvidos pela comunidade internacional&#8221;, segundo afirmou em entrevista \u00e0 EFE antes de iniciar uma viagem por esses quatro pa\u00edses. O chanceler &#8230; <a title=\"Chanceler japon\u00eas quer estreitar la\u00e7os com Am\u00e9rica Latina: &#8220;Desafios comuns&#8221;\" class=\"read-more\" href=\"https:\/\/pre.efe.com\/pt-br\/mundo-2\/2023-01-04\/chanceler-japones-quer-estreitar-lacos-com-america-latina-desafios-comuns\/\" aria-label=\"Read more about Chanceler japon\u00eas quer estreitar la\u00e7os com Am\u00e9rica Latina: &#8220;Desafios comuns&#8221;\">Leia mais<\/a><\/p>\n","protected":false},"author":198164106,"featured_media":230677,"comment_status":"closed","ping_status":"closed","sticky":false,"template":"","format":"standard","meta":{"_acf_changed":false,"_jetpack_memberships_contains_paid_content":false,"footnotes":""},"categories":[123208,122141],"tags":[124207,125154],"class_list":["post-230675","post","type-post","status-publish","format-standard","has-post-thumbnail","hentry","category-mundo-2","category-portada","tag-america-latina","tag-relacoes-exteriores","generate-columns","tablet-grid-50","mobile-grid-100","grid-parent","grid-50"],"acf":[],"yoast_head":"<!-- This site is optimized with the Yoast SEO Premium plugin v26.0 (Yoast SEO v27.5) - https:\/\/yoast.com\/product\/yoast-seo-premium-wordpress\/ -->\n<title>Chanceler japon\u00eas quer estreitar la\u00e7os com Am\u00e9rica Latina: &quot;Desafios comuns&quot; - EFE<\/title>\n<meta name=\"robots\" content=\"noindex, follow\" \/>\n<meta property=\"og:locale\" content=\"pt_BR\" \/>\n<meta property=\"og:type\" content=\"article\" \/>\n<meta property=\"og:title\" content=\"Chanceler japon\u00eas quer estreitar la\u00e7os com Am\u00e9rica Latina: &quot;Desafios comuns&quot; - EFE\" \/>\n<meta property=\"og:description\" content=\"T\u00f3quio (EFE).- O ministro das Rela\u00e7\u00f5es Exteriores do Jap\u00e3o, Yoshimasa Hayashi, quer fortalecer a coopera\u00e7\u00e3o com Brasil, Argentina, M\u00e9xico e Equador por conta dos &#8220;desafios comuns&#8221; enfrentados pela Am\u00e9rica Latina e que &#8220;devem ser resolvidos pela comunidade internacional&#8221;, segundo afirmou em entrevista \u00e0 EFE antes de iniciar uma viagem por esses quatro pa\u00edses. O chanceler ... Leia mais\" \/>\n<meta property=\"og:url\" content=\"https:\/\/pre.efe.com\/pt-br\/mundo-2\/2023-01-04\/chanceler-japones-quer-estreitar-lacos-com-america-latina-desafios-comuns\/\" \/>\n<meta property=\"og:site_name\" content=\"EFE Noticias\" \/>\n<meta property=\"article:publisher\" content=\"https:\/\/www.facebook.com\/AgenciaEFEnoticias\/\" \/>\n<meta property=\"article:published_time\" content=\"2023-01-04T17:26:00+00:00\" \/>\n<meta property=\"article:modified_time\" content=\"2023-01-04T23:10:25+00:00\" \/>\n<meta property=\"og:image\" content=\"https:\/\/i0.wp.com\/efe.com\/\/srv\/htdocs\/wp-content\/uploads\/2023\/01\/744fc11f97040c7f37934d689bba38451b80a657w.jpg?fit=1340%2C1920&ssl=1\" \/>\n\t<meta property=\"og:image:width\" content=\"1340\" \/>\n\t<meta property=\"og:image:height\" content=\"1920\" \/>\n\t<meta property=\"og:image:type\" content=\"image\/jpeg\" \/>\n<meta name=\"author\" content=\"anachain\" \/>\n<meta name=\"twitter:card\" content=\"summary_large_image\" \/>\n<meta name=\"twitter:creator\" content=\"@efenoticias\" \/>\n<meta name=\"twitter:site\" content=\"@efenoticias\" \/>\n<script type=\"application\/ld+json\" class=\"yoast-schema-graph\">{\"@context\":\"https:\\\/\\\/schema.org\",\"@graph\":[{\"@type\":\"NewsArticle\",\"@id\":\"https:\\\/\\\/pre.efe.com\\\/pt-br\\\/mundo-2\\\/2023-01-04\\\/chanceler-japones-quer-estreitar-lacos-com-america-latina-desafios-comuns\\\/#article\",\"isPartOf\":{\"@id\":\"https:\\\/\\\/pre.efe.com\\\/pt-br\\\/mundo-2\\\/2023-01-04\\\/chanceler-japones-quer-estreitar-lacos-com-america-latina-desafios-comuns\\\/\"},\"author\":{\"name\":\"anachain\",\"@id\":\"https:\\\/\\\/pre.efe.com\\\/pt-br\\\/#\\\/schema\\\/person\\\/b19f23f210db552768f68a4b552b004f\"},\"headline\":\"Chanceler japon\u00eas quer estreitar la\u00e7os com Am\u00e9rica Latina: &#8220;Desafios comuns&#8221;\",\"datePublished\":\"2023-01-04T17:26:00+00:00\",\"dateModified\":\"2023-01-04T23:10:25+00:00\",\"mainEntityOfPage\":{\"@id\":\"https:\\\/\\\/pre.efe.com\\\/pt-br\\\/mundo-2\\\/2023-01-04\\\/chanceler-japones-quer-estreitar-lacos-com-america-latina-desafios-comuns\\\/\"},\"wordCount\":816,\"publisher\":{\"@id\":\"https:\\\/\\\/pre.efe.com\\\/pt-br\\\/#organization\"},\"image\":{\"@id\":\"https:\\\/\\\/pre.efe.com\\\/pt-br\\\/mundo-2\\\/2023-01-04\\\/chanceler-japones-quer-estreitar-lacos-com-america-latina-desafios-comuns\\\/#primaryimage\"},\"thumbnailUrl\":\"https:\\\/\\\/pre.efe.com\\\/wp-content\\\/uploads\\\/2023\\\/01\\\/744fc11f97040c7f37934d689bba38451b80a657w.jpg\",\"keywords\":[\"Am\u00e9rica latina\",\"Rela\u00e7\u00f5es exteriores\"],\"articleSection\":[\"Mundo\",\"Portada\"],\"inLanguage\":\"pt-BR\",\"copyrightYear\":\"2023\",\"copyrightHolder\":{\"@id\":\"https:\\\/\\\/pre.efe.com\\\/#organization\"}},{\"@type\":[\"WebPage\",\"ItemPage\"],\"@id\":\"https:\\\/\\\/pre.efe.com\\\/pt-br\\\/mundo-2\\\/2023-01-04\\\/chanceler-japones-quer-estreitar-lacos-com-america-latina-desafios-comuns\\\/\",\"url\":\"https:\\\/\\\/pre.efe.com\\\/pt-br\\\/mundo-2\\\/2023-01-04\\\/chanceler-japones-quer-estreitar-lacos-com-america-latina-desafios-comuns\\\/\",\"name\":\"Chanceler japon\u00eas quer estreitar la\u00e7os com Am\u00e9rica Latina: \\\"Desafios comuns\\\" - EFE\",\"isPartOf\":{\"@id\":\"https:\\\/\\\/pre.efe.com\\\/pt-br\\\/#website\"},\"primaryImageOfPage\":{\"@id\":\"https:\\\/\\\/pre.efe.com\\\/pt-br\\\/mundo-2\\\/2023-01-04\\\/chanceler-japones-quer-estreitar-lacos-com-america-latina-desafios-comuns\\\/#primaryimage\"},\"image\":{\"@id\":\"https:\\\/\\\/pre.efe.com\\\/pt-br\\\/mundo-2\\\/2023-01-04\\\/chanceler-japones-quer-estreitar-lacos-com-america-latina-desafios-comuns\\\/#primaryimage\"},\"thumbnailUrl\":\"https:\\\/\\\/pre.efe.com\\\/wp-content\\\/uploads\\\/2023\\\/01\\\/744fc11f97040c7f37934d689bba38451b80a657w.jpg\",\"datePublished\":\"2023-01-04T17:26:00+00:00\",\"dateModified\":\"2023-01-04T23:10:25+00:00\",\"breadcrumb\":{\"@id\":\"https:\\\/\\\/pre.efe.com\\\/pt-br\\\/mundo-2\\\/2023-01-04\\\/chanceler-japones-quer-estreitar-lacos-com-america-latina-desafios-comuns\\\/#breadcrumb\"},\"inLanguage\":\"pt-BR\",\"potentialAction\":[{\"@type\":\"ReadAction\",\"target\":[\"https:\\\/\\\/pre.efe.com\\\/pt-br\\\/mundo-2\\\/2023-01-04\\\/chanceler-japones-quer-estreitar-lacos-com-america-latina-desafios-comuns\\\/\"]}]},{\"@type\":\"ImageObject\",\"inLanguage\":\"pt-BR\",\"@id\":\"https:\\\/\\\/pre.efe.com\\\/pt-br\\\/mundo-2\\\/2023-01-04\\\/chanceler-japones-quer-estreitar-lacos-com-america-latina-desafios-comuns\\\/#primaryimage\",\"url\":\"https:\\\/\\\/pre.efe.com\\\/wp-content\\\/uploads\\\/2023\\\/01\\\/744fc11f97040c7f37934d689bba38451b80a657w.jpg\",\"contentUrl\":\"https:\\\/\\\/pre.efe.com\\\/wp-content\\\/uploads\\\/2023\\\/01\\\/744fc11f97040c7f37934d689bba38451b80a657w.jpg\",\"width\":1340,\"height\":1920,\"caption\":\"O ministro de Rela\u00e7\u00f5es Exteriores do Jap\u00e3o, Yoshimasa Hayashi, EFE\\\/Minist\u00e9rio de Rela\u00e7\u00f5es Exteriores do Jap\u00e3o\"},{\"@type\":\"BreadcrumbList\",\"@id\":\"https:\\\/\\\/pre.efe.com\\\/pt-br\\\/mundo-2\\\/2023-01-04\\\/chanceler-japones-quer-estreitar-lacos-com-america-latina-desafios-comuns\\\/#breadcrumb\",\"itemListElement\":[{\"@type\":\"ListItem\",\"position\":1,\"name\":\"Portada\",\"item\":\"https:\\\/\\\/pre.efe.com\\\/pt-br\\\/\"},{\"@type\":\"ListItem\",\"position\":2,\"name\":\"Chanceler japon\u00eas quer estreitar la\u00e7os com Am\u00e9rica Latina: &#8220;Desafios comuns&#8221;\"}]},{\"@type\":\"WebSite\",\"@id\":\"https:\\\/\\\/pre.efe.com\\\/pt-br\\\/#website\",\"url\":\"https:\\\/\\\/pre.efe.com\\\/pt-br\\\/\",\"name\":\"EFE Noticias\",\"description\":\"\",\"publisher\":{\"@id\":\"https:\\\/\\\/pre.efe.com\\\/pt-br\\\/#organization\"},\"potentialAction\":[{\"@type\":\"SearchAction\",\"target\":{\"@type\":\"EntryPoint\",\"urlTemplate\":\"https:\\\/\\\/pre.efe.com\\\/pt-br\\\/?s={search_term_string}\"},\"query-input\":{\"@type\":\"PropertyValueSpecification\",\"valueRequired\":true,\"valueName\":\"search_term_string\"}}],\"inLanguage\":\"pt-BR\"},{\"@type\":\"Organization\",\"@id\":\"https:\\\/\\\/pre.efe.com\\\/pt-br\\\/#organization\",\"name\":\"Agencia EFE\",\"url\":\"https:\\\/\\\/pre.efe.com\\\/pt-br\\\/\",\"logo\":{\"@type\":\"ImageObject\",\"inLanguage\":\"pt-BR\",\"@id\":\"https:\\\/\\\/pre.efe.com\\\/pt-br\\\/#\\\/schema\\\/logo\\\/image\\\/\",\"url\":\"https:\\\/\\\/pre.efe.com\\\/wp-content\\\/uploads\\\/2023\\\/06\\\/logo-efe-467.png\",\"contentUrl\":\"https:\\\/\\\/pre.efe.com\\\/wp-content\\\/uploads\\\/2023\\\/06\\\/logo-efe-467.png\",\"width\":467,\"height\":467,\"caption\":\"Agencia EFE\"},\"image\":{\"@id\":\"https:\\\/\\\/pre.efe.com\\\/pt-br\\\/#\\\/schema\\\/logo\\\/image\\\/\"},\"sameAs\":[\"https:\\\/\\\/www.facebook.com\\\/AgenciaEFEnoticias\\\/\",\"https:\\\/\\\/x.com\\\/efenoticias\",\"https:\\\/\\\/www.instagram.com\\\/efe_noticias\\\/\",\"http:\\\/\\\/www.youtube.com\\\/efe\"]},{\"@type\":\"Person\",\"@id\":\"https:\\\/\\\/pre.efe.com\\\/pt-br\\\/#\\\/schema\\\/person\\\/b19f23f210db552768f68a4b552b004f\",\"name\":\"anachain\",\"image\":{\"@type\":\"ImageObject\",\"inLanguage\":\"pt-BR\",\"@id\":\"https:\\\/\\\/secure.gravatar.com\\\/avatar\\\/30b83965911ef1108bb893c00bdd65c885f9890e1265ee04b02c3d5adc785d37?s=96&d=identicon&r=g\",\"url\":\"https:\\\/\\\/secure.gravatar.com\\\/avatar\\\/30b83965911ef1108bb893c00bdd65c885f9890e1265ee04b02c3d5adc785d37?s=96&d=identicon&r=g\",\"contentUrl\":\"https:\\\/\\\/secure.gravatar.com\\\/avatar\\\/30b83965911ef1108bb893c00bdd65c885f9890e1265ee04b02c3d5adc785d37?s=96&d=identicon&r=g\",\"caption\":\"anachain\"},\"url\":\"https:\\\/\\\/pre.efe.com\\\/pt-br\\\/autor\\\/anachain\\\/\"}]}<\/script>\n<!-- \/ Yoast SEO Premium plugin. -->","yoast_head_json":{"title":"Chanceler japon\u00eas quer estreitar la\u00e7os com Am\u00e9rica Latina: \"Desafios comuns\" - EFE","robots":{"index":"noindex","follow":"follow"},"og_locale":"pt_BR","og_type":"article","og_title":"Chanceler japon\u00eas quer estreitar la\u00e7os com Am\u00e9rica Latina: \"Desafios comuns\" - EFE","og_description":"T\u00f3quio (EFE).- O ministro das Rela\u00e7\u00f5es Exteriores do Jap\u00e3o, Yoshimasa Hayashi, quer fortalecer a coopera\u00e7\u00e3o com Brasil, Argentina, M\u00e9xico e Equador por conta dos &#8220;desafios comuns&#8221; enfrentados pela Am\u00e9rica Latina e que &#8220;devem ser resolvidos pela comunidade internacional&#8221;, segundo afirmou em entrevista \u00e0 EFE antes de iniciar uma viagem por esses quatro pa\u00edses. O chanceler ... Leia mais","og_url":"https:\/\/pre.efe.com\/pt-br\/mundo-2\/2023-01-04\/chanceler-japones-quer-estreitar-lacos-com-america-latina-desafios-comuns\/","og_site_name":"EFE Noticias","article_publisher":"https:\/\/www.facebook.com\/AgenciaEFEnoticias\/","article_published_time":"2023-01-04T17:26:00+00:00","article_modified_time":"2023-01-04T23:10:25+00:00","og_image":[{"width":1340,"height":1920,"url":"https:\/\/i0.wp.com\/efe.com\/\/srv\/htdocs\/wp-content\/uploads\/2023\/01\/744fc11f97040c7f37934d689bba38451b80a657w.jpg?fit=1340%2C1920&ssl=1","type":"image\/jpeg"}],"author":"anachain","twitter_card":"summary_large_image","twitter_creator":"@efenoticias","twitter_site":"@efenoticias","schema":{"@context":"https:\/\/schema.org","@graph":[{"@type":"NewsArticle","@id":"https:\/\/pre.efe.com\/pt-br\/mundo-2\/2023-01-04\/chanceler-japones-quer-estreitar-lacos-com-america-latina-desafios-comuns\/#article","isPartOf":{"@id":"https:\/\/pre.efe.com\/pt-br\/mundo-2\/2023-01-04\/chanceler-japones-quer-estreitar-lacos-com-america-latina-desafios-comuns\/"},"author":{"name":"anachain","@id":"https:\/\/pre.efe.com\/pt-br\/#\/schema\/person\/b19f23f210db552768f68a4b552b004f"},"headline":"Chanceler japon\u00eas quer estreitar la\u00e7os com Am\u00e9rica Latina: &#8220;Desafios comuns&#8221;","datePublished":"2023-01-04T17:26:00+00:00","dateModified":"2023-01-04T23:10:25+00:00","mainEntityOfPage":{"@id":"https:\/\/pre.efe.com\/pt-br\/mundo-2\/2023-01-04\/chanceler-japones-quer-estreitar-lacos-com-america-latina-desafios-comuns\/"},"wordCount":816,"publisher":{"@id":"https:\/\/pre.efe.com\/pt-br\/#organization"},"image":{"@id":"https:\/\/pre.efe.com\/pt-br\/mundo-2\/2023-01-04\/chanceler-japones-quer-estreitar-lacos-com-america-latina-desafios-comuns\/#primaryimage"},"thumbnailUrl":"https:\/\/pre.efe.com\/wp-content\/uploads\/2023\/01\/744fc11f97040c7f37934d689bba38451b80a657w.jpg","keywords":["Am\u00e9rica latina","Rela\u00e7\u00f5es exteriores"],"articleSection":["Mundo","Portada"],"inLanguage":"pt-BR","copyrightYear":"2023","copyrightHolder":{"@id":"https:\/\/pre.efe.com\/#organization"}},{"@type":["WebPage","ItemPage"],"@id":"https:\/\/pre.efe.com\/pt-br\/mundo-2\/2023-01-04\/chanceler-japones-quer-estreitar-lacos-com-america-latina-desafios-comuns\/","url":"https:\/\/pre.efe.com\/pt-br\/mundo-2\/2023-01-04\/chanceler-japones-quer-estreitar-lacos-com-america-latina-desafios-comuns\/","name":"Chanceler japon\u00eas quer estreitar la\u00e7os com Am\u00e9rica Latina: \"Desafios comuns\" - EFE","isPartOf":{"@id":"https:\/\/pre.efe.com\/pt-br\/#website"},"primaryImageOfPage":{"@id":"https:\/\/pre.efe.com\/pt-br\/mundo-2\/2023-01-04\/chanceler-japones-quer-estreitar-lacos-com-america-latina-desafios-comuns\/#primaryimage"},"image":{"@id":"https:\/\/pre.efe.com\/pt-br\/mundo-2\/2023-01-04\/chanceler-japones-quer-estreitar-lacos-com-america-latina-desafios-comuns\/#primaryimage"},"thumbnailUrl":"https:\/\/pre.efe.com\/wp-content\/uploads\/2023\/01\/744fc11f97040c7f37934d689bba38451b80a657w.jpg","datePublished":"2023-01-04T17:26:00+00:00","dateModified":"2023-01-04T23:10:25+00:00","breadcrumb":{"@id":"https:\/\/pre.efe.com\/pt-br\/mundo-2\/2023-01-04\/chanceler-japones-quer-estreitar-lacos-com-america-latina-desafios-comuns\/#breadcrumb"},"inLanguage":"pt-BR","potentialAction":[{"@type":"ReadAction","target":["https:\/\/pre.efe.com\/pt-br\/mundo-2\/2023-01-04\/chanceler-japones-quer-estreitar-lacos-com-america-latina-desafios-comuns\/"]}]},{"@type":"ImageObject","inLanguage":"pt-BR","@id":"https:\/\/pre.efe.com\/pt-br\/mundo-2\/2023-01-04\/chanceler-japones-quer-estreitar-lacos-com-america-latina-desafios-comuns\/#primaryimage","url":"https:\/\/pre.efe.com\/wp-content\/uploads\/2023\/01\/744fc11f97040c7f37934d689bba38451b80a657w.jpg","contentUrl":"https:\/\/pre.efe.com\/wp-content\/uploads\/2023\/01\/744fc11f97040c7f37934d689bba38451b80a657w.jpg","width":1340,"height":1920,"caption":"O ministro de Rela\u00e7\u00f5es Exteriores do Jap\u00e3o, Yoshimasa Hayashi, EFE\/Minist\u00e9rio de Rela\u00e7\u00f5es Exteriores do Jap\u00e3o"},{"@type":"BreadcrumbList","@id":"https:\/\/pre.efe.com\/pt-br\/mundo-2\/2023-01-04\/chanceler-japones-quer-estreitar-lacos-com-america-latina-desafios-comuns\/#breadcrumb","itemListElement":[{"@type":"ListItem","position":1,"name":"Portada","item":"https:\/\/pre.efe.com\/pt-br\/"},{"@type":"ListItem","position":2,"name":"Chanceler japon\u00eas quer estreitar la\u00e7os com Am\u00e9rica Latina: &#8220;Desafios comuns&#8221;"}]},{"@type":"WebSite","@id":"https:\/\/pre.efe.com\/pt-br\/#website","url":"https:\/\/pre.efe.com\/pt-br\/","name":"EFE Noticias","description":"","publisher":{"@id":"https:\/\/pre.efe.com\/pt-br\/#organization"},"potentialAction":[{"@type":"SearchAction","target":{"@type":"EntryPoint","urlTemplate":"https:\/\/pre.efe.com\/pt-br\/?s={search_term_string}"},"query-input":{"@type":"PropertyValueSpecification","valueRequired":true,"valueName":"search_term_string"}}],"inLanguage":"pt-BR"},{"@type":"Organization","@id":"https:\/\/pre.efe.com\/pt-br\/#organization","name":"Agencia EFE","url":"https:\/\/pre.efe.com\/pt-br\/","logo":{"@type":"ImageObject","inLanguage":"pt-BR","@id":"https:\/\/pre.efe.com\/pt-br\/#\/schema\/logo\/image\/","url":"https:\/\/pre.efe.com\/wp-content\/uploads\/2023\/06\/logo-efe-467.png","contentUrl":"https:\/\/pre.efe.com\/wp-content\/uploads\/2023\/06\/logo-efe-467.png","width":467,"height":467,"caption":"Agencia EFE"},"image":{"@id":"https:\/\/pre.efe.com\/pt-br\/#\/schema\/logo\/image\/"},"sameAs":["https:\/\/www.facebook.com\/AgenciaEFEnoticias\/","https:\/\/x.com\/efenoticias","https:\/\/www.instagram.com\/efe_noticias\/","http:\/\/www.youtube.com\/efe"]},{"@type":"Person","@id":"https:\/\/pre.efe.com\/pt-br\/#\/schema\/person\/b19f23f210db552768f68a4b552b004f","name":"anachain","image":{"@type":"ImageObject","inLanguage":"pt-BR","@id":"https:\/\/secure.gravatar.com\/avatar\/30b83965911ef1108bb893c00bdd65c885f9890e1265ee04b02c3d5adc785d37?s=96&d=identicon&r=g","url":"https:\/\/secure.gravatar.com\/avatar\/30b83965911ef1108bb893c00bdd65c885f9890e1265ee04b02c3d5adc785d37?s=96&d=identicon&r=g","contentUrl":"https:\/\/secure.gravatar.com\/avatar\/30b83965911ef1108bb893c00bdd65c885f9890e1265ee04b02c3d5adc785d37?s=96&d=identicon&r=g","caption":"anachain"},"url":"https:\/\/pre.efe.com\/pt-br\/autor\/anachain\/"}]}},"jetpack_featured_media_url":"https:\/\/pre.efe.com\/wp-content\/uploads\/2023\/01\/744fc11f97040c7f37934d689bba38451b80a657w.jpg","jetpack_shortlink":"https:\/\/wp.me\/peJvHm-Y0z","jetpack_sharing_enabled":true,"_links":{"self":[{"href":"https:\/\/pre.efe.com\/pt-br\/wp-json\/wp\/v2\/posts\/230675","targetHints":{"allow":["GET"]}}],"collection":[{"href":"https:\/\/pre.efe.com\/pt-br\/wp-json\/wp\/v2\/posts"}],"about":[{"href":"https:\/\/pre.efe.com\/pt-br\/wp-json\/wp\/v2\/types\/post"}],"author":[{"embeddable":true,"href":"https:\/\/pre.efe.com\/pt-br\/wp-json\/wp\/v2\/users\/198164106"}],"replies":[{"embeddable":true,"href":"https:\/\/pre.efe.com\/pt-br\/wp-json\/wp\/v2\/comments?post=230675"}],"version-history":[{"count":2,"href":"https:\/\/pre.efe.com\/pt-br\/wp-json\/wp\/v2\/posts\/230675\/revisions"}],"predecessor-version":[{"id":230680,"href":"https:\/\/pre.efe.com\/pt-br\/wp-json\/wp\/v2\/posts\/230675\/revisions\/230680"}],"wp:featuredmedia":[{"embeddable":true,"href":"https:\/\/pre.efe.com\/pt-br\/wp-json\/wp\/v2\/media\/230677"}],"wp:attachment":[{"href":"https:\/\/pre.efe.com\/pt-br\/wp-json\/wp\/v2\/media?parent=230675"}],"wp:term":[{"taxonomy":"category","embeddable":true,"href":"https:\/\/pre.efe.com\/pt-br\/wp-json\/wp\/v2\/categories?post=230675"},{"taxonomy":"post_tag","embeddable":true,"href":"https:\/\/pre.efe.com\/pt-br\/wp-json\/wp\/v2\/tags?post=230675"}],"curies":[{"name":"wp","href":"https:\/\/api.w.org\/{rel}","templated":true}]}}