{"id":231833,"date":"2023-01-05T17:35:00","date_gmt":"2023-01-05T16:35:00","guid":{"rendered":"https:\/\/pre.efe.com\/?p=231833"},"modified":"2023-01-06T00:45:31","modified_gmt":"2023-01-05T23:45:31","slug":"messi-sera-poupado-na-copa-da-franca-e-deve-voltar-ao-psg-na-proxima-semana","status":"publish","type":"post","link":"https:\/\/pre.efe.com\/pt-br\/esportes\/2023-01-05\/messi-sera-poupado-na-copa-da-franca-e-deve-voltar-ao-psg-na-proxima-semana\/","title":{"rendered":"Messi ser\u00e1 poupado na Copa da Fran\u00e7a e deve voltar ao PSG na pr\u00f3xima semana"},"content":{"rendered":"\n<p>Paris (EFE).- O t\u00e9cnico do Paris Saint-Germain, Christophe Galtier, confirmou nesta quinta-feira que Lionel Messi n\u00e3o jogar\u00e1 a partida de amanh\u00e3 pela Copa da Fran\u00e7a, contra o Ch\u00e2teauroux, mas mostrou-se otimista quanto ao seu retorno na pr\u00f3xima semana, contra o Angers, pelo Campeonato Franc\u00eas.<\/p>\n\n\n\n<blockquote class=\"wp-block-quote is-layout-flow wp-block-quote-is-layout-flow\">\n<p>&#8220;Leo treinou na quarta e quinta. Ele n\u00e3o vai jogar na sexta. Estamos cuidando para que ele esteja pronto para o pr\u00f3ximo jogo. Vamos fazer um balan\u00e7o, estarei muito atento ao que ele me disser, mas queremos que ele esteja dispon\u00edvel para o pr\u00f3ximo jogo&#8221;, disse o treinador em entrevista coletiva.<\/p>\n<\/blockquote>\n\n\n\n<p>O atacante retornou para a capital francesa na \u00faltima ter\u00e7a-feira vindo da Argentina, onde havia tirado alguns dias de folga ap\u00f3s a vit\u00f3ria com sua sele\u00e7\u00e3o na Copa do Mundo do Qatar.<\/p>\n\n\n\n<p>Ontem, voltou a treinar com o PSG e foi recebido com aplausos dos companheiros.<\/p>\n\n\n\n<blockquote class=\"wp-block-quote is-layout-flow wp-block-quote-is-layout-flow\">\n<p>&#8220;Era importante para ele que seus companheiros e todos os funcion\u00e1rios do centro de treinamento o celebrassem em casa. Ele estava feliz e emocionado com esta comemora\u00e7\u00e3o&#8221;, disse Galtier.<\/p>\n<\/blockquote>\n\n\n\n<p>Quem esteve ausente no retorno de Messi aos treinamentos foi Kylian Mbapp\u00e9, outro grande protagonista da final da Copa do Mundo entre Fran\u00e7a e Argentina, que, embora tenha retomado os treinos apenas tr\u00eas dias depois da final no Qatar, agora tirou f\u00e9rias e est\u00e1 nos Estados Unidos.<\/p>\n\n\n\n<p>Galtier tamb\u00e9m disse esperar que a equipe se recupere da primeira derrota sofrida por seus jogadores no campeonato, no \u00faltimo dia 1\u00ba, contra o Lens, em Ch\u00e2teauroux.<\/p>\n\n\n\n<p>&#8220;Depois das derrotas, sempre vem a decep\u00e7\u00e3o, a frustra\u00e7\u00e3o e a raiva. Temos que nos recuperar rapidamente e focar no pr\u00f3ximo jogo, que \u00e9 importante, em uma competi\u00e7\u00e3o importante para o clube. A melhor forma de se livrar da frustra\u00e7\u00e3o \u00e9 focar no pr\u00f3ximo jogo&#8221;, afirmou o treinador franc\u00eas. EFE<\/p>\n","protected":false},"excerpt":{"rendered":"<p>Paris (EFE).- O t\u00e9cnico do Paris Saint-Germain, Christophe Galtier, confirmou nesta quinta-feira que Lionel Messi n\u00e3o jogar\u00e1 a partida de amanh\u00e3 pela Copa da Fran\u00e7a, contra o Ch\u00e2teauroux, mas mostrou-se otimista quanto ao seu retorno na pr\u00f3xima semana, contra o Angers, pelo Campeonato Franc\u00eas. &#8220;Leo treinou na quarta e quinta. Ele n\u00e3o vai jogar na &#8230; <a title=\"Messi ser\u00e1 poupado na Copa da Fran\u00e7a e deve voltar ao PSG na pr\u00f3xima semana\" class=\"read-more\" href=\"https:\/\/pre.efe.com\/pt-br\/esportes\/2023-01-05\/messi-sera-poupado-na-copa-da-franca-e-deve-voltar-ao-psg-na-proxima-semana\/\" aria-label=\"Read more about Messi ser\u00e1 poupado na Copa da Fran\u00e7a e deve voltar ao PSG na pr\u00f3xima semana\">Leia mais<\/a><\/p>\n","protected":false},"author":198164106,"featured_media":204405,"comment_status":"closed","ping_status":"closed","sticky":false,"template":"","format":"standard","meta":{"_acf_changed":false,"_jetpack_memberships_contains_paid_content":false,"footnotes":""},"categories":[121968,122141],"tags":[124137,122364,126145],"class_list":["post-231833","post","type-post","status-publish","format-standard","has-post-thumbnail","hentry","category-esportes","category-portada","tag-franca","tag-futebol","tag-messi","generate-columns","tablet-grid-50","mobile-grid-100","grid-parent","grid-50"],"acf":[],"yoast_head":"<!-- This site is optimized with the Yoast SEO Premium plugin v26.0 (Yoast SEO v27.4) - https:\/\/yoast.com\/product\/yoast-seo-premium-wordpress\/ -->\n<title>Messi ser\u00e1 poupado na Copa da Fran\u00e7a e deve voltar ao PSG na pr\u00f3xima semana - EFE<\/title>\n<meta name=\"robots\" content=\"noindex, follow\" \/>\n<meta property=\"og:locale\" content=\"pt_BR\" \/>\n<meta property=\"og:type\" content=\"article\" \/>\n<meta property=\"og:title\" content=\"Messi ser\u00e1 poupado na Copa da Fran\u00e7a e deve voltar ao PSG na pr\u00f3xima semana - EFE\" \/>\n<meta property=\"og:description\" content=\"Paris (EFE).- O t\u00e9cnico do Paris Saint-Germain, Christophe Galtier, confirmou nesta quinta-feira que Lionel Messi n\u00e3o jogar\u00e1 a partida de amanh\u00e3 pela Copa da Fran\u00e7a, contra o Ch\u00e2teauroux, mas mostrou-se otimista quanto ao seu retorno na pr\u00f3xima semana, contra o Angers, pelo Campeonato Franc\u00eas. &#8220;Leo treinou na quarta e quinta. Ele n\u00e3o vai jogar na ... Leia mais\" \/>\n<meta property=\"og:url\" content=\"https:\/\/pre.efe.com\/pt-br\/esportes\/2023-01-05\/messi-sera-poupado-na-copa-da-franca-e-deve-voltar-ao-psg-na-proxima-semana\/\" \/>\n<meta property=\"og:site_name\" content=\"EFE Noticias\" \/>\n<meta property=\"article:publisher\" content=\"https:\/\/www.facebook.com\/AgenciaEFEnoticias\/\" \/>\n<meta property=\"article:published_time\" content=\"2023-01-05T16:35:00+00:00\" \/>\n<meta property=\"article:modified_time\" content=\"2023-01-05T23:45:31+00:00\" \/>\n<meta property=\"og:image\" content=\"https:\/\/i0.wp.com\/efe.com\/\/srv\/htdocs\/wp-content\/uploads\/2022\/12\/argentina_croacia.jpg?fit=1390%2C927&ssl=1\" \/>\n\t<meta property=\"og:image:width\" content=\"1390\" \/>\n\t<meta property=\"og:image:height\" content=\"927\" \/>\n\t<meta property=\"og:image:type\" content=\"image\/jpeg\" \/>\n<meta name=\"author\" content=\"anachain\" \/>\n<meta name=\"twitter:card\" content=\"summary_large_image\" \/>\n<meta name=\"twitter:creator\" content=\"@efenoticias\" \/>\n<meta name=\"twitter:site\" content=\"@efenoticias\" \/>\n<script type=\"application\/ld+json\" class=\"yoast-schema-graph\">{\"@context\":\"https:\\\/\\\/schema.org\",\"@graph\":[{\"@type\":\"NewsArticle\",\"@id\":\"https:\\\/\\\/pre.efe.com\\\/pt-br\\\/esportes\\\/2023-01-05\\\/messi-sera-poupado-na-copa-da-franca-e-deve-voltar-ao-psg-na-proxima-semana\\\/#article\",\"isPartOf\":{\"@id\":\"https:\\\/\\\/pre.efe.com\\\/pt-br\\\/esportes\\\/2023-01-05\\\/messi-sera-poupado-na-copa-da-franca-e-deve-voltar-ao-psg-na-proxima-semana\\\/\"},\"author\":{\"name\":\"anachain\",\"@id\":\"https:\\\/\\\/pre.efe.com\\\/pt-br\\\/#\\\/schema\\\/person\\\/b19f23f210db552768f68a4b552b004f\"},\"headline\":\"Messi ser\u00e1 poupado na Copa da Fran\u00e7a e deve voltar ao PSG na pr\u00f3xima semana\",\"datePublished\":\"2023-01-05T16:35:00+00:00\",\"dateModified\":\"2023-01-05T23:45:31+00:00\",\"mainEntityOfPage\":{\"@id\":\"https:\\\/\\\/pre.efe.com\\\/pt-br\\\/esportes\\\/2023-01-05\\\/messi-sera-poupado-na-copa-da-franca-e-deve-voltar-ao-psg-na-proxima-semana\\\/\"},\"wordCount\":338,\"publisher\":{\"@id\":\"https:\\\/\\\/pre.efe.com\\\/pt-br\\\/#organization\"},\"image\":{\"@id\":\"https:\\\/\\\/pre.efe.com\\\/pt-br\\\/esportes\\\/2023-01-05\\\/messi-sera-poupado-na-copa-da-franca-e-deve-voltar-ao-psg-na-proxima-semana\\\/#primaryimage\"},\"thumbnailUrl\":\"https:\\\/\\\/pre.efe.com\\\/wp-content\\\/uploads\\\/2022\\\/12\\\/argentina_croacia.jpg\",\"keywords\":[\"Fran\u00e7a\",\"Futebol\",\"Messi\"],\"articleSection\":[\"Esportes\",\"Portada\"],\"inLanguage\":\"pt-BR\",\"copyrightYear\":\"2023\",\"copyrightHolder\":{\"@id\":\"https:\\\/\\\/pre.efe.com\\\/#organization\"}},{\"@type\":[\"WebPage\",\"ItemPage\"],\"@id\":\"https:\\\/\\\/pre.efe.com\\\/pt-br\\\/esportes\\\/2023-01-05\\\/messi-sera-poupado-na-copa-da-franca-e-deve-voltar-ao-psg-na-proxima-semana\\\/\",\"url\":\"https:\\\/\\\/pre.efe.com\\\/pt-br\\\/esportes\\\/2023-01-05\\\/messi-sera-poupado-na-copa-da-franca-e-deve-voltar-ao-psg-na-proxima-semana\\\/\",\"name\":\"Messi ser\u00e1 poupado na Copa da Fran\u00e7a e deve voltar ao PSG na pr\u00f3xima semana - EFE\",\"isPartOf\":{\"@id\":\"https:\\\/\\\/pre.efe.com\\\/pt-br\\\/#website\"},\"primaryImageOfPage\":{\"@id\":\"https:\\\/\\\/pre.efe.com\\\/pt-br\\\/esportes\\\/2023-01-05\\\/messi-sera-poupado-na-copa-da-franca-e-deve-voltar-ao-psg-na-proxima-semana\\\/#primaryimage\"},\"image\":{\"@id\":\"https:\\\/\\\/pre.efe.com\\\/pt-br\\\/esportes\\\/2023-01-05\\\/messi-sera-poupado-na-copa-da-franca-e-deve-voltar-ao-psg-na-proxima-semana\\\/#primaryimage\"},\"thumbnailUrl\":\"https:\\\/\\\/pre.efe.com\\\/wp-content\\\/uploads\\\/2022\\\/12\\\/argentina_croacia.jpg\",\"datePublished\":\"2023-01-05T16:35:00+00:00\",\"dateModified\":\"2023-01-05T23:45:31+00:00\",\"breadcrumb\":{\"@id\":\"https:\\\/\\\/pre.efe.com\\\/pt-br\\\/esportes\\\/2023-01-05\\\/messi-sera-poupado-na-copa-da-franca-e-deve-voltar-ao-psg-na-proxima-semana\\\/#breadcrumb\"},\"inLanguage\":\"pt-BR\",\"potentialAction\":[{\"@type\":\"ReadAction\",\"target\":[\"https:\\\/\\\/pre.efe.com\\\/pt-br\\\/esportes\\\/2023-01-05\\\/messi-sera-poupado-na-copa-da-franca-e-deve-voltar-ao-psg-na-proxima-semana\\\/\"]}]},{\"@type\":\"ImageObject\",\"inLanguage\":\"pt-BR\",\"@id\":\"https:\\\/\\\/pre.efe.com\\\/pt-br\\\/esportes\\\/2023-01-05\\\/messi-sera-poupado-na-copa-da-franca-e-deve-voltar-ao-psg-na-proxima-semana\\\/#primaryimage\",\"url\":\"https:\\\/\\\/pre.efe.com\\\/wp-content\\\/uploads\\\/2022\\\/12\\\/argentina_croacia.jpg\",\"contentUrl\":\"https:\\\/\\\/pre.efe.com\\\/wp-content\\\/uploads\\\/2022\\\/12\\\/argentina_croacia.jpg\",\"width\":1390,\"height\":927,\"caption\":\"EFE\\\/Arquivo\\\/Rodrigo Jim\u00e9nez\"},{\"@type\":\"BreadcrumbList\",\"@id\":\"https:\\\/\\\/pre.efe.com\\\/pt-br\\\/esportes\\\/2023-01-05\\\/messi-sera-poupado-na-copa-da-franca-e-deve-voltar-ao-psg-na-proxima-semana\\\/#breadcrumb\",\"itemListElement\":[{\"@type\":\"ListItem\",\"position\":1,\"name\":\"Portada\",\"item\":\"https:\\\/\\\/pre.efe.com\\\/pt-br\\\/\"},{\"@type\":\"ListItem\",\"position\":2,\"name\":\"Messi ser\u00e1 poupado na Copa da Fran\u00e7a e deve voltar ao PSG na pr\u00f3xima semana\"}]},{\"@type\":\"WebSite\",\"@id\":\"https:\\\/\\\/pre.efe.com\\\/pt-br\\\/#website\",\"url\":\"https:\\\/\\\/pre.efe.com\\\/pt-br\\\/\",\"name\":\"EFE Noticias\",\"description\":\"\",\"publisher\":{\"@id\":\"https:\\\/\\\/pre.efe.com\\\/pt-br\\\/#organization\"},\"potentialAction\":[{\"@type\":\"SearchAction\",\"target\":{\"@type\":\"EntryPoint\",\"urlTemplate\":\"https:\\\/\\\/pre.efe.com\\\/pt-br\\\/?s={search_term_string}\"},\"query-input\":{\"@type\":\"PropertyValueSpecification\",\"valueRequired\":true,\"valueName\":\"search_term_string\"}}],\"inLanguage\":\"pt-BR\"},{\"@type\":\"Organization\",\"@id\":\"https:\\\/\\\/pre.efe.com\\\/pt-br\\\/#organization\",\"name\":\"Agencia EFE\",\"url\":\"https:\\\/\\\/pre.efe.com\\\/pt-br\\\/\",\"logo\":{\"@type\":\"ImageObject\",\"inLanguage\":\"pt-BR\",\"@id\":\"https:\\\/\\\/pre.efe.com\\\/pt-br\\\/#\\\/schema\\\/logo\\\/image\\\/\",\"url\":\"https:\\\/\\\/pre.efe.com\\\/wp-content\\\/uploads\\\/2023\\\/06\\\/logo-efe-467.png\",\"contentUrl\":\"https:\\\/\\\/pre.efe.com\\\/wp-content\\\/uploads\\\/2023\\\/06\\\/logo-efe-467.png\",\"width\":467,\"height\":467,\"caption\":\"Agencia EFE\"},\"image\":{\"@id\":\"https:\\\/\\\/pre.efe.com\\\/pt-br\\\/#\\\/schema\\\/logo\\\/image\\\/\"},\"sameAs\":[\"https:\\\/\\\/www.facebook.com\\\/AgenciaEFEnoticias\\\/\",\"https:\\\/\\\/x.com\\\/efenoticias\",\"https:\\\/\\\/www.instagram.com\\\/efe_noticias\\\/\",\"http:\\\/\\\/www.youtube.com\\\/efe\"]},{\"@type\":\"Person\",\"@id\":\"https:\\\/\\\/pre.efe.com\\\/pt-br\\\/#\\\/schema\\\/person\\\/b19f23f210db552768f68a4b552b004f\",\"name\":\"anachain\",\"image\":{\"@type\":\"ImageObject\",\"inLanguage\":\"pt-BR\",\"@id\":\"https:\\\/\\\/secure.gravatar.com\\\/avatar\\\/30b83965911ef1108bb893c00bdd65c885f9890e1265ee04b02c3d5adc785d37?s=96&d=identicon&r=g\",\"url\":\"https:\\\/\\\/secure.gravatar.com\\\/avatar\\\/30b83965911ef1108bb893c00bdd65c885f9890e1265ee04b02c3d5adc785d37?s=96&d=identicon&r=g\",\"contentUrl\":\"https:\\\/\\\/secure.gravatar.com\\\/avatar\\\/30b83965911ef1108bb893c00bdd65c885f9890e1265ee04b02c3d5adc785d37?s=96&d=identicon&r=g\",\"caption\":\"anachain\"},\"url\":\"https:\\\/\\\/pre.efe.com\\\/pt-br\\\/autor\\\/anachain\\\/\"}]}<\/script>\n<!-- \/ Yoast SEO Premium plugin. -->","yoast_head_json":{"title":"Messi ser\u00e1 poupado na Copa da Fran\u00e7a e deve voltar ao PSG na pr\u00f3xima semana - EFE","robots":{"index":"noindex","follow":"follow"},"og_locale":"pt_BR","og_type":"article","og_title":"Messi ser\u00e1 poupado na Copa da Fran\u00e7a e deve voltar ao PSG na pr\u00f3xima semana - EFE","og_description":"Paris (EFE).- O t\u00e9cnico do Paris Saint-Germain, Christophe Galtier, confirmou nesta quinta-feira que Lionel Messi n\u00e3o jogar\u00e1 a partida de amanh\u00e3 pela Copa da Fran\u00e7a, contra o Ch\u00e2teauroux, mas mostrou-se otimista quanto ao seu retorno na pr\u00f3xima semana, contra o Angers, pelo Campeonato Franc\u00eas. &#8220;Leo treinou na quarta e quinta. Ele n\u00e3o vai jogar na ... Leia mais","og_url":"https:\/\/pre.efe.com\/pt-br\/esportes\/2023-01-05\/messi-sera-poupado-na-copa-da-franca-e-deve-voltar-ao-psg-na-proxima-semana\/","og_site_name":"EFE Noticias","article_publisher":"https:\/\/www.facebook.com\/AgenciaEFEnoticias\/","article_published_time":"2023-01-05T16:35:00+00:00","article_modified_time":"2023-01-05T23:45:31+00:00","og_image":[{"width":1390,"height":927,"url":"https:\/\/i0.wp.com\/efe.com\/\/srv\/htdocs\/wp-content\/uploads\/2022\/12\/argentina_croacia.jpg?fit=1390%2C927&ssl=1","type":"image\/jpeg"}],"author":"anachain","twitter_card":"summary_large_image","twitter_creator":"@efenoticias","twitter_site":"@efenoticias","schema":{"@context":"https:\/\/schema.org","@graph":[{"@type":"NewsArticle","@id":"https:\/\/pre.efe.com\/pt-br\/esportes\/2023-01-05\/messi-sera-poupado-na-copa-da-franca-e-deve-voltar-ao-psg-na-proxima-semana\/#article","isPartOf":{"@id":"https:\/\/pre.efe.com\/pt-br\/esportes\/2023-01-05\/messi-sera-poupado-na-copa-da-franca-e-deve-voltar-ao-psg-na-proxima-semana\/"},"author":{"name":"anachain","@id":"https:\/\/pre.efe.com\/pt-br\/#\/schema\/person\/b19f23f210db552768f68a4b552b004f"},"headline":"Messi ser\u00e1 poupado na Copa da Fran\u00e7a e deve voltar ao PSG na pr\u00f3xima semana","datePublished":"2023-01-05T16:35:00+00:00","dateModified":"2023-01-05T23:45:31+00:00","mainEntityOfPage":{"@id":"https:\/\/pre.efe.com\/pt-br\/esportes\/2023-01-05\/messi-sera-poupado-na-copa-da-franca-e-deve-voltar-ao-psg-na-proxima-semana\/"},"wordCount":338,"publisher":{"@id":"https:\/\/pre.efe.com\/pt-br\/#organization"},"image":{"@id":"https:\/\/pre.efe.com\/pt-br\/esportes\/2023-01-05\/messi-sera-poupado-na-copa-da-franca-e-deve-voltar-ao-psg-na-proxima-semana\/#primaryimage"},"thumbnailUrl":"https:\/\/pre.efe.com\/wp-content\/uploads\/2022\/12\/argentina_croacia.jpg","keywords":["Fran\u00e7a","Futebol","Messi"],"articleSection":["Esportes","Portada"],"inLanguage":"pt-BR","copyrightYear":"2023","copyrightHolder":{"@id":"https:\/\/pre.efe.com\/#organization"}},{"@type":["WebPage","ItemPage"],"@id":"https:\/\/pre.efe.com\/pt-br\/esportes\/2023-01-05\/messi-sera-poupado-na-copa-da-franca-e-deve-voltar-ao-psg-na-proxima-semana\/","url":"https:\/\/pre.efe.com\/pt-br\/esportes\/2023-01-05\/messi-sera-poupado-na-copa-da-franca-e-deve-voltar-ao-psg-na-proxima-semana\/","name":"Messi ser\u00e1 poupado na Copa da Fran\u00e7a e deve voltar ao PSG na pr\u00f3xima semana - EFE","isPartOf":{"@id":"https:\/\/pre.efe.com\/pt-br\/#website"},"primaryImageOfPage":{"@id":"https:\/\/pre.efe.com\/pt-br\/esportes\/2023-01-05\/messi-sera-poupado-na-copa-da-franca-e-deve-voltar-ao-psg-na-proxima-semana\/#primaryimage"},"image":{"@id":"https:\/\/pre.efe.com\/pt-br\/esportes\/2023-01-05\/messi-sera-poupado-na-copa-da-franca-e-deve-voltar-ao-psg-na-proxima-semana\/#primaryimage"},"thumbnailUrl":"https:\/\/pre.efe.com\/wp-content\/uploads\/2022\/12\/argentina_croacia.jpg","datePublished":"2023-01-05T16:35:00+00:00","dateModified":"2023-01-05T23:45:31+00:00","breadcrumb":{"@id":"https:\/\/pre.efe.com\/pt-br\/esportes\/2023-01-05\/messi-sera-poupado-na-copa-da-franca-e-deve-voltar-ao-psg-na-proxima-semana\/#breadcrumb"},"inLanguage":"pt-BR","potentialAction":[{"@type":"ReadAction","target":["https:\/\/pre.efe.com\/pt-br\/esportes\/2023-01-05\/messi-sera-poupado-na-copa-da-franca-e-deve-voltar-ao-psg-na-proxima-semana\/"]}]},{"@type":"ImageObject","inLanguage":"pt-BR","@id":"https:\/\/pre.efe.com\/pt-br\/esportes\/2023-01-05\/messi-sera-poupado-na-copa-da-franca-e-deve-voltar-ao-psg-na-proxima-semana\/#primaryimage","url":"https:\/\/pre.efe.com\/wp-content\/uploads\/2022\/12\/argentina_croacia.jpg","contentUrl":"https:\/\/pre.efe.com\/wp-content\/uploads\/2022\/12\/argentina_croacia.jpg","width":1390,"height":927,"caption":"EFE\/Arquivo\/Rodrigo Jim\u00e9nez"},{"@type":"BreadcrumbList","@id":"https:\/\/pre.efe.com\/pt-br\/esportes\/2023-01-05\/messi-sera-poupado-na-copa-da-franca-e-deve-voltar-ao-psg-na-proxima-semana\/#breadcrumb","itemListElement":[{"@type":"ListItem","position":1,"name":"Portada","item":"https:\/\/pre.efe.com\/pt-br\/"},{"@type":"ListItem","position":2,"name":"Messi ser\u00e1 poupado na Copa da Fran\u00e7a e deve voltar ao PSG na pr\u00f3xima semana"}]},{"@type":"WebSite","@id":"https:\/\/pre.efe.com\/pt-br\/#website","url":"https:\/\/pre.efe.com\/pt-br\/","name":"EFE Noticias","description":"","publisher":{"@id":"https:\/\/pre.efe.com\/pt-br\/#organization"},"potentialAction":[{"@type":"SearchAction","target":{"@type":"EntryPoint","urlTemplate":"https:\/\/pre.efe.com\/pt-br\/?s={search_term_string}"},"query-input":{"@type":"PropertyValueSpecification","valueRequired":true,"valueName":"search_term_string"}}],"inLanguage":"pt-BR"},{"@type":"Organization","@id":"https:\/\/pre.efe.com\/pt-br\/#organization","name":"Agencia EFE","url":"https:\/\/pre.efe.com\/pt-br\/","logo":{"@type":"ImageObject","inLanguage":"pt-BR","@id":"https:\/\/pre.efe.com\/pt-br\/#\/schema\/logo\/image\/","url":"https:\/\/pre.efe.com\/wp-content\/uploads\/2023\/06\/logo-efe-467.png","contentUrl":"https:\/\/pre.efe.com\/wp-content\/uploads\/2023\/06\/logo-efe-467.png","width":467,"height":467,"caption":"Agencia EFE"},"image":{"@id":"https:\/\/pre.efe.com\/pt-br\/#\/schema\/logo\/image\/"},"sameAs":["https:\/\/www.facebook.com\/AgenciaEFEnoticias\/","https:\/\/x.com\/efenoticias","https:\/\/www.instagram.com\/efe_noticias\/","http:\/\/www.youtube.com\/efe"]},{"@type":"Person","@id":"https:\/\/pre.efe.com\/pt-br\/#\/schema\/person\/b19f23f210db552768f68a4b552b004f","name":"anachain","image":{"@type":"ImageObject","inLanguage":"pt-BR","@id":"https:\/\/secure.gravatar.com\/avatar\/30b83965911ef1108bb893c00bdd65c885f9890e1265ee04b02c3d5adc785d37?s=96&d=identicon&r=g","url":"https:\/\/secure.gravatar.com\/avatar\/30b83965911ef1108bb893c00bdd65c885f9890e1265ee04b02c3d5adc785d37?s=96&d=identicon&r=g","contentUrl":"https:\/\/secure.gravatar.com\/avatar\/30b83965911ef1108bb893c00bdd65c885f9890e1265ee04b02c3d5adc785d37?s=96&d=identicon&r=g","caption":"anachain"},"url":"https:\/\/pre.efe.com\/pt-br\/autor\/anachain\/"}]}},"jetpack_featured_media_url":"https:\/\/pre.efe.com\/wp-content\/uploads\/2022\/12\/argentina_croacia.jpg","jetpack_shortlink":"https:\/\/wp.me\/peJvHm-Yjf","jetpack_sharing_enabled":true,"_links":{"self":[{"href":"https:\/\/pre.efe.com\/pt-br\/wp-json\/wp\/v2\/posts\/231833","targetHints":{"allow":["GET"]}}],"collection":[{"href":"https:\/\/pre.efe.com\/pt-br\/wp-json\/wp\/v2\/posts"}],"about":[{"href":"https:\/\/pre.efe.com\/pt-br\/wp-json\/wp\/v2\/types\/post"}],"author":[{"embeddable":true,"href":"https:\/\/pre.efe.com\/pt-br\/wp-json\/wp\/v2\/users\/198164106"}],"replies":[{"embeddable":true,"href":"https:\/\/pre.efe.com\/pt-br\/wp-json\/wp\/v2\/comments?post=231833"}],"version-history":[{"count":2,"href":"https:\/\/pre.efe.com\/pt-br\/wp-json\/wp\/v2\/posts\/231833\/revisions"}],"predecessor-version":[{"id":231845,"href":"https:\/\/pre.efe.com\/pt-br\/wp-json\/wp\/v2\/posts\/231833\/revisions\/231845"}],"wp:featuredmedia":[{"embeddable":true,"href":"https:\/\/pre.efe.com\/pt-br\/wp-json\/wp\/v2\/media\/204405"}],"wp:attachment":[{"href":"https:\/\/pre.efe.com\/pt-br\/wp-json\/wp\/v2\/media?parent=231833"}],"wp:term":[{"taxonomy":"category","embeddable":true,"href":"https:\/\/pre.efe.com\/pt-br\/wp-json\/wp\/v2\/categories?post=231833"},{"taxonomy":"post_tag","embeddable":true,"href":"https:\/\/pre.efe.com\/pt-br\/wp-json\/wp\/v2\/tags?post=231833"}],"curies":[{"name":"wp","href":"https:\/\/api.w.org\/{rel}","templated":true}]}}