{"id":234960,"date":"2023-01-10T00:37:00","date_gmt":"2023-01-09T23:37:00","guid":{"rendered":"https:\/\/pre.efe.com\/?p=234960"},"modified":"2023-01-10T06:39:05","modified_gmt":"2023-01-10T05:39:05","slug":"numero-de-mortes-em-confrontos-no-peru-sobe-para-12-bebe-morre-em-ambulancia","status":"publish","type":"post","link":"https:\/\/pre.efe.com\/pt-br\/mundo-2\/2023-01-10\/numero-de-mortes-em-confrontos-no-peru-sobe-para-12-bebe-morre-em-ambulancia\/","title":{"rendered":"N\u00famero de mortes em confrontos no Peru sobe para 12; Beb\u00ea morre em ambul\u00e2ncia"},"content":{"rendered":"\n<p>Lima (EFE).- O n\u00famero de mortes em confrontos entre manifestantes e for\u00e7as de seguran\u00e7a na cidade de Juliaca, no sul do Peru, subiu para 12 nesta segunda-feira ap\u00f3s o fim de uma tr\u00e9gua de Natal que havia interrompido uma s\u00e9rie de protestos contra o novo governo do pa\u00eds e a queda do anterior.<\/p>\n\n\n\n<p>Houve ainda mais uma morte, segundo a Defensoria do Povo peruano, &#8220;devido a eventos ligados ao bloqueio de estradas&#8221;. Foi a de um beb\u00ea de 35 semanas dentro da ambul\u00e2ncia que o transportava para um hospital regional onde seria atendido por causa de um quadro de insufici\u00eancia respirat\u00f3ria e sepse.<\/p>\n\n\n\n<p>Desta forma, o n\u00famero de pessoas que morreram devido a alguma rela\u00e7\u00e3o com os protestos, desde que eles come\u00e7aram, em 11 de dezembro do ano passado, chegou a 41 em todo o pa\u00eds.<\/p>\n\n\n\n<p>A Defensoria disse em um relat\u00f3rio que 12 pessoas morreram &#8220;em confrontos com as for\u00e7as da lei e da ordem&#8221; menos de uma hora depois de um relat\u00f3rio anterior no qual foi divulgada a morte de nove manifestantes nos protestos que exigem a ren\u00fancia da presidente Dina Boluarte, o fechamento do Congresso, a convoca\u00e7\u00e3o de elei\u00e7\u00f5es antecipadas e de uma assembleia constituinte.<\/p>\n\n\n\n<p>Entre as mortes ocorridas em Juliaca, cidade do departamento de Puno, na fronteira com a Bol\u00edvia, ao menos uma foi de menor de 17 anos.<\/p>\n\n\n\n<p>A maioria dos que morreram em confrontos tinha entre 19 e 35 anos de idade, segundo autoridades hospitalares da regi\u00e3o.<\/p>\n\n\n\n<p>Os protestos no Peru come\u00e7aram depois que Dina Boluarte, que era a vice-presidente, assumiu a presid\u00eancia no lugar de Pedro Castillo, que fracassou em uma tentativa de autogolpe de Estado e est\u00e1 cumprindo uma pena de 18 meses de pris\u00e3o sob a acusa\u00e7\u00e3o de cometer o crime de rebeli\u00e3o.<\/p>\n\n\n\n<p>As manifesta\u00e7\u00f5es posteriores ocorreram em v\u00e1rias regi\u00f5es do pa\u00eds e foram reprimidas pela pol\u00edcia e as For\u00e7as Armadas em virtude de um decreto de emerg\u00eancia aprovado pelo governo.<\/p>\n\n\n\n<p>Em 4 de janeiro, ap\u00f3s uma tr\u00e9gua para o per\u00edodo de Natal e Ano Novo, os cidad\u00e3os retomaram os protestos em algumas partes do pa\u00eds, embora muito mais timidamente e concentrados no sul, especialmente em Juliaca. EFE<\/p>\n","protected":false},"excerpt":{"rendered":"<p>Lima (EFE).- O n\u00famero de mortes em confrontos entre manifestantes e for\u00e7as de seguran\u00e7a na cidade de Juliaca, no sul do Peru, subiu para 12 nesta segunda-feira ap\u00f3s o fim de uma tr\u00e9gua de Natal que havia interrompido uma s\u00e9rie de protestos contra o novo governo do pa\u00eds e a queda do anterior. Houve ainda &#8230; <a title=\"N\u00famero de mortes em confrontos no Peru sobe para 12; Beb\u00ea morre em ambul\u00e2ncia\" class=\"read-more\" href=\"https:\/\/pre.efe.com\/pt-br\/mundo-2\/2023-01-10\/numero-de-mortes-em-confrontos-no-peru-sobe-para-12-bebe-morre-em-ambulancia\/\" aria-label=\"Read more about N\u00famero de mortes em confrontos no Peru sobe para 12; Beb\u00ea morre em ambul\u00e2ncia\">Leia mais<\/a><\/p>\n","protected":false},"author":198164106,"featured_media":232756,"comment_status":"closed","ping_status":"closed","sticky":false,"template":"","format":"standard","meta":{"_acf_changed":false,"_jetpack_memberships_contains_paid_content":false,"footnotes":""},"categories":[123208,122141],"tags":[125964],"class_list":["post-234960","post","type-post","status-publish","format-standard","has-post-thumbnail","hentry","category-mundo-2","category-portada","tag-peru-3","generate-columns","tablet-grid-50","mobile-grid-100","grid-parent","grid-50"],"acf":[],"yoast_head":"<!-- This site is optimized with the Yoast SEO Premium plugin v26.0 (Yoast SEO v27.4) - https:\/\/yoast.com\/product\/yoast-seo-premium-wordpress\/ -->\n<title>N\u00famero de mortes em confrontos no Peru sobe para 12; Beb\u00ea morre em ambul\u00e2ncia - EFE<\/title>\n<meta name=\"robots\" content=\"noindex, follow\" \/>\n<meta property=\"og:locale\" content=\"pt_BR\" \/>\n<meta property=\"og:type\" content=\"article\" \/>\n<meta property=\"og:title\" content=\"N\u00famero de mortes em confrontos no Peru sobe para 12; Beb\u00ea morre em ambul\u00e2ncia - EFE\" \/>\n<meta property=\"og:description\" content=\"Lima (EFE).- O n\u00famero de mortes em confrontos entre manifestantes e for\u00e7as de seguran\u00e7a na cidade de Juliaca, no sul do Peru, subiu para 12 nesta segunda-feira ap\u00f3s o fim de uma tr\u00e9gua de Natal que havia interrompido uma s\u00e9rie de protestos contra o novo governo do pa\u00eds e a queda do anterior. Houve ainda ... Leia mais\" \/>\n<meta property=\"og:url\" content=\"https:\/\/pre.efe.com\/pt-br\/mundo-2\/2023-01-10\/numero-de-mortes-em-confrontos-no-peru-sobe-para-12-bebe-morre-em-ambulancia\/\" \/>\n<meta property=\"og:site_name\" content=\"EFE Noticias\" \/>\n<meta property=\"article:publisher\" content=\"https:\/\/www.facebook.com\/AgenciaEFEnoticias\/\" \/>\n<meta property=\"article:published_time\" content=\"2023-01-09T23:37:00+00:00\" \/>\n<meta property=\"article:modified_time\" content=\"2023-01-10T05:39:05+00:00\" \/>\n<meta property=\"og:image\" content=\"https:\/\/i0.wp.com\/efe.com\/\/srv\/htdocs\/wp-content\/uploads\/2023\/01\/PERU-CRISIS-222.jpg?fit=900%2C600&ssl=1\" \/>\n\t<meta property=\"og:image:width\" content=\"900\" \/>\n\t<meta property=\"og:image:height\" content=\"600\" \/>\n\t<meta property=\"og:image:type\" content=\"image\/jpeg\" \/>\n<meta name=\"author\" content=\"anachain\" \/>\n<meta name=\"twitter:card\" content=\"summary_large_image\" \/>\n<meta name=\"twitter:creator\" content=\"@efenoticias\" \/>\n<meta name=\"twitter:site\" content=\"@efenoticias\" \/>\n<script type=\"application\/ld+json\" class=\"yoast-schema-graph\">{\"@context\":\"https:\\\/\\\/schema.org\",\"@graph\":[{\"@type\":\"NewsArticle\",\"@id\":\"https:\\\/\\\/pre.efe.com\\\/pt-br\\\/mundo-2\\\/2023-01-10\\\/numero-de-mortes-em-confrontos-no-peru-sobe-para-12-bebe-morre-em-ambulancia\\\/#article\",\"isPartOf\":{\"@id\":\"https:\\\/\\\/pre.efe.com\\\/pt-br\\\/mundo-2\\\/2023-01-10\\\/numero-de-mortes-em-confrontos-no-peru-sobe-para-12-bebe-morre-em-ambulancia\\\/\"},\"author\":{\"name\":\"anachain\",\"@id\":\"https:\\\/\\\/pre.efe.com\\\/pt-br\\\/#\\\/schema\\\/person\\\/b19f23f210db552768f68a4b552b004f\"},\"headline\":\"N\u00famero de mortes em confrontos no Peru sobe para 12; Beb\u00ea morre em ambul\u00e2ncia\",\"datePublished\":\"2023-01-09T23:37:00+00:00\",\"dateModified\":\"2023-01-10T05:39:05+00:00\",\"mainEntityOfPage\":{\"@id\":\"https:\\\/\\\/pre.efe.com\\\/pt-br\\\/mundo-2\\\/2023-01-10\\\/numero-de-mortes-em-confrontos-no-peru-sobe-para-12-bebe-morre-em-ambulancia\\\/\"},\"wordCount\":402,\"publisher\":{\"@id\":\"https:\\\/\\\/pre.efe.com\\\/pt-br\\\/#organization\"},\"image\":{\"@id\":\"https:\\\/\\\/pre.efe.com\\\/pt-br\\\/mundo-2\\\/2023-01-10\\\/numero-de-mortes-em-confrontos-no-peru-sobe-para-12-bebe-morre-em-ambulancia\\\/#primaryimage\"},\"thumbnailUrl\":\"https:\\\/\\\/pre.efe.com\\\/wp-content\\\/uploads\\\/2023\\\/01\\\/PERU-CRISIS-222.jpg\",\"keywords\":[\"Peru\"],\"articleSection\":[\"Mundo\",\"Portada\"],\"inLanguage\":\"pt-BR\",\"copyrightYear\":\"2023\",\"copyrightHolder\":{\"@id\":\"https:\\\/\\\/pre.efe.com\\\/#organization\"}},{\"@type\":[\"WebPage\",\"ItemPage\"],\"@id\":\"https:\\\/\\\/pre.efe.com\\\/pt-br\\\/mundo-2\\\/2023-01-10\\\/numero-de-mortes-em-confrontos-no-peru-sobe-para-12-bebe-morre-em-ambulancia\\\/\",\"url\":\"https:\\\/\\\/pre.efe.com\\\/pt-br\\\/mundo-2\\\/2023-01-10\\\/numero-de-mortes-em-confrontos-no-peru-sobe-para-12-bebe-morre-em-ambulancia\\\/\",\"name\":\"N\u00famero de mortes em confrontos no Peru sobe para 12; Beb\u00ea morre em ambul\u00e2ncia - EFE\",\"isPartOf\":{\"@id\":\"https:\\\/\\\/pre.efe.com\\\/pt-br\\\/#website\"},\"primaryImageOfPage\":{\"@id\":\"https:\\\/\\\/pre.efe.com\\\/pt-br\\\/mundo-2\\\/2023-01-10\\\/numero-de-mortes-em-confrontos-no-peru-sobe-para-12-bebe-morre-em-ambulancia\\\/#primaryimage\"},\"image\":{\"@id\":\"https:\\\/\\\/pre.efe.com\\\/pt-br\\\/mundo-2\\\/2023-01-10\\\/numero-de-mortes-em-confrontos-no-peru-sobe-para-12-bebe-morre-em-ambulancia\\\/#primaryimage\"},\"thumbnailUrl\":\"https:\\\/\\\/pre.efe.com\\\/wp-content\\\/uploads\\\/2023\\\/01\\\/PERU-CRISIS-222.jpg\",\"datePublished\":\"2023-01-09T23:37:00+00:00\",\"dateModified\":\"2023-01-10T05:39:05+00:00\",\"breadcrumb\":{\"@id\":\"https:\\\/\\\/pre.efe.com\\\/pt-br\\\/mundo-2\\\/2023-01-10\\\/numero-de-mortes-em-confrontos-no-peru-sobe-para-12-bebe-morre-em-ambulancia\\\/#breadcrumb\"},\"inLanguage\":\"pt-BR\",\"potentialAction\":[{\"@type\":\"ReadAction\",\"target\":[\"https:\\\/\\\/pre.efe.com\\\/pt-br\\\/mundo-2\\\/2023-01-10\\\/numero-de-mortes-em-confrontos-no-peru-sobe-para-12-bebe-morre-em-ambulancia\\\/\"]}]},{\"@type\":\"ImageObject\",\"inLanguage\":\"pt-BR\",\"@id\":\"https:\\\/\\\/pre.efe.com\\\/pt-br\\\/mundo-2\\\/2023-01-10\\\/numero-de-mortes-em-confrontos-no-peru-sobe-para-12-bebe-morre-em-ambulancia\\\/#primaryimage\",\"url\":\"https:\\\/\\\/pre.efe.com\\\/wp-content\\\/uploads\\\/2023\\\/01\\\/PERU-CRISIS-222.jpg\",\"contentUrl\":\"https:\\\/\\\/pre.efe.com\\\/wp-content\\\/uploads\\\/2023\\\/01\\\/PERU-CRISIS-222.jpg\",\"width\":900,\"height\":600,\"caption\":\"Protestos no Peru. EFE\\\/Aldair Mej\u00eda\"},{\"@type\":\"BreadcrumbList\",\"@id\":\"https:\\\/\\\/pre.efe.com\\\/pt-br\\\/mundo-2\\\/2023-01-10\\\/numero-de-mortes-em-confrontos-no-peru-sobe-para-12-bebe-morre-em-ambulancia\\\/#breadcrumb\",\"itemListElement\":[{\"@type\":\"ListItem\",\"position\":1,\"name\":\"Portada\",\"item\":\"https:\\\/\\\/pre.efe.com\\\/pt-br\\\/\"},{\"@type\":\"ListItem\",\"position\":2,\"name\":\"N\u00famero de mortes em confrontos no Peru sobe para 12; Beb\u00ea morre em ambul\u00e2ncia\"}]},{\"@type\":\"WebSite\",\"@id\":\"https:\\\/\\\/pre.efe.com\\\/pt-br\\\/#website\",\"url\":\"https:\\\/\\\/pre.efe.com\\\/pt-br\\\/\",\"name\":\"EFE Noticias\",\"description\":\"\",\"publisher\":{\"@id\":\"https:\\\/\\\/pre.efe.com\\\/pt-br\\\/#organization\"},\"potentialAction\":[{\"@type\":\"SearchAction\",\"target\":{\"@type\":\"EntryPoint\",\"urlTemplate\":\"https:\\\/\\\/pre.efe.com\\\/pt-br\\\/?s={search_term_string}\"},\"query-input\":{\"@type\":\"PropertyValueSpecification\",\"valueRequired\":true,\"valueName\":\"search_term_string\"}}],\"inLanguage\":\"pt-BR\"},{\"@type\":\"Organization\",\"@id\":\"https:\\\/\\\/pre.efe.com\\\/pt-br\\\/#organization\",\"name\":\"Agencia EFE\",\"url\":\"https:\\\/\\\/pre.efe.com\\\/pt-br\\\/\",\"logo\":{\"@type\":\"ImageObject\",\"inLanguage\":\"pt-BR\",\"@id\":\"https:\\\/\\\/pre.efe.com\\\/pt-br\\\/#\\\/schema\\\/logo\\\/image\\\/\",\"url\":\"https:\\\/\\\/pre.efe.com\\\/wp-content\\\/uploads\\\/2023\\\/06\\\/logo-efe-467.png\",\"contentUrl\":\"https:\\\/\\\/pre.efe.com\\\/wp-content\\\/uploads\\\/2023\\\/06\\\/logo-efe-467.png\",\"width\":467,\"height\":467,\"caption\":\"Agencia EFE\"},\"image\":{\"@id\":\"https:\\\/\\\/pre.efe.com\\\/pt-br\\\/#\\\/schema\\\/logo\\\/image\\\/\"},\"sameAs\":[\"https:\\\/\\\/www.facebook.com\\\/AgenciaEFEnoticias\\\/\",\"https:\\\/\\\/x.com\\\/efenoticias\",\"https:\\\/\\\/www.instagram.com\\\/efe_noticias\\\/\",\"http:\\\/\\\/www.youtube.com\\\/efe\"]},{\"@type\":\"Person\",\"@id\":\"https:\\\/\\\/pre.efe.com\\\/pt-br\\\/#\\\/schema\\\/person\\\/b19f23f210db552768f68a4b552b004f\",\"name\":\"anachain\",\"image\":{\"@type\":\"ImageObject\",\"inLanguage\":\"pt-BR\",\"@id\":\"https:\\\/\\\/secure.gravatar.com\\\/avatar\\\/30b83965911ef1108bb893c00bdd65c885f9890e1265ee04b02c3d5adc785d37?s=96&d=identicon&r=g\",\"url\":\"https:\\\/\\\/secure.gravatar.com\\\/avatar\\\/30b83965911ef1108bb893c00bdd65c885f9890e1265ee04b02c3d5adc785d37?s=96&d=identicon&r=g\",\"contentUrl\":\"https:\\\/\\\/secure.gravatar.com\\\/avatar\\\/30b83965911ef1108bb893c00bdd65c885f9890e1265ee04b02c3d5adc785d37?s=96&d=identicon&r=g\",\"caption\":\"anachain\"},\"url\":\"https:\\\/\\\/pre.efe.com\\\/pt-br\\\/autor\\\/anachain\\\/\"}]}<\/script>\n<!-- \/ Yoast SEO Premium plugin. -->","yoast_head_json":{"title":"N\u00famero de mortes em confrontos no Peru sobe para 12; Beb\u00ea morre em ambul\u00e2ncia - EFE","robots":{"index":"noindex","follow":"follow"},"og_locale":"pt_BR","og_type":"article","og_title":"N\u00famero de mortes em confrontos no Peru sobe para 12; Beb\u00ea morre em ambul\u00e2ncia - EFE","og_description":"Lima (EFE).- O n\u00famero de mortes em confrontos entre manifestantes e for\u00e7as de seguran\u00e7a na cidade de Juliaca, no sul do Peru, subiu para 12 nesta segunda-feira ap\u00f3s o fim de uma tr\u00e9gua de Natal que havia interrompido uma s\u00e9rie de protestos contra o novo governo do pa\u00eds e a queda do anterior. Houve ainda ... Leia mais","og_url":"https:\/\/pre.efe.com\/pt-br\/mundo-2\/2023-01-10\/numero-de-mortes-em-confrontos-no-peru-sobe-para-12-bebe-morre-em-ambulancia\/","og_site_name":"EFE Noticias","article_publisher":"https:\/\/www.facebook.com\/AgenciaEFEnoticias\/","article_published_time":"2023-01-09T23:37:00+00:00","article_modified_time":"2023-01-10T05:39:05+00:00","og_image":[{"width":900,"height":600,"url":"https:\/\/i0.wp.com\/efe.com\/\/srv\/htdocs\/wp-content\/uploads\/2023\/01\/PERU-CRISIS-222.jpg?fit=900%2C600&ssl=1","type":"image\/jpeg"}],"author":"anachain","twitter_card":"summary_large_image","twitter_creator":"@efenoticias","twitter_site":"@efenoticias","schema":{"@context":"https:\/\/schema.org","@graph":[{"@type":"NewsArticle","@id":"https:\/\/pre.efe.com\/pt-br\/mundo-2\/2023-01-10\/numero-de-mortes-em-confrontos-no-peru-sobe-para-12-bebe-morre-em-ambulancia\/#article","isPartOf":{"@id":"https:\/\/pre.efe.com\/pt-br\/mundo-2\/2023-01-10\/numero-de-mortes-em-confrontos-no-peru-sobe-para-12-bebe-morre-em-ambulancia\/"},"author":{"name":"anachain","@id":"https:\/\/pre.efe.com\/pt-br\/#\/schema\/person\/b19f23f210db552768f68a4b552b004f"},"headline":"N\u00famero de mortes em confrontos no Peru sobe para 12; Beb\u00ea morre em ambul\u00e2ncia","datePublished":"2023-01-09T23:37:00+00:00","dateModified":"2023-01-10T05:39:05+00:00","mainEntityOfPage":{"@id":"https:\/\/pre.efe.com\/pt-br\/mundo-2\/2023-01-10\/numero-de-mortes-em-confrontos-no-peru-sobe-para-12-bebe-morre-em-ambulancia\/"},"wordCount":402,"publisher":{"@id":"https:\/\/pre.efe.com\/pt-br\/#organization"},"image":{"@id":"https:\/\/pre.efe.com\/pt-br\/mundo-2\/2023-01-10\/numero-de-mortes-em-confrontos-no-peru-sobe-para-12-bebe-morre-em-ambulancia\/#primaryimage"},"thumbnailUrl":"https:\/\/pre.efe.com\/wp-content\/uploads\/2023\/01\/PERU-CRISIS-222.jpg","keywords":["Peru"],"articleSection":["Mundo","Portada"],"inLanguage":"pt-BR","copyrightYear":"2023","copyrightHolder":{"@id":"https:\/\/pre.efe.com\/#organization"}},{"@type":["WebPage","ItemPage"],"@id":"https:\/\/pre.efe.com\/pt-br\/mundo-2\/2023-01-10\/numero-de-mortes-em-confrontos-no-peru-sobe-para-12-bebe-morre-em-ambulancia\/","url":"https:\/\/pre.efe.com\/pt-br\/mundo-2\/2023-01-10\/numero-de-mortes-em-confrontos-no-peru-sobe-para-12-bebe-morre-em-ambulancia\/","name":"N\u00famero de mortes em confrontos no Peru sobe para 12; Beb\u00ea morre em ambul\u00e2ncia - EFE","isPartOf":{"@id":"https:\/\/pre.efe.com\/pt-br\/#website"},"primaryImageOfPage":{"@id":"https:\/\/pre.efe.com\/pt-br\/mundo-2\/2023-01-10\/numero-de-mortes-em-confrontos-no-peru-sobe-para-12-bebe-morre-em-ambulancia\/#primaryimage"},"image":{"@id":"https:\/\/pre.efe.com\/pt-br\/mundo-2\/2023-01-10\/numero-de-mortes-em-confrontos-no-peru-sobe-para-12-bebe-morre-em-ambulancia\/#primaryimage"},"thumbnailUrl":"https:\/\/pre.efe.com\/wp-content\/uploads\/2023\/01\/PERU-CRISIS-222.jpg","datePublished":"2023-01-09T23:37:00+00:00","dateModified":"2023-01-10T05:39:05+00:00","breadcrumb":{"@id":"https:\/\/pre.efe.com\/pt-br\/mundo-2\/2023-01-10\/numero-de-mortes-em-confrontos-no-peru-sobe-para-12-bebe-morre-em-ambulancia\/#breadcrumb"},"inLanguage":"pt-BR","potentialAction":[{"@type":"ReadAction","target":["https:\/\/pre.efe.com\/pt-br\/mundo-2\/2023-01-10\/numero-de-mortes-em-confrontos-no-peru-sobe-para-12-bebe-morre-em-ambulancia\/"]}]},{"@type":"ImageObject","inLanguage":"pt-BR","@id":"https:\/\/pre.efe.com\/pt-br\/mundo-2\/2023-01-10\/numero-de-mortes-em-confrontos-no-peru-sobe-para-12-bebe-morre-em-ambulancia\/#primaryimage","url":"https:\/\/pre.efe.com\/wp-content\/uploads\/2023\/01\/PERU-CRISIS-222.jpg","contentUrl":"https:\/\/pre.efe.com\/wp-content\/uploads\/2023\/01\/PERU-CRISIS-222.jpg","width":900,"height":600,"caption":"Protestos no Peru. EFE\/Aldair Mej\u00eda"},{"@type":"BreadcrumbList","@id":"https:\/\/pre.efe.com\/pt-br\/mundo-2\/2023-01-10\/numero-de-mortes-em-confrontos-no-peru-sobe-para-12-bebe-morre-em-ambulancia\/#breadcrumb","itemListElement":[{"@type":"ListItem","position":1,"name":"Portada","item":"https:\/\/pre.efe.com\/pt-br\/"},{"@type":"ListItem","position":2,"name":"N\u00famero de mortes em confrontos no Peru sobe para 12; Beb\u00ea morre em ambul\u00e2ncia"}]},{"@type":"WebSite","@id":"https:\/\/pre.efe.com\/pt-br\/#website","url":"https:\/\/pre.efe.com\/pt-br\/","name":"EFE Noticias","description":"","publisher":{"@id":"https:\/\/pre.efe.com\/pt-br\/#organization"},"potentialAction":[{"@type":"SearchAction","target":{"@type":"EntryPoint","urlTemplate":"https:\/\/pre.efe.com\/pt-br\/?s={search_term_string}"},"query-input":{"@type":"PropertyValueSpecification","valueRequired":true,"valueName":"search_term_string"}}],"inLanguage":"pt-BR"},{"@type":"Organization","@id":"https:\/\/pre.efe.com\/pt-br\/#organization","name":"Agencia EFE","url":"https:\/\/pre.efe.com\/pt-br\/","logo":{"@type":"ImageObject","inLanguage":"pt-BR","@id":"https:\/\/pre.efe.com\/pt-br\/#\/schema\/logo\/image\/","url":"https:\/\/pre.efe.com\/wp-content\/uploads\/2023\/06\/logo-efe-467.png","contentUrl":"https:\/\/pre.efe.com\/wp-content\/uploads\/2023\/06\/logo-efe-467.png","width":467,"height":467,"caption":"Agencia EFE"},"image":{"@id":"https:\/\/pre.efe.com\/pt-br\/#\/schema\/logo\/image\/"},"sameAs":["https:\/\/www.facebook.com\/AgenciaEFEnoticias\/","https:\/\/x.com\/efenoticias","https:\/\/www.instagram.com\/efe_noticias\/","http:\/\/www.youtube.com\/efe"]},{"@type":"Person","@id":"https:\/\/pre.efe.com\/pt-br\/#\/schema\/person\/b19f23f210db552768f68a4b552b004f","name":"anachain","image":{"@type":"ImageObject","inLanguage":"pt-BR","@id":"https:\/\/secure.gravatar.com\/avatar\/30b83965911ef1108bb893c00bdd65c885f9890e1265ee04b02c3d5adc785d37?s=96&d=identicon&r=g","url":"https:\/\/secure.gravatar.com\/avatar\/30b83965911ef1108bb893c00bdd65c885f9890e1265ee04b02c3d5adc785d37?s=96&d=identicon&r=g","contentUrl":"https:\/\/secure.gravatar.com\/avatar\/30b83965911ef1108bb893c00bdd65c885f9890e1265ee04b02c3d5adc785d37?s=96&d=identicon&r=g","caption":"anachain"},"url":"https:\/\/pre.efe.com\/pt-br\/autor\/anachain\/"}]}},"jetpack_featured_media_url":"https:\/\/pre.efe.com\/wp-content\/uploads\/2023\/01\/PERU-CRISIS-222.jpg","jetpack_shortlink":"https:\/\/wp.me\/peJvHm-Z7G","jetpack_sharing_enabled":true,"_links":{"self":[{"href":"https:\/\/pre.efe.com\/pt-br\/wp-json\/wp\/v2\/posts\/234960","targetHints":{"allow":["GET"]}}],"collection":[{"href":"https:\/\/pre.efe.com\/pt-br\/wp-json\/wp\/v2\/posts"}],"about":[{"href":"https:\/\/pre.efe.com\/pt-br\/wp-json\/wp\/v2\/types\/post"}],"author":[{"embeddable":true,"href":"https:\/\/pre.efe.com\/pt-br\/wp-json\/wp\/v2\/users\/198164106"}],"replies":[{"embeddable":true,"href":"https:\/\/pre.efe.com\/pt-br\/wp-json\/wp\/v2\/comments?post=234960"}],"version-history":[{"count":2,"href":"https:\/\/pre.efe.com\/pt-br\/wp-json\/wp\/v2\/posts\/234960\/revisions"}],"predecessor-version":[{"id":234962,"href":"https:\/\/pre.efe.com\/pt-br\/wp-json\/wp\/v2\/posts\/234960\/revisions\/234962"}],"wp:featuredmedia":[{"embeddable":true,"href":"https:\/\/pre.efe.com\/pt-br\/wp-json\/wp\/v2\/media\/232756"}],"wp:attachment":[{"href":"https:\/\/pre.efe.com\/pt-br\/wp-json\/wp\/v2\/media?parent=234960"}],"wp:term":[{"taxonomy":"category","embeddable":true,"href":"https:\/\/pre.efe.com\/pt-br\/wp-json\/wp\/v2\/categories?post=234960"},{"taxonomy":"post_tag","embeddable":true,"href":"https:\/\/pre.efe.com\/pt-br\/wp-json\/wp\/v2\/tags?post=234960"}],"curies":[{"name":"wp","href":"https:\/\/api.w.org\/{rel}","templated":true}]}}