{"id":239265,"date":"2023-01-12T20:38:00","date_gmt":"2023-01-12T19:38:00","guid":{"rendered":"https:\/\/pre.efe.com\/?p=239265"},"modified":"2023-01-13T05:00:20","modified_gmt":"2023-01-13T04:00:20","slug":"evo-morales-acusa-oligarquia-peruana-de-mentir-para-justificar-massacre","status":"publish","type":"post","link":"https:\/\/pre.efe.com\/pt-br\/mundo-2\/2023-01-12\/evo-morales-acusa-oligarquia-peruana-de-mentir-para-justificar-massacre\/","title":{"rendered":"Evo Morales acusa &#8220;oligarquia peruana&#8221; de mentir para justificar &#8220;massacre&#8221;"},"content":{"rendered":"\n<p>La Paz (EFE).- O ex-presidente da Bol\u00edvia Evo Morales disse nesta quinta-feira que a &#8220;oligarquia peruana mente&#8221; para &#8220;justificar o massacre&#8221; de manifestantes no Peru, em uma nova declara\u00e7\u00e3o sobre a crise no pa\u00eds vizinho, apesar das cr\u00edticas e acusa\u00e7\u00f5es de &#8220;interfer\u00eancia&#8221; feitas contra ele.<\/p>\n\n\n\n<blockquote class=\"wp-block-quote is-layout-flow wp-block-quote-is-layout-flow\">\n<p>&#8220;A oligarquia peruana mente para tentar justificar o massacre de nossos irm\u00e3os. Tenta estigmatizar a Wiphala (bandeira multicolor ind\u00edgena), mas ignora que ela \u00e9 um antigo s\u00edmbolo de uni\u00e3o, dignidade e liberdade. Em vez de inventar supostas &#8216;invas\u00f5es&#8217;, pare com os assassinatos e as repress\u00f5es&#8221;, escreveu o ex-presidente no Twitter.<\/p>\n<\/blockquote>\n\n\n\n<p>Ele tamb\u00e9m lamentou o &#8220;desprezo pela vida&#8221; dos &#8220;ind\u00edgenas no Peru assassinados pelo aparelho repressivo de um Estado que reproduz o discurso e as pr\u00e1ticas racistas e segregacionistas da Col\u00f4nia&#8221;.<\/p>\n\n\n\n<blockquote class=\"wp-block-quote is-layout-flow wp-block-quote-is-layout-flow\">\n<p>\u201cA passividade c\u00famplice das organiza\u00e7\u00f5es de defesa dos direitos humanos favorece a impunidade\u201d, acrescentou o l\u00edder do partido governista boliviano.<\/p>\n<\/blockquote>\n\n\n\n<p>Morales insistiu em expressar sua opini\u00e3o sobre a crise peruana com mensagens semelhantes que compartilha quase diariamente em suas redes sociais, mesmo com o Peru o acusando de intromiss\u00e3o em assuntos internos.<\/p>\n\n\n\n<p>O governo peruano proibiu a entrada de Morales e de outros oito cidad\u00e3os bolivianos sob a acusa\u00e7\u00e3o de terem realizado &#8220;atividades de \u00edndole pol\u00edtica proselitista&#8221; que afetaram a &#8220;seguran\u00e7a nacional&#8221; do Peru, decis\u00e3o apelada por um advogado que fazia parte da defesa jur\u00eddica do ex-presidente Pedro Castillo.<\/p>\n\n\n\n<p>O ex-presidente boliviano tamb\u00e9m foi denunciado perante o Minist\u00e9rio P\u00fablico peruano pelo deputado ultraconservador Jorge Montoya pela suposta pr\u00e1tica de crimes contra a seguran\u00e7a nacional e trai\u00e7\u00e3o, sob a forma de &#8220;atentado contra a integridade nacional&#8221;.<\/p>\n\n\n\n<p>Morales manteve uma presen\u00e7a ativa no Peru, especialmente no sul do pa\u00eds, durante o governo de Pedro Castillo, com o objetivo de incentivar a integra\u00e7\u00e3o de regi\u00f5es como Puno ao projeto Runasur, a plataforma internacional de movimentos sociais e ind\u00edgenas que ele promove.<\/p>\n\n\n\n<p>Ele tamb\u00e9m tem sido muito ativo nas redes sociais com opini\u00f5es sobre a crise no Peru e mensagens em defesa de Castillo desde sua destitui\u00e7\u00e3o pelo Congresso ap\u00f3s tentativa de golpe de Estado em 7 de dezembro.<\/p>\n\n\n\n<p>A atual onda de protestos no Peru come\u00e7ou depois que a ent\u00e3o vice Dina Boluarte assumiu a presid\u00eancia do pa\u00eds ap\u00f3s uma fracassada tentativa de autogolpe de Castillo, que cumpre pris\u00e3o preventiva enquanto \u00e9 investigado por rebeli\u00e3o.<\/p>\n\n\n\n<p>At\u00e9 agora, 40 manifestantes morreram em confrontos diretos com agentes da lei, al\u00e9m de um policial, e outras sete pessoas perderam a vida &#8220;devido a acidentes de tr\u00e2nsito e eventos relacionados ao bloqueio&#8221; de estradas, segundo dados da Defensoria do Povo peruana. EFE<\/p>\n","protected":false},"excerpt":{"rendered":"<p>La Paz (EFE).- O ex-presidente da Bol\u00edvia Evo Morales disse nesta quinta-feira que a &#8220;oligarquia peruana mente&#8221; para &#8220;justificar o massacre&#8221; de manifestantes no Peru, em uma nova declara\u00e7\u00e3o sobre a crise no pa\u00eds vizinho, apesar das cr\u00edticas e acusa\u00e7\u00f5es de &#8220;interfer\u00eancia&#8221; feitas contra ele. &#8220;A oligarquia peruana mente para tentar justificar o massacre de &#8230; <a title=\"Evo Morales acusa &#8220;oligarquia peruana&#8221; de mentir para justificar &#8220;massacre&#8221;\" class=\"read-more\" href=\"https:\/\/pre.efe.com\/pt-br\/mundo-2\/2023-01-12\/evo-morales-acusa-oligarquia-peruana-de-mentir-para-justificar-massacre\/\" aria-label=\"Read more about Evo Morales acusa &#8220;oligarquia peruana&#8221; de mentir para justificar &#8220;massacre&#8221;\">Leia mais<\/a><\/p>\n","protected":false},"author":198164106,"featured_media":161472,"comment_status":"closed","ping_status":"closed","sticky":false,"template":"","format":"standard","meta":{"_acf_changed":false,"_jetpack_memberships_contains_paid_content":false,"footnotes":""},"categories":[123208],"tags":[128900,128901,125964],"class_list":["post-239265","post","type-post","status-publish","format-standard","has-post-thumbnail","hentry","category-mundo-2","tag-bolivia-2","tag-evo-morales","tag-peru-3","generate-columns","tablet-grid-50","mobile-grid-100","grid-parent","grid-50"],"acf":[],"yoast_head":"<!-- This site is optimized with the Yoast SEO Premium plugin v26.0 (Yoast SEO v27.4) - https:\/\/yoast.com\/product\/yoast-seo-premium-wordpress\/ -->\n<title>Evo Morales acusa &quot;oligarquia peruana&quot; de mentir para justificar &quot;massacre&quot; - EFE<\/title>\n<meta name=\"robots\" content=\"noindex, follow\" \/>\n<meta property=\"og:locale\" content=\"pt_BR\" \/>\n<meta property=\"og:type\" content=\"article\" \/>\n<meta property=\"og:title\" content=\"Evo Morales acusa &quot;oligarquia peruana&quot; de mentir para justificar &quot;massacre&quot; - EFE\" \/>\n<meta property=\"og:description\" content=\"La Paz (EFE).- O ex-presidente da Bol\u00edvia Evo Morales disse nesta quinta-feira que a &#8220;oligarquia peruana mente&#8221; para &#8220;justificar o massacre&#8221; de manifestantes no Peru, em uma nova declara\u00e7\u00e3o sobre a crise no pa\u00eds vizinho, apesar das cr\u00edticas e acusa\u00e7\u00f5es de &#8220;interfer\u00eancia&#8221; feitas contra ele. &#8220;A oligarquia peruana mente para tentar justificar o massacre de ... Leia mais\" \/>\n<meta property=\"og:url\" content=\"https:\/\/pre.efe.com\/pt-br\/mundo-2\/2023-01-12\/evo-morales-acusa-oligarquia-peruana-de-mentir-para-justificar-massacre\/\" \/>\n<meta property=\"og:site_name\" content=\"EFE Noticias\" \/>\n<meta property=\"article:publisher\" content=\"https:\/\/www.facebook.com\/AgenciaEFEnoticias\/\" \/>\n<meta property=\"article:published_time\" content=\"2023-01-12T19:38:00+00:00\" \/>\n<meta property=\"article:modified_time\" content=\"2023-01-13T04:00:20+00:00\" \/>\n<meta property=\"og:image\" content=\"https:\/\/i0.wp.com\/efe.com\/\/srv\/htdocs\/wp-content\/uploads\/2022\/11\/rss-efe691d04463caa1ab27fc81f753027dfdfc4189629w.jpg?fit=1920%2C1280&ssl=1\" \/>\n\t<meta property=\"og:image:width\" content=\"1920\" \/>\n\t<meta property=\"og:image:height\" content=\"1280\" \/>\n\t<meta property=\"og:image:type\" content=\"image\/jpeg\" \/>\n<meta name=\"author\" content=\"anachain\" \/>\n<meta name=\"twitter:card\" content=\"summary_large_image\" \/>\n<meta name=\"twitter:creator\" content=\"@efenoticias\" \/>\n<meta name=\"twitter:site\" content=\"@efenoticias\" \/>\n<script type=\"application\/ld+json\" class=\"yoast-schema-graph\">{\"@context\":\"https:\\\/\\\/schema.org\",\"@graph\":[{\"@type\":\"NewsArticle\",\"@id\":\"https:\\\/\\\/pre.efe.com\\\/pt-br\\\/mundo-2\\\/2023-01-12\\\/evo-morales-acusa-oligarquia-peruana-de-mentir-para-justificar-massacre\\\/#article\",\"isPartOf\":{\"@id\":\"https:\\\/\\\/pre.efe.com\\\/pt-br\\\/mundo-2\\\/2023-01-12\\\/evo-morales-acusa-oligarquia-peruana-de-mentir-para-justificar-massacre\\\/\"},\"author\":{\"name\":\"anachain\",\"@id\":\"https:\\\/\\\/pre.efe.com\\\/pt-br\\\/#\\\/schema\\\/person\\\/b19f23f210db552768f68a4b552b004f\"},\"headline\":\"Evo Morales acusa &#8220;oligarquia peruana&#8221; de mentir para justificar &#8220;massacre&#8221;\",\"datePublished\":\"2023-01-12T19:38:00+00:00\",\"dateModified\":\"2023-01-13T04:00:20+00:00\",\"mainEntityOfPage\":{\"@id\":\"https:\\\/\\\/pre.efe.com\\\/pt-br\\\/mundo-2\\\/2023-01-12\\\/evo-morales-acusa-oligarquia-peruana-de-mentir-para-justificar-massacre\\\/\"},\"wordCount\":478,\"publisher\":{\"@id\":\"https:\\\/\\\/pre.efe.com\\\/pt-br\\\/#organization\"},\"image\":{\"@id\":\"https:\\\/\\\/pre.efe.com\\\/pt-br\\\/mundo-2\\\/2023-01-12\\\/evo-morales-acusa-oligarquia-peruana-de-mentir-para-justificar-massacre\\\/#primaryimage\"},\"thumbnailUrl\":\"https:\\\/\\\/pre.efe.com\\\/wp-content\\\/uploads\\\/2022\\\/11\\\/rss-efe691d04463caa1ab27fc81f753027dfdfc4189629w.jpg\",\"keywords\":[\"Bolivia\",\"Evo Morales\",\"Peru\"],\"articleSection\":[\"Mundo\"],\"inLanguage\":\"pt-BR\",\"copyrightYear\":\"2023\",\"copyrightHolder\":{\"@id\":\"https:\\\/\\\/pre.efe.com\\\/#organization\"}},{\"@type\":[\"WebPage\",\"ItemPage\"],\"@id\":\"https:\\\/\\\/pre.efe.com\\\/pt-br\\\/mundo-2\\\/2023-01-12\\\/evo-morales-acusa-oligarquia-peruana-de-mentir-para-justificar-massacre\\\/\",\"url\":\"https:\\\/\\\/pre.efe.com\\\/pt-br\\\/mundo-2\\\/2023-01-12\\\/evo-morales-acusa-oligarquia-peruana-de-mentir-para-justificar-massacre\\\/\",\"name\":\"Evo Morales acusa \\\"oligarquia peruana\\\" de mentir para justificar \\\"massacre\\\" - EFE\",\"isPartOf\":{\"@id\":\"https:\\\/\\\/pre.efe.com\\\/pt-br\\\/#website\"},\"primaryImageOfPage\":{\"@id\":\"https:\\\/\\\/pre.efe.com\\\/pt-br\\\/mundo-2\\\/2023-01-12\\\/evo-morales-acusa-oligarquia-peruana-de-mentir-para-justificar-massacre\\\/#primaryimage\"},\"image\":{\"@id\":\"https:\\\/\\\/pre.efe.com\\\/pt-br\\\/mundo-2\\\/2023-01-12\\\/evo-morales-acusa-oligarquia-peruana-de-mentir-para-justificar-massacre\\\/#primaryimage\"},\"thumbnailUrl\":\"https:\\\/\\\/pre.efe.com\\\/wp-content\\\/uploads\\\/2022\\\/11\\\/rss-efe691d04463caa1ab27fc81f753027dfdfc4189629w.jpg\",\"datePublished\":\"2023-01-12T19:38:00+00:00\",\"dateModified\":\"2023-01-13T04:00:20+00:00\",\"breadcrumb\":{\"@id\":\"https:\\\/\\\/pre.efe.com\\\/pt-br\\\/mundo-2\\\/2023-01-12\\\/evo-morales-acusa-oligarquia-peruana-de-mentir-para-justificar-massacre\\\/#breadcrumb\"},\"inLanguage\":\"pt-BR\",\"potentialAction\":[{\"@type\":\"ReadAction\",\"target\":[\"https:\\\/\\\/pre.efe.com\\\/pt-br\\\/mundo-2\\\/2023-01-12\\\/evo-morales-acusa-oligarquia-peruana-de-mentir-para-justificar-massacre\\\/\"]}]},{\"@type\":\"ImageObject\",\"inLanguage\":\"pt-BR\",\"@id\":\"https:\\\/\\\/pre.efe.com\\\/pt-br\\\/mundo-2\\\/2023-01-12\\\/evo-morales-acusa-oligarquia-peruana-de-mentir-para-justificar-massacre\\\/#primaryimage\",\"url\":\"https:\\\/\\\/pre.efe.com\\\/wp-content\\\/uploads\\\/2022\\\/11\\\/rss-efe691d04463caa1ab27fc81f753027dfdfc4189629w.jpg\",\"contentUrl\":\"https:\\\/\\\/pre.efe.com\\\/wp-content\\\/uploads\\\/2022\\\/11\\\/rss-efe691d04463caa1ab27fc81f753027dfdfc4189629w.jpg\",\"width\":1920,\"height\":1280,\"caption\":\"Evo Morales. EFE\\\/Arquivo\\\/Juan Ignacio Roncoroni\"},{\"@type\":\"BreadcrumbList\",\"@id\":\"https:\\\/\\\/pre.efe.com\\\/pt-br\\\/mundo-2\\\/2023-01-12\\\/evo-morales-acusa-oligarquia-peruana-de-mentir-para-justificar-massacre\\\/#breadcrumb\",\"itemListElement\":[{\"@type\":\"ListItem\",\"position\":1,\"name\":\"Portada\",\"item\":\"https:\\\/\\\/pre.efe.com\\\/pt-br\\\/\"},{\"@type\":\"ListItem\",\"position\":2,\"name\":\"Evo Morales acusa &#8220;oligarquia peruana&#8221; de mentir para justificar &#8220;massacre&#8221;\"}]},{\"@type\":\"WebSite\",\"@id\":\"https:\\\/\\\/pre.efe.com\\\/pt-br\\\/#website\",\"url\":\"https:\\\/\\\/pre.efe.com\\\/pt-br\\\/\",\"name\":\"EFE Noticias\",\"description\":\"\",\"publisher\":{\"@id\":\"https:\\\/\\\/pre.efe.com\\\/pt-br\\\/#organization\"},\"potentialAction\":[{\"@type\":\"SearchAction\",\"target\":{\"@type\":\"EntryPoint\",\"urlTemplate\":\"https:\\\/\\\/pre.efe.com\\\/pt-br\\\/?s={search_term_string}\"},\"query-input\":{\"@type\":\"PropertyValueSpecification\",\"valueRequired\":true,\"valueName\":\"search_term_string\"}}],\"inLanguage\":\"pt-BR\"},{\"@type\":\"Organization\",\"@id\":\"https:\\\/\\\/pre.efe.com\\\/pt-br\\\/#organization\",\"name\":\"Agencia EFE\",\"url\":\"https:\\\/\\\/pre.efe.com\\\/pt-br\\\/\",\"logo\":{\"@type\":\"ImageObject\",\"inLanguage\":\"pt-BR\",\"@id\":\"https:\\\/\\\/pre.efe.com\\\/pt-br\\\/#\\\/schema\\\/logo\\\/image\\\/\",\"url\":\"https:\\\/\\\/pre.efe.com\\\/wp-content\\\/uploads\\\/2023\\\/06\\\/logo-efe-467.png\",\"contentUrl\":\"https:\\\/\\\/pre.efe.com\\\/wp-content\\\/uploads\\\/2023\\\/06\\\/logo-efe-467.png\",\"width\":467,\"height\":467,\"caption\":\"Agencia EFE\"},\"image\":{\"@id\":\"https:\\\/\\\/pre.efe.com\\\/pt-br\\\/#\\\/schema\\\/logo\\\/image\\\/\"},\"sameAs\":[\"https:\\\/\\\/www.facebook.com\\\/AgenciaEFEnoticias\\\/\",\"https:\\\/\\\/x.com\\\/efenoticias\",\"https:\\\/\\\/www.instagram.com\\\/efe_noticias\\\/\",\"http:\\\/\\\/www.youtube.com\\\/efe\"]},{\"@type\":\"Person\",\"@id\":\"https:\\\/\\\/pre.efe.com\\\/pt-br\\\/#\\\/schema\\\/person\\\/b19f23f210db552768f68a4b552b004f\",\"name\":\"anachain\",\"image\":{\"@type\":\"ImageObject\",\"inLanguage\":\"pt-BR\",\"@id\":\"https:\\\/\\\/secure.gravatar.com\\\/avatar\\\/30b83965911ef1108bb893c00bdd65c885f9890e1265ee04b02c3d5adc785d37?s=96&d=identicon&r=g\",\"url\":\"https:\\\/\\\/secure.gravatar.com\\\/avatar\\\/30b83965911ef1108bb893c00bdd65c885f9890e1265ee04b02c3d5adc785d37?s=96&d=identicon&r=g\",\"contentUrl\":\"https:\\\/\\\/secure.gravatar.com\\\/avatar\\\/30b83965911ef1108bb893c00bdd65c885f9890e1265ee04b02c3d5adc785d37?s=96&d=identicon&r=g\",\"caption\":\"anachain\"},\"url\":\"https:\\\/\\\/pre.efe.com\\\/pt-br\\\/autor\\\/anachain\\\/\"}]}<\/script>\n<!-- \/ Yoast SEO Premium plugin. -->","yoast_head_json":{"title":"Evo Morales acusa \"oligarquia peruana\" de mentir para justificar \"massacre\" - EFE","robots":{"index":"noindex","follow":"follow"},"og_locale":"pt_BR","og_type":"article","og_title":"Evo Morales acusa \"oligarquia peruana\" de mentir para justificar \"massacre\" - EFE","og_description":"La Paz (EFE).- O ex-presidente da Bol\u00edvia Evo Morales disse nesta quinta-feira que a &#8220;oligarquia peruana mente&#8221; para &#8220;justificar o massacre&#8221; de manifestantes no Peru, em uma nova declara\u00e7\u00e3o sobre a crise no pa\u00eds vizinho, apesar das cr\u00edticas e acusa\u00e7\u00f5es de &#8220;interfer\u00eancia&#8221; feitas contra ele. &#8220;A oligarquia peruana mente para tentar justificar o massacre de ... Leia mais","og_url":"https:\/\/pre.efe.com\/pt-br\/mundo-2\/2023-01-12\/evo-morales-acusa-oligarquia-peruana-de-mentir-para-justificar-massacre\/","og_site_name":"EFE Noticias","article_publisher":"https:\/\/www.facebook.com\/AgenciaEFEnoticias\/","article_published_time":"2023-01-12T19:38:00+00:00","article_modified_time":"2023-01-13T04:00:20+00:00","og_image":[{"width":1920,"height":1280,"url":"https:\/\/i0.wp.com\/efe.com\/\/srv\/htdocs\/wp-content\/uploads\/2022\/11\/rss-efe691d04463caa1ab27fc81f753027dfdfc4189629w.jpg?fit=1920%2C1280&ssl=1","type":"image\/jpeg"}],"author":"anachain","twitter_card":"summary_large_image","twitter_creator":"@efenoticias","twitter_site":"@efenoticias","schema":{"@context":"https:\/\/schema.org","@graph":[{"@type":"NewsArticle","@id":"https:\/\/pre.efe.com\/pt-br\/mundo-2\/2023-01-12\/evo-morales-acusa-oligarquia-peruana-de-mentir-para-justificar-massacre\/#article","isPartOf":{"@id":"https:\/\/pre.efe.com\/pt-br\/mundo-2\/2023-01-12\/evo-morales-acusa-oligarquia-peruana-de-mentir-para-justificar-massacre\/"},"author":{"name":"anachain","@id":"https:\/\/pre.efe.com\/pt-br\/#\/schema\/person\/b19f23f210db552768f68a4b552b004f"},"headline":"Evo Morales acusa &#8220;oligarquia peruana&#8221; de mentir para justificar &#8220;massacre&#8221;","datePublished":"2023-01-12T19:38:00+00:00","dateModified":"2023-01-13T04:00:20+00:00","mainEntityOfPage":{"@id":"https:\/\/pre.efe.com\/pt-br\/mundo-2\/2023-01-12\/evo-morales-acusa-oligarquia-peruana-de-mentir-para-justificar-massacre\/"},"wordCount":478,"publisher":{"@id":"https:\/\/pre.efe.com\/pt-br\/#organization"},"image":{"@id":"https:\/\/pre.efe.com\/pt-br\/mundo-2\/2023-01-12\/evo-morales-acusa-oligarquia-peruana-de-mentir-para-justificar-massacre\/#primaryimage"},"thumbnailUrl":"https:\/\/pre.efe.com\/wp-content\/uploads\/2022\/11\/rss-efe691d04463caa1ab27fc81f753027dfdfc4189629w.jpg","keywords":["Bolivia","Evo Morales","Peru"],"articleSection":["Mundo"],"inLanguage":"pt-BR","copyrightYear":"2023","copyrightHolder":{"@id":"https:\/\/pre.efe.com\/#organization"}},{"@type":["WebPage","ItemPage"],"@id":"https:\/\/pre.efe.com\/pt-br\/mundo-2\/2023-01-12\/evo-morales-acusa-oligarquia-peruana-de-mentir-para-justificar-massacre\/","url":"https:\/\/pre.efe.com\/pt-br\/mundo-2\/2023-01-12\/evo-morales-acusa-oligarquia-peruana-de-mentir-para-justificar-massacre\/","name":"Evo Morales acusa \"oligarquia peruana\" de mentir para justificar \"massacre\" - EFE","isPartOf":{"@id":"https:\/\/pre.efe.com\/pt-br\/#website"},"primaryImageOfPage":{"@id":"https:\/\/pre.efe.com\/pt-br\/mundo-2\/2023-01-12\/evo-morales-acusa-oligarquia-peruana-de-mentir-para-justificar-massacre\/#primaryimage"},"image":{"@id":"https:\/\/pre.efe.com\/pt-br\/mundo-2\/2023-01-12\/evo-morales-acusa-oligarquia-peruana-de-mentir-para-justificar-massacre\/#primaryimage"},"thumbnailUrl":"https:\/\/pre.efe.com\/wp-content\/uploads\/2022\/11\/rss-efe691d04463caa1ab27fc81f753027dfdfc4189629w.jpg","datePublished":"2023-01-12T19:38:00+00:00","dateModified":"2023-01-13T04:00:20+00:00","breadcrumb":{"@id":"https:\/\/pre.efe.com\/pt-br\/mundo-2\/2023-01-12\/evo-morales-acusa-oligarquia-peruana-de-mentir-para-justificar-massacre\/#breadcrumb"},"inLanguage":"pt-BR","potentialAction":[{"@type":"ReadAction","target":["https:\/\/pre.efe.com\/pt-br\/mundo-2\/2023-01-12\/evo-morales-acusa-oligarquia-peruana-de-mentir-para-justificar-massacre\/"]}]},{"@type":"ImageObject","inLanguage":"pt-BR","@id":"https:\/\/pre.efe.com\/pt-br\/mundo-2\/2023-01-12\/evo-morales-acusa-oligarquia-peruana-de-mentir-para-justificar-massacre\/#primaryimage","url":"https:\/\/pre.efe.com\/wp-content\/uploads\/2022\/11\/rss-efe691d04463caa1ab27fc81f753027dfdfc4189629w.jpg","contentUrl":"https:\/\/pre.efe.com\/wp-content\/uploads\/2022\/11\/rss-efe691d04463caa1ab27fc81f753027dfdfc4189629w.jpg","width":1920,"height":1280,"caption":"Evo Morales. EFE\/Arquivo\/Juan Ignacio Roncoroni"},{"@type":"BreadcrumbList","@id":"https:\/\/pre.efe.com\/pt-br\/mundo-2\/2023-01-12\/evo-morales-acusa-oligarquia-peruana-de-mentir-para-justificar-massacre\/#breadcrumb","itemListElement":[{"@type":"ListItem","position":1,"name":"Portada","item":"https:\/\/pre.efe.com\/pt-br\/"},{"@type":"ListItem","position":2,"name":"Evo Morales acusa &#8220;oligarquia peruana&#8221; de mentir para justificar &#8220;massacre&#8221;"}]},{"@type":"WebSite","@id":"https:\/\/pre.efe.com\/pt-br\/#website","url":"https:\/\/pre.efe.com\/pt-br\/","name":"EFE Noticias","description":"","publisher":{"@id":"https:\/\/pre.efe.com\/pt-br\/#organization"},"potentialAction":[{"@type":"SearchAction","target":{"@type":"EntryPoint","urlTemplate":"https:\/\/pre.efe.com\/pt-br\/?s={search_term_string}"},"query-input":{"@type":"PropertyValueSpecification","valueRequired":true,"valueName":"search_term_string"}}],"inLanguage":"pt-BR"},{"@type":"Organization","@id":"https:\/\/pre.efe.com\/pt-br\/#organization","name":"Agencia EFE","url":"https:\/\/pre.efe.com\/pt-br\/","logo":{"@type":"ImageObject","inLanguage":"pt-BR","@id":"https:\/\/pre.efe.com\/pt-br\/#\/schema\/logo\/image\/","url":"https:\/\/pre.efe.com\/wp-content\/uploads\/2023\/06\/logo-efe-467.png","contentUrl":"https:\/\/pre.efe.com\/wp-content\/uploads\/2023\/06\/logo-efe-467.png","width":467,"height":467,"caption":"Agencia EFE"},"image":{"@id":"https:\/\/pre.efe.com\/pt-br\/#\/schema\/logo\/image\/"},"sameAs":["https:\/\/www.facebook.com\/AgenciaEFEnoticias\/","https:\/\/x.com\/efenoticias","https:\/\/www.instagram.com\/efe_noticias\/","http:\/\/www.youtube.com\/efe"]},{"@type":"Person","@id":"https:\/\/pre.efe.com\/pt-br\/#\/schema\/person\/b19f23f210db552768f68a4b552b004f","name":"anachain","image":{"@type":"ImageObject","inLanguage":"pt-BR","@id":"https:\/\/secure.gravatar.com\/avatar\/30b83965911ef1108bb893c00bdd65c885f9890e1265ee04b02c3d5adc785d37?s=96&d=identicon&r=g","url":"https:\/\/secure.gravatar.com\/avatar\/30b83965911ef1108bb893c00bdd65c885f9890e1265ee04b02c3d5adc785d37?s=96&d=identicon&r=g","contentUrl":"https:\/\/secure.gravatar.com\/avatar\/30b83965911ef1108bb893c00bdd65c885f9890e1265ee04b02c3d5adc785d37?s=96&d=identicon&r=g","caption":"anachain"},"url":"https:\/\/pre.efe.com\/pt-br\/autor\/anachain\/"}]}},"jetpack_featured_media_url":"https:\/\/pre.efe.com\/wp-content\/uploads\/2022\/11\/rss-efe691d04463caa1ab27fc81f753027dfdfc4189629w.jpg","jetpack_shortlink":"https:\/\/wp.me\/peJvHm-10f7","jetpack_sharing_enabled":true,"_links":{"self":[{"href":"https:\/\/pre.efe.com\/pt-br\/wp-json\/wp\/v2\/posts\/239265","targetHints":{"allow":["GET"]}}],"collection":[{"href":"https:\/\/pre.efe.com\/pt-br\/wp-json\/wp\/v2\/posts"}],"about":[{"href":"https:\/\/pre.efe.com\/pt-br\/wp-json\/wp\/v2\/types\/post"}],"author":[{"embeddable":true,"href":"https:\/\/pre.efe.com\/pt-br\/wp-json\/wp\/v2\/users\/198164106"}],"replies":[{"embeddable":true,"href":"https:\/\/pre.efe.com\/pt-br\/wp-json\/wp\/v2\/comments?post=239265"}],"version-history":[{"count":2,"href":"https:\/\/pre.efe.com\/pt-br\/wp-json\/wp\/v2\/posts\/239265\/revisions"}],"predecessor-version":[{"id":239267,"href":"https:\/\/pre.efe.com\/pt-br\/wp-json\/wp\/v2\/posts\/239265\/revisions\/239267"}],"wp:featuredmedia":[{"embeddable":true,"href":"https:\/\/pre.efe.com\/pt-br\/wp-json\/wp\/v2\/media\/161472"}],"wp:attachment":[{"href":"https:\/\/pre.efe.com\/pt-br\/wp-json\/wp\/v2\/media?parent=239265"}],"wp:term":[{"taxonomy":"category","embeddable":true,"href":"https:\/\/pre.efe.com\/pt-br\/wp-json\/wp\/v2\/categories?post=239265"},{"taxonomy":"post_tag","embeddable":true,"href":"https:\/\/pre.efe.com\/pt-br\/wp-json\/wp\/v2\/tags?post=239265"}],"curies":[{"name":"wp","href":"https:\/\/api.w.org\/{rel}","templated":true}]}}