{"id":249025,"date":"2023-01-20T13:05:00","date_gmt":"2023-01-20T12:05:00","guid":{"rendered":"https:\/\/pre.efe.com\/?p=249025"},"modified":"2023-01-20T15:24:01","modified_gmt":"2023-01-20T14:24:01","slug":"dona-do-google-alphabet-anuncia-demissao-de-12-mil-funcionarios","status":"publish","type":"post","link":"https:\/\/pre.efe.com\/pt-br\/mundo-2\/2023-01-20\/dona-do-google-alphabet-anuncia-demissao-de-12-mil-funcionarios\/","title":{"rendered":"Dona do Google, Alphabet anuncia demiss\u00e3o de 12 mil funcion\u00e1rios"},"content":{"rendered":"\n<p>Nova York (EFE).- A companhia americana Alphabet, dona da Google, anunciou nesta sexta-feira que demitir\u00e1 12 mil funcion\u00e1rios, o que representa 6,4% do total dos trabalhadores da companhia.<\/p>\n\n\n\n<p>A decis\u00e3o vem depois de anos de um crescimento classificado como &#8220;espetacular&#8221;, em que a empresa afirma ter encarado uma &#8220;realidade econ\u00f4mica diferente&#8221; da atual.<\/p>\n\n\n\n<p>Hoje, foi enviado um email para os funcion\u00e1rios nos Estados Unidos que foram afetados pela redu\u00e7\u00e3o do plantel, segundo informou Sudar Pichai, CEO da Google e da Alphabet.<\/p>\n\n\n\n<p>Em outros pa\u00edses, o processo de comunica\u00e7\u00e3o de dispensa ser\u00e1 feito com maior prazo, para que se adeque \u00e0s leis locais.<\/p>\n\n\n\n<p>As demiss\u00f5es aconteceram, segundo comunicado, ap\u00f3s uma &#8220;revis\u00e3o rigorosa&#8221; de todas as \u00e1reas e fun\u00e7\u00f5es dos produtos, com o objetivo de reajustar custos da companhia e dirigir o talento e o capital para as prioridades mais importantes.<\/p>\n\n\n\n<p>A companhia indenizar\u00e1 os funcion\u00e1rios em todo o mundo que forem dispensados, de acordo com as pr\u00e1ticas de cada pa\u00eds.<\/p>\n\n\n\n<p>Por outro lado, a Alphabet informou que est\u00e1 se preparando para lan\u00e7ar experi\u00eancias novas para os funcion\u00e1rios, desenvolvedores e empresas, destacando a intelig\u00eancia artificial como uma grande oportunidade para os produtos.<\/p>\n\n\n\n<h2 class=\"wp-block-heading\">Aumento no plantel em 2022<\/h2>\n\n\n\n<p>A companhia tinha, em setembro de 2022, 186.779 mil funcion\u00e1rios, pouco mais de 26 mil do que um ano antes.<\/p>\n\n\n\n<p>As demiss\u00f5es em empresas de tecnologia seguem ocorrendo em uma semana que a Microsoft anunciou a dispensa de 10 mil empregados, cerca de 5% do total. A Amazon tamb\u00e9m come\u00e7ou a informar nos \u00faltimos dias os primeiros dos 18 mil demitidos.<\/p>\n\n\n\n<p>Tudo isso acontece depois de um 2022 em que as grandes companhias demitiram mais de 150 mil pessoas em todo o mundo, com destaque para os cortes no Twitter e na Meta, propriet\u00e1ria do Facebook e do Instagram. EFE<\/p>\n","protected":false},"excerpt":{"rendered":"<p>Nova York (EFE).- A companhia americana Alphabet, dona da Google, anunciou nesta sexta-feira que demitir\u00e1 12 mil funcion\u00e1rios, o que representa 6,4% do total dos trabalhadores da companhia. A decis\u00e3o vem depois de anos de um crescimento classificado como &#8220;espetacular&#8221;, em que a empresa afirma ter encarado uma &#8220;realidade econ\u00f4mica diferente&#8221; da atual. Hoje, foi &#8230; <a title=\"Dona do Google, Alphabet anuncia demiss\u00e3o de 12 mil funcion\u00e1rios\" class=\"read-more\" href=\"https:\/\/pre.efe.com\/pt-br\/mundo-2\/2023-01-20\/dona-do-google-alphabet-anuncia-demissao-de-12-mil-funcionarios\/\" aria-label=\"Read more about Dona do Google, Alphabet anuncia demiss\u00e3o de 12 mil funcion\u00e1rios\">Leia mais<\/a><\/p>\n","protected":false},"author":198164106,"featured_media":249034,"comment_status":"closed","ping_status":"closed","sticky":false,"template":"","format":"standard","meta":{"_acf_changed":false,"_jetpack_memberships_contains_paid_content":false,"footnotes":""},"categories":[123208,122141],"tags":[125158,122371],"class_list":["post-249025","post","type-post","status-publish","format-standard","has-post-thumbnail","hentry","category-mundo-2","category-portada","tag-empresas-2","tag-eua","generate-columns","tablet-grid-50","mobile-grid-100","grid-parent","grid-50"],"acf":[],"yoast_head":"<!-- This site is optimized with the Yoast SEO Premium plugin v26.0 (Yoast SEO v27.5) - https:\/\/yoast.com\/product\/yoast-seo-premium-wordpress\/ -->\n<title>Dona do Google, Alphabet anuncia demiss\u00e3o de 12 mil funcion\u00e1rios - EFE<\/title>\n<meta name=\"robots\" content=\"noindex, follow\" \/>\n<meta property=\"og:locale\" content=\"pt_BR\" \/>\n<meta property=\"og:type\" content=\"article\" \/>\n<meta property=\"og:title\" content=\"Dona do Google, Alphabet anuncia demiss\u00e3o de 12 mil funcion\u00e1rios - EFE\" \/>\n<meta property=\"og:description\" content=\"Nova York (EFE).- A companhia americana Alphabet, dona da Google, anunciou nesta sexta-feira que demitir\u00e1 12 mil funcion\u00e1rios, o que representa 6,4% do total dos trabalhadores da companhia. A decis\u00e3o vem depois de anos de um crescimento classificado como &#8220;espetacular&#8221;, em que a empresa afirma ter encarado uma &#8220;realidade econ\u00f4mica diferente&#8221; da atual. Hoje, foi ... Leia mais\" \/>\n<meta property=\"og:url\" content=\"https:\/\/pre.efe.com\/pt-br\/mundo-2\/2023-01-20\/dona-do-google-alphabet-anuncia-demissao-de-12-mil-funcionarios\/\" \/>\n<meta property=\"og:site_name\" content=\"EFE Noticias\" \/>\n<meta property=\"article:publisher\" content=\"https:\/\/www.facebook.com\/AgenciaEFEnoticias\/\" \/>\n<meta property=\"article:published_time\" content=\"2023-01-20T12:05:00+00:00\" \/>\n<meta property=\"article:modified_time\" content=\"2023-01-20T14:24:01+00:00\" \/>\n<meta property=\"og:image\" content=\"https:\/\/i0.wp.com\/efe.com\/\/srv\/htdocs\/wp-content\/uploads\/2023\/01\/ALPHABET-LAYOFFS.jpg?fit=900%2C600&ssl=1\" \/>\n\t<meta property=\"og:image:width\" content=\"900\" \/>\n\t<meta property=\"og:image:height\" content=\"600\" \/>\n\t<meta property=\"og:image:type\" content=\"image\/jpeg\" \/>\n<meta name=\"author\" content=\"anachain\" \/>\n<meta name=\"twitter:card\" content=\"summary_large_image\" \/>\n<meta name=\"twitter:creator\" content=\"@efenoticias\" \/>\n<meta name=\"twitter:site\" content=\"@efenoticias\" \/>\n<script type=\"application\/ld+json\" class=\"yoast-schema-graph\">{\"@context\":\"https:\\\/\\\/schema.org\",\"@graph\":[{\"@type\":\"NewsArticle\",\"@id\":\"https:\\\/\\\/pre.efe.com\\\/pt-br\\\/mundo-2\\\/2023-01-20\\\/dona-do-google-alphabet-anuncia-demissao-de-12-mil-funcionarios\\\/#article\",\"isPartOf\":{\"@id\":\"https:\\\/\\\/pre.efe.com\\\/pt-br\\\/mundo-2\\\/2023-01-20\\\/dona-do-google-alphabet-anuncia-demissao-de-12-mil-funcionarios\\\/\"},\"author\":{\"name\":\"anachain\",\"@id\":\"https:\\\/\\\/pre.efe.com\\\/pt-br\\\/#\\\/schema\\\/person\\\/b19f23f210db552768f68a4b552b004f\"},\"headline\":\"Dona do Google, Alphabet anuncia demiss\u00e3o de 12 mil funcion\u00e1rios\",\"datePublished\":\"2023-01-20T12:05:00+00:00\",\"dateModified\":\"2023-01-20T14:24:01+00:00\",\"mainEntityOfPage\":{\"@id\":\"https:\\\/\\\/pre.efe.com\\\/pt-br\\\/mundo-2\\\/2023-01-20\\\/dona-do-google-alphabet-anuncia-demissao-de-12-mil-funcionarios\\\/\"},\"wordCount\":319,\"publisher\":{\"@id\":\"https:\\\/\\\/pre.efe.com\\\/pt-br\\\/#organization\"},\"image\":{\"@id\":\"https:\\\/\\\/pre.efe.com\\\/pt-br\\\/mundo-2\\\/2023-01-20\\\/dona-do-google-alphabet-anuncia-demissao-de-12-mil-funcionarios\\\/#primaryimage\"},\"thumbnailUrl\":\"https:\\\/\\\/pre.efe.com\\\/wp-content\\\/uploads\\\/2023\\\/01\\\/ALPHABET-LAYOFFS.jpg\",\"keywords\":[\"Empresas\",\"EUA\"],\"articleSection\":[\"Mundo\",\"Portada\"],\"inLanguage\":\"pt-BR\",\"copyrightYear\":\"2023\",\"copyrightHolder\":{\"@id\":\"https:\\\/\\\/pre.efe.com\\\/#organization\"}},{\"@type\":[\"WebPage\",\"ItemPage\"],\"@id\":\"https:\\\/\\\/pre.efe.com\\\/pt-br\\\/mundo-2\\\/2023-01-20\\\/dona-do-google-alphabet-anuncia-demissao-de-12-mil-funcionarios\\\/\",\"url\":\"https:\\\/\\\/pre.efe.com\\\/pt-br\\\/mundo-2\\\/2023-01-20\\\/dona-do-google-alphabet-anuncia-demissao-de-12-mil-funcionarios\\\/\",\"name\":\"Dona do Google, Alphabet anuncia demiss\u00e3o de 12 mil funcion\u00e1rios - EFE\",\"isPartOf\":{\"@id\":\"https:\\\/\\\/pre.efe.com\\\/pt-br\\\/#website\"},\"primaryImageOfPage\":{\"@id\":\"https:\\\/\\\/pre.efe.com\\\/pt-br\\\/mundo-2\\\/2023-01-20\\\/dona-do-google-alphabet-anuncia-demissao-de-12-mil-funcionarios\\\/#primaryimage\"},\"image\":{\"@id\":\"https:\\\/\\\/pre.efe.com\\\/pt-br\\\/mundo-2\\\/2023-01-20\\\/dona-do-google-alphabet-anuncia-demissao-de-12-mil-funcionarios\\\/#primaryimage\"},\"thumbnailUrl\":\"https:\\\/\\\/pre.efe.com\\\/wp-content\\\/uploads\\\/2023\\\/01\\\/ALPHABET-LAYOFFS.jpg\",\"datePublished\":\"2023-01-20T12:05:00+00:00\",\"dateModified\":\"2023-01-20T14:24:01+00:00\",\"breadcrumb\":{\"@id\":\"https:\\\/\\\/pre.efe.com\\\/pt-br\\\/mundo-2\\\/2023-01-20\\\/dona-do-google-alphabet-anuncia-demissao-de-12-mil-funcionarios\\\/#breadcrumb\"},\"inLanguage\":\"pt-BR\",\"potentialAction\":[{\"@type\":\"ReadAction\",\"target\":[\"https:\\\/\\\/pre.efe.com\\\/pt-br\\\/mundo-2\\\/2023-01-20\\\/dona-do-google-alphabet-anuncia-demissao-de-12-mil-funcionarios\\\/\"]}]},{\"@type\":\"ImageObject\",\"inLanguage\":\"pt-BR\",\"@id\":\"https:\\\/\\\/pre.efe.com\\\/pt-br\\\/mundo-2\\\/2023-01-20\\\/dona-do-google-alphabet-anuncia-demissao-de-12-mil-funcionarios\\\/#primaryimage\",\"url\":\"https:\\\/\\\/pre.efe.com\\\/wp-content\\\/uploads\\\/2023\\\/01\\\/ALPHABET-LAYOFFS.jpg\",\"contentUrl\":\"https:\\\/\\\/pre.efe.com\\\/wp-content\\\/uploads\\\/2023\\\/01\\\/ALPHABET-LAYOFFS.jpg\",\"width\":900,\"height\":600,\"caption\":\"EFE\\\/Arquivo\\\/ROMAN PILIPEY\"},{\"@type\":\"BreadcrumbList\",\"@id\":\"https:\\\/\\\/pre.efe.com\\\/pt-br\\\/mundo-2\\\/2023-01-20\\\/dona-do-google-alphabet-anuncia-demissao-de-12-mil-funcionarios\\\/#breadcrumb\",\"itemListElement\":[{\"@type\":\"ListItem\",\"position\":1,\"name\":\"Portada\",\"item\":\"https:\\\/\\\/pre.efe.com\\\/pt-br\\\/\"},{\"@type\":\"ListItem\",\"position\":2,\"name\":\"Dona do Google, Alphabet anuncia demiss\u00e3o de 12 mil funcion\u00e1rios\"}]},{\"@type\":\"WebSite\",\"@id\":\"https:\\\/\\\/pre.efe.com\\\/pt-br\\\/#website\",\"url\":\"https:\\\/\\\/pre.efe.com\\\/pt-br\\\/\",\"name\":\"EFE Noticias\",\"description\":\"\",\"publisher\":{\"@id\":\"https:\\\/\\\/pre.efe.com\\\/pt-br\\\/#organization\"},\"potentialAction\":[{\"@type\":\"SearchAction\",\"target\":{\"@type\":\"EntryPoint\",\"urlTemplate\":\"https:\\\/\\\/pre.efe.com\\\/pt-br\\\/?s={search_term_string}\"},\"query-input\":{\"@type\":\"PropertyValueSpecification\",\"valueRequired\":true,\"valueName\":\"search_term_string\"}}],\"inLanguage\":\"pt-BR\"},{\"@type\":\"Organization\",\"@id\":\"https:\\\/\\\/pre.efe.com\\\/pt-br\\\/#organization\",\"name\":\"Agencia EFE\",\"url\":\"https:\\\/\\\/pre.efe.com\\\/pt-br\\\/\",\"logo\":{\"@type\":\"ImageObject\",\"inLanguage\":\"pt-BR\",\"@id\":\"https:\\\/\\\/pre.efe.com\\\/pt-br\\\/#\\\/schema\\\/logo\\\/image\\\/\",\"url\":\"https:\\\/\\\/pre.efe.com\\\/wp-content\\\/uploads\\\/2023\\\/06\\\/logo-efe-467.png\",\"contentUrl\":\"https:\\\/\\\/pre.efe.com\\\/wp-content\\\/uploads\\\/2023\\\/06\\\/logo-efe-467.png\",\"width\":467,\"height\":467,\"caption\":\"Agencia EFE\"},\"image\":{\"@id\":\"https:\\\/\\\/pre.efe.com\\\/pt-br\\\/#\\\/schema\\\/logo\\\/image\\\/\"},\"sameAs\":[\"https:\\\/\\\/www.facebook.com\\\/AgenciaEFEnoticias\\\/\",\"https:\\\/\\\/x.com\\\/efenoticias\",\"https:\\\/\\\/www.instagram.com\\\/efe_noticias\\\/\",\"http:\\\/\\\/www.youtube.com\\\/efe\"]},{\"@type\":\"Person\",\"@id\":\"https:\\\/\\\/pre.efe.com\\\/pt-br\\\/#\\\/schema\\\/person\\\/b19f23f210db552768f68a4b552b004f\",\"name\":\"anachain\",\"image\":{\"@type\":\"ImageObject\",\"inLanguage\":\"pt-BR\",\"@id\":\"https:\\\/\\\/secure.gravatar.com\\\/avatar\\\/30b83965911ef1108bb893c00bdd65c885f9890e1265ee04b02c3d5adc785d37?s=96&d=identicon&r=g\",\"url\":\"https:\\\/\\\/secure.gravatar.com\\\/avatar\\\/30b83965911ef1108bb893c00bdd65c885f9890e1265ee04b02c3d5adc785d37?s=96&d=identicon&r=g\",\"contentUrl\":\"https:\\\/\\\/secure.gravatar.com\\\/avatar\\\/30b83965911ef1108bb893c00bdd65c885f9890e1265ee04b02c3d5adc785d37?s=96&d=identicon&r=g\",\"caption\":\"anachain\"},\"url\":\"https:\\\/\\\/pre.efe.com\\\/pt-br\\\/autor\\\/anachain\\\/\"}]}<\/script>\n<!-- \/ Yoast SEO Premium plugin. -->","yoast_head_json":{"title":"Dona do Google, Alphabet anuncia demiss\u00e3o de 12 mil funcion\u00e1rios - EFE","robots":{"index":"noindex","follow":"follow"},"og_locale":"pt_BR","og_type":"article","og_title":"Dona do Google, Alphabet anuncia demiss\u00e3o de 12 mil funcion\u00e1rios - EFE","og_description":"Nova York (EFE).- A companhia americana Alphabet, dona da Google, anunciou nesta sexta-feira que demitir\u00e1 12 mil funcion\u00e1rios, o que representa 6,4% do total dos trabalhadores da companhia. A decis\u00e3o vem depois de anos de um crescimento classificado como &#8220;espetacular&#8221;, em que a empresa afirma ter encarado uma &#8220;realidade econ\u00f4mica diferente&#8221; da atual. Hoje, foi ... Leia mais","og_url":"https:\/\/pre.efe.com\/pt-br\/mundo-2\/2023-01-20\/dona-do-google-alphabet-anuncia-demissao-de-12-mil-funcionarios\/","og_site_name":"EFE Noticias","article_publisher":"https:\/\/www.facebook.com\/AgenciaEFEnoticias\/","article_published_time":"2023-01-20T12:05:00+00:00","article_modified_time":"2023-01-20T14:24:01+00:00","og_image":[{"width":900,"height":600,"url":"https:\/\/i0.wp.com\/efe.com\/\/srv\/htdocs\/wp-content\/uploads\/2023\/01\/ALPHABET-LAYOFFS.jpg?fit=900%2C600&ssl=1","type":"image\/jpeg"}],"author":"anachain","twitter_card":"summary_large_image","twitter_creator":"@efenoticias","twitter_site":"@efenoticias","schema":{"@context":"https:\/\/schema.org","@graph":[{"@type":"NewsArticle","@id":"https:\/\/pre.efe.com\/pt-br\/mundo-2\/2023-01-20\/dona-do-google-alphabet-anuncia-demissao-de-12-mil-funcionarios\/#article","isPartOf":{"@id":"https:\/\/pre.efe.com\/pt-br\/mundo-2\/2023-01-20\/dona-do-google-alphabet-anuncia-demissao-de-12-mil-funcionarios\/"},"author":{"name":"anachain","@id":"https:\/\/pre.efe.com\/pt-br\/#\/schema\/person\/b19f23f210db552768f68a4b552b004f"},"headline":"Dona do Google, Alphabet anuncia demiss\u00e3o de 12 mil funcion\u00e1rios","datePublished":"2023-01-20T12:05:00+00:00","dateModified":"2023-01-20T14:24:01+00:00","mainEntityOfPage":{"@id":"https:\/\/pre.efe.com\/pt-br\/mundo-2\/2023-01-20\/dona-do-google-alphabet-anuncia-demissao-de-12-mil-funcionarios\/"},"wordCount":319,"publisher":{"@id":"https:\/\/pre.efe.com\/pt-br\/#organization"},"image":{"@id":"https:\/\/pre.efe.com\/pt-br\/mundo-2\/2023-01-20\/dona-do-google-alphabet-anuncia-demissao-de-12-mil-funcionarios\/#primaryimage"},"thumbnailUrl":"https:\/\/pre.efe.com\/wp-content\/uploads\/2023\/01\/ALPHABET-LAYOFFS.jpg","keywords":["Empresas","EUA"],"articleSection":["Mundo","Portada"],"inLanguage":"pt-BR","copyrightYear":"2023","copyrightHolder":{"@id":"https:\/\/pre.efe.com\/#organization"}},{"@type":["WebPage","ItemPage"],"@id":"https:\/\/pre.efe.com\/pt-br\/mundo-2\/2023-01-20\/dona-do-google-alphabet-anuncia-demissao-de-12-mil-funcionarios\/","url":"https:\/\/pre.efe.com\/pt-br\/mundo-2\/2023-01-20\/dona-do-google-alphabet-anuncia-demissao-de-12-mil-funcionarios\/","name":"Dona do Google, Alphabet anuncia demiss\u00e3o de 12 mil funcion\u00e1rios - EFE","isPartOf":{"@id":"https:\/\/pre.efe.com\/pt-br\/#website"},"primaryImageOfPage":{"@id":"https:\/\/pre.efe.com\/pt-br\/mundo-2\/2023-01-20\/dona-do-google-alphabet-anuncia-demissao-de-12-mil-funcionarios\/#primaryimage"},"image":{"@id":"https:\/\/pre.efe.com\/pt-br\/mundo-2\/2023-01-20\/dona-do-google-alphabet-anuncia-demissao-de-12-mil-funcionarios\/#primaryimage"},"thumbnailUrl":"https:\/\/pre.efe.com\/wp-content\/uploads\/2023\/01\/ALPHABET-LAYOFFS.jpg","datePublished":"2023-01-20T12:05:00+00:00","dateModified":"2023-01-20T14:24:01+00:00","breadcrumb":{"@id":"https:\/\/pre.efe.com\/pt-br\/mundo-2\/2023-01-20\/dona-do-google-alphabet-anuncia-demissao-de-12-mil-funcionarios\/#breadcrumb"},"inLanguage":"pt-BR","potentialAction":[{"@type":"ReadAction","target":["https:\/\/pre.efe.com\/pt-br\/mundo-2\/2023-01-20\/dona-do-google-alphabet-anuncia-demissao-de-12-mil-funcionarios\/"]}]},{"@type":"ImageObject","inLanguage":"pt-BR","@id":"https:\/\/pre.efe.com\/pt-br\/mundo-2\/2023-01-20\/dona-do-google-alphabet-anuncia-demissao-de-12-mil-funcionarios\/#primaryimage","url":"https:\/\/pre.efe.com\/wp-content\/uploads\/2023\/01\/ALPHABET-LAYOFFS.jpg","contentUrl":"https:\/\/pre.efe.com\/wp-content\/uploads\/2023\/01\/ALPHABET-LAYOFFS.jpg","width":900,"height":600,"caption":"EFE\/Arquivo\/ROMAN PILIPEY"},{"@type":"BreadcrumbList","@id":"https:\/\/pre.efe.com\/pt-br\/mundo-2\/2023-01-20\/dona-do-google-alphabet-anuncia-demissao-de-12-mil-funcionarios\/#breadcrumb","itemListElement":[{"@type":"ListItem","position":1,"name":"Portada","item":"https:\/\/pre.efe.com\/pt-br\/"},{"@type":"ListItem","position":2,"name":"Dona do Google, Alphabet anuncia demiss\u00e3o de 12 mil funcion\u00e1rios"}]},{"@type":"WebSite","@id":"https:\/\/pre.efe.com\/pt-br\/#website","url":"https:\/\/pre.efe.com\/pt-br\/","name":"EFE Noticias","description":"","publisher":{"@id":"https:\/\/pre.efe.com\/pt-br\/#organization"},"potentialAction":[{"@type":"SearchAction","target":{"@type":"EntryPoint","urlTemplate":"https:\/\/pre.efe.com\/pt-br\/?s={search_term_string}"},"query-input":{"@type":"PropertyValueSpecification","valueRequired":true,"valueName":"search_term_string"}}],"inLanguage":"pt-BR"},{"@type":"Organization","@id":"https:\/\/pre.efe.com\/pt-br\/#organization","name":"Agencia EFE","url":"https:\/\/pre.efe.com\/pt-br\/","logo":{"@type":"ImageObject","inLanguage":"pt-BR","@id":"https:\/\/pre.efe.com\/pt-br\/#\/schema\/logo\/image\/","url":"https:\/\/pre.efe.com\/wp-content\/uploads\/2023\/06\/logo-efe-467.png","contentUrl":"https:\/\/pre.efe.com\/wp-content\/uploads\/2023\/06\/logo-efe-467.png","width":467,"height":467,"caption":"Agencia EFE"},"image":{"@id":"https:\/\/pre.efe.com\/pt-br\/#\/schema\/logo\/image\/"},"sameAs":["https:\/\/www.facebook.com\/AgenciaEFEnoticias\/","https:\/\/x.com\/efenoticias","https:\/\/www.instagram.com\/efe_noticias\/","http:\/\/www.youtube.com\/efe"]},{"@type":"Person","@id":"https:\/\/pre.efe.com\/pt-br\/#\/schema\/person\/b19f23f210db552768f68a4b552b004f","name":"anachain","image":{"@type":"ImageObject","inLanguage":"pt-BR","@id":"https:\/\/secure.gravatar.com\/avatar\/30b83965911ef1108bb893c00bdd65c885f9890e1265ee04b02c3d5adc785d37?s=96&d=identicon&r=g","url":"https:\/\/secure.gravatar.com\/avatar\/30b83965911ef1108bb893c00bdd65c885f9890e1265ee04b02c3d5adc785d37?s=96&d=identicon&r=g","contentUrl":"https:\/\/secure.gravatar.com\/avatar\/30b83965911ef1108bb893c00bdd65c885f9890e1265ee04b02c3d5adc785d37?s=96&d=identicon&r=g","caption":"anachain"},"url":"https:\/\/pre.efe.com\/pt-br\/autor\/anachain\/"}]}},"jetpack_featured_media_url":"https:\/\/pre.efe.com\/wp-content\/uploads\/2023\/01\/ALPHABET-LAYOFFS.jpg","jetpack_shortlink":"https:\/\/wp.me\/peJvHm-12Mx","jetpack_sharing_enabled":true,"_links":{"self":[{"href":"https:\/\/pre.efe.com\/pt-br\/wp-json\/wp\/v2\/posts\/249025","targetHints":{"allow":["GET"]}}],"collection":[{"href":"https:\/\/pre.efe.com\/pt-br\/wp-json\/wp\/v2\/posts"}],"about":[{"href":"https:\/\/pre.efe.com\/pt-br\/wp-json\/wp\/v2\/types\/post"}],"author":[{"embeddable":true,"href":"https:\/\/pre.efe.com\/pt-br\/wp-json\/wp\/v2\/users\/198164106"}],"replies":[{"embeddable":true,"href":"https:\/\/pre.efe.com\/pt-br\/wp-json\/wp\/v2\/comments?post=249025"}],"version-history":[{"count":2,"href":"https:\/\/pre.efe.com\/pt-br\/wp-json\/wp\/v2\/posts\/249025\/revisions"}],"predecessor-version":[{"id":249041,"href":"https:\/\/pre.efe.com\/pt-br\/wp-json\/wp\/v2\/posts\/249025\/revisions\/249041"}],"wp:featuredmedia":[{"embeddable":true,"href":"https:\/\/pre.efe.com\/pt-br\/wp-json\/wp\/v2\/media\/249034"}],"wp:attachment":[{"href":"https:\/\/pre.efe.com\/pt-br\/wp-json\/wp\/v2\/media?parent=249025"}],"wp:term":[{"taxonomy":"category","embeddable":true,"href":"https:\/\/pre.efe.com\/pt-br\/wp-json\/wp\/v2\/categories?post=249025"},{"taxonomy":"post_tag","embeddable":true,"href":"https:\/\/pre.efe.com\/pt-br\/wp-json\/wp\/v2\/tags?post=249025"}],"curies":[{"name":"wp","href":"https:\/\/api.w.org\/{rel}","templated":true}]}}