{"id":252518,"date":"2023-01-24T01:45:00","date_gmt":"2023-01-24T00:45:00","guid":{"rendered":"https:\/\/pre.efe.com\/?p=252518"},"modified":"2023-01-24T07:07:59","modified_gmt":"2023-01-24T06:07:59","slug":"lula-e-fernandez-defendem-projeto-de-moeda-comum-entre-brasil-e-argentina","status":"publish","type":"post","link":"https:\/\/pre.efe.com\/pt-br\/mundo-2\/2023-01-24\/lula-e-fernandez-defendem-projeto-de-moeda-comum-entre-brasil-e-argentina\/","title":{"rendered":"Lula e Fern\u00e1ndez defendem projeto de moeda comum entre Brasil e Argentina"},"content":{"rendered":"\n<p>Buenos Aires (EFE).- O presidente Luiz In\u00e1cio Lula da Silva e o presidente da Argentina, Alberto Fern\u00e1ndez, defenderam nesta segunda-feira que haja avan\u00e7o em um projeto de moeda comum para transa\u00e7\u00f5es comerciais, que permita o fim da depend\u00eancia do d\u00f3lar.<\/p>\n\n\n\n<blockquote class=\"wp-block-quote is-layout-flow wp-block-quote-is-layout-flow\">\n<p>&#8220;Acho que tudo o que \u00e9 novo precisa ser testado, porque n\u00e3o podemos, no meio do s\u00e9culo 21, seguir fazendo o mesmo que faz\u00edamos no s\u00e9culo 20&#8221;, disse Lula, em entrevista coletiva conjunta com Fern\u00e1ndez, ap\u00f3s ambos terem se reunido na Casa Rosada, sede do governo argentino.<\/p>\n<\/blockquote>\n\n\n\n<p>&#8220;Deus queira que nossos ministros da \u00e1rea econ\u00f4mica e presidentes dos Bancos Centrais tenham a intelig\u00eancia, compet\u00eancia e sensatez necess\u00e1rias, para que possamos dar um salto de qualidade em nossas rela\u00e7\u00f5es comerciais e financeiras&#8221;, completou.<\/p>\n\n\n\n<p>Lula se questionou do motivo de n\u00e3o se tentar criar uma moeda comum entre os pa\u00edss do Mercosul, como foi tentado nos Brics, bloco que o Brasil integra junto com R\u00fassia, \u00cdndia, China e \u00c1frica do Sul.<\/p>\n\n\n\n<blockquote class=\"wp-block-quote is-layout-flow wp-block-quote-is-layout-flow\">\n<p>&#8220;Acho que vai acontecer e acho que \u00e9 necess\u00e1rio que aconte\u00e7a. Porque h\u00e1 pa\u00edses que, \u00e0s vezes, t\u00eam dificuldades de adquirir d\u00f3lares, e podem ser estabelecidos acordos que, depois, os bancos centrais fixem o tipo de c\u00e2mbio para fazer a troca comercial&#8221;, disse o presidente do Brasil.<\/p>\n<\/blockquote>\n\n\n\n<p>Lula relembrou que, no passado, houve uma experi\u00eancia entre Brasil e Argentina, em que os cidad\u00e3os do segundo poderiam pagar com sua moeda no primeiro, o que n\u00e3o teve sucesso.<\/p>\n\n\n\n<blockquote class=\"wp-block-quote is-layout-flow wp-block-quote-is-layout-flow\">\n<p>&#8220;O que estamos tentando trabalhar agora \u00e9 que nossos ministros da Fazenda, cada um com sua equipe, possam fazer uma proposta de com\u00e9rcio exterior e de transa\u00e7\u00f5es entre os dois pa\u00edses, que seja feita com uma moda comum, que seja constru\u00edda com muito debate e muitas reuni\u00f5es&#8221;, disse.<\/p>\n<\/blockquote>\n\n\n\n<p>Fern\u00e1ndez se mostrou alinhado com Lula e se manifestou na mesma linha.<\/p>\n\n\n\n<p>&#8220;N\u00e3o sabemos como poderia funcionar uma moeda comum entre Argentina e Brasil, e tamb\u00e9m n\u00e3o sabemos como funcionaria uma moeda comum na regi\u00e3o, mas o que sabemos, \u00e9 como funcionavam as economias, dependendo de moedas estrangeiras, e sim, sabemos o mal de tudo isso&#8221;, afirmou o argentino.<\/p>\n\n\n\n<p>&#8220;Comemoro essa voca\u00e7\u00e3o do governo do Brasil, em geral, e do presidente Lula, em particular. Se n\u00e3o nos animarmos em mudar, seguiremos padecendo dos mesmos males. \u00c9 necess\u00e1rio que aprofundemos o v\u00ednculo entre o Brasil e a Argentina, porque esse v\u00ednculo \u00e9 que vai ser o motor de todas as rela\u00e7\u00f5es da Am\u00e9rica do Sul&#8221;, completou.&nbsp;EFE<\/p>\n","protected":false},"excerpt":{"rendered":"<p>Buenos Aires (EFE).- O presidente Luiz In\u00e1cio Lula da Silva e o presidente da Argentina, Alberto Fern\u00e1ndez, defenderam nesta segunda-feira que haja avan\u00e7o em um projeto de moeda comum para transa\u00e7\u00f5es comerciais, que permita o fim da depend\u00eancia do d\u00f3lar. &#8220;Acho que tudo o que \u00e9 novo precisa ser testado, porque n\u00e3o podemos, no meio &#8230; <a title=\"Lula e Fern\u00e1ndez defendem projeto de moeda comum entre Brasil e Argentina\" class=\"read-more\" href=\"https:\/\/pre.efe.com\/pt-br\/mundo-2\/2023-01-24\/lula-e-fernandez-defendem-projeto-de-moeda-comum-entre-brasil-e-argentina\/\" aria-label=\"Read more about Lula e Fern\u00e1ndez defendem projeto de moeda comum entre Brasil e Argentina\">Leia mais<\/a><\/p>\n","protected":false},"author":198164106,"featured_media":252056,"comment_status":"closed","ping_status":"closed","sticky":false,"template":"","format":"standard","meta":{"_acf_changed":false,"_jetpack_memberships_contains_paid_content":false,"footnotes":""},"categories":[123208,122141],"tags":[122644,122326,125886],"class_list":["post-252518","post","type-post","status-publish","format-standard","has-post-thumbnail","hentry","category-mundo-2","category-portada","tag-argentina-2","tag-lula","tag-mercosul","generate-columns","tablet-grid-50","mobile-grid-100","grid-parent","grid-50"],"acf":[],"yoast_head":"<!-- This site is optimized with the Yoast SEO Premium plugin v26.0 (Yoast SEO v27.4) - https:\/\/yoast.com\/product\/yoast-seo-premium-wordpress\/ -->\n<title>Lula e Fern\u00e1ndez defendem projeto de moeda comum entre Brasil e Argentina - EFE<\/title>\n<meta name=\"robots\" content=\"noindex, follow\" \/>\n<meta property=\"og:locale\" content=\"pt_BR\" \/>\n<meta property=\"og:type\" content=\"article\" \/>\n<meta property=\"og:title\" content=\"Lula e Fern\u00e1ndez defendem projeto de moeda comum entre Brasil e Argentina - EFE\" \/>\n<meta property=\"og:description\" content=\"Buenos Aires (EFE).- O presidente Luiz In\u00e1cio Lula da Silva e o presidente da Argentina, Alberto Fern\u00e1ndez, defenderam nesta segunda-feira que haja avan\u00e7o em um projeto de moeda comum para transa\u00e7\u00f5es comerciais, que permita o fim da depend\u00eancia do d\u00f3lar. &#8220;Acho que tudo o que \u00e9 novo precisa ser testado, porque n\u00e3o podemos, no meio ... Leia mais\" \/>\n<meta property=\"og:url\" content=\"https:\/\/pre.efe.com\/pt-br\/mundo-2\/2023-01-24\/lula-e-fernandez-defendem-projeto-de-moeda-comum-entre-brasil-e-argentina\/\" \/>\n<meta property=\"og:site_name\" content=\"EFE Noticias\" \/>\n<meta property=\"article:publisher\" content=\"https:\/\/www.facebook.com\/AgenciaEFEnoticias\/\" \/>\n<meta property=\"article:published_time\" content=\"2023-01-24T00:45:00+00:00\" \/>\n<meta property=\"article:modified_time\" content=\"2023-01-24T06:07:59+00:00\" \/>\n<meta property=\"og:image\" content=\"https:\/\/i0.wp.com\/efe.com\/\/srv\/htdocs\/wp-content\/uploads\/2023\/01\/AME8160-ARGENTINA-BRASIL.jpg?fit=1920%2C1281&ssl=1\" \/>\n\t<meta property=\"og:image:width\" content=\"1920\" \/>\n\t<meta property=\"og:image:height\" content=\"1281\" \/>\n\t<meta property=\"og:image:type\" content=\"image\/jpeg\" \/>\n<meta name=\"author\" content=\"anachain\" \/>\n<meta name=\"twitter:card\" content=\"summary_large_image\" \/>\n<meta name=\"twitter:creator\" content=\"@efenoticias\" \/>\n<meta name=\"twitter:site\" content=\"@efenoticias\" \/>\n<script type=\"application\/ld+json\" class=\"yoast-schema-graph\">{\"@context\":\"https:\\\/\\\/schema.org\",\"@graph\":[{\"@type\":\"NewsArticle\",\"@id\":\"https:\\\/\\\/pre.efe.com\\\/pt-br\\\/mundo-2\\\/2023-01-24\\\/lula-e-fernandez-defendem-projeto-de-moeda-comum-entre-brasil-e-argentina\\\/#article\",\"isPartOf\":{\"@id\":\"https:\\\/\\\/pre.efe.com\\\/pt-br\\\/mundo-2\\\/2023-01-24\\\/lula-e-fernandez-defendem-projeto-de-moeda-comum-entre-brasil-e-argentina\\\/\"},\"author\":{\"name\":\"anachain\",\"@id\":\"https:\\\/\\\/pre.efe.com\\\/pt-br\\\/#\\\/schema\\\/person\\\/b19f23f210db552768f68a4b552b004f\"},\"headline\":\"Lula e Fern\u00e1ndez defendem projeto de moeda comum entre Brasil e Argentina\",\"datePublished\":\"2023-01-24T00:45:00+00:00\",\"dateModified\":\"2023-01-24T06:07:59+00:00\",\"mainEntityOfPage\":{\"@id\":\"https:\\\/\\\/pre.efe.com\\\/pt-br\\\/mundo-2\\\/2023-01-24\\\/lula-e-fernandez-defendem-projeto-de-moeda-comum-entre-brasil-e-argentina\\\/\"},\"wordCount\":453,\"publisher\":{\"@id\":\"https:\\\/\\\/pre.efe.com\\\/pt-br\\\/#organization\"},\"image\":{\"@id\":\"https:\\\/\\\/pre.efe.com\\\/pt-br\\\/mundo-2\\\/2023-01-24\\\/lula-e-fernandez-defendem-projeto-de-moeda-comum-entre-brasil-e-argentina\\\/#primaryimage\"},\"thumbnailUrl\":\"https:\\\/\\\/pre.efe.com\\\/wp-content\\\/uploads\\\/2023\\\/01\\\/AME8160-ARGENTINA-BRASIL.jpg\",\"keywords\":[\"Argentina\",\"Lula\",\"Mercosul\"],\"articleSection\":[\"Mundo\",\"Portada\"],\"inLanguage\":\"pt-BR\",\"copyrightYear\":\"2023\",\"copyrightHolder\":{\"@id\":\"https:\\\/\\\/pre.efe.com\\\/#organization\"}},{\"@type\":[\"WebPage\",\"ItemPage\"],\"@id\":\"https:\\\/\\\/pre.efe.com\\\/pt-br\\\/mundo-2\\\/2023-01-24\\\/lula-e-fernandez-defendem-projeto-de-moeda-comum-entre-brasil-e-argentina\\\/\",\"url\":\"https:\\\/\\\/pre.efe.com\\\/pt-br\\\/mundo-2\\\/2023-01-24\\\/lula-e-fernandez-defendem-projeto-de-moeda-comum-entre-brasil-e-argentina\\\/\",\"name\":\"Lula e Fern\u00e1ndez defendem projeto de moeda comum entre Brasil e Argentina - EFE\",\"isPartOf\":{\"@id\":\"https:\\\/\\\/pre.efe.com\\\/pt-br\\\/#website\"},\"primaryImageOfPage\":{\"@id\":\"https:\\\/\\\/pre.efe.com\\\/pt-br\\\/mundo-2\\\/2023-01-24\\\/lula-e-fernandez-defendem-projeto-de-moeda-comum-entre-brasil-e-argentina\\\/#primaryimage\"},\"image\":{\"@id\":\"https:\\\/\\\/pre.efe.com\\\/pt-br\\\/mundo-2\\\/2023-01-24\\\/lula-e-fernandez-defendem-projeto-de-moeda-comum-entre-brasil-e-argentina\\\/#primaryimage\"},\"thumbnailUrl\":\"https:\\\/\\\/pre.efe.com\\\/wp-content\\\/uploads\\\/2023\\\/01\\\/AME8160-ARGENTINA-BRASIL.jpg\",\"datePublished\":\"2023-01-24T00:45:00+00:00\",\"dateModified\":\"2023-01-24T06:07:59+00:00\",\"breadcrumb\":{\"@id\":\"https:\\\/\\\/pre.efe.com\\\/pt-br\\\/mundo-2\\\/2023-01-24\\\/lula-e-fernandez-defendem-projeto-de-moeda-comum-entre-brasil-e-argentina\\\/#breadcrumb\"},\"inLanguage\":\"pt-BR\",\"potentialAction\":[{\"@type\":\"ReadAction\",\"target\":[\"https:\\\/\\\/pre.efe.com\\\/pt-br\\\/mundo-2\\\/2023-01-24\\\/lula-e-fernandez-defendem-projeto-de-moeda-comum-entre-brasil-e-argentina\\\/\"]}]},{\"@type\":\"ImageObject\",\"inLanguage\":\"pt-BR\",\"@id\":\"https:\\\/\\\/pre.efe.com\\\/pt-br\\\/mundo-2\\\/2023-01-24\\\/lula-e-fernandez-defendem-projeto-de-moeda-comum-entre-brasil-e-argentina\\\/#primaryimage\",\"url\":\"https:\\\/\\\/pre.efe.com\\\/wp-content\\\/uploads\\\/2023\\\/01\\\/AME8160-ARGENTINA-BRASIL.jpg\",\"contentUrl\":\"https:\\\/\\\/pre.efe.com\\\/wp-content\\\/uploads\\\/2023\\\/01\\\/AME8160-ARGENTINA-BRASIL.jpg\",\"width\":1920,\"height\":1281,\"caption\":\"EFE\\\/Presid\u00eancia Argentina\"},{\"@type\":\"BreadcrumbList\",\"@id\":\"https:\\\/\\\/pre.efe.com\\\/pt-br\\\/mundo-2\\\/2023-01-24\\\/lula-e-fernandez-defendem-projeto-de-moeda-comum-entre-brasil-e-argentina\\\/#breadcrumb\",\"itemListElement\":[{\"@type\":\"ListItem\",\"position\":1,\"name\":\"Portada\",\"item\":\"https:\\\/\\\/pre.efe.com\\\/pt-br\\\/\"},{\"@type\":\"ListItem\",\"position\":2,\"name\":\"Lula e Fern\u00e1ndez defendem projeto de moeda comum entre Brasil e Argentina\"}]},{\"@type\":\"WebSite\",\"@id\":\"https:\\\/\\\/pre.efe.com\\\/pt-br\\\/#website\",\"url\":\"https:\\\/\\\/pre.efe.com\\\/pt-br\\\/\",\"name\":\"EFE Noticias\",\"description\":\"\",\"publisher\":{\"@id\":\"https:\\\/\\\/pre.efe.com\\\/pt-br\\\/#organization\"},\"potentialAction\":[{\"@type\":\"SearchAction\",\"target\":{\"@type\":\"EntryPoint\",\"urlTemplate\":\"https:\\\/\\\/pre.efe.com\\\/pt-br\\\/?s={search_term_string}\"},\"query-input\":{\"@type\":\"PropertyValueSpecification\",\"valueRequired\":true,\"valueName\":\"search_term_string\"}}],\"inLanguage\":\"pt-BR\"},{\"@type\":\"Organization\",\"@id\":\"https:\\\/\\\/pre.efe.com\\\/pt-br\\\/#organization\",\"name\":\"Agencia EFE\",\"url\":\"https:\\\/\\\/pre.efe.com\\\/pt-br\\\/\",\"logo\":{\"@type\":\"ImageObject\",\"inLanguage\":\"pt-BR\",\"@id\":\"https:\\\/\\\/pre.efe.com\\\/pt-br\\\/#\\\/schema\\\/logo\\\/image\\\/\",\"url\":\"https:\\\/\\\/pre.efe.com\\\/wp-content\\\/uploads\\\/2023\\\/06\\\/logo-efe-467.png\",\"contentUrl\":\"https:\\\/\\\/pre.efe.com\\\/wp-content\\\/uploads\\\/2023\\\/06\\\/logo-efe-467.png\",\"width\":467,\"height\":467,\"caption\":\"Agencia EFE\"},\"image\":{\"@id\":\"https:\\\/\\\/pre.efe.com\\\/pt-br\\\/#\\\/schema\\\/logo\\\/image\\\/\"},\"sameAs\":[\"https:\\\/\\\/www.facebook.com\\\/AgenciaEFEnoticias\\\/\",\"https:\\\/\\\/x.com\\\/efenoticias\",\"https:\\\/\\\/www.instagram.com\\\/efe_noticias\\\/\",\"http:\\\/\\\/www.youtube.com\\\/efe\"]},{\"@type\":\"Person\",\"@id\":\"https:\\\/\\\/pre.efe.com\\\/pt-br\\\/#\\\/schema\\\/person\\\/b19f23f210db552768f68a4b552b004f\",\"name\":\"anachain\",\"image\":{\"@type\":\"ImageObject\",\"inLanguage\":\"pt-BR\",\"@id\":\"https:\\\/\\\/secure.gravatar.com\\\/avatar\\\/30b83965911ef1108bb893c00bdd65c885f9890e1265ee04b02c3d5adc785d37?s=96&d=identicon&r=g\",\"url\":\"https:\\\/\\\/secure.gravatar.com\\\/avatar\\\/30b83965911ef1108bb893c00bdd65c885f9890e1265ee04b02c3d5adc785d37?s=96&d=identicon&r=g\",\"contentUrl\":\"https:\\\/\\\/secure.gravatar.com\\\/avatar\\\/30b83965911ef1108bb893c00bdd65c885f9890e1265ee04b02c3d5adc785d37?s=96&d=identicon&r=g\",\"caption\":\"anachain\"},\"url\":\"https:\\\/\\\/pre.efe.com\\\/pt-br\\\/autor\\\/anachain\\\/\"}]}<\/script>\n<!-- \/ Yoast SEO Premium plugin. -->","yoast_head_json":{"title":"Lula e Fern\u00e1ndez defendem projeto de moeda comum entre Brasil e Argentina - EFE","robots":{"index":"noindex","follow":"follow"},"og_locale":"pt_BR","og_type":"article","og_title":"Lula e Fern\u00e1ndez defendem projeto de moeda comum entre Brasil e Argentina - EFE","og_description":"Buenos Aires (EFE).- O presidente Luiz In\u00e1cio Lula da Silva e o presidente da Argentina, Alberto Fern\u00e1ndez, defenderam nesta segunda-feira que haja avan\u00e7o em um projeto de moeda comum para transa\u00e7\u00f5es comerciais, que permita o fim da depend\u00eancia do d\u00f3lar. &#8220;Acho que tudo o que \u00e9 novo precisa ser testado, porque n\u00e3o podemos, no meio ... Leia mais","og_url":"https:\/\/pre.efe.com\/pt-br\/mundo-2\/2023-01-24\/lula-e-fernandez-defendem-projeto-de-moeda-comum-entre-brasil-e-argentina\/","og_site_name":"EFE Noticias","article_publisher":"https:\/\/www.facebook.com\/AgenciaEFEnoticias\/","article_published_time":"2023-01-24T00:45:00+00:00","article_modified_time":"2023-01-24T06:07:59+00:00","og_image":[{"width":1920,"height":1281,"url":"https:\/\/i0.wp.com\/efe.com\/\/srv\/htdocs\/wp-content\/uploads\/2023\/01\/AME8160-ARGENTINA-BRASIL.jpg?fit=1920%2C1281&ssl=1","type":"image\/jpeg"}],"author":"anachain","twitter_card":"summary_large_image","twitter_creator":"@efenoticias","twitter_site":"@efenoticias","schema":{"@context":"https:\/\/schema.org","@graph":[{"@type":"NewsArticle","@id":"https:\/\/pre.efe.com\/pt-br\/mundo-2\/2023-01-24\/lula-e-fernandez-defendem-projeto-de-moeda-comum-entre-brasil-e-argentina\/#article","isPartOf":{"@id":"https:\/\/pre.efe.com\/pt-br\/mundo-2\/2023-01-24\/lula-e-fernandez-defendem-projeto-de-moeda-comum-entre-brasil-e-argentina\/"},"author":{"name":"anachain","@id":"https:\/\/pre.efe.com\/pt-br\/#\/schema\/person\/b19f23f210db552768f68a4b552b004f"},"headline":"Lula e Fern\u00e1ndez defendem projeto de moeda comum entre Brasil e Argentina","datePublished":"2023-01-24T00:45:00+00:00","dateModified":"2023-01-24T06:07:59+00:00","mainEntityOfPage":{"@id":"https:\/\/pre.efe.com\/pt-br\/mundo-2\/2023-01-24\/lula-e-fernandez-defendem-projeto-de-moeda-comum-entre-brasil-e-argentina\/"},"wordCount":453,"publisher":{"@id":"https:\/\/pre.efe.com\/pt-br\/#organization"},"image":{"@id":"https:\/\/pre.efe.com\/pt-br\/mundo-2\/2023-01-24\/lula-e-fernandez-defendem-projeto-de-moeda-comum-entre-brasil-e-argentina\/#primaryimage"},"thumbnailUrl":"https:\/\/pre.efe.com\/wp-content\/uploads\/2023\/01\/AME8160-ARGENTINA-BRASIL.jpg","keywords":["Argentina","Lula","Mercosul"],"articleSection":["Mundo","Portada"],"inLanguage":"pt-BR","copyrightYear":"2023","copyrightHolder":{"@id":"https:\/\/pre.efe.com\/#organization"}},{"@type":["WebPage","ItemPage"],"@id":"https:\/\/pre.efe.com\/pt-br\/mundo-2\/2023-01-24\/lula-e-fernandez-defendem-projeto-de-moeda-comum-entre-brasil-e-argentina\/","url":"https:\/\/pre.efe.com\/pt-br\/mundo-2\/2023-01-24\/lula-e-fernandez-defendem-projeto-de-moeda-comum-entre-brasil-e-argentina\/","name":"Lula e Fern\u00e1ndez defendem projeto de moeda comum entre Brasil e Argentina - EFE","isPartOf":{"@id":"https:\/\/pre.efe.com\/pt-br\/#website"},"primaryImageOfPage":{"@id":"https:\/\/pre.efe.com\/pt-br\/mundo-2\/2023-01-24\/lula-e-fernandez-defendem-projeto-de-moeda-comum-entre-brasil-e-argentina\/#primaryimage"},"image":{"@id":"https:\/\/pre.efe.com\/pt-br\/mundo-2\/2023-01-24\/lula-e-fernandez-defendem-projeto-de-moeda-comum-entre-brasil-e-argentina\/#primaryimage"},"thumbnailUrl":"https:\/\/pre.efe.com\/wp-content\/uploads\/2023\/01\/AME8160-ARGENTINA-BRASIL.jpg","datePublished":"2023-01-24T00:45:00+00:00","dateModified":"2023-01-24T06:07:59+00:00","breadcrumb":{"@id":"https:\/\/pre.efe.com\/pt-br\/mundo-2\/2023-01-24\/lula-e-fernandez-defendem-projeto-de-moeda-comum-entre-brasil-e-argentina\/#breadcrumb"},"inLanguage":"pt-BR","potentialAction":[{"@type":"ReadAction","target":["https:\/\/pre.efe.com\/pt-br\/mundo-2\/2023-01-24\/lula-e-fernandez-defendem-projeto-de-moeda-comum-entre-brasil-e-argentina\/"]}]},{"@type":"ImageObject","inLanguage":"pt-BR","@id":"https:\/\/pre.efe.com\/pt-br\/mundo-2\/2023-01-24\/lula-e-fernandez-defendem-projeto-de-moeda-comum-entre-brasil-e-argentina\/#primaryimage","url":"https:\/\/pre.efe.com\/wp-content\/uploads\/2023\/01\/AME8160-ARGENTINA-BRASIL.jpg","contentUrl":"https:\/\/pre.efe.com\/wp-content\/uploads\/2023\/01\/AME8160-ARGENTINA-BRASIL.jpg","width":1920,"height":1281,"caption":"EFE\/Presid\u00eancia Argentina"},{"@type":"BreadcrumbList","@id":"https:\/\/pre.efe.com\/pt-br\/mundo-2\/2023-01-24\/lula-e-fernandez-defendem-projeto-de-moeda-comum-entre-brasil-e-argentina\/#breadcrumb","itemListElement":[{"@type":"ListItem","position":1,"name":"Portada","item":"https:\/\/pre.efe.com\/pt-br\/"},{"@type":"ListItem","position":2,"name":"Lula e Fern\u00e1ndez defendem projeto de moeda comum entre Brasil e Argentina"}]},{"@type":"WebSite","@id":"https:\/\/pre.efe.com\/pt-br\/#website","url":"https:\/\/pre.efe.com\/pt-br\/","name":"EFE Noticias","description":"","publisher":{"@id":"https:\/\/pre.efe.com\/pt-br\/#organization"},"potentialAction":[{"@type":"SearchAction","target":{"@type":"EntryPoint","urlTemplate":"https:\/\/pre.efe.com\/pt-br\/?s={search_term_string}"},"query-input":{"@type":"PropertyValueSpecification","valueRequired":true,"valueName":"search_term_string"}}],"inLanguage":"pt-BR"},{"@type":"Organization","@id":"https:\/\/pre.efe.com\/pt-br\/#organization","name":"Agencia EFE","url":"https:\/\/pre.efe.com\/pt-br\/","logo":{"@type":"ImageObject","inLanguage":"pt-BR","@id":"https:\/\/pre.efe.com\/pt-br\/#\/schema\/logo\/image\/","url":"https:\/\/pre.efe.com\/wp-content\/uploads\/2023\/06\/logo-efe-467.png","contentUrl":"https:\/\/pre.efe.com\/wp-content\/uploads\/2023\/06\/logo-efe-467.png","width":467,"height":467,"caption":"Agencia EFE"},"image":{"@id":"https:\/\/pre.efe.com\/pt-br\/#\/schema\/logo\/image\/"},"sameAs":["https:\/\/www.facebook.com\/AgenciaEFEnoticias\/","https:\/\/x.com\/efenoticias","https:\/\/www.instagram.com\/efe_noticias\/","http:\/\/www.youtube.com\/efe"]},{"@type":"Person","@id":"https:\/\/pre.efe.com\/pt-br\/#\/schema\/person\/b19f23f210db552768f68a4b552b004f","name":"anachain","image":{"@type":"ImageObject","inLanguage":"pt-BR","@id":"https:\/\/secure.gravatar.com\/avatar\/30b83965911ef1108bb893c00bdd65c885f9890e1265ee04b02c3d5adc785d37?s=96&d=identicon&r=g","url":"https:\/\/secure.gravatar.com\/avatar\/30b83965911ef1108bb893c00bdd65c885f9890e1265ee04b02c3d5adc785d37?s=96&d=identicon&r=g","contentUrl":"https:\/\/secure.gravatar.com\/avatar\/30b83965911ef1108bb893c00bdd65c885f9890e1265ee04b02c3d5adc785d37?s=96&d=identicon&r=g","caption":"anachain"},"url":"https:\/\/pre.efe.com\/pt-br\/autor\/anachain\/"}]}},"jetpack_featured_media_url":"https:\/\/pre.efe.com\/wp-content\/uploads\/2023\/01\/AME8160-ARGENTINA-BRASIL.jpg","jetpack_shortlink":"https:\/\/wp.me\/peJvHm-13GS","jetpack_sharing_enabled":true,"_links":{"self":[{"href":"https:\/\/pre.efe.com\/pt-br\/wp-json\/wp\/v2\/posts\/252518","targetHints":{"allow":["GET"]}}],"collection":[{"href":"https:\/\/pre.efe.com\/pt-br\/wp-json\/wp\/v2\/posts"}],"about":[{"href":"https:\/\/pre.efe.com\/pt-br\/wp-json\/wp\/v2\/types\/post"}],"author":[{"embeddable":true,"href":"https:\/\/pre.efe.com\/pt-br\/wp-json\/wp\/v2\/users\/198164106"}],"replies":[{"embeddable":true,"href":"https:\/\/pre.efe.com\/pt-br\/wp-json\/wp\/v2\/comments?post=252518"}],"version-history":[{"count":3,"href":"https:\/\/pre.efe.com\/pt-br\/wp-json\/wp\/v2\/posts\/252518\/revisions"}],"predecessor-version":[{"id":252521,"href":"https:\/\/pre.efe.com\/pt-br\/wp-json\/wp\/v2\/posts\/252518\/revisions\/252521"}],"wp:featuredmedia":[{"embeddable":true,"href":"https:\/\/pre.efe.com\/pt-br\/wp-json\/wp\/v2\/media\/252056"}],"wp:attachment":[{"href":"https:\/\/pre.efe.com\/pt-br\/wp-json\/wp\/v2\/media?parent=252518"}],"wp:term":[{"taxonomy":"category","embeddable":true,"href":"https:\/\/pre.efe.com\/pt-br\/wp-json\/wp\/v2\/categories?post=252518"},{"taxonomy":"post_tag","embeddable":true,"href":"https:\/\/pre.efe.com\/pt-br\/wp-json\/wp\/v2\/tags?post=252518"}],"curies":[{"name":"wp","href":"https:\/\/api.w.org\/{rel}","templated":true}]}}