{"id":256380,"date":"2023-01-26T12:14:10","date_gmt":"2023-01-26T11:14:10","guid":{"rendered":"https:\/\/pre.efe.com\/?p=256380"},"modified":"2023-01-26T12:14:12","modified_gmt":"2023-01-26T11:14:12","slug":"meta-restabelecera-contas-de-trump-no-facebook-e-instagram","status":"publish","type":"post","link":"https:\/\/pre.efe.com\/pt-br\/outras-noticias\/2023-01-26\/meta-restabelecera-contas-de-trump-no-facebook-e-instagram\/","title":{"rendered":"Meta restabelecer\u00e1 contas de Trump no Facebook e Instagram"},"content":{"rendered":"\n<p>Nova York (EFE).- A gigante tecnol\u00f3gica Meta anunciou que nas pr\u00f3ximas semanas restabelecer\u00e1 as contas do ex-presidente americano Donald Trump no Facebook e no Instagram, que est\u00e3o suspensas desde o ataque ao Capit\u00f3lio cometido em 2021 por uma multid\u00e3o de apoiadores do magnata republicano.<\/p>\n\n\n\n<p><br>Em comunicado, a empresa explica que suspendeu as contas de Trump h\u00e1 dois anos devido a &#8220;circunst\u00e2ncias extremas e altamente incomuns&#8221;, mas enfatizou que o p\u00fablico &#8220;deve poder escutar o que os pol\u00edticos dizem&#8221; para &#8220;tomar decis\u00f5es informadas nas urnas&#8221;.<\/p>\n\n\n\n<p><br>A Meta informa que incluiu limites em sua pol\u00edtica atualizada e que as contas de Trump est\u00e3o sendo restabelecidas ap\u00f3s &#8220;suspens\u00f5es relacionadas com protestos civis&#8221;, motivo pelo qual podem ser novamente suspensas entre um m\u00eas e dois anos caso publiquem conte\u00fado que viole as normas das plataformas.<\/p>\n\n\n\n<p><br>Al\u00e9m disso, a Meta alerta que ter\u00e1 como alvo conte\u00fados capazes de criar um \u201crisco\u201d semelhante ao ocorrido antes do ataque \u2013 que deslegitime uma elei\u00e7\u00e3o ou se refira ao grupo conspirador QAnon, cita a nota \u2013, caso em que \u201cpoderia limitar a distribui\u00e7\u00e3o&#8221; ou restringir o acesso a ferramentas de publicidade.<\/p>\n\n\n\n<h2 class=\"wp-block-heading\">Suspenso desde o ataque contra o Capit\u00f3lio<\/h2>\n\n\n\n<p><br>A empresa suspendeu Trump do Facebook e Instagram indefinidamente depois que o ent\u00e3o presidente elogiou seus apoiadores pelo <a href=\"https:\/\/pre.efe.com\/pt-br\/mundo-2\/trump-e-processado-por-morte-de-policial-apos-ataque-ao-capitolio\/\">ataque de 6 de janeiro de 2021<\/a>, mas depois reduziu a suspens\u00e3o para dois anos ap\u00f3s encaminhar o assunto ao seu comit\u00ea de supervis\u00e3o.<\/p>\n\n\n\n<p><br>Na nota, a Meta diz ter conclu\u00eddo que os riscos presentes em torno do ataque &#8220;diminu\u00edram o suficiente&#8221; para restabelecer as contas uma vez cumprido o banimento, mas reconhece que existe um &#8220;debate importante&#8221; sobre a responsabilidade das redes sociais sobre o conte\u00fado que hospedam.<\/p>\n\n\n\n<p><br>\u201cAcreditamos que \u00e9 necess\u00e1rio tra\u00e7ar uma linha entre o conte\u00fado que \u00e9 prejudicial e deve ser removido e o conte\u00fado que, por mais que seja de mal gosto ou impreciso, faz parte da dureza da vida em uma sociedade livre\u201d, pondera a empresa.<br>Trump reagiu ao an\u00fancio por meio de sua pr\u00f3pria plataforma, a Truth Social, em uma mensagem na qual opinou que o Facebook perdeu dinheiro ap\u00f3s suspender suas contas.<\/p>\n\n\n\n<p><br>Ap\u00f3s o ataque ao Capit\u00f3lio, Trump tamb\u00e9m viu ser suspensa a sua conta no Twitter, a rede social que mais utilizava e na qual era mais seguido, e que em novembro do ano passado foi restabelecida por ordem do novo dono da empresa, o magnata Elon Musk, embora o republicano tenha respondido que n\u00e3o estava interessado em voltar.<\/p>\n\n\n\n<p><br>No entanto, as aparentes recusas de Trump em retomar suas antigas contas contrastam com reportagens da revista \u201cRolling Stone\u201d que sugerem que ele planeja encerrar seu acordo de exclusividade com a Truth Social &#8211; que deveria renovar em junho &#8211; e retornar ao Twitter para a campanha eleitoral de 2024.<\/p>\n","protected":false},"excerpt":{"rendered":"<p>Nova York (EFE).- A gigante tecnol\u00f3gica Meta anunciou que nas pr\u00f3ximas semanas restabelecer\u00e1 as contas do ex-presidente americano Donald Trump no Facebook e no Instagram, que est\u00e3o suspensas desde o ataque ao Capit\u00f3lio cometido em 2021 por uma multid\u00e3o de apoiadores do magnata republicano. Em comunicado, a empresa explica que suspendeu as contas de Trump &#8230; <a title=\"Meta restabelecer\u00e1 contas de Trump no Facebook e Instagram\" class=\"read-more\" href=\"https:\/\/pre.efe.com\/pt-br\/outras-noticias\/2023-01-26\/meta-restabelecera-contas-de-trump-no-facebook-e-instagram\/\" aria-label=\"Read more about Meta restabelecer\u00e1 contas de Trump no Facebook e Instagram\">Leia mais<\/a><\/p>\n","protected":false},"author":198164108,"featured_media":255926,"comment_status":"closed","ping_status":"closed","sticky":false,"template":"","format":"standard","meta":{"_acf_changed":false,"_jetpack_memberships_contains_paid_content":false,"footnotes":""},"categories":[121969,122144],"tags":[122371,125888],"class_list":["post-256380","post","type-post","status-publish","format-standard","has-post-thumbnail","hentry","category-ciencia-e-tecnologia","category-outras-noticias","tag-eua","tag-trump-2","generate-columns","tablet-grid-50","mobile-grid-100","grid-parent","grid-50"],"acf":[],"yoast_head":"<!-- This site is optimized with the Yoast SEO Premium plugin v26.0 (Yoast SEO v27.5) - https:\/\/yoast.com\/product\/yoast-seo-premium-wordpress\/ -->\n<title>Meta restabelecer\u00e1 contas de Trump no Facebook e Instagram<\/title>\n<meta name=\"robots\" content=\"noindex, follow\" \/>\n<meta property=\"og:locale\" content=\"pt_BR\" \/>\n<meta property=\"og:type\" content=\"article\" \/>\n<meta property=\"og:title\" content=\"Meta restabelecer\u00e1 contas de Trump no Facebook e Instagram - EFE\" \/>\n<meta property=\"og:description\" content=\"Nova York (EFE).- A gigante tecnol\u00f3gica Meta anunciou que nas pr\u00f3ximas semanas restabelecer\u00e1 as contas do ex-presidente americano Donald Trump no Facebook e no Instagram, que est\u00e3o suspensas desde o ataque ao Capit\u00f3lio cometido em 2021 por uma multid\u00e3o de apoiadores do magnata republicano. Em comunicado, a empresa explica que suspendeu as contas de Trump ... Leia mais\" \/>\n<meta property=\"og:url\" content=\"https:\/\/pre.efe.com\/pt-br\/outras-noticias\/2023-01-26\/meta-restabelecera-contas-de-trump-no-facebook-e-instagram\/\" \/>\n<meta property=\"og:site_name\" content=\"EFE Noticias\" \/>\n<meta property=\"article:publisher\" content=\"https:\/\/www.facebook.com\/AgenciaEFEnoticias\/\" \/>\n<meta property=\"article:published_time\" content=\"2023-01-26T11:14:10+00:00\" \/>\n<meta property=\"article:modified_time\" content=\"2023-01-26T11:14:12+00:00\" \/>\n<meta property=\"og:image\" content=\"https:\/\/i0.wp.com\/efe.com\/\/srv\/htdocs\/wp-content\/uploads\/2023\/01\/EA7097-USA-POLITICS-TRUMP.jpg?fit=900%2C566&ssl=1\" \/>\n\t<meta property=\"og:image:width\" content=\"900\" \/>\n\t<meta property=\"og:image:height\" content=\"566\" \/>\n\t<meta property=\"og:image:type\" content=\"image\/jpeg\" \/>\n<meta name=\"author\" content=\"manuelperezefe\" \/>\n<meta name=\"twitter:card\" content=\"summary_large_image\" \/>\n<meta name=\"twitter:creator\" content=\"@efenoticias\" \/>\n<meta name=\"twitter:site\" content=\"@efenoticias\" \/>\n<script type=\"application\/ld+json\" class=\"yoast-schema-graph\">{\"@context\":\"https:\\\/\\\/schema.org\",\"@graph\":[{\"@type\":\"NewsArticle\",\"@id\":\"https:\\\/\\\/pre.efe.com\\\/pt-br\\\/outras-noticias\\\/2023-01-26\\\/meta-restabelecera-contas-de-trump-no-facebook-e-instagram\\\/#article\",\"isPartOf\":{\"@id\":\"https:\\\/\\\/pre.efe.com\\\/pt-br\\\/outras-noticias\\\/2023-01-26\\\/meta-restabelecera-contas-de-trump-no-facebook-e-instagram\\\/\"},\"author\":{\"name\":\"manuelperezefe\",\"@id\":\"https:\\\/\\\/pre.efe.com\\\/pt-br\\\/#\\\/schema\\\/person\\\/c8c047900fe822135c5dfe18a69664f4\"},\"headline\":\"Meta restabelecer\u00e1 contas de Trump no Facebook e Instagram\",\"datePublished\":\"2023-01-26T11:14:10+00:00\",\"dateModified\":\"2023-01-26T11:14:12+00:00\",\"mainEntityOfPage\":{\"@id\":\"https:\\\/\\\/pre.efe.com\\\/pt-br\\\/outras-noticias\\\/2023-01-26\\\/meta-restabelecera-contas-de-trump-no-facebook-e-instagram\\\/\"},\"wordCount\":496,\"publisher\":{\"@id\":\"https:\\\/\\\/pre.efe.com\\\/pt-br\\\/#organization\"},\"image\":{\"@id\":\"https:\\\/\\\/pre.efe.com\\\/pt-br\\\/outras-noticias\\\/2023-01-26\\\/meta-restabelecera-contas-de-trump-no-facebook-e-instagram\\\/#primaryimage\"},\"thumbnailUrl\":\"https:\\\/\\\/pre.efe.com\\\/wp-content\\\/uploads\\\/2023\\\/01\\\/EA7097-USA-POLITICS-TRUMP.jpg\",\"keywords\":[\"EUA\",\"Trump\"],\"articleSection\":[\"Ci\u00eancia e Tecnologia\",\"Outras not\u00edcias\"],\"inLanguage\":\"pt-BR\",\"copyrightYear\":\"2023\",\"copyrightHolder\":{\"@id\":\"https:\\\/\\\/pre.efe.com\\\/#organization\"}},{\"@type\":[\"WebPage\",\"ItemPage\"],\"@id\":\"https:\\\/\\\/pre.efe.com\\\/pt-br\\\/outras-noticias\\\/2023-01-26\\\/meta-restabelecera-contas-de-trump-no-facebook-e-instagram\\\/\",\"url\":\"https:\\\/\\\/pre.efe.com\\\/pt-br\\\/outras-noticias\\\/2023-01-26\\\/meta-restabelecera-contas-de-trump-no-facebook-e-instagram\\\/\",\"name\":\"Meta restabelecer\u00e1 contas de Trump no Facebook e Instagram\",\"isPartOf\":{\"@id\":\"https:\\\/\\\/pre.efe.com\\\/pt-br\\\/#website\"},\"primaryImageOfPage\":{\"@id\":\"https:\\\/\\\/pre.efe.com\\\/pt-br\\\/outras-noticias\\\/2023-01-26\\\/meta-restabelecera-contas-de-trump-no-facebook-e-instagram\\\/#primaryimage\"},\"image\":{\"@id\":\"https:\\\/\\\/pre.efe.com\\\/pt-br\\\/outras-noticias\\\/2023-01-26\\\/meta-restabelecera-contas-de-trump-no-facebook-e-instagram\\\/#primaryimage\"},\"thumbnailUrl\":\"https:\\\/\\\/pre.efe.com\\\/wp-content\\\/uploads\\\/2023\\\/01\\\/EA7097-USA-POLITICS-TRUMP.jpg\",\"datePublished\":\"2023-01-26T11:14:10+00:00\",\"dateModified\":\"2023-01-26T11:14:12+00:00\",\"breadcrumb\":{\"@id\":\"https:\\\/\\\/pre.efe.com\\\/pt-br\\\/outras-noticias\\\/2023-01-26\\\/meta-restabelecera-contas-de-trump-no-facebook-e-instagram\\\/#breadcrumb\"},\"inLanguage\":\"pt-BR\",\"potentialAction\":[{\"@type\":\"ReadAction\",\"target\":[\"https:\\\/\\\/pre.efe.com\\\/pt-br\\\/outras-noticias\\\/2023-01-26\\\/meta-restabelecera-contas-de-trump-no-facebook-e-instagram\\\/\"]}]},{\"@type\":\"ImageObject\",\"inLanguage\":\"pt-BR\",\"@id\":\"https:\\\/\\\/pre.efe.com\\\/pt-br\\\/outras-noticias\\\/2023-01-26\\\/meta-restabelecera-contas-de-trump-no-facebook-e-instagram\\\/#primaryimage\",\"url\":\"https:\\\/\\\/pre.efe.com\\\/wp-content\\\/uploads\\\/2023\\\/01\\\/EA7097-USA-POLITICS-TRUMP.jpg\",\"contentUrl\":\"https:\\\/\\\/pre.efe.com\\\/wp-content\\\/uploads\\\/2023\\\/01\\\/EA7097-USA-POLITICS-TRUMP.jpg\",\"width\":900,\"height\":566,\"caption\":\"Ex-presidente dos EUA Donald Trump, em imagem de arquivo.EFE\\\/EPA\\\/David Maxwell\"},{\"@type\":\"BreadcrumbList\",\"@id\":\"https:\\\/\\\/pre.efe.com\\\/pt-br\\\/outras-noticias\\\/2023-01-26\\\/meta-restabelecera-contas-de-trump-no-facebook-e-instagram\\\/#breadcrumb\",\"itemListElement\":[{\"@type\":\"ListItem\",\"position\":1,\"name\":\"Portada\",\"item\":\"https:\\\/\\\/pre.efe.com\\\/pt-br\\\/\"},{\"@type\":\"ListItem\",\"position\":2,\"name\":\"Meta restabelecer\u00e1 contas de Trump no Facebook e Instagram\"}]},{\"@type\":\"WebSite\",\"@id\":\"https:\\\/\\\/pre.efe.com\\\/pt-br\\\/#website\",\"url\":\"https:\\\/\\\/pre.efe.com\\\/pt-br\\\/\",\"name\":\"EFE Noticias\",\"description\":\"\",\"publisher\":{\"@id\":\"https:\\\/\\\/pre.efe.com\\\/pt-br\\\/#organization\"},\"potentialAction\":[{\"@type\":\"SearchAction\",\"target\":{\"@type\":\"EntryPoint\",\"urlTemplate\":\"https:\\\/\\\/pre.efe.com\\\/pt-br\\\/?s={search_term_string}\"},\"query-input\":{\"@type\":\"PropertyValueSpecification\",\"valueRequired\":true,\"valueName\":\"search_term_string\"}}],\"inLanguage\":\"pt-BR\"},{\"@type\":\"Organization\",\"@id\":\"https:\\\/\\\/pre.efe.com\\\/pt-br\\\/#organization\",\"name\":\"Agencia EFE\",\"url\":\"https:\\\/\\\/pre.efe.com\\\/pt-br\\\/\",\"logo\":{\"@type\":\"ImageObject\",\"inLanguage\":\"pt-BR\",\"@id\":\"https:\\\/\\\/pre.efe.com\\\/pt-br\\\/#\\\/schema\\\/logo\\\/image\\\/\",\"url\":\"https:\\\/\\\/pre.efe.com\\\/wp-content\\\/uploads\\\/2023\\\/06\\\/logo-efe-467.png\",\"contentUrl\":\"https:\\\/\\\/pre.efe.com\\\/wp-content\\\/uploads\\\/2023\\\/06\\\/logo-efe-467.png\",\"width\":467,\"height\":467,\"caption\":\"Agencia EFE\"},\"image\":{\"@id\":\"https:\\\/\\\/pre.efe.com\\\/pt-br\\\/#\\\/schema\\\/logo\\\/image\\\/\"},\"sameAs\":[\"https:\\\/\\\/www.facebook.com\\\/AgenciaEFEnoticias\\\/\",\"https:\\\/\\\/x.com\\\/efenoticias\",\"https:\\\/\\\/www.instagram.com\\\/efe_noticias\\\/\",\"http:\\\/\\\/www.youtube.com\\\/efe\"]},{\"@type\":\"Person\",\"@id\":\"https:\\\/\\\/pre.efe.com\\\/pt-br\\\/#\\\/schema\\\/person\\\/c8c047900fe822135c5dfe18a69664f4\",\"name\":\"manuelperezefe\",\"image\":{\"@type\":\"ImageObject\",\"inLanguage\":\"pt-BR\",\"@id\":\"https:\\\/\\\/secure.gravatar.com\\\/avatar\\\/a6fd18d9072b150b9ba2a1672f7376f89fea0722b25bef234c1ed8d93c9af0d5?s=96&d=identicon&r=g\",\"url\":\"https:\\\/\\\/secure.gravatar.com\\\/avatar\\\/a6fd18d9072b150b9ba2a1672f7376f89fea0722b25bef234c1ed8d93c9af0d5?s=96&d=identicon&r=g\",\"contentUrl\":\"https:\\\/\\\/secure.gravatar.com\\\/avatar\\\/a6fd18d9072b150b9ba2a1672f7376f89fea0722b25bef234c1ed8d93c9af0d5?s=96&d=identicon&r=g\",\"caption\":\"manuelperezefe\"},\"url\":\"https:\\\/\\\/pre.efe.com\\\/pt-br\\\/autor\\\/manuelperezefe\\\/\"}]}<\/script>\n<!-- \/ Yoast SEO Premium plugin. -->","yoast_head_json":{"title":"Meta restabelecer\u00e1 contas de Trump no Facebook e Instagram","robots":{"index":"noindex","follow":"follow"},"og_locale":"pt_BR","og_type":"article","og_title":"Meta restabelecer\u00e1 contas de Trump no Facebook e Instagram - EFE","og_description":"Nova York (EFE).- A gigante tecnol\u00f3gica Meta anunciou que nas pr\u00f3ximas semanas restabelecer\u00e1 as contas do ex-presidente americano Donald Trump no Facebook e no Instagram, que est\u00e3o suspensas desde o ataque ao Capit\u00f3lio cometido em 2021 por uma multid\u00e3o de apoiadores do magnata republicano. Em comunicado, a empresa explica que suspendeu as contas de Trump ... Leia mais","og_url":"https:\/\/pre.efe.com\/pt-br\/outras-noticias\/2023-01-26\/meta-restabelecera-contas-de-trump-no-facebook-e-instagram\/","og_site_name":"EFE Noticias","article_publisher":"https:\/\/www.facebook.com\/AgenciaEFEnoticias\/","article_published_time":"2023-01-26T11:14:10+00:00","article_modified_time":"2023-01-26T11:14:12+00:00","og_image":[{"width":900,"height":566,"url":"https:\/\/i0.wp.com\/efe.com\/\/srv\/htdocs\/wp-content\/uploads\/2023\/01\/EA7097-USA-POLITICS-TRUMP.jpg?fit=900%2C566&ssl=1","type":"image\/jpeg"}],"author":"manuelperezefe","twitter_card":"summary_large_image","twitter_creator":"@efenoticias","twitter_site":"@efenoticias","schema":{"@context":"https:\/\/schema.org","@graph":[{"@type":"NewsArticle","@id":"https:\/\/pre.efe.com\/pt-br\/outras-noticias\/2023-01-26\/meta-restabelecera-contas-de-trump-no-facebook-e-instagram\/#article","isPartOf":{"@id":"https:\/\/pre.efe.com\/pt-br\/outras-noticias\/2023-01-26\/meta-restabelecera-contas-de-trump-no-facebook-e-instagram\/"},"author":{"name":"manuelperezefe","@id":"https:\/\/pre.efe.com\/pt-br\/#\/schema\/person\/c8c047900fe822135c5dfe18a69664f4"},"headline":"Meta restabelecer\u00e1 contas de Trump no Facebook e Instagram","datePublished":"2023-01-26T11:14:10+00:00","dateModified":"2023-01-26T11:14:12+00:00","mainEntityOfPage":{"@id":"https:\/\/pre.efe.com\/pt-br\/outras-noticias\/2023-01-26\/meta-restabelecera-contas-de-trump-no-facebook-e-instagram\/"},"wordCount":496,"publisher":{"@id":"https:\/\/pre.efe.com\/pt-br\/#organization"},"image":{"@id":"https:\/\/pre.efe.com\/pt-br\/outras-noticias\/2023-01-26\/meta-restabelecera-contas-de-trump-no-facebook-e-instagram\/#primaryimage"},"thumbnailUrl":"https:\/\/pre.efe.com\/wp-content\/uploads\/2023\/01\/EA7097-USA-POLITICS-TRUMP.jpg","keywords":["EUA","Trump"],"articleSection":["Ci\u00eancia e Tecnologia","Outras not\u00edcias"],"inLanguage":"pt-BR","copyrightYear":"2023","copyrightHolder":{"@id":"https:\/\/pre.efe.com\/#organization"}},{"@type":["WebPage","ItemPage"],"@id":"https:\/\/pre.efe.com\/pt-br\/outras-noticias\/2023-01-26\/meta-restabelecera-contas-de-trump-no-facebook-e-instagram\/","url":"https:\/\/pre.efe.com\/pt-br\/outras-noticias\/2023-01-26\/meta-restabelecera-contas-de-trump-no-facebook-e-instagram\/","name":"Meta restabelecer\u00e1 contas de Trump no Facebook e Instagram","isPartOf":{"@id":"https:\/\/pre.efe.com\/pt-br\/#website"},"primaryImageOfPage":{"@id":"https:\/\/pre.efe.com\/pt-br\/outras-noticias\/2023-01-26\/meta-restabelecera-contas-de-trump-no-facebook-e-instagram\/#primaryimage"},"image":{"@id":"https:\/\/pre.efe.com\/pt-br\/outras-noticias\/2023-01-26\/meta-restabelecera-contas-de-trump-no-facebook-e-instagram\/#primaryimage"},"thumbnailUrl":"https:\/\/pre.efe.com\/wp-content\/uploads\/2023\/01\/EA7097-USA-POLITICS-TRUMP.jpg","datePublished":"2023-01-26T11:14:10+00:00","dateModified":"2023-01-26T11:14:12+00:00","breadcrumb":{"@id":"https:\/\/pre.efe.com\/pt-br\/outras-noticias\/2023-01-26\/meta-restabelecera-contas-de-trump-no-facebook-e-instagram\/#breadcrumb"},"inLanguage":"pt-BR","potentialAction":[{"@type":"ReadAction","target":["https:\/\/pre.efe.com\/pt-br\/outras-noticias\/2023-01-26\/meta-restabelecera-contas-de-trump-no-facebook-e-instagram\/"]}]},{"@type":"ImageObject","inLanguage":"pt-BR","@id":"https:\/\/pre.efe.com\/pt-br\/outras-noticias\/2023-01-26\/meta-restabelecera-contas-de-trump-no-facebook-e-instagram\/#primaryimage","url":"https:\/\/pre.efe.com\/wp-content\/uploads\/2023\/01\/EA7097-USA-POLITICS-TRUMP.jpg","contentUrl":"https:\/\/pre.efe.com\/wp-content\/uploads\/2023\/01\/EA7097-USA-POLITICS-TRUMP.jpg","width":900,"height":566,"caption":"Ex-presidente dos EUA Donald Trump, em imagem de arquivo.EFE\/EPA\/David Maxwell"},{"@type":"BreadcrumbList","@id":"https:\/\/pre.efe.com\/pt-br\/outras-noticias\/2023-01-26\/meta-restabelecera-contas-de-trump-no-facebook-e-instagram\/#breadcrumb","itemListElement":[{"@type":"ListItem","position":1,"name":"Portada","item":"https:\/\/pre.efe.com\/pt-br\/"},{"@type":"ListItem","position":2,"name":"Meta restabelecer\u00e1 contas de Trump no Facebook e Instagram"}]},{"@type":"WebSite","@id":"https:\/\/pre.efe.com\/pt-br\/#website","url":"https:\/\/pre.efe.com\/pt-br\/","name":"EFE Noticias","description":"","publisher":{"@id":"https:\/\/pre.efe.com\/pt-br\/#organization"},"potentialAction":[{"@type":"SearchAction","target":{"@type":"EntryPoint","urlTemplate":"https:\/\/pre.efe.com\/pt-br\/?s={search_term_string}"},"query-input":{"@type":"PropertyValueSpecification","valueRequired":true,"valueName":"search_term_string"}}],"inLanguage":"pt-BR"},{"@type":"Organization","@id":"https:\/\/pre.efe.com\/pt-br\/#organization","name":"Agencia EFE","url":"https:\/\/pre.efe.com\/pt-br\/","logo":{"@type":"ImageObject","inLanguage":"pt-BR","@id":"https:\/\/pre.efe.com\/pt-br\/#\/schema\/logo\/image\/","url":"https:\/\/pre.efe.com\/wp-content\/uploads\/2023\/06\/logo-efe-467.png","contentUrl":"https:\/\/pre.efe.com\/wp-content\/uploads\/2023\/06\/logo-efe-467.png","width":467,"height":467,"caption":"Agencia EFE"},"image":{"@id":"https:\/\/pre.efe.com\/pt-br\/#\/schema\/logo\/image\/"},"sameAs":["https:\/\/www.facebook.com\/AgenciaEFEnoticias\/","https:\/\/x.com\/efenoticias","https:\/\/www.instagram.com\/efe_noticias\/","http:\/\/www.youtube.com\/efe"]},{"@type":"Person","@id":"https:\/\/pre.efe.com\/pt-br\/#\/schema\/person\/c8c047900fe822135c5dfe18a69664f4","name":"manuelperezefe","image":{"@type":"ImageObject","inLanguage":"pt-BR","@id":"https:\/\/secure.gravatar.com\/avatar\/a6fd18d9072b150b9ba2a1672f7376f89fea0722b25bef234c1ed8d93c9af0d5?s=96&d=identicon&r=g","url":"https:\/\/secure.gravatar.com\/avatar\/a6fd18d9072b150b9ba2a1672f7376f89fea0722b25bef234c1ed8d93c9af0d5?s=96&d=identicon&r=g","contentUrl":"https:\/\/secure.gravatar.com\/avatar\/a6fd18d9072b150b9ba2a1672f7376f89fea0722b25bef234c1ed8d93c9af0d5?s=96&d=identicon&r=g","caption":"manuelperezefe"},"url":"https:\/\/pre.efe.com\/pt-br\/autor\/manuelperezefe\/"}]}},"jetpack_featured_media_url":"https:\/\/pre.efe.com\/wp-content\/uploads\/2023\/01\/EA7097-USA-POLITICS-TRUMP.jpg","jetpack_shortlink":"https:\/\/wp.me\/peJvHm-14Ha","jetpack_sharing_enabled":true,"_links":{"self":[{"href":"https:\/\/pre.efe.com\/pt-br\/wp-json\/wp\/v2\/posts\/256380","targetHints":{"allow":["GET"]}}],"collection":[{"href":"https:\/\/pre.efe.com\/pt-br\/wp-json\/wp\/v2\/posts"}],"about":[{"href":"https:\/\/pre.efe.com\/pt-br\/wp-json\/wp\/v2\/types\/post"}],"author":[{"embeddable":true,"href":"https:\/\/pre.efe.com\/pt-br\/wp-json\/wp\/v2\/users\/198164108"}],"replies":[{"embeddable":true,"href":"https:\/\/pre.efe.com\/pt-br\/wp-json\/wp\/v2\/comments?post=256380"}],"version-history":[{"count":2,"href":"https:\/\/pre.efe.com\/pt-br\/wp-json\/wp\/v2\/posts\/256380\/revisions"}],"predecessor-version":[{"id":256418,"href":"https:\/\/pre.efe.com\/pt-br\/wp-json\/wp\/v2\/posts\/256380\/revisions\/256418"}],"wp:featuredmedia":[{"embeddable":true,"href":"https:\/\/pre.efe.com\/pt-br\/wp-json\/wp\/v2\/media\/255926"}],"wp:attachment":[{"href":"https:\/\/pre.efe.com\/pt-br\/wp-json\/wp\/v2\/media?parent=256380"}],"wp:term":[{"taxonomy":"category","embeddable":true,"href":"https:\/\/pre.efe.com\/pt-br\/wp-json\/wp\/v2\/categories?post=256380"},{"taxonomy":"post_tag","embeddable":true,"href":"https:\/\/pre.efe.com\/pt-br\/wp-json\/wp\/v2\/tags?post=256380"}],"curies":[{"name":"wp","href":"https:\/\/api.w.org\/{rel}","templated":true}]}}