{"id":257359,"date":"2023-01-26T20:30:42","date_gmt":"2023-01-26T19:30:42","guid":{"rendered":"https:\/\/pre.efe.com\/?p=257359"},"modified":"2024-10-08T12:01:08","modified_gmt":"2024-10-08T10:01:08","slug":"blinken-viajara-para-israel-palestina-e-egito-para-reducir-tensoes","status":"publish","type":"post","link":"https:\/\/pre.efe.com\/pt-br\/mundo-2\/2023-01-26\/blinken-viajara-para-israel-palestina-e-egito-para-reducir-tensoes\/","title":{"rendered":"Blinken viajar\u00e1 para Israel, Palestina e Egito para reducir tens\u00f5es"},"content":{"rendered":"\n<p>Washington (EFE).- O secret\u00e1rio de Estado dos EUA, Antony Blinken, viajar\u00e1 no domingo ao Egito, Israel e Cisjord\u00e2nia para discutir &#8220;prioridades globais e regionais&#8221;, como a invas\u00e3o russa \u00e0 Ucr\u00e2nia, Ir\u00e3 e o conflito israelense-palestino.<\/p>\n\n\n\n<p><br>Em comunicado divulgado nesta quinta-feira, o Departamento de Estado disse que a viagem ocorrer\u00e1 de domingo a ter\u00e7a-feira da semana que vem e que Blinken visitar\u00e1 primeiro o Egito, onde se encontrar\u00e1 com o presidente, Abdelfattah El-Sisi; o ministro das Rela\u00e7\u00f5es Exteriores, Sameh Shoukry, e outros funcion\u00e1rios para avan\u00e7ar a parceria estrat\u00e9gica com o pa\u00eds na promo\u00e7\u00e3o da paz e seguran\u00e7a na regi\u00e3o.<br><\/p>\n\n\n\n<p>Entre outras quest\u00f5es, ser\u00e1 discutido o &#8220;apoio compartilhado&#8221; \u00e0s elei\u00e7\u00f5es na L\u00edbia e ao processo pol\u00edtico em curso liderado pelo Sud\u00e3o.<br><\/p>\n\n\n\n<h2 class=\"wp-block-heading\">Prioridade para a seguran\u00e7a de Israel<\/h2>\n\n\n\n<p>Posteriormente, o secret\u00e1rio viajar\u00e1 para <a href=\"https:\/\/pre.efe.com\/pt-br\/mundo-2\/com-170-mortes-territorios-palestinos-tem-um-dos-anos-mais-sangrentos\/\">Jerusal\u00e9m e Ramallah <\/a>na pr\u00f3xima segunda e ter\u00e7a-feira. Em Israel, Blinken se reunir\u00e1 com o primeiro-ministro, <a href=\"https:\/\/pre.efe.com\/pt-br\/mundo-2\/novo-governo-israelense-de-netanyahu-impoe-sancoes-a-autoridade-palestina\/\">Benjamin Netanyahu<\/a>, o chanceler, Eli Cohen, e outras autoridades para debater o &#8220;apoio duradouro&#8221; dos Estados Unidos \u00e0 seguran\u00e7a de Israel, &#8220;particularmente contra as amea\u00e7as do Ir\u00e3&#8221;.<br><\/p>\n\n\n\n<p>&#8220;O secret\u00e1rio discutir\u00e1 tamb\u00e9m o aprofundamento da integra\u00e7\u00e3o de Israel na regi\u00e3o, as rela\u00e7\u00f5es israelenses-palestinas e a import\u00e2ncia de uma solu\u00e7\u00e3o de dois Estados&#8221;, segundo o comunicado.<br><\/p>\n\n\n\n<p>Na Cisjord\u00e2nia, o secret\u00e1rio se reunir\u00e1 com o presidente da Autoridade Palestina, Mahmoud Abbas, e outras autoridades para discutir as rela\u00e7\u00f5es israelenses-palestinas e a import\u00e2ncia de uma solu\u00e7\u00e3o de dois Estados, reformas pol\u00edticas e um maior refor\u00e7o das rela\u00e7\u00f5es dos EUA com os palestinos.<br><\/p>\n\n\n\n<figure class=\"wp-block-image size-large\"><img fetchpriority=\"high\" decoding=\"async\" width=\"1024\" height=\"603\" src=\"https:\/\/pre.efe.com\/wp-content\/uploads\/2023\/01\/israel-palestina-1024x603.jpg\" alt=\"Un palestino de 15 a\u00f1os muere por fuego israel\u00ed en Bel\u00e9n\" class=\"wp-image-228467\" srcset=\"https:\/\/pre.efe.com\/wp-content\/uploads\/2023\/01\/israel-palestina-1024x603.jpg 1024w, https:\/\/pre.efe.com\/wp-content\/uploads\/2023\/01\/israel-palestina-300x177.jpg 300w, https:\/\/pre.efe.com\/wp-content\/uploads\/2023\/01\/israel-palestina-768x452.jpg 768w, https:\/\/pre.efe.com\/wp-content\/uploads\/2023\/01\/israel-palestina-1536x904.jpg 1536w, https:\/\/pre.efe.com\/wp-content\/uploads\/2023\/01\/israel-palestina-430x253.jpg 430w, https:\/\/pre.efe.com\/wp-content\/uploads\/2023\/01\/israel-palestina-1200x706.jpg 1200w, https:\/\/pre.efe.com\/wp-content\/uploads\/2023\/01\/israel-palestina.jpg 1920w\" sizes=\"(max-width: 1024px) 100vw, 1024px\" \/><figcaption class=\"wp-element-caption\">Imagem de arquivo do funeral pela morte de dois palestinos em Jenin, em 3 de janeiro de 2023. EFE<\/figcaption><\/figure>\n\n\n\n<p>&#8220;Tanto com os l\u00edderes israelenses como palestinos, o secret\u00e1rio ressaltar\u00e1 a necessidade urgente de as partes tomarem medidas para reduzir as tens\u00f5es, a fim de dar fim ao ciclo de viol\u00eancia que ceifou muitas vidas inocentes&#8221;, acrescenta.<br><\/p>\n\n\n\n<p>&#8220;O secret\u00e1rio se envolver\u00e1 com a sociedade civil durante toda a viagem para sublinhar o nosso compromisso com os direitos humanos, o apoio \u00e0 sociedade civil e a import\u00e2ncia duradoura dos la\u00e7os interpessoais&#8221;, conclui a declara\u00e7\u00e3o.<\/p>\n","protected":false},"excerpt":{"rendered":"<p>Washington (EFE).- O secret\u00e1rio de Estado dos EUA, Antony Blinken, viajar\u00e1 no domingo ao Egito, Israel e Cisjord\u00e2nia para discutir &#8220;prioridades globais e regionais&#8221;, como a invas\u00e3o russa \u00e0 Ucr\u00e2nia, Ir\u00e3 e o conflito israelense-palestino. Em comunicado divulgado nesta quinta-feira, o Departamento de Estado disse que a viagem ocorrer\u00e1 de domingo a ter\u00e7a-feira da semana &#8230; <a title=\"Blinken viajar\u00e1 para Israel, Palestina e Egito para reducir tens\u00f5es\" class=\"read-more\" href=\"https:\/\/pre.efe.com\/pt-br\/mundo-2\/2023-01-26\/blinken-viajara-para-israel-palestina-e-egito-para-reducir-tensoes\/\" aria-label=\"Read more about Blinken viajar\u00e1 para Israel, Palestina e Egito para reducir tens\u00f5es\">Leia mais<\/a><\/p>\n","protected":false},"author":198164108,"featured_media":217157,"comment_status":"closed","ping_status":"closed","sticky":false,"template":"","format":"standard","meta":{"_acf_changed":false,"_jetpack_memberships_contains_paid_content":false,"footnotes":""},"categories":[123208],"tags":[122371,125226,128097],"class_list":["post-257359","post","type-post","status-publish","format-standard","has-post-thumbnail","hentry","category-mundo-2","tag-eua","tag-israel","tag-palestina","generate-columns","tablet-grid-50","mobile-grid-100","grid-parent","grid-50"],"acf":[],"yoast_head":"<!-- This site is optimized with the Yoast SEO Premium plugin v26.0 (Yoast SEO v27.4) - https:\/\/yoast.com\/product\/yoast-seo-premium-wordpress\/ -->\n<title>Blinken viajar\u00e1 para Israel, Palestina e Egito para reducir tens\u00f5es<\/title>\n<meta name=\"description\" content=\"O secret\u00e1rio de Estado dos EUA, Antony Blinken, viajar\u00e1 ao Egito, Israel e Cisjord\u00e2nia para discutir o conflito israelense-palestino.\" \/>\n<meta name=\"robots\" content=\"noindex, follow\" \/>\n<meta property=\"og:locale\" content=\"pt_BR\" \/>\n<meta property=\"og:type\" content=\"article\" \/>\n<meta property=\"og:title\" content=\"Blinken viajar\u00e1 para Israel, Palestina e Egito para reducir tens\u00f5es - EFE\" \/>\n<meta property=\"og:description\" content=\"O secret\u00e1rio de Estado dos EUA, Antony Blinken, viajar\u00e1 ao Egito, Israel e Cisjord\u00e2nia para discutir o conflito israelense-palestino.\" \/>\n<meta property=\"og:url\" content=\"https:\/\/pre.efe.com\/pt-br\/mundo-2\/2023-01-26\/blinken-viajara-para-israel-palestina-e-egito-para-reducir-tensoes\/\" \/>\n<meta property=\"og:site_name\" content=\"EFE Noticias\" \/>\n<meta property=\"article:publisher\" content=\"https:\/\/www.facebook.com\/AgenciaEFEnoticias\/\" \/>\n<meta property=\"article:published_time\" content=\"2023-01-26T19:30:42+00:00\" \/>\n<meta property=\"article:modified_time\" content=\"2024-10-08T10:01:08+00:00\" \/>\n<meta property=\"og:image\" content=\"https:\/\/i0.wp.com\/efe.com\/\/srv\/htdocs\/wp-content\/uploads\/2022\/12\/INDONESIA-USA-DIPLOMACY-bbb.jpg?fit=900%2C600&ssl=1\" \/>\n\t<meta property=\"og:image:width\" content=\"900\" \/>\n\t<meta property=\"og:image:height\" content=\"600\" \/>\n\t<meta property=\"og:image:type\" content=\"image\/jpeg\" \/>\n<meta name=\"author\" content=\"manuelperezefe\" \/>\n<meta name=\"twitter:card\" content=\"summary_large_image\" \/>\n<meta name=\"twitter:creator\" content=\"@efenoticias\" \/>\n<meta name=\"twitter:site\" content=\"@efenoticias\" \/>\n<script type=\"application\/ld+json\" class=\"yoast-schema-graph\">{\"@context\":\"https:\\\/\\\/schema.org\",\"@graph\":[{\"@type\":\"NewsArticle\",\"@id\":\"https:\\\/\\\/pre.efe.com\\\/pt-br\\\/mundo-2\\\/2023-01-26\\\/blinken-viajara-para-israel-palestina-e-egito-para-reducir-tensoes\\\/#article\",\"isPartOf\":{\"@id\":\"https:\\\/\\\/pre.efe.com\\\/pt-br\\\/mundo-2\\\/2023-01-26\\\/blinken-viajara-para-israel-palestina-e-egito-para-reducir-tensoes\\\/\"},\"author\":{\"name\":\"manuelperezefe\",\"@id\":\"https:\\\/\\\/pre.efe.com\\\/pt-br\\\/#\\\/schema\\\/person\\\/c8c047900fe822135c5dfe18a69664f4\"},\"headline\":\"Blinken viajar\u00e1 para Israel, Palestina e Egito para reducir tens\u00f5es\",\"datePublished\":\"2023-01-26T19:30:42+00:00\",\"dateModified\":\"2024-10-08T10:01:08+00:00\",\"mainEntityOfPage\":{\"@id\":\"https:\\\/\\\/pre.efe.com\\\/pt-br\\\/mundo-2\\\/2023-01-26\\\/blinken-viajara-para-israel-palestina-e-egito-para-reducir-tensoes\\\/\"},\"wordCount\":391,\"publisher\":{\"@id\":\"https:\\\/\\\/pre.efe.com\\\/pt-br\\\/#organization\"},\"image\":{\"@id\":\"https:\\\/\\\/pre.efe.com\\\/pt-br\\\/mundo-2\\\/2023-01-26\\\/blinken-viajara-para-israel-palestina-e-egito-para-reducir-tensoes\\\/#primaryimage\"},\"thumbnailUrl\":\"https:\\\/\\\/pre.efe.com\\\/wp-content\\\/uploads\\\/2022\\\/12\\\/INDONESIA-USA-DIPLOMACY-bbb.jpg\",\"keywords\":[\"EUA\",\"Israel\",\"Palestina\"],\"articleSection\":[\"Mundo\"],\"inLanguage\":\"pt-BR\",\"copyrightYear\":\"2023\",\"copyrightHolder\":{\"@id\":\"https:\\\/\\\/pre.efe.com\\\/#organization\"}},{\"@type\":[\"WebPage\",\"ItemPage\"],\"@id\":\"https:\\\/\\\/pre.efe.com\\\/pt-br\\\/mundo-2\\\/2023-01-26\\\/blinken-viajara-para-israel-palestina-e-egito-para-reducir-tensoes\\\/\",\"url\":\"https:\\\/\\\/pre.efe.com\\\/pt-br\\\/mundo-2\\\/2023-01-26\\\/blinken-viajara-para-israel-palestina-e-egito-para-reducir-tensoes\\\/\",\"name\":\"Blinken viajar\u00e1 para Israel, Palestina e Egito para reducir tens\u00f5es\",\"isPartOf\":{\"@id\":\"https:\\\/\\\/pre.efe.com\\\/pt-br\\\/#website\"},\"primaryImageOfPage\":{\"@id\":\"https:\\\/\\\/pre.efe.com\\\/pt-br\\\/mundo-2\\\/2023-01-26\\\/blinken-viajara-para-israel-palestina-e-egito-para-reducir-tensoes\\\/#primaryimage\"},\"image\":{\"@id\":\"https:\\\/\\\/pre.efe.com\\\/pt-br\\\/mundo-2\\\/2023-01-26\\\/blinken-viajara-para-israel-palestina-e-egito-para-reducir-tensoes\\\/#primaryimage\"},\"thumbnailUrl\":\"https:\\\/\\\/pre.efe.com\\\/wp-content\\\/uploads\\\/2022\\\/12\\\/INDONESIA-USA-DIPLOMACY-bbb.jpg\",\"datePublished\":\"2023-01-26T19:30:42+00:00\",\"dateModified\":\"2024-10-08T10:01:08+00:00\",\"description\":\"O secret\u00e1rio de Estado dos EUA, Antony Blinken, viajar\u00e1 ao Egito, Israel e Cisjord\u00e2nia para discutir o conflito israelense-palestino.\",\"breadcrumb\":{\"@id\":\"https:\\\/\\\/pre.efe.com\\\/pt-br\\\/mundo-2\\\/2023-01-26\\\/blinken-viajara-para-israel-palestina-e-egito-para-reducir-tensoes\\\/#breadcrumb\"},\"inLanguage\":\"pt-BR\",\"potentialAction\":[{\"@type\":\"ReadAction\",\"target\":[\"https:\\\/\\\/pre.efe.com\\\/pt-br\\\/mundo-2\\\/2023-01-26\\\/blinken-viajara-para-israel-palestina-e-egito-para-reducir-tensoes\\\/\"]}]},{\"@type\":\"ImageObject\",\"inLanguage\":\"pt-BR\",\"@id\":\"https:\\\/\\\/pre.efe.com\\\/pt-br\\\/mundo-2\\\/2023-01-26\\\/blinken-viajara-para-israel-palestina-e-egito-para-reducir-tensoes\\\/#primaryimage\",\"url\":\"https:\\\/\\\/pre.efe.com\\\/wp-content\\\/uploads\\\/2022\\\/12\\\/INDONESIA-USA-DIPLOMACY-bbb.jpg\",\"contentUrl\":\"https:\\\/\\\/pre.efe.com\\\/wp-content\\\/uploads\\\/2022\\\/12\\\/INDONESIA-USA-DIPLOMACY-bbb.jpg\",\"width\":900,\"height\":600,\"caption\":\"O secret\u00e1rio de Estado de Estados Unidos, Antony Blinken, em uma imagem de arquivo. EFE\\\/EPA\\\/Made Nagi\"},{\"@type\":\"BreadcrumbList\",\"@id\":\"https:\\\/\\\/pre.efe.com\\\/pt-br\\\/mundo-2\\\/2023-01-26\\\/blinken-viajara-para-israel-palestina-e-egito-para-reducir-tensoes\\\/#breadcrumb\",\"itemListElement\":[{\"@type\":\"ListItem\",\"position\":1,\"name\":\"Portada\",\"item\":\"https:\\\/\\\/pre.efe.com\\\/pt-br\\\/\"},{\"@type\":\"ListItem\",\"position\":2,\"name\":\"Blinken viajar\u00e1 para Israel, Palestina e Egito para reducir tens\u00f5es\"}]},{\"@type\":\"WebSite\",\"@id\":\"https:\\\/\\\/pre.efe.com\\\/pt-br\\\/#website\",\"url\":\"https:\\\/\\\/pre.efe.com\\\/pt-br\\\/\",\"name\":\"EFE Noticias\",\"description\":\"\",\"publisher\":{\"@id\":\"https:\\\/\\\/pre.efe.com\\\/pt-br\\\/#organization\"},\"potentialAction\":[{\"@type\":\"SearchAction\",\"target\":{\"@type\":\"EntryPoint\",\"urlTemplate\":\"https:\\\/\\\/pre.efe.com\\\/pt-br\\\/?s={search_term_string}\"},\"query-input\":{\"@type\":\"PropertyValueSpecification\",\"valueRequired\":true,\"valueName\":\"search_term_string\"}}],\"inLanguage\":\"pt-BR\"},{\"@type\":\"Organization\",\"@id\":\"https:\\\/\\\/pre.efe.com\\\/pt-br\\\/#organization\",\"name\":\"Agencia EFE\",\"url\":\"https:\\\/\\\/pre.efe.com\\\/pt-br\\\/\",\"logo\":{\"@type\":\"ImageObject\",\"inLanguage\":\"pt-BR\",\"@id\":\"https:\\\/\\\/pre.efe.com\\\/pt-br\\\/#\\\/schema\\\/logo\\\/image\\\/\",\"url\":\"https:\\\/\\\/pre.efe.com\\\/wp-content\\\/uploads\\\/2023\\\/06\\\/logo-efe-467.png\",\"contentUrl\":\"https:\\\/\\\/pre.efe.com\\\/wp-content\\\/uploads\\\/2023\\\/06\\\/logo-efe-467.png\",\"width\":467,\"height\":467,\"caption\":\"Agencia EFE\"},\"image\":{\"@id\":\"https:\\\/\\\/pre.efe.com\\\/pt-br\\\/#\\\/schema\\\/logo\\\/image\\\/\"},\"sameAs\":[\"https:\\\/\\\/www.facebook.com\\\/AgenciaEFEnoticias\\\/\",\"https:\\\/\\\/x.com\\\/efenoticias\",\"https:\\\/\\\/www.instagram.com\\\/efe_noticias\\\/\",\"http:\\\/\\\/www.youtube.com\\\/efe\"]},{\"@type\":\"Person\",\"@id\":\"https:\\\/\\\/pre.efe.com\\\/pt-br\\\/#\\\/schema\\\/person\\\/c8c047900fe822135c5dfe18a69664f4\",\"name\":\"manuelperezefe\",\"image\":{\"@type\":\"ImageObject\",\"inLanguage\":\"pt-BR\",\"@id\":\"https:\\\/\\\/secure.gravatar.com\\\/avatar\\\/a6fd18d9072b150b9ba2a1672f7376f89fea0722b25bef234c1ed8d93c9af0d5?s=96&d=identicon&r=g\",\"url\":\"https:\\\/\\\/secure.gravatar.com\\\/avatar\\\/a6fd18d9072b150b9ba2a1672f7376f89fea0722b25bef234c1ed8d93c9af0d5?s=96&d=identicon&r=g\",\"contentUrl\":\"https:\\\/\\\/secure.gravatar.com\\\/avatar\\\/a6fd18d9072b150b9ba2a1672f7376f89fea0722b25bef234c1ed8d93c9af0d5?s=96&d=identicon&r=g\",\"caption\":\"manuelperezefe\"},\"url\":\"https:\\\/\\\/pre.efe.com\\\/pt-br\\\/autor\\\/manuelperezefe\\\/\"}]}<\/script>\n<!-- \/ Yoast SEO Premium plugin. -->","yoast_head_json":{"title":"Blinken viajar\u00e1 para Israel, Palestina e Egito para reducir tens\u00f5es","description":"O secret\u00e1rio de Estado dos EUA, Antony Blinken, viajar\u00e1 ao Egito, Israel e Cisjord\u00e2nia para discutir o conflito israelense-palestino.","robots":{"index":"noindex","follow":"follow"},"og_locale":"pt_BR","og_type":"article","og_title":"Blinken viajar\u00e1 para Israel, Palestina e Egito para reducir tens\u00f5es - EFE","og_description":"O secret\u00e1rio de Estado dos EUA, Antony Blinken, viajar\u00e1 ao Egito, Israel e Cisjord\u00e2nia para discutir o conflito israelense-palestino.","og_url":"https:\/\/pre.efe.com\/pt-br\/mundo-2\/2023-01-26\/blinken-viajara-para-israel-palestina-e-egito-para-reducir-tensoes\/","og_site_name":"EFE Noticias","article_publisher":"https:\/\/www.facebook.com\/AgenciaEFEnoticias\/","article_published_time":"2023-01-26T19:30:42+00:00","article_modified_time":"2024-10-08T10:01:08+00:00","og_image":[{"width":900,"height":600,"url":"https:\/\/i0.wp.com\/efe.com\/\/srv\/htdocs\/wp-content\/uploads\/2022\/12\/INDONESIA-USA-DIPLOMACY-bbb.jpg?fit=900%2C600&ssl=1","type":"image\/jpeg"}],"author":"manuelperezefe","twitter_card":"summary_large_image","twitter_creator":"@efenoticias","twitter_site":"@efenoticias","schema":{"@context":"https:\/\/schema.org","@graph":[{"@type":"NewsArticle","@id":"https:\/\/pre.efe.com\/pt-br\/mundo-2\/2023-01-26\/blinken-viajara-para-israel-palestina-e-egito-para-reducir-tensoes\/#article","isPartOf":{"@id":"https:\/\/pre.efe.com\/pt-br\/mundo-2\/2023-01-26\/blinken-viajara-para-israel-palestina-e-egito-para-reducir-tensoes\/"},"author":{"name":"manuelperezefe","@id":"https:\/\/pre.efe.com\/pt-br\/#\/schema\/person\/c8c047900fe822135c5dfe18a69664f4"},"headline":"Blinken viajar\u00e1 para Israel, Palestina e Egito para reducir tens\u00f5es","datePublished":"2023-01-26T19:30:42+00:00","dateModified":"2024-10-08T10:01:08+00:00","mainEntityOfPage":{"@id":"https:\/\/pre.efe.com\/pt-br\/mundo-2\/2023-01-26\/blinken-viajara-para-israel-palestina-e-egito-para-reducir-tensoes\/"},"wordCount":391,"publisher":{"@id":"https:\/\/pre.efe.com\/pt-br\/#organization"},"image":{"@id":"https:\/\/pre.efe.com\/pt-br\/mundo-2\/2023-01-26\/blinken-viajara-para-israel-palestina-e-egito-para-reducir-tensoes\/#primaryimage"},"thumbnailUrl":"https:\/\/pre.efe.com\/wp-content\/uploads\/2022\/12\/INDONESIA-USA-DIPLOMACY-bbb.jpg","keywords":["EUA","Israel","Palestina"],"articleSection":["Mundo"],"inLanguage":"pt-BR","copyrightYear":"2023","copyrightHolder":{"@id":"https:\/\/pre.efe.com\/#organization"}},{"@type":["WebPage","ItemPage"],"@id":"https:\/\/pre.efe.com\/pt-br\/mundo-2\/2023-01-26\/blinken-viajara-para-israel-palestina-e-egito-para-reducir-tensoes\/","url":"https:\/\/pre.efe.com\/pt-br\/mundo-2\/2023-01-26\/blinken-viajara-para-israel-palestina-e-egito-para-reducir-tensoes\/","name":"Blinken viajar\u00e1 para Israel, Palestina e Egito para reducir tens\u00f5es","isPartOf":{"@id":"https:\/\/pre.efe.com\/pt-br\/#website"},"primaryImageOfPage":{"@id":"https:\/\/pre.efe.com\/pt-br\/mundo-2\/2023-01-26\/blinken-viajara-para-israel-palestina-e-egito-para-reducir-tensoes\/#primaryimage"},"image":{"@id":"https:\/\/pre.efe.com\/pt-br\/mundo-2\/2023-01-26\/blinken-viajara-para-israel-palestina-e-egito-para-reducir-tensoes\/#primaryimage"},"thumbnailUrl":"https:\/\/pre.efe.com\/wp-content\/uploads\/2022\/12\/INDONESIA-USA-DIPLOMACY-bbb.jpg","datePublished":"2023-01-26T19:30:42+00:00","dateModified":"2024-10-08T10:01:08+00:00","description":"O secret\u00e1rio de Estado dos EUA, Antony Blinken, viajar\u00e1 ao Egito, Israel e Cisjord\u00e2nia para discutir o conflito israelense-palestino.","breadcrumb":{"@id":"https:\/\/pre.efe.com\/pt-br\/mundo-2\/2023-01-26\/blinken-viajara-para-israel-palestina-e-egito-para-reducir-tensoes\/#breadcrumb"},"inLanguage":"pt-BR","potentialAction":[{"@type":"ReadAction","target":["https:\/\/pre.efe.com\/pt-br\/mundo-2\/2023-01-26\/blinken-viajara-para-israel-palestina-e-egito-para-reducir-tensoes\/"]}]},{"@type":"ImageObject","inLanguage":"pt-BR","@id":"https:\/\/pre.efe.com\/pt-br\/mundo-2\/2023-01-26\/blinken-viajara-para-israel-palestina-e-egito-para-reducir-tensoes\/#primaryimage","url":"https:\/\/pre.efe.com\/wp-content\/uploads\/2022\/12\/INDONESIA-USA-DIPLOMACY-bbb.jpg","contentUrl":"https:\/\/pre.efe.com\/wp-content\/uploads\/2022\/12\/INDONESIA-USA-DIPLOMACY-bbb.jpg","width":900,"height":600,"caption":"O secret\u00e1rio de Estado de Estados Unidos, Antony Blinken, em uma imagem de arquivo. EFE\/EPA\/Made Nagi"},{"@type":"BreadcrumbList","@id":"https:\/\/pre.efe.com\/pt-br\/mundo-2\/2023-01-26\/blinken-viajara-para-israel-palestina-e-egito-para-reducir-tensoes\/#breadcrumb","itemListElement":[{"@type":"ListItem","position":1,"name":"Portada","item":"https:\/\/pre.efe.com\/pt-br\/"},{"@type":"ListItem","position":2,"name":"Blinken viajar\u00e1 para Israel, Palestina e Egito para reducir tens\u00f5es"}]},{"@type":"WebSite","@id":"https:\/\/pre.efe.com\/pt-br\/#website","url":"https:\/\/pre.efe.com\/pt-br\/","name":"EFE Noticias","description":"","publisher":{"@id":"https:\/\/pre.efe.com\/pt-br\/#organization"},"potentialAction":[{"@type":"SearchAction","target":{"@type":"EntryPoint","urlTemplate":"https:\/\/pre.efe.com\/pt-br\/?s={search_term_string}"},"query-input":{"@type":"PropertyValueSpecification","valueRequired":true,"valueName":"search_term_string"}}],"inLanguage":"pt-BR"},{"@type":"Organization","@id":"https:\/\/pre.efe.com\/pt-br\/#organization","name":"Agencia EFE","url":"https:\/\/pre.efe.com\/pt-br\/","logo":{"@type":"ImageObject","inLanguage":"pt-BR","@id":"https:\/\/pre.efe.com\/pt-br\/#\/schema\/logo\/image\/","url":"https:\/\/pre.efe.com\/wp-content\/uploads\/2023\/06\/logo-efe-467.png","contentUrl":"https:\/\/pre.efe.com\/wp-content\/uploads\/2023\/06\/logo-efe-467.png","width":467,"height":467,"caption":"Agencia EFE"},"image":{"@id":"https:\/\/pre.efe.com\/pt-br\/#\/schema\/logo\/image\/"},"sameAs":["https:\/\/www.facebook.com\/AgenciaEFEnoticias\/","https:\/\/x.com\/efenoticias","https:\/\/www.instagram.com\/efe_noticias\/","http:\/\/www.youtube.com\/efe"]},{"@type":"Person","@id":"https:\/\/pre.efe.com\/pt-br\/#\/schema\/person\/c8c047900fe822135c5dfe18a69664f4","name":"manuelperezefe","image":{"@type":"ImageObject","inLanguage":"pt-BR","@id":"https:\/\/secure.gravatar.com\/avatar\/a6fd18d9072b150b9ba2a1672f7376f89fea0722b25bef234c1ed8d93c9af0d5?s=96&d=identicon&r=g","url":"https:\/\/secure.gravatar.com\/avatar\/a6fd18d9072b150b9ba2a1672f7376f89fea0722b25bef234c1ed8d93c9af0d5?s=96&d=identicon&r=g","contentUrl":"https:\/\/secure.gravatar.com\/avatar\/a6fd18d9072b150b9ba2a1672f7376f89fea0722b25bef234c1ed8d93c9af0d5?s=96&d=identicon&r=g","caption":"manuelperezefe"},"url":"https:\/\/pre.efe.com\/pt-br\/autor\/manuelperezefe\/"}]}},"jetpack_featured_media_url":"https:\/\/pre.efe.com\/wp-content\/uploads\/2022\/12\/INDONESIA-USA-DIPLOMACY-bbb.jpg","jetpack_shortlink":"https:\/\/wp.me\/peJvHm-14WX","jetpack_sharing_enabled":true,"_links":{"self":[{"href":"https:\/\/pre.efe.com\/pt-br\/wp-json\/wp\/v2\/posts\/257359","targetHints":{"allow":["GET"]}}],"collection":[{"href":"https:\/\/pre.efe.com\/pt-br\/wp-json\/wp\/v2\/posts"}],"about":[{"href":"https:\/\/pre.efe.com\/pt-br\/wp-json\/wp\/v2\/types\/post"}],"author":[{"embeddable":true,"href":"https:\/\/pre.efe.com\/pt-br\/wp-json\/wp\/v2\/users\/198164108"}],"replies":[{"embeddable":true,"href":"https:\/\/pre.efe.com\/pt-br\/wp-json\/wp\/v2\/comments?post=257359"}],"version-history":[{"count":3,"href":"https:\/\/pre.efe.com\/pt-br\/wp-json\/wp\/v2\/posts\/257359\/revisions"}],"predecessor-version":[{"id":257365,"href":"https:\/\/pre.efe.com\/pt-br\/wp-json\/wp\/v2\/posts\/257359\/revisions\/257365"}],"wp:featuredmedia":[{"embeddable":true,"href":"https:\/\/pre.efe.com\/pt-br\/wp-json\/wp\/v2\/media\/217157"}],"wp:attachment":[{"href":"https:\/\/pre.efe.com\/pt-br\/wp-json\/wp\/v2\/media?parent=257359"}],"wp:term":[{"taxonomy":"category","embeddable":true,"href":"https:\/\/pre.efe.com\/pt-br\/wp-json\/wp\/v2\/categories?post=257359"},{"taxonomy":"post_tag","embeddable":true,"href":"https:\/\/pre.efe.com\/pt-br\/wp-json\/wp\/v2\/tags?post=257359"}],"curies":[{"name":"wp","href":"https:\/\/api.w.org\/{rel}","templated":true}]}}