{"id":265442,"date":"2023-02-01T22:55:41","date_gmt":"2023-02-01T21:55:41","guid":{"rendered":"https:\/\/pre.efe.com\/?p=265442"},"modified":"2023-02-01T22:55:43","modified_gmt":"2023-02-01T21:55:43","slug":"fed-adverte-que-unico-caminho-e-congresso-elevar-teto-da-divida-dos-eua","status":"publish","type":"post","link":"https:\/\/pre.efe.com\/pt-br\/mundo-2\/2023-02-01\/fed-adverte-que-unico-caminho-e-congresso-elevar-teto-da-divida-dos-eua\/","title":{"rendered":"Fed adverte que &#8220;\u00fanico caminho&#8221; \u00e9 Congresso elevar teto da d\u00edvida dos EUA"},"content":{"rendered":"\n<p>Washington (EFE).- O presidente do Federal Reserve (banco central dos EUA), Jerome Powell, pediu nesta quarta-feira para que o Congresso comece a trabalhar no aumento do teto da d\u00edvida e disse que qualquer desvio no caminho ser\u00e1 &#8220;muito arriscado&#8221;.<\/p>\n\n\n\n<blockquote class=\"wp-block-quote is-layout-flow wp-block-quote-is-layout-flow\">\n<p>&#8220;H\u00e1 apenas um caminho a seguir: o Congresso aumentar o teto da d\u00edvida para que o governo dos EUA possa pagar todas as suas obriga\u00e7\u00f5es&#8221;, disse em entrevista coletiva ap\u00f3s o an\u00fancio de um novo aumento nas taxas de juro.<\/p>\n<\/blockquote>\n\n\n\n<p>Qualquer &#8220;desvio desse caminho&#8221; ser\u00e1 muito &#8220;arriscado&#8221; e &#8220;ningu\u00e9m deve assumir que o Fed pode proteger a economia&#8221;, argumentou Powell, que ocupa o cargo desde que foi nomeado em 2017 pelo ent\u00e3o presidente republicano Donald Trump.<\/p>\n\n\n\n<p>Os republicanos da C\u00e2mara dos Representantes, que det\u00eam uma apertada maioria de assentos, disseram que far\u00e3o v\u00e1rios cortes como condi\u00e7\u00e3o para aprovar o aumento do limite da d\u00edvida.<\/p>\n\n\n\n<p>O presidente dos EUA, o democrata Joe Biden, recebe o l\u00edder da maioria republicana, Kevin McCarthy, na Casa Branca nesta quarta-feira para pedir ao partido que aumente o teto da d\u00edvida e negocie poss\u00edveis cortes nas despesas.<\/p>\n\n\n\n<p>Em 19 de janeiro, a secret\u00e1ria do Tesouro, Janet Yellen, anunciou que o pa\u00eds tinha atingido o atual limite m\u00e1ximo da d\u00edvida, de US$ 31,4 trilh\u00f5es, e que uma s\u00e9rie de medidas extraordin\u00e1rias estava sendo implementada para que o governo n\u00e3o se encontrasse imediatamente no precip\u00edcio do calote.<\/p>\n\n\n\n<p>Powell se recusou a responder se o Fed est\u00e1 fazendo algum planejamento caso o Congresso n\u00e3o chegue a um acordo e disse que estava convencido de que eles seriam capazes de chegar a um acordo.<\/p>\n\n\n\n<blockquote class=\"wp-block-quote is-layout-flow wp-block-quote-is-layout-flow\">\n<p>&#8220;Penso que o Congresso acabar\u00e1 agindo e ter\u00e1 de aumentar o teto da d\u00edvida de uma forma que n\u00e3o arrisque o progresso que estamos fazendo em mat\u00e9ria de infla\u00e7\u00e3o, da economia e do setor financeiro&#8221;, comentou.<\/p>\n<\/blockquote>\n\n\n\n<p>O teto da d\u00edvida \u00e9 o montante total de dinheiro que o governo est\u00e1 autorizado a pedir emprestado para cumprir as suas obriga\u00e7\u00f5es legais existentes para pagar os benef\u00edcios da Seguran\u00e7a Social e Medicare, sal\u00e1rios militares, juros da d\u00edvida nacional, restitui\u00e7\u00f5es de impostos e outros pagamentos.<\/p>\n\n\n\n<p>De tempos a tempos, os Estados Unidos enfrentam o descumprimento da d\u00edvida nacional porque, ao contr\u00e1rio de outros pa\u00edses, o governo americano s\u00f3 pode emitir d\u00edvida at\u00e9 o limite estabelecido pelo Congresso, que tem o poder de elevar esse limite como achar conveniente.<\/p>\n\n\n\n<p>Se o Congresso n\u00e3o concordar em levantar ou suspender o limite m\u00e1ximo, o pa\u00eds ser\u00e1 for\u00e7ado a n\u00e3o pagar as suas d\u00edvidas, o que poder\u00e1 desencadear uma crise financeira global.&nbsp;EFE<\/p>\n","protected":false},"excerpt":{"rendered":"<p>Washington (EFE).- O presidente do Federal Reserve (banco central dos EUA), Jerome Powell, pediu nesta quarta-feira para que o Congresso comece a trabalhar no aumento do teto da d\u00edvida e disse que qualquer desvio no caminho ser\u00e1 &#8220;muito arriscado&#8221;. &#8220;H\u00e1 apenas um caminho a seguir: o Congresso aumentar o teto da d\u00edvida para que o &#8230; <a title=\"Fed adverte que &#8220;\u00fanico caminho&#8221; \u00e9 Congresso elevar teto da d\u00edvida dos EUA\" class=\"read-more\" href=\"https:\/\/pre.efe.com\/pt-br\/mundo-2\/2023-02-01\/fed-adverte-que-unico-caminho-e-congresso-elevar-teto-da-divida-dos-eua\/\" aria-label=\"Read more about Fed adverte que &#8220;\u00fanico caminho&#8221; \u00e9 Congresso elevar teto da d\u00edvida dos EUA\">Leia mais<\/a><\/p>\n","protected":false},"author":198164106,"featured_media":265423,"comment_status":"closed","ping_status":"closed","sticky":false,"template":"","format":"standard","meta":{"_acf_changed":false,"_jetpack_memberships_contains_paid_content":false,"footnotes":""},"categories":[123208,122141],"tags":[123239,122371],"class_list":["post-265442","post","type-post","status-publish","format-standard","has-post-thumbnail","hentry","category-mundo-2","category-portada","tag-economia-2","tag-eua","generate-columns","tablet-grid-50","mobile-grid-100","grid-parent","grid-50"],"acf":[],"yoast_head":"<!-- This site is optimized with the Yoast SEO Premium plugin v26.0 (Yoast SEO v27.5) - https:\/\/yoast.com\/product\/yoast-seo-premium-wordpress\/ -->\n<title>Fed adverte que &quot;\u00fanico caminho&quot; \u00e9 Congresso elevar teto da d\u00edvida dos EUA - EFE<\/title>\n<meta name=\"robots\" content=\"noindex, follow\" \/>\n<meta property=\"og:locale\" content=\"pt_BR\" \/>\n<meta property=\"og:type\" content=\"article\" \/>\n<meta property=\"og:title\" content=\"Fed adverte que &quot;\u00fanico caminho&quot; \u00e9 Congresso elevar teto da d\u00edvida dos EUA - EFE\" \/>\n<meta property=\"og:description\" content=\"Washington (EFE).- O presidente do Federal Reserve (banco central dos EUA), Jerome Powell, pediu nesta quarta-feira para que o Congresso comece a trabalhar no aumento do teto da d\u00edvida e disse que qualquer desvio no caminho ser\u00e1 &#8220;muito arriscado&#8221;. &#8220;H\u00e1 apenas um caminho a seguir: o Congresso aumentar o teto da d\u00edvida para que o ... Leia mais\" \/>\n<meta property=\"og:url\" content=\"https:\/\/pre.efe.com\/pt-br\/mundo-2\/2023-02-01\/fed-adverte-que-unico-caminho-e-congresso-elevar-teto-da-divida-dos-eua\/\" \/>\n<meta property=\"og:site_name\" content=\"EFE Noticias\" \/>\n<meta property=\"article:publisher\" content=\"https:\/\/www.facebook.com\/AgenciaEFEnoticias\/\" \/>\n<meta property=\"article:published_time\" content=\"2023-02-01T21:55:41+00:00\" \/>\n<meta property=\"article:modified_time\" content=\"2023-02-01T21:55:43+00:00\" \/>\n<meta property=\"og:image\" content=\"https:\/\/i0.wp.com\/efe.com\/\/srv\/htdocs\/wp-content\/uploads\/2023\/02\/Fed1.jpg?fit=1920%2C1280&ssl=1\" \/>\n\t<meta property=\"og:image:width\" content=\"1920\" \/>\n\t<meta property=\"og:image:height\" content=\"1280\" \/>\n\t<meta property=\"og:image:type\" content=\"image\/jpeg\" \/>\n<meta name=\"author\" content=\"anachain\" \/>\n<meta name=\"twitter:card\" content=\"summary_large_image\" \/>\n<meta name=\"twitter:creator\" content=\"@efenoticias\" \/>\n<meta name=\"twitter:site\" content=\"@efenoticias\" \/>\n<script type=\"application\/ld+json\" class=\"yoast-schema-graph\">{\"@context\":\"https:\\\/\\\/schema.org\",\"@graph\":[{\"@type\":\"NewsArticle\",\"@id\":\"https:\\\/\\\/pre.efe.com\\\/pt-br\\\/mundo-2\\\/2023-02-01\\\/fed-adverte-que-unico-caminho-e-congresso-elevar-teto-da-divida-dos-eua\\\/#article\",\"isPartOf\":{\"@id\":\"https:\\\/\\\/pre.efe.com\\\/pt-br\\\/mundo-2\\\/2023-02-01\\\/fed-adverte-que-unico-caminho-e-congresso-elevar-teto-da-divida-dos-eua\\\/\"},\"author\":{\"name\":\"anachain\",\"@id\":\"https:\\\/\\\/pre.efe.com\\\/pt-br\\\/#\\\/schema\\\/person\\\/b19f23f210db552768f68a4b552b004f\"},\"headline\":\"Fed adverte que &#8220;\u00fanico caminho&#8221; \u00e9 Congresso elevar teto da d\u00edvida dos EUA\",\"datePublished\":\"2023-02-01T21:55:41+00:00\",\"dateModified\":\"2023-02-01T21:55:43+00:00\",\"mainEntityOfPage\":{\"@id\":\"https:\\\/\\\/pre.efe.com\\\/pt-br\\\/mundo-2\\\/2023-02-01\\\/fed-adverte-que-unico-caminho-e-congresso-elevar-teto-da-divida-dos-eua\\\/\"},\"wordCount\":477,\"publisher\":{\"@id\":\"https:\\\/\\\/pre.efe.com\\\/pt-br\\\/#organization\"},\"image\":{\"@id\":\"https:\\\/\\\/pre.efe.com\\\/pt-br\\\/mundo-2\\\/2023-02-01\\\/fed-adverte-que-unico-caminho-e-congresso-elevar-teto-da-divida-dos-eua\\\/#primaryimage\"},\"thumbnailUrl\":\"https:\\\/\\\/pre.efe.com\\\/wp-content\\\/uploads\\\/2023\\\/02\\\/Fed1.jpg\",\"keywords\":[\"Economia\",\"EUA\"],\"articleSection\":[\"Mundo\",\"Portada\"],\"inLanguage\":\"pt-BR\",\"copyrightYear\":\"2023\",\"copyrightHolder\":{\"@id\":\"https:\\\/\\\/pre.efe.com\\\/#organization\"}},{\"@type\":[\"WebPage\",\"ItemPage\"],\"@id\":\"https:\\\/\\\/pre.efe.com\\\/pt-br\\\/mundo-2\\\/2023-02-01\\\/fed-adverte-que-unico-caminho-e-congresso-elevar-teto-da-divida-dos-eua\\\/\",\"url\":\"https:\\\/\\\/pre.efe.com\\\/pt-br\\\/mundo-2\\\/2023-02-01\\\/fed-adverte-que-unico-caminho-e-congresso-elevar-teto-da-divida-dos-eua\\\/\",\"name\":\"Fed adverte que \\\"\u00fanico caminho\\\" \u00e9 Congresso elevar teto da d\u00edvida dos EUA - EFE\",\"isPartOf\":{\"@id\":\"https:\\\/\\\/pre.efe.com\\\/pt-br\\\/#website\"},\"primaryImageOfPage\":{\"@id\":\"https:\\\/\\\/pre.efe.com\\\/pt-br\\\/mundo-2\\\/2023-02-01\\\/fed-adverte-que-unico-caminho-e-congresso-elevar-teto-da-divida-dos-eua\\\/#primaryimage\"},\"image\":{\"@id\":\"https:\\\/\\\/pre.efe.com\\\/pt-br\\\/mundo-2\\\/2023-02-01\\\/fed-adverte-que-unico-caminho-e-congresso-elevar-teto-da-divida-dos-eua\\\/#primaryimage\"},\"thumbnailUrl\":\"https:\\\/\\\/pre.efe.com\\\/wp-content\\\/uploads\\\/2023\\\/02\\\/Fed1.jpg\",\"datePublished\":\"2023-02-01T21:55:41+00:00\",\"dateModified\":\"2023-02-01T21:55:43+00:00\",\"breadcrumb\":{\"@id\":\"https:\\\/\\\/pre.efe.com\\\/pt-br\\\/mundo-2\\\/2023-02-01\\\/fed-adverte-que-unico-caminho-e-congresso-elevar-teto-da-divida-dos-eua\\\/#breadcrumb\"},\"inLanguage\":\"pt-BR\",\"potentialAction\":[{\"@type\":\"ReadAction\",\"target\":[\"https:\\\/\\\/pre.efe.com\\\/pt-br\\\/mundo-2\\\/2023-02-01\\\/fed-adverte-que-unico-caminho-e-congresso-elevar-teto-da-divida-dos-eua\\\/\"]}]},{\"@type\":\"ImageObject\",\"inLanguage\":\"pt-BR\",\"@id\":\"https:\\\/\\\/pre.efe.com\\\/pt-br\\\/mundo-2\\\/2023-02-01\\\/fed-adverte-que-unico-caminho-e-congresso-elevar-teto-da-divida-dos-eua\\\/#primaryimage\",\"url\":\"https:\\\/\\\/pre.efe.com\\\/wp-content\\\/uploads\\\/2023\\\/02\\\/Fed1.jpg\",\"contentUrl\":\"https:\\\/\\\/pre.efe.com\\\/wp-content\\\/uploads\\\/2023\\\/02\\\/Fed1.jpg\",\"width\":1920,\"height\":1280,\"caption\":\"Jerome Powell, durante uma coletiva nesta quarta-feira. EFE\\\/Michael Reynolds\"},{\"@type\":\"BreadcrumbList\",\"@id\":\"https:\\\/\\\/pre.efe.com\\\/pt-br\\\/mundo-2\\\/2023-02-01\\\/fed-adverte-que-unico-caminho-e-congresso-elevar-teto-da-divida-dos-eua\\\/#breadcrumb\",\"itemListElement\":[{\"@type\":\"ListItem\",\"position\":1,\"name\":\"Portada\",\"item\":\"https:\\\/\\\/pre.efe.com\\\/pt-br\\\/\"},{\"@type\":\"ListItem\",\"position\":2,\"name\":\"Fed adverte que &#8220;\u00fanico caminho&#8221; \u00e9 Congresso elevar teto da d\u00edvida dos EUA\"}]},{\"@type\":\"WebSite\",\"@id\":\"https:\\\/\\\/pre.efe.com\\\/pt-br\\\/#website\",\"url\":\"https:\\\/\\\/pre.efe.com\\\/pt-br\\\/\",\"name\":\"EFE Noticias\",\"description\":\"\",\"publisher\":{\"@id\":\"https:\\\/\\\/pre.efe.com\\\/pt-br\\\/#organization\"},\"potentialAction\":[{\"@type\":\"SearchAction\",\"target\":{\"@type\":\"EntryPoint\",\"urlTemplate\":\"https:\\\/\\\/pre.efe.com\\\/pt-br\\\/?s={search_term_string}\"},\"query-input\":{\"@type\":\"PropertyValueSpecification\",\"valueRequired\":true,\"valueName\":\"search_term_string\"}}],\"inLanguage\":\"pt-BR\"},{\"@type\":\"Organization\",\"@id\":\"https:\\\/\\\/pre.efe.com\\\/pt-br\\\/#organization\",\"name\":\"Agencia EFE\",\"url\":\"https:\\\/\\\/pre.efe.com\\\/pt-br\\\/\",\"logo\":{\"@type\":\"ImageObject\",\"inLanguage\":\"pt-BR\",\"@id\":\"https:\\\/\\\/pre.efe.com\\\/pt-br\\\/#\\\/schema\\\/logo\\\/image\\\/\",\"url\":\"https:\\\/\\\/pre.efe.com\\\/wp-content\\\/uploads\\\/2023\\\/06\\\/logo-efe-467.png\",\"contentUrl\":\"https:\\\/\\\/pre.efe.com\\\/wp-content\\\/uploads\\\/2023\\\/06\\\/logo-efe-467.png\",\"width\":467,\"height\":467,\"caption\":\"Agencia EFE\"},\"image\":{\"@id\":\"https:\\\/\\\/pre.efe.com\\\/pt-br\\\/#\\\/schema\\\/logo\\\/image\\\/\"},\"sameAs\":[\"https:\\\/\\\/www.facebook.com\\\/AgenciaEFEnoticias\\\/\",\"https:\\\/\\\/x.com\\\/efenoticias\",\"https:\\\/\\\/www.instagram.com\\\/efe_noticias\\\/\",\"http:\\\/\\\/www.youtube.com\\\/efe\"]},{\"@type\":\"Person\",\"@id\":\"https:\\\/\\\/pre.efe.com\\\/pt-br\\\/#\\\/schema\\\/person\\\/b19f23f210db552768f68a4b552b004f\",\"name\":\"anachain\",\"image\":{\"@type\":\"ImageObject\",\"inLanguage\":\"pt-BR\",\"@id\":\"https:\\\/\\\/secure.gravatar.com\\\/avatar\\\/30b83965911ef1108bb893c00bdd65c885f9890e1265ee04b02c3d5adc785d37?s=96&d=identicon&r=g\",\"url\":\"https:\\\/\\\/secure.gravatar.com\\\/avatar\\\/30b83965911ef1108bb893c00bdd65c885f9890e1265ee04b02c3d5adc785d37?s=96&d=identicon&r=g\",\"contentUrl\":\"https:\\\/\\\/secure.gravatar.com\\\/avatar\\\/30b83965911ef1108bb893c00bdd65c885f9890e1265ee04b02c3d5adc785d37?s=96&d=identicon&r=g\",\"caption\":\"anachain\"},\"url\":\"https:\\\/\\\/pre.efe.com\\\/pt-br\\\/autor\\\/anachain\\\/\"}]}<\/script>\n<!-- \/ Yoast SEO Premium plugin. -->","yoast_head_json":{"title":"Fed adverte que \"\u00fanico caminho\" \u00e9 Congresso elevar teto da d\u00edvida dos EUA - EFE","robots":{"index":"noindex","follow":"follow"},"og_locale":"pt_BR","og_type":"article","og_title":"Fed adverte que \"\u00fanico caminho\" \u00e9 Congresso elevar teto da d\u00edvida dos EUA - EFE","og_description":"Washington (EFE).- O presidente do Federal Reserve (banco central dos EUA), Jerome Powell, pediu nesta quarta-feira para que o Congresso comece a trabalhar no aumento do teto da d\u00edvida e disse que qualquer desvio no caminho ser\u00e1 &#8220;muito arriscado&#8221;. &#8220;H\u00e1 apenas um caminho a seguir: o Congresso aumentar o teto da d\u00edvida para que o ... Leia mais","og_url":"https:\/\/pre.efe.com\/pt-br\/mundo-2\/2023-02-01\/fed-adverte-que-unico-caminho-e-congresso-elevar-teto-da-divida-dos-eua\/","og_site_name":"EFE Noticias","article_publisher":"https:\/\/www.facebook.com\/AgenciaEFEnoticias\/","article_published_time":"2023-02-01T21:55:41+00:00","article_modified_time":"2023-02-01T21:55:43+00:00","og_image":[{"width":1920,"height":1280,"url":"https:\/\/i0.wp.com\/efe.com\/\/srv\/htdocs\/wp-content\/uploads\/2023\/02\/Fed1.jpg?fit=1920%2C1280&ssl=1","type":"image\/jpeg"}],"author":"anachain","twitter_card":"summary_large_image","twitter_creator":"@efenoticias","twitter_site":"@efenoticias","schema":{"@context":"https:\/\/schema.org","@graph":[{"@type":"NewsArticle","@id":"https:\/\/pre.efe.com\/pt-br\/mundo-2\/2023-02-01\/fed-adverte-que-unico-caminho-e-congresso-elevar-teto-da-divida-dos-eua\/#article","isPartOf":{"@id":"https:\/\/pre.efe.com\/pt-br\/mundo-2\/2023-02-01\/fed-adverte-que-unico-caminho-e-congresso-elevar-teto-da-divida-dos-eua\/"},"author":{"name":"anachain","@id":"https:\/\/pre.efe.com\/pt-br\/#\/schema\/person\/b19f23f210db552768f68a4b552b004f"},"headline":"Fed adverte que &#8220;\u00fanico caminho&#8221; \u00e9 Congresso elevar teto da d\u00edvida dos EUA","datePublished":"2023-02-01T21:55:41+00:00","dateModified":"2023-02-01T21:55:43+00:00","mainEntityOfPage":{"@id":"https:\/\/pre.efe.com\/pt-br\/mundo-2\/2023-02-01\/fed-adverte-que-unico-caminho-e-congresso-elevar-teto-da-divida-dos-eua\/"},"wordCount":477,"publisher":{"@id":"https:\/\/pre.efe.com\/pt-br\/#organization"},"image":{"@id":"https:\/\/pre.efe.com\/pt-br\/mundo-2\/2023-02-01\/fed-adverte-que-unico-caminho-e-congresso-elevar-teto-da-divida-dos-eua\/#primaryimage"},"thumbnailUrl":"https:\/\/pre.efe.com\/wp-content\/uploads\/2023\/02\/Fed1.jpg","keywords":["Economia","EUA"],"articleSection":["Mundo","Portada"],"inLanguage":"pt-BR","copyrightYear":"2023","copyrightHolder":{"@id":"https:\/\/pre.efe.com\/#organization"}},{"@type":["WebPage","ItemPage"],"@id":"https:\/\/pre.efe.com\/pt-br\/mundo-2\/2023-02-01\/fed-adverte-que-unico-caminho-e-congresso-elevar-teto-da-divida-dos-eua\/","url":"https:\/\/pre.efe.com\/pt-br\/mundo-2\/2023-02-01\/fed-adverte-que-unico-caminho-e-congresso-elevar-teto-da-divida-dos-eua\/","name":"Fed adverte que \"\u00fanico caminho\" \u00e9 Congresso elevar teto da d\u00edvida dos EUA - EFE","isPartOf":{"@id":"https:\/\/pre.efe.com\/pt-br\/#website"},"primaryImageOfPage":{"@id":"https:\/\/pre.efe.com\/pt-br\/mundo-2\/2023-02-01\/fed-adverte-que-unico-caminho-e-congresso-elevar-teto-da-divida-dos-eua\/#primaryimage"},"image":{"@id":"https:\/\/pre.efe.com\/pt-br\/mundo-2\/2023-02-01\/fed-adverte-que-unico-caminho-e-congresso-elevar-teto-da-divida-dos-eua\/#primaryimage"},"thumbnailUrl":"https:\/\/pre.efe.com\/wp-content\/uploads\/2023\/02\/Fed1.jpg","datePublished":"2023-02-01T21:55:41+00:00","dateModified":"2023-02-01T21:55:43+00:00","breadcrumb":{"@id":"https:\/\/pre.efe.com\/pt-br\/mundo-2\/2023-02-01\/fed-adverte-que-unico-caminho-e-congresso-elevar-teto-da-divida-dos-eua\/#breadcrumb"},"inLanguage":"pt-BR","potentialAction":[{"@type":"ReadAction","target":["https:\/\/pre.efe.com\/pt-br\/mundo-2\/2023-02-01\/fed-adverte-que-unico-caminho-e-congresso-elevar-teto-da-divida-dos-eua\/"]}]},{"@type":"ImageObject","inLanguage":"pt-BR","@id":"https:\/\/pre.efe.com\/pt-br\/mundo-2\/2023-02-01\/fed-adverte-que-unico-caminho-e-congresso-elevar-teto-da-divida-dos-eua\/#primaryimage","url":"https:\/\/pre.efe.com\/wp-content\/uploads\/2023\/02\/Fed1.jpg","contentUrl":"https:\/\/pre.efe.com\/wp-content\/uploads\/2023\/02\/Fed1.jpg","width":1920,"height":1280,"caption":"Jerome Powell, durante uma coletiva nesta quarta-feira. EFE\/Michael Reynolds"},{"@type":"BreadcrumbList","@id":"https:\/\/pre.efe.com\/pt-br\/mundo-2\/2023-02-01\/fed-adverte-que-unico-caminho-e-congresso-elevar-teto-da-divida-dos-eua\/#breadcrumb","itemListElement":[{"@type":"ListItem","position":1,"name":"Portada","item":"https:\/\/pre.efe.com\/pt-br\/"},{"@type":"ListItem","position":2,"name":"Fed adverte que &#8220;\u00fanico caminho&#8221; \u00e9 Congresso elevar teto da d\u00edvida dos EUA"}]},{"@type":"WebSite","@id":"https:\/\/pre.efe.com\/pt-br\/#website","url":"https:\/\/pre.efe.com\/pt-br\/","name":"EFE Noticias","description":"","publisher":{"@id":"https:\/\/pre.efe.com\/pt-br\/#organization"},"potentialAction":[{"@type":"SearchAction","target":{"@type":"EntryPoint","urlTemplate":"https:\/\/pre.efe.com\/pt-br\/?s={search_term_string}"},"query-input":{"@type":"PropertyValueSpecification","valueRequired":true,"valueName":"search_term_string"}}],"inLanguage":"pt-BR"},{"@type":"Organization","@id":"https:\/\/pre.efe.com\/pt-br\/#organization","name":"Agencia EFE","url":"https:\/\/pre.efe.com\/pt-br\/","logo":{"@type":"ImageObject","inLanguage":"pt-BR","@id":"https:\/\/pre.efe.com\/pt-br\/#\/schema\/logo\/image\/","url":"https:\/\/pre.efe.com\/wp-content\/uploads\/2023\/06\/logo-efe-467.png","contentUrl":"https:\/\/pre.efe.com\/wp-content\/uploads\/2023\/06\/logo-efe-467.png","width":467,"height":467,"caption":"Agencia EFE"},"image":{"@id":"https:\/\/pre.efe.com\/pt-br\/#\/schema\/logo\/image\/"},"sameAs":["https:\/\/www.facebook.com\/AgenciaEFEnoticias\/","https:\/\/x.com\/efenoticias","https:\/\/www.instagram.com\/efe_noticias\/","http:\/\/www.youtube.com\/efe"]},{"@type":"Person","@id":"https:\/\/pre.efe.com\/pt-br\/#\/schema\/person\/b19f23f210db552768f68a4b552b004f","name":"anachain","image":{"@type":"ImageObject","inLanguage":"pt-BR","@id":"https:\/\/secure.gravatar.com\/avatar\/30b83965911ef1108bb893c00bdd65c885f9890e1265ee04b02c3d5adc785d37?s=96&d=identicon&r=g","url":"https:\/\/secure.gravatar.com\/avatar\/30b83965911ef1108bb893c00bdd65c885f9890e1265ee04b02c3d5adc785d37?s=96&d=identicon&r=g","contentUrl":"https:\/\/secure.gravatar.com\/avatar\/30b83965911ef1108bb893c00bdd65c885f9890e1265ee04b02c3d5adc785d37?s=96&d=identicon&r=g","caption":"anachain"},"url":"https:\/\/pre.efe.com\/pt-br\/autor\/anachain\/"}]}},"jetpack_featured_media_url":"https:\/\/pre.efe.com\/wp-content\/uploads\/2023\/02\/Fed1.jpg","jetpack_shortlink":"https:\/\/wp.me\/peJvHm-173k","jetpack_sharing_enabled":true,"_links":{"self":[{"href":"https:\/\/pre.efe.com\/pt-br\/wp-json\/wp\/v2\/posts\/265442","targetHints":{"allow":["GET"]}}],"collection":[{"href":"https:\/\/pre.efe.com\/pt-br\/wp-json\/wp\/v2\/posts"}],"about":[{"href":"https:\/\/pre.efe.com\/pt-br\/wp-json\/wp\/v2\/types\/post"}],"author":[{"embeddable":true,"href":"https:\/\/pre.efe.com\/pt-br\/wp-json\/wp\/v2\/users\/198164106"}],"replies":[{"embeddable":true,"href":"https:\/\/pre.efe.com\/pt-br\/wp-json\/wp\/v2\/comments?post=265442"}],"version-history":[{"count":2,"href":"https:\/\/pre.efe.com\/pt-br\/wp-json\/wp\/v2\/posts\/265442\/revisions"}],"predecessor-version":[{"id":265448,"href":"https:\/\/pre.efe.com\/pt-br\/wp-json\/wp\/v2\/posts\/265442\/revisions\/265448"}],"wp:featuredmedia":[{"embeddable":true,"href":"https:\/\/pre.efe.com\/pt-br\/wp-json\/wp\/v2\/media\/265423"}],"wp:attachment":[{"href":"https:\/\/pre.efe.com\/pt-br\/wp-json\/wp\/v2\/media?parent=265442"}],"wp:term":[{"taxonomy":"category","embeddable":true,"href":"https:\/\/pre.efe.com\/pt-br\/wp-json\/wp\/v2\/categories?post=265442"},{"taxonomy":"post_tag","embeddable":true,"href":"https:\/\/pre.efe.com\/pt-br\/wp-json\/wp\/v2\/tags?post=265442"}],"curies":[{"name":"wp","href":"https:\/\/api.w.org\/{rel}","templated":true}]}}