{"id":276115,"date":"2023-02-09T16:06:59","date_gmt":"2023-02-09T15:06:59","guid":{"rendered":"https:\/\/pre.efe.com\/?p=276115"},"modified":"2023-02-09T16:07:02","modified_gmt":"2023-02-09T15:07:02","slug":"polemico-toque-de-recolher-sera-decretado-no-epicentro-de-incendios-no-chile","status":"publish","type":"post","link":"https:\/\/pre.efe.com\/pt-br\/portada\/2023-02-09\/polemico-toque-de-recolher-sera-decretado-no-epicentro-de-incendios-no-chile\/","title":{"rendered":"Toque de recolher ser\u00e1 decretado em regi\u00e3o afetada por inc\u00eandios no Chile"},"content":{"rendered":"\n<p>Concepci\u00f3n (Chile) (EFE).- O contra-almirante Jorge Keitel, chefe da Defesa da regi\u00e3o central de Biob\u00edo, epicentro dos <a href=\"https:\/\/pre.efe.com\/portada-america\/chile-pone-en-alerta-de-incendios-a-una-region-metropolitana-po-la-ola-de-calor\/\">graves inc\u00eandios<\/a> que assolam o Chile, anunciou nesta quinta-feira que ser\u00e1 decretado um pol\u00eamico toque de recolher em oito comunas a partir de amanh\u00e3 para prevenir poss\u00edveis assaltos e saques.<\/p>\n\n\n\n<p><br>Segundo o militar, a medida restritiva come\u00e7ar\u00e1 \u00e0 meia-noite e afetar\u00e1 as comunas de Arauco e Contulmo, na prov\u00edncia de Arauco; Mulch\u00e9n e Nacimiento na prov\u00edncia de Biob\u00edo; Tom\u00e9, Florida, Santa Juana e Hualqui na prov\u00edncia de Concepci\u00f3n.<br><\/p>\n\n\n\n<p>A decis\u00e3o \u00e9 adotada poucas horas depois que o presidente chileno, Gabriel Boric, ter anunciado essa possibilidade durante uma visita a Santa Juana e em meio a uma pol\u00eamica sobre a conveni\u00eancia de restringir os movimentos.<br><\/p>\n\n\n\n<h2 class=\"wp-block-heading\">Solicita\u00e7\u00e3o feita por empres\u00e1rios <\/h2>\n\n\n\n<p>A solicita\u00e7\u00e3o pelo toque de recolher foi feita por grupos de empres\u00e1rios, mas as equipes de resgate que combatem o inc\u00eandio s\u00e3o contra por dificultar a a\u00e7\u00e3o r\u00e1pida contra novos focos e dificultar os trabalhos de evacua\u00e7\u00e3o caso as chamas se alastrem.<br><\/p>\n\n\n\n<p>Os inc\u00eandios, que completam uma semana e ainda n\u00e3o foram controlados, causaram a morte de 24 pessoas, destru\u00edram mais de 1,2 mil resid\u00eancias e deixaram mais de 5,5 mil desabrigados nas regi\u00f5es de \u00d1uble, Biob\u00edo, La Araucan\u00eda e Maule.<br><\/p>\n\n\n\n<p>A falta de meios &#8211; no Chile o corpo de bombeiros n\u00e3o \u00e9 profissional -, a m\u00e1 gest\u00e3o das florestas e as condi\u00e7\u00f5es clim\u00e1ticas adversas aceleraram a trag\u00e9dia, a mais grave de sua natureza no pa\u00eds.<br><\/p>\n\n\n\n<p>Um total de 15 pessoas foram presas at\u00e9 o momento por suposta responsabilidade no in\u00edcio do inc\u00eandio, a maioria por neglig\u00eancia. <\/p>\n\n\n\n<h2 class=\"wp-block-heading\">O governo recorrer\u00e1 \u00e0 for\u00e7a<\/h2>\n\n\n\n<p>O presidente do Chile, Gabriel Boric, alertou nesta quarta-feira que o governo recorrer\u00e1 \u00e0 for\u00e7a caso se repitam situa\u00e7\u00f5es em que pessoas impe\u00e7am o acesso \u00e0 \u00e1gua de suas piscinas e outros reservat\u00f3rios privados para as equipes que combatem os graves inc\u00eandios que devastam o pa\u00eds.<\/p>\n\n\n\n<blockquote class=\"wp-block-quote is-layout-flow wp-block-quote-is-layout-flow\">\n<p><br>Em entrevista coletiva em um abrigo em Santa Juana, epicentro da trag\u00e9dia, o presidente chileno destacou que &#8220;se necess\u00e1rio, m\u00e1quinas e \u00e1gua ser\u00e3o requisitadas \u00e0 for\u00e7a para quem n\u00e3o estiver disposto a entreg\u00e1-las&#8221;.<\/p>\n<cite>Gabriel Boric<\/cite><\/blockquote>\n\n\n\n<p><br>A pol\u00eamica veio \u00e0 tona depois que um piloto espanhol denunciou ter sido impedido de recarregar seu helic\u00f3ptero em uma piscina privada, evidenciando a falta de recursos e os problemas log\u00edsticos sofridos pelo Chile, pa\u00eds onde o corpo de bombeiros n\u00e3o \u00e9 profissional e est\u00e1 nas m\u00e3os de volunt\u00e1rios e empresas privadas licenciadas.<\/p>\n\n\n\n<p><br>Em sua quarta visita \u00e0 regi\u00e3o de Biobio, uma das mais afetadas, Boric pediu &#8220;responsabilidade&#8221; e &#8220;respeito&#8221; para os volunt\u00e1rios que combatem os inc\u00eandios e para aqueles que perderam suas casas ou entes queridos.<\/p>\n\n\n\n<p><br>\u201cExistem teimosos que continuaram realizando atividades de alto risco: hoje cortar a grama pode gerar uma fa\u00edsca\u201d, comentou.<br>Boric criticou ainda que \u201ch\u00e1 muita neglig\u00eancia dolosa na gera\u00e7\u00e3o dos inc\u00eandios\u201d e alertou os respons\u00e1veis \u200b\u200bpelos inc\u00eandios que \u201cser\u00e1 aplicado a eles todo o rigor da lei\u201d.<\/p>\n","protected":false},"excerpt":{"rendered":"<p>Concepci\u00f3n (Chile) (EFE).- O contra-almirante Jorge Keitel, chefe da Defesa da regi\u00e3o central de Biob\u00edo, epicentro dos graves inc\u00eandios que assolam o Chile, anunciou nesta quinta-feira que ser\u00e1 decretado um pol\u00eamico toque de recolher em oito comunas a partir de amanh\u00e3 para prevenir poss\u00edveis assaltos e saques. Segundo o militar, a medida restritiva come\u00e7ar\u00e1 \u00e0 &#8230; <a title=\"Toque de recolher ser\u00e1 decretado em regi\u00e3o afetada por inc\u00eandios no Chile\" class=\"read-more\" href=\"https:\/\/pre.efe.com\/pt-br\/portada\/2023-02-09\/polemico-toque-de-recolher-sera-decretado-no-epicentro-de-incendios-no-chile\/\" aria-label=\"Read more about Toque de recolher ser\u00e1 decretado em regi\u00e3o afetada por inc\u00eandios no Chile\">Leia mais<\/a><\/p>\n","protected":false},"author":198164108,"featured_media":272905,"comment_status":"closed","ping_status":"closed","sticky":false,"template":"","format":"standard","meta":{"_acf_changed":false,"_jetpack_memberships_contains_paid_content":false,"footnotes":""},"categories":[123208,122141],"tags":[123757],"class_list":["post-276115","post","type-post","status-publish","format-standard","has-post-thumbnail","hentry","category-mundo-2","category-portada","tag-chile-2","generate-columns","tablet-grid-50","mobile-grid-100","grid-parent","grid-50"],"acf":[],"yoast_head":"<!-- This site is optimized with the Yoast SEO Premium plugin v26.0 (Yoast SEO v27.5) - https:\/\/yoast.com\/product\/yoast-seo-premium-wordpress\/ -->\n<title>Toque de recolher ser\u00e1 decretado por inc\u00eandios no Chile<\/title>\n<meta name=\"description\" content=\"Autoridades chilenas anunciam que ser\u00e1 decretado um toque de recolher para prevenir poss\u00edveis assaltos e saques na regiao afetada pelos inc\u00eandios.\" \/>\n<meta name=\"robots\" content=\"noindex, follow\" \/>\n<meta property=\"og:locale\" content=\"pt_BR\" \/>\n<meta property=\"og:type\" content=\"article\" \/>\n<meta property=\"og:title\" content=\"Toque de recolher ser\u00e1 decretado em regi\u00e3o afetada por inc\u00eandios no Chile - EFE\" \/>\n<meta property=\"og:description\" content=\"Autoridades chilenas anunciam que ser\u00e1 decretado um toque de recolher para prevenir poss\u00edveis assaltos e saques na regiao afetada pelos inc\u00eandios.\" \/>\n<meta property=\"og:url\" content=\"https:\/\/pre.efe.com\/pt-br\/portada\/2023-02-09\/polemico-toque-de-recolher-sera-decretado-no-epicentro-de-incendios-no-chile\/\" \/>\n<meta property=\"og:site_name\" content=\"EFE Noticias\" \/>\n<meta property=\"article:publisher\" content=\"https:\/\/www.facebook.com\/AgenciaEFEnoticias\/\" \/>\n<meta property=\"article:published_time\" content=\"2023-02-09T15:06:59+00:00\" \/>\n<meta property=\"article:modified_time\" content=\"2023-02-09T15:07:02+00:00\" \/>\n<meta property=\"og:image\" content=\"https:\/\/i0.wp.com\/efe.com\/\/srv\/htdocs\/wp-content\/uploads\/2023\/02\/rss-efe46ae2bdf8bea383311206c44508e07d0fb661e02w.jpg?fit=1920%2C1280&ssl=1\" \/>\n\t<meta property=\"og:image:width\" content=\"1920\" \/>\n\t<meta property=\"og:image:height\" content=\"1280\" \/>\n\t<meta property=\"og:image:type\" content=\"image\/jpeg\" \/>\n<meta name=\"author\" content=\"manuelperezefe\" \/>\n<meta name=\"twitter:card\" content=\"summary_large_image\" \/>\n<meta name=\"twitter:creator\" content=\"@efenoticias\" \/>\n<meta name=\"twitter:site\" content=\"@efenoticias\" \/>\n<script type=\"application\/ld+json\" class=\"yoast-schema-graph\">{\"@context\":\"https:\\\/\\\/schema.org\",\"@graph\":[{\"@type\":\"NewsArticle\",\"@id\":\"https:\\\/\\\/pre.efe.com\\\/pt-br\\\/portada\\\/2023-02-09\\\/polemico-toque-de-recolher-sera-decretado-no-epicentro-de-incendios-no-chile\\\/#article\",\"isPartOf\":{\"@id\":\"https:\\\/\\\/pre.efe.com\\\/pt-br\\\/portada\\\/2023-02-09\\\/polemico-toque-de-recolher-sera-decretado-no-epicentro-de-incendios-no-chile\\\/\"},\"author\":{\"name\":\"manuelperezefe\",\"@id\":\"https:\\\/\\\/pre.efe.com\\\/pt-br\\\/#\\\/schema\\\/person\\\/c8c047900fe822135c5dfe18a69664f4\"},\"headline\":\"Toque de recolher ser\u00e1 decretado em regi\u00e3o afetada por inc\u00eandios no Chile\",\"datePublished\":\"2023-02-09T15:06:59+00:00\",\"dateModified\":\"2023-02-09T15:07:02+00:00\",\"mainEntityOfPage\":{\"@id\":\"https:\\\/\\\/pre.efe.com\\\/pt-br\\\/portada\\\/2023-02-09\\\/polemico-toque-de-recolher-sera-decretado-no-epicentro-de-incendios-no-chile\\\/\"},\"wordCount\":554,\"publisher\":{\"@id\":\"https:\\\/\\\/pre.efe.com\\\/pt-br\\\/#organization\"},\"image\":{\"@id\":\"https:\\\/\\\/pre.efe.com\\\/pt-br\\\/portada\\\/2023-02-09\\\/polemico-toque-de-recolher-sera-decretado-no-epicentro-de-incendios-no-chile\\\/#primaryimage\"},\"thumbnailUrl\":\"https:\\\/\\\/pre.efe.com\\\/wp-content\\\/uploads\\\/2023\\\/02\\\/rss-efe46ae2bdf8bea383311206c44508e07d0fb661e02w.jpg\",\"keywords\":[\"Chile\"],\"articleSection\":[\"Mundo\",\"Portada\"],\"inLanguage\":\"pt-BR\",\"copyrightYear\":\"2023\",\"copyrightHolder\":{\"@id\":\"https:\\\/\\\/pre.efe.com\\\/#organization\"}},{\"@type\":[\"WebPage\",\"ItemPage\"],\"@id\":\"https:\\\/\\\/pre.efe.com\\\/pt-br\\\/portada\\\/2023-02-09\\\/polemico-toque-de-recolher-sera-decretado-no-epicentro-de-incendios-no-chile\\\/\",\"url\":\"https:\\\/\\\/pre.efe.com\\\/pt-br\\\/portada\\\/2023-02-09\\\/polemico-toque-de-recolher-sera-decretado-no-epicentro-de-incendios-no-chile\\\/\",\"name\":\"Toque de recolher ser\u00e1 decretado por inc\u00eandios no Chile\",\"isPartOf\":{\"@id\":\"https:\\\/\\\/pre.efe.com\\\/pt-br\\\/#website\"},\"primaryImageOfPage\":{\"@id\":\"https:\\\/\\\/pre.efe.com\\\/pt-br\\\/portada\\\/2023-02-09\\\/polemico-toque-de-recolher-sera-decretado-no-epicentro-de-incendios-no-chile\\\/#primaryimage\"},\"image\":{\"@id\":\"https:\\\/\\\/pre.efe.com\\\/pt-br\\\/portada\\\/2023-02-09\\\/polemico-toque-de-recolher-sera-decretado-no-epicentro-de-incendios-no-chile\\\/#primaryimage\"},\"thumbnailUrl\":\"https:\\\/\\\/pre.efe.com\\\/wp-content\\\/uploads\\\/2023\\\/02\\\/rss-efe46ae2bdf8bea383311206c44508e07d0fb661e02w.jpg\",\"datePublished\":\"2023-02-09T15:06:59+00:00\",\"dateModified\":\"2023-02-09T15:07:02+00:00\",\"description\":\"Autoridades chilenas anunciam que ser\u00e1 decretado um toque de recolher para prevenir poss\u00edveis assaltos e saques na regiao afetada pelos inc\u00eandios.\",\"breadcrumb\":{\"@id\":\"https:\\\/\\\/pre.efe.com\\\/pt-br\\\/portada\\\/2023-02-09\\\/polemico-toque-de-recolher-sera-decretado-no-epicentro-de-incendios-no-chile\\\/#breadcrumb\"},\"inLanguage\":\"pt-BR\",\"potentialAction\":[{\"@type\":\"ReadAction\",\"target\":[\"https:\\\/\\\/pre.efe.com\\\/pt-br\\\/portada\\\/2023-02-09\\\/polemico-toque-de-recolher-sera-decretado-no-epicentro-de-incendios-no-chile\\\/\"]}]},{\"@type\":\"ImageObject\",\"inLanguage\":\"pt-BR\",\"@id\":\"https:\\\/\\\/pre.efe.com\\\/pt-br\\\/portada\\\/2023-02-09\\\/polemico-toque-de-recolher-sera-decretado-no-epicentro-de-incendios-no-chile\\\/#primaryimage\",\"url\":\"https:\\\/\\\/pre.efe.com\\\/wp-content\\\/uploads\\\/2023\\\/02\\\/rss-efe46ae2bdf8bea383311206c44508e07d0fb661e02w.jpg\",\"contentUrl\":\"https:\\\/\\\/pre.efe.com\\\/wp-content\\\/uploads\\\/2023\\\/02\\\/rss-efe46ae2bdf8bea383311206c44508e07d0fb661e02w.jpg\",\"width\":1920,\"height\":1280,\"caption\":\"Bombeiros trabalham em Santa Juana, Biob\u00edo (Chile). EFE\\\/ Adriana Thomasa\"},{\"@type\":\"BreadcrumbList\",\"@id\":\"https:\\\/\\\/pre.efe.com\\\/pt-br\\\/portada\\\/2023-02-09\\\/polemico-toque-de-recolher-sera-decretado-no-epicentro-de-incendios-no-chile\\\/#breadcrumb\",\"itemListElement\":[{\"@type\":\"ListItem\",\"position\":1,\"name\":\"Portada\",\"item\":\"https:\\\/\\\/pre.efe.com\\\/pt-br\\\/\"},{\"@type\":\"ListItem\",\"position\":2,\"name\":\"Toque de recolher ser\u00e1 decretado em regi\u00e3o afetada por inc\u00eandios no Chile\"}]},{\"@type\":\"WebSite\",\"@id\":\"https:\\\/\\\/pre.efe.com\\\/pt-br\\\/#website\",\"url\":\"https:\\\/\\\/pre.efe.com\\\/pt-br\\\/\",\"name\":\"EFE Noticias\",\"description\":\"\",\"publisher\":{\"@id\":\"https:\\\/\\\/pre.efe.com\\\/pt-br\\\/#organization\"},\"potentialAction\":[{\"@type\":\"SearchAction\",\"target\":{\"@type\":\"EntryPoint\",\"urlTemplate\":\"https:\\\/\\\/pre.efe.com\\\/pt-br\\\/?s={search_term_string}\"},\"query-input\":{\"@type\":\"PropertyValueSpecification\",\"valueRequired\":true,\"valueName\":\"search_term_string\"}}],\"inLanguage\":\"pt-BR\"},{\"@type\":\"Organization\",\"@id\":\"https:\\\/\\\/pre.efe.com\\\/pt-br\\\/#organization\",\"name\":\"Agencia EFE\",\"url\":\"https:\\\/\\\/pre.efe.com\\\/pt-br\\\/\",\"logo\":{\"@type\":\"ImageObject\",\"inLanguage\":\"pt-BR\",\"@id\":\"https:\\\/\\\/pre.efe.com\\\/pt-br\\\/#\\\/schema\\\/logo\\\/image\\\/\",\"url\":\"https:\\\/\\\/pre.efe.com\\\/wp-content\\\/uploads\\\/2023\\\/06\\\/logo-efe-467.png\",\"contentUrl\":\"https:\\\/\\\/pre.efe.com\\\/wp-content\\\/uploads\\\/2023\\\/06\\\/logo-efe-467.png\",\"width\":467,\"height\":467,\"caption\":\"Agencia EFE\"},\"image\":{\"@id\":\"https:\\\/\\\/pre.efe.com\\\/pt-br\\\/#\\\/schema\\\/logo\\\/image\\\/\"},\"sameAs\":[\"https:\\\/\\\/www.facebook.com\\\/AgenciaEFEnoticias\\\/\",\"https:\\\/\\\/x.com\\\/efenoticias\",\"https:\\\/\\\/www.instagram.com\\\/efe_noticias\\\/\",\"http:\\\/\\\/www.youtube.com\\\/efe\"]},{\"@type\":\"Person\",\"@id\":\"https:\\\/\\\/pre.efe.com\\\/pt-br\\\/#\\\/schema\\\/person\\\/c8c047900fe822135c5dfe18a69664f4\",\"name\":\"manuelperezefe\",\"image\":{\"@type\":\"ImageObject\",\"inLanguage\":\"pt-BR\",\"@id\":\"https:\\\/\\\/secure.gravatar.com\\\/avatar\\\/a6fd18d9072b150b9ba2a1672f7376f89fea0722b25bef234c1ed8d93c9af0d5?s=96&d=identicon&r=g\",\"url\":\"https:\\\/\\\/secure.gravatar.com\\\/avatar\\\/a6fd18d9072b150b9ba2a1672f7376f89fea0722b25bef234c1ed8d93c9af0d5?s=96&d=identicon&r=g\",\"contentUrl\":\"https:\\\/\\\/secure.gravatar.com\\\/avatar\\\/a6fd18d9072b150b9ba2a1672f7376f89fea0722b25bef234c1ed8d93c9af0d5?s=96&d=identicon&r=g\",\"caption\":\"manuelperezefe\"},\"url\":\"https:\\\/\\\/pre.efe.com\\\/pt-br\\\/autor\\\/manuelperezefe\\\/\"}]}<\/script>\n<!-- \/ Yoast SEO Premium plugin. -->","yoast_head_json":{"title":"Toque de recolher ser\u00e1 decretado por inc\u00eandios no Chile","description":"Autoridades chilenas anunciam que ser\u00e1 decretado um toque de recolher para prevenir poss\u00edveis assaltos e saques na regiao afetada pelos inc\u00eandios.","robots":{"index":"noindex","follow":"follow"},"og_locale":"pt_BR","og_type":"article","og_title":"Toque de recolher ser\u00e1 decretado em regi\u00e3o afetada por inc\u00eandios no Chile - EFE","og_description":"Autoridades chilenas anunciam que ser\u00e1 decretado um toque de recolher para prevenir poss\u00edveis assaltos e saques na regiao afetada pelos inc\u00eandios.","og_url":"https:\/\/pre.efe.com\/pt-br\/portada\/2023-02-09\/polemico-toque-de-recolher-sera-decretado-no-epicentro-de-incendios-no-chile\/","og_site_name":"EFE Noticias","article_publisher":"https:\/\/www.facebook.com\/AgenciaEFEnoticias\/","article_published_time":"2023-02-09T15:06:59+00:00","article_modified_time":"2023-02-09T15:07:02+00:00","og_image":[{"width":1920,"height":1280,"url":"https:\/\/i0.wp.com\/efe.com\/\/srv\/htdocs\/wp-content\/uploads\/2023\/02\/rss-efe46ae2bdf8bea383311206c44508e07d0fb661e02w.jpg?fit=1920%2C1280&ssl=1","type":"image\/jpeg"}],"author":"manuelperezefe","twitter_card":"summary_large_image","twitter_creator":"@efenoticias","twitter_site":"@efenoticias","schema":{"@context":"https:\/\/schema.org","@graph":[{"@type":"NewsArticle","@id":"https:\/\/pre.efe.com\/pt-br\/portada\/2023-02-09\/polemico-toque-de-recolher-sera-decretado-no-epicentro-de-incendios-no-chile\/#article","isPartOf":{"@id":"https:\/\/pre.efe.com\/pt-br\/portada\/2023-02-09\/polemico-toque-de-recolher-sera-decretado-no-epicentro-de-incendios-no-chile\/"},"author":{"name":"manuelperezefe","@id":"https:\/\/pre.efe.com\/pt-br\/#\/schema\/person\/c8c047900fe822135c5dfe18a69664f4"},"headline":"Toque de recolher ser\u00e1 decretado em regi\u00e3o afetada por inc\u00eandios no Chile","datePublished":"2023-02-09T15:06:59+00:00","dateModified":"2023-02-09T15:07:02+00:00","mainEntityOfPage":{"@id":"https:\/\/pre.efe.com\/pt-br\/portada\/2023-02-09\/polemico-toque-de-recolher-sera-decretado-no-epicentro-de-incendios-no-chile\/"},"wordCount":554,"publisher":{"@id":"https:\/\/pre.efe.com\/pt-br\/#organization"},"image":{"@id":"https:\/\/pre.efe.com\/pt-br\/portada\/2023-02-09\/polemico-toque-de-recolher-sera-decretado-no-epicentro-de-incendios-no-chile\/#primaryimage"},"thumbnailUrl":"https:\/\/pre.efe.com\/wp-content\/uploads\/2023\/02\/rss-efe46ae2bdf8bea383311206c44508e07d0fb661e02w.jpg","keywords":["Chile"],"articleSection":["Mundo","Portada"],"inLanguage":"pt-BR","copyrightYear":"2023","copyrightHolder":{"@id":"https:\/\/pre.efe.com\/#organization"}},{"@type":["WebPage","ItemPage"],"@id":"https:\/\/pre.efe.com\/pt-br\/portada\/2023-02-09\/polemico-toque-de-recolher-sera-decretado-no-epicentro-de-incendios-no-chile\/","url":"https:\/\/pre.efe.com\/pt-br\/portada\/2023-02-09\/polemico-toque-de-recolher-sera-decretado-no-epicentro-de-incendios-no-chile\/","name":"Toque de recolher ser\u00e1 decretado por inc\u00eandios no Chile","isPartOf":{"@id":"https:\/\/pre.efe.com\/pt-br\/#website"},"primaryImageOfPage":{"@id":"https:\/\/pre.efe.com\/pt-br\/portada\/2023-02-09\/polemico-toque-de-recolher-sera-decretado-no-epicentro-de-incendios-no-chile\/#primaryimage"},"image":{"@id":"https:\/\/pre.efe.com\/pt-br\/portada\/2023-02-09\/polemico-toque-de-recolher-sera-decretado-no-epicentro-de-incendios-no-chile\/#primaryimage"},"thumbnailUrl":"https:\/\/pre.efe.com\/wp-content\/uploads\/2023\/02\/rss-efe46ae2bdf8bea383311206c44508e07d0fb661e02w.jpg","datePublished":"2023-02-09T15:06:59+00:00","dateModified":"2023-02-09T15:07:02+00:00","description":"Autoridades chilenas anunciam que ser\u00e1 decretado um toque de recolher para prevenir poss\u00edveis assaltos e saques na regiao afetada pelos inc\u00eandios.","breadcrumb":{"@id":"https:\/\/pre.efe.com\/pt-br\/portada\/2023-02-09\/polemico-toque-de-recolher-sera-decretado-no-epicentro-de-incendios-no-chile\/#breadcrumb"},"inLanguage":"pt-BR","potentialAction":[{"@type":"ReadAction","target":["https:\/\/pre.efe.com\/pt-br\/portada\/2023-02-09\/polemico-toque-de-recolher-sera-decretado-no-epicentro-de-incendios-no-chile\/"]}]},{"@type":"ImageObject","inLanguage":"pt-BR","@id":"https:\/\/pre.efe.com\/pt-br\/portada\/2023-02-09\/polemico-toque-de-recolher-sera-decretado-no-epicentro-de-incendios-no-chile\/#primaryimage","url":"https:\/\/pre.efe.com\/wp-content\/uploads\/2023\/02\/rss-efe46ae2bdf8bea383311206c44508e07d0fb661e02w.jpg","contentUrl":"https:\/\/pre.efe.com\/wp-content\/uploads\/2023\/02\/rss-efe46ae2bdf8bea383311206c44508e07d0fb661e02w.jpg","width":1920,"height":1280,"caption":"Bombeiros trabalham em Santa Juana, Biob\u00edo (Chile). EFE\/ Adriana Thomasa"},{"@type":"BreadcrumbList","@id":"https:\/\/pre.efe.com\/pt-br\/portada\/2023-02-09\/polemico-toque-de-recolher-sera-decretado-no-epicentro-de-incendios-no-chile\/#breadcrumb","itemListElement":[{"@type":"ListItem","position":1,"name":"Portada","item":"https:\/\/pre.efe.com\/pt-br\/"},{"@type":"ListItem","position":2,"name":"Toque de recolher ser\u00e1 decretado em regi\u00e3o afetada por inc\u00eandios no Chile"}]},{"@type":"WebSite","@id":"https:\/\/pre.efe.com\/pt-br\/#website","url":"https:\/\/pre.efe.com\/pt-br\/","name":"EFE Noticias","description":"","publisher":{"@id":"https:\/\/pre.efe.com\/pt-br\/#organization"},"potentialAction":[{"@type":"SearchAction","target":{"@type":"EntryPoint","urlTemplate":"https:\/\/pre.efe.com\/pt-br\/?s={search_term_string}"},"query-input":{"@type":"PropertyValueSpecification","valueRequired":true,"valueName":"search_term_string"}}],"inLanguage":"pt-BR"},{"@type":"Organization","@id":"https:\/\/pre.efe.com\/pt-br\/#organization","name":"Agencia EFE","url":"https:\/\/pre.efe.com\/pt-br\/","logo":{"@type":"ImageObject","inLanguage":"pt-BR","@id":"https:\/\/pre.efe.com\/pt-br\/#\/schema\/logo\/image\/","url":"https:\/\/pre.efe.com\/wp-content\/uploads\/2023\/06\/logo-efe-467.png","contentUrl":"https:\/\/pre.efe.com\/wp-content\/uploads\/2023\/06\/logo-efe-467.png","width":467,"height":467,"caption":"Agencia EFE"},"image":{"@id":"https:\/\/pre.efe.com\/pt-br\/#\/schema\/logo\/image\/"},"sameAs":["https:\/\/www.facebook.com\/AgenciaEFEnoticias\/","https:\/\/x.com\/efenoticias","https:\/\/www.instagram.com\/efe_noticias\/","http:\/\/www.youtube.com\/efe"]},{"@type":"Person","@id":"https:\/\/pre.efe.com\/pt-br\/#\/schema\/person\/c8c047900fe822135c5dfe18a69664f4","name":"manuelperezefe","image":{"@type":"ImageObject","inLanguage":"pt-BR","@id":"https:\/\/secure.gravatar.com\/avatar\/a6fd18d9072b150b9ba2a1672f7376f89fea0722b25bef234c1ed8d93c9af0d5?s=96&d=identicon&r=g","url":"https:\/\/secure.gravatar.com\/avatar\/a6fd18d9072b150b9ba2a1672f7376f89fea0722b25bef234c1ed8d93c9af0d5?s=96&d=identicon&r=g","contentUrl":"https:\/\/secure.gravatar.com\/avatar\/a6fd18d9072b150b9ba2a1672f7376f89fea0722b25bef234c1ed8d93c9af0d5?s=96&d=identicon&r=g","caption":"manuelperezefe"},"url":"https:\/\/pre.efe.com\/pt-br\/autor\/manuelperezefe\/"}]}},"jetpack_featured_media_url":"https:\/\/pre.efe.com\/wp-content\/uploads\/2023\/02\/rss-efe46ae2bdf8bea383311206c44508e07d0fb661e02w.jpg","jetpack_shortlink":"https:\/\/wp.me\/peJvHm-19Pt","jetpack_sharing_enabled":true,"_links":{"self":[{"href":"https:\/\/pre.efe.com\/pt-br\/wp-json\/wp\/v2\/posts\/276115","targetHints":{"allow":["GET"]}}],"collection":[{"href":"https:\/\/pre.efe.com\/pt-br\/wp-json\/wp\/v2\/posts"}],"about":[{"href":"https:\/\/pre.efe.com\/pt-br\/wp-json\/wp\/v2\/types\/post"}],"author":[{"embeddable":true,"href":"https:\/\/pre.efe.com\/pt-br\/wp-json\/wp\/v2\/users\/198164108"}],"replies":[{"embeddable":true,"href":"https:\/\/pre.efe.com\/pt-br\/wp-json\/wp\/v2\/comments?post=276115"}],"version-history":[{"count":4,"href":"https:\/\/pre.efe.com\/pt-br\/wp-json\/wp\/v2\/posts\/276115\/revisions"}],"predecessor-version":[{"id":276137,"href":"https:\/\/pre.efe.com\/pt-br\/wp-json\/wp\/v2\/posts\/276115\/revisions\/276137"}],"wp:featuredmedia":[{"embeddable":true,"href":"https:\/\/pre.efe.com\/pt-br\/wp-json\/wp\/v2\/media\/272905"}],"wp:attachment":[{"href":"https:\/\/pre.efe.com\/pt-br\/wp-json\/wp\/v2\/media?parent=276115"}],"wp:term":[{"taxonomy":"category","embeddable":true,"href":"https:\/\/pre.efe.com\/pt-br\/wp-json\/wp\/v2\/categories?post=276115"},{"taxonomy":"post_tag","embeddable":true,"href":"https:\/\/pre.efe.com\/pt-br\/wp-json\/wp\/v2\/tags?post=276115"}],"curies":[{"name":"wp","href":"https:\/\/api.w.org\/{rel}","templated":true}]}}