{"id":300994,"date":"2023-02-27T15:16:39","date_gmt":"2023-02-27T14:16:39","guid":{"rendered":"https:\/\/pre.efe.com\/?p=300994"},"modified":"2023-02-27T15:16:42","modified_gmt":"2023-02-27T14:16:42","slug":"klinsmann-e-anunciado-como-novo-tecnico-da-selecao-da-coreia-do-sul","status":"publish","type":"post","link":"https:\/\/pre.efe.com\/pt-br\/esportes\/klinsmann-e-anunciado-como-novo-tecnico-da-selecao-da-coreia-do-sul\/","title":{"rendered":"Klinsmann \u00e9 anunciado como novo t\u00e9cnico da sele\u00e7\u00e3o da Coreia do Sul"},"content":{"rendered":"\n<p>Seul (EFE).- O alem\u00e3o Jurgen Klinsmann foi anunciado nesta segunda-feira como novo t\u00e9cnico da sele\u00e7\u00e3o de futebol da Coreia do Sul at\u00e9 o fim da Copa do Mundo de 2026.<\/p>\n\n\n\n<p>A Associa\u00e7\u00e3o de Futebol da Coreia (KFA) informou hoje sobre o acerto e o prazo do v\u00ednculo, embora n\u00e3o tenha divulgado mais detalhes sobre o acordo, principalmente, os financeiros.<\/p>\n\n\n\n<p>Klinsmann, de 58 anos, decidiu que ir\u00e1 residir no pa\u00eds asi\u00e1tico durante a dura\u00e7\u00e3o do contrato e que chegar\u00e1 em Seul na pr\u00f3xima semana, conforme divulgou a KFA, por meio de nota oficial.<\/p>\n\n\n\n<p>A estreia do ex-jogador e t\u00e9cnico da sele\u00e7\u00e3o alem\u00e3 ser\u00e1 no dia 24 de mar\u00e7o, em amistoso com a sele\u00e7\u00e3o colombiana, marcado para acontecer na cidade de Ulsan.<\/p>\n\n\n\n<p>Quatro dias depois, a Coreia do Sul enfrentar\u00e1 o Uruguai, em outro amistoso.<\/p>\n\n\n\n<p>Klinsmann substitui no banco sul-coreano o portugu\u00eas Paulo Bento, ex-Cruzeiro, que foi comandante na Copa do Mundo de 2022, em que a sele\u00e7\u00e3o asi\u00e1tica foi eliminada pelo Brasil, nas oitavas de final. EFE<\/p>\n","protected":false},"excerpt":{"rendered":"<p>Seul (EFE).- O alem\u00e3o Jurgen Klinsmann foi anunciado nesta segunda-feira como novo t\u00e9cnico da sele\u00e7\u00e3o de futebol da Coreia do Sul at\u00e9 o fim da Copa do Mundo de 2026. A Associa\u00e7\u00e3o de Futebol da Coreia (KFA) informou hoje sobre o acerto e o prazo do v\u00ednculo, embora n\u00e3o tenha divulgado mais detalhes sobre o &#8230; <a title=\"Klinsmann \u00e9 anunciado como novo t\u00e9cnico da sele\u00e7\u00e3o da Coreia do Sul\" class=\"read-more\" href=\"https:\/\/pre.efe.com\/pt-br\/esportes\/klinsmann-e-anunciado-como-novo-tecnico-da-selecao-da-coreia-do-sul\/\" aria-label=\"Read more about Klinsmann \u00e9 anunciado como novo t\u00e9cnico da sele\u00e7\u00e3o da Coreia do Sul\">Leia mais<\/a><\/p>\n","protected":false},"author":198164106,"featured_media":113770,"comment_status":"closed","ping_status":"closed","sticky":false,"template":"","format":"standard","meta":{"_acf_changed":false,"_jetpack_memberships_contains_paid_content":false,"footnotes":""},"categories":[121968,122141],"tags":[123209,122364],"class_list":["post-300994","post","type-post","status-publish","format-standard","has-post-thumbnail","hentry","category-esportes","category-portada","tag-coreia","tag-futebol","generate-columns","tablet-grid-50","mobile-grid-100","grid-parent","grid-50"],"acf":[],"yoast_head":"<!-- This site is optimized with the Yoast SEO Premium plugin v26.0 (Yoast SEO v27.4) - https:\/\/yoast.com\/product\/yoast-seo-premium-wordpress\/ -->\n<title>Klinsmann \u00e9 anunciado como novo t\u00e9cnico da sele\u00e7\u00e3o da Coreia do Sul - EFE<\/title>\n<meta name=\"robots\" content=\"noindex, follow\" \/>\n<meta property=\"og:locale\" content=\"pt_BR\" \/>\n<meta property=\"og:type\" content=\"article\" \/>\n<meta property=\"og:title\" content=\"Klinsmann \u00e9 anunciado como novo t\u00e9cnico da sele\u00e7\u00e3o da Coreia do Sul - EFE\" \/>\n<meta property=\"og:description\" content=\"Seul (EFE).- O alem\u00e3o Jurgen Klinsmann foi anunciado nesta segunda-feira como novo t\u00e9cnico da sele\u00e7\u00e3o de futebol da Coreia do Sul at\u00e9 o fim da Copa do Mundo de 2026. A Associa\u00e7\u00e3o de Futebol da Coreia (KFA) informou hoje sobre o acerto e o prazo do v\u00ednculo, embora n\u00e3o tenha divulgado mais detalhes sobre o ... Leia mais\" \/>\n<meta property=\"og:url\" content=\"https:\/\/pre.efe.com\/pt-br\/esportes\/klinsmann-e-anunciado-como-novo-tecnico-da-selecao-da-coreia-do-sul\/\" \/>\n<meta property=\"og:site_name\" content=\"EFE Noticias\" \/>\n<meta property=\"article:publisher\" content=\"https:\/\/www.facebook.com\/AgenciaEFEnoticias\/\" \/>\n<meta property=\"article:published_time\" content=\"2023-02-27T14:16:39+00:00\" \/>\n<meta property=\"article:modified_time\" content=\"2023-02-27T14:16:42+00:00\" \/>\n<meta property=\"og:image\" content=\"https:\/\/i0.wp.com\/efe.com\/\/srv\/htdocs\/wp-content\/uploads\/2022\/10\/rss-efe5f0953c3fbd8142250dcf754acd6218821218043w-e1665314601660.jpg?fit=1920%2C1280&ssl=1\" \/>\n\t<meta property=\"og:image:width\" content=\"1920\" \/>\n\t<meta property=\"og:image:height\" content=\"1280\" \/>\n\t<meta property=\"og:image:type\" content=\"image\/jpeg\" \/>\n<meta name=\"author\" content=\"anachain\" \/>\n<meta name=\"twitter:card\" content=\"summary_large_image\" \/>\n<meta name=\"twitter:creator\" content=\"@efenoticias\" \/>\n<meta name=\"twitter:site\" content=\"@efenoticias\" \/>\n<script type=\"application\/ld+json\" class=\"yoast-schema-graph\">{\"@context\":\"https:\\\/\\\/schema.org\",\"@graph\":[{\"@type\":\"NewsArticle\",\"@id\":\"https:\\\/\\\/pre.efe.com\\\/pt-br\\\/esportes\\\/klinsmann-e-anunciado-como-novo-tecnico-da-selecao-da-coreia-do-sul\\\/#article\",\"isPartOf\":{\"@id\":\"https:\\\/\\\/pre.efe.com\\\/pt-br\\\/esportes\\\/klinsmann-e-anunciado-como-novo-tecnico-da-selecao-da-coreia-do-sul\\\/\"},\"author\":{\"name\":\"anachain\",\"@id\":\"https:\\\/\\\/pre.efe.com\\\/pt-br\\\/#\\\/schema\\\/person\\\/b19f23f210db552768f68a4b552b004f\"},\"headline\":\"Klinsmann \u00e9 anunciado como novo t\u00e9cnico da sele\u00e7\u00e3o da Coreia do Sul\",\"datePublished\":\"2023-02-27T14:16:39+00:00\",\"dateModified\":\"2023-02-27T14:16:42+00:00\",\"mainEntityOfPage\":{\"@id\":\"https:\\\/\\\/pre.efe.com\\\/pt-br\\\/esportes\\\/klinsmann-e-anunciado-como-novo-tecnico-da-selecao-da-coreia-do-sul\\\/\"},\"wordCount\":193,\"publisher\":{\"@id\":\"https:\\\/\\\/pre.efe.com\\\/pt-br\\\/#organization\"},\"image\":{\"@id\":\"https:\\\/\\\/pre.efe.com\\\/pt-br\\\/esportes\\\/klinsmann-e-anunciado-como-novo-tecnico-da-selecao-da-coreia-do-sul\\\/#primaryimage\"},\"thumbnailUrl\":\"https:\\\/\\\/pre.efe.com\\\/wp-content\\\/uploads\\\/2022\\\/10\\\/rss-efe5f0953c3fbd8142250dcf754acd6218821218043w-e1665314601660.jpg\",\"keywords\":[\"Coreia\",\"Futebol\"],\"articleSection\":[\"Esportes\",\"Portada\"],\"inLanguage\":\"pt-BR\",\"copyrightYear\":\"2023\",\"copyrightHolder\":{\"@id\":\"https:\\\/\\\/pre.efe.com\\\/#organization\"}},{\"@type\":[\"WebPage\",\"ItemPage\"],\"@id\":\"https:\\\/\\\/pre.efe.com\\\/pt-br\\\/esportes\\\/klinsmann-e-anunciado-como-novo-tecnico-da-selecao-da-coreia-do-sul\\\/\",\"url\":\"https:\\\/\\\/pre.efe.com\\\/pt-br\\\/esportes\\\/klinsmann-e-anunciado-como-novo-tecnico-da-selecao-da-coreia-do-sul\\\/\",\"name\":\"Klinsmann \u00e9 anunciado como novo t\u00e9cnico da sele\u00e7\u00e3o da Coreia do Sul - EFE\",\"isPartOf\":{\"@id\":\"https:\\\/\\\/pre.efe.com\\\/pt-br\\\/#website\"},\"primaryImageOfPage\":{\"@id\":\"https:\\\/\\\/pre.efe.com\\\/pt-br\\\/esportes\\\/klinsmann-e-anunciado-como-novo-tecnico-da-selecao-da-coreia-do-sul\\\/#primaryimage\"},\"image\":{\"@id\":\"https:\\\/\\\/pre.efe.com\\\/pt-br\\\/esportes\\\/klinsmann-e-anunciado-como-novo-tecnico-da-selecao-da-coreia-do-sul\\\/#primaryimage\"},\"thumbnailUrl\":\"https:\\\/\\\/pre.efe.com\\\/wp-content\\\/uploads\\\/2022\\\/10\\\/rss-efe5f0953c3fbd8142250dcf754acd6218821218043w-e1665314601660.jpg\",\"datePublished\":\"2023-02-27T14:16:39+00:00\",\"dateModified\":\"2023-02-27T14:16:42+00:00\",\"breadcrumb\":{\"@id\":\"https:\\\/\\\/pre.efe.com\\\/pt-br\\\/esportes\\\/klinsmann-e-anunciado-como-novo-tecnico-da-selecao-da-coreia-do-sul\\\/#breadcrumb\"},\"inLanguage\":\"pt-BR\",\"potentialAction\":[{\"@type\":\"ReadAction\",\"target\":[\"https:\\\/\\\/pre.efe.com\\\/pt-br\\\/esportes\\\/klinsmann-e-anunciado-como-novo-tecnico-da-selecao-da-coreia-do-sul\\\/\"]}]},{\"@type\":\"ImageObject\",\"inLanguage\":\"pt-BR\",\"@id\":\"https:\\\/\\\/pre.efe.com\\\/pt-br\\\/esportes\\\/klinsmann-e-anunciado-como-novo-tecnico-da-selecao-da-coreia-do-sul\\\/#primaryimage\",\"url\":\"https:\\\/\\\/pre.efe.com\\\/wp-content\\\/uploads\\\/2022\\\/10\\\/rss-efe5f0953c3fbd8142250dcf754acd6218821218043w-e1665314601660.jpg\",\"contentUrl\":\"https:\\\/\\\/pre.efe.com\\\/wp-content\\\/uploads\\\/2022\\\/10\\\/rss-efe5f0953c3fbd8142250dcf754acd6218821218043w-e1665314601660.jpg\",\"width\":1920,\"height\":1280,\"caption\":\"Juergen Klinsmann,. EFE\\\/Arquivo\\\/SASCHA STEINBACH\"},{\"@type\":\"BreadcrumbList\",\"@id\":\"https:\\\/\\\/pre.efe.com\\\/pt-br\\\/esportes\\\/klinsmann-e-anunciado-como-novo-tecnico-da-selecao-da-coreia-do-sul\\\/#breadcrumb\",\"itemListElement\":[{\"@type\":\"ListItem\",\"position\":1,\"name\":\"Portada\",\"item\":\"https:\\\/\\\/pre.efe.com\\\/pt-br\\\/\"},{\"@type\":\"ListItem\",\"position\":2,\"name\":\"Klinsmann \u00e9 anunciado como novo t\u00e9cnico da sele\u00e7\u00e3o da Coreia do Sul\"}]},{\"@type\":\"WebSite\",\"@id\":\"https:\\\/\\\/pre.efe.com\\\/pt-br\\\/#website\",\"url\":\"https:\\\/\\\/pre.efe.com\\\/pt-br\\\/\",\"name\":\"EFE Noticias\",\"description\":\"\",\"publisher\":{\"@id\":\"https:\\\/\\\/pre.efe.com\\\/pt-br\\\/#organization\"},\"potentialAction\":[{\"@type\":\"SearchAction\",\"target\":{\"@type\":\"EntryPoint\",\"urlTemplate\":\"https:\\\/\\\/pre.efe.com\\\/pt-br\\\/?s={search_term_string}\"},\"query-input\":{\"@type\":\"PropertyValueSpecification\",\"valueRequired\":true,\"valueName\":\"search_term_string\"}}],\"inLanguage\":\"pt-BR\"},{\"@type\":\"Organization\",\"@id\":\"https:\\\/\\\/pre.efe.com\\\/pt-br\\\/#organization\",\"name\":\"Agencia EFE\",\"url\":\"https:\\\/\\\/pre.efe.com\\\/pt-br\\\/\",\"logo\":{\"@type\":\"ImageObject\",\"inLanguage\":\"pt-BR\",\"@id\":\"https:\\\/\\\/pre.efe.com\\\/pt-br\\\/#\\\/schema\\\/logo\\\/image\\\/\",\"url\":\"https:\\\/\\\/pre.efe.com\\\/wp-content\\\/uploads\\\/2023\\\/06\\\/logo-efe-467.png\",\"contentUrl\":\"https:\\\/\\\/pre.efe.com\\\/wp-content\\\/uploads\\\/2023\\\/06\\\/logo-efe-467.png\",\"width\":467,\"height\":467,\"caption\":\"Agencia EFE\"},\"image\":{\"@id\":\"https:\\\/\\\/pre.efe.com\\\/pt-br\\\/#\\\/schema\\\/logo\\\/image\\\/\"},\"sameAs\":[\"https:\\\/\\\/www.facebook.com\\\/AgenciaEFEnoticias\\\/\",\"https:\\\/\\\/x.com\\\/efenoticias\",\"https:\\\/\\\/www.instagram.com\\\/efe_noticias\\\/\",\"http:\\\/\\\/www.youtube.com\\\/efe\"]},{\"@type\":\"Person\",\"@id\":\"https:\\\/\\\/pre.efe.com\\\/pt-br\\\/#\\\/schema\\\/person\\\/b19f23f210db552768f68a4b552b004f\",\"name\":\"anachain\",\"image\":{\"@type\":\"ImageObject\",\"inLanguage\":\"pt-BR\",\"@id\":\"https:\\\/\\\/secure.gravatar.com\\\/avatar\\\/30b83965911ef1108bb893c00bdd65c885f9890e1265ee04b02c3d5adc785d37?s=96&d=identicon&r=g\",\"url\":\"https:\\\/\\\/secure.gravatar.com\\\/avatar\\\/30b83965911ef1108bb893c00bdd65c885f9890e1265ee04b02c3d5adc785d37?s=96&d=identicon&r=g\",\"contentUrl\":\"https:\\\/\\\/secure.gravatar.com\\\/avatar\\\/30b83965911ef1108bb893c00bdd65c885f9890e1265ee04b02c3d5adc785d37?s=96&d=identicon&r=g\",\"caption\":\"anachain\"},\"url\":\"https:\\\/\\\/pre.efe.com\\\/pt-br\\\/autor\\\/anachain\\\/\"}]}<\/script>\n<!-- \/ Yoast SEO Premium plugin. -->","yoast_head_json":{"title":"Klinsmann \u00e9 anunciado como novo t\u00e9cnico da sele\u00e7\u00e3o da Coreia do Sul - EFE","robots":{"index":"noindex","follow":"follow"},"og_locale":"pt_BR","og_type":"article","og_title":"Klinsmann \u00e9 anunciado como novo t\u00e9cnico da sele\u00e7\u00e3o da Coreia do Sul - EFE","og_description":"Seul (EFE).- O alem\u00e3o Jurgen Klinsmann foi anunciado nesta segunda-feira como novo t\u00e9cnico da sele\u00e7\u00e3o de futebol da Coreia do Sul at\u00e9 o fim da Copa do Mundo de 2026. A Associa\u00e7\u00e3o de Futebol da Coreia (KFA) informou hoje sobre o acerto e o prazo do v\u00ednculo, embora n\u00e3o tenha divulgado mais detalhes sobre o ... Leia mais","og_url":"https:\/\/pre.efe.com\/pt-br\/esportes\/klinsmann-e-anunciado-como-novo-tecnico-da-selecao-da-coreia-do-sul\/","og_site_name":"EFE Noticias","article_publisher":"https:\/\/www.facebook.com\/AgenciaEFEnoticias\/","article_published_time":"2023-02-27T14:16:39+00:00","article_modified_time":"2023-02-27T14:16:42+00:00","og_image":[{"width":1920,"height":1280,"url":"https:\/\/i0.wp.com\/efe.com\/\/srv\/htdocs\/wp-content\/uploads\/2022\/10\/rss-efe5f0953c3fbd8142250dcf754acd6218821218043w-e1665314601660.jpg?fit=1920%2C1280&ssl=1","type":"image\/jpeg"}],"author":"anachain","twitter_card":"summary_large_image","twitter_creator":"@efenoticias","twitter_site":"@efenoticias","schema":{"@context":"https:\/\/schema.org","@graph":[{"@type":"NewsArticle","@id":"https:\/\/pre.efe.com\/pt-br\/esportes\/klinsmann-e-anunciado-como-novo-tecnico-da-selecao-da-coreia-do-sul\/#article","isPartOf":{"@id":"https:\/\/pre.efe.com\/pt-br\/esportes\/klinsmann-e-anunciado-como-novo-tecnico-da-selecao-da-coreia-do-sul\/"},"author":{"name":"anachain","@id":"https:\/\/pre.efe.com\/pt-br\/#\/schema\/person\/b19f23f210db552768f68a4b552b004f"},"headline":"Klinsmann \u00e9 anunciado como novo t\u00e9cnico da sele\u00e7\u00e3o da Coreia do Sul","datePublished":"2023-02-27T14:16:39+00:00","dateModified":"2023-02-27T14:16:42+00:00","mainEntityOfPage":{"@id":"https:\/\/pre.efe.com\/pt-br\/esportes\/klinsmann-e-anunciado-como-novo-tecnico-da-selecao-da-coreia-do-sul\/"},"wordCount":193,"publisher":{"@id":"https:\/\/pre.efe.com\/pt-br\/#organization"},"image":{"@id":"https:\/\/pre.efe.com\/pt-br\/esportes\/klinsmann-e-anunciado-como-novo-tecnico-da-selecao-da-coreia-do-sul\/#primaryimage"},"thumbnailUrl":"https:\/\/pre.efe.com\/wp-content\/uploads\/2022\/10\/rss-efe5f0953c3fbd8142250dcf754acd6218821218043w-e1665314601660.jpg","keywords":["Coreia","Futebol"],"articleSection":["Esportes","Portada"],"inLanguage":"pt-BR","copyrightYear":"2023","copyrightHolder":{"@id":"https:\/\/pre.efe.com\/#organization"}},{"@type":["WebPage","ItemPage"],"@id":"https:\/\/pre.efe.com\/pt-br\/esportes\/klinsmann-e-anunciado-como-novo-tecnico-da-selecao-da-coreia-do-sul\/","url":"https:\/\/pre.efe.com\/pt-br\/esportes\/klinsmann-e-anunciado-como-novo-tecnico-da-selecao-da-coreia-do-sul\/","name":"Klinsmann \u00e9 anunciado como novo t\u00e9cnico da sele\u00e7\u00e3o da Coreia do Sul - EFE","isPartOf":{"@id":"https:\/\/pre.efe.com\/pt-br\/#website"},"primaryImageOfPage":{"@id":"https:\/\/pre.efe.com\/pt-br\/esportes\/klinsmann-e-anunciado-como-novo-tecnico-da-selecao-da-coreia-do-sul\/#primaryimage"},"image":{"@id":"https:\/\/pre.efe.com\/pt-br\/esportes\/klinsmann-e-anunciado-como-novo-tecnico-da-selecao-da-coreia-do-sul\/#primaryimage"},"thumbnailUrl":"https:\/\/pre.efe.com\/wp-content\/uploads\/2022\/10\/rss-efe5f0953c3fbd8142250dcf754acd6218821218043w-e1665314601660.jpg","datePublished":"2023-02-27T14:16:39+00:00","dateModified":"2023-02-27T14:16:42+00:00","breadcrumb":{"@id":"https:\/\/pre.efe.com\/pt-br\/esportes\/klinsmann-e-anunciado-como-novo-tecnico-da-selecao-da-coreia-do-sul\/#breadcrumb"},"inLanguage":"pt-BR","potentialAction":[{"@type":"ReadAction","target":["https:\/\/pre.efe.com\/pt-br\/esportes\/klinsmann-e-anunciado-como-novo-tecnico-da-selecao-da-coreia-do-sul\/"]}]},{"@type":"ImageObject","inLanguage":"pt-BR","@id":"https:\/\/pre.efe.com\/pt-br\/esportes\/klinsmann-e-anunciado-como-novo-tecnico-da-selecao-da-coreia-do-sul\/#primaryimage","url":"https:\/\/pre.efe.com\/wp-content\/uploads\/2022\/10\/rss-efe5f0953c3fbd8142250dcf754acd6218821218043w-e1665314601660.jpg","contentUrl":"https:\/\/pre.efe.com\/wp-content\/uploads\/2022\/10\/rss-efe5f0953c3fbd8142250dcf754acd6218821218043w-e1665314601660.jpg","width":1920,"height":1280,"caption":"Juergen Klinsmann,. EFE\/Arquivo\/SASCHA STEINBACH"},{"@type":"BreadcrumbList","@id":"https:\/\/pre.efe.com\/pt-br\/esportes\/klinsmann-e-anunciado-como-novo-tecnico-da-selecao-da-coreia-do-sul\/#breadcrumb","itemListElement":[{"@type":"ListItem","position":1,"name":"Portada","item":"https:\/\/pre.efe.com\/pt-br\/"},{"@type":"ListItem","position":2,"name":"Klinsmann \u00e9 anunciado como novo t\u00e9cnico da sele\u00e7\u00e3o da Coreia do Sul"}]},{"@type":"WebSite","@id":"https:\/\/pre.efe.com\/pt-br\/#website","url":"https:\/\/pre.efe.com\/pt-br\/","name":"EFE Noticias","description":"","publisher":{"@id":"https:\/\/pre.efe.com\/pt-br\/#organization"},"potentialAction":[{"@type":"SearchAction","target":{"@type":"EntryPoint","urlTemplate":"https:\/\/pre.efe.com\/pt-br\/?s={search_term_string}"},"query-input":{"@type":"PropertyValueSpecification","valueRequired":true,"valueName":"search_term_string"}}],"inLanguage":"pt-BR"},{"@type":"Organization","@id":"https:\/\/pre.efe.com\/pt-br\/#organization","name":"Agencia EFE","url":"https:\/\/pre.efe.com\/pt-br\/","logo":{"@type":"ImageObject","inLanguage":"pt-BR","@id":"https:\/\/pre.efe.com\/pt-br\/#\/schema\/logo\/image\/","url":"https:\/\/pre.efe.com\/wp-content\/uploads\/2023\/06\/logo-efe-467.png","contentUrl":"https:\/\/pre.efe.com\/wp-content\/uploads\/2023\/06\/logo-efe-467.png","width":467,"height":467,"caption":"Agencia EFE"},"image":{"@id":"https:\/\/pre.efe.com\/pt-br\/#\/schema\/logo\/image\/"},"sameAs":["https:\/\/www.facebook.com\/AgenciaEFEnoticias\/","https:\/\/x.com\/efenoticias","https:\/\/www.instagram.com\/efe_noticias\/","http:\/\/www.youtube.com\/efe"]},{"@type":"Person","@id":"https:\/\/pre.efe.com\/pt-br\/#\/schema\/person\/b19f23f210db552768f68a4b552b004f","name":"anachain","image":{"@type":"ImageObject","inLanguage":"pt-BR","@id":"https:\/\/secure.gravatar.com\/avatar\/30b83965911ef1108bb893c00bdd65c885f9890e1265ee04b02c3d5adc785d37?s=96&d=identicon&r=g","url":"https:\/\/secure.gravatar.com\/avatar\/30b83965911ef1108bb893c00bdd65c885f9890e1265ee04b02c3d5adc785d37?s=96&d=identicon&r=g","contentUrl":"https:\/\/secure.gravatar.com\/avatar\/30b83965911ef1108bb893c00bdd65c885f9890e1265ee04b02c3d5adc785d37?s=96&d=identicon&r=g","caption":"anachain"},"url":"https:\/\/pre.efe.com\/pt-br\/autor\/anachain\/"}]}},"jetpack_featured_media_url":"https:\/\/pre.efe.com\/wp-content\/uploads\/2022\/10\/rss-efe5f0953c3fbd8142250dcf754acd6218821218043w-e1665314601660.jpg","jetpack_shortlink":"https:\/\/wp.me\/peJvHm-1giK","jetpack_sharing_enabled":true,"_links":{"self":[{"href":"https:\/\/pre.efe.com\/pt-br\/wp-json\/wp\/v2\/posts\/300994","targetHints":{"allow":["GET"]}}],"collection":[{"href":"https:\/\/pre.efe.com\/pt-br\/wp-json\/wp\/v2\/posts"}],"about":[{"href":"https:\/\/pre.efe.com\/pt-br\/wp-json\/wp\/v2\/types\/post"}],"author":[{"embeddable":true,"href":"https:\/\/pre.efe.com\/pt-br\/wp-json\/wp\/v2\/users\/198164106"}],"replies":[{"embeddable":true,"href":"https:\/\/pre.efe.com\/pt-br\/wp-json\/wp\/v2\/comments?post=300994"}],"version-history":[{"count":2,"href":"https:\/\/pre.efe.com\/pt-br\/wp-json\/wp\/v2\/posts\/300994\/revisions"}],"predecessor-version":[{"id":301007,"href":"https:\/\/pre.efe.com\/pt-br\/wp-json\/wp\/v2\/posts\/300994\/revisions\/301007"}],"wp:featuredmedia":[{"embeddable":true,"href":"https:\/\/pre.efe.com\/pt-br\/wp-json\/wp\/v2\/media\/113770"}],"wp:attachment":[{"href":"https:\/\/pre.efe.com\/pt-br\/wp-json\/wp\/v2\/media?parent=300994"}],"wp:term":[{"taxonomy":"category","embeddable":true,"href":"https:\/\/pre.efe.com\/pt-br\/wp-json\/wp\/v2\/categories?post=300994"},{"taxonomy":"post_tag","embeddable":true,"href":"https:\/\/pre.efe.com\/pt-br\/wp-json\/wp\/v2\/tags?post=300994"}],"curies":[{"name":"wp","href":"https:\/\/api.w.org\/{rel}","templated":true}]}}