{"id":321989,"date":"2023-03-08T01:42:10","date_gmt":"2023-03-08T00:42:10","guid":{"rendered":"https:\/\/pre.efe.com\/?p=321989"},"modified":"2023-03-08T01:42:13","modified_gmt":"2023-03-08T00:42:13","slug":"bacia-amazonica-perdeu-mais-de-52-milhoes-de-hectares-diz-estudo","status":"publish","type":"post","link":"https:\/\/pre.efe.com\/pt-br\/ciencia-e-tecnologia\/2023-03-08\/bacia-amazonica-perdeu-mais-de-52-milhoes-de-hectares-diz-estudo\/","title":{"rendered":"Bacia amaz\u00f4nica perdeu mais de 5,2 milh\u00f5es de hectares, diz estudo"},"content":{"rendered":"\n<p>Reda\u00e7\u00e3o Central (EFE).- Um projeto dirigido pela Ag\u00eancia Espacial Europeia (ESA) processou bilh\u00f5es de imagens de radar de toda a bacia amaz\u00f4nica e constatou, entre janeiro de 2017 e novembro de 2021, uma perda de florestas de 5,2 milh\u00f5es de hectares.<\/p>\n\n\n\n<p>Com base no estudo batizado &#8220;Sentinel-1 for Science: Amazonas&#8221;, a ESA alerta que os ecossistemas florestais est\u00e3o experimentando rapidamente os efeitos da mudan\u00e7a clim\u00e1tica, por isso, \u00e9 cada vez mais urgente realizar uma vigil\u00e2ncia florestal adequada.<\/p>\n\n\n\n<p>As \u00e1reas de mata desempenham um papel importante na compensa\u00e7\u00e3o das emiss\u00f5es antropog\u00eanicas de combust\u00edveis f\u00f3sseis. Desde 2015, as florestas tropicais do mundo podem ser observadas regularmente, com um intervalo sem precedentes de seis a 12 dias, gra\u00e7as \u00e0 miss\u00e3o Copernicus Sentinel-1, destaca a ESA, em comunicado.<\/p>\n\n\n\n<p>Milh\u00f5es de gigabytes de dados de radar s\u00e3o obtidos dia e noite, independentemente da nebulosidade, fuma\u00e7a ou aeross\u00f3is, tornando poss\u00edvel monitorar o desmatamento e a degrada\u00e7\u00e3o da floresta pelo menos a cada duas semanas.<\/p>\n\n\n\n<p>No entanto, o desafio consiste em encontrar m\u00e9todos adequados para extrair indicadores significativos da perda de florestas a partir das enormes quantidades de dados de radar que chegam, de maneira que as anomalias nas s\u00e9ries temporais possam ser detectadas de forma regular e coerente em todas as florestas tropicais.<\/p>\n\n\n\n<p>O projeto Sentinel-1 for Science: Amazonas apresenta um m\u00e9todo sens\u00edvel e transparente de utilizar as imagens de radar do sat\u00e9lite Sentinel-1 para estimar a perda de vegeta\u00e7\u00e3o.<\/p>\n\n\n\n<p>O trabalho utiliza um design de cubo de dados espa\u00e7o-temporais, tamb\u00e9m conhecido como StatCubes &#8211; se trata de um m\u00e9todo para a an\u00e1lise multidimensional e temporada de grandes quantidades de dados.<\/p>\n\n\n\n<p>Com esse enfoque, \u00e9 criada uma an\u00e1lise din\u00e2mica do desmatamento na bacia amaz\u00f4nica.<\/p>\n\n\n\n<p>O equipamento foi capaz de detectar uma perda florestal de mais de 5,2 milh\u00f5es de hectares entre 2017 e 2021, o que equivale, aproximadamente, \u00e0 \u00e1rea do estado do Rio Grande do Norte.<\/p>\n\n\n\n<p>&#8220;O que estamos vendo do espa\u00e7o \u00e9 que mais de 1 milh\u00e3o de hectares de florestas \u00famidas tropicais desaparecem a cada ano na bacia amaz\u00f4nica, sendo 2021 o pior ano no Brasil&#8221;, lamentou Neha Hunka, especialista que participa do projeto.<\/p>\n\n\n\n<p>&#8220;Podemos fazer um acompanhamento destas perdas e informar sobre elas de forma transparente e coerente a cada 12 dias a partir de agora&#8221;, completou. EFE<\/p>\n","protected":false},"excerpt":{"rendered":"<p>Reda\u00e7\u00e3o Central (EFE).- Um projeto dirigido pela Ag\u00eancia Espacial Europeia (ESA) processou bilh\u00f5es de imagens de radar de toda a bacia amaz\u00f4nica e constatou, entre janeiro de 2017 e novembro de 2021, uma perda de florestas de 5,2 milh\u00f5es de hectares. Com base no estudo batizado &#8220;Sentinel-1 for Science: Amazonas&#8221;, a ESA alerta que os &#8230; <a title=\"Bacia amaz\u00f4nica perdeu mais de 5,2 milh\u00f5es de hectares, diz estudo\" class=\"read-more\" href=\"https:\/\/pre.efe.com\/pt-br\/ciencia-e-tecnologia\/2023-03-08\/bacia-amazonica-perdeu-mais-de-52-milhoes-de-hectares-diz-estudo\/\" aria-label=\"Read more about Bacia amaz\u00f4nica perdeu mais de 5,2 milh\u00f5es de hectares, diz estudo\">Leia mais<\/a><\/p>\n","protected":false},"author":198164106,"featured_media":218058,"comment_status":"closed","ping_status":"closed","sticky":false,"template":"","format":"standard","meta":{"_acf_changed":false,"_jetpack_memberships_contains_paid_content":false,"footnotes":""},"categories":[121969,122144],"tags":[125411,124952],"class_list":["post-321989","post","type-post","status-publish","format-standard","has-post-thumbnail","hentry","category-ciencia-e-tecnologia","category-outras-noticias","tag-amazonia-2","tag-meio-ambiente","generate-columns","tablet-grid-50","mobile-grid-100","grid-parent","grid-50"],"acf":[],"yoast_head":"<!-- This site is optimized with the Yoast SEO Premium plugin v26.0 (Yoast SEO v27.5) - https:\/\/yoast.com\/product\/yoast-seo-premium-wordpress\/ -->\n<title>Bacia amaz\u00f4nica perdeu mais de 5,2 milh\u00f5es de hectares, diz estudo - EFE<\/title>\n<meta name=\"robots\" content=\"noindex, follow\" \/>\n<meta property=\"og:locale\" content=\"pt_BR\" \/>\n<meta property=\"og:type\" content=\"article\" \/>\n<meta property=\"og:title\" content=\"Bacia amaz\u00f4nica perdeu mais de 5,2 milh\u00f5es de hectares, diz estudo - EFE\" \/>\n<meta property=\"og:description\" content=\"Reda\u00e7\u00e3o Central (EFE).- Um projeto dirigido pela Ag\u00eancia Espacial Europeia (ESA) processou bilh\u00f5es de imagens de radar de toda a bacia amaz\u00f4nica e constatou, entre janeiro de 2017 e novembro de 2021, uma perda de florestas de 5,2 milh\u00f5es de hectares. Com base no estudo batizado &#8220;Sentinel-1 for Science: Amazonas&#8221;, a ESA alerta que os ... Leia mais\" \/>\n<meta property=\"og:url\" content=\"https:\/\/pre.efe.com\/pt-br\/ciencia-e-tecnologia\/2023-03-08\/bacia-amazonica-perdeu-mais-de-52-milhoes-de-hectares-diz-estudo\/\" \/>\n<meta property=\"og:site_name\" content=\"EFE Noticias\" \/>\n<meta property=\"article:publisher\" content=\"https:\/\/www.facebook.com\/AgenciaEFEnoticias\/\" \/>\n<meta property=\"article:published_time\" content=\"2023-03-08T00:42:10+00:00\" \/>\n<meta property=\"article:modified_time\" content=\"2023-03-08T00:42:13+00:00\" \/>\n<meta property=\"og:image\" content=\"https:\/\/i0.wp.com\/efe.com\/\/srv\/htdocs\/wp-content\/uploads\/2022\/08\/joyas-amazonia.jpg?fit=1000%2C667&ssl=1\" \/>\n\t<meta property=\"og:image:width\" content=\"1000\" \/>\n\t<meta property=\"og:image:height\" content=\"667\" \/>\n\t<meta property=\"og:image:type\" content=\"image\/jpeg\" \/>\n<meta name=\"author\" content=\"anachain\" \/>\n<meta name=\"twitter:card\" content=\"summary_large_image\" \/>\n<meta name=\"twitter:creator\" content=\"@efenoticias\" \/>\n<meta name=\"twitter:site\" content=\"@efenoticias\" \/>\n<script type=\"application\/ld+json\" class=\"yoast-schema-graph\">{\"@context\":\"https:\\\/\\\/schema.org\",\"@graph\":[{\"@type\":\"NewsArticle\",\"@id\":\"https:\\\/\\\/pre.efe.com\\\/pt-br\\\/ciencia-e-tecnologia\\\/2023-03-08\\\/bacia-amazonica-perdeu-mais-de-52-milhoes-de-hectares-diz-estudo\\\/#article\",\"isPartOf\":{\"@id\":\"https:\\\/\\\/pre.efe.com\\\/pt-br\\\/ciencia-e-tecnologia\\\/2023-03-08\\\/bacia-amazonica-perdeu-mais-de-52-milhoes-de-hectares-diz-estudo\\\/\"},\"author\":{\"name\":\"anachain\",\"@id\":\"https:\\\/\\\/pre.efe.com\\\/pt-br\\\/#\\\/schema\\\/person\\\/b19f23f210db552768f68a4b552b004f\"},\"headline\":\"Bacia amaz\u00f4nica perdeu mais de 5,2 milh\u00f5es de hectares, diz estudo\",\"datePublished\":\"2023-03-08T00:42:10+00:00\",\"dateModified\":\"2023-03-08T00:42:13+00:00\",\"mainEntityOfPage\":{\"@id\":\"https:\\\/\\\/pre.efe.com\\\/pt-br\\\/ciencia-e-tecnologia\\\/2023-03-08\\\/bacia-amazonica-perdeu-mais-de-52-milhoes-de-hectares-diz-estudo\\\/\"},\"wordCount\":412,\"publisher\":{\"@id\":\"https:\\\/\\\/pre.efe.com\\\/pt-br\\\/#organization\"},\"image\":{\"@id\":\"https:\\\/\\\/pre.efe.com\\\/pt-br\\\/ciencia-e-tecnologia\\\/2023-03-08\\\/bacia-amazonica-perdeu-mais-de-52-milhoes-de-hectares-diz-estudo\\\/#primaryimage\"},\"thumbnailUrl\":\"https:\\\/\\\/pre.efe.com\\\/wp-content\\\/uploads\\\/2022\\\/08\\\/joyas-amazonia.jpg\",\"keywords\":[\"Amazonia\",\"Meio ambiente\"],\"articleSection\":[\"Ci\u00eancia e Tecnologia\",\"Outras not\u00edcias\"],\"inLanguage\":\"pt-BR\",\"copyrightYear\":\"2023\",\"copyrightHolder\":{\"@id\":\"https:\\\/\\\/pre.efe.com\\\/#organization\"}},{\"@type\":[\"WebPage\",\"ItemPage\"],\"@id\":\"https:\\\/\\\/pre.efe.com\\\/pt-br\\\/ciencia-e-tecnologia\\\/2023-03-08\\\/bacia-amazonica-perdeu-mais-de-52-milhoes-de-hectares-diz-estudo\\\/\",\"url\":\"https:\\\/\\\/pre.efe.com\\\/pt-br\\\/ciencia-e-tecnologia\\\/2023-03-08\\\/bacia-amazonica-perdeu-mais-de-52-milhoes-de-hectares-diz-estudo\\\/\",\"name\":\"Bacia amaz\u00f4nica perdeu mais de 5,2 milh\u00f5es de hectares, diz estudo - EFE\",\"isPartOf\":{\"@id\":\"https:\\\/\\\/pre.efe.com\\\/pt-br\\\/#website\"},\"primaryImageOfPage\":{\"@id\":\"https:\\\/\\\/pre.efe.com\\\/pt-br\\\/ciencia-e-tecnologia\\\/2023-03-08\\\/bacia-amazonica-perdeu-mais-de-52-milhoes-de-hectares-diz-estudo\\\/#primaryimage\"},\"image\":{\"@id\":\"https:\\\/\\\/pre.efe.com\\\/pt-br\\\/ciencia-e-tecnologia\\\/2023-03-08\\\/bacia-amazonica-perdeu-mais-de-52-milhoes-de-hectares-diz-estudo\\\/#primaryimage\"},\"thumbnailUrl\":\"https:\\\/\\\/pre.efe.com\\\/wp-content\\\/uploads\\\/2022\\\/08\\\/joyas-amazonia.jpg\",\"datePublished\":\"2023-03-08T00:42:10+00:00\",\"dateModified\":\"2023-03-08T00:42:13+00:00\",\"breadcrumb\":{\"@id\":\"https:\\\/\\\/pre.efe.com\\\/pt-br\\\/ciencia-e-tecnologia\\\/2023-03-08\\\/bacia-amazonica-perdeu-mais-de-52-milhoes-de-hectares-diz-estudo\\\/#breadcrumb\"},\"inLanguage\":\"pt-BR\",\"potentialAction\":[{\"@type\":\"ReadAction\",\"target\":[\"https:\\\/\\\/pre.efe.com\\\/pt-br\\\/ciencia-e-tecnologia\\\/2023-03-08\\\/bacia-amazonica-perdeu-mais-de-52-milhoes-de-hectares-diz-estudo\\\/\"]}]},{\"@type\":\"ImageObject\",\"inLanguage\":\"pt-BR\",\"@id\":\"https:\\\/\\\/pre.efe.com\\\/pt-br\\\/ciencia-e-tecnologia\\\/2023-03-08\\\/bacia-amazonica-perdeu-mais-de-52-milhoes-de-hectares-diz-estudo\\\/#primaryimage\",\"url\":\"https:\\\/\\\/pre.efe.com\\\/wp-content\\\/uploads\\\/2022\\\/08\\\/joyas-amazonia.jpg\",\"contentUrl\":\"https:\\\/\\\/pre.efe.com\\\/wp-content\\\/uploads\\\/2022\\\/08\\\/joyas-amazonia.jpg\",\"width\":1000,\"height\":667,\"caption\":\"EFE\\\/Arquivo\\\/Jose Jacome\"},{\"@type\":\"BreadcrumbList\",\"@id\":\"https:\\\/\\\/pre.efe.com\\\/pt-br\\\/ciencia-e-tecnologia\\\/2023-03-08\\\/bacia-amazonica-perdeu-mais-de-52-milhoes-de-hectares-diz-estudo\\\/#breadcrumb\",\"itemListElement\":[{\"@type\":\"ListItem\",\"position\":1,\"name\":\"Portada\",\"item\":\"https:\\\/\\\/pre.efe.com\\\/pt-br\\\/\"},{\"@type\":\"ListItem\",\"position\":2,\"name\":\"Bacia amaz\u00f4nica perdeu mais de 5,2 milh\u00f5es de hectares, diz estudo\"}]},{\"@type\":\"WebSite\",\"@id\":\"https:\\\/\\\/pre.efe.com\\\/pt-br\\\/#website\",\"url\":\"https:\\\/\\\/pre.efe.com\\\/pt-br\\\/\",\"name\":\"EFE Noticias\",\"description\":\"\",\"publisher\":{\"@id\":\"https:\\\/\\\/pre.efe.com\\\/pt-br\\\/#organization\"},\"potentialAction\":[{\"@type\":\"SearchAction\",\"target\":{\"@type\":\"EntryPoint\",\"urlTemplate\":\"https:\\\/\\\/pre.efe.com\\\/pt-br\\\/?s={search_term_string}\"},\"query-input\":{\"@type\":\"PropertyValueSpecification\",\"valueRequired\":true,\"valueName\":\"search_term_string\"}}],\"inLanguage\":\"pt-BR\"},{\"@type\":\"Organization\",\"@id\":\"https:\\\/\\\/pre.efe.com\\\/pt-br\\\/#organization\",\"name\":\"Agencia EFE\",\"url\":\"https:\\\/\\\/pre.efe.com\\\/pt-br\\\/\",\"logo\":{\"@type\":\"ImageObject\",\"inLanguage\":\"pt-BR\",\"@id\":\"https:\\\/\\\/pre.efe.com\\\/pt-br\\\/#\\\/schema\\\/logo\\\/image\\\/\",\"url\":\"https:\\\/\\\/pre.efe.com\\\/wp-content\\\/uploads\\\/2023\\\/06\\\/logo-efe-467.png\",\"contentUrl\":\"https:\\\/\\\/pre.efe.com\\\/wp-content\\\/uploads\\\/2023\\\/06\\\/logo-efe-467.png\",\"width\":467,\"height\":467,\"caption\":\"Agencia EFE\"},\"image\":{\"@id\":\"https:\\\/\\\/pre.efe.com\\\/pt-br\\\/#\\\/schema\\\/logo\\\/image\\\/\"},\"sameAs\":[\"https:\\\/\\\/www.facebook.com\\\/AgenciaEFEnoticias\\\/\",\"https:\\\/\\\/x.com\\\/efenoticias\",\"https:\\\/\\\/www.instagram.com\\\/efe_noticias\\\/\",\"http:\\\/\\\/www.youtube.com\\\/efe\"]},{\"@type\":\"Person\",\"@id\":\"https:\\\/\\\/pre.efe.com\\\/pt-br\\\/#\\\/schema\\\/person\\\/b19f23f210db552768f68a4b552b004f\",\"name\":\"anachain\",\"image\":{\"@type\":\"ImageObject\",\"inLanguage\":\"pt-BR\",\"@id\":\"https:\\\/\\\/secure.gravatar.com\\\/avatar\\\/30b83965911ef1108bb893c00bdd65c885f9890e1265ee04b02c3d5adc785d37?s=96&d=identicon&r=g\",\"url\":\"https:\\\/\\\/secure.gravatar.com\\\/avatar\\\/30b83965911ef1108bb893c00bdd65c885f9890e1265ee04b02c3d5adc785d37?s=96&d=identicon&r=g\",\"contentUrl\":\"https:\\\/\\\/secure.gravatar.com\\\/avatar\\\/30b83965911ef1108bb893c00bdd65c885f9890e1265ee04b02c3d5adc785d37?s=96&d=identicon&r=g\",\"caption\":\"anachain\"},\"url\":\"https:\\\/\\\/pre.efe.com\\\/pt-br\\\/autor\\\/anachain\\\/\"}]}<\/script>\n<!-- \/ Yoast SEO Premium plugin. -->","yoast_head_json":{"title":"Bacia amaz\u00f4nica perdeu mais de 5,2 milh\u00f5es de hectares, diz estudo - EFE","robots":{"index":"noindex","follow":"follow"},"og_locale":"pt_BR","og_type":"article","og_title":"Bacia amaz\u00f4nica perdeu mais de 5,2 milh\u00f5es de hectares, diz estudo - EFE","og_description":"Reda\u00e7\u00e3o Central (EFE).- Um projeto dirigido pela Ag\u00eancia Espacial Europeia (ESA) processou bilh\u00f5es de imagens de radar de toda a bacia amaz\u00f4nica e constatou, entre janeiro de 2017 e novembro de 2021, uma perda de florestas de 5,2 milh\u00f5es de hectares. Com base no estudo batizado &#8220;Sentinel-1 for Science: Amazonas&#8221;, a ESA alerta que os ... Leia mais","og_url":"https:\/\/pre.efe.com\/pt-br\/ciencia-e-tecnologia\/2023-03-08\/bacia-amazonica-perdeu-mais-de-52-milhoes-de-hectares-diz-estudo\/","og_site_name":"EFE Noticias","article_publisher":"https:\/\/www.facebook.com\/AgenciaEFEnoticias\/","article_published_time":"2023-03-08T00:42:10+00:00","article_modified_time":"2023-03-08T00:42:13+00:00","og_image":[{"width":1000,"height":667,"url":"https:\/\/i0.wp.com\/efe.com\/\/srv\/htdocs\/wp-content\/uploads\/2022\/08\/joyas-amazonia.jpg?fit=1000%2C667&ssl=1","type":"image\/jpeg"}],"author":"anachain","twitter_card":"summary_large_image","twitter_creator":"@efenoticias","twitter_site":"@efenoticias","schema":{"@context":"https:\/\/schema.org","@graph":[{"@type":"NewsArticle","@id":"https:\/\/pre.efe.com\/pt-br\/ciencia-e-tecnologia\/2023-03-08\/bacia-amazonica-perdeu-mais-de-52-milhoes-de-hectares-diz-estudo\/#article","isPartOf":{"@id":"https:\/\/pre.efe.com\/pt-br\/ciencia-e-tecnologia\/2023-03-08\/bacia-amazonica-perdeu-mais-de-52-milhoes-de-hectares-diz-estudo\/"},"author":{"name":"anachain","@id":"https:\/\/pre.efe.com\/pt-br\/#\/schema\/person\/b19f23f210db552768f68a4b552b004f"},"headline":"Bacia amaz\u00f4nica perdeu mais de 5,2 milh\u00f5es de hectares, diz estudo","datePublished":"2023-03-08T00:42:10+00:00","dateModified":"2023-03-08T00:42:13+00:00","mainEntityOfPage":{"@id":"https:\/\/pre.efe.com\/pt-br\/ciencia-e-tecnologia\/2023-03-08\/bacia-amazonica-perdeu-mais-de-52-milhoes-de-hectares-diz-estudo\/"},"wordCount":412,"publisher":{"@id":"https:\/\/pre.efe.com\/pt-br\/#organization"},"image":{"@id":"https:\/\/pre.efe.com\/pt-br\/ciencia-e-tecnologia\/2023-03-08\/bacia-amazonica-perdeu-mais-de-52-milhoes-de-hectares-diz-estudo\/#primaryimage"},"thumbnailUrl":"https:\/\/pre.efe.com\/wp-content\/uploads\/2022\/08\/joyas-amazonia.jpg","keywords":["Amazonia","Meio ambiente"],"articleSection":["Ci\u00eancia e Tecnologia","Outras not\u00edcias"],"inLanguage":"pt-BR","copyrightYear":"2023","copyrightHolder":{"@id":"https:\/\/pre.efe.com\/#organization"}},{"@type":["WebPage","ItemPage"],"@id":"https:\/\/pre.efe.com\/pt-br\/ciencia-e-tecnologia\/2023-03-08\/bacia-amazonica-perdeu-mais-de-52-milhoes-de-hectares-diz-estudo\/","url":"https:\/\/pre.efe.com\/pt-br\/ciencia-e-tecnologia\/2023-03-08\/bacia-amazonica-perdeu-mais-de-52-milhoes-de-hectares-diz-estudo\/","name":"Bacia amaz\u00f4nica perdeu mais de 5,2 milh\u00f5es de hectares, diz estudo - EFE","isPartOf":{"@id":"https:\/\/pre.efe.com\/pt-br\/#website"},"primaryImageOfPage":{"@id":"https:\/\/pre.efe.com\/pt-br\/ciencia-e-tecnologia\/2023-03-08\/bacia-amazonica-perdeu-mais-de-52-milhoes-de-hectares-diz-estudo\/#primaryimage"},"image":{"@id":"https:\/\/pre.efe.com\/pt-br\/ciencia-e-tecnologia\/2023-03-08\/bacia-amazonica-perdeu-mais-de-52-milhoes-de-hectares-diz-estudo\/#primaryimage"},"thumbnailUrl":"https:\/\/pre.efe.com\/wp-content\/uploads\/2022\/08\/joyas-amazonia.jpg","datePublished":"2023-03-08T00:42:10+00:00","dateModified":"2023-03-08T00:42:13+00:00","breadcrumb":{"@id":"https:\/\/pre.efe.com\/pt-br\/ciencia-e-tecnologia\/2023-03-08\/bacia-amazonica-perdeu-mais-de-52-milhoes-de-hectares-diz-estudo\/#breadcrumb"},"inLanguage":"pt-BR","potentialAction":[{"@type":"ReadAction","target":["https:\/\/pre.efe.com\/pt-br\/ciencia-e-tecnologia\/2023-03-08\/bacia-amazonica-perdeu-mais-de-52-milhoes-de-hectares-diz-estudo\/"]}]},{"@type":"ImageObject","inLanguage":"pt-BR","@id":"https:\/\/pre.efe.com\/pt-br\/ciencia-e-tecnologia\/2023-03-08\/bacia-amazonica-perdeu-mais-de-52-milhoes-de-hectares-diz-estudo\/#primaryimage","url":"https:\/\/pre.efe.com\/wp-content\/uploads\/2022\/08\/joyas-amazonia.jpg","contentUrl":"https:\/\/pre.efe.com\/wp-content\/uploads\/2022\/08\/joyas-amazonia.jpg","width":1000,"height":667,"caption":"EFE\/Arquivo\/Jose Jacome"},{"@type":"BreadcrumbList","@id":"https:\/\/pre.efe.com\/pt-br\/ciencia-e-tecnologia\/2023-03-08\/bacia-amazonica-perdeu-mais-de-52-milhoes-de-hectares-diz-estudo\/#breadcrumb","itemListElement":[{"@type":"ListItem","position":1,"name":"Portada","item":"https:\/\/pre.efe.com\/pt-br\/"},{"@type":"ListItem","position":2,"name":"Bacia amaz\u00f4nica perdeu mais de 5,2 milh\u00f5es de hectares, diz estudo"}]},{"@type":"WebSite","@id":"https:\/\/pre.efe.com\/pt-br\/#website","url":"https:\/\/pre.efe.com\/pt-br\/","name":"EFE Noticias","description":"","publisher":{"@id":"https:\/\/pre.efe.com\/pt-br\/#organization"},"potentialAction":[{"@type":"SearchAction","target":{"@type":"EntryPoint","urlTemplate":"https:\/\/pre.efe.com\/pt-br\/?s={search_term_string}"},"query-input":{"@type":"PropertyValueSpecification","valueRequired":true,"valueName":"search_term_string"}}],"inLanguage":"pt-BR"},{"@type":"Organization","@id":"https:\/\/pre.efe.com\/pt-br\/#organization","name":"Agencia EFE","url":"https:\/\/pre.efe.com\/pt-br\/","logo":{"@type":"ImageObject","inLanguage":"pt-BR","@id":"https:\/\/pre.efe.com\/pt-br\/#\/schema\/logo\/image\/","url":"https:\/\/pre.efe.com\/wp-content\/uploads\/2023\/06\/logo-efe-467.png","contentUrl":"https:\/\/pre.efe.com\/wp-content\/uploads\/2023\/06\/logo-efe-467.png","width":467,"height":467,"caption":"Agencia EFE"},"image":{"@id":"https:\/\/pre.efe.com\/pt-br\/#\/schema\/logo\/image\/"},"sameAs":["https:\/\/www.facebook.com\/AgenciaEFEnoticias\/","https:\/\/x.com\/efenoticias","https:\/\/www.instagram.com\/efe_noticias\/","http:\/\/www.youtube.com\/efe"]},{"@type":"Person","@id":"https:\/\/pre.efe.com\/pt-br\/#\/schema\/person\/b19f23f210db552768f68a4b552b004f","name":"anachain","image":{"@type":"ImageObject","inLanguage":"pt-BR","@id":"https:\/\/secure.gravatar.com\/avatar\/30b83965911ef1108bb893c00bdd65c885f9890e1265ee04b02c3d5adc785d37?s=96&d=identicon&r=g","url":"https:\/\/secure.gravatar.com\/avatar\/30b83965911ef1108bb893c00bdd65c885f9890e1265ee04b02c3d5adc785d37?s=96&d=identicon&r=g","contentUrl":"https:\/\/secure.gravatar.com\/avatar\/30b83965911ef1108bb893c00bdd65c885f9890e1265ee04b02c3d5adc785d37?s=96&d=identicon&r=g","caption":"anachain"},"url":"https:\/\/pre.efe.com\/pt-br\/autor\/anachain\/"}]}},"jetpack_featured_media_url":"https:\/\/pre.efe.com\/wp-content\/uploads\/2022\/08\/joyas-amazonia.jpg","jetpack_shortlink":"https:\/\/wp.me\/peJvHm-1lLn","jetpack_sharing_enabled":true,"_links":{"self":[{"href":"https:\/\/pre.efe.com\/pt-br\/wp-json\/wp\/v2\/posts\/321989","targetHints":{"allow":["GET"]}}],"collection":[{"href":"https:\/\/pre.efe.com\/pt-br\/wp-json\/wp\/v2\/posts"}],"about":[{"href":"https:\/\/pre.efe.com\/pt-br\/wp-json\/wp\/v2\/types\/post"}],"author":[{"embeddable":true,"href":"https:\/\/pre.efe.com\/pt-br\/wp-json\/wp\/v2\/users\/198164106"}],"replies":[{"embeddable":true,"href":"https:\/\/pre.efe.com\/pt-br\/wp-json\/wp\/v2\/comments?post=321989"}],"version-history":[{"count":2,"href":"https:\/\/pre.efe.com\/pt-br\/wp-json\/wp\/v2\/posts\/321989\/revisions"}],"predecessor-version":[{"id":321991,"href":"https:\/\/pre.efe.com\/pt-br\/wp-json\/wp\/v2\/posts\/321989\/revisions\/321991"}],"wp:featuredmedia":[{"embeddable":true,"href":"https:\/\/pre.efe.com\/pt-br\/wp-json\/wp\/v2\/media\/218058"}],"wp:attachment":[{"href":"https:\/\/pre.efe.com\/pt-br\/wp-json\/wp\/v2\/media?parent=321989"}],"wp:term":[{"taxonomy":"category","embeddable":true,"href":"https:\/\/pre.efe.com\/pt-br\/wp-json\/wp\/v2\/categories?post=321989"},{"taxonomy":"post_tag","embeddable":true,"href":"https:\/\/pre.efe.com\/pt-br\/wp-json\/wp\/v2\/tags?post=321989"}],"curies":[{"name":"wp","href":"https:\/\/api.w.org\/{rel}","templated":true}]}}