{"id":326498,"date":"2023-03-09T13:37:30","date_gmt":"2023-03-09T12:37:30","guid":{"rendered":"https:\/\/pre.efe.com\/?p=326498"},"modified":"2023-03-09T13:37:33","modified_gmt":"2023-03-09T12:37:33","slug":"vinicius-junior-reconhece-que-real-madrid-precisa-voltar-a-ganhar","status":"publish","type":"post","link":"https:\/\/pre.efe.com\/pt-br\/esportes\/2023-03-09\/vinicius-junior-reconhece-que-real-madrid-precisa-voltar-a-ganhar\/","title":{"rendered":"Vinicius J\u00fanior reconhece que Real Madrid precisa &#8220;voltar a ganhar&#8221;"},"content":{"rendered":"\n<p>Madri (EFE).- O meia-atacante brasileiro Vinicius J\u00fanior deixou clara nesta quinta-feira a miss\u00e3o do Real Madrid para o jogo com o Espanyol, marcado para acontecer daqui dois dias, pelo Campeonato Espanhol.<\/p>\n\n\n\n<blockquote class=\"wp-block-quote is-layout-flow wp-block-quote-is-layout-flow\">\n<p>&#8220;Temos que voltar a ganhar e jogar bem&#8221;, disse o ex-Flamengo, em declara\u00e7\u00e3o divulgada pelo pr\u00f3prio clube &#8216;merengue&#8217;.<\/p>\n<\/blockquote>\n\n\n\n<p>O Real Madrid n\u00e3o venceu os \u00faltimos tr\u00eas compromissos, j\u00e1 que empatou com Atl\u00e9tico de Madrid e Betis pelo Espanhol, e perdeu para o Barcelona pela Copa do Rei.<\/p>\n\n\n\n<p>Vinicius deixou claro que vai seguir lutando para que a equipe madrilenha reencontre a melhor fase.<\/p>\n\n\n\n<blockquote class=\"wp-block-quote is-layout-flow wp-block-quote-is-layout-flow\">\n<p>&#8220;Quero ajudar o time e nossa torcida, para seguir lutando por tudo&#8221;, afirmou.<\/p>\n<\/blockquote>\n\n\n\n<p>Vice-l\u00edder do campeonato nacional, nove pontos atr\u00e1s do Barcelona, o Real Madrid enfrentar\u00e1 o Espanyol neste s\u00e1bado, no est\u00e1dio Santiago Bernab\u00e9u. EFE<\/p>\n","protected":false},"excerpt":{"rendered":"<p>Madri (EFE).- O meia-atacante brasileiro Vinicius J\u00fanior deixou clara nesta quinta-feira a miss\u00e3o do Real Madrid para o jogo com o Espanyol, marcado para acontecer daqui dois dias, pelo Campeonato Espanhol. &#8220;Temos que voltar a ganhar e jogar bem&#8221;, disse o ex-Flamengo, em declara\u00e7\u00e3o divulgada pelo pr\u00f3prio clube &#8216;merengue&#8217;. O Real Madrid n\u00e3o venceu os &#8230; <a title=\"Vinicius J\u00fanior reconhece que Real Madrid precisa &#8220;voltar a ganhar&#8221;\" class=\"read-more\" href=\"https:\/\/pre.efe.com\/pt-br\/esportes\/2023-03-09\/vinicius-junior-reconhece-que-real-madrid-precisa-voltar-a-ganhar\/\" aria-label=\"Read more about Vinicius J\u00fanior reconhece que Real Madrid precisa &#8220;voltar a ganhar&#8221;\">Leia mais<\/a><\/p>\n","protected":false},"author":198164106,"featured_media":303235,"comment_status":"closed","ping_status":"closed","sticky":false,"template":"","format":"standard","meta":{"_acf_changed":false,"_jetpack_memberships_contains_paid_content":false,"footnotes":""},"categories":[121968,122141],"tags":[125591,124421,122364,122315],"class_list":["post-326498","post","type-post","status-publish","format-standard","has-post-thumbnail","hentry","category-esportes","category-portada","tag-brasil-2","tag-espanha","tag-futebol","tag-real-madrid","generate-columns","tablet-grid-50","mobile-grid-100","grid-parent","grid-50"],"acf":[],"yoast_head":"<!-- This site is optimized with the Yoast SEO Premium plugin v26.0 (Yoast SEO v27.4) - https:\/\/yoast.com\/product\/yoast-seo-premium-wordpress\/ -->\n<title>Vinicius J\u00fanior reconhece que Real Madrid precisa &quot;voltar a ganhar&quot; - EFE<\/title>\n<meta name=\"robots\" content=\"noindex, follow\" \/>\n<meta property=\"og:locale\" content=\"pt_BR\" \/>\n<meta property=\"og:type\" content=\"article\" \/>\n<meta property=\"og:title\" content=\"Vinicius J\u00fanior reconhece que Real Madrid precisa &quot;voltar a ganhar&quot; - EFE\" \/>\n<meta property=\"og:description\" content=\"Madri (EFE).- O meia-atacante brasileiro Vinicius J\u00fanior deixou clara nesta quinta-feira a miss\u00e3o do Real Madrid para o jogo com o Espanyol, marcado para acontecer daqui dois dias, pelo Campeonato Espanhol. &#8220;Temos que voltar a ganhar e jogar bem&#8221;, disse o ex-Flamengo, em declara\u00e7\u00e3o divulgada pelo pr\u00f3prio clube &#8216;merengue&#8217;. O Real Madrid n\u00e3o venceu os ... Leia mais\" \/>\n<meta property=\"og:url\" content=\"https:\/\/pre.efe.com\/pt-br\/esportes\/2023-03-09\/vinicius-junior-reconhece-que-real-madrid-precisa-voltar-a-ganhar\/\" \/>\n<meta property=\"og:site_name\" content=\"EFE Noticias\" \/>\n<meta property=\"article:publisher\" content=\"https:\/\/www.facebook.com\/AgenciaEFEnoticias\/\" \/>\n<meta property=\"article:published_time\" content=\"2023-03-09T12:37:30+00:00\" \/>\n<meta property=\"article:modified_time\" content=\"2023-03-09T12:37:33+00:00\" \/>\n<meta property=\"og:image\" content=\"https:\/\/i0.wp.com\/efe.com\/\/srv\/htdocs\/wp-content\/uploads\/2023\/02\/insultos-vinicius.jpg?fit=900%2C603&ssl=1\" \/>\n\t<meta property=\"og:image:width\" content=\"900\" \/>\n\t<meta property=\"og:image:height\" content=\"603\" \/>\n\t<meta property=\"og:image:type\" content=\"image\/jpeg\" \/>\n<meta name=\"author\" content=\"anachain\" \/>\n<meta name=\"twitter:card\" content=\"summary_large_image\" \/>\n<meta name=\"twitter:creator\" content=\"@efenoticias\" \/>\n<meta name=\"twitter:site\" content=\"@efenoticias\" \/>\n<script type=\"application\/ld+json\" class=\"yoast-schema-graph\">{\"@context\":\"https:\\\/\\\/schema.org\",\"@graph\":[{\"@type\":\"NewsArticle\",\"@id\":\"https:\\\/\\\/pre.efe.com\\\/pt-br\\\/esportes\\\/2023-03-09\\\/vinicius-junior-reconhece-que-real-madrid-precisa-voltar-a-ganhar\\\/#article\",\"isPartOf\":{\"@id\":\"https:\\\/\\\/pre.efe.com\\\/pt-br\\\/esportes\\\/2023-03-09\\\/vinicius-junior-reconhece-que-real-madrid-precisa-voltar-a-ganhar\\\/\"},\"author\":{\"name\":\"anachain\",\"@id\":\"https:\\\/\\\/pre.efe.com\\\/pt-br\\\/#\\\/schema\\\/person\\\/b19f23f210db552768f68a4b552b004f\"},\"headline\":\"Vinicius J\u00fanior reconhece que Real Madrid precisa &#8220;voltar a ganhar&#8221;\",\"datePublished\":\"2023-03-09T12:37:30+00:00\",\"dateModified\":\"2023-03-09T12:37:33+00:00\",\"mainEntityOfPage\":{\"@id\":\"https:\\\/\\\/pre.efe.com\\\/pt-br\\\/esportes\\\/2023-03-09\\\/vinicius-junior-reconhece-que-real-madrid-precisa-voltar-a-ganhar\\\/\"},\"wordCount\":153,\"publisher\":{\"@id\":\"https:\\\/\\\/pre.efe.com\\\/pt-br\\\/#organization\"},\"image\":{\"@id\":\"https:\\\/\\\/pre.efe.com\\\/pt-br\\\/esportes\\\/2023-03-09\\\/vinicius-junior-reconhece-que-real-madrid-precisa-voltar-a-ganhar\\\/#primaryimage\"},\"thumbnailUrl\":\"https:\\\/\\\/pre.efe.com\\\/wp-content\\\/uploads\\\/2023\\\/02\\\/insultos-vinicius.jpg\",\"keywords\":[\"Brasil\",\"Espanha\",\"Futebol\",\"Real Madrid\"],\"articleSection\":[\"Esportes\",\"Portada\"],\"inLanguage\":\"pt-BR\",\"copyrightYear\":\"2023\",\"copyrightHolder\":{\"@id\":\"https:\\\/\\\/pre.efe.com\\\/#organization\"}},{\"@type\":[\"WebPage\",\"ItemPage\"],\"@id\":\"https:\\\/\\\/pre.efe.com\\\/pt-br\\\/esportes\\\/2023-03-09\\\/vinicius-junior-reconhece-que-real-madrid-precisa-voltar-a-ganhar\\\/\",\"url\":\"https:\\\/\\\/pre.efe.com\\\/pt-br\\\/esportes\\\/2023-03-09\\\/vinicius-junior-reconhece-que-real-madrid-precisa-voltar-a-ganhar\\\/\",\"name\":\"Vinicius J\u00fanior reconhece que Real Madrid precisa \\\"voltar a ganhar\\\" - EFE\",\"isPartOf\":{\"@id\":\"https:\\\/\\\/pre.efe.com\\\/pt-br\\\/#website\"},\"primaryImageOfPage\":{\"@id\":\"https:\\\/\\\/pre.efe.com\\\/pt-br\\\/esportes\\\/2023-03-09\\\/vinicius-junior-reconhece-que-real-madrid-precisa-voltar-a-ganhar\\\/#primaryimage\"},\"image\":{\"@id\":\"https:\\\/\\\/pre.efe.com\\\/pt-br\\\/esportes\\\/2023-03-09\\\/vinicius-junior-reconhece-que-real-madrid-precisa-voltar-a-ganhar\\\/#primaryimage\"},\"thumbnailUrl\":\"https:\\\/\\\/pre.efe.com\\\/wp-content\\\/uploads\\\/2023\\\/02\\\/insultos-vinicius.jpg\",\"datePublished\":\"2023-03-09T12:37:30+00:00\",\"dateModified\":\"2023-03-09T12:37:33+00:00\",\"breadcrumb\":{\"@id\":\"https:\\\/\\\/pre.efe.com\\\/pt-br\\\/esportes\\\/2023-03-09\\\/vinicius-junior-reconhece-que-real-madrid-precisa-voltar-a-ganhar\\\/#breadcrumb\"},\"inLanguage\":\"pt-BR\",\"potentialAction\":[{\"@type\":\"ReadAction\",\"target\":[\"https:\\\/\\\/pre.efe.com\\\/pt-br\\\/esportes\\\/2023-03-09\\\/vinicius-junior-reconhece-que-real-madrid-precisa-voltar-a-ganhar\\\/\"]}]},{\"@type\":\"ImageObject\",\"inLanguage\":\"pt-BR\",\"@id\":\"https:\\\/\\\/pre.efe.com\\\/pt-br\\\/esportes\\\/2023-03-09\\\/vinicius-junior-reconhece-que-real-madrid-precisa-voltar-a-ganhar\\\/#primaryimage\",\"url\":\"https:\\\/\\\/pre.efe.com\\\/wp-content\\\/uploads\\\/2023\\\/02\\\/insultos-vinicius.jpg\",\"contentUrl\":\"https:\\\/\\\/pre.efe.com\\\/wp-content\\\/uploads\\\/2023\\\/02\\\/insultos-vinicius.jpg\",\"width\":900,\"height\":603,\"caption\":\"O atacante do Real Madrid Vin\u00edcius Jr. EFE\\\/Arquivo\\\/Juanjo Mart\u00edn\"},{\"@type\":\"BreadcrumbList\",\"@id\":\"https:\\\/\\\/pre.efe.com\\\/pt-br\\\/esportes\\\/2023-03-09\\\/vinicius-junior-reconhece-que-real-madrid-precisa-voltar-a-ganhar\\\/#breadcrumb\",\"itemListElement\":[{\"@type\":\"ListItem\",\"position\":1,\"name\":\"Portada\",\"item\":\"https:\\\/\\\/pre.efe.com\\\/pt-br\\\/\"},{\"@type\":\"ListItem\",\"position\":2,\"name\":\"Vinicius J\u00fanior reconhece que Real Madrid precisa &#8220;voltar a ganhar&#8221;\"}]},{\"@type\":\"WebSite\",\"@id\":\"https:\\\/\\\/pre.efe.com\\\/pt-br\\\/#website\",\"url\":\"https:\\\/\\\/pre.efe.com\\\/pt-br\\\/\",\"name\":\"EFE Noticias\",\"description\":\"\",\"publisher\":{\"@id\":\"https:\\\/\\\/pre.efe.com\\\/pt-br\\\/#organization\"},\"potentialAction\":[{\"@type\":\"SearchAction\",\"target\":{\"@type\":\"EntryPoint\",\"urlTemplate\":\"https:\\\/\\\/pre.efe.com\\\/pt-br\\\/?s={search_term_string}\"},\"query-input\":{\"@type\":\"PropertyValueSpecification\",\"valueRequired\":true,\"valueName\":\"search_term_string\"}}],\"inLanguage\":\"pt-BR\"},{\"@type\":\"Organization\",\"@id\":\"https:\\\/\\\/pre.efe.com\\\/pt-br\\\/#organization\",\"name\":\"Agencia EFE\",\"url\":\"https:\\\/\\\/pre.efe.com\\\/pt-br\\\/\",\"logo\":{\"@type\":\"ImageObject\",\"inLanguage\":\"pt-BR\",\"@id\":\"https:\\\/\\\/pre.efe.com\\\/pt-br\\\/#\\\/schema\\\/logo\\\/image\\\/\",\"url\":\"https:\\\/\\\/pre.efe.com\\\/wp-content\\\/uploads\\\/2023\\\/06\\\/logo-efe-467.png\",\"contentUrl\":\"https:\\\/\\\/pre.efe.com\\\/wp-content\\\/uploads\\\/2023\\\/06\\\/logo-efe-467.png\",\"width\":467,\"height\":467,\"caption\":\"Agencia EFE\"},\"image\":{\"@id\":\"https:\\\/\\\/pre.efe.com\\\/pt-br\\\/#\\\/schema\\\/logo\\\/image\\\/\"},\"sameAs\":[\"https:\\\/\\\/www.facebook.com\\\/AgenciaEFEnoticias\\\/\",\"https:\\\/\\\/x.com\\\/efenoticias\",\"https:\\\/\\\/www.instagram.com\\\/efe_noticias\\\/\",\"http:\\\/\\\/www.youtube.com\\\/efe\"]},{\"@type\":\"Person\",\"@id\":\"https:\\\/\\\/pre.efe.com\\\/pt-br\\\/#\\\/schema\\\/person\\\/b19f23f210db552768f68a4b552b004f\",\"name\":\"anachain\",\"image\":{\"@type\":\"ImageObject\",\"inLanguage\":\"pt-BR\",\"@id\":\"https:\\\/\\\/secure.gravatar.com\\\/avatar\\\/30b83965911ef1108bb893c00bdd65c885f9890e1265ee04b02c3d5adc785d37?s=96&d=identicon&r=g\",\"url\":\"https:\\\/\\\/secure.gravatar.com\\\/avatar\\\/30b83965911ef1108bb893c00bdd65c885f9890e1265ee04b02c3d5adc785d37?s=96&d=identicon&r=g\",\"contentUrl\":\"https:\\\/\\\/secure.gravatar.com\\\/avatar\\\/30b83965911ef1108bb893c00bdd65c885f9890e1265ee04b02c3d5adc785d37?s=96&d=identicon&r=g\",\"caption\":\"anachain\"},\"url\":\"https:\\\/\\\/pre.efe.com\\\/pt-br\\\/autor\\\/anachain\\\/\"}]}<\/script>\n<!-- \/ Yoast SEO Premium plugin. -->","yoast_head_json":{"title":"Vinicius J\u00fanior reconhece que Real Madrid precisa \"voltar a ganhar\" - EFE","robots":{"index":"noindex","follow":"follow"},"og_locale":"pt_BR","og_type":"article","og_title":"Vinicius J\u00fanior reconhece que Real Madrid precisa \"voltar a ganhar\" - EFE","og_description":"Madri (EFE).- O meia-atacante brasileiro Vinicius J\u00fanior deixou clara nesta quinta-feira a miss\u00e3o do Real Madrid para o jogo com o Espanyol, marcado para acontecer daqui dois dias, pelo Campeonato Espanhol. &#8220;Temos que voltar a ganhar e jogar bem&#8221;, disse o ex-Flamengo, em declara\u00e7\u00e3o divulgada pelo pr\u00f3prio clube &#8216;merengue&#8217;. O Real Madrid n\u00e3o venceu os ... Leia mais","og_url":"https:\/\/pre.efe.com\/pt-br\/esportes\/2023-03-09\/vinicius-junior-reconhece-que-real-madrid-precisa-voltar-a-ganhar\/","og_site_name":"EFE Noticias","article_publisher":"https:\/\/www.facebook.com\/AgenciaEFEnoticias\/","article_published_time":"2023-03-09T12:37:30+00:00","article_modified_time":"2023-03-09T12:37:33+00:00","og_image":[{"width":900,"height":603,"url":"https:\/\/i0.wp.com\/efe.com\/\/srv\/htdocs\/wp-content\/uploads\/2023\/02\/insultos-vinicius.jpg?fit=900%2C603&ssl=1","type":"image\/jpeg"}],"author":"anachain","twitter_card":"summary_large_image","twitter_creator":"@efenoticias","twitter_site":"@efenoticias","schema":{"@context":"https:\/\/schema.org","@graph":[{"@type":"NewsArticle","@id":"https:\/\/pre.efe.com\/pt-br\/esportes\/2023-03-09\/vinicius-junior-reconhece-que-real-madrid-precisa-voltar-a-ganhar\/#article","isPartOf":{"@id":"https:\/\/pre.efe.com\/pt-br\/esportes\/2023-03-09\/vinicius-junior-reconhece-que-real-madrid-precisa-voltar-a-ganhar\/"},"author":{"name":"anachain","@id":"https:\/\/pre.efe.com\/pt-br\/#\/schema\/person\/b19f23f210db552768f68a4b552b004f"},"headline":"Vinicius J\u00fanior reconhece que Real Madrid precisa &#8220;voltar a ganhar&#8221;","datePublished":"2023-03-09T12:37:30+00:00","dateModified":"2023-03-09T12:37:33+00:00","mainEntityOfPage":{"@id":"https:\/\/pre.efe.com\/pt-br\/esportes\/2023-03-09\/vinicius-junior-reconhece-que-real-madrid-precisa-voltar-a-ganhar\/"},"wordCount":153,"publisher":{"@id":"https:\/\/pre.efe.com\/pt-br\/#organization"},"image":{"@id":"https:\/\/pre.efe.com\/pt-br\/esportes\/2023-03-09\/vinicius-junior-reconhece-que-real-madrid-precisa-voltar-a-ganhar\/#primaryimage"},"thumbnailUrl":"https:\/\/pre.efe.com\/wp-content\/uploads\/2023\/02\/insultos-vinicius.jpg","keywords":["Brasil","Espanha","Futebol","Real Madrid"],"articleSection":["Esportes","Portada"],"inLanguage":"pt-BR","copyrightYear":"2023","copyrightHolder":{"@id":"https:\/\/pre.efe.com\/#organization"}},{"@type":["WebPage","ItemPage"],"@id":"https:\/\/pre.efe.com\/pt-br\/esportes\/2023-03-09\/vinicius-junior-reconhece-que-real-madrid-precisa-voltar-a-ganhar\/","url":"https:\/\/pre.efe.com\/pt-br\/esportes\/2023-03-09\/vinicius-junior-reconhece-que-real-madrid-precisa-voltar-a-ganhar\/","name":"Vinicius J\u00fanior reconhece que Real Madrid precisa \"voltar a ganhar\" - EFE","isPartOf":{"@id":"https:\/\/pre.efe.com\/pt-br\/#website"},"primaryImageOfPage":{"@id":"https:\/\/pre.efe.com\/pt-br\/esportes\/2023-03-09\/vinicius-junior-reconhece-que-real-madrid-precisa-voltar-a-ganhar\/#primaryimage"},"image":{"@id":"https:\/\/pre.efe.com\/pt-br\/esportes\/2023-03-09\/vinicius-junior-reconhece-que-real-madrid-precisa-voltar-a-ganhar\/#primaryimage"},"thumbnailUrl":"https:\/\/pre.efe.com\/wp-content\/uploads\/2023\/02\/insultos-vinicius.jpg","datePublished":"2023-03-09T12:37:30+00:00","dateModified":"2023-03-09T12:37:33+00:00","breadcrumb":{"@id":"https:\/\/pre.efe.com\/pt-br\/esportes\/2023-03-09\/vinicius-junior-reconhece-que-real-madrid-precisa-voltar-a-ganhar\/#breadcrumb"},"inLanguage":"pt-BR","potentialAction":[{"@type":"ReadAction","target":["https:\/\/pre.efe.com\/pt-br\/esportes\/2023-03-09\/vinicius-junior-reconhece-que-real-madrid-precisa-voltar-a-ganhar\/"]}]},{"@type":"ImageObject","inLanguage":"pt-BR","@id":"https:\/\/pre.efe.com\/pt-br\/esportes\/2023-03-09\/vinicius-junior-reconhece-que-real-madrid-precisa-voltar-a-ganhar\/#primaryimage","url":"https:\/\/pre.efe.com\/wp-content\/uploads\/2023\/02\/insultos-vinicius.jpg","contentUrl":"https:\/\/pre.efe.com\/wp-content\/uploads\/2023\/02\/insultos-vinicius.jpg","width":900,"height":603,"caption":"O atacante do Real Madrid Vin\u00edcius Jr. EFE\/Arquivo\/Juanjo Mart\u00edn"},{"@type":"BreadcrumbList","@id":"https:\/\/pre.efe.com\/pt-br\/esportes\/2023-03-09\/vinicius-junior-reconhece-que-real-madrid-precisa-voltar-a-ganhar\/#breadcrumb","itemListElement":[{"@type":"ListItem","position":1,"name":"Portada","item":"https:\/\/pre.efe.com\/pt-br\/"},{"@type":"ListItem","position":2,"name":"Vinicius J\u00fanior reconhece que Real Madrid precisa &#8220;voltar a ganhar&#8221;"}]},{"@type":"WebSite","@id":"https:\/\/pre.efe.com\/pt-br\/#website","url":"https:\/\/pre.efe.com\/pt-br\/","name":"EFE Noticias","description":"","publisher":{"@id":"https:\/\/pre.efe.com\/pt-br\/#organization"},"potentialAction":[{"@type":"SearchAction","target":{"@type":"EntryPoint","urlTemplate":"https:\/\/pre.efe.com\/pt-br\/?s={search_term_string}"},"query-input":{"@type":"PropertyValueSpecification","valueRequired":true,"valueName":"search_term_string"}}],"inLanguage":"pt-BR"},{"@type":"Organization","@id":"https:\/\/pre.efe.com\/pt-br\/#organization","name":"Agencia EFE","url":"https:\/\/pre.efe.com\/pt-br\/","logo":{"@type":"ImageObject","inLanguage":"pt-BR","@id":"https:\/\/pre.efe.com\/pt-br\/#\/schema\/logo\/image\/","url":"https:\/\/pre.efe.com\/wp-content\/uploads\/2023\/06\/logo-efe-467.png","contentUrl":"https:\/\/pre.efe.com\/wp-content\/uploads\/2023\/06\/logo-efe-467.png","width":467,"height":467,"caption":"Agencia EFE"},"image":{"@id":"https:\/\/pre.efe.com\/pt-br\/#\/schema\/logo\/image\/"},"sameAs":["https:\/\/www.facebook.com\/AgenciaEFEnoticias\/","https:\/\/x.com\/efenoticias","https:\/\/www.instagram.com\/efe_noticias\/","http:\/\/www.youtube.com\/efe"]},{"@type":"Person","@id":"https:\/\/pre.efe.com\/pt-br\/#\/schema\/person\/b19f23f210db552768f68a4b552b004f","name":"anachain","image":{"@type":"ImageObject","inLanguage":"pt-BR","@id":"https:\/\/secure.gravatar.com\/avatar\/30b83965911ef1108bb893c00bdd65c885f9890e1265ee04b02c3d5adc785d37?s=96&d=identicon&r=g","url":"https:\/\/secure.gravatar.com\/avatar\/30b83965911ef1108bb893c00bdd65c885f9890e1265ee04b02c3d5adc785d37?s=96&d=identicon&r=g","contentUrl":"https:\/\/secure.gravatar.com\/avatar\/30b83965911ef1108bb893c00bdd65c885f9890e1265ee04b02c3d5adc785d37?s=96&d=identicon&r=g","caption":"anachain"},"url":"https:\/\/pre.efe.com\/pt-br\/autor\/anachain\/"}]}},"jetpack_featured_media_url":"https:\/\/pre.efe.com\/wp-content\/uploads\/2023\/02\/insultos-vinicius.jpg","jetpack_shortlink":"https:\/\/wp.me\/peJvHm-1mW6","jetpack_sharing_enabled":true,"_links":{"self":[{"href":"https:\/\/pre.efe.com\/pt-br\/wp-json\/wp\/v2\/posts\/326498","targetHints":{"allow":["GET"]}}],"collection":[{"href":"https:\/\/pre.efe.com\/pt-br\/wp-json\/wp\/v2\/posts"}],"about":[{"href":"https:\/\/pre.efe.com\/pt-br\/wp-json\/wp\/v2\/types\/post"}],"author":[{"embeddable":true,"href":"https:\/\/pre.efe.com\/pt-br\/wp-json\/wp\/v2\/users\/198164106"}],"replies":[{"embeddable":true,"href":"https:\/\/pre.efe.com\/pt-br\/wp-json\/wp\/v2\/comments?post=326498"}],"version-history":[{"count":2,"href":"https:\/\/pre.efe.com\/pt-br\/wp-json\/wp\/v2\/posts\/326498\/revisions"}],"predecessor-version":[{"id":326502,"href":"https:\/\/pre.efe.com\/pt-br\/wp-json\/wp\/v2\/posts\/326498\/revisions\/326502"}],"wp:featuredmedia":[{"embeddable":true,"href":"https:\/\/pre.efe.com\/pt-br\/wp-json\/wp\/v2\/media\/303235"}],"wp:attachment":[{"href":"https:\/\/pre.efe.com\/pt-br\/wp-json\/wp\/v2\/media?parent=326498"}],"wp:term":[{"taxonomy":"category","embeddable":true,"href":"https:\/\/pre.efe.com\/pt-br\/wp-json\/wp\/v2\/categories?post=326498"},{"taxonomy":"post_tag","embeddable":true,"href":"https:\/\/pre.efe.com\/pt-br\/wp-json\/wp\/v2\/tags?post=326498"}],"curies":[{"name":"wp","href":"https:\/\/api.w.org\/{rel}","templated":true}]}}