{"id":328508,"date":"2023-03-10T00:22:55","date_gmt":"2023-03-09T23:22:55","guid":{"rendered":"https:\/\/pre.efe.com\/?p=328508"},"modified":"2023-03-10T00:22:58","modified_gmt":"2023-03-09T23:22:58","slug":"juiz-dita-36-meses-de-prisao-preventiva-para-castillo-em-caso-de-corrupcao","status":"publish","type":"post","link":"https:\/\/pre.efe.com\/pt-br\/mundo-2\/2023-03-10\/juiz-dita-36-meses-de-prisao-preventiva-para-castillo-em-caso-de-corrupcao\/","title":{"rendered":"Juiz dita 36 meses de pris\u00e3o preventiva para Castillo em caso de corrup\u00e7\u00e3o"},"content":{"rendered":"\n<p>Lima (EFE).- O juiz peruano Juan Carlos Checkley ordenou nesta quinta-feira o cumprimento de 36 meses de pris\u00e3o preventiva para o ex-presidente Pedro Castillo, que j\u00e1 est\u00e1 preso pela tentativa fracassada de golpe de Estado, enquanto \u00e9 investigado por um caso de corrup\u00e7\u00e3o.<\/p>\n\n\n\n<p>Durante audi\u00eancia virtual,&nbsp;Checkley explicou que a medida \u00e9 &#8220;id\u00f4nea&#8221; porque n\u00e3o se trata de um julgamento comum, mas de um com &#8220;alta periculosidade&#8221;, e afirmou que o ex-mandat\u00e1rio, que cumpre 18 meses de pris\u00e3o preventiva pela tentativa de golpe, incorreu em obstaculiza\u00e7\u00e3o da justi\u00e7a mediante o amedrontamento de testemunhas, incluindo a procuradora-geral, Patricia Benavides.<\/p>\n\n\n\n<p>Nesse sentido, o magistrado disse que Castillo pode ser condenado a at\u00e9 32 anos de pris\u00e3o pelos supostos crimes de organiza\u00e7\u00e3o criminosa, tr\u00e1fico de influ\u00eancia e conluio.<\/p>\n\n\n\n<p>A pris\u00e3o preventiva contra o ex-presidente est\u00e1 relacionada \u00e0 press\u00e3o que exerceu para a nomea\u00e7\u00e3o de um funcion\u00e1rio sem perfil t\u00e9cnico como gerente-geral da estatal Petroper\u00fa, bem como ao cancelamento de uma licita\u00e7\u00e3o internacional para a compra de biodiesel e sua adjudica\u00e7\u00e3o a uma empresa espec\u00edfica.<\/p>\n\n\n\n<p>Al\u00e9m disso, est\u00e1 vinculada \u00e0 nomea\u00e7\u00e3o do ex-ministro dos Transportes e Comunica\u00e7\u00f5es Juan Silva, foragido da Justi\u00e7a, com a suposta inten\u00e7\u00e3o de ocupar aquele minist\u00e9rio com funcion\u00e1rios que ajudassem a &#8220;direcionar projetos&#8221; de infraestrutura a cargo da pasta.<\/p>\n\n\n\n<p>Da mesma forma, a ju\u00edza citou os 2 milh\u00f5es de soles (cerca de R$ 2,58 milh\u00f5es) que a empres\u00e1ria Karelim L\u00f3pez disse ter entregado a Castillo, por meio de seus assessores no Pal\u00e1cio do Governo, para ser favorecido com a adjudica\u00e7\u00e3o de obras p\u00fablicas.<\/p>\n\n\n\n<p>Checkley afirmou que &#8220;Castillo teve um papel fundamental&#8221; nessas &#8220;condutas ilegais&#8221;.<\/p>\n\n\n\n<p>Sobre o perigo de fuga e entrincheiramento de Castillo, o juiz especificou que a deten\u00e7\u00e3o do ex-presidente, em dezembro do ano passado, ocorreu &#8220;quando ele tentou pedir asilo na embaixada mexicana&#8221;, o que foi corroborado pelas declara\u00e7\u00f5es p\u00fablicas do embaixador em Lima e do pr\u00f3prio presidente mexicano, Andr\u00e9s Manuel L\u00f3pez Obrador.<\/p>\n\n\n\n<p>A esposa de Castillo e seus dois filhos menores foram recebidos por L\u00f3pez Obrador e receberam asilo naquele pa\u00eds horas depois do golpe fracassado.<\/p>\n\n\n\n<p>Na dilig\u00eancia anterior, na \u00faltima ter\u00e7a-feira, Castillo negou &#8220;absoluta e categoricamente&#8221; ser o autor e fazer parte de uma organiza\u00e7\u00e3o criminosa formada durante seu governo, conforme acusou o Minist\u00e9rio P\u00fablico ao defender seu pedido de 36 meses de pris\u00e3o preventiva contra o ex-presidente.<\/p>\n\n\n\n<p>&#8220;O \u00fanico crime que cometi foi servir ao meu pa\u00eds como presidente da Rep\u00fablica&#8221;, disse Castillo em audi\u00eancia virtual convocada pelo juiz Checkley.<\/p>\n\n\n\n<p>O Minist\u00e9rio P\u00fablico tamb\u00e9m solicitou 36 meses de pris\u00e3o preventiva para os ex-ministros dos Transportes e da Habita\u00e7\u00e3o, Juan Silva Villegas e Geiner Alvarado L\u00f3pez, respectivamente.<\/p>\n\n\n\n<p>Silva, foragido da Justi\u00e7a desde o ano passado, \u00e9 acusado do crime de organiza\u00e7\u00e3o criminosa e conluio simples, enquanto Alvarado \u00e9 apontado como suposto autor do crime de organiza\u00e7\u00e3o criminosa. EFE<\/p>\n","protected":false},"excerpt":{"rendered":"<p>Lima (EFE).- O juiz peruano Juan Carlos Checkley ordenou nesta quinta-feira o cumprimento de 36 meses de pris\u00e3o preventiva para o ex-presidente Pedro Castillo, que j\u00e1 est\u00e1 preso pela tentativa fracassada de golpe de Estado, enquanto \u00e9 investigado por um caso de corrup\u00e7\u00e3o. Durante audi\u00eancia virtual,&nbsp;Checkley explicou que a medida \u00e9 &#8220;id\u00f4nea&#8221; porque n\u00e3o se &#8230; <a title=\"Juiz dita 36 meses de pris\u00e3o preventiva para Castillo em caso de corrup\u00e7\u00e3o\" class=\"read-more\" href=\"https:\/\/pre.efe.com\/pt-br\/mundo-2\/2023-03-10\/juiz-dita-36-meses-de-prisao-preventiva-para-castillo-em-caso-de-corrupcao\/\" aria-label=\"Read more about Juiz dita 36 meses de pris\u00e3o preventiva para Castillo em caso de corrup\u00e7\u00e3o\">Leia mais<\/a><\/p>\n","protected":false},"author":198164106,"featured_media":328470,"comment_status":"closed","ping_status":"closed","sticky":false,"template":"","format":"standard","meta":{"_acf_changed":false,"_jetpack_memberships_contains_paid_content":false,"footnotes":""},"categories":[123208,122141],"tags":[125964],"class_list":["post-328508","post","type-post","status-publish","format-standard","has-post-thumbnail","hentry","category-mundo-2","category-portada","tag-peru-3","generate-columns","tablet-grid-50","mobile-grid-100","grid-parent","grid-50"],"acf":[],"yoast_head":"<!-- This site is optimized with the Yoast SEO Premium plugin v26.0 (Yoast SEO v27.4) - https:\/\/yoast.com\/product\/yoast-seo-premium-wordpress\/ -->\n<title>Juiz dita 36 meses de pris\u00e3o preventiva para Castillo em caso de corrup\u00e7\u00e3o - EFE<\/title>\n<meta name=\"robots\" content=\"noindex, follow\" \/>\n<meta property=\"og:locale\" content=\"pt_BR\" \/>\n<meta property=\"og:type\" content=\"article\" \/>\n<meta property=\"og:title\" content=\"Juiz dita 36 meses de pris\u00e3o preventiva para Castillo em caso de corrup\u00e7\u00e3o - EFE\" \/>\n<meta property=\"og:description\" content=\"Lima (EFE).- O juiz peruano Juan Carlos Checkley ordenou nesta quinta-feira o cumprimento de 36 meses de pris\u00e3o preventiva para o ex-presidente Pedro Castillo, que j\u00e1 est\u00e1 preso pela tentativa fracassada de golpe de Estado, enquanto \u00e9 investigado por um caso de corrup\u00e7\u00e3o. Durante audi\u00eancia virtual,&nbsp;Checkley explicou que a medida \u00e9 &#8220;id\u00f4nea&#8221; porque n\u00e3o se ... Leia mais\" \/>\n<meta property=\"og:url\" content=\"https:\/\/pre.efe.com\/pt-br\/mundo-2\/2023-03-10\/juiz-dita-36-meses-de-prisao-preventiva-para-castillo-em-caso-de-corrupcao\/\" \/>\n<meta property=\"og:site_name\" content=\"EFE Noticias\" \/>\n<meta property=\"article:publisher\" content=\"https:\/\/www.facebook.com\/AgenciaEFEnoticias\/\" \/>\n<meta property=\"article:published_time\" content=\"2023-03-09T23:22:55+00:00\" \/>\n<meta property=\"article:modified_time\" content=\"2023-03-09T23:22:58+00:00\" \/>\n<meta property=\"og:image\" content=\"https:\/\/i0.wp.com\/efe.com\/\/srv\/htdocs\/wp-content\/uploads\/2023\/03\/rss-efe88dc6e2548bf2715c0f8326b7a55586d070010a4w.jpg?fit=1920%2C1282&ssl=1\" \/>\n\t<meta property=\"og:image:width\" content=\"1920\" \/>\n\t<meta property=\"og:image:height\" content=\"1282\" \/>\n\t<meta property=\"og:image:type\" content=\"image\/jpeg\" \/>\n<meta name=\"author\" content=\"anachain\" \/>\n<meta name=\"twitter:card\" content=\"summary_large_image\" \/>\n<meta name=\"twitter:creator\" content=\"@efenoticias\" \/>\n<meta name=\"twitter:site\" content=\"@efenoticias\" \/>\n<script type=\"application\/ld+json\" class=\"yoast-schema-graph\">{\"@context\":\"https:\\\/\\\/schema.org\",\"@graph\":[{\"@type\":\"NewsArticle\",\"@id\":\"https:\\\/\\\/pre.efe.com\\\/pt-br\\\/mundo-2\\\/2023-03-10\\\/juiz-dita-36-meses-de-prisao-preventiva-para-castillo-em-caso-de-corrupcao\\\/#article\",\"isPartOf\":{\"@id\":\"https:\\\/\\\/pre.efe.com\\\/pt-br\\\/mundo-2\\\/2023-03-10\\\/juiz-dita-36-meses-de-prisao-preventiva-para-castillo-em-caso-de-corrupcao\\\/\"},\"author\":{\"name\":\"anachain\",\"@id\":\"https:\\\/\\\/pre.efe.com\\\/pt-br\\\/#\\\/schema\\\/person\\\/b19f23f210db552768f68a4b552b004f\"},\"headline\":\"Juiz dita 36 meses de pris\u00e3o preventiva para Castillo em caso de corrup\u00e7\u00e3o\",\"datePublished\":\"2023-03-09T23:22:55+00:00\",\"dateModified\":\"2023-03-09T23:22:58+00:00\",\"mainEntityOfPage\":{\"@id\":\"https:\\\/\\\/pre.efe.com\\\/pt-br\\\/mundo-2\\\/2023-03-10\\\/juiz-dita-36-meses-de-prisao-preventiva-para-castillo-em-caso-de-corrupcao\\\/\"},\"wordCount\":527,\"publisher\":{\"@id\":\"https:\\\/\\\/pre.efe.com\\\/pt-br\\\/#organization\"},\"image\":{\"@id\":\"https:\\\/\\\/pre.efe.com\\\/pt-br\\\/mundo-2\\\/2023-03-10\\\/juiz-dita-36-meses-de-prisao-preventiva-para-castillo-em-caso-de-corrupcao\\\/#primaryimage\"},\"thumbnailUrl\":\"https:\\\/\\\/pre.efe.com\\\/wp-content\\\/uploads\\\/2023\\\/03\\\/rss-efe88dc6e2548bf2715c0f8326b7a55586d070010a4w.jpg\",\"keywords\":[\"Peru\"],\"articleSection\":[\"Mundo\",\"Portada\"],\"inLanguage\":\"pt-BR\",\"copyrightYear\":\"2023\",\"copyrightHolder\":{\"@id\":\"https:\\\/\\\/pre.efe.com\\\/#organization\"}},{\"@type\":[\"WebPage\",\"ItemPage\"],\"@id\":\"https:\\\/\\\/pre.efe.com\\\/pt-br\\\/mundo-2\\\/2023-03-10\\\/juiz-dita-36-meses-de-prisao-preventiva-para-castillo-em-caso-de-corrupcao\\\/\",\"url\":\"https:\\\/\\\/pre.efe.com\\\/pt-br\\\/mundo-2\\\/2023-03-10\\\/juiz-dita-36-meses-de-prisao-preventiva-para-castillo-em-caso-de-corrupcao\\\/\",\"name\":\"Juiz dita 36 meses de pris\u00e3o preventiva para Castillo em caso de corrup\u00e7\u00e3o - EFE\",\"isPartOf\":{\"@id\":\"https:\\\/\\\/pre.efe.com\\\/pt-br\\\/#website\"},\"primaryImageOfPage\":{\"@id\":\"https:\\\/\\\/pre.efe.com\\\/pt-br\\\/mundo-2\\\/2023-03-10\\\/juiz-dita-36-meses-de-prisao-preventiva-para-castillo-em-caso-de-corrupcao\\\/#primaryimage\"},\"image\":{\"@id\":\"https:\\\/\\\/pre.efe.com\\\/pt-br\\\/mundo-2\\\/2023-03-10\\\/juiz-dita-36-meses-de-prisao-preventiva-para-castillo-em-caso-de-corrupcao\\\/#primaryimage\"},\"thumbnailUrl\":\"https:\\\/\\\/pre.efe.com\\\/wp-content\\\/uploads\\\/2023\\\/03\\\/rss-efe88dc6e2548bf2715c0f8326b7a55586d070010a4w.jpg\",\"datePublished\":\"2023-03-09T23:22:55+00:00\",\"dateModified\":\"2023-03-09T23:22:58+00:00\",\"breadcrumb\":{\"@id\":\"https:\\\/\\\/pre.efe.com\\\/pt-br\\\/mundo-2\\\/2023-03-10\\\/juiz-dita-36-meses-de-prisao-preventiva-para-castillo-em-caso-de-corrupcao\\\/#breadcrumb\"},\"inLanguage\":\"pt-BR\",\"potentialAction\":[{\"@type\":\"ReadAction\",\"target\":[\"https:\\\/\\\/pre.efe.com\\\/pt-br\\\/mundo-2\\\/2023-03-10\\\/juiz-dita-36-meses-de-prisao-preventiva-para-castillo-em-caso-de-corrupcao\\\/\"]}]},{\"@type\":\"ImageObject\",\"inLanguage\":\"pt-BR\",\"@id\":\"https:\\\/\\\/pre.efe.com\\\/pt-br\\\/mundo-2\\\/2023-03-10\\\/juiz-dita-36-meses-de-prisao-preventiva-para-castillo-em-caso-de-corrupcao\\\/#primaryimage\",\"url\":\"https:\\\/\\\/pre.efe.com\\\/wp-content\\\/uploads\\\/2023\\\/03\\\/rss-efe88dc6e2548bf2715c0f8326b7a55586d070010a4w.jpg\",\"contentUrl\":\"https:\\\/\\\/pre.efe.com\\\/wp-content\\\/uploads\\\/2023\\\/03\\\/rss-efe88dc6e2548bf2715c0f8326b7a55586d070010a4w.jpg\",\"width\":1920,\"height\":1282,\"caption\":\"Pedro Castillo. EFE\\\/Arquivo\\\/Paolo Aguilar\"},{\"@type\":\"BreadcrumbList\",\"@id\":\"https:\\\/\\\/pre.efe.com\\\/pt-br\\\/mundo-2\\\/2023-03-10\\\/juiz-dita-36-meses-de-prisao-preventiva-para-castillo-em-caso-de-corrupcao\\\/#breadcrumb\",\"itemListElement\":[{\"@type\":\"ListItem\",\"position\":1,\"name\":\"Portada\",\"item\":\"https:\\\/\\\/pre.efe.com\\\/pt-br\\\/\"},{\"@type\":\"ListItem\",\"position\":2,\"name\":\"Juiz dita 36 meses de pris\u00e3o preventiva para Castillo em caso de corrup\u00e7\u00e3o\"}]},{\"@type\":\"WebSite\",\"@id\":\"https:\\\/\\\/pre.efe.com\\\/pt-br\\\/#website\",\"url\":\"https:\\\/\\\/pre.efe.com\\\/pt-br\\\/\",\"name\":\"EFE Noticias\",\"description\":\"\",\"publisher\":{\"@id\":\"https:\\\/\\\/pre.efe.com\\\/pt-br\\\/#organization\"},\"potentialAction\":[{\"@type\":\"SearchAction\",\"target\":{\"@type\":\"EntryPoint\",\"urlTemplate\":\"https:\\\/\\\/pre.efe.com\\\/pt-br\\\/?s={search_term_string}\"},\"query-input\":{\"@type\":\"PropertyValueSpecification\",\"valueRequired\":true,\"valueName\":\"search_term_string\"}}],\"inLanguage\":\"pt-BR\"},{\"@type\":\"Organization\",\"@id\":\"https:\\\/\\\/pre.efe.com\\\/pt-br\\\/#organization\",\"name\":\"Agencia EFE\",\"url\":\"https:\\\/\\\/pre.efe.com\\\/pt-br\\\/\",\"logo\":{\"@type\":\"ImageObject\",\"inLanguage\":\"pt-BR\",\"@id\":\"https:\\\/\\\/pre.efe.com\\\/pt-br\\\/#\\\/schema\\\/logo\\\/image\\\/\",\"url\":\"https:\\\/\\\/pre.efe.com\\\/wp-content\\\/uploads\\\/2023\\\/06\\\/logo-efe-467.png\",\"contentUrl\":\"https:\\\/\\\/pre.efe.com\\\/wp-content\\\/uploads\\\/2023\\\/06\\\/logo-efe-467.png\",\"width\":467,\"height\":467,\"caption\":\"Agencia EFE\"},\"image\":{\"@id\":\"https:\\\/\\\/pre.efe.com\\\/pt-br\\\/#\\\/schema\\\/logo\\\/image\\\/\"},\"sameAs\":[\"https:\\\/\\\/www.facebook.com\\\/AgenciaEFEnoticias\\\/\",\"https:\\\/\\\/x.com\\\/efenoticias\",\"https:\\\/\\\/www.instagram.com\\\/efe_noticias\\\/\",\"http:\\\/\\\/www.youtube.com\\\/efe\"]},{\"@type\":\"Person\",\"@id\":\"https:\\\/\\\/pre.efe.com\\\/pt-br\\\/#\\\/schema\\\/person\\\/b19f23f210db552768f68a4b552b004f\",\"name\":\"anachain\",\"image\":{\"@type\":\"ImageObject\",\"inLanguage\":\"pt-BR\",\"@id\":\"https:\\\/\\\/secure.gravatar.com\\\/avatar\\\/30b83965911ef1108bb893c00bdd65c885f9890e1265ee04b02c3d5adc785d37?s=96&d=identicon&r=g\",\"url\":\"https:\\\/\\\/secure.gravatar.com\\\/avatar\\\/30b83965911ef1108bb893c00bdd65c885f9890e1265ee04b02c3d5adc785d37?s=96&d=identicon&r=g\",\"contentUrl\":\"https:\\\/\\\/secure.gravatar.com\\\/avatar\\\/30b83965911ef1108bb893c00bdd65c885f9890e1265ee04b02c3d5adc785d37?s=96&d=identicon&r=g\",\"caption\":\"anachain\"},\"url\":\"https:\\\/\\\/pre.efe.com\\\/pt-br\\\/autor\\\/anachain\\\/\"}]}<\/script>\n<!-- \/ Yoast SEO Premium plugin. -->","yoast_head_json":{"title":"Juiz dita 36 meses de pris\u00e3o preventiva para Castillo em caso de corrup\u00e7\u00e3o - EFE","robots":{"index":"noindex","follow":"follow"},"og_locale":"pt_BR","og_type":"article","og_title":"Juiz dita 36 meses de pris\u00e3o preventiva para Castillo em caso de corrup\u00e7\u00e3o - EFE","og_description":"Lima (EFE).- O juiz peruano Juan Carlos Checkley ordenou nesta quinta-feira o cumprimento de 36 meses de pris\u00e3o preventiva para o ex-presidente Pedro Castillo, que j\u00e1 est\u00e1 preso pela tentativa fracassada de golpe de Estado, enquanto \u00e9 investigado por um caso de corrup\u00e7\u00e3o. Durante audi\u00eancia virtual,&nbsp;Checkley explicou que a medida \u00e9 &#8220;id\u00f4nea&#8221; porque n\u00e3o se ... Leia mais","og_url":"https:\/\/pre.efe.com\/pt-br\/mundo-2\/2023-03-10\/juiz-dita-36-meses-de-prisao-preventiva-para-castillo-em-caso-de-corrupcao\/","og_site_name":"EFE Noticias","article_publisher":"https:\/\/www.facebook.com\/AgenciaEFEnoticias\/","article_published_time":"2023-03-09T23:22:55+00:00","article_modified_time":"2023-03-09T23:22:58+00:00","og_image":[{"width":1920,"height":1282,"url":"https:\/\/i0.wp.com\/efe.com\/\/srv\/htdocs\/wp-content\/uploads\/2023\/03\/rss-efe88dc6e2548bf2715c0f8326b7a55586d070010a4w.jpg?fit=1920%2C1282&ssl=1","type":"image\/jpeg"}],"author":"anachain","twitter_card":"summary_large_image","twitter_creator":"@efenoticias","twitter_site":"@efenoticias","schema":{"@context":"https:\/\/schema.org","@graph":[{"@type":"NewsArticle","@id":"https:\/\/pre.efe.com\/pt-br\/mundo-2\/2023-03-10\/juiz-dita-36-meses-de-prisao-preventiva-para-castillo-em-caso-de-corrupcao\/#article","isPartOf":{"@id":"https:\/\/pre.efe.com\/pt-br\/mundo-2\/2023-03-10\/juiz-dita-36-meses-de-prisao-preventiva-para-castillo-em-caso-de-corrupcao\/"},"author":{"name":"anachain","@id":"https:\/\/pre.efe.com\/pt-br\/#\/schema\/person\/b19f23f210db552768f68a4b552b004f"},"headline":"Juiz dita 36 meses de pris\u00e3o preventiva para Castillo em caso de corrup\u00e7\u00e3o","datePublished":"2023-03-09T23:22:55+00:00","dateModified":"2023-03-09T23:22:58+00:00","mainEntityOfPage":{"@id":"https:\/\/pre.efe.com\/pt-br\/mundo-2\/2023-03-10\/juiz-dita-36-meses-de-prisao-preventiva-para-castillo-em-caso-de-corrupcao\/"},"wordCount":527,"publisher":{"@id":"https:\/\/pre.efe.com\/pt-br\/#organization"},"image":{"@id":"https:\/\/pre.efe.com\/pt-br\/mundo-2\/2023-03-10\/juiz-dita-36-meses-de-prisao-preventiva-para-castillo-em-caso-de-corrupcao\/#primaryimage"},"thumbnailUrl":"https:\/\/pre.efe.com\/wp-content\/uploads\/2023\/03\/rss-efe88dc6e2548bf2715c0f8326b7a55586d070010a4w.jpg","keywords":["Peru"],"articleSection":["Mundo","Portada"],"inLanguage":"pt-BR","copyrightYear":"2023","copyrightHolder":{"@id":"https:\/\/pre.efe.com\/#organization"}},{"@type":["WebPage","ItemPage"],"@id":"https:\/\/pre.efe.com\/pt-br\/mundo-2\/2023-03-10\/juiz-dita-36-meses-de-prisao-preventiva-para-castillo-em-caso-de-corrupcao\/","url":"https:\/\/pre.efe.com\/pt-br\/mundo-2\/2023-03-10\/juiz-dita-36-meses-de-prisao-preventiva-para-castillo-em-caso-de-corrupcao\/","name":"Juiz dita 36 meses de pris\u00e3o preventiva para Castillo em caso de corrup\u00e7\u00e3o - EFE","isPartOf":{"@id":"https:\/\/pre.efe.com\/pt-br\/#website"},"primaryImageOfPage":{"@id":"https:\/\/pre.efe.com\/pt-br\/mundo-2\/2023-03-10\/juiz-dita-36-meses-de-prisao-preventiva-para-castillo-em-caso-de-corrupcao\/#primaryimage"},"image":{"@id":"https:\/\/pre.efe.com\/pt-br\/mundo-2\/2023-03-10\/juiz-dita-36-meses-de-prisao-preventiva-para-castillo-em-caso-de-corrupcao\/#primaryimage"},"thumbnailUrl":"https:\/\/pre.efe.com\/wp-content\/uploads\/2023\/03\/rss-efe88dc6e2548bf2715c0f8326b7a55586d070010a4w.jpg","datePublished":"2023-03-09T23:22:55+00:00","dateModified":"2023-03-09T23:22:58+00:00","breadcrumb":{"@id":"https:\/\/pre.efe.com\/pt-br\/mundo-2\/2023-03-10\/juiz-dita-36-meses-de-prisao-preventiva-para-castillo-em-caso-de-corrupcao\/#breadcrumb"},"inLanguage":"pt-BR","potentialAction":[{"@type":"ReadAction","target":["https:\/\/pre.efe.com\/pt-br\/mundo-2\/2023-03-10\/juiz-dita-36-meses-de-prisao-preventiva-para-castillo-em-caso-de-corrupcao\/"]}]},{"@type":"ImageObject","inLanguage":"pt-BR","@id":"https:\/\/pre.efe.com\/pt-br\/mundo-2\/2023-03-10\/juiz-dita-36-meses-de-prisao-preventiva-para-castillo-em-caso-de-corrupcao\/#primaryimage","url":"https:\/\/pre.efe.com\/wp-content\/uploads\/2023\/03\/rss-efe88dc6e2548bf2715c0f8326b7a55586d070010a4w.jpg","contentUrl":"https:\/\/pre.efe.com\/wp-content\/uploads\/2023\/03\/rss-efe88dc6e2548bf2715c0f8326b7a55586d070010a4w.jpg","width":1920,"height":1282,"caption":"Pedro Castillo. EFE\/Arquivo\/Paolo Aguilar"},{"@type":"BreadcrumbList","@id":"https:\/\/pre.efe.com\/pt-br\/mundo-2\/2023-03-10\/juiz-dita-36-meses-de-prisao-preventiva-para-castillo-em-caso-de-corrupcao\/#breadcrumb","itemListElement":[{"@type":"ListItem","position":1,"name":"Portada","item":"https:\/\/pre.efe.com\/pt-br\/"},{"@type":"ListItem","position":2,"name":"Juiz dita 36 meses de pris\u00e3o preventiva para Castillo em caso de corrup\u00e7\u00e3o"}]},{"@type":"WebSite","@id":"https:\/\/pre.efe.com\/pt-br\/#website","url":"https:\/\/pre.efe.com\/pt-br\/","name":"EFE Noticias","description":"","publisher":{"@id":"https:\/\/pre.efe.com\/pt-br\/#organization"},"potentialAction":[{"@type":"SearchAction","target":{"@type":"EntryPoint","urlTemplate":"https:\/\/pre.efe.com\/pt-br\/?s={search_term_string}"},"query-input":{"@type":"PropertyValueSpecification","valueRequired":true,"valueName":"search_term_string"}}],"inLanguage":"pt-BR"},{"@type":"Organization","@id":"https:\/\/pre.efe.com\/pt-br\/#organization","name":"Agencia EFE","url":"https:\/\/pre.efe.com\/pt-br\/","logo":{"@type":"ImageObject","inLanguage":"pt-BR","@id":"https:\/\/pre.efe.com\/pt-br\/#\/schema\/logo\/image\/","url":"https:\/\/pre.efe.com\/wp-content\/uploads\/2023\/06\/logo-efe-467.png","contentUrl":"https:\/\/pre.efe.com\/wp-content\/uploads\/2023\/06\/logo-efe-467.png","width":467,"height":467,"caption":"Agencia EFE"},"image":{"@id":"https:\/\/pre.efe.com\/pt-br\/#\/schema\/logo\/image\/"},"sameAs":["https:\/\/www.facebook.com\/AgenciaEFEnoticias\/","https:\/\/x.com\/efenoticias","https:\/\/www.instagram.com\/efe_noticias\/","http:\/\/www.youtube.com\/efe"]},{"@type":"Person","@id":"https:\/\/pre.efe.com\/pt-br\/#\/schema\/person\/b19f23f210db552768f68a4b552b004f","name":"anachain","image":{"@type":"ImageObject","inLanguage":"pt-BR","@id":"https:\/\/secure.gravatar.com\/avatar\/30b83965911ef1108bb893c00bdd65c885f9890e1265ee04b02c3d5adc785d37?s=96&d=identicon&r=g","url":"https:\/\/secure.gravatar.com\/avatar\/30b83965911ef1108bb893c00bdd65c885f9890e1265ee04b02c3d5adc785d37?s=96&d=identicon&r=g","contentUrl":"https:\/\/secure.gravatar.com\/avatar\/30b83965911ef1108bb893c00bdd65c885f9890e1265ee04b02c3d5adc785d37?s=96&d=identicon&r=g","caption":"anachain"},"url":"https:\/\/pre.efe.com\/pt-br\/autor\/anachain\/"}]}},"jetpack_featured_media_url":"https:\/\/pre.efe.com\/wp-content\/uploads\/2023\/03\/rss-efe88dc6e2548bf2715c0f8326b7a55586d070010a4w.jpg","jetpack_shortlink":"https:\/\/wp.me\/peJvHm-1nsw","jetpack_sharing_enabled":true,"_links":{"self":[{"href":"https:\/\/pre.efe.com\/pt-br\/wp-json\/wp\/v2\/posts\/328508","targetHints":{"allow":["GET"]}}],"collection":[{"href":"https:\/\/pre.efe.com\/pt-br\/wp-json\/wp\/v2\/posts"}],"about":[{"href":"https:\/\/pre.efe.com\/pt-br\/wp-json\/wp\/v2\/types\/post"}],"author":[{"embeddable":true,"href":"https:\/\/pre.efe.com\/pt-br\/wp-json\/wp\/v2\/users\/198164106"}],"replies":[{"embeddable":true,"href":"https:\/\/pre.efe.com\/pt-br\/wp-json\/wp\/v2\/comments?post=328508"}],"version-history":[{"count":2,"href":"https:\/\/pre.efe.com\/pt-br\/wp-json\/wp\/v2\/posts\/328508\/revisions"}],"predecessor-version":[{"id":328521,"href":"https:\/\/pre.efe.com\/pt-br\/wp-json\/wp\/v2\/posts\/328508\/revisions\/328521"}],"wp:featuredmedia":[{"embeddable":true,"href":"https:\/\/pre.efe.com\/pt-br\/wp-json\/wp\/v2\/media\/328470"}],"wp:attachment":[{"href":"https:\/\/pre.efe.com\/pt-br\/wp-json\/wp\/v2\/media?parent=328508"}],"wp:term":[{"taxonomy":"category","embeddable":true,"href":"https:\/\/pre.efe.com\/pt-br\/wp-json\/wp\/v2\/categories?post=328508"},{"taxonomy":"post_tag","embeddable":true,"href":"https:\/\/pre.efe.com\/pt-br\/wp-json\/wp\/v2\/tags?post=328508"}],"curies":[{"name":"wp","href":"https:\/\/api.w.org\/{rel}","templated":true}]}}