{"id":351185,"date":"2023-03-20T21:43:00","date_gmt":"2023-03-20T20:43:00","guid":{"rendered":"https:\/\/pre.efe.com\/?p=351185"},"modified":"2023-03-20T22:48:26","modified_gmt":"2023-03-20T21:48:26","slug":"russia-diz-que-intervencao-na-ucrania-nada-tem-a-ver-com-a-dos-eua-no-iraque","status":"publish","type":"post","link":"https:\/\/pre.efe.com\/pt-br\/mundo-2\/2023-03-20\/russia-diz-que-intervencao-na-ucrania-nada-tem-a-ver-com-a-dos-eua-no-iraque\/","title":{"rendered":"R\u00fassia diz que interven\u00e7\u00e3o na Ucr\u00e2nia nada tem a ver com a dos EUA no Iraque"},"content":{"rendered":"\n<p>Na\u00e7\u00f5es Unidas (EFE).- A invas\u00e3o russa \u00e0 Ucr\u00e2nia n\u00e3o \u00e9 nada compar\u00e1vel \u00e0 invas\u00e3o americana ao Iraque, que completa 20 anos nesta segunda-feira, disse o embaixador russo na ONU, Vasily Nebenzya.<\/p>\n\n\n\n<p>Nebenzya, que enfatizou que os EUA &#8220;nunca se desculparam&#8221; ou reconheceram que as raz\u00f5es para declarar a guerra eram falsas &#8211; a suposta posse de armas de destrui\u00e7\u00e3o em massa por parte do Iraque &#8211; destacou as diferen\u00e7as entre as duas invas\u00f5es porque, segundo ele, &#8220;a sua g\u00eanese era diferente&#8221;.<\/p>\n\n\n\n<p>O Iraque est\u00e1 a milhares de quil\u00f4metros dos Estados Unidos e n\u00e3o representava qualquer amea\u00e7a, como foi revelado posteriormente&#8221;, enquanto a Ucr\u00e2nia, um pa\u00eds europeu que faz fronteira com a R\u00fassia, constitu\u00eda &#8220;uma verdadeira amea\u00e7a \u00e0 seguran\u00e7a nacional russa&#8221;.<\/p>\n\n\n\n<p>Al\u00e9m disso, destacou as consequ\u00eancias da guerra do Iraque sob a forma de instabilidade pol\u00edtica em toda a regi\u00e3o do Oriente M\u00e9dio e, inclusive, o nascimento do grupo jihadista Estado Isl\u00e2mico, &#8220;do qual os EUA s\u00e3o indiscutivelmente o pai&#8221;.<\/p>\n\n\n\n<p>Contudo, nenhum dos art\u00edfices dessa guerra &#8211; citando George W. Bush, John Bolton, Dick Cheney, Condoleezza Rice e at\u00e9 Joe Biden &#8211; pagou por essas a\u00e7\u00f5es, mas fizeram pagar pessoas como Julian Assange, o jornalista australiano que revelou documentos secretos dos EUA e que hoje aguarda extradi\u00e7\u00e3o para os Estados Unidos.<\/p>\n\n\n\n<p>Nebenzya, que em todos os momentos evitou a palavra &#8220;guerra&#8221; ao falar da Ucr\u00e2nia e mencionou a &#8220;opera\u00e7\u00e3o militar especial&#8221;, n\u00e3o fechou a porta para negocia\u00e7\u00f5es com o governo de Kiev para encerrar a opera\u00e7\u00e3o, &#8220;desde que os ucranianos sejam realistas&#8221;.<\/p>\n\n\n\n<p>Questionado sobre o que significa &#8220;realismo&#8221; nesse caso, definiu tr\u00eas condi\u00e7\u00f5es: &#8220;desmilitariza\u00e7\u00e3o, desnazifica\u00e7\u00e3o e status neutro da Ucr\u00e2nia&#8221;.<\/p>\n\n\n\n<p>&#8220;Quando estiverem prontos para discutir, entraremos em negocia\u00e7\u00f5es, que nunca recusamos&#8221;, frisou.&nbsp;EFE<\/p>\n","protected":false},"excerpt":{"rendered":"<p>Na\u00e7\u00f5es Unidas (EFE).- A invas\u00e3o russa \u00e0 Ucr\u00e2nia n\u00e3o \u00e9 nada compar\u00e1vel \u00e0 invas\u00e3o americana ao Iraque, que completa 20 anos nesta segunda-feira, disse o embaixador russo na ONU, Vasily Nebenzya. Nebenzya, que enfatizou que os EUA &#8220;nunca se desculparam&#8221; ou reconheceram que as raz\u00f5es para declarar a guerra eram falsas &#8211; a suposta posse &#8230; <a title=\"R\u00fassia diz que interven\u00e7\u00e3o na Ucr\u00e2nia nada tem a ver com a dos EUA no Iraque\" class=\"read-more\" href=\"https:\/\/pre.efe.com\/pt-br\/mundo-2\/2023-03-20\/russia-diz-que-intervencao-na-ucrania-nada-tem-a-ver-com-a-dos-eua-no-iraque\/\" aria-label=\"Read more about R\u00fassia diz que interven\u00e7\u00e3o na Ucr\u00e2nia nada tem a ver com a dos EUA no Iraque\">Leia mais<\/a><\/p>\n","protected":false},"author":198164106,"featured_media":100557,"comment_status":"closed","ping_status":"closed","sticky":false,"template":"","format":"standard","meta":{"_acf_changed":false,"_jetpack_memberships_contains_paid_content":false,"footnotes":""},"categories":[123208,122141],"tags":[122791,122958,122792],"class_list":["post-351185","post","type-post","status-publish","format-standard","has-post-thumbnail","hentry","category-mundo-2","category-portada","tag-guerra-2","tag-russia-2","tag-ucrania-2","generate-columns","tablet-grid-50","mobile-grid-100","grid-parent","grid-50"],"acf":[],"yoast_head":"<!-- This site is optimized with the Yoast SEO Premium plugin v26.0 (Yoast SEO v27.4) - https:\/\/yoast.com\/product\/yoast-seo-premium-wordpress\/ -->\n<title>R\u00fassia diz que interven\u00e7\u00e3o na Ucr\u00e2nia nada tem a ver com a dos EUA no Iraque - EFE<\/title>\n<meta name=\"robots\" content=\"noindex, follow\" \/>\n<meta property=\"og:locale\" content=\"pt_BR\" \/>\n<meta property=\"og:type\" content=\"article\" \/>\n<meta property=\"og:title\" content=\"R\u00fassia diz que interven\u00e7\u00e3o na Ucr\u00e2nia nada tem a ver com a dos EUA no Iraque - EFE\" \/>\n<meta property=\"og:description\" content=\"Na\u00e7\u00f5es Unidas (EFE).- A invas\u00e3o russa \u00e0 Ucr\u00e2nia n\u00e3o \u00e9 nada compar\u00e1vel \u00e0 invas\u00e3o americana ao Iraque, que completa 20 anos nesta segunda-feira, disse o embaixador russo na ONU, Vasily Nebenzya. Nebenzya, que enfatizou que os EUA &#8220;nunca se desculparam&#8221; ou reconheceram que as raz\u00f5es para declarar a guerra eram falsas &#8211; a suposta posse ... Leia mais\" \/>\n<meta property=\"og:url\" content=\"https:\/\/pre.efe.com\/pt-br\/mundo-2\/2023-03-20\/russia-diz-que-intervencao-na-ucrania-nada-tem-a-ver-com-a-dos-eua-no-iraque\/\" \/>\n<meta property=\"og:site_name\" content=\"EFE Noticias\" \/>\n<meta property=\"article:publisher\" content=\"https:\/\/www.facebook.com\/AgenciaEFEnoticias\/\" \/>\n<meta property=\"article:published_time\" content=\"2023-03-20T20:43:00+00:00\" \/>\n<meta property=\"article:modified_time\" content=\"2023-03-20T21:48:26+00:00\" \/>\n<meta property=\"og:image\" content=\"https:\/\/i0.wp.com\/efe.com\/\/srv\/htdocs\/wp-content\/uploads\/2022\/09\/USA-NEW-YORK-UNITED-NATIONS-SECURITY-COUNCIL-MEETING-UKRAINE.jpg?fit=4675%2C3202&ssl=1\" \/>\n\t<meta property=\"og:image:width\" content=\"4675\" \/>\n\t<meta property=\"og:image:height\" content=\"3202\" \/>\n\t<meta property=\"og:image:type\" content=\"image\/jpeg\" \/>\n<meta name=\"author\" content=\"anachain\" \/>\n<meta name=\"twitter:card\" content=\"summary_large_image\" \/>\n<meta name=\"twitter:creator\" content=\"@efenoticias\" \/>\n<meta name=\"twitter:site\" content=\"@efenoticias\" \/>\n<script type=\"application\/ld+json\" class=\"yoast-schema-graph\">{\"@context\":\"https:\\\/\\\/schema.org\",\"@graph\":[{\"@type\":\"NewsArticle\",\"@id\":\"https:\\\/\\\/pre.efe.com\\\/pt-br\\\/mundo-2\\\/2023-03-20\\\/russia-diz-que-intervencao-na-ucrania-nada-tem-a-ver-com-a-dos-eua-no-iraque\\\/#article\",\"isPartOf\":{\"@id\":\"https:\\\/\\\/pre.efe.com\\\/pt-br\\\/mundo-2\\\/2023-03-20\\\/russia-diz-que-intervencao-na-ucrania-nada-tem-a-ver-com-a-dos-eua-no-iraque\\\/\"},\"author\":{\"name\":\"anachain\",\"@id\":\"https:\\\/\\\/pre.efe.com\\\/pt-br\\\/#\\\/schema\\\/person\\\/b19f23f210db552768f68a4b552b004f\"},\"headline\":\"R\u00fassia diz que interven\u00e7\u00e3o na Ucr\u00e2nia nada tem a ver com a dos EUA no Iraque\",\"datePublished\":\"2023-03-20T20:43:00+00:00\",\"dateModified\":\"2023-03-20T21:48:26+00:00\",\"mainEntityOfPage\":{\"@id\":\"https:\\\/\\\/pre.efe.com\\\/pt-br\\\/mundo-2\\\/2023-03-20\\\/russia-diz-que-intervencao-na-ucrania-nada-tem-a-ver-com-a-dos-eua-no-iraque\\\/\"},\"wordCount\":339,\"publisher\":{\"@id\":\"https:\\\/\\\/pre.efe.com\\\/pt-br\\\/#organization\"},\"image\":{\"@id\":\"https:\\\/\\\/pre.efe.com\\\/pt-br\\\/mundo-2\\\/2023-03-20\\\/russia-diz-que-intervencao-na-ucrania-nada-tem-a-ver-com-a-dos-eua-no-iraque\\\/#primaryimage\"},\"thumbnailUrl\":\"https:\\\/\\\/pre.efe.com\\\/wp-content\\\/uploads\\\/2022\\\/09\\\/USA-NEW-YORK-UNITED-NATIONS-SECURITY-COUNCIL-MEETING-UKRAINE.jpg\",\"keywords\":[\"Guerra\",\"Russia\",\"Ucrania\"],\"articleSection\":[\"Mundo\",\"Portada\"],\"inLanguage\":\"pt-BR\",\"copyrightYear\":\"2023\",\"copyrightHolder\":{\"@id\":\"https:\\\/\\\/pre.efe.com\\\/#organization\"}},{\"@type\":[\"WebPage\",\"ItemPage\"],\"@id\":\"https:\\\/\\\/pre.efe.com\\\/pt-br\\\/mundo-2\\\/2023-03-20\\\/russia-diz-que-intervencao-na-ucrania-nada-tem-a-ver-com-a-dos-eua-no-iraque\\\/\",\"url\":\"https:\\\/\\\/pre.efe.com\\\/pt-br\\\/mundo-2\\\/2023-03-20\\\/russia-diz-que-intervencao-na-ucrania-nada-tem-a-ver-com-a-dos-eua-no-iraque\\\/\",\"name\":\"R\u00fassia diz que interven\u00e7\u00e3o na Ucr\u00e2nia nada tem a ver com a dos EUA no Iraque - EFE\",\"isPartOf\":{\"@id\":\"https:\\\/\\\/pre.efe.com\\\/pt-br\\\/#website\"},\"primaryImageOfPage\":{\"@id\":\"https:\\\/\\\/pre.efe.com\\\/pt-br\\\/mundo-2\\\/2023-03-20\\\/russia-diz-que-intervencao-na-ucrania-nada-tem-a-ver-com-a-dos-eua-no-iraque\\\/#primaryimage\"},\"image\":{\"@id\":\"https:\\\/\\\/pre.efe.com\\\/pt-br\\\/mundo-2\\\/2023-03-20\\\/russia-diz-que-intervencao-na-ucrania-nada-tem-a-ver-com-a-dos-eua-no-iraque\\\/#primaryimage\"},\"thumbnailUrl\":\"https:\\\/\\\/pre.efe.com\\\/wp-content\\\/uploads\\\/2022\\\/09\\\/USA-NEW-YORK-UNITED-NATIONS-SECURITY-COUNCIL-MEETING-UKRAINE.jpg\",\"datePublished\":\"2023-03-20T20:43:00+00:00\",\"dateModified\":\"2023-03-20T21:48:26+00:00\",\"breadcrumb\":{\"@id\":\"https:\\\/\\\/pre.efe.com\\\/pt-br\\\/mundo-2\\\/2023-03-20\\\/russia-diz-que-intervencao-na-ucrania-nada-tem-a-ver-com-a-dos-eua-no-iraque\\\/#breadcrumb\"},\"inLanguage\":\"pt-BR\",\"potentialAction\":[{\"@type\":\"ReadAction\",\"target\":[\"https:\\\/\\\/pre.efe.com\\\/pt-br\\\/mundo-2\\\/2023-03-20\\\/russia-diz-que-intervencao-na-ucrania-nada-tem-a-ver-com-a-dos-eua-no-iraque\\\/\"]}]},{\"@type\":\"ImageObject\",\"inLanguage\":\"pt-BR\",\"@id\":\"https:\\\/\\\/pre.efe.com\\\/pt-br\\\/mundo-2\\\/2023-03-20\\\/russia-diz-que-intervencao-na-ucrania-nada-tem-a-ver-com-a-dos-eua-no-iraque\\\/#primaryimage\",\"url\":\"https:\\\/\\\/pre.efe.com\\\/wp-content\\\/uploads\\\/2022\\\/09\\\/USA-NEW-YORK-UNITED-NATIONS-SECURITY-COUNCIL-MEETING-UKRAINE.jpg\",\"contentUrl\":\"https:\\\/\\\/pre.efe.com\\\/wp-content\\\/uploads\\\/2022\\\/09\\\/USA-NEW-YORK-UNITED-NATIONS-SECURITY-COUNCIL-MEETING-UKRAINE.jpg\",\"width\":4675,\"height\":3202,\"caption\":\"Vasily Nebenzya (e). EFE\\\/Arquivo\\\/Peter Foley\"},{\"@type\":\"BreadcrumbList\",\"@id\":\"https:\\\/\\\/pre.efe.com\\\/pt-br\\\/mundo-2\\\/2023-03-20\\\/russia-diz-que-intervencao-na-ucrania-nada-tem-a-ver-com-a-dos-eua-no-iraque\\\/#breadcrumb\",\"itemListElement\":[{\"@type\":\"ListItem\",\"position\":1,\"name\":\"Portada\",\"item\":\"https:\\\/\\\/pre.efe.com\\\/pt-br\\\/\"},{\"@type\":\"ListItem\",\"position\":2,\"name\":\"R\u00fassia diz que interven\u00e7\u00e3o na Ucr\u00e2nia nada tem a ver com a dos EUA no Iraque\"}]},{\"@type\":\"WebSite\",\"@id\":\"https:\\\/\\\/pre.efe.com\\\/pt-br\\\/#website\",\"url\":\"https:\\\/\\\/pre.efe.com\\\/pt-br\\\/\",\"name\":\"EFE Noticias\",\"description\":\"\",\"publisher\":{\"@id\":\"https:\\\/\\\/pre.efe.com\\\/pt-br\\\/#organization\"},\"potentialAction\":[{\"@type\":\"SearchAction\",\"target\":{\"@type\":\"EntryPoint\",\"urlTemplate\":\"https:\\\/\\\/pre.efe.com\\\/pt-br\\\/?s={search_term_string}\"},\"query-input\":{\"@type\":\"PropertyValueSpecification\",\"valueRequired\":true,\"valueName\":\"search_term_string\"}}],\"inLanguage\":\"pt-BR\"},{\"@type\":\"Organization\",\"@id\":\"https:\\\/\\\/pre.efe.com\\\/pt-br\\\/#organization\",\"name\":\"Agencia EFE\",\"url\":\"https:\\\/\\\/pre.efe.com\\\/pt-br\\\/\",\"logo\":{\"@type\":\"ImageObject\",\"inLanguage\":\"pt-BR\",\"@id\":\"https:\\\/\\\/pre.efe.com\\\/pt-br\\\/#\\\/schema\\\/logo\\\/image\\\/\",\"url\":\"https:\\\/\\\/pre.efe.com\\\/wp-content\\\/uploads\\\/2023\\\/06\\\/logo-efe-467.png\",\"contentUrl\":\"https:\\\/\\\/pre.efe.com\\\/wp-content\\\/uploads\\\/2023\\\/06\\\/logo-efe-467.png\",\"width\":467,\"height\":467,\"caption\":\"Agencia EFE\"},\"image\":{\"@id\":\"https:\\\/\\\/pre.efe.com\\\/pt-br\\\/#\\\/schema\\\/logo\\\/image\\\/\"},\"sameAs\":[\"https:\\\/\\\/www.facebook.com\\\/AgenciaEFEnoticias\\\/\",\"https:\\\/\\\/x.com\\\/efenoticias\",\"https:\\\/\\\/www.instagram.com\\\/efe_noticias\\\/\",\"http:\\\/\\\/www.youtube.com\\\/efe\"]},{\"@type\":\"Person\",\"@id\":\"https:\\\/\\\/pre.efe.com\\\/pt-br\\\/#\\\/schema\\\/person\\\/b19f23f210db552768f68a4b552b004f\",\"name\":\"anachain\",\"image\":{\"@type\":\"ImageObject\",\"inLanguage\":\"pt-BR\",\"@id\":\"https:\\\/\\\/secure.gravatar.com\\\/avatar\\\/30b83965911ef1108bb893c00bdd65c885f9890e1265ee04b02c3d5adc785d37?s=96&d=identicon&r=g\",\"url\":\"https:\\\/\\\/secure.gravatar.com\\\/avatar\\\/30b83965911ef1108bb893c00bdd65c885f9890e1265ee04b02c3d5adc785d37?s=96&d=identicon&r=g\",\"contentUrl\":\"https:\\\/\\\/secure.gravatar.com\\\/avatar\\\/30b83965911ef1108bb893c00bdd65c885f9890e1265ee04b02c3d5adc785d37?s=96&d=identicon&r=g\",\"caption\":\"anachain\"},\"url\":\"https:\\\/\\\/pre.efe.com\\\/pt-br\\\/autor\\\/anachain\\\/\"}]}<\/script>\n<!-- \/ Yoast SEO Premium plugin. -->","yoast_head_json":{"title":"R\u00fassia diz que interven\u00e7\u00e3o na Ucr\u00e2nia nada tem a ver com a dos EUA no Iraque - EFE","robots":{"index":"noindex","follow":"follow"},"og_locale":"pt_BR","og_type":"article","og_title":"R\u00fassia diz que interven\u00e7\u00e3o na Ucr\u00e2nia nada tem a ver com a dos EUA no Iraque - EFE","og_description":"Na\u00e7\u00f5es Unidas (EFE).- A invas\u00e3o russa \u00e0 Ucr\u00e2nia n\u00e3o \u00e9 nada compar\u00e1vel \u00e0 invas\u00e3o americana ao Iraque, que completa 20 anos nesta segunda-feira, disse o embaixador russo na ONU, Vasily Nebenzya. Nebenzya, que enfatizou que os EUA &#8220;nunca se desculparam&#8221; ou reconheceram que as raz\u00f5es para declarar a guerra eram falsas &#8211; a suposta posse ... Leia mais","og_url":"https:\/\/pre.efe.com\/pt-br\/mundo-2\/2023-03-20\/russia-diz-que-intervencao-na-ucrania-nada-tem-a-ver-com-a-dos-eua-no-iraque\/","og_site_name":"EFE Noticias","article_publisher":"https:\/\/www.facebook.com\/AgenciaEFEnoticias\/","article_published_time":"2023-03-20T20:43:00+00:00","article_modified_time":"2023-03-20T21:48:26+00:00","og_image":[{"width":4675,"height":3202,"url":"https:\/\/i0.wp.com\/efe.com\/\/srv\/htdocs\/wp-content\/uploads\/2022\/09\/USA-NEW-YORK-UNITED-NATIONS-SECURITY-COUNCIL-MEETING-UKRAINE.jpg?fit=4675%2C3202&ssl=1","type":"image\/jpeg"}],"author":"anachain","twitter_card":"summary_large_image","twitter_creator":"@efenoticias","twitter_site":"@efenoticias","schema":{"@context":"https:\/\/schema.org","@graph":[{"@type":"NewsArticle","@id":"https:\/\/pre.efe.com\/pt-br\/mundo-2\/2023-03-20\/russia-diz-que-intervencao-na-ucrania-nada-tem-a-ver-com-a-dos-eua-no-iraque\/#article","isPartOf":{"@id":"https:\/\/pre.efe.com\/pt-br\/mundo-2\/2023-03-20\/russia-diz-que-intervencao-na-ucrania-nada-tem-a-ver-com-a-dos-eua-no-iraque\/"},"author":{"name":"anachain","@id":"https:\/\/pre.efe.com\/pt-br\/#\/schema\/person\/b19f23f210db552768f68a4b552b004f"},"headline":"R\u00fassia diz que interven\u00e7\u00e3o na Ucr\u00e2nia nada tem a ver com a dos EUA no Iraque","datePublished":"2023-03-20T20:43:00+00:00","dateModified":"2023-03-20T21:48:26+00:00","mainEntityOfPage":{"@id":"https:\/\/pre.efe.com\/pt-br\/mundo-2\/2023-03-20\/russia-diz-que-intervencao-na-ucrania-nada-tem-a-ver-com-a-dos-eua-no-iraque\/"},"wordCount":339,"publisher":{"@id":"https:\/\/pre.efe.com\/pt-br\/#organization"},"image":{"@id":"https:\/\/pre.efe.com\/pt-br\/mundo-2\/2023-03-20\/russia-diz-que-intervencao-na-ucrania-nada-tem-a-ver-com-a-dos-eua-no-iraque\/#primaryimage"},"thumbnailUrl":"https:\/\/pre.efe.com\/wp-content\/uploads\/2022\/09\/USA-NEW-YORK-UNITED-NATIONS-SECURITY-COUNCIL-MEETING-UKRAINE.jpg","keywords":["Guerra","Russia","Ucrania"],"articleSection":["Mundo","Portada"],"inLanguage":"pt-BR","copyrightYear":"2023","copyrightHolder":{"@id":"https:\/\/pre.efe.com\/#organization"}},{"@type":["WebPage","ItemPage"],"@id":"https:\/\/pre.efe.com\/pt-br\/mundo-2\/2023-03-20\/russia-diz-que-intervencao-na-ucrania-nada-tem-a-ver-com-a-dos-eua-no-iraque\/","url":"https:\/\/pre.efe.com\/pt-br\/mundo-2\/2023-03-20\/russia-diz-que-intervencao-na-ucrania-nada-tem-a-ver-com-a-dos-eua-no-iraque\/","name":"R\u00fassia diz que interven\u00e7\u00e3o na Ucr\u00e2nia nada tem a ver com a dos EUA no Iraque - EFE","isPartOf":{"@id":"https:\/\/pre.efe.com\/pt-br\/#website"},"primaryImageOfPage":{"@id":"https:\/\/pre.efe.com\/pt-br\/mundo-2\/2023-03-20\/russia-diz-que-intervencao-na-ucrania-nada-tem-a-ver-com-a-dos-eua-no-iraque\/#primaryimage"},"image":{"@id":"https:\/\/pre.efe.com\/pt-br\/mundo-2\/2023-03-20\/russia-diz-que-intervencao-na-ucrania-nada-tem-a-ver-com-a-dos-eua-no-iraque\/#primaryimage"},"thumbnailUrl":"https:\/\/pre.efe.com\/wp-content\/uploads\/2022\/09\/USA-NEW-YORK-UNITED-NATIONS-SECURITY-COUNCIL-MEETING-UKRAINE.jpg","datePublished":"2023-03-20T20:43:00+00:00","dateModified":"2023-03-20T21:48:26+00:00","breadcrumb":{"@id":"https:\/\/pre.efe.com\/pt-br\/mundo-2\/2023-03-20\/russia-diz-que-intervencao-na-ucrania-nada-tem-a-ver-com-a-dos-eua-no-iraque\/#breadcrumb"},"inLanguage":"pt-BR","potentialAction":[{"@type":"ReadAction","target":["https:\/\/pre.efe.com\/pt-br\/mundo-2\/2023-03-20\/russia-diz-que-intervencao-na-ucrania-nada-tem-a-ver-com-a-dos-eua-no-iraque\/"]}]},{"@type":"ImageObject","inLanguage":"pt-BR","@id":"https:\/\/pre.efe.com\/pt-br\/mundo-2\/2023-03-20\/russia-diz-que-intervencao-na-ucrania-nada-tem-a-ver-com-a-dos-eua-no-iraque\/#primaryimage","url":"https:\/\/pre.efe.com\/wp-content\/uploads\/2022\/09\/USA-NEW-YORK-UNITED-NATIONS-SECURITY-COUNCIL-MEETING-UKRAINE.jpg","contentUrl":"https:\/\/pre.efe.com\/wp-content\/uploads\/2022\/09\/USA-NEW-YORK-UNITED-NATIONS-SECURITY-COUNCIL-MEETING-UKRAINE.jpg","width":4675,"height":3202,"caption":"Vasily Nebenzya (e). EFE\/Arquivo\/Peter Foley"},{"@type":"BreadcrumbList","@id":"https:\/\/pre.efe.com\/pt-br\/mundo-2\/2023-03-20\/russia-diz-que-intervencao-na-ucrania-nada-tem-a-ver-com-a-dos-eua-no-iraque\/#breadcrumb","itemListElement":[{"@type":"ListItem","position":1,"name":"Portada","item":"https:\/\/pre.efe.com\/pt-br\/"},{"@type":"ListItem","position":2,"name":"R\u00fassia diz que interven\u00e7\u00e3o na Ucr\u00e2nia nada tem a ver com a dos EUA no Iraque"}]},{"@type":"WebSite","@id":"https:\/\/pre.efe.com\/pt-br\/#website","url":"https:\/\/pre.efe.com\/pt-br\/","name":"EFE Noticias","description":"","publisher":{"@id":"https:\/\/pre.efe.com\/pt-br\/#organization"},"potentialAction":[{"@type":"SearchAction","target":{"@type":"EntryPoint","urlTemplate":"https:\/\/pre.efe.com\/pt-br\/?s={search_term_string}"},"query-input":{"@type":"PropertyValueSpecification","valueRequired":true,"valueName":"search_term_string"}}],"inLanguage":"pt-BR"},{"@type":"Organization","@id":"https:\/\/pre.efe.com\/pt-br\/#organization","name":"Agencia EFE","url":"https:\/\/pre.efe.com\/pt-br\/","logo":{"@type":"ImageObject","inLanguage":"pt-BR","@id":"https:\/\/pre.efe.com\/pt-br\/#\/schema\/logo\/image\/","url":"https:\/\/pre.efe.com\/wp-content\/uploads\/2023\/06\/logo-efe-467.png","contentUrl":"https:\/\/pre.efe.com\/wp-content\/uploads\/2023\/06\/logo-efe-467.png","width":467,"height":467,"caption":"Agencia EFE"},"image":{"@id":"https:\/\/pre.efe.com\/pt-br\/#\/schema\/logo\/image\/"},"sameAs":["https:\/\/www.facebook.com\/AgenciaEFEnoticias\/","https:\/\/x.com\/efenoticias","https:\/\/www.instagram.com\/efe_noticias\/","http:\/\/www.youtube.com\/efe"]},{"@type":"Person","@id":"https:\/\/pre.efe.com\/pt-br\/#\/schema\/person\/b19f23f210db552768f68a4b552b004f","name":"anachain","image":{"@type":"ImageObject","inLanguage":"pt-BR","@id":"https:\/\/secure.gravatar.com\/avatar\/30b83965911ef1108bb893c00bdd65c885f9890e1265ee04b02c3d5adc785d37?s=96&d=identicon&r=g","url":"https:\/\/secure.gravatar.com\/avatar\/30b83965911ef1108bb893c00bdd65c885f9890e1265ee04b02c3d5adc785d37?s=96&d=identicon&r=g","contentUrl":"https:\/\/secure.gravatar.com\/avatar\/30b83965911ef1108bb893c00bdd65c885f9890e1265ee04b02c3d5adc785d37?s=96&d=identicon&r=g","caption":"anachain"},"url":"https:\/\/pre.efe.com\/pt-br\/autor\/anachain\/"}]}},"jetpack_featured_media_url":"https:\/\/pre.efe.com\/wp-content\/uploads\/2022\/09\/USA-NEW-YORK-UNITED-NATIONS-SECURITY-COUNCIL-MEETING-UKRAINE.jpg","jetpack_shortlink":"https:\/\/wp.me\/peJvHm-1tmh","jetpack_sharing_enabled":true,"_links":{"self":[{"href":"https:\/\/pre.efe.com\/pt-br\/wp-json\/wp\/v2\/posts\/351185","targetHints":{"allow":["GET"]}}],"collection":[{"href":"https:\/\/pre.efe.com\/pt-br\/wp-json\/wp\/v2\/posts"}],"about":[{"href":"https:\/\/pre.efe.com\/pt-br\/wp-json\/wp\/v2\/types\/post"}],"author":[{"embeddable":true,"href":"https:\/\/pre.efe.com\/pt-br\/wp-json\/wp\/v2\/users\/198164106"}],"replies":[{"embeddable":true,"href":"https:\/\/pre.efe.com\/pt-br\/wp-json\/wp\/v2\/comments?post=351185"}],"version-history":[{"count":1,"href":"https:\/\/pre.efe.com\/pt-br\/wp-json\/wp\/v2\/posts\/351185\/revisions"}],"predecessor-version":[{"id":351186,"href":"https:\/\/pre.efe.com\/pt-br\/wp-json\/wp\/v2\/posts\/351185\/revisions\/351186"}],"wp:featuredmedia":[{"embeddable":true,"href":"https:\/\/pre.efe.com\/pt-br\/wp-json\/wp\/v2\/media\/100557"}],"wp:attachment":[{"href":"https:\/\/pre.efe.com\/pt-br\/wp-json\/wp\/v2\/media?parent=351185"}],"wp:term":[{"taxonomy":"category","embeddable":true,"href":"https:\/\/pre.efe.com\/pt-br\/wp-json\/wp\/v2\/categories?post=351185"},{"taxonomy":"post_tag","embeddable":true,"href":"https:\/\/pre.efe.com\/pt-br\/wp-json\/wp\/v2\/tags?post=351185"}],"curies":[{"name":"wp","href":"https:\/\/api.w.org\/{rel}","templated":true}]}}