{"id":352859,"date":"2023-03-21T15:31:00","date_gmt":"2023-03-21T14:31:00","guid":{"rendered":"https:\/\/pre.efe.com\/?p=352859"},"modified":"2023-03-21T16:39:37","modified_gmt":"2023-03-21T15:39:37","slug":"cuba-critica-relatorio-dos-estados-unidos-sobre-direitos-humanos","status":"publish","type":"post","link":"https:\/\/pre.efe.com\/pt-br\/mundo-2\/2023-03-21\/cuba-critica-relatorio-dos-estados-unidos-sobre-direitos-humanos\/","title":{"rendered":"Cuba critica relat\u00f3rio dos Estados Unidos sobre Direitos Humanos"},"content":{"rendered":"\n<p>Havana (EFE).- O ministro das Rela\u00e7\u00f5es Exteriores de Cuba, Bruno Rodr\u00edguez, criticou nesta ter\u00e7a-feira o rec\u00e9m-publicado relat\u00f3rio sobre direitos humanos elaborado pelos Estados Unidos, no qual o pa\u00eds \u00e9 descrito como um &#8220;Estado autorit\u00e1rio&#8221;.<\/p>\n\n\n\n<p>Rodr\u00edguez considerou no Twitter que &#8220;s\u00e3o inaceit\u00e1veis&#8221; as &#8220;cal\u00fanias&#8221; sobre Cuba contidas neste documento do Departamento de Estado relativo a 2022, no qual os EUA apontaram &#8220;numerosos abusos&#8221; em Cuba, como &#8220;deten\u00e7\u00f5es arbitr\u00e1rias&#8221; ou &#8220;priva\u00e7\u00e3o de liberdade por motivos pol\u00edticos&#8221;.<\/p>\n\n\n\n<p>O relat\u00f3rio tamb\u00e9m menciona que \u201co Poder Judici\u00e1rio est\u00e1 diretamente subordinado \u00e0 Assembleia Nacional (Parlamento unicameral) e ao Partido Comunista de Cuba\u201d (PCC, o \u00fanico legal), apesar &#8220;da Constitui\u00e7\u00e3o reconhecer sua independ\u00eancia&#8221;.<\/p>\n\n\n\n<p>O chanceler cubano respondeu que, &#8220;com o hist\u00f3rico vergonhoso de viola\u00e7\u00f5es e abusos de seus pr\u00f3prios cidad\u00e3os&#8221;, os Estados Unidos &#8220;devem abster-se de estigmatizar os outros&#8221;.<\/p>\n\n\n\n<p>Ele acrescentou que os EUA &#8220;tentam em v\u00e3o disfar\u00e7ar sua conduta intervencionista e interferente&#8221; na ilha.<\/p>\n\n\n\n<p>No documento, os EUA citam relat\u00f3rios de ONGs como Justi\u00e7a 11J, Prisoners Defenders e Human Rights Watch em que denunciam &#8220;ass\u00e9dio, intimida\u00e7\u00e3o e ataques f\u00edsicos&#8221; por parte de &#8220;agentes das for\u00e7as de seguran\u00e7a&#8221; contra dissidentes pol\u00edticos e defensores dos direitos humanos em Cuba.<\/p>\n\n\n\n<p>O texto tamb\u00e9m critica as acusa\u00e7\u00f5es de crimes como &#8220;assalto e sedi\u00e7\u00e3o&#8221; contra v\u00e1rias pessoas que sa\u00edram \u00e0s ruas em 11 de julho de 2021 para protestar contra o governo cubano.<\/p>\n\n\n\n<blockquote class=\"wp-block-quote is-layout-flow wp-block-quote-is-layout-flow\">\n<p>&#8220;Cerca de 180 manifestantes foram acusados \u200b\u200bde sedi\u00e7\u00e3o e pelo menos 171 foram condenados a uma m\u00e9dia de 10 anos e 2 meses de pris\u00e3o cada&#8221;, segundo o relat\u00f3rio.<\/p>\n<\/blockquote>\n\n\n\n<p>Este relat\u00f3rio do Departamento de Estado serve como um guia para o Congresso dos Estados Unidos ao determinar a ajuda externa que concede a cada na\u00e7\u00e3o.<\/p>\n\n\n\n<p>Os EUA tamb\u00e9m manifestaram preocupa\u00e7\u00e3o em seu relat\u00f3rio anual sobre direitos humanos sobre tortura, execu\u00e7\u00f5es e repress\u00e3o supostamente cometidas em pa\u00edses como R\u00fassia, Nicar\u00e1gua e China. EFE<\/p>\n","protected":false},"excerpt":{"rendered":"<p>Havana (EFE).- O ministro das Rela\u00e7\u00f5es Exteriores de Cuba, Bruno Rodr\u00edguez, criticou nesta ter\u00e7a-feira o rec\u00e9m-publicado relat\u00f3rio sobre direitos humanos elaborado pelos Estados Unidos, no qual o pa\u00eds \u00e9 descrito como um &#8220;Estado autorit\u00e1rio&#8221;. Rodr\u00edguez considerou no Twitter que &#8220;s\u00e3o inaceit\u00e1veis&#8221; as &#8220;cal\u00fanias&#8221; sobre Cuba contidas neste documento do Departamento de Estado relativo a 2022, &#8230; <a title=\"Cuba critica relat\u00f3rio dos Estados Unidos sobre Direitos Humanos\" class=\"read-more\" href=\"https:\/\/pre.efe.com\/pt-br\/mundo-2\/2023-03-21\/cuba-critica-relatorio-dos-estados-unidos-sobre-direitos-humanos\/\" aria-label=\"Read more about Cuba critica relat\u00f3rio dos Estados Unidos sobre Direitos Humanos\">Leia mais<\/a><\/p>\n","protected":false},"author":198164106,"featured_media":352881,"comment_status":"closed","ping_status":"closed","sticky":false,"template":"","format":"standard","meta":{"_acf_changed":false,"_jetpack_memberships_contains_paid_content":false,"footnotes":""},"categories":[123208,122141],"tags":[125584,122371],"class_list":["post-352859","post","type-post","status-publish","format-standard","has-post-thumbnail","hentry","category-mundo-2","category-portada","tag-cuba-2","tag-eua","generate-columns","tablet-grid-50","mobile-grid-100","grid-parent","grid-50"],"acf":[],"yoast_head":"<!-- This site is optimized with the Yoast SEO Premium plugin v26.0 (Yoast SEO v27.4) - https:\/\/yoast.com\/product\/yoast-seo-premium-wordpress\/ -->\n<title>Cuba critica relat\u00f3rio dos Estados Unidos sobre Direitos Humanos - EFE<\/title>\n<meta name=\"robots\" content=\"noindex, follow\" \/>\n<meta property=\"og:locale\" content=\"pt_BR\" \/>\n<meta property=\"og:type\" content=\"article\" \/>\n<meta property=\"og:title\" content=\"Cuba critica relat\u00f3rio dos Estados Unidos sobre Direitos Humanos - EFE\" \/>\n<meta property=\"og:description\" content=\"Havana (EFE).- O ministro das Rela\u00e7\u00f5es Exteriores de Cuba, Bruno Rodr\u00edguez, criticou nesta ter\u00e7a-feira o rec\u00e9m-publicado relat\u00f3rio sobre direitos humanos elaborado pelos Estados Unidos, no qual o pa\u00eds \u00e9 descrito como um &#8220;Estado autorit\u00e1rio&#8221;. Rodr\u00edguez considerou no Twitter que &#8220;s\u00e3o inaceit\u00e1veis&#8221; as &#8220;cal\u00fanias&#8221; sobre Cuba contidas neste documento do Departamento de Estado relativo a 2022, ... Leia mais\" \/>\n<meta property=\"og:url\" content=\"https:\/\/pre.efe.com\/pt-br\/mundo-2\/2023-03-21\/cuba-critica-relatorio-dos-estados-unidos-sobre-direitos-humanos\/\" \/>\n<meta property=\"og:site_name\" content=\"EFE Noticias\" \/>\n<meta property=\"article:publisher\" content=\"https:\/\/www.facebook.com\/AgenciaEFEnoticias\/\" \/>\n<meta property=\"article:published_time\" content=\"2023-03-21T14:31:00+00:00\" \/>\n<meta property=\"article:modified_time\" content=\"2023-03-21T15:39:37+00:00\" \/>\n<meta property=\"og:image\" content=\"https:\/\/i0.wp.com\/efe.com\/\/srv\/htdocs\/wp-content\/uploads\/2023\/03\/CUBA.jpg?fit=900%2C635&ssl=1\" \/>\n\t<meta property=\"og:image:width\" content=\"900\" \/>\n\t<meta property=\"og:image:height\" content=\"635\" \/>\n\t<meta property=\"og:image:type\" content=\"image\/jpeg\" \/>\n<meta name=\"author\" content=\"anachain\" \/>\n<meta name=\"twitter:card\" content=\"summary_large_image\" \/>\n<meta name=\"twitter:creator\" content=\"@efenoticias\" \/>\n<meta name=\"twitter:site\" content=\"@efenoticias\" \/>\n<script type=\"application\/ld+json\" class=\"yoast-schema-graph\">{\"@context\":\"https:\\\/\\\/schema.org\",\"@graph\":[{\"@type\":\"NewsArticle\",\"@id\":\"https:\\\/\\\/pre.efe.com\\\/pt-br\\\/mundo-2\\\/2023-03-21\\\/cuba-critica-relatorio-dos-estados-unidos-sobre-direitos-humanos\\\/#article\",\"isPartOf\":{\"@id\":\"https:\\\/\\\/pre.efe.com\\\/pt-br\\\/mundo-2\\\/2023-03-21\\\/cuba-critica-relatorio-dos-estados-unidos-sobre-direitos-humanos\\\/\"},\"author\":{\"name\":\"anachain\",\"@id\":\"https:\\\/\\\/pre.efe.com\\\/pt-br\\\/#\\\/schema\\\/person\\\/b19f23f210db552768f68a4b552b004f\"},\"headline\":\"Cuba critica relat\u00f3rio dos Estados Unidos sobre Direitos Humanos\",\"datePublished\":\"2023-03-21T14:31:00+00:00\",\"dateModified\":\"2023-03-21T15:39:37+00:00\",\"mainEntityOfPage\":{\"@id\":\"https:\\\/\\\/pre.efe.com\\\/pt-br\\\/mundo-2\\\/2023-03-21\\\/cuba-critica-relatorio-dos-estados-unidos-sobre-direitos-humanos\\\/\"},\"wordCount\":359,\"publisher\":{\"@id\":\"https:\\\/\\\/pre.efe.com\\\/pt-br\\\/#organization\"},\"image\":{\"@id\":\"https:\\\/\\\/pre.efe.com\\\/pt-br\\\/mundo-2\\\/2023-03-21\\\/cuba-critica-relatorio-dos-estados-unidos-sobre-direitos-humanos\\\/#primaryimage\"},\"thumbnailUrl\":\"https:\\\/\\\/pre.efe.com\\\/wp-content\\\/uploads\\\/2023\\\/03\\\/CUBA.jpg\",\"keywords\":[\"Cuba\",\"EUA\"],\"articleSection\":[\"Mundo\",\"Portada\"],\"inLanguage\":\"pt-BR\",\"copyrightYear\":\"2023\",\"copyrightHolder\":{\"@id\":\"https:\\\/\\\/pre.efe.com\\\/#organization\"}},{\"@type\":[\"WebPage\",\"ItemPage\"],\"@id\":\"https:\\\/\\\/pre.efe.com\\\/pt-br\\\/mundo-2\\\/2023-03-21\\\/cuba-critica-relatorio-dos-estados-unidos-sobre-direitos-humanos\\\/\",\"url\":\"https:\\\/\\\/pre.efe.com\\\/pt-br\\\/mundo-2\\\/2023-03-21\\\/cuba-critica-relatorio-dos-estados-unidos-sobre-direitos-humanos\\\/\",\"name\":\"Cuba critica relat\u00f3rio dos Estados Unidos sobre Direitos Humanos - EFE\",\"isPartOf\":{\"@id\":\"https:\\\/\\\/pre.efe.com\\\/pt-br\\\/#website\"},\"primaryImageOfPage\":{\"@id\":\"https:\\\/\\\/pre.efe.com\\\/pt-br\\\/mundo-2\\\/2023-03-21\\\/cuba-critica-relatorio-dos-estados-unidos-sobre-direitos-humanos\\\/#primaryimage\"},\"image\":{\"@id\":\"https:\\\/\\\/pre.efe.com\\\/pt-br\\\/mundo-2\\\/2023-03-21\\\/cuba-critica-relatorio-dos-estados-unidos-sobre-direitos-humanos\\\/#primaryimage\"},\"thumbnailUrl\":\"https:\\\/\\\/pre.efe.com\\\/wp-content\\\/uploads\\\/2023\\\/03\\\/CUBA.jpg\",\"datePublished\":\"2023-03-21T14:31:00+00:00\",\"dateModified\":\"2023-03-21T15:39:37+00:00\",\"breadcrumb\":{\"@id\":\"https:\\\/\\\/pre.efe.com\\\/pt-br\\\/mundo-2\\\/2023-03-21\\\/cuba-critica-relatorio-dos-estados-unidos-sobre-direitos-humanos\\\/#breadcrumb\"},\"inLanguage\":\"pt-BR\",\"potentialAction\":[{\"@type\":\"ReadAction\",\"target\":[\"https:\\\/\\\/pre.efe.com\\\/pt-br\\\/mundo-2\\\/2023-03-21\\\/cuba-critica-relatorio-dos-estados-unidos-sobre-direitos-humanos\\\/\"]}]},{\"@type\":\"ImageObject\",\"inLanguage\":\"pt-BR\",\"@id\":\"https:\\\/\\\/pre.efe.com\\\/pt-br\\\/mundo-2\\\/2023-03-21\\\/cuba-critica-relatorio-dos-estados-unidos-sobre-direitos-humanos\\\/#primaryimage\",\"url\":\"https:\\\/\\\/pre.efe.com\\\/wp-content\\\/uploads\\\/2023\\\/03\\\/CUBA.jpg\",\"contentUrl\":\"https:\\\/\\\/pre.efe.com\\\/wp-content\\\/uploads\\\/2023\\\/03\\\/CUBA.jpg\",\"width\":900,\"height\":635,\"caption\":\"O ministro das Rela\u00e7\u00f5es Exteriores de Cuba, Bruno Rodr\u00edguez. EFE\\\/Arquivo\\\/Yander Zamora\"},{\"@type\":\"BreadcrumbList\",\"@id\":\"https:\\\/\\\/pre.efe.com\\\/pt-br\\\/mundo-2\\\/2023-03-21\\\/cuba-critica-relatorio-dos-estados-unidos-sobre-direitos-humanos\\\/#breadcrumb\",\"itemListElement\":[{\"@type\":\"ListItem\",\"position\":1,\"name\":\"Portada\",\"item\":\"https:\\\/\\\/pre.efe.com\\\/pt-br\\\/\"},{\"@type\":\"ListItem\",\"position\":2,\"name\":\"Cuba critica relat\u00f3rio dos Estados Unidos sobre Direitos Humanos\"}]},{\"@type\":\"WebSite\",\"@id\":\"https:\\\/\\\/pre.efe.com\\\/pt-br\\\/#website\",\"url\":\"https:\\\/\\\/pre.efe.com\\\/pt-br\\\/\",\"name\":\"EFE Noticias\",\"description\":\"\",\"publisher\":{\"@id\":\"https:\\\/\\\/pre.efe.com\\\/pt-br\\\/#organization\"},\"potentialAction\":[{\"@type\":\"SearchAction\",\"target\":{\"@type\":\"EntryPoint\",\"urlTemplate\":\"https:\\\/\\\/pre.efe.com\\\/pt-br\\\/?s={search_term_string}\"},\"query-input\":{\"@type\":\"PropertyValueSpecification\",\"valueRequired\":true,\"valueName\":\"search_term_string\"}}],\"inLanguage\":\"pt-BR\"},{\"@type\":\"Organization\",\"@id\":\"https:\\\/\\\/pre.efe.com\\\/pt-br\\\/#organization\",\"name\":\"Agencia EFE\",\"url\":\"https:\\\/\\\/pre.efe.com\\\/pt-br\\\/\",\"logo\":{\"@type\":\"ImageObject\",\"inLanguage\":\"pt-BR\",\"@id\":\"https:\\\/\\\/pre.efe.com\\\/pt-br\\\/#\\\/schema\\\/logo\\\/image\\\/\",\"url\":\"https:\\\/\\\/pre.efe.com\\\/wp-content\\\/uploads\\\/2023\\\/06\\\/logo-efe-467.png\",\"contentUrl\":\"https:\\\/\\\/pre.efe.com\\\/wp-content\\\/uploads\\\/2023\\\/06\\\/logo-efe-467.png\",\"width\":467,\"height\":467,\"caption\":\"Agencia EFE\"},\"image\":{\"@id\":\"https:\\\/\\\/pre.efe.com\\\/pt-br\\\/#\\\/schema\\\/logo\\\/image\\\/\"},\"sameAs\":[\"https:\\\/\\\/www.facebook.com\\\/AgenciaEFEnoticias\\\/\",\"https:\\\/\\\/x.com\\\/efenoticias\",\"https:\\\/\\\/www.instagram.com\\\/efe_noticias\\\/\",\"http:\\\/\\\/www.youtube.com\\\/efe\"]},{\"@type\":\"Person\",\"@id\":\"https:\\\/\\\/pre.efe.com\\\/pt-br\\\/#\\\/schema\\\/person\\\/b19f23f210db552768f68a4b552b004f\",\"name\":\"anachain\",\"image\":{\"@type\":\"ImageObject\",\"inLanguage\":\"pt-BR\",\"@id\":\"https:\\\/\\\/secure.gravatar.com\\\/avatar\\\/30b83965911ef1108bb893c00bdd65c885f9890e1265ee04b02c3d5adc785d37?s=96&d=identicon&r=g\",\"url\":\"https:\\\/\\\/secure.gravatar.com\\\/avatar\\\/30b83965911ef1108bb893c00bdd65c885f9890e1265ee04b02c3d5adc785d37?s=96&d=identicon&r=g\",\"contentUrl\":\"https:\\\/\\\/secure.gravatar.com\\\/avatar\\\/30b83965911ef1108bb893c00bdd65c885f9890e1265ee04b02c3d5adc785d37?s=96&d=identicon&r=g\",\"caption\":\"anachain\"},\"url\":\"https:\\\/\\\/pre.efe.com\\\/pt-br\\\/autor\\\/anachain\\\/\"}]}<\/script>\n<!-- \/ Yoast SEO Premium plugin. -->","yoast_head_json":{"title":"Cuba critica relat\u00f3rio dos Estados Unidos sobre Direitos Humanos - EFE","robots":{"index":"noindex","follow":"follow"},"og_locale":"pt_BR","og_type":"article","og_title":"Cuba critica relat\u00f3rio dos Estados Unidos sobre Direitos Humanos - EFE","og_description":"Havana (EFE).- O ministro das Rela\u00e7\u00f5es Exteriores de Cuba, Bruno Rodr\u00edguez, criticou nesta ter\u00e7a-feira o rec\u00e9m-publicado relat\u00f3rio sobre direitos humanos elaborado pelos Estados Unidos, no qual o pa\u00eds \u00e9 descrito como um &#8220;Estado autorit\u00e1rio&#8221;. Rodr\u00edguez considerou no Twitter que &#8220;s\u00e3o inaceit\u00e1veis&#8221; as &#8220;cal\u00fanias&#8221; sobre Cuba contidas neste documento do Departamento de Estado relativo a 2022, ... Leia mais","og_url":"https:\/\/pre.efe.com\/pt-br\/mundo-2\/2023-03-21\/cuba-critica-relatorio-dos-estados-unidos-sobre-direitos-humanos\/","og_site_name":"EFE Noticias","article_publisher":"https:\/\/www.facebook.com\/AgenciaEFEnoticias\/","article_published_time":"2023-03-21T14:31:00+00:00","article_modified_time":"2023-03-21T15:39:37+00:00","og_image":[{"width":900,"height":635,"url":"https:\/\/i0.wp.com\/efe.com\/\/srv\/htdocs\/wp-content\/uploads\/2023\/03\/CUBA.jpg?fit=900%2C635&ssl=1","type":"image\/jpeg"}],"author":"anachain","twitter_card":"summary_large_image","twitter_creator":"@efenoticias","twitter_site":"@efenoticias","schema":{"@context":"https:\/\/schema.org","@graph":[{"@type":"NewsArticle","@id":"https:\/\/pre.efe.com\/pt-br\/mundo-2\/2023-03-21\/cuba-critica-relatorio-dos-estados-unidos-sobre-direitos-humanos\/#article","isPartOf":{"@id":"https:\/\/pre.efe.com\/pt-br\/mundo-2\/2023-03-21\/cuba-critica-relatorio-dos-estados-unidos-sobre-direitos-humanos\/"},"author":{"name":"anachain","@id":"https:\/\/pre.efe.com\/pt-br\/#\/schema\/person\/b19f23f210db552768f68a4b552b004f"},"headline":"Cuba critica relat\u00f3rio dos Estados Unidos sobre Direitos Humanos","datePublished":"2023-03-21T14:31:00+00:00","dateModified":"2023-03-21T15:39:37+00:00","mainEntityOfPage":{"@id":"https:\/\/pre.efe.com\/pt-br\/mundo-2\/2023-03-21\/cuba-critica-relatorio-dos-estados-unidos-sobre-direitos-humanos\/"},"wordCount":359,"publisher":{"@id":"https:\/\/pre.efe.com\/pt-br\/#organization"},"image":{"@id":"https:\/\/pre.efe.com\/pt-br\/mundo-2\/2023-03-21\/cuba-critica-relatorio-dos-estados-unidos-sobre-direitos-humanos\/#primaryimage"},"thumbnailUrl":"https:\/\/pre.efe.com\/wp-content\/uploads\/2023\/03\/CUBA.jpg","keywords":["Cuba","EUA"],"articleSection":["Mundo","Portada"],"inLanguage":"pt-BR","copyrightYear":"2023","copyrightHolder":{"@id":"https:\/\/pre.efe.com\/#organization"}},{"@type":["WebPage","ItemPage"],"@id":"https:\/\/pre.efe.com\/pt-br\/mundo-2\/2023-03-21\/cuba-critica-relatorio-dos-estados-unidos-sobre-direitos-humanos\/","url":"https:\/\/pre.efe.com\/pt-br\/mundo-2\/2023-03-21\/cuba-critica-relatorio-dos-estados-unidos-sobre-direitos-humanos\/","name":"Cuba critica relat\u00f3rio dos Estados Unidos sobre Direitos Humanos - EFE","isPartOf":{"@id":"https:\/\/pre.efe.com\/pt-br\/#website"},"primaryImageOfPage":{"@id":"https:\/\/pre.efe.com\/pt-br\/mundo-2\/2023-03-21\/cuba-critica-relatorio-dos-estados-unidos-sobre-direitos-humanos\/#primaryimage"},"image":{"@id":"https:\/\/pre.efe.com\/pt-br\/mundo-2\/2023-03-21\/cuba-critica-relatorio-dos-estados-unidos-sobre-direitos-humanos\/#primaryimage"},"thumbnailUrl":"https:\/\/pre.efe.com\/wp-content\/uploads\/2023\/03\/CUBA.jpg","datePublished":"2023-03-21T14:31:00+00:00","dateModified":"2023-03-21T15:39:37+00:00","breadcrumb":{"@id":"https:\/\/pre.efe.com\/pt-br\/mundo-2\/2023-03-21\/cuba-critica-relatorio-dos-estados-unidos-sobre-direitos-humanos\/#breadcrumb"},"inLanguage":"pt-BR","potentialAction":[{"@type":"ReadAction","target":["https:\/\/pre.efe.com\/pt-br\/mundo-2\/2023-03-21\/cuba-critica-relatorio-dos-estados-unidos-sobre-direitos-humanos\/"]}]},{"@type":"ImageObject","inLanguage":"pt-BR","@id":"https:\/\/pre.efe.com\/pt-br\/mundo-2\/2023-03-21\/cuba-critica-relatorio-dos-estados-unidos-sobre-direitos-humanos\/#primaryimage","url":"https:\/\/pre.efe.com\/wp-content\/uploads\/2023\/03\/CUBA.jpg","contentUrl":"https:\/\/pre.efe.com\/wp-content\/uploads\/2023\/03\/CUBA.jpg","width":900,"height":635,"caption":"O ministro das Rela\u00e7\u00f5es Exteriores de Cuba, Bruno Rodr\u00edguez. EFE\/Arquivo\/Yander Zamora"},{"@type":"BreadcrumbList","@id":"https:\/\/pre.efe.com\/pt-br\/mundo-2\/2023-03-21\/cuba-critica-relatorio-dos-estados-unidos-sobre-direitos-humanos\/#breadcrumb","itemListElement":[{"@type":"ListItem","position":1,"name":"Portada","item":"https:\/\/pre.efe.com\/pt-br\/"},{"@type":"ListItem","position":2,"name":"Cuba critica relat\u00f3rio dos Estados Unidos sobre Direitos Humanos"}]},{"@type":"WebSite","@id":"https:\/\/pre.efe.com\/pt-br\/#website","url":"https:\/\/pre.efe.com\/pt-br\/","name":"EFE Noticias","description":"","publisher":{"@id":"https:\/\/pre.efe.com\/pt-br\/#organization"},"potentialAction":[{"@type":"SearchAction","target":{"@type":"EntryPoint","urlTemplate":"https:\/\/pre.efe.com\/pt-br\/?s={search_term_string}"},"query-input":{"@type":"PropertyValueSpecification","valueRequired":true,"valueName":"search_term_string"}}],"inLanguage":"pt-BR"},{"@type":"Organization","@id":"https:\/\/pre.efe.com\/pt-br\/#organization","name":"Agencia EFE","url":"https:\/\/pre.efe.com\/pt-br\/","logo":{"@type":"ImageObject","inLanguage":"pt-BR","@id":"https:\/\/pre.efe.com\/pt-br\/#\/schema\/logo\/image\/","url":"https:\/\/pre.efe.com\/wp-content\/uploads\/2023\/06\/logo-efe-467.png","contentUrl":"https:\/\/pre.efe.com\/wp-content\/uploads\/2023\/06\/logo-efe-467.png","width":467,"height":467,"caption":"Agencia EFE"},"image":{"@id":"https:\/\/pre.efe.com\/pt-br\/#\/schema\/logo\/image\/"},"sameAs":["https:\/\/www.facebook.com\/AgenciaEFEnoticias\/","https:\/\/x.com\/efenoticias","https:\/\/www.instagram.com\/efe_noticias\/","http:\/\/www.youtube.com\/efe"]},{"@type":"Person","@id":"https:\/\/pre.efe.com\/pt-br\/#\/schema\/person\/b19f23f210db552768f68a4b552b004f","name":"anachain","image":{"@type":"ImageObject","inLanguage":"pt-BR","@id":"https:\/\/secure.gravatar.com\/avatar\/30b83965911ef1108bb893c00bdd65c885f9890e1265ee04b02c3d5adc785d37?s=96&d=identicon&r=g","url":"https:\/\/secure.gravatar.com\/avatar\/30b83965911ef1108bb893c00bdd65c885f9890e1265ee04b02c3d5adc785d37?s=96&d=identicon&r=g","contentUrl":"https:\/\/secure.gravatar.com\/avatar\/30b83965911ef1108bb893c00bdd65c885f9890e1265ee04b02c3d5adc785d37?s=96&d=identicon&r=g","caption":"anachain"},"url":"https:\/\/pre.efe.com\/pt-br\/autor\/anachain\/"}]}},"jetpack_featured_media_url":"https:\/\/pre.efe.com\/wp-content\/uploads\/2023\/03\/CUBA.jpg","jetpack_shortlink":"https:\/\/wp.me\/peJvHm-1tNh","jetpack_sharing_enabled":true,"_links":{"self":[{"href":"https:\/\/pre.efe.com\/pt-br\/wp-json\/wp\/v2\/posts\/352859","targetHints":{"allow":["GET"]}}],"collection":[{"href":"https:\/\/pre.efe.com\/pt-br\/wp-json\/wp\/v2\/posts"}],"about":[{"href":"https:\/\/pre.efe.com\/pt-br\/wp-json\/wp\/v2\/types\/post"}],"author":[{"embeddable":true,"href":"https:\/\/pre.efe.com\/pt-br\/wp-json\/wp\/v2\/users\/198164106"}],"replies":[{"embeddable":true,"href":"https:\/\/pre.efe.com\/pt-br\/wp-json\/wp\/v2\/comments?post=352859"}],"version-history":[{"count":2,"href":"https:\/\/pre.efe.com\/pt-br\/wp-json\/wp\/v2\/posts\/352859\/revisions"}],"predecessor-version":[{"id":352885,"href":"https:\/\/pre.efe.com\/pt-br\/wp-json\/wp\/v2\/posts\/352859\/revisions\/352885"}],"wp:featuredmedia":[{"embeddable":true,"href":"https:\/\/pre.efe.com\/pt-br\/wp-json\/wp\/v2\/media\/352881"}],"wp:attachment":[{"href":"https:\/\/pre.efe.com\/pt-br\/wp-json\/wp\/v2\/media?parent=352859"}],"wp:term":[{"taxonomy":"category","embeddable":true,"href":"https:\/\/pre.efe.com\/pt-br\/wp-json\/wp\/v2\/categories?post=352859"},{"taxonomy":"post_tag","embeddable":true,"href":"https:\/\/pre.efe.com\/pt-br\/wp-json\/wp\/v2\/tags?post=352859"}],"curies":[{"name":"wp","href":"https:\/\/api.w.org\/{rel}","templated":true}]}}