{"id":354860,"date":"2023-03-22T15:00:00","date_gmt":"2023-03-22T14:00:00","guid":{"rendered":"https:\/\/pre.efe.com\/?p=354860"},"modified":"2023-03-22T15:00:20","modified_gmt":"2023-03-22T14:00:20","slug":"parlamento-espanhol-rejeita-mocao-de-censura-contra-pedro-sanchez","status":"publish","type":"post","link":"https:\/\/pre.efe.com\/pt-br\/mundo-2\/2023-03-22\/parlamento-espanhol-rejeita-mocao-de-censura-contra-pedro-sanchez\/","title":{"rendered":"Parlamento espanhol rejeita mo\u00e7\u00e3o de censura contra Pedro S\u00e1nchez"},"content":{"rendered":"\n<p>Madri (EFE).- O Congresso espanhol rejeitou amplamente nesta quarta-feira a mo\u00e7\u00e3o de censura do partido de oposi\u00e7\u00e3o de extrema-direita Vox contra o governo de esquerda liderado pelo socialista Pedro S\u00e1nchez.<\/p>\n\n\n\n<p>O candidato alternativo proposto para a chefia do Executivo espanhol, o economista e ex-l\u00edder comunista Ram\u00f3n Tamames, tinha apenas o apoio do Vox e obteve 53 votos favor\u00e1veis, longe da maioria absoluta em uma C\u00e2mara de 350 deputados.<\/p>\n\n\n\n<p>Por outro lado, 201 parlamentares, encabe\u00e7ados pelo Partido Socialista e pelo Unidas Podemos (UP), que formam a base do governo, votaram contra.<\/p>\n\n\n\n<p>A mo\u00e7\u00e3o tamb\u00e9m foi recha\u00e7ada pelos pequenos partidos de esquerda e nacionalistas e independentistas bascos e catal\u00e3es, todos muito cr\u00edticos do Vox e do candidato, e pelos liberais.<\/p>\n\n\n\n<p>J\u00e1 o conservador Partido Popular, principal for\u00e7a da oposi\u00e7\u00e3o parlamentar, optou pela absten\u00e7\u00e3o, que englobou um total de 91 votos.<\/p>\n\n\n\n<p>Esta \u00e9 a segunda mo\u00e7\u00e3o de censura nesta legislatura, iniciada em janeiro de 2020: ambas foram apresentadas pela extrema-direita e rejeitadas pelo Congresso.<\/p>\n\n\n\n<p>O debate, que come\u00e7ou na ter\u00e7a-feira, transcorreu em um clima de tens\u00e3o, com ataques cruzados entre esquerda e direita. EFE<\/p>\n","protected":false},"excerpt":{"rendered":"<p>Madri (EFE).- O Congresso espanhol rejeitou amplamente nesta quarta-feira a mo\u00e7\u00e3o de censura do partido de oposi\u00e7\u00e3o de extrema-direita Vox contra o governo de esquerda liderado pelo socialista Pedro S\u00e1nchez. O candidato alternativo proposto para a chefia do Executivo espanhol, o economista e ex-l\u00edder comunista Ram\u00f3n Tamames, tinha apenas o apoio do Vox e obteve &#8230; <a title=\"Parlamento espanhol rejeita mo\u00e7\u00e3o de censura contra Pedro S\u00e1nchez\" class=\"read-more\" href=\"https:\/\/pre.efe.com\/pt-br\/mundo-2\/2023-03-22\/parlamento-espanhol-rejeita-mocao-de-censura-contra-pedro-sanchez\/\" aria-label=\"Read more about Parlamento espanhol rejeita mo\u00e7\u00e3o de censura contra Pedro S\u00e1nchez\">Leia mais<\/a><\/p>\n","protected":false},"author":198164106,"featured_media":354757,"comment_status":"closed","ping_status":"closed","sticky":false,"template":"","format":"standard","meta":{"_acf_changed":false,"_jetpack_memberships_contains_paid_content":false,"footnotes":""},"categories":[123208,122141],"tags":[124421,124845,125887],"class_list":["post-354860","post","type-post","status-publish","format-standard","has-post-thumbnail","hentry","category-mundo-2","category-portada","tag-espanha","tag-governo","tag-politica-2","generate-columns","tablet-grid-50","mobile-grid-100","grid-parent","grid-50"],"acf":[],"yoast_head":"<!-- This site is optimized with the Yoast SEO Premium plugin v26.0 (Yoast SEO v27.5) - https:\/\/yoast.com\/product\/yoast-seo-premium-wordpress\/ -->\n<title>Parlamento espanhol rejeita mo\u00e7\u00e3o de censura contra Pedro S\u00e1nchez - EFE<\/title>\n<meta name=\"robots\" content=\"noindex, follow\" \/>\n<meta property=\"og:locale\" content=\"pt_BR\" \/>\n<meta property=\"og:type\" content=\"article\" \/>\n<meta property=\"og:title\" content=\"Parlamento espanhol rejeita mo\u00e7\u00e3o de censura contra Pedro S\u00e1nchez - EFE\" \/>\n<meta property=\"og:description\" content=\"Madri (EFE).- O Congresso espanhol rejeitou amplamente nesta quarta-feira a mo\u00e7\u00e3o de censura do partido de oposi\u00e7\u00e3o de extrema-direita Vox contra o governo de esquerda liderado pelo socialista Pedro S\u00e1nchez. O candidato alternativo proposto para a chefia do Executivo espanhol, o economista e ex-l\u00edder comunista Ram\u00f3n Tamames, tinha apenas o apoio do Vox e obteve ... Leia mais\" \/>\n<meta property=\"og:url\" content=\"https:\/\/pre.efe.com\/pt-br\/mundo-2\/2023-03-22\/parlamento-espanhol-rejeita-mocao-de-censura-contra-pedro-sanchez\/\" \/>\n<meta property=\"og:site_name\" content=\"EFE Noticias\" \/>\n<meta property=\"article:publisher\" content=\"https:\/\/www.facebook.com\/AgenciaEFEnoticias\/\" \/>\n<meta property=\"article:published_time\" content=\"2023-03-22T14:00:00+00:00\" \/>\n<meta property=\"article:modified_time\" content=\"2023-03-22T14:00:20+00:00\" \/>\n<meta property=\"og:image\" content=\"https:\/\/i0.wp.com\/efe.com\/\/srv\/htdocs\/wp-content\/uploads\/2023\/03\/rss-efe6e13681d43249a5a755f13f493ac338bcdfc25f8w.jpg?fit=1920%2C1280&ssl=1\" \/>\n\t<meta property=\"og:image:width\" content=\"1920\" \/>\n\t<meta property=\"og:image:height\" content=\"1280\" \/>\n\t<meta property=\"og:image:type\" content=\"image\/jpeg\" \/>\n<meta name=\"author\" content=\"anachain\" \/>\n<meta name=\"twitter:card\" content=\"summary_large_image\" \/>\n<meta name=\"twitter:creator\" content=\"@efenoticias\" \/>\n<meta name=\"twitter:site\" content=\"@efenoticias\" \/>\n<script type=\"application\/ld+json\" class=\"yoast-schema-graph\">{\"@context\":\"https:\\\/\\\/schema.org\",\"@graph\":[{\"@type\":\"NewsArticle\",\"@id\":\"https:\\\/\\\/pre.efe.com\\\/pt-br\\\/mundo-2\\\/2023-03-22\\\/parlamento-espanhol-rejeita-mocao-de-censura-contra-pedro-sanchez\\\/#article\",\"isPartOf\":{\"@id\":\"https:\\\/\\\/pre.efe.com\\\/pt-br\\\/mundo-2\\\/2023-03-22\\\/parlamento-espanhol-rejeita-mocao-de-censura-contra-pedro-sanchez\\\/\"},\"author\":{\"name\":\"anachain\",\"@id\":\"https:\\\/\\\/pre.efe.com\\\/pt-br\\\/#\\\/schema\\\/person\\\/b19f23f210db552768f68a4b552b004f\"},\"headline\":\"Parlamento espanhol rejeita mo\u00e7\u00e3o de censura contra Pedro S\u00e1nchez\",\"datePublished\":\"2023-03-22T14:00:00+00:00\",\"dateModified\":\"2023-03-22T14:00:20+00:00\",\"mainEntityOfPage\":{\"@id\":\"https:\\\/\\\/pre.efe.com\\\/pt-br\\\/mundo-2\\\/2023-03-22\\\/parlamento-espanhol-rejeita-mocao-de-censura-contra-pedro-sanchez\\\/\"},\"wordCount\":207,\"publisher\":{\"@id\":\"https:\\\/\\\/pre.efe.com\\\/pt-br\\\/#organization\"},\"image\":{\"@id\":\"https:\\\/\\\/pre.efe.com\\\/pt-br\\\/mundo-2\\\/2023-03-22\\\/parlamento-espanhol-rejeita-mocao-de-censura-contra-pedro-sanchez\\\/#primaryimage\"},\"thumbnailUrl\":\"https:\\\/\\\/pre.efe.com\\\/wp-content\\\/uploads\\\/2023\\\/03\\\/rss-efe6e13681d43249a5a755f13f493ac338bcdfc25f8w.jpg\",\"keywords\":[\"Espanha\",\"Governo\",\"Politica\"],\"articleSection\":[\"Mundo\",\"Portada\"],\"inLanguage\":\"pt-BR\",\"copyrightYear\":\"2023\",\"copyrightHolder\":{\"@id\":\"https:\\\/\\\/pre.efe.com\\\/#organization\"}},{\"@type\":[\"WebPage\",\"ItemPage\"],\"@id\":\"https:\\\/\\\/pre.efe.com\\\/pt-br\\\/mundo-2\\\/2023-03-22\\\/parlamento-espanhol-rejeita-mocao-de-censura-contra-pedro-sanchez\\\/\",\"url\":\"https:\\\/\\\/pre.efe.com\\\/pt-br\\\/mundo-2\\\/2023-03-22\\\/parlamento-espanhol-rejeita-mocao-de-censura-contra-pedro-sanchez\\\/\",\"name\":\"Parlamento espanhol rejeita mo\u00e7\u00e3o de censura contra Pedro S\u00e1nchez - EFE\",\"isPartOf\":{\"@id\":\"https:\\\/\\\/pre.efe.com\\\/pt-br\\\/#website\"},\"primaryImageOfPage\":{\"@id\":\"https:\\\/\\\/pre.efe.com\\\/pt-br\\\/mundo-2\\\/2023-03-22\\\/parlamento-espanhol-rejeita-mocao-de-censura-contra-pedro-sanchez\\\/#primaryimage\"},\"image\":{\"@id\":\"https:\\\/\\\/pre.efe.com\\\/pt-br\\\/mundo-2\\\/2023-03-22\\\/parlamento-espanhol-rejeita-mocao-de-censura-contra-pedro-sanchez\\\/#primaryimage\"},\"thumbnailUrl\":\"https:\\\/\\\/pre.efe.com\\\/wp-content\\\/uploads\\\/2023\\\/03\\\/rss-efe6e13681d43249a5a755f13f493ac338bcdfc25f8w.jpg\",\"datePublished\":\"2023-03-22T14:00:00+00:00\",\"dateModified\":\"2023-03-22T14:00:20+00:00\",\"breadcrumb\":{\"@id\":\"https:\\\/\\\/pre.efe.com\\\/pt-br\\\/mundo-2\\\/2023-03-22\\\/parlamento-espanhol-rejeita-mocao-de-censura-contra-pedro-sanchez\\\/#breadcrumb\"},\"inLanguage\":\"pt-BR\",\"potentialAction\":[{\"@type\":\"ReadAction\",\"target\":[\"https:\\\/\\\/pre.efe.com\\\/pt-br\\\/mundo-2\\\/2023-03-22\\\/parlamento-espanhol-rejeita-mocao-de-censura-contra-pedro-sanchez\\\/\"]}]},{\"@type\":\"ImageObject\",\"inLanguage\":\"pt-BR\",\"@id\":\"https:\\\/\\\/pre.efe.com\\\/pt-br\\\/mundo-2\\\/2023-03-22\\\/parlamento-espanhol-rejeita-mocao-de-censura-contra-pedro-sanchez\\\/#primaryimage\",\"url\":\"https:\\\/\\\/pre.efe.com\\\/wp-content\\\/uploads\\\/2023\\\/03\\\/rss-efe6e13681d43249a5a755f13f493ac338bcdfc25f8w.jpg\",\"contentUrl\":\"https:\\\/\\\/pre.efe.com\\\/wp-content\\\/uploads\\\/2023\\\/03\\\/rss-efe6e13681d43249a5a755f13f493ac338bcdfc25f8w.jpg\",\"width\":1920,\"height\":1280,\"caption\":\"EFE\\\/ J.J. Guillen\"},{\"@type\":\"BreadcrumbList\",\"@id\":\"https:\\\/\\\/pre.efe.com\\\/pt-br\\\/mundo-2\\\/2023-03-22\\\/parlamento-espanhol-rejeita-mocao-de-censura-contra-pedro-sanchez\\\/#breadcrumb\",\"itemListElement\":[{\"@type\":\"ListItem\",\"position\":1,\"name\":\"Portada\",\"item\":\"https:\\\/\\\/pre.efe.com\\\/pt-br\\\/\"},{\"@type\":\"ListItem\",\"position\":2,\"name\":\"Parlamento espanhol rejeita mo\u00e7\u00e3o de censura contra Pedro S\u00e1nchez\"}]},{\"@type\":\"WebSite\",\"@id\":\"https:\\\/\\\/pre.efe.com\\\/pt-br\\\/#website\",\"url\":\"https:\\\/\\\/pre.efe.com\\\/pt-br\\\/\",\"name\":\"EFE Noticias\",\"description\":\"\",\"publisher\":{\"@id\":\"https:\\\/\\\/pre.efe.com\\\/pt-br\\\/#organization\"},\"potentialAction\":[{\"@type\":\"SearchAction\",\"target\":{\"@type\":\"EntryPoint\",\"urlTemplate\":\"https:\\\/\\\/pre.efe.com\\\/pt-br\\\/?s={search_term_string}\"},\"query-input\":{\"@type\":\"PropertyValueSpecification\",\"valueRequired\":true,\"valueName\":\"search_term_string\"}}],\"inLanguage\":\"pt-BR\"},{\"@type\":\"Organization\",\"@id\":\"https:\\\/\\\/pre.efe.com\\\/pt-br\\\/#organization\",\"name\":\"Agencia EFE\",\"url\":\"https:\\\/\\\/pre.efe.com\\\/pt-br\\\/\",\"logo\":{\"@type\":\"ImageObject\",\"inLanguage\":\"pt-BR\",\"@id\":\"https:\\\/\\\/pre.efe.com\\\/pt-br\\\/#\\\/schema\\\/logo\\\/image\\\/\",\"url\":\"https:\\\/\\\/pre.efe.com\\\/wp-content\\\/uploads\\\/2023\\\/06\\\/logo-efe-467.png\",\"contentUrl\":\"https:\\\/\\\/pre.efe.com\\\/wp-content\\\/uploads\\\/2023\\\/06\\\/logo-efe-467.png\",\"width\":467,\"height\":467,\"caption\":\"Agencia EFE\"},\"image\":{\"@id\":\"https:\\\/\\\/pre.efe.com\\\/pt-br\\\/#\\\/schema\\\/logo\\\/image\\\/\"},\"sameAs\":[\"https:\\\/\\\/www.facebook.com\\\/AgenciaEFEnoticias\\\/\",\"https:\\\/\\\/x.com\\\/efenoticias\",\"https:\\\/\\\/www.instagram.com\\\/efe_noticias\\\/\",\"http:\\\/\\\/www.youtube.com\\\/efe\"]},{\"@type\":\"Person\",\"@id\":\"https:\\\/\\\/pre.efe.com\\\/pt-br\\\/#\\\/schema\\\/person\\\/b19f23f210db552768f68a4b552b004f\",\"name\":\"anachain\",\"image\":{\"@type\":\"ImageObject\",\"inLanguage\":\"pt-BR\",\"@id\":\"https:\\\/\\\/secure.gravatar.com\\\/avatar\\\/30b83965911ef1108bb893c00bdd65c885f9890e1265ee04b02c3d5adc785d37?s=96&d=identicon&r=g\",\"url\":\"https:\\\/\\\/secure.gravatar.com\\\/avatar\\\/30b83965911ef1108bb893c00bdd65c885f9890e1265ee04b02c3d5adc785d37?s=96&d=identicon&r=g\",\"contentUrl\":\"https:\\\/\\\/secure.gravatar.com\\\/avatar\\\/30b83965911ef1108bb893c00bdd65c885f9890e1265ee04b02c3d5adc785d37?s=96&d=identicon&r=g\",\"caption\":\"anachain\"},\"url\":\"https:\\\/\\\/pre.efe.com\\\/pt-br\\\/autor\\\/anachain\\\/\"}]}<\/script>\n<!-- \/ Yoast SEO Premium plugin. -->","yoast_head_json":{"title":"Parlamento espanhol rejeita mo\u00e7\u00e3o de censura contra Pedro S\u00e1nchez - EFE","robots":{"index":"noindex","follow":"follow"},"og_locale":"pt_BR","og_type":"article","og_title":"Parlamento espanhol rejeita mo\u00e7\u00e3o de censura contra Pedro S\u00e1nchez - EFE","og_description":"Madri (EFE).- O Congresso espanhol rejeitou amplamente nesta quarta-feira a mo\u00e7\u00e3o de censura do partido de oposi\u00e7\u00e3o de extrema-direita Vox contra o governo de esquerda liderado pelo socialista Pedro S\u00e1nchez. O candidato alternativo proposto para a chefia do Executivo espanhol, o economista e ex-l\u00edder comunista Ram\u00f3n Tamames, tinha apenas o apoio do Vox e obteve ... Leia mais","og_url":"https:\/\/pre.efe.com\/pt-br\/mundo-2\/2023-03-22\/parlamento-espanhol-rejeita-mocao-de-censura-contra-pedro-sanchez\/","og_site_name":"EFE Noticias","article_publisher":"https:\/\/www.facebook.com\/AgenciaEFEnoticias\/","article_published_time":"2023-03-22T14:00:00+00:00","article_modified_time":"2023-03-22T14:00:20+00:00","og_image":[{"width":1920,"height":1280,"url":"https:\/\/i0.wp.com\/efe.com\/\/srv\/htdocs\/wp-content\/uploads\/2023\/03\/rss-efe6e13681d43249a5a755f13f493ac338bcdfc25f8w.jpg?fit=1920%2C1280&ssl=1","type":"image\/jpeg"}],"author":"anachain","twitter_card":"summary_large_image","twitter_creator":"@efenoticias","twitter_site":"@efenoticias","schema":{"@context":"https:\/\/schema.org","@graph":[{"@type":"NewsArticle","@id":"https:\/\/pre.efe.com\/pt-br\/mundo-2\/2023-03-22\/parlamento-espanhol-rejeita-mocao-de-censura-contra-pedro-sanchez\/#article","isPartOf":{"@id":"https:\/\/pre.efe.com\/pt-br\/mundo-2\/2023-03-22\/parlamento-espanhol-rejeita-mocao-de-censura-contra-pedro-sanchez\/"},"author":{"name":"anachain","@id":"https:\/\/pre.efe.com\/pt-br\/#\/schema\/person\/b19f23f210db552768f68a4b552b004f"},"headline":"Parlamento espanhol rejeita mo\u00e7\u00e3o de censura contra Pedro S\u00e1nchez","datePublished":"2023-03-22T14:00:00+00:00","dateModified":"2023-03-22T14:00:20+00:00","mainEntityOfPage":{"@id":"https:\/\/pre.efe.com\/pt-br\/mundo-2\/2023-03-22\/parlamento-espanhol-rejeita-mocao-de-censura-contra-pedro-sanchez\/"},"wordCount":207,"publisher":{"@id":"https:\/\/pre.efe.com\/pt-br\/#organization"},"image":{"@id":"https:\/\/pre.efe.com\/pt-br\/mundo-2\/2023-03-22\/parlamento-espanhol-rejeita-mocao-de-censura-contra-pedro-sanchez\/#primaryimage"},"thumbnailUrl":"https:\/\/pre.efe.com\/wp-content\/uploads\/2023\/03\/rss-efe6e13681d43249a5a755f13f493ac338bcdfc25f8w.jpg","keywords":["Espanha","Governo","Politica"],"articleSection":["Mundo","Portada"],"inLanguage":"pt-BR","copyrightYear":"2023","copyrightHolder":{"@id":"https:\/\/pre.efe.com\/#organization"}},{"@type":["WebPage","ItemPage"],"@id":"https:\/\/pre.efe.com\/pt-br\/mundo-2\/2023-03-22\/parlamento-espanhol-rejeita-mocao-de-censura-contra-pedro-sanchez\/","url":"https:\/\/pre.efe.com\/pt-br\/mundo-2\/2023-03-22\/parlamento-espanhol-rejeita-mocao-de-censura-contra-pedro-sanchez\/","name":"Parlamento espanhol rejeita mo\u00e7\u00e3o de censura contra Pedro S\u00e1nchez - EFE","isPartOf":{"@id":"https:\/\/pre.efe.com\/pt-br\/#website"},"primaryImageOfPage":{"@id":"https:\/\/pre.efe.com\/pt-br\/mundo-2\/2023-03-22\/parlamento-espanhol-rejeita-mocao-de-censura-contra-pedro-sanchez\/#primaryimage"},"image":{"@id":"https:\/\/pre.efe.com\/pt-br\/mundo-2\/2023-03-22\/parlamento-espanhol-rejeita-mocao-de-censura-contra-pedro-sanchez\/#primaryimage"},"thumbnailUrl":"https:\/\/pre.efe.com\/wp-content\/uploads\/2023\/03\/rss-efe6e13681d43249a5a755f13f493ac338bcdfc25f8w.jpg","datePublished":"2023-03-22T14:00:00+00:00","dateModified":"2023-03-22T14:00:20+00:00","breadcrumb":{"@id":"https:\/\/pre.efe.com\/pt-br\/mundo-2\/2023-03-22\/parlamento-espanhol-rejeita-mocao-de-censura-contra-pedro-sanchez\/#breadcrumb"},"inLanguage":"pt-BR","potentialAction":[{"@type":"ReadAction","target":["https:\/\/pre.efe.com\/pt-br\/mundo-2\/2023-03-22\/parlamento-espanhol-rejeita-mocao-de-censura-contra-pedro-sanchez\/"]}]},{"@type":"ImageObject","inLanguage":"pt-BR","@id":"https:\/\/pre.efe.com\/pt-br\/mundo-2\/2023-03-22\/parlamento-espanhol-rejeita-mocao-de-censura-contra-pedro-sanchez\/#primaryimage","url":"https:\/\/pre.efe.com\/wp-content\/uploads\/2023\/03\/rss-efe6e13681d43249a5a755f13f493ac338bcdfc25f8w.jpg","contentUrl":"https:\/\/pre.efe.com\/wp-content\/uploads\/2023\/03\/rss-efe6e13681d43249a5a755f13f493ac338bcdfc25f8w.jpg","width":1920,"height":1280,"caption":"EFE\/ J.J. Guillen"},{"@type":"BreadcrumbList","@id":"https:\/\/pre.efe.com\/pt-br\/mundo-2\/2023-03-22\/parlamento-espanhol-rejeita-mocao-de-censura-contra-pedro-sanchez\/#breadcrumb","itemListElement":[{"@type":"ListItem","position":1,"name":"Portada","item":"https:\/\/pre.efe.com\/pt-br\/"},{"@type":"ListItem","position":2,"name":"Parlamento espanhol rejeita mo\u00e7\u00e3o de censura contra Pedro S\u00e1nchez"}]},{"@type":"WebSite","@id":"https:\/\/pre.efe.com\/pt-br\/#website","url":"https:\/\/pre.efe.com\/pt-br\/","name":"EFE Noticias","description":"","publisher":{"@id":"https:\/\/pre.efe.com\/pt-br\/#organization"},"potentialAction":[{"@type":"SearchAction","target":{"@type":"EntryPoint","urlTemplate":"https:\/\/pre.efe.com\/pt-br\/?s={search_term_string}"},"query-input":{"@type":"PropertyValueSpecification","valueRequired":true,"valueName":"search_term_string"}}],"inLanguage":"pt-BR"},{"@type":"Organization","@id":"https:\/\/pre.efe.com\/pt-br\/#organization","name":"Agencia EFE","url":"https:\/\/pre.efe.com\/pt-br\/","logo":{"@type":"ImageObject","inLanguage":"pt-BR","@id":"https:\/\/pre.efe.com\/pt-br\/#\/schema\/logo\/image\/","url":"https:\/\/pre.efe.com\/wp-content\/uploads\/2023\/06\/logo-efe-467.png","contentUrl":"https:\/\/pre.efe.com\/wp-content\/uploads\/2023\/06\/logo-efe-467.png","width":467,"height":467,"caption":"Agencia EFE"},"image":{"@id":"https:\/\/pre.efe.com\/pt-br\/#\/schema\/logo\/image\/"},"sameAs":["https:\/\/www.facebook.com\/AgenciaEFEnoticias\/","https:\/\/x.com\/efenoticias","https:\/\/www.instagram.com\/efe_noticias\/","http:\/\/www.youtube.com\/efe"]},{"@type":"Person","@id":"https:\/\/pre.efe.com\/pt-br\/#\/schema\/person\/b19f23f210db552768f68a4b552b004f","name":"anachain","image":{"@type":"ImageObject","inLanguage":"pt-BR","@id":"https:\/\/secure.gravatar.com\/avatar\/30b83965911ef1108bb893c00bdd65c885f9890e1265ee04b02c3d5adc785d37?s=96&d=identicon&r=g","url":"https:\/\/secure.gravatar.com\/avatar\/30b83965911ef1108bb893c00bdd65c885f9890e1265ee04b02c3d5adc785d37?s=96&d=identicon&r=g","contentUrl":"https:\/\/secure.gravatar.com\/avatar\/30b83965911ef1108bb893c00bdd65c885f9890e1265ee04b02c3d5adc785d37?s=96&d=identicon&r=g","caption":"anachain"},"url":"https:\/\/pre.efe.com\/pt-br\/autor\/anachain\/"}]}},"jetpack_featured_media_url":"https:\/\/pre.efe.com\/wp-content\/uploads\/2023\/03\/rss-efe6e13681d43249a5a755f13f493ac338bcdfc25f8w.jpg","jetpack_shortlink":"https:\/\/wp.me\/peJvHm-1ujy","jetpack_sharing_enabled":true,"_links":{"self":[{"href":"https:\/\/pre.efe.com\/pt-br\/wp-json\/wp\/v2\/posts\/354860","targetHints":{"allow":["GET"]}}],"collection":[{"href":"https:\/\/pre.efe.com\/pt-br\/wp-json\/wp\/v2\/posts"}],"about":[{"href":"https:\/\/pre.efe.com\/pt-br\/wp-json\/wp\/v2\/types\/post"}],"author":[{"embeddable":true,"href":"https:\/\/pre.efe.com\/pt-br\/wp-json\/wp\/v2\/users\/198164106"}],"replies":[{"embeddable":true,"href":"https:\/\/pre.efe.com\/pt-br\/wp-json\/wp\/v2\/comments?post=354860"}],"version-history":[{"count":2,"href":"https:\/\/pre.efe.com\/pt-br\/wp-json\/wp\/v2\/posts\/354860\/revisions"}],"predecessor-version":[{"id":354884,"href":"https:\/\/pre.efe.com\/pt-br\/wp-json\/wp\/v2\/posts\/354860\/revisions\/354884"}],"wp:featuredmedia":[{"embeddable":true,"href":"https:\/\/pre.efe.com\/pt-br\/wp-json\/wp\/v2\/media\/354757"}],"wp:attachment":[{"href":"https:\/\/pre.efe.com\/pt-br\/wp-json\/wp\/v2\/media?parent=354860"}],"wp:term":[{"taxonomy":"category","embeddable":true,"href":"https:\/\/pre.efe.com\/pt-br\/wp-json\/wp\/v2\/categories?post=354860"},{"taxonomy":"post_tag","embeddable":true,"href":"https:\/\/pre.efe.com\/pt-br\/wp-json\/wp\/v2\/tags?post=354860"}],"curies":[{"name":"wp","href":"https:\/\/api.w.org\/{rel}","templated":true}]}}