{"id":360023,"date":"2023-03-24T14:50:00","date_gmt":"2023-03-24T13:50:00","guid":{"rendered":"https:\/\/pre.efe.com\/?p=360023"},"modified":"2023-03-24T18:52:54","modified_gmt":"2023-03-24T17:52:54","slug":"franca-proibe-que-funcionarios-publicos-usem-tiktok-em-telefones-de-trabalho","status":"publish","type":"post","link":"https:\/\/pre.efe.com\/pt-br\/esportes\/2023-03-24\/franca-proibe-que-funcionarios-publicos-usem-tiktok-em-telefones-de-trabalho\/","title":{"rendered":"Fran\u00e7a pro\u00edbe que funcion\u00e1rios p\u00fablicos usem TikTok em telefones de trabalho"},"content":{"rendered":"\n<p>Paris (EFE).- O governo da Fran\u00e7a proibiu nesta sexta-feira que seus funcion\u00e1rios p\u00fablicos usem a plataforma chinesa TikTok e outros aplicativos &#8220;recreativos&#8221; em seus telefones de trabalho por raz\u00f5es de seguran\u00e7a, como j\u00e1 fizeram outros pa\u00edses e institui\u00e7\u00f5es da Europa.<\/p>\n\n\n\n<blockquote class=\"wp-block-quote is-layout-flow wp-block-quote-is-layout-flow\">\n<p>\u201cEstes aplicativos podem constituir um risco para a prote\u00e7\u00e3o de dados das administra\u00e7\u00f5es e dos seus agentes p\u00fablicos\u201d, explicou em comunicado o Minist\u00e9rio da Transforma\u00e7\u00e3o e Fun\u00e7\u00e3o P\u00fablica da Fran\u00e7a.<\/p>\n<\/blockquote>\n\n\n\n<p>Em termos pr\u00e1ticos, n\u00e3o ser\u00e1 poss\u00edvel baixar ou instalar aplicativos recreativos como a popular rede social chinesa nos telefones disponibilizados pelo governo aos seus funcion\u00e1rios.<\/p>\n\n\n\n<p>A raz\u00e3o \u00e9 que &#8220;n\u00e3o oferecem n\u00edveis suficientes de seguran\u00e7a cibern\u00e9tica e prote\u00e7\u00e3o de dados&#8221;.<\/p>\n\n\n\n<p>O minist\u00e9rio destacou que derroga\u00e7\u00f5es a essa proibi\u00e7\u00e3o podem ser concedidas &#8220;em car\u00e1ter excepcional&#8221; quando justificadas &#8220;por necessidades profissionais&#8221;, como a comunica\u00e7\u00e3o institucional.<\/p>\n\n\n\n<p>N\u00e3o est\u00e1 prevista qualquer san\u00e7\u00e3o espec\u00edfica para quem n\u00e3o respeitar esta nova regra, que dever\u00e1 ser fixada por cada departamento.<\/p>\n\n\n\n<p>A decis\u00e3o das autoridades francesas se segue \u00e0s tomadas por diferentes governos ocidentais e pela Comiss\u00e3o Europeia em resposta \u00e0s preocupa\u00e7\u00f5es suscitadas pela legisla\u00e7\u00e3o chinesa que obriga as empresas a transmitir dados pessoais quando consideram que \u00e9 justific\u00e1vel por raz\u00f5es de seguran\u00e7a nacional. EFE<\/p>\n","protected":false},"excerpt":{"rendered":"<p>Paris (EFE).- O governo da Fran\u00e7a proibiu nesta sexta-feira que seus funcion\u00e1rios p\u00fablicos usem a plataforma chinesa TikTok e outros aplicativos &#8220;recreativos&#8221; em seus telefones de trabalho por raz\u00f5es de seguran\u00e7a, como j\u00e1 fizeram outros pa\u00edses e institui\u00e7\u00f5es da Europa. \u201cEstes aplicativos podem constituir um risco para a prote\u00e7\u00e3o de dados das administra\u00e7\u00f5es e dos &#8230; <a title=\"Fran\u00e7a pro\u00edbe que funcion\u00e1rios p\u00fablicos usem TikTok em telefones de trabalho\" class=\"read-more\" href=\"https:\/\/pre.efe.com\/pt-br\/esportes\/2023-03-24\/franca-proibe-que-funcionarios-publicos-usem-tiktok-em-telefones-de-trabalho\/\" aria-label=\"Read more about Fran\u00e7a pro\u00edbe que funcion\u00e1rios p\u00fablicos usem TikTok em telefones de trabalho\">Leia mais<\/a><\/p>\n","protected":false},"author":198164106,"featured_media":295088,"comment_status":"closed","ping_status":"closed","sticky":false,"template":"","format":"standard","meta":{"_acf_changed":false,"_jetpack_memberships_contains_paid_content":false,"footnotes":""},"categories":[121968,122141],"tags":[125649,124137,122393],"class_list":["post-360023","post","type-post","status-publish","format-standard","has-post-thumbnail","hentry","category-esportes","category-portada","tag-china-2","tag-franca","tag-tecnologia","generate-columns","tablet-grid-50","mobile-grid-100","grid-parent","grid-50"],"acf":[],"yoast_head":"<!-- This site is optimized with the Yoast SEO Premium plugin v26.0 (Yoast SEO v27.4) - https:\/\/yoast.com\/product\/yoast-seo-premium-wordpress\/ -->\n<title>Fran\u00e7a pro\u00edbe que funcion\u00e1rios p\u00fablicos usem TikTok em telefones de trabalho - EFE<\/title>\n<meta name=\"robots\" content=\"noindex, follow\" \/>\n<meta property=\"og:locale\" content=\"pt_BR\" \/>\n<meta property=\"og:type\" content=\"article\" \/>\n<meta property=\"og:title\" content=\"Fran\u00e7a pro\u00edbe que funcion\u00e1rios p\u00fablicos usem TikTok em telefones de trabalho - EFE\" \/>\n<meta property=\"og:description\" content=\"Paris (EFE).- O governo da Fran\u00e7a proibiu nesta sexta-feira que seus funcion\u00e1rios p\u00fablicos usem a plataforma chinesa TikTok e outros aplicativos &#8220;recreativos&#8221; em seus telefones de trabalho por raz\u00f5es de seguran\u00e7a, como j\u00e1 fizeram outros pa\u00edses e institui\u00e7\u00f5es da Europa. \u201cEstes aplicativos podem constituir um risco para a prote\u00e7\u00e3o de dados das administra\u00e7\u00f5es e dos ... Leia mais\" \/>\n<meta property=\"og:url\" content=\"https:\/\/pre.efe.com\/pt-br\/esportes\/2023-03-24\/franca-proibe-que-funcionarios-publicos-usem-tiktok-em-telefones-de-trabalho\/\" \/>\n<meta property=\"og:site_name\" content=\"EFE Noticias\" \/>\n<meta property=\"article:publisher\" content=\"https:\/\/www.facebook.com\/AgenciaEFEnoticias\/\" \/>\n<meta property=\"article:published_time\" content=\"2023-03-24T13:50:00+00:00\" \/>\n<meta property=\"article:modified_time\" content=\"2023-03-24T17:52:54+00:00\" \/>\n<meta property=\"og:image\" content=\"https:\/\/i0.wp.com\/efe.com\/\/srv\/htdocs\/wp-content\/uploads\/2023\/02\/tiktok.jpg?fit=1920%2C1280&ssl=1\" \/>\n\t<meta property=\"og:image:width\" content=\"1920\" \/>\n\t<meta property=\"og:image:height\" content=\"1280\" \/>\n\t<meta property=\"og:image:type\" content=\"image\/jpeg\" \/>\n<meta name=\"author\" content=\"anachain\" \/>\n<meta name=\"twitter:card\" content=\"summary_large_image\" \/>\n<meta name=\"twitter:creator\" content=\"@efenoticias\" \/>\n<meta name=\"twitter:site\" content=\"@efenoticias\" \/>\n<script type=\"application\/ld+json\" class=\"yoast-schema-graph\">{\"@context\":\"https:\\\/\\\/schema.org\",\"@graph\":[{\"@type\":\"NewsArticle\",\"@id\":\"https:\\\/\\\/pre.efe.com\\\/pt-br\\\/esportes\\\/2023-03-24\\\/franca-proibe-que-funcionarios-publicos-usem-tiktok-em-telefones-de-trabalho\\\/#article\",\"isPartOf\":{\"@id\":\"https:\\\/\\\/pre.efe.com\\\/pt-br\\\/esportes\\\/2023-03-24\\\/franca-proibe-que-funcionarios-publicos-usem-tiktok-em-telefones-de-trabalho\\\/\"},\"author\":{\"name\":\"anachain\",\"@id\":\"https:\\\/\\\/pre.efe.com\\\/pt-br\\\/#\\\/schema\\\/person\\\/b19f23f210db552768f68a4b552b004f\"},\"headline\":\"Fran\u00e7a pro\u00edbe que funcion\u00e1rios p\u00fablicos usem TikTok em telefones de trabalho\",\"datePublished\":\"2023-03-24T13:50:00+00:00\",\"dateModified\":\"2023-03-24T17:52:54+00:00\",\"mainEntityOfPage\":{\"@id\":\"https:\\\/\\\/pre.efe.com\\\/pt-br\\\/esportes\\\/2023-03-24\\\/franca-proibe-que-funcionarios-publicos-usem-tiktok-em-telefones-de-trabalho\\\/\"},\"wordCount\":252,\"publisher\":{\"@id\":\"https:\\\/\\\/pre.efe.com\\\/pt-br\\\/#organization\"},\"image\":{\"@id\":\"https:\\\/\\\/pre.efe.com\\\/pt-br\\\/esportes\\\/2023-03-24\\\/franca-proibe-que-funcionarios-publicos-usem-tiktok-em-telefones-de-trabalho\\\/#primaryimage\"},\"thumbnailUrl\":\"https:\\\/\\\/pre.efe.com\\\/wp-content\\\/uploads\\\/2023\\\/02\\\/tiktok.jpg\",\"keywords\":[\"China\",\"Fran\u00e7a\",\"Tecnologia\"],\"articleSection\":[\"Esportes\",\"Portada\"],\"inLanguage\":\"pt-BR\",\"copyrightYear\":\"2023\",\"copyrightHolder\":{\"@id\":\"https:\\\/\\\/pre.efe.com\\\/#organization\"}},{\"@type\":[\"WebPage\",\"ItemPage\"],\"@id\":\"https:\\\/\\\/pre.efe.com\\\/pt-br\\\/esportes\\\/2023-03-24\\\/franca-proibe-que-funcionarios-publicos-usem-tiktok-em-telefones-de-trabalho\\\/\",\"url\":\"https:\\\/\\\/pre.efe.com\\\/pt-br\\\/esportes\\\/2023-03-24\\\/franca-proibe-que-funcionarios-publicos-usem-tiktok-em-telefones-de-trabalho\\\/\",\"name\":\"Fran\u00e7a pro\u00edbe que funcion\u00e1rios p\u00fablicos usem TikTok em telefones de trabalho - EFE\",\"isPartOf\":{\"@id\":\"https:\\\/\\\/pre.efe.com\\\/pt-br\\\/#website\"},\"primaryImageOfPage\":{\"@id\":\"https:\\\/\\\/pre.efe.com\\\/pt-br\\\/esportes\\\/2023-03-24\\\/franca-proibe-que-funcionarios-publicos-usem-tiktok-em-telefones-de-trabalho\\\/#primaryimage\"},\"image\":{\"@id\":\"https:\\\/\\\/pre.efe.com\\\/pt-br\\\/esportes\\\/2023-03-24\\\/franca-proibe-que-funcionarios-publicos-usem-tiktok-em-telefones-de-trabalho\\\/#primaryimage\"},\"thumbnailUrl\":\"https:\\\/\\\/pre.efe.com\\\/wp-content\\\/uploads\\\/2023\\\/02\\\/tiktok.jpg\",\"datePublished\":\"2023-03-24T13:50:00+00:00\",\"dateModified\":\"2023-03-24T17:52:54+00:00\",\"breadcrumb\":{\"@id\":\"https:\\\/\\\/pre.efe.com\\\/pt-br\\\/esportes\\\/2023-03-24\\\/franca-proibe-que-funcionarios-publicos-usem-tiktok-em-telefones-de-trabalho\\\/#breadcrumb\"},\"inLanguage\":\"pt-BR\",\"potentialAction\":[{\"@type\":\"ReadAction\",\"target\":[\"https:\\\/\\\/pre.efe.com\\\/pt-br\\\/esportes\\\/2023-03-24\\\/franca-proibe-que-funcionarios-publicos-usem-tiktok-em-telefones-de-trabalho\\\/\"]}]},{\"@type\":\"ImageObject\",\"inLanguage\":\"pt-BR\",\"@id\":\"https:\\\/\\\/pre.efe.com\\\/pt-br\\\/esportes\\\/2023-03-24\\\/franca-proibe-que-funcionarios-publicos-usem-tiktok-em-telefones-de-trabalho\\\/#primaryimage\",\"url\":\"https:\\\/\\\/pre.efe.com\\\/wp-content\\\/uploads\\\/2023\\\/02\\\/tiktok.jpg\",\"contentUrl\":\"https:\\\/\\\/pre.efe.com\\\/wp-content\\\/uploads\\\/2023\\\/02\\\/tiktok.jpg\",\"width\":1920,\"height\":1280,\"caption\":\"EFE\\\/Arquivo\"},{\"@type\":\"BreadcrumbList\",\"@id\":\"https:\\\/\\\/pre.efe.com\\\/pt-br\\\/esportes\\\/2023-03-24\\\/franca-proibe-que-funcionarios-publicos-usem-tiktok-em-telefones-de-trabalho\\\/#breadcrumb\",\"itemListElement\":[{\"@type\":\"ListItem\",\"position\":1,\"name\":\"Portada\",\"item\":\"https:\\\/\\\/pre.efe.com\\\/pt-br\\\/\"},{\"@type\":\"ListItem\",\"position\":2,\"name\":\"Fran\u00e7a pro\u00edbe que funcion\u00e1rios p\u00fablicos usem TikTok em telefones de trabalho\"}]},{\"@type\":\"WebSite\",\"@id\":\"https:\\\/\\\/pre.efe.com\\\/pt-br\\\/#website\",\"url\":\"https:\\\/\\\/pre.efe.com\\\/pt-br\\\/\",\"name\":\"EFE Noticias\",\"description\":\"\",\"publisher\":{\"@id\":\"https:\\\/\\\/pre.efe.com\\\/pt-br\\\/#organization\"},\"potentialAction\":[{\"@type\":\"SearchAction\",\"target\":{\"@type\":\"EntryPoint\",\"urlTemplate\":\"https:\\\/\\\/pre.efe.com\\\/pt-br\\\/?s={search_term_string}\"},\"query-input\":{\"@type\":\"PropertyValueSpecification\",\"valueRequired\":true,\"valueName\":\"search_term_string\"}}],\"inLanguage\":\"pt-BR\"},{\"@type\":\"Organization\",\"@id\":\"https:\\\/\\\/pre.efe.com\\\/pt-br\\\/#organization\",\"name\":\"Agencia EFE\",\"url\":\"https:\\\/\\\/pre.efe.com\\\/pt-br\\\/\",\"logo\":{\"@type\":\"ImageObject\",\"inLanguage\":\"pt-BR\",\"@id\":\"https:\\\/\\\/pre.efe.com\\\/pt-br\\\/#\\\/schema\\\/logo\\\/image\\\/\",\"url\":\"https:\\\/\\\/pre.efe.com\\\/wp-content\\\/uploads\\\/2023\\\/06\\\/logo-efe-467.png\",\"contentUrl\":\"https:\\\/\\\/pre.efe.com\\\/wp-content\\\/uploads\\\/2023\\\/06\\\/logo-efe-467.png\",\"width\":467,\"height\":467,\"caption\":\"Agencia EFE\"},\"image\":{\"@id\":\"https:\\\/\\\/pre.efe.com\\\/pt-br\\\/#\\\/schema\\\/logo\\\/image\\\/\"},\"sameAs\":[\"https:\\\/\\\/www.facebook.com\\\/AgenciaEFEnoticias\\\/\",\"https:\\\/\\\/x.com\\\/efenoticias\",\"https:\\\/\\\/www.instagram.com\\\/efe_noticias\\\/\",\"http:\\\/\\\/www.youtube.com\\\/efe\"]},{\"@type\":\"Person\",\"@id\":\"https:\\\/\\\/pre.efe.com\\\/pt-br\\\/#\\\/schema\\\/person\\\/b19f23f210db552768f68a4b552b004f\",\"name\":\"anachain\",\"image\":{\"@type\":\"ImageObject\",\"inLanguage\":\"pt-BR\",\"@id\":\"https:\\\/\\\/secure.gravatar.com\\\/avatar\\\/30b83965911ef1108bb893c00bdd65c885f9890e1265ee04b02c3d5adc785d37?s=96&d=identicon&r=g\",\"url\":\"https:\\\/\\\/secure.gravatar.com\\\/avatar\\\/30b83965911ef1108bb893c00bdd65c885f9890e1265ee04b02c3d5adc785d37?s=96&d=identicon&r=g\",\"contentUrl\":\"https:\\\/\\\/secure.gravatar.com\\\/avatar\\\/30b83965911ef1108bb893c00bdd65c885f9890e1265ee04b02c3d5adc785d37?s=96&d=identicon&r=g\",\"caption\":\"anachain\"},\"url\":\"https:\\\/\\\/pre.efe.com\\\/pt-br\\\/autor\\\/anachain\\\/\"}]}<\/script>\n<!-- \/ Yoast SEO Premium plugin. -->","yoast_head_json":{"title":"Fran\u00e7a pro\u00edbe que funcion\u00e1rios p\u00fablicos usem TikTok em telefones de trabalho - EFE","robots":{"index":"noindex","follow":"follow"},"og_locale":"pt_BR","og_type":"article","og_title":"Fran\u00e7a pro\u00edbe que funcion\u00e1rios p\u00fablicos usem TikTok em telefones de trabalho - EFE","og_description":"Paris (EFE).- O governo da Fran\u00e7a proibiu nesta sexta-feira que seus funcion\u00e1rios p\u00fablicos usem a plataforma chinesa TikTok e outros aplicativos &#8220;recreativos&#8221; em seus telefones de trabalho por raz\u00f5es de seguran\u00e7a, como j\u00e1 fizeram outros pa\u00edses e institui\u00e7\u00f5es da Europa. \u201cEstes aplicativos podem constituir um risco para a prote\u00e7\u00e3o de dados das administra\u00e7\u00f5es e dos ... Leia mais","og_url":"https:\/\/pre.efe.com\/pt-br\/esportes\/2023-03-24\/franca-proibe-que-funcionarios-publicos-usem-tiktok-em-telefones-de-trabalho\/","og_site_name":"EFE Noticias","article_publisher":"https:\/\/www.facebook.com\/AgenciaEFEnoticias\/","article_published_time":"2023-03-24T13:50:00+00:00","article_modified_time":"2023-03-24T17:52:54+00:00","og_image":[{"width":1920,"height":1280,"url":"https:\/\/i0.wp.com\/efe.com\/\/srv\/htdocs\/wp-content\/uploads\/2023\/02\/tiktok.jpg?fit=1920%2C1280&ssl=1","type":"image\/jpeg"}],"author":"anachain","twitter_card":"summary_large_image","twitter_creator":"@efenoticias","twitter_site":"@efenoticias","schema":{"@context":"https:\/\/schema.org","@graph":[{"@type":"NewsArticle","@id":"https:\/\/pre.efe.com\/pt-br\/esportes\/2023-03-24\/franca-proibe-que-funcionarios-publicos-usem-tiktok-em-telefones-de-trabalho\/#article","isPartOf":{"@id":"https:\/\/pre.efe.com\/pt-br\/esportes\/2023-03-24\/franca-proibe-que-funcionarios-publicos-usem-tiktok-em-telefones-de-trabalho\/"},"author":{"name":"anachain","@id":"https:\/\/pre.efe.com\/pt-br\/#\/schema\/person\/b19f23f210db552768f68a4b552b004f"},"headline":"Fran\u00e7a pro\u00edbe que funcion\u00e1rios p\u00fablicos usem TikTok em telefones de trabalho","datePublished":"2023-03-24T13:50:00+00:00","dateModified":"2023-03-24T17:52:54+00:00","mainEntityOfPage":{"@id":"https:\/\/pre.efe.com\/pt-br\/esportes\/2023-03-24\/franca-proibe-que-funcionarios-publicos-usem-tiktok-em-telefones-de-trabalho\/"},"wordCount":252,"publisher":{"@id":"https:\/\/pre.efe.com\/pt-br\/#organization"},"image":{"@id":"https:\/\/pre.efe.com\/pt-br\/esportes\/2023-03-24\/franca-proibe-que-funcionarios-publicos-usem-tiktok-em-telefones-de-trabalho\/#primaryimage"},"thumbnailUrl":"https:\/\/pre.efe.com\/wp-content\/uploads\/2023\/02\/tiktok.jpg","keywords":["China","Fran\u00e7a","Tecnologia"],"articleSection":["Esportes","Portada"],"inLanguage":"pt-BR","copyrightYear":"2023","copyrightHolder":{"@id":"https:\/\/pre.efe.com\/#organization"}},{"@type":["WebPage","ItemPage"],"@id":"https:\/\/pre.efe.com\/pt-br\/esportes\/2023-03-24\/franca-proibe-que-funcionarios-publicos-usem-tiktok-em-telefones-de-trabalho\/","url":"https:\/\/pre.efe.com\/pt-br\/esportes\/2023-03-24\/franca-proibe-que-funcionarios-publicos-usem-tiktok-em-telefones-de-trabalho\/","name":"Fran\u00e7a pro\u00edbe que funcion\u00e1rios p\u00fablicos usem TikTok em telefones de trabalho - EFE","isPartOf":{"@id":"https:\/\/pre.efe.com\/pt-br\/#website"},"primaryImageOfPage":{"@id":"https:\/\/pre.efe.com\/pt-br\/esportes\/2023-03-24\/franca-proibe-que-funcionarios-publicos-usem-tiktok-em-telefones-de-trabalho\/#primaryimage"},"image":{"@id":"https:\/\/pre.efe.com\/pt-br\/esportes\/2023-03-24\/franca-proibe-que-funcionarios-publicos-usem-tiktok-em-telefones-de-trabalho\/#primaryimage"},"thumbnailUrl":"https:\/\/pre.efe.com\/wp-content\/uploads\/2023\/02\/tiktok.jpg","datePublished":"2023-03-24T13:50:00+00:00","dateModified":"2023-03-24T17:52:54+00:00","breadcrumb":{"@id":"https:\/\/pre.efe.com\/pt-br\/esportes\/2023-03-24\/franca-proibe-que-funcionarios-publicos-usem-tiktok-em-telefones-de-trabalho\/#breadcrumb"},"inLanguage":"pt-BR","potentialAction":[{"@type":"ReadAction","target":["https:\/\/pre.efe.com\/pt-br\/esportes\/2023-03-24\/franca-proibe-que-funcionarios-publicos-usem-tiktok-em-telefones-de-trabalho\/"]}]},{"@type":"ImageObject","inLanguage":"pt-BR","@id":"https:\/\/pre.efe.com\/pt-br\/esportes\/2023-03-24\/franca-proibe-que-funcionarios-publicos-usem-tiktok-em-telefones-de-trabalho\/#primaryimage","url":"https:\/\/pre.efe.com\/wp-content\/uploads\/2023\/02\/tiktok.jpg","contentUrl":"https:\/\/pre.efe.com\/wp-content\/uploads\/2023\/02\/tiktok.jpg","width":1920,"height":1280,"caption":"EFE\/Arquivo"},{"@type":"BreadcrumbList","@id":"https:\/\/pre.efe.com\/pt-br\/esportes\/2023-03-24\/franca-proibe-que-funcionarios-publicos-usem-tiktok-em-telefones-de-trabalho\/#breadcrumb","itemListElement":[{"@type":"ListItem","position":1,"name":"Portada","item":"https:\/\/pre.efe.com\/pt-br\/"},{"@type":"ListItem","position":2,"name":"Fran\u00e7a pro\u00edbe que funcion\u00e1rios p\u00fablicos usem TikTok em telefones de trabalho"}]},{"@type":"WebSite","@id":"https:\/\/pre.efe.com\/pt-br\/#website","url":"https:\/\/pre.efe.com\/pt-br\/","name":"EFE Noticias","description":"","publisher":{"@id":"https:\/\/pre.efe.com\/pt-br\/#organization"},"potentialAction":[{"@type":"SearchAction","target":{"@type":"EntryPoint","urlTemplate":"https:\/\/pre.efe.com\/pt-br\/?s={search_term_string}"},"query-input":{"@type":"PropertyValueSpecification","valueRequired":true,"valueName":"search_term_string"}}],"inLanguage":"pt-BR"},{"@type":"Organization","@id":"https:\/\/pre.efe.com\/pt-br\/#organization","name":"Agencia EFE","url":"https:\/\/pre.efe.com\/pt-br\/","logo":{"@type":"ImageObject","inLanguage":"pt-BR","@id":"https:\/\/pre.efe.com\/pt-br\/#\/schema\/logo\/image\/","url":"https:\/\/pre.efe.com\/wp-content\/uploads\/2023\/06\/logo-efe-467.png","contentUrl":"https:\/\/pre.efe.com\/wp-content\/uploads\/2023\/06\/logo-efe-467.png","width":467,"height":467,"caption":"Agencia EFE"},"image":{"@id":"https:\/\/pre.efe.com\/pt-br\/#\/schema\/logo\/image\/"},"sameAs":["https:\/\/www.facebook.com\/AgenciaEFEnoticias\/","https:\/\/x.com\/efenoticias","https:\/\/www.instagram.com\/efe_noticias\/","http:\/\/www.youtube.com\/efe"]},{"@type":"Person","@id":"https:\/\/pre.efe.com\/pt-br\/#\/schema\/person\/b19f23f210db552768f68a4b552b004f","name":"anachain","image":{"@type":"ImageObject","inLanguage":"pt-BR","@id":"https:\/\/secure.gravatar.com\/avatar\/30b83965911ef1108bb893c00bdd65c885f9890e1265ee04b02c3d5adc785d37?s=96&d=identicon&r=g","url":"https:\/\/secure.gravatar.com\/avatar\/30b83965911ef1108bb893c00bdd65c885f9890e1265ee04b02c3d5adc785d37?s=96&d=identicon&r=g","contentUrl":"https:\/\/secure.gravatar.com\/avatar\/30b83965911ef1108bb893c00bdd65c885f9890e1265ee04b02c3d5adc785d37?s=96&d=identicon&r=g","caption":"anachain"},"url":"https:\/\/pre.efe.com\/pt-br\/autor\/anachain\/"}]}},"jetpack_featured_media_url":"https:\/\/pre.efe.com\/wp-content\/uploads\/2023\/02\/tiktok.jpg","jetpack_shortlink":"https:\/\/wp.me\/peJvHm-1vEP","jetpack_sharing_enabled":true,"_links":{"self":[{"href":"https:\/\/pre.efe.com\/pt-br\/wp-json\/wp\/v2\/posts\/360023","targetHints":{"allow":["GET"]}}],"collection":[{"href":"https:\/\/pre.efe.com\/pt-br\/wp-json\/wp\/v2\/posts"}],"about":[{"href":"https:\/\/pre.efe.com\/pt-br\/wp-json\/wp\/v2\/types\/post"}],"author":[{"embeddable":true,"href":"https:\/\/pre.efe.com\/pt-br\/wp-json\/wp\/v2\/users\/198164106"}],"replies":[{"embeddable":true,"href":"https:\/\/pre.efe.com\/pt-br\/wp-json\/wp\/v2\/comments?post=360023"}],"version-history":[{"count":2,"href":"https:\/\/pre.efe.com\/pt-br\/wp-json\/wp\/v2\/posts\/360023\/revisions"}],"predecessor-version":[{"id":360029,"href":"https:\/\/pre.efe.com\/pt-br\/wp-json\/wp\/v2\/posts\/360023\/revisions\/360029"}],"wp:featuredmedia":[{"embeddable":true,"href":"https:\/\/pre.efe.com\/pt-br\/wp-json\/wp\/v2\/media\/295088"}],"wp:attachment":[{"href":"https:\/\/pre.efe.com\/pt-br\/wp-json\/wp\/v2\/media?parent=360023"}],"wp:term":[{"taxonomy":"category","embeddable":true,"href":"https:\/\/pre.efe.com\/pt-br\/wp-json\/wp\/v2\/categories?post=360023"},{"taxonomy":"post_tag","embeddable":true,"href":"https:\/\/pre.efe.com\/pt-br\/wp-json\/wp\/v2\/tags?post=360023"}],"curies":[{"name":"wp","href":"https:\/\/api.w.org\/{rel}","templated":true}]}}